{"id":52418,"date":"2023-07-10T15:53:12","date_gmt":"2023-07-10T22:53:12","guid":{"rendered":"https:\/\/fuentesfidedignas.com.mx\/?p=52418"},"modified":"2023-07-10T16:05:42","modified_gmt":"2023-07-10T23:05:42","slug":"anuncia-uas-ampliacion-de-matricula-490-espacios-mas-para-medicina-y-odontologia","status":"publish","type":"post","link":"https:\/\/fuentesfidedignas.com.mx\/index.php\/2023\/07\/10\/anuncia-uas-ampliacion-de-matricula-490-espacios-mas-para-medicina-y-odontologia\/","title":{"rendered":"Anuncia UAS ampliaci\u00f3n de matr\u00edcula; 490 espacios m\u00e1s para Medicina y Odontolog\u00eda"},"content":{"rendered":"\n<p><strong><em>La extensi\u00f3n de Medicina en Los Mochis se ampl\u00edan 60 lugares para llegar a 160 aceptados<\/em><\/strong><\/p>\n\n\n\n<p>Culiac\u00e1n, Sin.- Con base a la responsabilidad social que tiene la Universidad Aut\u00f3noma de Sinaloa (UAS) y derivado del compromiso con el Presidente de la Rep\u00fablica, Andr\u00e9s Manuel L\u00f3pez Obrador, con el Subsecretario de Educaci\u00f3n Superior, Luciano Concheiro B\u00f3rquez y la directora general de Educaci\u00f3n Superior Universitaria e Intercultural, Carmen Rodr\u00edguez Armenta, el Rector Jes\u00fas Madue\u00f1a Molina anunci\u00f3 la ampliaci\u00f3n de la matr\u00edcula de nuevo ingreso para el Ciclo Escolar 2023-2024.<\/p>\n\n\n\n<p>\u201c<strong>Con esto estamos cumpliendo el compromiso de ser una Universidad que le abre las puertas a los j\u00f3venes, una Universidad que hace el esfuerzo de recibir a miles y miles en cada uno de sus campus, en cada uno de sus espacios y el d\u00eda de hoy estamos comprometiendo 490 nuevos espacios para Medicina y Odontolog\u00eda<\/strong>\u201d, expres\u00f3 el Rector al precisar que este d\u00eda les llegar\u00eda a los j\u00f3venes el mensaje al correo y celular de aceptados para que accedan a la plataforma e inicien su proceso de inscripci\u00f3n.<\/p>\n\n\n\n<p>En su car\u00e1cter de Presidente de la Comisi\u00f3n Institucional de Admisi\u00f3n, detall\u00f3 que la Universidad recibi\u00f3 al 100 por ciento de aspirantes que hicieron examen diagn\u00f3stico y de admisi\u00f3n en el nivel medio superior y superior con excepci\u00f3n de estas dos carreras, pero despu\u00e9s de un an\u00e1lisis se decidi\u00f3 ampliar el n\u00famero de j\u00f3venes que van a ser recibidos de manera normal en estas licenciaturas.<\/p>\n\n\n\n<p>\u201c<strong>Hemos hecho el estudio, hemos revisado nuestra capacidad y hemos tomado la decisi\u00f3n de que la sede en Culiac\u00e1n que hab\u00eda recibido 400 j\u00f3venes hoy estar\u00eda recibiendo 250 j\u00f3venes m\u00e1s, para hacer la suma de 650 j\u00f3venes<\/strong>\u201d, dijo, mientras que en la extensi\u00f3n de Medicina en Los Mochis se ampl\u00edan 60 lugares para llegar a 160 aceptados; en Guasave hab\u00eda 100 aceptados, se dar\u00e1n 50 m\u00e1s y en Mazatl\u00e1n se ampl\u00edan 70 lugares para sumarse a los 100 que ya se ten\u00edan, mientras que en Odontolog\u00eda se suman 60 lugares m\u00e1s a los 350 ya aceptados.<\/p>\n\n\n\n<p>Especific\u00f3 que en el Grupo A de Medicina se han registrado mil 503 j\u00f3venes y en el Grupo A de Odontolog\u00eda 212.<\/p>\n\n\n\n<p>Adicionalmente cumpliendo con el compromiso de que todo joven que no tuvo ficha y quisiera estudiar una carrera o la preparatoria se acercara a las unidades acad\u00e9micas a registrarse precis\u00f3 que se est\u00e1n otorgando 821 nuevas fichas de nivel medio superior y 2 mil 100 para el nivel superior en las diferentes carreras.<\/p>\n\n\n\n<p>Indic\u00f3 que las escuelas y facultades mantendr\u00e1n la disposici\u00f3n para tomar en cuenta si alg\u00fan joven a\u00fan est\u00e1 con la inquietud de estudiar en alguna carrera o preparatoria y no tiene ficha se mantengan las puertas abiertas para tomar una decisi\u00f3n al regreso de vacaciones.<\/p>\n\n\n\n<p>\u201c<strong>Recuerden que la Universidad es del pueblo, nos debemos al pueblo y para el pueblo trabajamos por eso es que estamos con las puertas abiertas para seguir recibiendo a los j\u00f3venes<\/strong>\u201d, manifest\u00f3.<\/p>\n\n\n\n<p>El Rector llam\u00f3 a los j\u00f3venes que ya fueron aceptados con anterioridad a que culminen su inscripci\u00f3n para que aseguren el espacio en su escuela, ya que tanto ellos como los que hoy ser\u00e1n notificados tienen hasta este viernes 14 de julio para hacerlo de lo contrario regresando de vacaciones ser\u00e1 dado de baja su registro.<\/p>\n\n\n\n<p>Por \u00faltimo el Rector se\u00f1al\u00f3 que todos los d\u00edas se estar\u00e1 informando del proceso legal que hay en su contra y en contra de los integrantes del Comit\u00e9 de Adquisiciones, y que se continuar\u00e1 trabajando en equipo y en unidad y as\u00ed como el pasado s\u00e1bado m\u00e1s de 24 mil universitarios salieron a los cruceros a informar a la sociedad sobre la persecuci\u00f3n pol\u00edtica se seguir\u00e1 con las acciones en la defensa de la Autonom\u00eda Universitaria en esta lucha por la Universidad P\u00fablica y en defensa de la Universidad que merece Sinaloa.<\/p>\n","protected":false},"excerpt":{"rendered":"<p>La extensi\u00f3n de Medicina en Los Mochis se ampl\u00edan 60 lugares para llegar a 160 aceptados Culiac\u00e1n, Sin.- Con base a la responsabilidad social que tiene la Universidad Aut\u00f3noma de Sinaloa (UAS) y derivado del compromiso con el Presidente de la Rep\u00fablica, Andr\u00e9s Manuel L\u00f3pez Obrador, con el Subsecretario de Educaci\u00f3n Superior, Luciano Concheiro B\u00f3rquez [&hellip;]<\/p>\n","protected":false},"author":4,"featured_media":52420,"comment_status":"open","ping_status":"open","sticky":false,"template":"","format":"standard","meta":{"tdm_status":"","tdm_grid_status":"","footnotes":""},"categories":[37,1],"tags":[],"class_list":{"0":"post-52418","1":"post","2":"type-post","3":"status-publish","4":"format-standard","5":"has-post-thumbnail","7":"category-nota-principal","8":"category-sin-categoria"},"yoast_head":"<!-- This site is optimized with the Yoast SEO plugin v27.4 - https:\/\/yoast.com\/product\/yoast-seo-wordpress\/ -->\n<title>Anuncia UAS ampliaci\u00f3n de matr\u00edcula; 490 espacios m\u00e1s para Medicina y Odontolog\u00eda - Fuentes Fidedignas<\/title>\n<meta name=\"robots\" content=\"index, follow, max-snippet:-1, max-image-preview:large, max-video-preview:-1\" \/>\n<link rel=\"canonical\" href=\"https:\/\/fuentesfidedignas.com.mx\/index.php\/2023\/07\/10\/anuncia-uas-ampliacion-de-matricula-490-espacios-mas-medicina-y-odontologia\/\" \/>\n<meta property=\"og:locale\" content=\"es_MX\" \/>\n<meta property=\"og:type\" content=\"article\" \/>\n<meta property=\"og:title\" content=\"Anuncia UAS ampliaci\u00f3n de matr\u00edcula; 490 espacios m\u00e1s para Medicina y Odontolog\u00eda - Fuentes Fidedignas\" \/>\n<meta property=\"og:description\" content=\"La extensi\u00f3n de Medicina en Los Mochis se ampl\u00edan 60 lugares para llegar a 160 aceptados Culiac\u00e1n, Sin.- Con base a la responsabilidad social que tiene la Universidad Aut\u00f3noma de Sinaloa (UAS) y derivado del compromiso con el Presidente de la Rep\u00fablica, Andr\u00e9s Manuel L\u00f3pez Obrador, con el Subsecretario de Educaci\u00f3n Superior, Luciano Concheiro B\u00f3rquez [&hellip;]\" \/>\n<meta property=\"og:url\" content=\"https:\/\/fuentesfidedignas.com.mx\/index.php\/2023\/07\/10\/anuncia-uas-ampliacion-de-matricula-490-espacios-mas-medicina-y-odontologia\/\" \/>\n<meta property=\"og:site_name\" content=\"Fuentes Fidedignas\" \/>\n<meta property=\"article:publisher\" content=\"https:\/\/www.facebook.com\/Fuentes-Fidedignas-368234489921644\" \/>\n<meta property=\"article:published_time\" content=\"2023-07-10T22:53:12+00:00\" \/>\n<meta property=\"article:modified_time\" content=\"2023-07-10T23:05:42+00:00\" \/>\n<meta property=\"og:image\" content=\"https:\/\/fuentesfidedignas.com.mx\/wp-content\/uploads\/2023\/07\/RECTOR-MATRICULA-3.jpeg\" \/>\n\t<meta property=\"og:image:width\" content=\"768\" \/>\n\t<meta property=\"og:image:height\" content=\"511\" \/>\n\t<meta property=\"og:image:type\" content=\"image\/jpeg\" \/>\n<meta name=\"author\" content=\"Redacci\u00f3n\" \/>\n<meta name=\"twitter:card\" content=\"summary_large_image\" \/>\n<meta name=\"twitter:creator\" content=\"@fidedignas\" \/>\n<meta name=\"twitter:site\" content=\"@fidedignas\" \/>\n<meta name=\"twitter:label1\" content=\"Escrito por\" \/>\n\t<meta name=\"twitter:data1\" content=\"Redacci\u00f3n\" \/>\n\t<meta name=\"twitter:label2\" content=\"Tiempo de lectura\" \/>\n\t<meta name=\"twitter:data2\" content=\"3 minutos\" \/>\n<script type=\"application\/ld+json\" class=\"yoast-schema-graph\">{\"@context\":\"https:\\\/\\\/schema.org\",\"@graph\":[{\"@type\":\"Article\",\"@id\":\"https:\\\/\\\/fuentesfidedignas.com.mx\\\/index.php\\\/2023\\\/07\\\/10\\\/anuncia-uas-ampliacion-de-matricula-490-espacios-mas-medicina-y-odontologia\\\/#article\",\"isPartOf\":{\"@id\":\"https:\\\/\\\/fuentesfidedignas.com.mx\\\/index.php\\\/2023\\\/07\\\/10\\\/anuncia-uas-ampliacion-de-matricula-490-espacios-mas-medicina-y-odontologia\\\/\"},\"author\":{\"name\":\"Redacci\u00f3n\",\"@id\":\"https:\\\/\\\/fuentesfidedignas.com.mx\\\/#\\\/schema\\\/person\\\/331be9283d37198e2acd5750279085b0\"},\"headline\":\"Anuncia UAS ampliaci\u00f3n de matr\u00edcula; 490 espacios m\u00e1s para Medicina y Odontolog\u00eda\",\"datePublished\":\"2023-07-10T22:53:12+00:00\",\"dateModified\":\"2023-07-10T23:05:42+00:00\",\"mainEntityOfPage\":{\"@id\":\"https:\\\/\\\/fuentesfidedignas.com.mx\\\/index.php\\\/2023\\\/07\\\/10\\\/anuncia-uas-ampliacion-de-matricula-490-espacios-mas-medicina-y-odontologia\\\/\"},\"wordCount\":702,\"commentCount\":0,\"publisher\":{\"@id\":\"https:\\\/\\\/fuentesfidedignas.com.mx\\\/#organization\"},\"image\":{\"@id\":\"https:\\\/\\\/fuentesfidedignas.com.mx\\\/index.php\\\/2023\\\/07\\\/10\\\/anuncia-uas-ampliacion-de-matricula-490-espacios-mas-medicina-y-odontologia\\\/#primaryimage\"},\"thumbnailUrl\":\"https:\\\/\\\/fuentesfidedignas.com.mx\\\/wp-content\\\/uploads\\\/2023\\\/07\\\/RECTOR-MATRICULA-3.jpeg\",\"articleSection\":[\"NOTA PRINCIPAL\"],\"inLanguage\":\"es\",\"potentialAction\":[{\"@type\":\"CommentAction\",\"name\":\"Comment\",\"target\":[\"https:\\\/\\\/fuentesfidedignas.com.mx\\\/index.php\\\/2023\\\/07\\\/10\\\/anuncia-uas-ampliacion-de-matricula-490-espacios-mas-medicina-y-odontologia\\\/#respond\"]}]},{\"@type\":\"WebPage\",\"@id\":\"https:\\\/\\\/fuentesfidedignas.com.mx\\\/index.php\\\/2023\\\/07\\\/10\\\/anuncia-uas-ampliacion-de-matricula-490-espacios-mas-medicina-y-odontologia\\\/\",\"url\":\"https:\\\/\\\/fuentesfidedignas.com.mx\\\/index.php\\\/2023\\\/07\\\/10\\\/anuncia-uas-ampliacion-de-matricula-490-espacios-mas-medicina-y-odontologia\\\/\",\"name\":\"Anuncia UAS ampliaci\u00f3n de matr\u00edcula; 490 espacios m\u00e1s para Medicina y Odontolog\u00eda - Fuentes Fidedignas\",\"isPartOf\":{\"@id\":\"https:\\\/\\\/fuentesfidedignas.com.mx\\\/#website\"},\"primaryImageOfPage\":{\"@id\":\"https:\\\/\\\/fuentesfidedignas.com.mx\\\/index.php\\\/2023\\\/07\\\/10\\\/anuncia-uas-ampliacion-de-matricula-490-espacios-mas-medicina-y-odontologia\\\/#primaryimage\"},\"image\":{\"@id\":\"https:\\\/\\\/fuentesfidedignas.com.mx\\\/index.php\\\/2023\\\/07\\\/10\\\/anuncia-uas-ampliacion-de-matricula-490-espacios-mas-medicina-y-odontologia\\\/#primaryimage\"},\"thumbnailUrl\":\"https:\\\/\\\/fuentesfidedignas.com.mx\\\/wp-content\\\/uploads\\\/2023\\\/07\\\/RECTOR-MATRICULA-3.jpeg\",\"datePublished\":\"2023-07-10T22:53:12+00:00\",\"dateModified\":\"2023-07-10T23:05:42+00:00\",\"breadcrumb\":{\"@id\":\"https:\\\/\\\/fuentesfidedignas.com.mx\\\/index.php\\\/2023\\\/07\\\/10\\\/anuncia-uas-ampliacion-de-matricula-490-espacios-mas-medicina-y-odontologia\\\/#breadcrumb\"},\"inLanguage\":\"es\",\"potentialAction\":[{\"@type\":\"ReadAction\",\"target\":[\"https:\\\/\\\/fuentesfidedignas.com.mx\\\/index.php\\\/2023\\\/07\\\/10\\\/anuncia-uas-ampliacion-de-matricula-490-espacios-mas-medicina-y-odontologia\\\/\"]}]},{\"@type\":\"ImageObject\",\"inLanguage\":\"es\",\"@id\":\"https:\\\/\\\/fuentesfidedignas.com.mx\\\/index.php\\\/2023\\\/07\\\/10\\\/anuncia-uas-ampliacion-de-matricula-490-espacios-mas-medicina-y-odontologia\\\/#primaryimage\",\"url\":\"https:\\\/\\\/fuentesfidedignas.com.mx\\\/wp-content\\\/uploads\\\/2023\\\/07\\\/RECTOR-MATRICULA-3.jpeg\",\"contentUrl\":\"https:\\\/\\\/fuentesfidedignas.com.mx\\\/wp-content\\\/uploads\\\/2023\\\/07\\\/RECTOR-MATRICULA-3.jpeg\",\"width\":768,\"height\":511},{\"@type\":\"BreadcrumbList\",\"@id\":\"https:\\\/\\\/fuentesfidedignas.com.mx\\\/index.php\\\/2023\\\/07\\\/10\\\/anuncia-uas-ampliacion-de-matricula-490-espacios-mas-medicina-y-odontologia\\\/#breadcrumb\",\"itemListElement\":[{\"@type\":\"ListItem\",\"position\":1,\"name\":\"Inicio\",\"item\":\"https:\\\/\\\/fuentesfidedignas.com.mx\\\/\"},{\"@type\":\"ListItem\",\"position\":2,\"name\":\"Anuncia UAS ampliaci\u00f3n de matr\u00edcula; 490 espacios m\u00e1s para Medicina y Odontolog\u00eda\"}]},{\"@type\":\"WebSite\",\"@id\":\"https:\\\/\\\/fuentesfidedignas.com.mx\\\/#website\",\"url\":\"https:\\\/\\\/fuentesfidedignas.com.mx\\\/\",\"name\":\"Fuentes Fidedignas\",\"description\":\"Otro sitio realizado con WordPress\",\"publisher\":{\"@id\":\"https:\\\/\\\/fuentesfidedignas.com.mx\\\/#organization\"},\"potentialAction\":[{\"@type\":\"SearchAction\",\"target\":{\"@type\":\"EntryPoint\",\"urlTemplate\":\"https:\\\/\\\/fuentesfidedignas.com.mx\\\/?s={search_term_string}\"},\"query-input\":{\"@type\":\"PropertyValueSpecification\",\"valueRequired\":true,\"valueName\":\"search_term_string\"}}],\"inLanguage\":\"es\"},{\"@type\":\"Organization\",\"@id\":\"https:\\\/\\\/fuentesfidedignas.com.mx\\\/#organization\",\"name\":\"Fuentes Fidedignas\",\"url\":\"https:\\\/\\\/fuentesfidedignas.com.mx\\\/\",\"logo\":{\"@type\":\"ImageObject\",\"inLanguage\":\"es\",\"@id\":\"https:\\\/\\\/fuentesfidedignas.com.mx\\\/#\\\/schema\\\/logo\\\/image\\\/\",\"url\":\"https:\\\/\\\/fuentesfidedignas.com.mx\\\/wp-content\\\/uploads\\\/2021\\\/04\\\/logo-retina.png\",\"contentUrl\":\"https:\\\/\\\/fuentesfidedignas.com.mx\\\/wp-content\\\/uploads\\\/2021\\\/04\\\/logo-retina.png\",\"width\":280,\"height\":51,\"caption\":\"Fuentes Fidedignas\"},\"image\":{\"@id\":\"https:\\\/\\\/fuentesfidedignas.com.mx\\\/#\\\/schema\\\/logo\\\/image\\\/\"},\"sameAs\":[\"https:\\\/\\\/www.facebook.com\\\/Fuentes-Fidedignas-368234489921644\",\"https:\\\/\\\/x.com\\\/fidedignas\"]},{\"@type\":\"Person\",\"@id\":\"https:\\\/\\\/fuentesfidedignas.com.mx\\\/#\\\/schema\\\/person\\\/331be9283d37198e2acd5750279085b0\",\"name\":\"Redacci\u00f3n\",\"image\":{\"@type\":\"ImageObject\",\"inLanguage\":\"es\",\"@id\":\"https:\\\/\\\/secure.gravatar.com\\\/avatar\\\/f6d8782c11d12b2d4ad3fbb6931aeab5309937a4d6cd2fc9cfaa28a6396a5aec?s=96&d=mm&r=g\",\"url\":\"https:\\\/\\\/secure.gravatar.com\\\/avatar\\\/f6d8782c11d12b2d4ad3fbb6931aeab5309937a4d6cd2fc9cfaa28a6396a5aec?s=96&d=mm&r=g\",\"contentUrl\":\"https:\\\/\\\/secure.gravatar.com\\\/avatar\\\/f6d8782c11d12b2d4ad3fbb6931aeab5309937a4d6cd2fc9cfaa28a6396a5aec?s=96&d=mm&r=g\",\"caption\":\"Redacci\u00f3n\"},\"url\":\"https:\\\/\\\/fuentesfidedignas.com.mx\\\/index.php\\\/author\\\/redaccion\\\/\"}]}<\/script>\n<!-- \/ Yoast SEO plugin. -->","yoast_head_json":{"title":"Anuncia UAS ampliaci\u00f3n de matr\u00edcula; 490 espacios m\u00e1s para Medicina y Odontolog\u00eda - Fuentes Fidedignas","robots":{"index":"index","follow":"follow","max-snippet":"max-snippet:-1","max-image-preview":"max-image-preview:large","max-video-preview":"max-video-preview:-1"},"canonical":"https:\/\/fuentesfidedignas.com.mx\/index.php\/2023\/07\/10\/anuncia-uas-ampliacion-de-matricula-490-espacios-mas-medicina-y-odontologia\/","og_locale":"es_MX","og_type":"article","og_title":"Anuncia UAS ampliaci\u00f3n de matr\u00edcula; 490 espacios m\u00e1s para Medicina y Odontolog\u00eda - Fuentes Fidedignas","og_description":"La extensi\u00f3n de Medicina en Los Mochis se ampl\u00edan 60 lugares para llegar a 160 aceptados Culiac\u00e1n, Sin.- Con base a la responsabilidad social que tiene la Universidad Aut\u00f3noma de Sinaloa (UAS) y derivado del compromiso con el Presidente de la Rep\u00fablica, Andr\u00e9s Manuel L\u00f3pez Obrador, con el Subsecretario de Educaci\u00f3n Superior, Luciano Concheiro B\u00f3rquez [&hellip;]","og_url":"https:\/\/fuentesfidedignas.com.mx\/index.php\/2023\/07\/10\/anuncia-uas-ampliacion-de-matricula-490-espacios-mas-medicina-y-odontologia\/","og_site_name":"Fuentes Fidedignas","article_publisher":"https:\/\/www.facebook.com\/Fuentes-Fidedignas-368234489921644","article_published_time":"2023-07-10T22:53:12+00:00","article_modified_time":"2023-07-10T23:05:42+00:00","og_image":[{"width":768,"height":511,"url":"https:\/\/fuentesfidedignas.com.mx\/wp-content\/uploads\/2023\/07\/RECTOR-MATRICULA-3.jpeg","type":"image\/jpeg"}],"author":"Redacci\u00f3n","twitter_card":"summary_large_image","twitter_creator":"@fidedignas","twitter_site":"@fidedignas","twitter_misc":{"Escrito por":"Redacci\u00f3n","Tiempo de lectura":"3 minutos"},"schema":{"@context":"https:\/\/schema.org","@graph":[{"@type":"Article","@id":"https:\/\/fuentesfidedignas.com.mx\/index.php\/2023\/07\/10\/anuncia-uas-ampliacion-de-matricula-490-espacios-mas-medicina-y-odontologia\/#article","isPartOf":{"@id":"https:\/\/fuentesfidedignas.com.mx\/index.php\/2023\/07\/10\/anuncia-uas-ampliacion-de-matricula-490-espacios-mas-medicina-y-odontologia\/"},"author":{"name":"Redacci\u00f3n","@id":"https:\/\/fuentesfidedignas.com.mx\/#\/schema\/person\/331be9283d37198e2acd5750279085b0"},"headline":"Anuncia UAS ampliaci\u00f3n de matr\u00edcula; 490 espacios m\u00e1s para Medicina y Odontolog\u00eda","datePublished":"2023-07-10T22:53:12+00:00","dateModified":"2023-07-10T23:05:42+00:00","mainEntityOfPage":{"@id":"https:\/\/fuentesfidedignas.com.mx\/index.php\/2023\/07\/10\/anuncia-uas-ampliacion-de-matricula-490-espacios-mas-medicina-y-odontologia\/"},"wordCount":702,"commentCount":0,"publisher":{"@id":"https:\/\/fuentesfidedignas.com.mx\/#organization"},"image":{"@id":"https:\/\/fuentesfidedignas.com.mx\/index.php\/2023\/07\/10\/anuncia-uas-ampliacion-de-matricula-490-espacios-mas-medicina-y-odontologia\/#primaryimage"},"thumbnailUrl":"https:\/\/fuentesfidedignas.com.mx\/wp-content\/uploads\/2023\/07\/RECTOR-MATRICULA-3.jpeg","articleSection":["NOTA PRINCIPAL"],"inLanguage":"es","potentialAction":[{"@type":"CommentAction","name":"Comment","target":["https:\/\/fuentesfidedignas.com.mx\/index.php\/2023\/07\/10\/anuncia-uas-ampliacion-de-matricula-490-espacios-mas-medicina-y-odontologia\/#respond"]}]},{"@type":"WebPage","@id":"https:\/\/fuentesfidedignas.com.mx\/index.php\/2023\/07\/10\/anuncia-uas-ampliacion-de-matricula-490-espacios-mas-medicina-y-odontologia\/","url":"https:\/\/fuentesfidedignas.com.mx\/index.php\/2023\/07\/10\/anuncia-uas-ampliacion-de-matricula-490-espacios-mas-medicina-y-odontologia\/","name":"Anuncia UAS ampliaci\u00f3n de matr\u00edcula; 490 espacios m\u00e1s para Medicina y Odontolog\u00eda - Fuentes Fidedignas","isPartOf":{"@id":"https:\/\/fuentesfidedignas.com.mx\/#website"},"primaryImageOfPage":{"@id":"https:\/\/fuentesfidedignas.com.mx\/index.php\/2023\/07\/10\/anuncia-uas-ampliacion-de-matricula-490-espacios-mas-medicina-y-odontologia\/#primaryimage"},"image":{"@id":"https:\/\/fuentesfidedignas.com.mx\/index.php\/2023\/07\/10\/anuncia-uas-ampliacion-de-matricula-490-espacios-mas-medicina-y-odontologia\/#primaryimage"},"thumbnailUrl":"https:\/\/fuentesfidedignas.com.mx\/wp-content\/uploads\/2023\/07\/RECTOR-MATRICULA-3.jpeg","datePublished":"2023-07-10T22:53:12+00:00","dateModified":"2023-07-10T23:05:42+00:00","breadcrumb":{"@id":"https:\/\/fuentesfidedignas.com.mx\/index.php\/2023\/07\/10\/anuncia-uas-ampliacion-de-matricula-490-espacios-mas-medicina-y-odontologia\/#breadcrumb"},"inLanguage":"es","potentialAction":[{"@type":"ReadAction","target":["https:\/\/fuentesfidedignas.com.mx\/index.php\/2023\/07\/10\/anuncia-uas-ampliacion-de-matricula-490-espacios-mas-medicina-y-odontologia\/"]}]},{"@type":"ImageObject","inLanguage":"es","@id":"https:\/\/fuentesfidedignas.com.mx\/index.php\/2023\/07\/10\/anuncia-uas-ampliacion-de-matricula-490-espacios-mas-medicina-y-odontologia\/#primaryimage","url":"https:\/\/fuentesfidedignas.com.mx\/wp-content\/uploads\/2023\/07\/RECTOR-MATRICULA-3.jpeg","contentUrl":"https:\/\/fuentesfidedignas.com.mx\/wp-content\/uploads\/2023\/07\/RECTOR-MATRICULA-3.jpeg","width":768,"height":511},{"@type":"BreadcrumbList","@id":"https:\/\/fuentesfidedignas.com.mx\/index.php\/2023\/07\/10\/anuncia-uas-ampliacion-de-matricula-490-espacios-mas-medicina-y-odontologia\/#breadcrumb","itemListElement":[{"@type":"ListItem","position":1,"name":"Inicio","item":"https:\/\/fuentesfidedignas.com.mx\/"},{"@type":"ListItem","position":2,"name":"Anuncia UAS ampliaci\u00f3n de matr\u00edcula; 490 espacios m\u00e1s para Medicina y Odontolog\u00eda"}]},{"@type":"WebSite","@id":"https:\/\/fuentesfidedignas.com.mx\/#website","url":"https:\/\/fuentesfidedignas.com.mx\/","name":"Fuentes Fidedignas","description":"Otro sitio realizado con WordPress","publisher":{"@id":"https:\/\/fuentesfidedignas.com.mx\/#organization"},"potentialAction":[{"@type":"SearchAction","target":{"@type":"EntryPoint","urlTemplate":"https:\/\/fuentesfidedignas.com.mx\/?s={search_term_string}"},"query-input":{"@type":"PropertyValueSpecification","valueRequired":true,"valueName":"search_term_string"}}],"inLanguage":"es"},{"@type":"Organization","@id":"https:\/\/fuentesfidedignas.com.mx\/#organization","name":"Fuentes Fidedignas","url":"https:\/\/fuentesfidedignas.com.mx\/","logo":{"@type":"ImageObject","inLanguage":"es","@id":"https:\/\/fuentesfidedignas.com.mx\/#\/schema\/logo\/image\/","url":"https:\/\/fuentesfidedignas.com.mx\/wp-content\/uploads\/2021\/04\/logo-retina.png","contentUrl":"https:\/\/fuentesfidedignas.com.mx\/wp-content\/uploads\/2021\/04\/logo-retina.png","width":280,"height":51,"caption":"Fuentes Fidedignas"},"image":{"@id":"https:\/\/fuentesfidedignas.com.mx\/#\/schema\/logo\/image\/"},"sameAs":["https:\/\/www.facebook.com\/Fuentes-Fidedignas-368234489921644","https:\/\/x.com\/fidedignas"]},{"@type":"Person","@id":"https:\/\/fuentesfidedignas.com.mx\/#\/schema\/person\/331be9283d37198e2acd5750279085b0","name":"Redacci\u00f3n","image":{"@type":"ImageObject","inLanguage":"es","@id":"https:\/\/secure.gravatar.com\/avatar\/f6d8782c11d12b2d4ad3fbb6931aeab5309937a4d6cd2fc9cfaa28a6396a5aec?s=96&d=mm&r=g","url":"https:\/\/secure.gravatar.com\/avatar\/f6d8782c11d12b2d4ad3fbb6931aeab5309937a4d6cd2fc9cfaa28a6396a5aec?s=96&d=mm&r=g","contentUrl":"https:\/\/secure.gravatar.com\/avatar\/f6d8782c11d12b2d4ad3fbb6931aeab5309937a4d6cd2fc9cfaa28a6396a5aec?s=96&d=mm&r=g","caption":"Redacci\u00f3n"},"url":"https:\/\/fuentesfidedignas.com.mx\/index.php\/author\/redaccion\/"}]}},"_links":{"self":[{"href":"https:\/\/fuentesfidedignas.com.mx\/index.php\/wp-json\/wp\/v2\/posts\/52418","targetHints":{"allow":["GET"]}}],"collection":[{"href":"https:\/\/fuentesfidedignas.com.mx\/index.php\/wp-json\/wp\/v2\/posts"}],"about":[{"href":"https:\/\/fuentesfidedignas.com.mx\/index.php\/wp-json\/wp\/v2\/types\/post"}],"author":[{"embeddable":true,"href":"https:\/\/fuentesfidedignas.com.mx\/index.php\/wp-json\/wp\/v2\/users\/4"}],"replies":[{"embeddable":true,"href":"https:\/\/fuentesfidedignas.com.mx\/index.php\/wp-json\/wp\/v2\/comments?post=52418"}],"version-history":[{"count":1,"href":"https:\/\/fuentesfidedignas.com.mx\/index.php\/wp-json\/wp\/v2\/posts\/52418\/revisions"}],"predecessor-version":[{"id":52419,"href":"https:\/\/fuentesfidedignas.com.mx\/index.php\/wp-json\/wp\/v2\/posts\/52418\/revisions\/52419"}],"wp:featuredmedia":[{"embeddable":true,"href":"https:\/\/fuentesfidedignas.com.mx\/index.php\/wp-json\/wp\/v2\/media\/52420"}],"wp:attachment":[{"href":"https:\/\/fuentesfidedignas.com.mx\/index.php\/wp-json\/wp\/v2\/media?parent=52418"}],"wp:term":[{"taxonomy":"category","embeddable":true,"href":"https:\/\/fuentesfidedignas.com.mx\/index.php\/wp-json\/wp\/v2\/categories?post=52418"},{"taxonomy":"post_tag","embeddable":true,"href":"https:\/\/fuentesfidedignas.com.mx\/index.php\/wp-json\/wp\/v2\/tags?post=52418"}],"curies":[{"name":"wp","href":"https:\/\/api.w.org\/{rel}","templated":true}]}}