{"id":52378,"date":"2023-07-10T10:52:27","date_gmt":"2023-07-10T17:52:27","guid":{"rendered":"https:\/\/fuentesfidedignas.com.mx\/?p=52378"},"modified":"2023-07-10T10:57:02","modified_gmt":"2023-07-10T17:57:02","slug":"lopez-obrador-confirma-asesinato-de-periodista-en-nayarit","status":"publish","type":"post","link":"https:\/\/fuentesfidedignas.com.mx\/index.php\/2023\/07\/10\/lopez-obrador-confirma-asesinato-de-periodista-en-nayarit\/","title":{"rendered":"L\u00f3pez Obrador confirma asesinato de periodista en Nayarit"},"content":{"rendered":"\n<p><br><strong><em>El mandatario lament\u00f3 el hecho e inform\u00f3 que dos comunicadores m\u00e1s que tambi\u00e9n fueron secuestrados ya fueron liberados con vida<\/em><\/strong><\/p>\n\n\n\n<p>Ciudad de M\u00e9xico. Andr\u00e9s Manuel L\u00f3pez Obrador se refiri\u00f3 esta ma\u00f1ana al asesinato de un periodista en Nayarit, mismo que lament\u00f3 y del cual anunci\u00f3 ma\u00f1ana martes se dar\u00e1 mas informaci\u00f3n al respecto cunado est\u00e9 presente el gabinete de seguridad en la conferencia ma\u00f1anera.<\/p>\n\n\n\n<p>En un mensaje breve pero sentido,\u00a0<strong>el mandatario mand\u00f3 condolencias a los familiares del comunicador Luis Mart\u00edn S\u00e1nchez<\/strong>, quien desapareci\u00f3 junto con otros dos periodistas en d\u00edas pasados en el estado nayarita.<\/p>\n\n\n\n<p>En este sentido,\u00a0<strong>el presidente se\u00f1al\u00f3 que los otros dos comunicadores fueron liberados con vida<\/strong>, sin embargo, no quiso dar m\u00e1s detalles al respecto.<\/p>\n\n\n\n<blockquote class=\"wp-block-quote is-layout-flow wp-block-quote-is-layout-flow\">\n<p>Quiero informar que lamentablemente uno de los tres periodistas secuestrados en Nayarit fue asesinado, es una mala noticia, liberaron a dos, y uno fue asesinado. Ma\u00f1ana que corresponde hablar sobre seguridad se va a dar m\u00e1s informaci\u00f3n sobre este lamentable hecho\u201d, adelant\u00f3.&nbsp;<\/p>\n<\/blockquote>\n\n\n\n<h2 class=\"wp-block-heading\"><strong>\u00bfQu\u00e9 fue lo que sucedi\u00f3 en Nayarit?<\/strong><\/h2>\n\n\n\n<p><strong>El pasado mi\u00e9rcoles 5 de julio se dio a conocer la noticia de la desaparici\u00f3n del periodista Luis Mart\u00edn S\u00e1nchez I\u00f1iguez<\/strong>, corresponsal del peri\u00f3dico La Jornada, quien junto con otros dos reporteros fueron raptados en Nayarit.<\/p>\n\n\n\n<p>De acuerdo con<strong>&nbsp;reportes de la Fiscal\u00eda General de Justicia de Nayarit, el cuerpo del comunicador fue localizado al interior de una bolsa negra en el poblado el Ahuacate<\/strong>, en la capital nayarita, a las 06:45 horas del s\u00e1bado 8 de julio.<\/p>\n","protected":false},"excerpt":{"rendered":"<p>El mandatario lament\u00f3 el hecho e inform\u00f3 que dos comunicadores m\u00e1s que tambi\u00e9n fueron secuestrados ya fueron liberados con vida Ciudad de M\u00e9xico. Andr\u00e9s Manuel L\u00f3pez Obrador se refiri\u00f3 esta ma\u00f1ana al asesinato de un periodista en Nayarit, mismo que lament\u00f3 y del cual anunci\u00f3 ma\u00f1ana martes se dar\u00e1 mas informaci\u00f3n al respecto cunado est\u00e9 [&hellip;]<\/p>\n","protected":false},"author":7,"featured_media":52380,"comment_status":"open","ping_status":"open","sticky":false,"template":"","format":"standard","meta":{"tdm_status":"","tdm_grid_status":"","footnotes":""},"categories":[39,1],"tags":[],"class_list":{"0":"post-52378","1":"post","2":"type-post","3":"status-publish","4":"format-standard","5":"has-post-thumbnail","7":"category-noticias-nacionales","8":"category-sin-categoria"},"yoast_head":"<!-- This site is optimized with the Yoast SEO plugin v27.5 - https:\/\/yoast.com\/product\/yoast-seo-wordpress\/ -->\n<title>L\u00f3pez Obrador confirma asesinato de periodista en Nayarit - Fuentes Fidedignas<\/title>\n<meta name=\"robots\" content=\"index, follow, max-snippet:-1, max-image-preview:large, max-video-preview:-1\" \/>\n<link rel=\"canonical\" href=\"https:\/\/fuentesfidedignas.com.mx\/index.php\/2023\/07\/10\/lopez-obrador-confirma-asesinato-de-periodista-en-nayarit\/\" \/>\n<meta property=\"og:locale\" content=\"es_MX\" \/>\n<meta property=\"og:type\" content=\"article\" \/>\n<meta property=\"og:title\" content=\"L\u00f3pez Obrador confirma asesinato de periodista en Nayarit - Fuentes Fidedignas\" \/>\n<meta property=\"og:description\" content=\"El mandatario lament\u00f3 el hecho e inform\u00f3 que dos comunicadores m\u00e1s que tambi\u00e9n fueron secuestrados ya fueron liberados con vida Ciudad de M\u00e9xico. Andr\u00e9s Manuel L\u00f3pez Obrador se refiri\u00f3 esta ma\u00f1ana al asesinato de un periodista en Nayarit, mismo que lament\u00f3 y del cual anunci\u00f3 ma\u00f1ana martes se dar\u00e1 mas informaci\u00f3n al respecto cunado est\u00e9 [&hellip;]\" \/>\n<meta property=\"og:url\" content=\"https:\/\/fuentesfidedignas.com.mx\/index.php\/2023\/07\/10\/lopez-obrador-confirma-asesinato-de-periodista-en-nayarit\/\" \/>\n<meta property=\"og:site_name\" content=\"Fuentes Fidedignas\" \/>\n<meta property=\"article:publisher\" content=\"https:\/\/www.facebook.com\/Fuentes-Fidedignas-368234489921644\" \/>\n<meta property=\"article:published_time\" content=\"2023-07-10T17:52:27+00:00\" \/>\n<meta property=\"article:modified_time\" content=\"2023-07-10T17:57:02+00:00\" \/>\n<meta property=\"og:image\" content=\"https:\/\/fuentesfidedignas.com.mx\/wp-content\/uploads\/2023\/07\/2975803.jpg\" \/>\n\t<meta property=\"og:image:width\" content=\"800\" \/>\n\t<meta property=\"og:image:height\" content=\"600\" \/>\n\t<meta property=\"og:image:type\" content=\"image\/jpeg\" \/>\n<meta name=\"author\" content=\"Exc\u00e9lsior\" \/>\n<meta name=\"twitter:card\" content=\"summary_large_image\" \/>\n<meta name=\"twitter:creator\" content=\"@fidedignas\" \/>\n<meta name=\"twitter:site\" content=\"@fidedignas\" \/>\n<meta name=\"twitter:label1\" content=\"Escrito por\" \/>\n\t<meta name=\"twitter:data1\" content=\"Exc\u00e9lsior\" \/>\n\t<meta name=\"twitter:label2\" content=\"Tiempo de lectura\" \/>\n\t<meta name=\"twitter:data2\" content=\"1 minuto\" \/>\n<script type=\"application\/ld+json\" class=\"yoast-schema-graph\">{\"@context\":\"https:\\\/\\\/schema.org\",\"@graph\":[{\"@type\":\"Article\",\"@id\":\"https:\\\/\\\/fuentesfidedignas.com.mx\\\/index.php\\\/2023\\\/07\\\/10\\\/lopez-obrador-confirma-asesinato-de-periodista-en-nayarit\\\/#article\",\"isPartOf\":{\"@id\":\"https:\\\/\\\/fuentesfidedignas.com.mx\\\/index.php\\\/2023\\\/07\\\/10\\\/lopez-obrador-confirma-asesinato-de-periodista-en-nayarit\\\/\"},\"author\":{\"name\":\"Exc\u00e9lsior\",\"@id\":\"https:\\\/\\\/fuentesfidedignas.com.mx\\\/#\\\/schema\\\/person\\\/ec4edd1fbf5efa3e44fce34fe2787780\"},\"headline\":\"L\u00f3pez Obrador confirma asesinato de periodista en Nayarit\",\"datePublished\":\"2023-07-10T17:52:27+00:00\",\"dateModified\":\"2023-07-10T17:57:02+00:00\",\"mainEntityOfPage\":{\"@id\":\"https:\\\/\\\/fuentesfidedignas.com.mx\\\/index.php\\\/2023\\\/07\\\/10\\\/lopez-obrador-confirma-asesinato-de-periodista-en-nayarit\\\/\"},\"wordCount\":280,\"commentCount\":0,\"publisher\":{\"@id\":\"https:\\\/\\\/fuentesfidedignas.com.mx\\\/#organization\"},\"image\":{\"@id\":\"https:\\\/\\\/fuentesfidedignas.com.mx\\\/index.php\\\/2023\\\/07\\\/10\\\/lopez-obrador-confirma-asesinato-de-periodista-en-nayarit\\\/#primaryimage\"},\"thumbnailUrl\":\"https:\\\/\\\/fuentesfidedignas.com.mx\\\/wp-content\\\/uploads\\\/2023\\\/07\\\/2975803.jpg\",\"articleSection\":[\"NOTICIAS NACIONALES\"],\"inLanguage\":\"es\",\"potentialAction\":[{\"@type\":\"CommentAction\",\"name\":\"Comment\",\"target\":[\"https:\\\/\\\/fuentesfidedignas.com.mx\\\/index.php\\\/2023\\\/07\\\/10\\\/lopez-obrador-confirma-asesinato-de-periodista-en-nayarit\\\/#respond\"]}]},{\"@type\":\"WebPage\",\"@id\":\"https:\\\/\\\/fuentesfidedignas.com.mx\\\/index.php\\\/2023\\\/07\\\/10\\\/lopez-obrador-confirma-asesinato-de-periodista-en-nayarit\\\/\",\"url\":\"https:\\\/\\\/fuentesfidedignas.com.mx\\\/index.php\\\/2023\\\/07\\\/10\\\/lopez-obrador-confirma-asesinato-de-periodista-en-nayarit\\\/\",\"name\":\"L\u00f3pez Obrador confirma asesinato de periodista en Nayarit - Fuentes Fidedignas\",\"isPartOf\":{\"@id\":\"https:\\\/\\\/fuentesfidedignas.com.mx\\\/#website\"},\"primaryImageOfPage\":{\"@id\":\"https:\\\/\\\/fuentesfidedignas.com.mx\\\/index.php\\\/2023\\\/07\\\/10\\\/lopez-obrador-confirma-asesinato-de-periodista-en-nayarit\\\/#primaryimage\"},\"image\":{\"@id\":\"https:\\\/\\\/fuentesfidedignas.com.mx\\\/index.php\\\/2023\\\/07\\\/10\\\/lopez-obrador-confirma-asesinato-de-periodista-en-nayarit\\\/#primaryimage\"},\"thumbnailUrl\":\"https:\\\/\\\/fuentesfidedignas.com.mx\\\/wp-content\\\/uploads\\\/2023\\\/07\\\/2975803.jpg\",\"datePublished\":\"2023-07-10T17:52:27+00:00\",\"dateModified\":\"2023-07-10T17:57:02+00:00\",\"breadcrumb\":{\"@id\":\"https:\\\/\\\/fuentesfidedignas.com.mx\\\/index.php\\\/2023\\\/07\\\/10\\\/lopez-obrador-confirma-asesinato-de-periodista-en-nayarit\\\/#breadcrumb\"},\"inLanguage\":\"es\",\"potentialAction\":[{\"@type\":\"ReadAction\",\"target\":[\"https:\\\/\\\/fuentesfidedignas.com.mx\\\/index.php\\\/2023\\\/07\\\/10\\\/lopez-obrador-confirma-asesinato-de-periodista-en-nayarit\\\/\"]}]},{\"@type\":\"ImageObject\",\"inLanguage\":\"es\",\"@id\":\"https:\\\/\\\/fuentesfidedignas.com.mx\\\/index.php\\\/2023\\\/07\\\/10\\\/lopez-obrador-confirma-asesinato-de-periodista-en-nayarit\\\/#primaryimage\",\"url\":\"https:\\\/\\\/fuentesfidedignas.com.mx\\\/wp-content\\\/uploads\\\/2023\\\/07\\\/2975803.jpg\",\"contentUrl\":\"https:\\\/\\\/fuentesfidedignas.com.mx\\\/wp-content\\\/uploads\\\/2023\\\/07\\\/2975803.jpg\",\"width\":800,\"height\":600},{\"@type\":\"BreadcrumbList\",\"@id\":\"https:\\\/\\\/fuentesfidedignas.com.mx\\\/index.php\\\/2023\\\/07\\\/10\\\/lopez-obrador-confirma-asesinato-de-periodista-en-nayarit\\\/#breadcrumb\",\"itemListElement\":[{\"@type\":\"ListItem\",\"position\":1,\"name\":\"Inicio\",\"item\":\"https:\\\/\\\/fuentesfidedignas.com.mx\\\/\"},{\"@type\":\"ListItem\",\"position\":2,\"name\":\"L\u00f3pez Obrador confirma asesinato de periodista en Nayarit\"}]},{\"@type\":\"WebSite\",\"@id\":\"https:\\\/\\\/fuentesfidedignas.com.mx\\\/#website\",\"url\":\"https:\\\/\\\/fuentesfidedignas.com.mx\\\/\",\"name\":\"Fuentes Fidedignas\",\"description\":\"Otro sitio realizado con WordPress\",\"publisher\":{\"@id\":\"https:\\\/\\\/fuentesfidedignas.com.mx\\\/#organization\"},\"potentialAction\":[{\"@type\":\"SearchAction\",\"target\":{\"@type\":\"EntryPoint\",\"urlTemplate\":\"https:\\\/\\\/fuentesfidedignas.com.mx\\\/?s={search_term_string}\"},\"query-input\":{\"@type\":\"PropertyValueSpecification\",\"valueRequired\":true,\"valueName\":\"search_term_string\"}}],\"inLanguage\":\"es\"},{\"@type\":\"Organization\",\"@id\":\"https:\\\/\\\/fuentesfidedignas.com.mx\\\/#organization\",\"name\":\"Fuentes Fidedignas\",\"url\":\"https:\\\/\\\/fuentesfidedignas.com.mx\\\/\",\"logo\":{\"@type\":\"ImageObject\",\"inLanguage\":\"es\",\"@id\":\"https:\\\/\\\/fuentesfidedignas.com.mx\\\/#\\\/schema\\\/logo\\\/image\\\/\",\"url\":\"https:\\\/\\\/fuentesfidedignas.com.mx\\\/wp-content\\\/uploads\\\/2021\\\/04\\\/logo-retina.png\",\"contentUrl\":\"https:\\\/\\\/fuentesfidedignas.com.mx\\\/wp-content\\\/uploads\\\/2021\\\/04\\\/logo-retina.png\",\"width\":280,\"height\":51,\"caption\":\"Fuentes Fidedignas\"},\"image\":{\"@id\":\"https:\\\/\\\/fuentesfidedignas.com.mx\\\/#\\\/schema\\\/logo\\\/image\\\/\"},\"sameAs\":[\"https:\\\/\\\/www.facebook.com\\\/Fuentes-Fidedignas-368234489921644\",\"https:\\\/\\\/x.com\\\/fidedignas\"]},{\"@type\":\"Person\",\"@id\":\"https:\\\/\\\/fuentesfidedignas.com.mx\\\/#\\\/schema\\\/person\\\/ec4edd1fbf5efa3e44fce34fe2787780\",\"name\":\"Exc\u00e9lsior\",\"image\":{\"@type\":\"ImageObject\",\"inLanguage\":\"es\",\"@id\":\"https:\\\/\\\/secure.gravatar.com\\\/avatar\\\/4b7ee9206b48be08447852b3f0814dbc7c0f3b51541b164f1464a2725614020b?s=96&d=mm&r=g\",\"url\":\"https:\\\/\\\/secure.gravatar.com\\\/avatar\\\/4b7ee9206b48be08447852b3f0814dbc7c0f3b51541b164f1464a2725614020b?s=96&d=mm&r=g\",\"contentUrl\":\"https:\\\/\\\/secure.gravatar.com\\\/avatar\\\/4b7ee9206b48be08447852b3f0814dbc7c0f3b51541b164f1464a2725614020b?s=96&d=mm&r=g\",\"caption\":\"Exc\u00e9lsior\"},\"url\":\"https:\\\/\\\/fuentesfidedignas.com.mx\\\/index.php\\\/author\\\/excelsior\\\/\"}]}<\/script>\n<!-- \/ Yoast SEO plugin. -->","yoast_head_json":{"title":"L\u00f3pez Obrador confirma asesinato de periodista en Nayarit - Fuentes Fidedignas","robots":{"index":"index","follow":"follow","max-snippet":"max-snippet:-1","max-image-preview":"max-image-preview:large","max-video-preview":"max-video-preview:-1"},"canonical":"https:\/\/fuentesfidedignas.com.mx\/index.php\/2023\/07\/10\/lopez-obrador-confirma-asesinato-de-periodista-en-nayarit\/","og_locale":"es_MX","og_type":"article","og_title":"L\u00f3pez Obrador confirma asesinato de periodista en Nayarit - Fuentes Fidedignas","og_description":"El mandatario lament\u00f3 el hecho e inform\u00f3 que dos comunicadores m\u00e1s que tambi\u00e9n fueron secuestrados ya fueron liberados con vida Ciudad de M\u00e9xico. Andr\u00e9s Manuel L\u00f3pez Obrador se refiri\u00f3 esta ma\u00f1ana al asesinato de un periodista en Nayarit, mismo que lament\u00f3 y del cual anunci\u00f3 ma\u00f1ana martes se dar\u00e1 mas informaci\u00f3n al respecto cunado est\u00e9 [&hellip;]","og_url":"https:\/\/fuentesfidedignas.com.mx\/index.php\/2023\/07\/10\/lopez-obrador-confirma-asesinato-de-periodista-en-nayarit\/","og_site_name":"Fuentes Fidedignas","article_publisher":"https:\/\/www.facebook.com\/Fuentes-Fidedignas-368234489921644","article_published_time":"2023-07-10T17:52:27+00:00","article_modified_time":"2023-07-10T17:57:02+00:00","og_image":[{"width":800,"height":600,"url":"https:\/\/fuentesfidedignas.com.mx\/wp-content\/uploads\/2023\/07\/2975803.jpg","type":"image\/jpeg"}],"author":"Exc\u00e9lsior","twitter_card":"summary_large_image","twitter_creator":"@fidedignas","twitter_site":"@fidedignas","twitter_misc":{"Escrito por":"Exc\u00e9lsior","Tiempo de lectura":"1 minuto"},"schema":{"@context":"https:\/\/schema.org","@graph":[{"@type":"Article","@id":"https:\/\/fuentesfidedignas.com.mx\/index.php\/2023\/07\/10\/lopez-obrador-confirma-asesinato-de-periodista-en-nayarit\/#article","isPartOf":{"@id":"https:\/\/fuentesfidedignas.com.mx\/index.php\/2023\/07\/10\/lopez-obrador-confirma-asesinato-de-periodista-en-nayarit\/"},"author":{"name":"Exc\u00e9lsior","@id":"https:\/\/fuentesfidedignas.com.mx\/#\/schema\/person\/ec4edd1fbf5efa3e44fce34fe2787780"},"headline":"L\u00f3pez Obrador confirma asesinato de periodista en Nayarit","datePublished":"2023-07-10T17:52:27+00:00","dateModified":"2023-07-10T17:57:02+00:00","mainEntityOfPage":{"@id":"https:\/\/fuentesfidedignas.com.mx\/index.php\/2023\/07\/10\/lopez-obrador-confirma-asesinato-de-periodista-en-nayarit\/"},"wordCount":280,"commentCount":0,"publisher":{"@id":"https:\/\/fuentesfidedignas.com.mx\/#organization"},"image":{"@id":"https:\/\/fuentesfidedignas.com.mx\/index.php\/2023\/07\/10\/lopez-obrador-confirma-asesinato-de-periodista-en-nayarit\/#primaryimage"},"thumbnailUrl":"https:\/\/fuentesfidedignas.com.mx\/wp-content\/uploads\/2023\/07\/2975803.jpg","articleSection":["NOTICIAS NACIONALES"],"inLanguage":"es","potentialAction":[{"@type":"CommentAction","name":"Comment","target":["https:\/\/fuentesfidedignas.com.mx\/index.php\/2023\/07\/10\/lopez-obrador-confirma-asesinato-de-periodista-en-nayarit\/#respond"]}]},{"@type":"WebPage","@id":"https:\/\/fuentesfidedignas.com.mx\/index.php\/2023\/07\/10\/lopez-obrador-confirma-asesinato-de-periodista-en-nayarit\/","url":"https:\/\/fuentesfidedignas.com.mx\/index.php\/2023\/07\/10\/lopez-obrador-confirma-asesinato-de-periodista-en-nayarit\/","name":"L\u00f3pez Obrador confirma asesinato de periodista en Nayarit - Fuentes Fidedignas","isPartOf":{"@id":"https:\/\/fuentesfidedignas.com.mx\/#website"},"primaryImageOfPage":{"@id":"https:\/\/fuentesfidedignas.com.mx\/index.php\/2023\/07\/10\/lopez-obrador-confirma-asesinato-de-periodista-en-nayarit\/#primaryimage"},"image":{"@id":"https:\/\/fuentesfidedignas.com.mx\/index.php\/2023\/07\/10\/lopez-obrador-confirma-asesinato-de-periodista-en-nayarit\/#primaryimage"},"thumbnailUrl":"https:\/\/fuentesfidedignas.com.mx\/wp-content\/uploads\/2023\/07\/2975803.jpg","datePublished":"2023-07-10T17:52:27+00:00","dateModified":"2023-07-10T17:57:02+00:00","breadcrumb":{"@id":"https:\/\/fuentesfidedignas.com.mx\/index.php\/2023\/07\/10\/lopez-obrador-confirma-asesinato-de-periodista-en-nayarit\/#breadcrumb"},"inLanguage":"es","potentialAction":[{"@type":"ReadAction","target":["https:\/\/fuentesfidedignas.com.mx\/index.php\/2023\/07\/10\/lopez-obrador-confirma-asesinato-de-periodista-en-nayarit\/"]}]},{"@type":"ImageObject","inLanguage":"es","@id":"https:\/\/fuentesfidedignas.com.mx\/index.php\/2023\/07\/10\/lopez-obrador-confirma-asesinato-de-periodista-en-nayarit\/#primaryimage","url":"https:\/\/fuentesfidedignas.com.mx\/wp-content\/uploads\/2023\/07\/2975803.jpg","contentUrl":"https:\/\/fuentesfidedignas.com.mx\/wp-content\/uploads\/2023\/07\/2975803.jpg","width":800,"height":600},{"@type":"BreadcrumbList","@id":"https:\/\/fuentesfidedignas.com.mx\/index.php\/2023\/07\/10\/lopez-obrador-confirma-asesinato-de-periodista-en-nayarit\/#breadcrumb","itemListElement":[{"@type":"ListItem","position":1,"name":"Inicio","item":"https:\/\/fuentesfidedignas.com.mx\/"},{"@type":"ListItem","position":2,"name":"L\u00f3pez Obrador confirma asesinato de periodista en Nayarit"}]},{"@type":"WebSite","@id":"https:\/\/fuentesfidedignas.com.mx\/#website","url":"https:\/\/fuentesfidedignas.com.mx\/","name":"Fuentes Fidedignas","description":"Otro sitio realizado con WordPress","publisher":{"@id":"https:\/\/fuentesfidedignas.com.mx\/#organization"},"potentialAction":[{"@type":"SearchAction","target":{"@type":"EntryPoint","urlTemplate":"https:\/\/fuentesfidedignas.com.mx\/?s={search_term_string}"},"query-input":{"@type":"PropertyValueSpecification","valueRequired":true,"valueName":"search_term_string"}}],"inLanguage":"es"},{"@type":"Organization","@id":"https:\/\/fuentesfidedignas.com.mx\/#organization","name":"Fuentes Fidedignas","url":"https:\/\/fuentesfidedignas.com.mx\/","logo":{"@type":"ImageObject","inLanguage":"es","@id":"https:\/\/fuentesfidedignas.com.mx\/#\/schema\/logo\/image\/","url":"https:\/\/fuentesfidedignas.com.mx\/wp-content\/uploads\/2021\/04\/logo-retina.png","contentUrl":"https:\/\/fuentesfidedignas.com.mx\/wp-content\/uploads\/2021\/04\/logo-retina.png","width":280,"height":51,"caption":"Fuentes Fidedignas"},"image":{"@id":"https:\/\/fuentesfidedignas.com.mx\/#\/schema\/logo\/image\/"},"sameAs":["https:\/\/www.facebook.com\/Fuentes-Fidedignas-368234489921644","https:\/\/x.com\/fidedignas"]},{"@type":"Person","@id":"https:\/\/fuentesfidedignas.com.mx\/#\/schema\/person\/ec4edd1fbf5efa3e44fce34fe2787780","name":"Exc\u00e9lsior","image":{"@type":"ImageObject","inLanguage":"es","@id":"https:\/\/secure.gravatar.com\/avatar\/4b7ee9206b48be08447852b3f0814dbc7c0f3b51541b164f1464a2725614020b?s=96&d=mm&r=g","url":"https:\/\/secure.gravatar.com\/avatar\/4b7ee9206b48be08447852b3f0814dbc7c0f3b51541b164f1464a2725614020b?s=96&d=mm&r=g","contentUrl":"https:\/\/secure.gravatar.com\/avatar\/4b7ee9206b48be08447852b3f0814dbc7c0f3b51541b164f1464a2725614020b?s=96&d=mm&r=g","caption":"Exc\u00e9lsior"},"url":"https:\/\/fuentesfidedignas.com.mx\/index.php\/author\/excelsior\/"}]}},"_links":{"self":[{"href":"https:\/\/fuentesfidedignas.com.mx\/index.php\/wp-json\/wp\/v2\/posts\/52378","targetHints":{"allow":["GET"]}}],"collection":[{"href":"https:\/\/fuentesfidedignas.com.mx\/index.php\/wp-json\/wp\/v2\/posts"}],"about":[{"href":"https:\/\/fuentesfidedignas.com.mx\/index.php\/wp-json\/wp\/v2\/types\/post"}],"author":[{"embeddable":true,"href":"https:\/\/fuentesfidedignas.com.mx\/index.php\/wp-json\/wp\/v2\/users\/7"}],"replies":[{"embeddable":true,"href":"https:\/\/fuentesfidedignas.com.mx\/index.php\/wp-json\/wp\/v2\/comments?post=52378"}],"version-history":[{"count":1,"href":"https:\/\/fuentesfidedignas.com.mx\/index.php\/wp-json\/wp\/v2\/posts\/52378\/revisions"}],"predecessor-version":[{"id":52379,"href":"https:\/\/fuentesfidedignas.com.mx\/index.php\/wp-json\/wp\/v2\/posts\/52378\/revisions\/52379"}],"wp:featuredmedia":[{"embeddable":true,"href":"https:\/\/fuentesfidedignas.com.mx\/index.php\/wp-json\/wp\/v2\/media\/52380"}],"wp:attachment":[{"href":"https:\/\/fuentesfidedignas.com.mx\/index.php\/wp-json\/wp\/v2\/media?parent=52378"}],"wp:term":[{"taxonomy":"category","embeddable":true,"href":"https:\/\/fuentesfidedignas.com.mx\/index.php\/wp-json\/wp\/v2\/categories?post=52378"},{"taxonomy":"post_tag","embeddable":true,"href":"https:\/\/fuentesfidedignas.com.mx\/index.php\/wp-json\/wp\/v2\/tags?post=52378"}],"curies":[{"name":"wp","href":"https:\/\/api.w.org\/{rel}","templated":true}]}}