{"id":52275,"date":"2023-07-08T11:51:26","date_gmt":"2023-07-08T18:51:26","guid":{"rendered":"https:\/\/fuentesfidedignas.com.mx\/?p=52275"},"modified":"2023-07-08T19:37:02","modified_gmt":"2023-07-09T02:37:02","slug":"gobierno-de-el-fuerte-rehabilita-escuela-josefa-ortiz-de-dominguez-en-jahuara-ll","status":"publish","type":"post","link":"https:\/\/fuentesfidedignas.com.mx\/index.php\/2023\/07\/08\/gobierno-de-el-fuerte-rehabilita-escuela-josefa-ortiz-de-dominguez-en-jahuara-ll\/","title":{"rendered":"Gobierno de El Fuerte rehabilita Escuela Josefa Ortiz de Dom\u00ednguez en Jahuara ll"},"content":{"rendered":"\n<p><strong><em>El Aacalde Gildardo Leyva Ortega en compa\u00f1\u00eda de su gabinete acudi\u00f3 a la comunidad con el objetivo de mejorar las condiciones de la instituci\u00f3n educativa<\/em><\/strong><\/p>\n\n\n\n<p>El Fuerte, Sin.- Con actitud de servicio y herramienta en mano, funcionarios del H. Ayuntamiento de El Fuerte, asistieron a la comunidad de Jahuara ll, para realizar trabajos de rehabilitaci\u00f3n en la Escuela Primaria Josefa Ortiz de Dom\u00ednguez. Limpieza, trabajos de pintura, poda de \u00e1rboles, fueron algunas de las principales actividades que llevaron a cabo los funcionarios. La comitiva fue encabezada por el Presidente Municipal, Gildardo Leyva Ortega, quien adem\u00e1s hizo entrega de material deportivo para los alumnos.<\/p>\n\n\n\n<figure class=\"wp-block-gallery has-nested-images columns-default is-cropped wp-block-gallery-1 is-layout-flex wp-block-gallery-is-layout-flex\">\n<figure class=\"wp-block-image size-large\"><img decoding=\"async\" width=\"1024\" height=\"682\" data-id=\"52282\" src=\"https:\/\/fuentesfidedignas.com.mx\/wp-content\/uploads\/2023\/07\/1000090109-1024x682.jpg\" alt=\"\" class=\"wp-image-52282\" srcset=\"https:\/\/fuentesfidedignas.com.mx\/wp-content\/uploads\/2023\/07\/1000090109-1024x682.jpg 1024w, https:\/\/fuentesfidedignas.com.mx\/wp-content\/uploads\/2023\/07\/1000090109-300x200.jpg 300w, https:\/\/fuentesfidedignas.com.mx\/wp-content\/uploads\/2023\/07\/1000090109-768x512.jpg 768w, https:\/\/fuentesfidedignas.com.mx\/wp-content\/uploads\/2023\/07\/1000090109-1536x1023.jpg 1536w, https:\/\/fuentesfidedignas.com.mx\/wp-content\/uploads\/2023\/07\/1000090109.jpg 1600w\" sizes=\"(max-width: 1024px) 100vw, 1024px\" \/><\/figure>\n\n\n\n<figure class=\"wp-block-image size-large\"><img decoding=\"async\" width=\"640\" height=\"426\" data-id=\"52276\" src=\"https:\/\/fuentesfidedignas.com.mx\/wp-content\/uploads\/2023\/07\/1000090119.jpg\" alt=\"\" class=\"wp-image-52276\" srcset=\"https:\/\/fuentesfidedignas.com.mx\/wp-content\/uploads\/2023\/07\/1000090119.jpg 640w, https:\/\/fuentesfidedignas.com.mx\/wp-content\/uploads\/2023\/07\/1000090119-300x200.jpg 300w\" sizes=\"(max-width: 640px) 100vw, 640px\" \/><\/figure>\n\n\n\n<figure class=\"wp-block-image size-large\"><img decoding=\"async\" width=\"1024\" height=\"682\" data-id=\"52280\" src=\"https:\/\/fuentesfidedignas.com.mx\/wp-content\/uploads\/2023\/07\/1000090107-1024x682.jpg\" alt=\"\" class=\"wp-image-52280\" srcset=\"https:\/\/fuentesfidedignas.com.mx\/wp-content\/uploads\/2023\/07\/1000090107-1024x682.jpg 1024w, https:\/\/fuentesfidedignas.com.mx\/wp-content\/uploads\/2023\/07\/1000090107-300x200.jpg 300w, https:\/\/fuentesfidedignas.com.mx\/wp-content\/uploads\/2023\/07\/1000090107-768x512.jpg 768w, https:\/\/fuentesfidedignas.com.mx\/wp-content\/uploads\/2023\/07\/1000090107-1536x1023.jpg 1536w, https:\/\/fuentesfidedignas.com.mx\/wp-content\/uploads\/2023\/07\/1000090107.jpg 1600w\" sizes=\"(max-width: 1024px) 100vw, 1024px\" \/><\/figure>\n\n\n\n<figure class=\"wp-block-image size-large\"><img decoding=\"async\" width=\"640\" height=\"388\" data-id=\"52277\" src=\"https:\/\/fuentesfidedignas.com.mx\/wp-content\/uploads\/2023\/07\/1000090117.jpg\" alt=\"\" class=\"wp-image-52277\" srcset=\"https:\/\/fuentesfidedignas.com.mx\/wp-content\/uploads\/2023\/07\/1000090117.jpg 640w, https:\/\/fuentesfidedignas.com.mx\/wp-content\/uploads\/2023\/07\/1000090117-300x182.jpg 300w\" sizes=\"(max-width: 640px) 100vw, 640px\" \/><\/figure>\n\n\n\n<figure class=\"wp-block-image size-large\"><img decoding=\"async\" width=\"1024\" height=\"682\" data-id=\"52283\" src=\"https:\/\/fuentesfidedignas.com.mx\/wp-content\/uploads\/2023\/07\/1000090105-1024x682.jpg\" alt=\"\" class=\"wp-image-52283\" srcset=\"https:\/\/fuentesfidedignas.com.mx\/wp-content\/uploads\/2023\/07\/1000090105-1024x682.jpg 1024w, https:\/\/fuentesfidedignas.com.mx\/wp-content\/uploads\/2023\/07\/1000090105-300x200.jpg 300w, https:\/\/fuentesfidedignas.com.mx\/wp-content\/uploads\/2023\/07\/1000090105-768x512.jpg 768w, https:\/\/fuentesfidedignas.com.mx\/wp-content\/uploads\/2023\/07\/1000090105-1536x1023.jpg 1536w, https:\/\/fuentesfidedignas.com.mx\/wp-content\/uploads\/2023\/07\/1000090105.jpg 1600w\" sizes=\"(max-width: 1024px) 100vw, 1024px\" \/><\/figure>\n\n\n\n<figure class=\"wp-block-image size-large\"><img decoding=\"async\" width=\"640\" height=\"499\" data-id=\"52278\" src=\"https:\/\/fuentesfidedignas.com.mx\/wp-content\/uploads\/2023\/07\/1000090115.jpg\" alt=\"\" class=\"wp-image-52278\" srcset=\"https:\/\/fuentesfidedignas.com.mx\/wp-content\/uploads\/2023\/07\/1000090115.jpg 640w, https:\/\/fuentesfidedignas.com.mx\/wp-content\/uploads\/2023\/07\/1000090115-300x234.jpg 300w\" sizes=\"(max-width: 640px) 100vw, 640px\" \/><\/figure>\n\n\n\n<figure class=\"wp-block-image size-large\"><img decoding=\"async\" width=\"640\" height=\"426\" data-id=\"52279\" src=\"https:\/\/fuentesfidedignas.com.mx\/wp-content\/uploads\/2023\/07\/1000090111.jpg\" alt=\"\" class=\"wp-image-52279\" srcset=\"https:\/\/fuentesfidedignas.com.mx\/wp-content\/uploads\/2023\/07\/1000090111.jpg 640w, https:\/\/fuentesfidedignas.com.mx\/wp-content\/uploads\/2023\/07\/1000090111-300x200.jpg 300w\" sizes=\"(max-width: 640px) 100vw, 640px\" \/><\/figure>\n\n\n\n<figure class=\"wp-block-image size-large\"><img decoding=\"async\" width=\"640\" height=\"426\" data-id=\"52281\" src=\"https:\/\/fuentesfidedignas.com.mx\/wp-content\/uploads\/2023\/07\/1000090121.jpg\" alt=\"\" class=\"wp-image-52281\" srcset=\"https:\/\/fuentesfidedignas.com.mx\/wp-content\/uploads\/2023\/07\/1000090121.jpg 640w, https:\/\/fuentesfidedignas.com.mx\/wp-content\/uploads\/2023\/07\/1000090121-300x200.jpg 300w\" sizes=\"(max-width: 640px) 100vw, 640px\" \/><\/figure>\n<\/figure>\n\n\n\n<p>El Director de esta instituci\u00f3n, extern\u00f3 su agradecimiento al Alcalde, haciendo reconocimiento del equipo de trabajo con el que cuenta el mandatario. A esta actividad, se unieron algunos padres de familia, personal docente y habitantes de la sindicatura, en agradecimiento a las atenciones brindadas por el gobierno municipal.<\/p>\n\n\n\n<p>Leyva Ortega aprovech\u00f3 la visita para revisar las instalaciones y atendi\u00f3 a la ciudadan\u00eda que se acerc\u00f3 a realizar peticiones para la localidad. Adem\u00e1s acord\u00f3 con los presentes, realizar este tipo de campa\u00f1as en otros puntos que tambien lo requieren.<\/p>\n\n\n\n<p><strong>\u201cEs nuestra obligaci\u00f3n, trabajar para ustedes, por eso nos pusieron aqu\u00ed, esto es producto de que queremos que esto cambie, que a los pol\u00edticos nos vean igual que ustedes. Estamos haciendo un gran equipo, ellos los s\u00e1bados no trabajan y cada dos s\u00e1bados salimos a hacer una actividad como esta, de la cual me siento muy orgulloso y nos ha ido bien por todos lados<\/strong>\u201d agreg\u00f3 el mun\u00edcipe.<\/p>\n\n\n\n<p>Por \u00faltimo, el alcalde invit\u00f3 a la ciudadan\u00eda a que se involucre en las tareas de rehabilitaci\u00f3n que se lleven a cabo cerca de sus hogares, ya sea en instituciones educativas a lugares recreativos, de igual forma a las personas que tengan inter\u00e9s en organizar estas actividades para sus comunidades, se pongan en contacto con la autoridad m\u00e1s cercana para programar estas visitas.<\/p>\n","protected":false},"excerpt":{"rendered":"<p>El Aacalde Gildardo Leyva Ortega en compa\u00f1\u00eda de su gabinete acudi\u00f3 a la comunidad con el objetivo de mejorar las condiciones de la instituci\u00f3n educativa El Fuerte, Sin.- Con actitud de servicio y herramienta en mano, funcionarios del H. Ayuntamiento de El Fuerte, asistieron a la comunidad de Jahuara ll, para realizar trabajos de rehabilitaci\u00f3n [&hellip;]<\/p>\n","protected":false},"author":4,"featured_media":52285,"comment_status":"open","ping_status":"open","sticky":false,"template":"","format":"standard","meta":{"tdm_status":"","tdm_grid_status":"","footnotes":""},"categories":[38,1],"tags":[],"class_list":{"0":"post-52275","1":"post","2":"type-post","3":"status-publish","4":"format-standard","5":"has-post-thumbnail","7":"category-noticias-locales","8":"category-sin-categoria"},"yoast_head":"<!-- This site is optimized with the Yoast SEO plugin v27.4 - https:\/\/yoast.com\/product\/yoast-seo-wordpress\/ -->\n<title>Gobierno de El Fuerte rehabilita Escuela Josefa Ortiz de Dom\u00ednguez en Jahuara ll - Fuentes Fidedignas<\/title>\n<meta name=\"robots\" content=\"index, follow, max-snippet:-1, max-image-preview:large, max-video-preview:-1\" \/>\n<link rel=\"canonical\" href=\"https:\/\/fuentesfidedignas.com.mx\/index.php\/2023\/07\/08\/gobierno-de-el-fuerte-rehabilita-escuela-josefa-ortiz-de-dominguez-en-jahuara-ll\/\" \/>\n<meta property=\"og:locale\" content=\"es_MX\" \/>\n<meta property=\"og:type\" content=\"article\" \/>\n<meta property=\"og:title\" content=\"Gobierno de El Fuerte rehabilita Escuela Josefa Ortiz de Dom\u00ednguez en Jahuara ll - Fuentes Fidedignas\" \/>\n<meta property=\"og:description\" content=\"El Aacalde Gildardo Leyva Ortega en compa\u00f1\u00eda de su gabinete acudi\u00f3 a la comunidad con el objetivo de mejorar las condiciones de la instituci\u00f3n educativa El Fuerte, Sin.- Con actitud de servicio y herramienta en mano, funcionarios del H. Ayuntamiento de El Fuerte, asistieron a la comunidad de Jahuara ll, para realizar trabajos de rehabilitaci\u00f3n [&hellip;]\" \/>\n<meta property=\"og:url\" content=\"https:\/\/fuentesfidedignas.com.mx\/index.php\/2023\/07\/08\/gobierno-de-el-fuerte-rehabilita-escuela-josefa-ortiz-de-dominguez-en-jahuara-ll\/\" \/>\n<meta property=\"og:site_name\" content=\"Fuentes Fidedignas\" \/>\n<meta property=\"article:publisher\" content=\"https:\/\/www.facebook.com\/Fuentes-Fidedignas-368234489921644\" \/>\n<meta property=\"article:published_time\" content=\"2023-07-08T18:51:26+00:00\" \/>\n<meta property=\"article:modified_time\" content=\"2023-07-09T02:37:02+00:00\" \/>\n<meta property=\"og:image\" content=\"https:\/\/fuentesfidedignas.com.mx\/wp-content\/uploads\/2023\/07\/1000090109-1024x682.jpg\" \/>\n<meta name=\"author\" content=\"Redacci\u00f3n\" \/>\n<meta name=\"twitter:card\" content=\"summary_large_image\" \/>\n<meta name=\"twitter:creator\" content=\"@fidedignas\" \/>\n<meta name=\"twitter:site\" content=\"@fidedignas\" \/>\n<meta name=\"twitter:label1\" content=\"Escrito por\" \/>\n\t<meta name=\"twitter:data1\" content=\"Redacci\u00f3n\" \/>\n\t<meta name=\"twitter:label2\" content=\"Tiempo de lectura\" \/>\n\t<meta name=\"twitter:data2\" content=\"4 minutos\" \/>\n<script type=\"application\/ld+json\" class=\"yoast-schema-graph\">{\"@context\":\"https:\\\/\\\/schema.org\",\"@graph\":[{\"@type\":\"Article\",\"@id\":\"https:\\\/\\\/fuentesfidedignas.com.mx\\\/index.php\\\/2023\\\/07\\\/08\\\/gobierno-de-el-fuerte-rehabilita-escuela-josefa-ortiz-de-dominguez-en-jahuara-ll\\\/#article\",\"isPartOf\":{\"@id\":\"https:\\\/\\\/fuentesfidedignas.com.mx\\\/index.php\\\/2023\\\/07\\\/08\\\/gobierno-de-el-fuerte-rehabilita-escuela-josefa-ortiz-de-dominguez-en-jahuara-ll\\\/\"},\"author\":{\"name\":\"Redacci\u00f3n\",\"@id\":\"https:\\\/\\\/fuentesfidedignas.com.mx\\\/#\\\/schema\\\/person\\\/331be9283d37198e2acd5750279085b0\"},\"headline\":\"Gobierno de El Fuerte rehabilita Escuela Josefa Ortiz de Dom\u00ednguez en Jahuara ll\",\"datePublished\":\"2023-07-08T18:51:26+00:00\",\"dateModified\":\"2023-07-09T02:37:02+00:00\",\"mainEntityOfPage\":{\"@id\":\"https:\\\/\\\/fuentesfidedignas.com.mx\\\/index.php\\\/2023\\\/07\\\/08\\\/gobierno-de-el-fuerte-rehabilita-escuela-josefa-ortiz-de-dominguez-en-jahuara-ll\\\/\"},\"wordCount\":355,\"commentCount\":0,\"publisher\":{\"@id\":\"https:\\\/\\\/fuentesfidedignas.com.mx\\\/#organization\"},\"image\":{\"@id\":\"https:\\\/\\\/fuentesfidedignas.com.mx\\\/index.php\\\/2023\\\/07\\\/08\\\/gobierno-de-el-fuerte-rehabilita-escuela-josefa-ortiz-de-dominguez-en-jahuara-ll\\\/#primaryimage\"},\"thumbnailUrl\":\"https:\\\/\\\/fuentesfidedignas.com.mx\\\/wp-content\\\/uploads\\\/2023\\\/07\\\/IMG-20230708-WA0022.jpg\",\"articleSection\":[\"NOTICIAS LOCALES\"],\"inLanguage\":\"es\",\"potentialAction\":[{\"@type\":\"CommentAction\",\"name\":\"Comment\",\"target\":[\"https:\\\/\\\/fuentesfidedignas.com.mx\\\/index.php\\\/2023\\\/07\\\/08\\\/gobierno-de-el-fuerte-rehabilita-escuela-josefa-ortiz-de-dominguez-en-jahuara-ll\\\/#respond\"]}]},{\"@type\":\"WebPage\",\"@id\":\"https:\\\/\\\/fuentesfidedignas.com.mx\\\/index.php\\\/2023\\\/07\\\/08\\\/gobierno-de-el-fuerte-rehabilita-escuela-josefa-ortiz-de-dominguez-en-jahuara-ll\\\/\",\"url\":\"https:\\\/\\\/fuentesfidedignas.com.mx\\\/index.php\\\/2023\\\/07\\\/08\\\/gobierno-de-el-fuerte-rehabilita-escuela-josefa-ortiz-de-dominguez-en-jahuara-ll\\\/\",\"name\":\"Gobierno de El Fuerte rehabilita Escuela Josefa Ortiz de Dom\u00ednguez en Jahuara ll - Fuentes Fidedignas\",\"isPartOf\":{\"@id\":\"https:\\\/\\\/fuentesfidedignas.com.mx\\\/#website\"},\"primaryImageOfPage\":{\"@id\":\"https:\\\/\\\/fuentesfidedignas.com.mx\\\/index.php\\\/2023\\\/07\\\/08\\\/gobierno-de-el-fuerte-rehabilita-escuela-josefa-ortiz-de-dominguez-en-jahuara-ll\\\/#primaryimage\"},\"image\":{\"@id\":\"https:\\\/\\\/fuentesfidedignas.com.mx\\\/index.php\\\/2023\\\/07\\\/08\\\/gobierno-de-el-fuerte-rehabilita-escuela-josefa-ortiz-de-dominguez-en-jahuara-ll\\\/#primaryimage\"},\"thumbnailUrl\":\"https:\\\/\\\/fuentesfidedignas.com.mx\\\/wp-content\\\/uploads\\\/2023\\\/07\\\/IMG-20230708-WA0022.jpg\",\"datePublished\":\"2023-07-08T18:51:26+00:00\",\"dateModified\":\"2023-07-09T02:37:02+00:00\",\"breadcrumb\":{\"@id\":\"https:\\\/\\\/fuentesfidedignas.com.mx\\\/index.php\\\/2023\\\/07\\\/08\\\/gobierno-de-el-fuerte-rehabilita-escuela-josefa-ortiz-de-dominguez-en-jahuara-ll\\\/#breadcrumb\"},\"inLanguage\":\"es\",\"potentialAction\":[{\"@type\":\"ReadAction\",\"target\":[\"https:\\\/\\\/fuentesfidedignas.com.mx\\\/index.php\\\/2023\\\/07\\\/08\\\/gobierno-de-el-fuerte-rehabilita-escuela-josefa-ortiz-de-dominguez-en-jahuara-ll\\\/\"]}]},{\"@type\":\"ImageObject\",\"inLanguage\":\"es\",\"@id\":\"https:\\\/\\\/fuentesfidedignas.com.mx\\\/index.php\\\/2023\\\/07\\\/08\\\/gobierno-de-el-fuerte-rehabilita-escuela-josefa-ortiz-de-dominguez-en-jahuara-ll\\\/#primaryimage\",\"url\":\"https:\\\/\\\/fuentesfidedignas.com.mx\\\/wp-content\\\/uploads\\\/2023\\\/07\\\/IMG-20230708-WA0022.jpg\",\"contentUrl\":\"https:\\\/\\\/fuentesfidedignas.com.mx\\\/wp-content\\\/uploads\\\/2023\\\/07\\\/IMG-20230708-WA0022.jpg\",\"width\":640,\"height\":426},{\"@type\":\"BreadcrumbList\",\"@id\":\"https:\\\/\\\/fuentesfidedignas.com.mx\\\/index.php\\\/2023\\\/07\\\/08\\\/gobierno-de-el-fuerte-rehabilita-escuela-josefa-ortiz-de-dominguez-en-jahuara-ll\\\/#breadcrumb\",\"itemListElement\":[{\"@type\":\"ListItem\",\"position\":1,\"name\":\"Inicio\",\"item\":\"https:\\\/\\\/fuentesfidedignas.com.mx\\\/\"},{\"@type\":\"ListItem\",\"position\":2,\"name\":\"Gobierno de El Fuerte rehabilita Escuela Josefa Ortiz de Dom\u00ednguez en Jahuara ll\"}]},{\"@type\":\"WebSite\",\"@id\":\"https:\\\/\\\/fuentesfidedignas.com.mx\\\/#website\",\"url\":\"https:\\\/\\\/fuentesfidedignas.com.mx\\\/\",\"name\":\"Fuentes Fidedignas\",\"description\":\"Otro sitio realizado con WordPress\",\"publisher\":{\"@id\":\"https:\\\/\\\/fuentesfidedignas.com.mx\\\/#organization\"},\"potentialAction\":[{\"@type\":\"SearchAction\",\"target\":{\"@type\":\"EntryPoint\",\"urlTemplate\":\"https:\\\/\\\/fuentesfidedignas.com.mx\\\/?s={search_term_string}\"},\"query-input\":{\"@type\":\"PropertyValueSpecification\",\"valueRequired\":true,\"valueName\":\"search_term_string\"}}],\"inLanguage\":\"es\"},{\"@type\":\"Organization\",\"@id\":\"https:\\\/\\\/fuentesfidedignas.com.mx\\\/#organization\",\"name\":\"Fuentes Fidedignas\",\"url\":\"https:\\\/\\\/fuentesfidedignas.com.mx\\\/\",\"logo\":{\"@type\":\"ImageObject\",\"inLanguage\":\"es\",\"@id\":\"https:\\\/\\\/fuentesfidedignas.com.mx\\\/#\\\/schema\\\/logo\\\/image\\\/\",\"url\":\"https:\\\/\\\/fuentesfidedignas.com.mx\\\/wp-content\\\/uploads\\\/2021\\\/04\\\/logo-retina.png\",\"contentUrl\":\"https:\\\/\\\/fuentesfidedignas.com.mx\\\/wp-content\\\/uploads\\\/2021\\\/04\\\/logo-retina.png\",\"width\":280,\"height\":51,\"caption\":\"Fuentes Fidedignas\"},\"image\":{\"@id\":\"https:\\\/\\\/fuentesfidedignas.com.mx\\\/#\\\/schema\\\/logo\\\/image\\\/\"},\"sameAs\":[\"https:\\\/\\\/www.facebook.com\\\/Fuentes-Fidedignas-368234489921644\",\"https:\\\/\\\/x.com\\\/fidedignas\"]},{\"@type\":\"Person\",\"@id\":\"https:\\\/\\\/fuentesfidedignas.com.mx\\\/#\\\/schema\\\/person\\\/331be9283d37198e2acd5750279085b0\",\"name\":\"Redacci\u00f3n\",\"image\":{\"@type\":\"ImageObject\",\"inLanguage\":\"es\",\"@id\":\"https:\\\/\\\/secure.gravatar.com\\\/avatar\\\/f6d8782c11d12b2d4ad3fbb6931aeab5309937a4d6cd2fc9cfaa28a6396a5aec?s=96&d=mm&r=g\",\"url\":\"https:\\\/\\\/secure.gravatar.com\\\/avatar\\\/f6d8782c11d12b2d4ad3fbb6931aeab5309937a4d6cd2fc9cfaa28a6396a5aec?s=96&d=mm&r=g\",\"contentUrl\":\"https:\\\/\\\/secure.gravatar.com\\\/avatar\\\/f6d8782c11d12b2d4ad3fbb6931aeab5309937a4d6cd2fc9cfaa28a6396a5aec?s=96&d=mm&r=g\",\"caption\":\"Redacci\u00f3n\"},\"url\":\"https:\\\/\\\/fuentesfidedignas.com.mx\\\/index.php\\\/author\\\/redaccion\\\/\"}]}<\/script>\n<!-- \/ Yoast SEO plugin. -->","yoast_head_json":{"title":"Gobierno de El Fuerte rehabilita Escuela Josefa Ortiz de Dom\u00ednguez en Jahuara ll - Fuentes Fidedignas","robots":{"index":"index","follow":"follow","max-snippet":"max-snippet:-1","max-image-preview":"max-image-preview:large","max-video-preview":"max-video-preview:-1"},"canonical":"https:\/\/fuentesfidedignas.com.mx\/index.php\/2023\/07\/08\/gobierno-de-el-fuerte-rehabilita-escuela-josefa-ortiz-de-dominguez-en-jahuara-ll\/","og_locale":"es_MX","og_type":"article","og_title":"Gobierno de El Fuerte rehabilita Escuela Josefa Ortiz de Dom\u00ednguez en Jahuara ll - Fuentes Fidedignas","og_description":"El Aacalde Gildardo Leyva Ortega en compa\u00f1\u00eda de su gabinete acudi\u00f3 a la comunidad con el objetivo de mejorar las condiciones de la instituci\u00f3n educativa El Fuerte, Sin.- Con actitud de servicio y herramienta en mano, funcionarios del H. Ayuntamiento de El Fuerte, asistieron a la comunidad de Jahuara ll, para realizar trabajos de rehabilitaci\u00f3n [&hellip;]","og_url":"https:\/\/fuentesfidedignas.com.mx\/index.php\/2023\/07\/08\/gobierno-de-el-fuerte-rehabilita-escuela-josefa-ortiz-de-dominguez-en-jahuara-ll\/","og_site_name":"Fuentes Fidedignas","article_publisher":"https:\/\/www.facebook.com\/Fuentes-Fidedignas-368234489921644","article_published_time":"2023-07-08T18:51:26+00:00","article_modified_time":"2023-07-09T02:37:02+00:00","og_image":[{"url":"https:\/\/fuentesfidedignas.com.mx\/wp-content\/uploads\/2023\/07\/1000090109-1024x682.jpg","type":"","width":"","height":""}],"author":"Redacci\u00f3n","twitter_card":"summary_large_image","twitter_creator":"@fidedignas","twitter_site":"@fidedignas","twitter_misc":{"Escrito por":"Redacci\u00f3n","Tiempo de lectura":"4 minutos"},"schema":{"@context":"https:\/\/schema.org","@graph":[{"@type":"Article","@id":"https:\/\/fuentesfidedignas.com.mx\/index.php\/2023\/07\/08\/gobierno-de-el-fuerte-rehabilita-escuela-josefa-ortiz-de-dominguez-en-jahuara-ll\/#article","isPartOf":{"@id":"https:\/\/fuentesfidedignas.com.mx\/index.php\/2023\/07\/08\/gobierno-de-el-fuerte-rehabilita-escuela-josefa-ortiz-de-dominguez-en-jahuara-ll\/"},"author":{"name":"Redacci\u00f3n","@id":"https:\/\/fuentesfidedignas.com.mx\/#\/schema\/person\/331be9283d37198e2acd5750279085b0"},"headline":"Gobierno de El Fuerte rehabilita Escuela Josefa Ortiz de Dom\u00ednguez en Jahuara ll","datePublished":"2023-07-08T18:51:26+00:00","dateModified":"2023-07-09T02:37:02+00:00","mainEntityOfPage":{"@id":"https:\/\/fuentesfidedignas.com.mx\/index.php\/2023\/07\/08\/gobierno-de-el-fuerte-rehabilita-escuela-josefa-ortiz-de-dominguez-en-jahuara-ll\/"},"wordCount":355,"commentCount":0,"publisher":{"@id":"https:\/\/fuentesfidedignas.com.mx\/#organization"},"image":{"@id":"https:\/\/fuentesfidedignas.com.mx\/index.php\/2023\/07\/08\/gobierno-de-el-fuerte-rehabilita-escuela-josefa-ortiz-de-dominguez-en-jahuara-ll\/#primaryimage"},"thumbnailUrl":"https:\/\/fuentesfidedignas.com.mx\/wp-content\/uploads\/2023\/07\/IMG-20230708-WA0022.jpg","articleSection":["NOTICIAS LOCALES"],"inLanguage":"es","potentialAction":[{"@type":"CommentAction","name":"Comment","target":["https:\/\/fuentesfidedignas.com.mx\/index.php\/2023\/07\/08\/gobierno-de-el-fuerte-rehabilita-escuela-josefa-ortiz-de-dominguez-en-jahuara-ll\/#respond"]}]},{"@type":"WebPage","@id":"https:\/\/fuentesfidedignas.com.mx\/index.php\/2023\/07\/08\/gobierno-de-el-fuerte-rehabilita-escuela-josefa-ortiz-de-dominguez-en-jahuara-ll\/","url":"https:\/\/fuentesfidedignas.com.mx\/index.php\/2023\/07\/08\/gobierno-de-el-fuerte-rehabilita-escuela-josefa-ortiz-de-dominguez-en-jahuara-ll\/","name":"Gobierno de El Fuerte rehabilita Escuela Josefa Ortiz de Dom\u00ednguez en Jahuara ll - Fuentes Fidedignas","isPartOf":{"@id":"https:\/\/fuentesfidedignas.com.mx\/#website"},"primaryImageOfPage":{"@id":"https:\/\/fuentesfidedignas.com.mx\/index.php\/2023\/07\/08\/gobierno-de-el-fuerte-rehabilita-escuela-josefa-ortiz-de-dominguez-en-jahuara-ll\/#primaryimage"},"image":{"@id":"https:\/\/fuentesfidedignas.com.mx\/index.php\/2023\/07\/08\/gobierno-de-el-fuerte-rehabilita-escuela-josefa-ortiz-de-dominguez-en-jahuara-ll\/#primaryimage"},"thumbnailUrl":"https:\/\/fuentesfidedignas.com.mx\/wp-content\/uploads\/2023\/07\/IMG-20230708-WA0022.jpg","datePublished":"2023-07-08T18:51:26+00:00","dateModified":"2023-07-09T02:37:02+00:00","breadcrumb":{"@id":"https:\/\/fuentesfidedignas.com.mx\/index.php\/2023\/07\/08\/gobierno-de-el-fuerte-rehabilita-escuela-josefa-ortiz-de-dominguez-en-jahuara-ll\/#breadcrumb"},"inLanguage":"es","potentialAction":[{"@type":"ReadAction","target":["https:\/\/fuentesfidedignas.com.mx\/index.php\/2023\/07\/08\/gobierno-de-el-fuerte-rehabilita-escuela-josefa-ortiz-de-dominguez-en-jahuara-ll\/"]}]},{"@type":"ImageObject","inLanguage":"es","@id":"https:\/\/fuentesfidedignas.com.mx\/index.php\/2023\/07\/08\/gobierno-de-el-fuerte-rehabilita-escuela-josefa-ortiz-de-dominguez-en-jahuara-ll\/#primaryimage","url":"https:\/\/fuentesfidedignas.com.mx\/wp-content\/uploads\/2023\/07\/IMG-20230708-WA0022.jpg","contentUrl":"https:\/\/fuentesfidedignas.com.mx\/wp-content\/uploads\/2023\/07\/IMG-20230708-WA0022.jpg","width":640,"height":426},{"@type":"BreadcrumbList","@id":"https:\/\/fuentesfidedignas.com.mx\/index.php\/2023\/07\/08\/gobierno-de-el-fuerte-rehabilita-escuela-josefa-ortiz-de-dominguez-en-jahuara-ll\/#breadcrumb","itemListElement":[{"@type":"ListItem","position":1,"name":"Inicio","item":"https:\/\/fuentesfidedignas.com.mx\/"},{"@type":"ListItem","position":2,"name":"Gobierno de El Fuerte rehabilita Escuela Josefa Ortiz de Dom\u00ednguez en Jahuara ll"}]},{"@type":"WebSite","@id":"https:\/\/fuentesfidedignas.com.mx\/#website","url":"https:\/\/fuentesfidedignas.com.mx\/","name":"Fuentes Fidedignas","description":"Otro sitio realizado con WordPress","publisher":{"@id":"https:\/\/fuentesfidedignas.com.mx\/#organization"},"potentialAction":[{"@type":"SearchAction","target":{"@type":"EntryPoint","urlTemplate":"https:\/\/fuentesfidedignas.com.mx\/?s={search_term_string}"},"query-input":{"@type":"PropertyValueSpecification","valueRequired":true,"valueName":"search_term_string"}}],"inLanguage":"es"},{"@type":"Organization","@id":"https:\/\/fuentesfidedignas.com.mx\/#organization","name":"Fuentes Fidedignas","url":"https:\/\/fuentesfidedignas.com.mx\/","logo":{"@type":"ImageObject","inLanguage":"es","@id":"https:\/\/fuentesfidedignas.com.mx\/#\/schema\/logo\/image\/","url":"https:\/\/fuentesfidedignas.com.mx\/wp-content\/uploads\/2021\/04\/logo-retina.png","contentUrl":"https:\/\/fuentesfidedignas.com.mx\/wp-content\/uploads\/2021\/04\/logo-retina.png","width":280,"height":51,"caption":"Fuentes Fidedignas"},"image":{"@id":"https:\/\/fuentesfidedignas.com.mx\/#\/schema\/logo\/image\/"},"sameAs":["https:\/\/www.facebook.com\/Fuentes-Fidedignas-368234489921644","https:\/\/x.com\/fidedignas"]},{"@type":"Person","@id":"https:\/\/fuentesfidedignas.com.mx\/#\/schema\/person\/331be9283d37198e2acd5750279085b0","name":"Redacci\u00f3n","image":{"@type":"ImageObject","inLanguage":"es","@id":"https:\/\/secure.gravatar.com\/avatar\/f6d8782c11d12b2d4ad3fbb6931aeab5309937a4d6cd2fc9cfaa28a6396a5aec?s=96&d=mm&r=g","url":"https:\/\/secure.gravatar.com\/avatar\/f6d8782c11d12b2d4ad3fbb6931aeab5309937a4d6cd2fc9cfaa28a6396a5aec?s=96&d=mm&r=g","contentUrl":"https:\/\/secure.gravatar.com\/avatar\/f6d8782c11d12b2d4ad3fbb6931aeab5309937a4d6cd2fc9cfaa28a6396a5aec?s=96&d=mm&r=g","caption":"Redacci\u00f3n"},"url":"https:\/\/fuentesfidedignas.com.mx\/index.php\/author\/redaccion\/"}]}},"_links":{"self":[{"href":"https:\/\/fuentesfidedignas.com.mx\/index.php\/wp-json\/wp\/v2\/posts\/52275","targetHints":{"allow":["GET"]}}],"collection":[{"href":"https:\/\/fuentesfidedignas.com.mx\/index.php\/wp-json\/wp\/v2\/posts"}],"about":[{"href":"https:\/\/fuentesfidedignas.com.mx\/index.php\/wp-json\/wp\/v2\/types\/post"}],"author":[{"embeddable":true,"href":"https:\/\/fuentesfidedignas.com.mx\/index.php\/wp-json\/wp\/v2\/users\/4"}],"replies":[{"embeddable":true,"href":"https:\/\/fuentesfidedignas.com.mx\/index.php\/wp-json\/wp\/v2\/comments?post=52275"}],"version-history":[{"count":1,"href":"https:\/\/fuentesfidedignas.com.mx\/index.php\/wp-json\/wp\/v2\/posts\/52275\/revisions"}],"predecessor-version":[{"id":52284,"href":"https:\/\/fuentesfidedignas.com.mx\/index.php\/wp-json\/wp\/v2\/posts\/52275\/revisions\/52284"}],"wp:featuredmedia":[{"embeddable":true,"href":"https:\/\/fuentesfidedignas.com.mx\/index.php\/wp-json\/wp\/v2\/media\/52285"}],"wp:attachment":[{"href":"https:\/\/fuentesfidedignas.com.mx\/index.php\/wp-json\/wp\/v2\/media?parent=52275"}],"wp:term":[{"taxonomy":"category","embeddable":true,"href":"https:\/\/fuentesfidedignas.com.mx\/index.php\/wp-json\/wp\/v2\/categories?post=52275"},{"taxonomy":"post_tag","embeddable":true,"href":"https:\/\/fuentesfidedignas.com.mx\/index.php\/wp-json\/wp\/v2\/tags?post=52275"}],"curies":[{"name":"wp","href":"https:\/\/api.w.org\/{rel}","templated":true}]}}