{"id":52270,"date":"2023-07-08T18:33:40","date_gmt":"2023-07-09T01:33:40","guid":{"rendered":"https:\/\/fuentesfidedignas.com.mx\/?p=52270"},"modified":"2023-07-08T19:11:06","modified_gmt":"2023-07-09T02:11:06","slug":"pr-piden-consciencia-para-ni-ensuciar-el-malecon-de-mazatlan","status":"publish","type":"post","link":"https:\/\/fuentesfidedignas.com.mx\/index.php\/2023\/07\/08\/pr-piden-consciencia-para-ni-ensuciar-el-malecon-de-mazatlan\/","title":{"rendered":"\u00a1Por favor! Piden consciencia para no ensuciar el malec\u00f3n de Mazatl\u00e1n"},"content":{"rendered":"\n<p><em><strong>Llama Gobierno Municipal a locales y turistas a hacer consciencia evitando da\u00f1ar la imagen y el medio ambiente generando basura en el malec\u00f3n<\/strong><\/em><\/p>\n\n\n\n<p>Mazatl\u00e1n, Sin.- En busca de mantener la limpieza y buena imagen del malec\u00f3n, que es uno de los principales atractivos tur\u00edsticos del puerto, el Gobierno Municipal, a trav\u00e9s de la direcci\u00f3n de Servicios P\u00fablicos y diversas dependencias mantiene operativos permanentes de orden y limpieza en la franja costera.<\/p>\n\n\n\n<p>Adem\u00e1s de la recolecci\u00f3n de basura, barrido humano, con la participaci\u00f3n de \u00e1reas como Oficial\u00eda Mayor, Ecolog\u00eda y Seguridad P\u00fablica, se busca hacer un llamado de atenci\u00f3n a quienes conviven en el malec\u00f3n para que eviten dejar basura producto de la ingesta de alimentos o bebidas embriagantes.<\/p>\n\n\n\n<p>Esta conducta genera en espacios muy concurridos como Olas Altas y el parador fotogr\u00e1fico de las letras de Mazatl\u00e1n, una cantidad importante de desechos que quedan regados en las banquetas, el malec\u00f3n e incluso el arroyo vial, generando mal aspecto y contaminaci\u00f3n ambiental que afecta a la ciudad y a quienes conviven en esos puntos de inter\u00e9s tur\u00edstico.<\/p>\n\n\n\n<p>Ante esta situaci\u00f3n, el Gobierno de Mazatl\u00e1n que encabeza Edgar Gonz\u00e1lez, reitera el llamado a locales y turistas a trabajar en conjunto con las autoridades para mantener limpio el puerto y con ello la buena imagen del destino.<\/p>\n","protected":false},"excerpt":{"rendered":"<p>Llama Gobierno Municipal a locales y turistas a hacer consciencia evitando da\u00f1ar la imagen y el medio ambiente generando basura en el malec\u00f3n Mazatl\u00e1n, Sin.- En busca de mantener la limpieza y buena imagen del malec\u00f3n, que es uno de los principales atractivos tur\u00edsticos del puerto, el Gobierno Municipal, a trav\u00e9s de la direcci\u00f3n de [&hellip;]<\/p>\n","protected":false},"author":4,"featured_media":52272,"comment_status":"open","ping_status":"open","sticky":false,"template":"","format":"standard","meta":{"tdm_status":"","tdm_grid_status":"","footnotes":""},"categories":[38,1],"tags":[],"class_list":{"0":"post-52270","1":"post","2":"type-post","3":"status-publish","4":"format-standard","5":"has-post-thumbnail","7":"category-noticias-locales","8":"category-sin-categoria"},"yoast_head":"<!-- This site is optimized with the Yoast SEO plugin v27.4 - https:\/\/yoast.com\/product\/yoast-seo-wordpress\/ -->\n<title>\u00a1Por favor! Piden consciencia para no ensuciar el malec\u00f3n de Mazatl\u00e1n - Fuentes Fidedignas<\/title>\n<meta name=\"robots\" content=\"index, follow, max-snippet:-1, max-image-preview:large, max-video-preview:-1\" \/>\n<link rel=\"canonical\" href=\"https:\/\/fuentesfidedignas.com.mx\/index.php\/2023\/07\/08\/pr-piden-consciencia-para-ni-ensuciar-el-malecon-de-mazatlan\/\" \/>\n<meta property=\"og:locale\" content=\"es_MX\" \/>\n<meta property=\"og:type\" content=\"article\" \/>\n<meta property=\"og:title\" content=\"\u00a1Por favor! Piden consciencia para no ensuciar el malec\u00f3n de Mazatl\u00e1n - Fuentes Fidedignas\" \/>\n<meta property=\"og:description\" content=\"Llama Gobierno Municipal a locales y turistas a hacer consciencia evitando da\u00f1ar la imagen y el medio ambiente generando basura en el malec\u00f3n Mazatl\u00e1n, Sin.- En busca de mantener la limpieza y buena imagen del malec\u00f3n, que es uno de los principales atractivos tur\u00edsticos del puerto, el Gobierno Municipal, a trav\u00e9s de la direcci\u00f3n de [&hellip;]\" \/>\n<meta property=\"og:url\" content=\"https:\/\/fuentesfidedignas.com.mx\/index.php\/2023\/07\/08\/pr-piden-consciencia-para-ni-ensuciar-el-malecon-de-mazatlan\/\" \/>\n<meta property=\"og:site_name\" content=\"Fuentes Fidedignas\" \/>\n<meta property=\"article:publisher\" content=\"https:\/\/www.facebook.com\/Fuentes-Fidedignas-368234489921644\" \/>\n<meta property=\"article:published_time\" content=\"2023-07-09T01:33:40+00:00\" \/>\n<meta property=\"article:modified_time\" content=\"2023-07-09T02:11:06+00:00\" \/>\n<meta property=\"og:image\" content=\"https:\/\/fuentesfidedignas.com.mx\/wp-content\/uploads\/2023\/07\/IMG-20230708-WA0016.jpg\" \/>\n\t<meta property=\"og:image:width\" content=\"1600\" \/>\n\t<meta property=\"og:image:height\" content=\"1067\" \/>\n\t<meta property=\"og:image:type\" content=\"image\/jpeg\" \/>\n<meta name=\"author\" content=\"Redacci\u00f3n\" \/>\n<meta name=\"twitter:card\" content=\"summary_large_image\" \/>\n<meta name=\"twitter:creator\" content=\"@fidedignas\" \/>\n<meta name=\"twitter:site\" content=\"@fidedignas\" \/>\n<meta name=\"twitter:label1\" content=\"Escrito por\" \/>\n\t<meta name=\"twitter:data1\" content=\"Redacci\u00f3n\" \/>\n\t<meta name=\"twitter:label2\" content=\"Tiempo de lectura\" \/>\n\t<meta name=\"twitter:data2\" content=\"1 minuto\" \/>\n<script type=\"application\/ld+json\" class=\"yoast-schema-graph\">{\"@context\":\"https:\\\/\\\/schema.org\",\"@graph\":[{\"@type\":\"Article\",\"@id\":\"https:\\\/\\\/fuentesfidedignas.com.mx\\\/index.php\\\/2023\\\/07\\\/08\\\/pr-piden-consciencia-para-ni-ensuciar-el-malecon-de-mazatlan\\\/#article\",\"isPartOf\":{\"@id\":\"https:\\\/\\\/fuentesfidedignas.com.mx\\\/index.php\\\/2023\\\/07\\\/08\\\/pr-piden-consciencia-para-ni-ensuciar-el-malecon-de-mazatlan\\\/\"},\"author\":{\"name\":\"Redacci\u00f3n\",\"@id\":\"https:\\\/\\\/fuentesfidedignas.com.mx\\\/#\\\/schema\\\/person\\\/331be9283d37198e2acd5750279085b0\"},\"headline\":\"\u00a1Por favor! Piden consciencia para no ensuciar el malec\u00f3n de Mazatl\u00e1n\",\"datePublished\":\"2023-07-09T01:33:40+00:00\",\"dateModified\":\"2023-07-09T02:11:06+00:00\",\"mainEntityOfPage\":{\"@id\":\"https:\\\/\\\/fuentesfidedignas.com.mx\\\/index.php\\\/2023\\\/07\\\/08\\\/pr-piden-consciencia-para-ni-ensuciar-el-malecon-de-mazatlan\\\/\"},\"wordCount\":253,\"commentCount\":0,\"publisher\":{\"@id\":\"https:\\\/\\\/fuentesfidedignas.com.mx\\\/#organization\"},\"image\":{\"@id\":\"https:\\\/\\\/fuentesfidedignas.com.mx\\\/index.php\\\/2023\\\/07\\\/08\\\/pr-piden-consciencia-para-ni-ensuciar-el-malecon-de-mazatlan\\\/#primaryimage\"},\"thumbnailUrl\":\"https:\\\/\\\/fuentesfidedignas.com.mx\\\/wp-content\\\/uploads\\\/2023\\\/07\\\/IMG-20230708-WA0016.jpg\",\"articleSection\":[\"NOTICIAS LOCALES\"],\"inLanguage\":\"es\",\"potentialAction\":[{\"@type\":\"CommentAction\",\"name\":\"Comment\",\"target\":[\"https:\\\/\\\/fuentesfidedignas.com.mx\\\/index.php\\\/2023\\\/07\\\/08\\\/pr-piden-consciencia-para-ni-ensuciar-el-malecon-de-mazatlan\\\/#respond\"]}]},{\"@type\":\"WebPage\",\"@id\":\"https:\\\/\\\/fuentesfidedignas.com.mx\\\/index.php\\\/2023\\\/07\\\/08\\\/pr-piden-consciencia-para-ni-ensuciar-el-malecon-de-mazatlan\\\/\",\"url\":\"https:\\\/\\\/fuentesfidedignas.com.mx\\\/index.php\\\/2023\\\/07\\\/08\\\/pr-piden-consciencia-para-ni-ensuciar-el-malecon-de-mazatlan\\\/\",\"name\":\"\u00a1Por favor! Piden consciencia para no ensuciar el malec\u00f3n de Mazatl\u00e1n - Fuentes Fidedignas\",\"isPartOf\":{\"@id\":\"https:\\\/\\\/fuentesfidedignas.com.mx\\\/#website\"},\"primaryImageOfPage\":{\"@id\":\"https:\\\/\\\/fuentesfidedignas.com.mx\\\/index.php\\\/2023\\\/07\\\/08\\\/pr-piden-consciencia-para-ni-ensuciar-el-malecon-de-mazatlan\\\/#primaryimage\"},\"image\":{\"@id\":\"https:\\\/\\\/fuentesfidedignas.com.mx\\\/index.php\\\/2023\\\/07\\\/08\\\/pr-piden-consciencia-para-ni-ensuciar-el-malecon-de-mazatlan\\\/#primaryimage\"},\"thumbnailUrl\":\"https:\\\/\\\/fuentesfidedignas.com.mx\\\/wp-content\\\/uploads\\\/2023\\\/07\\\/IMG-20230708-WA0016.jpg\",\"datePublished\":\"2023-07-09T01:33:40+00:00\",\"dateModified\":\"2023-07-09T02:11:06+00:00\",\"breadcrumb\":{\"@id\":\"https:\\\/\\\/fuentesfidedignas.com.mx\\\/index.php\\\/2023\\\/07\\\/08\\\/pr-piden-consciencia-para-ni-ensuciar-el-malecon-de-mazatlan\\\/#breadcrumb\"},\"inLanguage\":\"es\",\"potentialAction\":[{\"@type\":\"ReadAction\",\"target\":[\"https:\\\/\\\/fuentesfidedignas.com.mx\\\/index.php\\\/2023\\\/07\\\/08\\\/pr-piden-consciencia-para-ni-ensuciar-el-malecon-de-mazatlan\\\/\"]}]},{\"@type\":\"ImageObject\",\"inLanguage\":\"es\",\"@id\":\"https:\\\/\\\/fuentesfidedignas.com.mx\\\/index.php\\\/2023\\\/07\\\/08\\\/pr-piden-consciencia-para-ni-ensuciar-el-malecon-de-mazatlan\\\/#primaryimage\",\"url\":\"https:\\\/\\\/fuentesfidedignas.com.mx\\\/wp-content\\\/uploads\\\/2023\\\/07\\\/IMG-20230708-WA0016.jpg\",\"contentUrl\":\"https:\\\/\\\/fuentesfidedignas.com.mx\\\/wp-content\\\/uploads\\\/2023\\\/07\\\/IMG-20230708-WA0016.jpg\",\"width\":1600,\"height\":1067},{\"@type\":\"BreadcrumbList\",\"@id\":\"https:\\\/\\\/fuentesfidedignas.com.mx\\\/index.php\\\/2023\\\/07\\\/08\\\/pr-piden-consciencia-para-ni-ensuciar-el-malecon-de-mazatlan\\\/#breadcrumb\",\"itemListElement\":[{\"@type\":\"ListItem\",\"position\":1,\"name\":\"Inicio\",\"item\":\"https:\\\/\\\/fuentesfidedignas.com.mx\\\/\"},{\"@type\":\"ListItem\",\"position\":2,\"name\":\"\u00a1Por favor! Piden consciencia para no ensuciar el malec\u00f3n de Mazatl\u00e1n\"}]},{\"@type\":\"WebSite\",\"@id\":\"https:\\\/\\\/fuentesfidedignas.com.mx\\\/#website\",\"url\":\"https:\\\/\\\/fuentesfidedignas.com.mx\\\/\",\"name\":\"Fuentes Fidedignas\",\"description\":\"Otro sitio realizado con WordPress\",\"publisher\":{\"@id\":\"https:\\\/\\\/fuentesfidedignas.com.mx\\\/#organization\"},\"potentialAction\":[{\"@type\":\"SearchAction\",\"target\":{\"@type\":\"EntryPoint\",\"urlTemplate\":\"https:\\\/\\\/fuentesfidedignas.com.mx\\\/?s={search_term_string}\"},\"query-input\":{\"@type\":\"PropertyValueSpecification\",\"valueRequired\":true,\"valueName\":\"search_term_string\"}}],\"inLanguage\":\"es\"},{\"@type\":\"Organization\",\"@id\":\"https:\\\/\\\/fuentesfidedignas.com.mx\\\/#organization\",\"name\":\"Fuentes Fidedignas\",\"url\":\"https:\\\/\\\/fuentesfidedignas.com.mx\\\/\",\"logo\":{\"@type\":\"ImageObject\",\"inLanguage\":\"es\",\"@id\":\"https:\\\/\\\/fuentesfidedignas.com.mx\\\/#\\\/schema\\\/logo\\\/image\\\/\",\"url\":\"https:\\\/\\\/fuentesfidedignas.com.mx\\\/wp-content\\\/uploads\\\/2021\\\/04\\\/logo-retina.png\",\"contentUrl\":\"https:\\\/\\\/fuentesfidedignas.com.mx\\\/wp-content\\\/uploads\\\/2021\\\/04\\\/logo-retina.png\",\"width\":280,\"height\":51,\"caption\":\"Fuentes Fidedignas\"},\"image\":{\"@id\":\"https:\\\/\\\/fuentesfidedignas.com.mx\\\/#\\\/schema\\\/logo\\\/image\\\/\"},\"sameAs\":[\"https:\\\/\\\/www.facebook.com\\\/Fuentes-Fidedignas-368234489921644\",\"https:\\\/\\\/x.com\\\/fidedignas\"]},{\"@type\":\"Person\",\"@id\":\"https:\\\/\\\/fuentesfidedignas.com.mx\\\/#\\\/schema\\\/person\\\/331be9283d37198e2acd5750279085b0\",\"name\":\"Redacci\u00f3n\",\"image\":{\"@type\":\"ImageObject\",\"inLanguage\":\"es\",\"@id\":\"https:\\\/\\\/secure.gravatar.com\\\/avatar\\\/f6d8782c11d12b2d4ad3fbb6931aeab5309937a4d6cd2fc9cfaa28a6396a5aec?s=96&d=mm&r=g\",\"url\":\"https:\\\/\\\/secure.gravatar.com\\\/avatar\\\/f6d8782c11d12b2d4ad3fbb6931aeab5309937a4d6cd2fc9cfaa28a6396a5aec?s=96&d=mm&r=g\",\"contentUrl\":\"https:\\\/\\\/secure.gravatar.com\\\/avatar\\\/f6d8782c11d12b2d4ad3fbb6931aeab5309937a4d6cd2fc9cfaa28a6396a5aec?s=96&d=mm&r=g\",\"caption\":\"Redacci\u00f3n\"},\"url\":\"https:\\\/\\\/fuentesfidedignas.com.mx\\\/index.php\\\/author\\\/redaccion\\\/\"}]}<\/script>\n<!-- \/ Yoast SEO plugin. -->","yoast_head_json":{"title":"\u00a1Por favor! Piden consciencia para no ensuciar el malec\u00f3n de Mazatl\u00e1n - Fuentes Fidedignas","robots":{"index":"index","follow":"follow","max-snippet":"max-snippet:-1","max-image-preview":"max-image-preview:large","max-video-preview":"max-video-preview:-1"},"canonical":"https:\/\/fuentesfidedignas.com.mx\/index.php\/2023\/07\/08\/pr-piden-consciencia-para-ni-ensuciar-el-malecon-de-mazatlan\/","og_locale":"es_MX","og_type":"article","og_title":"\u00a1Por favor! Piden consciencia para no ensuciar el malec\u00f3n de Mazatl\u00e1n - Fuentes Fidedignas","og_description":"Llama Gobierno Municipal a locales y turistas a hacer consciencia evitando da\u00f1ar la imagen y el medio ambiente generando basura en el malec\u00f3n Mazatl\u00e1n, Sin.- En busca de mantener la limpieza y buena imagen del malec\u00f3n, que es uno de los principales atractivos tur\u00edsticos del puerto, el Gobierno Municipal, a trav\u00e9s de la direcci\u00f3n de [&hellip;]","og_url":"https:\/\/fuentesfidedignas.com.mx\/index.php\/2023\/07\/08\/pr-piden-consciencia-para-ni-ensuciar-el-malecon-de-mazatlan\/","og_site_name":"Fuentes Fidedignas","article_publisher":"https:\/\/www.facebook.com\/Fuentes-Fidedignas-368234489921644","article_published_time":"2023-07-09T01:33:40+00:00","article_modified_time":"2023-07-09T02:11:06+00:00","og_image":[{"width":1600,"height":1067,"url":"https:\/\/fuentesfidedignas.com.mx\/wp-content\/uploads\/2023\/07\/IMG-20230708-WA0016.jpg","type":"image\/jpeg"}],"author":"Redacci\u00f3n","twitter_card":"summary_large_image","twitter_creator":"@fidedignas","twitter_site":"@fidedignas","twitter_misc":{"Escrito por":"Redacci\u00f3n","Tiempo de lectura":"1 minuto"},"schema":{"@context":"https:\/\/schema.org","@graph":[{"@type":"Article","@id":"https:\/\/fuentesfidedignas.com.mx\/index.php\/2023\/07\/08\/pr-piden-consciencia-para-ni-ensuciar-el-malecon-de-mazatlan\/#article","isPartOf":{"@id":"https:\/\/fuentesfidedignas.com.mx\/index.php\/2023\/07\/08\/pr-piden-consciencia-para-ni-ensuciar-el-malecon-de-mazatlan\/"},"author":{"name":"Redacci\u00f3n","@id":"https:\/\/fuentesfidedignas.com.mx\/#\/schema\/person\/331be9283d37198e2acd5750279085b0"},"headline":"\u00a1Por favor! Piden consciencia para no ensuciar el malec\u00f3n de Mazatl\u00e1n","datePublished":"2023-07-09T01:33:40+00:00","dateModified":"2023-07-09T02:11:06+00:00","mainEntityOfPage":{"@id":"https:\/\/fuentesfidedignas.com.mx\/index.php\/2023\/07\/08\/pr-piden-consciencia-para-ni-ensuciar-el-malecon-de-mazatlan\/"},"wordCount":253,"commentCount":0,"publisher":{"@id":"https:\/\/fuentesfidedignas.com.mx\/#organization"},"image":{"@id":"https:\/\/fuentesfidedignas.com.mx\/index.php\/2023\/07\/08\/pr-piden-consciencia-para-ni-ensuciar-el-malecon-de-mazatlan\/#primaryimage"},"thumbnailUrl":"https:\/\/fuentesfidedignas.com.mx\/wp-content\/uploads\/2023\/07\/IMG-20230708-WA0016.jpg","articleSection":["NOTICIAS LOCALES"],"inLanguage":"es","potentialAction":[{"@type":"CommentAction","name":"Comment","target":["https:\/\/fuentesfidedignas.com.mx\/index.php\/2023\/07\/08\/pr-piden-consciencia-para-ni-ensuciar-el-malecon-de-mazatlan\/#respond"]}]},{"@type":"WebPage","@id":"https:\/\/fuentesfidedignas.com.mx\/index.php\/2023\/07\/08\/pr-piden-consciencia-para-ni-ensuciar-el-malecon-de-mazatlan\/","url":"https:\/\/fuentesfidedignas.com.mx\/index.php\/2023\/07\/08\/pr-piden-consciencia-para-ni-ensuciar-el-malecon-de-mazatlan\/","name":"\u00a1Por favor! Piden consciencia para no ensuciar el malec\u00f3n de Mazatl\u00e1n - Fuentes Fidedignas","isPartOf":{"@id":"https:\/\/fuentesfidedignas.com.mx\/#website"},"primaryImageOfPage":{"@id":"https:\/\/fuentesfidedignas.com.mx\/index.php\/2023\/07\/08\/pr-piden-consciencia-para-ni-ensuciar-el-malecon-de-mazatlan\/#primaryimage"},"image":{"@id":"https:\/\/fuentesfidedignas.com.mx\/index.php\/2023\/07\/08\/pr-piden-consciencia-para-ni-ensuciar-el-malecon-de-mazatlan\/#primaryimage"},"thumbnailUrl":"https:\/\/fuentesfidedignas.com.mx\/wp-content\/uploads\/2023\/07\/IMG-20230708-WA0016.jpg","datePublished":"2023-07-09T01:33:40+00:00","dateModified":"2023-07-09T02:11:06+00:00","breadcrumb":{"@id":"https:\/\/fuentesfidedignas.com.mx\/index.php\/2023\/07\/08\/pr-piden-consciencia-para-ni-ensuciar-el-malecon-de-mazatlan\/#breadcrumb"},"inLanguage":"es","potentialAction":[{"@type":"ReadAction","target":["https:\/\/fuentesfidedignas.com.mx\/index.php\/2023\/07\/08\/pr-piden-consciencia-para-ni-ensuciar-el-malecon-de-mazatlan\/"]}]},{"@type":"ImageObject","inLanguage":"es","@id":"https:\/\/fuentesfidedignas.com.mx\/index.php\/2023\/07\/08\/pr-piden-consciencia-para-ni-ensuciar-el-malecon-de-mazatlan\/#primaryimage","url":"https:\/\/fuentesfidedignas.com.mx\/wp-content\/uploads\/2023\/07\/IMG-20230708-WA0016.jpg","contentUrl":"https:\/\/fuentesfidedignas.com.mx\/wp-content\/uploads\/2023\/07\/IMG-20230708-WA0016.jpg","width":1600,"height":1067},{"@type":"BreadcrumbList","@id":"https:\/\/fuentesfidedignas.com.mx\/index.php\/2023\/07\/08\/pr-piden-consciencia-para-ni-ensuciar-el-malecon-de-mazatlan\/#breadcrumb","itemListElement":[{"@type":"ListItem","position":1,"name":"Inicio","item":"https:\/\/fuentesfidedignas.com.mx\/"},{"@type":"ListItem","position":2,"name":"\u00a1Por favor! Piden consciencia para no ensuciar el malec\u00f3n de Mazatl\u00e1n"}]},{"@type":"WebSite","@id":"https:\/\/fuentesfidedignas.com.mx\/#website","url":"https:\/\/fuentesfidedignas.com.mx\/","name":"Fuentes Fidedignas","description":"Otro sitio realizado con WordPress","publisher":{"@id":"https:\/\/fuentesfidedignas.com.mx\/#organization"},"potentialAction":[{"@type":"SearchAction","target":{"@type":"EntryPoint","urlTemplate":"https:\/\/fuentesfidedignas.com.mx\/?s={search_term_string}"},"query-input":{"@type":"PropertyValueSpecification","valueRequired":true,"valueName":"search_term_string"}}],"inLanguage":"es"},{"@type":"Organization","@id":"https:\/\/fuentesfidedignas.com.mx\/#organization","name":"Fuentes Fidedignas","url":"https:\/\/fuentesfidedignas.com.mx\/","logo":{"@type":"ImageObject","inLanguage":"es","@id":"https:\/\/fuentesfidedignas.com.mx\/#\/schema\/logo\/image\/","url":"https:\/\/fuentesfidedignas.com.mx\/wp-content\/uploads\/2021\/04\/logo-retina.png","contentUrl":"https:\/\/fuentesfidedignas.com.mx\/wp-content\/uploads\/2021\/04\/logo-retina.png","width":280,"height":51,"caption":"Fuentes Fidedignas"},"image":{"@id":"https:\/\/fuentesfidedignas.com.mx\/#\/schema\/logo\/image\/"},"sameAs":["https:\/\/www.facebook.com\/Fuentes-Fidedignas-368234489921644","https:\/\/x.com\/fidedignas"]},{"@type":"Person","@id":"https:\/\/fuentesfidedignas.com.mx\/#\/schema\/person\/331be9283d37198e2acd5750279085b0","name":"Redacci\u00f3n","image":{"@type":"ImageObject","inLanguage":"es","@id":"https:\/\/secure.gravatar.com\/avatar\/f6d8782c11d12b2d4ad3fbb6931aeab5309937a4d6cd2fc9cfaa28a6396a5aec?s=96&d=mm&r=g","url":"https:\/\/secure.gravatar.com\/avatar\/f6d8782c11d12b2d4ad3fbb6931aeab5309937a4d6cd2fc9cfaa28a6396a5aec?s=96&d=mm&r=g","contentUrl":"https:\/\/secure.gravatar.com\/avatar\/f6d8782c11d12b2d4ad3fbb6931aeab5309937a4d6cd2fc9cfaa28a6396a5aec?s=96&d=mm&r=g","caption":"Redacci\u00f3n"},"url":"https:\/\/fuentesfidedignas.com.mx\/index.php\/author\/redaccion\/"}]}},"_links":{"self":[{"href":"https:\/\/fuentesfidedignas.com.mx\/index.php\/wp-json\/wp\/v2\/posts\/52270","targetHints":{"allow":["GET"]}}],"collection":[{"href":"https:\/\/fuentesfidedignas.com.mx\/index.php\/wp-json\/wp\/v2\/posts"}],"about":[{"href":"https:\/\/fuentesfidedignas.com.mx\/index.php\/wp-json\/wp\/v2\/types\/post"}],"author":[{"embeddable":true,"href":"https:\/\/fuentesfidedignas.com.mx\/index.php\/wp-json\/wp\/v2\/users\/4"}],"replies":[{"embeddable":true,"href":"https:\/\/fuentesfidedignas.com.mx\/index.php\/wp-json\/wp\/v2\/comments?post=52270"}],"version-history":[{"count":2,"href":"https:\/\/fuentesfidedignas.com.mx\/index.php\/wp-json\/wp\/v2\/posts\/52270\/revisions"}],"predecessor-version":[{"id":52274,"href":"https:\/\/fuentesfidedignas.com.mx\/index.php\/wp-json\/wp\/v2\/posts\/52270\/revisions\/52274"}],"wp:featuredmedia":[{"embeddable":true,"href":"https:\/\/fuentesfidedignas.com.mx\/index.php\/wp-json\/wp\/v2\/media\/52272"}],"wp:attachment":[{"href":"https:\/\/fuentesfidedignas.com.mx\/index.php\/wp-json\/wp\/v2\/media?parent=52270"}],"wp:term":[{"taxonomy":"category","embeddable":true,"href":"https:\/\/fuentesfidedignas.com.mx\/index.php\/wp-json\/wp\/v2\/categories?post=52270"},{"taxonomy":"post_tag","embeddable":true,"href":"https:\/\/fuentesfidedignas.com.mx\/index.php\/wp-json\/wp\/v2\/tags?post=52270"}],"curies":[{"name":"wp","href":"https:\/\/api.w.org\/{rel}","templated":true}]}}