{"id":52258,"date":"2023-07-08T15:57:43","date_gmt":"2023-07-08T22:57:43","guid":{"rendered":"https:\/\/fuentesfidedignas.com.mx\/?p=52258"},"modified":"2023-07-08T17:51:47","modified_gmt":"2023-07-09T00:51:47","slug":"como-defensa-de-la-autonomia-universitaria-realizan-jornadas-en-mas-de-120-puntos-de-sinaloa","status":"publish","type":"post","link":"https:\/\/fuentesfidedignas.com.mx\/index.php\/2023\/07\/08\/como-defensa-de-la-autonomia-universitaria-realizan-jornadas-en-mas-de-120-puntos-de-sinaloa\/","title":{"rendered":"Como defensa de la Autonom\u00eda Universitaria, realizan jornadas en m\u00e1s de 120 puntos de Sinaloa"},"content":{"rendered":"\n<p><\/p>\n\n\n\n<p>Culiac\u00e1n, Sin.- La Universidad Aut\u00f3noma de Sinaloa (UAS), encabezada por el Rector, doctor Jes\u00fas Madue\u00f1a Molina, sali\u00f3 a las calles a tomar los cruceros m\u00e1s importantes de las ciudades en todos los municipios del estado en una intensa Jornada Informativa por la defensa de la Autonom\u00eda Universitaria, que se convirti\u00f3 en un reclamo al Gobernador del Estado por mantener una persecuci\u00f3n pol\u00edtica en contra de la Casa Rosalina y de sus funcionarios.<\/p>\n\n\n\n<p>As\u00ed, salieron a la plaza p\u00fablica m\u00e1s de 24 mil universitarios a expresarle un alto a estas acciones por parte de las autoridades estatales, sobre todo de los poderes Ejecutivo, Legislativo y Judicial.<\/p>\n\n\n\n<figure class=\"wp-block-gallery has-nested-images columns-default is-cropped wp-block-gallery-1 is-layout-flex wp-block-gallery-is-layout-flex\">\n<figure class=\"wp-block-image size-large\"><img decoding=\"async\" width=\"1024\" height=\"682\" data-id=\"52260\" src=\"https:\/\/fuentesfidedignas.com.mx\/wp-content\/uploads\/2023\/07\/1000090017-1024x682.jpg\" alt=\"\" class=\"wp-image-52260\" srcset=\"https:\/\/fuentesfidedignas.com.mx\/wp-content\/uploads\/2023\/07\/1000090017-1024x682.jpg 1024w, https:\/\/fuentesfidedignas.com.mx\/wp-content\/uploads\/2023\/07\/1000090017-300x200.jpg 300w, https:\/\/fuentesfidedignas.com.mx\/wp-content\/uploads\/2023\/07\/1000090017-768x511.jpg 768w, https:\/\/fuentesfidedignas.com.mx\/wp-content\/uploads\/2023\/07\/1000090017-1536x1022.jpg 1536w, https:\/\/fuentesfidedignas.com.mx\/wp-content\/uploads\/2023\/07\/1000090017.jpg 1600w\" sizes=\"(max-width: 1024px) 100vw, 1024px\" \/><\/figure>\n\n\n\n<figure class=\"wp-block-image size-large\"><img decoding=\"async\" width=\"1024\" height=\"576\" data-id=\"52259\" src=\"https:\/\/fuentesfidedignas.com.mx\/wp-content\/uploads\/2023\/07\/1000090015.jpg\" alt=\"\" class=\"wp-image-52259\" srcset=\"https:\/\/fuentesfidedignas.com.mx\/wp-content\/uploads\/2023\/07\/1000090015.jpg 1024w, https:\/\/fuentesfidedignas.com.mx\/wp-content\/uploads\/2023\/07\/1000090015-300x169.jpg 300w, https:\/\/fuentesfidedignas.com.mx\/wp-content\/uploads\/2023\/07\/1000090015-768x432.jpg 768w\" sizes=\"(max-width: 1024px) 100vw, 1024px\" \/><\/figure>\n\n\n\n<figure class=\"wp-block-image size-large\"><img decoding=\"async\" width=\"1024\" height=\"682\" data-id=\"52262\" src=\"https:\/\/fuentesfidedignas.com.mx\/wp-content\/uploads\/2023\/07\/1000090012-1024x682.jpg\" alt=\"\" class=\"wp-image-52262\" srcset=\"https:\/\/fuentesfidedignas.com.mx\/wp-content\/uploads\/2023\/07\/1000090012-1024x682.jpg 1024w, https:\/\/fuentesfidedignas.com.mx\/wp-content\/uploads\/2023\/07\/1000090012-300x200.jpg 300w, https:\/\/fuentesfidedignas.com.mx\/wp-content\/uploads\/2023\/07\/1000090012-768x511.jpg 768w, https:\/\/fuentesfidedignas.com.mx\/wp-content\/uploads\/2023\/07\/1000090012-1536x1022.jpg 1536w, https:\/\/fuentesfidedignas.com.mx\/wp-content\/uploads\/2023\/07\/1000090012.jpg 1600w\" sizes=\"(max-width: 1024px) 100vw, 1024px\" \/><\/figure>\n\n\n\n<figure class=\"wp-block-image size-large\"><img decoding=\"async\" width=\"1024\" height=\"768\" data-id=\"52264\" src=\"https:\/\/fuentesfidedignas.com.mx\/wp-content\/uploads\/2023\/07\/1000090011-1024x768.jpg\" alt=\"\" class=\"wp-image-52264\" srcset=\"https:\/\/fuentesfidedignas.com.mx\/wp-content\/uploads\/2023\/07\/1000090011-1024x768.jpg 1024w, https:\/\/fuentesfidedignas.com.mx\/wp-content\/uploads\/2023\/07\/1000090011-300x225.jpg 300w, https:\/\/fuentesfidedignas.com.mx\/wp-content\/uploads\/2023\/07\/1000090011-768x576.jpg 768w, https:\/\/fuentesfidedignas.com.mx\/wp-content\/uploads\/2023\/07\/1000090011.jpg 1280w\" sizes=\"(max-width: 1024px) 100vw, 1024px\" \/><\/figure>\n\n\n\n<figure class=\"wp-block-image size-large\"><img decoding=\"async\" width=\"1024\" height=\"682\" data-id=\"52261\" src=\"https:\/\/fuentesfidedignas.com.mx\/wp-content\/uploads\/2023\/07\/1000090022-1024x682.jpg\" alt=\"\" class=\"wp-image-52261\" srcset=\"https:\/\/fuentesfidedignas.com.mx\/wp-content\/uploads\/2023\/07\/1000090022-1024x682.jpg 1024w, https:\/\/fuentesfidedignas.com.mx\/wp-content\/uploads\/2023\/07\/1000090022-300x200.jpg 300w, https:\/\/fuentesfidedignas.com.mx\/wp-content\/uploads\/2023\/07\/1000090022-768x511.jpg 768w, https:\/\/fuentesfidedignas.com.mx\/wp-content\/uploads\/2023\/07\/1000090022-1536x1022.jpg 1536w, https:\/\/fuentesfidedignas.com.mx\/wp-content\/uploads\/2023\/07\/1000090022.jpg 1600w\" sizes=\"(max-width: 1024px) 100vw, 1024px\" \/><\/figure>\n\n\n\n<figure class=\"wp-block-image size-large\"><img decoding=\"async\" width=\"1024\" height=\"682\" data-id=\"52263\" src=\"https:\/\/fuentesfidedignas.com.mx\/wp-content\/uploads\/2023\/07\/1000090020-1024x682.jpg\" alt=\"\" class=\"wp-image-52263\" srcset=\"https:\/\/fuentesfidedignas.com.mx\/wp-content\/uploads\/2023\/07\/1000090020-1024x682.jpg 1024w, https:\/\/fuentesfidedignas.com.mx\/wp-content\/uploads\/2023\/07\/1000090020-300x200.jpg 300w, https:\/\/fuentesfidedignas.com.mx\/wp-content\/uploads\/2023\/07\/1000090020-768x512.jpg 768w, https:\/\/fuentesfidedignas.com.mx\/wp-content\/uploads\/2023\/07\/1000090020.jpg 1280w\" sizes=\"(max-width: 1024px) 100vw, 1024px\" \/><\/figure>\n<\/figure>\n\n\n\n<p>Desde temprana hora en 120 cruceros en todo el estado los universitarios se apostaron y entregaron volantes para informar a la sociedad lo que es y hace la Universidad, mostraron lonas y cartulinas con reclamos al mandatario estatal de respeto a la Autonom\u00eda Universitaria, que debe presumir a la UAS por ser una de las mejores del pa\u00eds, en lugar de atacarla, y exigieron un basta al abuso del poder.<\/p>\n\n\n\n<p>\u201cEs un reclamo que hoy estamos haciendo de que se nos deje en paz, de que se nos deje trabajar para seguir sacando adelante las funciones sustantivas de la Universidad (\u2026) en este momento estamos siendo perseguidos pol\u00edticos, lo he dicho en diferentes ocasiones que vamos a seguir de pie, que no nos vamos a doblar ante ninguna amenaza; hoy en d\u00eda estamos siendo amenazados por parte de la Fiscal\u00eda a trav\u00e9s del Ministerio P\u00fablico y de los jueces, quieren doblar a la Universidad, porque quiere quedarse con ella, eso es lo que tenemos que denunciar al pueblo de Sinaloa\u201d, expres\u00f3 el Rector cobijado por la sombra de Catedral en la avenida \u00c1lvaro Obreg\u00f3n.<\/p>\n\n\n\n<p>Con micr\u00f3fono en mano reiter\u00f3 que esta persecuci\u00f3n pol\u00edtica se debe a que los universitarios no aceptan la Ley de Educaci\u00f3n del Estado de Sinaloa porque en varios de sus art\u00edculos viola flagrantemente la Autonom\u00eda Universitaria, por eso se ampararon y los jueces federales han coincidido al otorgar suspensiones definitivas.<\/p>\n\n\n\n<p>\u201cEstamos citados ante un Juez para responder supuestamente actos que ellos llaman actos de corrupci\u00f3n, actos que ellos est\u00e1n fabricando a trav\u00e9s de la Fiscal\u00eda para afectarnos (\u2026) lo que vamos a escuchar de parte del juez el d\u00eda que acudamos ante \u00e9l es que somos vinculados porque es un juez a modo\u201d, dijo al expresar que no conf\u00eda en la justicia local porque depende de las \u00f3rdenes del Secretario de Gobierno, acudir\u00e1n en su momento a la justicia federal quien resolver\u00e1n a favor de la Universidad.<\/p>\n\n\n\n<p>\u201cLe agradezco a todos aquellos que hoy salieron y nos acompa\u00f1aron a los cruceros en todo el estado de Sinaloa, y les pido: sigamos en pie de lucha, que no nos descuidemos porque ellos llevaron todo para hacerlo en vacaciones pero no cuentan con que la Universidad no descansa, con que los universitarios estamos hechos en la lucha la UAS (\u2026) luchamos contra Toledo Corro cuando nos quiso quitar las preparatorias y hoy vamos a luchar contra el Gobierno de Rub\u00e9n Rocha Moya que quiere adue\u00f1arse de la Universidad Aut\u00f3noma de Sinaloa, desde aqu\u00ed le decimos que no, desde aqu\u00ed le decimos como lo hemos dicho en marchas pasadas: no pasar\u00e1n, porque la UAS unida jam\u00e1s ser\u00e1 vencida\u201d, enfatiz\u00f3.<\/p>\n\n\n\n<p>El Rector entreg\u00f3 directamente a los ciudadanos los volantes donde se rechaza el sometimiento al Gobierno, su intromisi\u00f3n en la vida universitaria, el hostigamiento, la violencia, la represi\u00f3n, la manipulaci\u00f3n medi\u00e1tica, y la intromisi\u00f3n del Congreso Estatal en la Universidad. Entre los carros que circulaban por la arteria principal de la capital del estado y acompa\u00f1ado de docentes, personal administrativo, funcionarios y flanqueado siempre por su se\u00f1ora esposa, maestra Sof\u00eda Angulo de Madue\u00f1a, tambi\u00e9n coloc\u00f3 calcas en los cristales de aquellos sinaloenses que apoyan la lucha de la instituci\u00f3n.<\/p>\n\n\n\n<p>\u201cMe siento muy motivado y lo he dicho: si los universitarios no se rajan yo no me voy a rajar, yo voy a seguir de frente tope lo que tope, decirles que vamos a resistir lo que tengamos que resistir por defender la Autonom\u00eda Universitaria (\u2026), les pido que sigamos de pie, de frente, que no descansemos hasta lograr la victoria, porque la victoria va a ser de la Universidad Aut\u00f3noma de Sinaloa as\u00ed que de pie, de frente, con la frente en alto porque no tenemos nada de qu\u00e9 avergonzarnos, viva la UAS\u201d, exclam\u00f3.<\/p>\n","protected":false},"excerpt":{"rendered":"<p>Culiac\u00e1n, Sin.- La Universidad Aut\u00f3noma de Sinaloa (UAS), encabezada por el Rector, doctor Jes\u00fas Madue\u00f1a Molina, sali\u00f3 a las calles a tomar los cruceros m\u00e1s importantes de las ciudades en todos los municipios del estado en una intensa Jornada Informativa por la defensa de la Autonom\u00eda Universitaria, que se convirti\u00f3 en un reclamo al Gobernador [&hellip;]<\/p>\n","protected":false},"author":4,"featured_media":52262,"comment_status":"open","ping_status":"open","sticky":false,"template":"","format":"standard","meta":{"tdm_status":"","tdm_grid_status":"","footnotes":""},"categories":[37,1],"tags":[],"class_list":{"0":"post-52258","1":"post","2":"type-post","3":"status-publish","4":"format-standard","5":"has-post-thumbnail","7":"category-nota-principal","8":"category-sin-categoria"},"yoast_head":"<!-- This site is optimized with the Yoast SEO plugin v27.4 - https:\/\/yoast.com\/product\/yoast-seo-wordpress\/ -->\n<title>Como defensa de la Autonom\u00eda Universitaria, realizan jornadas en m\u00e1s de 120 puntos de Sinaloa - Fuentes Fidedignas<\/title>\n<meta name=\"robots\" content=\"index, follow, max-snippet:-1, max-image-preview:large, max-video-preview:-1\" \/>\n<link rel=\"canonical\" href=\"https:\/\/fuentesfidedignas.com.mx\/index.php\/2023\/07\/08\/como-defensa-de-la-autonomia-universitaria-realizan-jornadas-en-120-puntos-de-sinaloa\/\" \/>\n<meta property=\"og:locale\" content=\"es_MX\" \/>\n<meta property=\"og:type\" content=\"article\" \/>\n<meta property=\"og:title\" content=\"Como defensa de la Autonom\u00eda Universitaria, realizan jornadas en m\u00e1s de 120 puntos de Sinaloa - Fuentes Fidedignas\" \/>\n<meta property=\"og:description\" content=\"Culiac\u00e1n, Sin.- La Universidad Aut\u00f3noma de Sinaloa (UAS), encabezada por el Rector, doctor Jes\u00fas Madue\u00f1a Molina, sali\u00f3 a las calles a tomar los cruceros m\u00e1s importantes de las ciudades en todos los municipios del estado en una intensa Jornada Informativa por la defensa de la Autonom\u00eda Universitaria, que se convirti\u00f3 en un reclamo al Gobernador [&hellip;]\" \/>\n<meta property=\"og:url\" content=\"https:\/\/fuentesfidedignas.com.mx\/index.php\/2023\/07\/08\/como-defensa-de-la-autonomia-universitaria-realizan-jornadas-en-120-puntos-de-sinaloa\/\" \/>\n<meta property=\"og:site_name\" content=\"Fuentes Fidedignas\" \/>\n<meta property=\"article:publisher\" content=\"https:\/\/www.facebook.com\/Fuentes-Fidedignas-368234489921644\" \/>\n<meta property=\"article:published_time\" content=\"2023-07-08T22:57:43+00:00\" \/>\n<meta property=\"article:modified_time\" content=\"2023-07-09T00:51:47+00:00\" \/>\n<meta property=\"og:image\" content=\"https:\/\/fuentesfidedignas.com.mx\/wp-content\/uploads\/2023\/07\/1000090012.jpg\" \/>\n\t<meta property=\"og:image:width\" content=\"1600\" \/>\n\t<meta property=\"og:image:height\" content=\"1065\" \/>\n\t<meta property=\"og:image:type\" content=\"image\/jpeg\" \/>\n<meta name=\"author\" content=\"Redacci\u00f3n\" \/>\n<meta name=\"twitter:card\" content=\"summary_large_image\" \/>\n<meta name=\"twitter:creator\" content=\"@fidedignas\" \/>\n<meta name=\"twitter:site\" content=\"@fidedignas\" \/>\n<meta name=\"twitter:label1\" content=\"Escrito por\" \/>\n\t<meta name=\"twitter:data1\" content=\"Redacci\u00f3n\" \/>\n\t<meta name=\"twitter:label2\" content=\"Tiempo de lectura\" \/>\n\t<meta name=\"twitter:data2\" content=\"5 minutos\" \/>\n<script type=\"application\/ld+json\" class=\"yoast-schema-graph\">{\"@context\":\"https:\\\/\\\/schema.org\",\"@graph\":[{\"@type\":\"Article\",\"@id\":\"https:\\\/\\\/fuentesfidedignas.com.mx\\\/index.php\\\/2023\\\/07\\\/08\\\/como-defensa-de-la-autonomia-universitaria-realizan-jornadas-en-120-puntos-de-sinaloa\\\/#article\",\"isPartOf\":{\"@id\":\"https:\\\/\\\/fuentesfidedignas.com.mx\\\/index.php\\\/2023\\\/07\\\/08\\\/como-defensa-de-la-autonomia-universitaria-realizan-jornadas-en-120-puntos-de-sinaloa\\\/\"},\"author\":{\"name\":\"Redacci\u00f3n\",\"@id\":\"https:\\\/\\\/fuentesfidedignas.com.mx\\\/#\\\/schema\\\/person\\\/331be9283d37198e2acd5750279085b0\"},\"headline\":\"Como defensa de la Autonom\u00eda Universitaria, realizan jornadas en m\u00e1s de 120 puntos de Sinaloa\",\"datePublished\":\"2023-07-08T22:57:43+00:00\",\"dateModified\":\"2023-07-09T00:51:47+00:00\",\"mainEntityOfPage\":{\"@id\":\"https:\\\/\\\/fuentesfidedignas.com.mx\\\/index.php\\\/2023\\\/07\\\/08\\\/como-defensa-de-la-autonomia-universitaria-realizan-jornadas-en-120-puntos-de-sinaloa\\\/\"},\"wordCount\":791,\"commentCount\":0,\"publisher\":{\"@id\":\"https:\\\/\\\/fuentesfidedignas.com.mx\\\/#organization\"},\"image\":{\"@id\":\"https:\\\/\\\/fuentesfidedignas.com.mx\\\/index.php\\\/2023\\\/07\\\/08\\\/como-defensa-de-la-autonomia-universitaria-realizan-jornadas-en-120-puntos-de-sinaloa\\\/#primaryimage\"},\"thumbnailUrl\":\"https:\\\/\\\/fuentesfidedignas.com.mx\\\/wp-content\\\/uploads\\\/2023\\\/07\\\/1000090012.jpg\",\"articleSection\":[\"NOTA PRINCIPAL\"],\"inLanguage\":\"es\",\"potentialAction\":[{\"@type\":\"CommentAction\",\"name\":\"Comment\",\"target\":[\"https:\\\/\\\/fuentesfidedignas.com.mx\\\/index.php\\\/2023\\\/07\\\/08\\\/como-defensa-de-la-autonomia-universitaria-realizan-jornadas-en-120-puntos-de-sinaloa\\\/#respond\"]}]},{\"@type\":\"WebPage\",\"@id\":\"https:\\\/\\\/fuentesfidedignas.com.mx\\\/index.php\\\/2023\\\/07\\\/08\\\/como-defensa-de-la-autonomia-universitaria-realizan-jornadas-en-120-puntos-de-sinaloa\\\/\",\"url\":\"https:\\\/\\\/fuentesfidedignas.com.mx\\\/index.php\\\/2023\\\/07\\\/08\\\/como-defensa-de-la-autonomia-universitaria-realizan-jornadas-en-120-puntos-de-sinaloa\\\/\",\"name\":\"Como defensa de la Autonom\u00eda Universitaria, realizan jornadas en m\u00e1s de 120 puntos de Sinaloa - Fuentes Fidedignas\",\"isPartOf\":{\"@id\":\"https:\\\/\\\/fuentesfidedignas.com.mx\\\/#website\"},\"primaryImageOfPage\":{\"@id\":\"https:\\\/\\\/fuentesfidedignas.com.mx\\\/index.php\\\/2023\\\/07\\\/08\\\/como-defensa-de-la-autonomia-universitaria-realizan-jornadas-en-120-puntos-de-sinaloa\\\/#primaryimage\"},\"image\":{\"@id\":\"https:\\\/\\\/fuentesfidedignas.com.mx\\\/index.php\\\/2023\\\/07\\\/08\\\/como-defensa-de-la-autonomia-universitaria-realizan-jornadas-en-120-puntos-de-sinaloa\\\/#primaryimage\"},\"thumbnailUrl\":\"https:\\\/\\\/fuentesfidedignas.com.mx\\\/wp-content\\\/uploads\\\/2023\\\/07\\\/1000090012.jpg\",\"datePublished\":\"2023-07-08T22:57:43+00:00\",\"dateModified\":\"2023-07-09T00:51:47+00:00\",\"breadcrumb\":{\"@id\":\"https:\\\/\\\/fuentesfidedignas.com.mx\\\/index.php\\\/2023\\\/07\\\/08\\\/como-defensa-de-la-autonomia-universitaria-realizan-jornadas-en-120-puntos-de-sinaloa\\\/#breadcrumb\"},\"inLanguage\":\"es\",\"potentialAction\":[{\"@type\":\"ReadAction\",\"target\":[\"https:\\\/\\\/fuentesfidedignas.com.mx\\\/index.php\\\/2023\\\/07\\\/08\\\/como-defensa-de-la-autonomia-universitaria-realizan-jornadas-en-120-puntos-de-sinaloa\\\/\"]}]},{\"@type\":\"ImageObject\",\"inLanguage\":\"es\",\"@id\":\"https:\\\/\\\/fuentesfidedignas.com.mx\\\/index.php\\\/2023\\\/07\\\/08\\\/como-defensa-de-la-autonomia-universitaria-realizan-jornadas-en-120-puntos-de-sinaloa\\\/#primaryimage\",\"url\":\"https:\\\/\\\/fuentesfidedignas.com.mx\\\/wp-content\\\/uploads\\\/2023\\\/07\\\/1000090012.jpg\",\"contentUrl\":\"https:\\\/\\\/fuentesfidedignas.com.mx\\\/wp-content\\\/uploads\\\/2023\\\/07\\\/1000090012.jpg\",\"width\":1600,\"height\":1065},{\"@type\":\"BreadcrumbList\",\"@id\":\"https:\\\/\\\/fuentesfidedignas.com.mx\\\/index.php\\\/2023\\\/07\\\/08\\\/como-defensa-de-la-autonomia-universitaria-realizan-jornadas-en-120-puntos-de-sinaloa\\\/#breadcrumb\",\"itemListElement\":[{\"@type\":\"ListItem\",\"position\":1,\"name\":\"Inicio\",\"item\":\"https:\\\/\\\/fuentesfidedignas.com.mx\\\/\"},{\"@type\":\"ListItem\",\"position\":2,\"name\":\"Como defensa de la Autonom\u00eda Universitaria, realizan jornadas en m\u00e1s de 120 puntos de Sinaloa\"}]},{\"@type\":\"WebSite\",\"@id\":\"https:\\\/\\\/fuentesfidedignas.com.mx\\\/#website\",\"url\":\"https:\\\/\\\/fuentesfidedignas.com.mx\\\/\",\"name\":\"Fuentes Fidedignas\",\"description\":\"Otro sitio realizado con WordPress\",\"publisher\":{\"@id\":\"https:\\\/\\\/fuentesfidedignas.com.mx\\\/#organization\"},\"potentialAction\":[{\"@type\":\"SearchAction\",\"target\":{\"@type\":\"EntryPoint\",\"urlTemplate\":\"https:\\\/\\\/fuentesfidedignas.com.mx\\\/?s={search_term_string}\"},\"query-input\":{\"@type\":\"PropertyValueSpecification\",\"valueRequired\":true,\"valueName\":\"search_term_string\"}}],\"inLanguage\":\"es\"},{\"@type\":\"Organization\",\"@id\":\"https:\\\/\\\/fuentesfidedignas.com.mx\\\/#organization\",\"name\":\"Fuentes Fidedignas\",\"url\":\"https:\\\/\\\/fuentesfidedignas.com.mx\\\/\",\"logo\":{\"@type\":\"ImageObject\",\"inLanguage\":\"es\",\"@id\":\"https:\\\/\\\/fuentesfidedignas.com.mx\\\/#\\\/schema\\\/logo\\\/image\\\/\",\"url\":\"https:\\\/\\\/fuentesfidedignas.com.mx\\\/wp-content\\\/uploads\\\/2021\\\/04\\\/logo-retina.png\",\"contentUrl\":\"https:\\\/\\\/fuentesfidedignas.com.mx\\\/wp-content\\\/uploads\\\/2021\\\/04\\\/logo-retina.png\",\"width\":280,\"height\":51,\"caption\":\"Fuentes Fidedignas\"},\"image\":{\"@id\":\"https:\\\/\\\/fuentesfidedignas.com.mx\\\/#\\\/schema\\\/logo\\\/image\\\/\"},\"sameAs\":[\"https:\\\/\\\/www.facebook.com\\\/Fuentes-Fidedignas-368234489921644\",\"https:\\\/\\\/x.com\\\/fidedignas\"]},{\"@type\":\"Person\",\"@id\":\"https:\\\/\\\/fuentesfidedignas.com.mx\\\/#\\\/schema\\\/person\\\/331be9283d37198e2acd5750279085b0\",\"name\":\"Redacci\u00f3n\",\"image\":{\"@type\":\"ImageObject\",\"inLanguage\":\"es\",\"@id\":\"https:\\\/\\\/secure.gravatar.com\\\/avatar\\\/f6d8782c11d12b2d4ad3fbb6931aeab5309937a4d6cd2fc9cfaa28a6396a5aec?s=96&d=mm&r=g\",\"url\":\"https:\\\/\\\/secure.gravatar.com\\\/avatar\\\/f6d8782c11d12b2d4ad3fbb6931aeab5309937a4d6cd2fc9cfaa28a6396a5aec?s=96&d=mm&r=g\",\"contentUrl\":\"https:\\\/\\\/secure.gravatar.com\\\/avatar\\\/f6d8782c11d12b2d4ad3fbb6931aeab5309937a4d6cd2fc9cfaa28a6396a5aec?s=96&d=mm&r=g\",\"caption\":\"Redacci\u00f3n\"},\"url\":\"https:\\\/\\\/fuentesfidedignas.com.mx\\\/index.php\\\/author\\\/redaccion\\\/\"}]}<\/script>\n<!-- \/ Yoast SEO plugin. -->","yoast_head_json":{"title":"Como defensa de la Autonom\u00eda Universitaria, realizan jornadas en m\u00e1s de 120 puntos de Sinaloa - Fuentes Fidedignas","robots":{"index":"index","follow":"follow","max-snippet":"max-snippet:-1","max-image-preview":"max-image-preview:large","max-video-preview":"max-video-preview:-1"},"canonical":"https:\/\/fuentesfidedignas.com.mx\/index.php\/2023\/07\/08\/como-defensa-de-la-autonomia-universitaria-realizan-jornadas-en-120-puntos-de-sinaloa\/","og_locale":"es_MX","og_type":"article","og_title":"Como defensa de la Autonom\u00eda Universitaria, realizan jornadas en m\u00e1s de 120 puntos de Sinaloa - Fuentes Fidedignas","og_description":"Culiac\u00e1n, Sin.- La Universidad Aut\u00f3noma de Sinaloa (UAS), encabezada por el Rector, doctor Jes\u00fas Madue\u00f1a Molina, sali\u00f3 a las calles a tomar los cruceros m\u00e1s importantes de las ciudades en todos los municipios del estado en una intensa Jornada Informativa por la defensa de la Autonom\u00eda Universitaria, que se convirti\u00f3 en un reclamo al Gobernador [&hellip;]","og_url":"https:\/\/fuentesfidedignas.com.mx\/index.php\/2023\/07\/08\/como-defensa-de-la-autonomia-universitaria-realizan-jornadas-en-120-puntos-de-sinaloa\/","og_site_name":"Fuentes Fidedignas","article_publisher":"https:\/\/www.facebook.com\/Fuentes-Fidedignas-368234489921644","article_published_time":"2023-07-08T22:57:43+00:00","article_modified_time":"2023-07-09T00:51:47+00:00","og_image":[{"width":1600,"height":1065,"url":"https:\/\/fuentesfidedignas.com.mx\/wp-content\/uploads\/2023\/07\/1000090012.jpg","type":"image\/jpeg"}],"author":"Redacci\u00f3n","twitter_card":"summary_large_image","twitter_creator":"@fidedignas","twitter_site":"@fidedignas","twitter_misc":{"Escrito por":"Redacci\u00f3n","Tiempo de lectura":"5 minutos"},"schema":{"@context":"https:\/\/schema.org","@graph":[{"@type":"Article","@id":"https:\/\/fuentesfidedignas.com.mx\/index.php\/2023\/07\/08\/como-defensa-de-la-autonomia-universitaria-realizan-jornadas-en-120-puntos-de-sinaloa\/#article","isPartOf":{"@id":"https:\/\/fuentesfidedignas.com.mx\/index.php\/2023\/07\/08\/como-defensa-de-la-autonomia-universitaria-realizan-jornadas-en-120-puntos-de-sinaloa\/"},"author":{"name":"Redacci\u00f3n","@id":"https:\/\/fuentesfidedignas.com.mx\/#\/schema\/person\/331be9283d37198e2acd5750279085b0"},"headline":"Como defensa de la Autonom\u00eda Universitaria, realizan jornadas en m\u00e1s de 120 puntos de Sinaloa","datePublished":"2023-07-08T22:57:43+00:00","dateModified":"2023-07-09T00:51:47+00:00","mainEntityOfPage":{"@id":"https:\/\/fuentesfidedignas.com.mx\/index.php\/2023\/07\/08\/como-defensa-de-la-autonomia-universitaria-realizan-jornadas-en-120-puntos-de-sinaloa\/"},"wordCount":791,"commentCount":0,"publisher":{"@id":"https:\/\/fuentesfidedignas.com.mx\/#organization"},"image":{"@id":"https:\/\/fuentesfidedignas.com.mx\/index.php\/2023\/07\/08\/como-defensa-de-la-autonomia-universitaria-realizan-jornadas-en-120-puntos-de-sinaloa\/#primaryimage"},"thumbnailUrl":"https:\/\/fuentesfidedignas.com.mx\/wp-content\/uploads\/2023\/07\/1000090012.jpg","articleSection":["NOTA PRINCIPAL"],"inLanguage":"es","potentialAction":[{"@type":"CommentAction","name":"Comment","target":["https:\/\/fuentesfidedignas.com.mx\/index.php\/2023\/07\/08\/como-defensa-de-la-autonomia-universitaria-realizan-jornadas-en-120-puntos-de-sinaloa\/#respond"]}]},{"@type":"WebPage","@id":"https:\/\/fuentesfidedignas.com.mx\/index.php\/2023\/07\/08\/como-defensa-de-la-autonomia-universitaria-realizan-jornadas-en-120-puntos-de-sinaloa\/","url":"https:\/\/fuentesfidedignas.com.mx\/index.php\/2023\/07\/08\/como-defensa-de-la-autonomia-universitaria-realizan-jornadas-en-120-puntos-de-sinaloa\/","name":"Como defensa de la Autonom\u00eda Universitaria, realizan jornadas en m\u00e1s de 120 puntos de Sinaloa - Fuentes Fidedignas","isPartOf":{"@id":"https:\/\/fuentesfidedignas.com.mx\/#website"},"primaryImageOfPage":{"@id":"https:\/\/fuentesfidedignas.com.mx\/index.php\/2023\/07\/08\/como-defensa-de-la-autonomia-universitaria-realizan-jornadas-en-120-puntos-de-sinaloa\/#primaryimage"},"image":{"@id":"https:\/\/fuentesfidedignas.com.mx\/index.php\/2023\/07\/08\/como-defensa-de-la-autonomia-universitaria-realizan-jornadas-en-120-puntos-de-sinaloa\/#primaryimage"},"thumbnailUrl":"https:\/\/fuentesfidedignas.com.mx\/wp-content\/uploads\/2023\/07\/1000090012.jpg","datePublished":"2023-07-08T22:57:43+00:00","dateModified":"2023-07-09T00:51:47+00:00","breadcrumb":{"@id":"https:\/\/fuentesfidedignas.com.mx\/index.php\/2023\/07\/08\/como-defensa-de-la-autonomia-universitaria-realizan-jornadas-en-120-puntos-de-sinaloa\/#breadcrumb"},"inLanguage":"es","potentialAction":[{"@type":"ReadAction","target":["https:\/\/fuentesfidedignas.com.mx\/index.php\/2023\/07\/08\/como-defensa-de-la-autonomia-universitaria-realizan-jornadas-en-120-puntos-de-sinaloa\/"]}]},{"@type":"ImageObject","inLanguage":"es","@id":"https:\/\/fuentesfidedignas.com.mx\/index.php\/2023\/07\/08\/como-defensa-de-la-autonomia-universitaria-realizan-jornadas-en-120-puntos-de-sinaloa\/#primaryimage","url":"https:\/\/fuentesfidedignas.com.mx\/wp-content\/uploads\/2023\/07\/1000090012.jpg","contentUrl":"https:\/\/fuentesfidedignas.com.mx\/wp-content\/uploads\/2023\/07\/1000090012.jpg","width":1600,"height":1065},{"@type":"BreadcrumbList","@id":"https:\/\/fuentesfidedignas.com.mx\/index.php\/2023\/07\/08\/como-defensa-de-la-autonomia-universitaria-realizan-jornadas-en-120-puntos-de-sinaloa\/#breadcrumb","itemListElement":[{"@type":"ListItem","position":1,"name":"Inicio","item":"https:\/\/fuentesfidedignas.com.mx\/"},{"@type":"ListItem","position":2,"name":"Como defensa de la Autonom\u00eda Universitaria, realizan jornadas en m\u00e1s de 120 puntos de Sinaloa"}]},{"@type":"WebSite","@id":"https:\/\/fuentesfidedignas.com.mx\/#website","url":"https:\/\/fuentesfidedignas.com.mx\/","name":"Fuentes Fidedignas","description":"Otro sitio realizado con WordPress","publisher":{"@id":"https:\/\/fuentesfidedignas.com.mx\/#organization"},"potentialAction":[{"@type":"SearchAction","target":{"@type":"EntryPoint","urlTemplate":"https:\/\/fuentesfidedignas.com.mx\/?s={search_term_string}"},"query-input":{"@type":"PropertyValueSpecification","valueRequired":true,"valueName":"search_term_string"}}],"inLanguage":"es"},{"@type":"Organization","@id":"https:\/\/fuentesfidedignas.com.mx\/#organization","name":"Fuentes Fidedignas","url":"https:\/\/fuentesfidedignas.com.mx\/","logo":{"@type":"ImageObject","inLanguage":"es","@id":"https:\/\/fuentesfidedignas.com.mx\/#\/schema\/logo\/image\/","url":"https:\/\/fuentesfidedignas.com.mx\/wp-content\/uploads\/2021\/04\/logo-retina.png","contentUrl":"https:\/\/fuentesfidedignas.com.mx\/wp-content\/uploads\/2021\/04\/logo-retina.png","width":280,"height":51,"caption":"Fuentes Fidedignas"},"image":{"@id":"https:\/\/fuentesfidedignas.com.mx\/#\/schema\/logo\/image\/"},"sameAs":["https:\/\/www.facebook.com\/Fuentes-Fidedignas-368234489921644","https:\/\/x.com\/fidedignas"]},{"@type":"Person","@id":"https:\/\/fuentesfidedignas.com.mx\/#\/schema\/person\/331be9283d37198e2acd5750279085b0","name":"Redacci\u00f3n","image":{"@type":"ImageObject","inLanguage":"es","@id":"https:\/\/secure.gravatar.com\/avatar\/f6d8782c11d12b2d4ad3fbb6931aeab5309937a4d6cd2fc9cfaa28a6396a5aec?s=96&d=mm&r=g","url":"https:\/\/secure.gravatar.com\/avatar\/f6d8782c11d12b2d4ad3fbb6931aeab5309937a4d6cd2fc9cfaa28a6396a5aec?s=96&d=mm&r=g","contentUrl":"https:\/\/secure.gravatar.com\/avatar\/f6d8782c11d12b2d4ad3fbb6931aeab5309937a4d6cd2fc9cfaa28a6396a5aec?s=96&d=mm&r=g","caption":"Redacci\u00f3n"},"url":"https:\/\/fuentesfidedignas.com.mx\/index.php\/author\/redaccion\/"}]}},"_links":{"self":[{"href":"https:\/\/fuentesfidedignas.com.mx\/index.php\/wp-json\/wp\/v2\/posts\/52258","targetHints":{"allow":["GET"]}}],"collection":[{"href":"https:\/\/fuentesfidedignas.com.mx\/index.php\/wp-json\/wp\/v2\/posts"}],"about":[{"href":"https:\/\/fuentesfidedignas.com.mx\/index.php\/wp-json\/wp\/v2\/types\/post"}],"author":[{"embeddable":true,"href":"https:\/\/fuentesfidedignas.com.mx\/index.php\/wp-json\/wp\/v2\/users\/4"}],"replies":[{"embeddable":true,"href":"https:\/\/fuentesfidedignas.com.mx\/index.php\/wp-json\/wp\/v2\/comments?post=52258"}],"version-history":[{"count":1,"href":"https:\/\/fuentesfidedignas.com.mx\/index.php\/wp-json\/wp\/v2\/posts\/52258\/revisions"}],"predecessor-version":[{"id":52265,"href":"https:\/\/fuentesfidedignas.com.mx\/index.php\/wp-json\/wp\/v2\/posts\/52258\/revisions\/52265"}],"wp:featuredmedia":[{"embeddable":true,"href":"https:\/\/fuentesfidedignas.com.mx\/index.php\/wp-json\/wp\/v2\/media\/52262"}],"wp:attachment":[{"href":"https:\/\/fuentesfidedignas.com.mx\/index.php\/wp-json\/wp\/v2\/media?parent=52258"}],"wp:term":[{"taxonomy":"category","embeddable":true,"href":"https:\/\/fuentesfidedignas.com.mx\/index.php\/wp-json\/wp\/v2\/categories?post=52258"},{"taxonomy":"post_tag","embeddable":true,"href":"https:\/\/fuentesfidedignas.com.mx\/index.php\/wp-json\/wp\/v2\/tags?post=52258"}],"curies":[{"name":"wp","href":"https:\/\/api.w.org\/{rel}","templated":true}]}}