{"id":52248,"date":"2023-07-08T14:14:01","date_gmt":"2023-07-08T21:14:01","guid":{"rendered":"https:\/\/fuentesfidedignas.com.mx\/?p=52248"},"modified":"2023-07-08T14:27:56","modified_gmt":"2023-07-08T21:27:56","slug":"caen-tres-ladrones-de-una-escuela-de-canadas-usaban-pistola-de-plastico","status":"publish","type":"post","link":"https:\/\/fuentesfidedignas.com.mx\/index.php\/2023\/07\/08\/caen-tres-ladrones-de-una-escuela-de-canadas-usaban-pistola-de-plastico\/","title":{"rendered":"Caen tres ladrones de una escuela de Ca\u00f1adas; usaban pistola de pl\u00e1stico"},"content":{"rendered":"\n<p><strong><em>Son sorprendidos cuando empe\u00f1aban una demoledora de concreto que hab\u00edan robado; le aseguran una pistola de pl\u00e1stico que utilizaron en el il\u00edcito<\/em><\/strong><\/p>\n\n\n\n<p>Culiac\u00e1n, Sin.- Personal de la Polic\u00eda Municipal Unidad Preventiva detuvo a tres hombres cuando empe\u00f1aban una demoledora de concreto que minutos antes hab\u00edan despojado mediante amenazas con una pistola que result\u00f3 ser de pl\u00e1stico, a una persona cuando laboraba en una escuela primaria ubicada en la colonia Infonavit Ca\u00f1adas.<\/p>\n\n\n\n<p>Durante el arresto, les aseguraron el equipo de trabajo pesado que hab\u00edan robado, as\u00ed como la pistola de pl\u00e1stico que utilizaron para cometer el il\u00edcito.<\/p>\n\n\n\n<p>La Secretar\u00eda de Seguridad P\u00fablica y Tr\u00e1nsito Municipal dio a conocer que las personas aseguradas son Rey Leonardo \u201cN\u201d, de 29 a\u00f1os, Luis Andr\u00e9s \u201cN\u201d, de 34 a\u00f1os y Jahnicson \u201cN\u201d, de 40 a\u00f1os.<\/p>\n\n\n\n<p>Ellos se encuentran a disposici\u00f3n de la Unidad del Ministerio P\u00fablico de lo Penal Especializada en Delitos Patrimoniales, por el delito de robo con violencia mediante el uso de objeto para intimidar a la v\u00edctima.<\/p>\n\n\n\n<p>Los polic\u00edas municipales atendieron un reporte sobre tres hombres que hab\u00edan cometido un robo con violencia mediante amenazas con una pistola en la escuela Benito Ju\u00e1rez, quienes lograron despojar a su v\u00edctima de una demoledora de concreto.<\/p>\n\n\n\n<p>De inmediato los elementos policiacos acudieron al sitio de los hechos y se entrevistaron con el afectado, quien proporcion\u00f3 informaci\u00f3n de los responsables, mismos que lograron escapar en un autom\u00f3vil Chevrolet Spark blanco.<\/p>\n\n\n\n<p>El personal de la Polic\u00eda Municipal inici\u00f3 con las labores de b\u00fasqueda de los presuntos responsables, y cuando circulaban por la calle Aztl\u00e1n y Benjam\u00edn Hill de la colonia Pemex, observaron estacionado afuera de una casa de empe\u00f1o, un auto que coincid\u00eda con las caracter\u00edsticas del veh\u00edculo en que viajaban las personas que cometieron el robo.<\/p>\n\n\n\n<p>Los agentes preventivos se introdujeron al negocio y se dieron cuenta que en el mostrador se encontraban tres hombres que estaban empe\u00f1ando una demoledora de concreto, motivo por el cual intervinieron y confirmaron que dicho equipo de trabajo era el que minutos antes hab\u00eda sido despojado de manera violenta.<\/p>\n\n\n\n<p>Luego fue registrado el auto, y entre los asientos fue asegurada una pistola de pl\u00e1stico negra. El afectado identific\u00f3 a estas personas como los responsables del robo, as\u00ed como la pistola que utilizaron en el mismo.<\/p>\n\n\n\n<p>En ese momento, los tres hombres quedaron formalmente detenidos, y junto con el equipo de trabajo y la pistola de pl\u00e1stico, quedaron a cargo de las autoridades competentes.<\/p>\n","protected":false},"excerpt":{"rendered":"<p>Son sorprendidos cuando empe\u00f1aban una demoledora de concreto que hab\u00edan robado; le aseguran una pistola de pl\u00e1stico que utilizaron en el il\u00edcito Culiac\u00e1n, Sin.- Personal de la Polic\u00eda Municipal Unidad Preventiva detuvo a tres hombres cuando empe\u00f1aban una demoledora de concreto que minutos antes hab\u00edan despojado mediante amenazas con una pistola que result\u00f3 ser de [&hellip;]<\/p>\n","protected":false},"author":4,"featured_media":52250,"comment_status":"open","ping_status":"open","sticky":false,"template":"","format":"standard","meta":{"tdm_status":"","tdm_grid_status":"","footnotes":""},"categories":[38,1],"tags":[],"class_list":{"0":"post-52248","1":"post","2":"type-post","3":"status-publish","4":"format-standard","5":"has-post-thumbnail","7":"category-noticias-locales","8":"category-sin-categoria"},"yoast_head":"<!-- This site is optimized with the Yoast SEO plugin v27.4 - https:\/\/yoast.com\/product\/yoast-seo-wordpress\/ -->\n<title>Caen tres ladrones de una escuela de Ca\u00f1adas; usaban pistola de pl\u00e1stico - Fuentes Fidedignas<\/title>\n<meta name=\"robots\" content=\"index, follow, max-snippet:-1, max-image-preview:large, max-video-preview:-1\" \/>\n<link rel=\"canonical\" href=\"https:\/\/fuentesfidedignas.com.mx\/index.php\/2023\/07\/08\/caen-tres-ladrones-de-una-escuela-de-canadas-usaban-pistola-de-plastico\/\" \/>\n<meta property=\"og:locale\" content=\"es_MX\" \/>\n<meta property=\"og:type\" content=\"article\" \/>\n<meta property=\"og:title\" content=\"Caen tres ladrones de una escuela de Ca\u00f1adas; usaban pistola de pl\u00e1stico - Fuentes Fidedignas\" \/>\n<meta property=\"og:description\" content=\"Son sorprendidos cuando empe\u00f1aban una demoledora de concreto que hab\u00edan robado; le aseguran una pistola de pl\u00e1stico que utilizaron en el il\u00edcito Culiac\u00e1n, Sin.- Personal de la Polic\u00eda Municipal Unidad Preventiva detuvo a tres hombres cuando empe\u00f1aban una demoledora de concreto que minutos antes hab\u00edan despojado mediante amenazas con una pistola que result\u00f3 ser de [&hellip;]\" \/>\n<meta property=\"og:url\" content=\"https:\/\/fuentesfidedignas.com.mx\/index.php\/2023\/07\/08\/caen-tres-ladrones-de-una-escuela-de-canadas-usaban-pistola-de-plastico\/\" \/>\n<meta property=\"og:site_name\" content=\"Fuentes Fidedignas\" \/>\n<meta property=\"article:publisher\" content=\"https:\/\/www.facebook.com\/Fuentes-Fidedignas-368234489921644\" \/>\n<meta property=\"article:published_time\" content=\"2023-07-08T21:14:01+00:00\" \/>\n<meta property=\"article:modified_time\" content=\"2023-07-08T21:27:56+00:00\" \/>\n<meta property=\"og:image\" content=\"https:\/\/fuentesfidedignas.com.mx\/wp-content\/uploads\/2021\/04\/logo-retina.png\" \/>\n\t<meta property=\"og:image:width\" content=\"280\" \/>\n\t<meta property=\"og:image:height\" content=\"51\" \/>\n\t<meta property=\"og:image:type\" content=\"image\/png\" \/>\n<meta name=\"author\" content=\"Redacci\u00f3n\" \/>\n<meta name=\"twitter:card\" content=\"summary_large_image\" \/>\n<meta name=\"twitter:creator\" content=\"@fidedignas\" \/>\n<meta name=\"twitter:site\" content=\"@fidedignas\" \/>\n<meta name=\"twitter:label1\" content=\"Escrito por\" \/>\n\t<meta name=\"twitter:data1\" content=\"Redacci\u00f3n\" \/>\n\t<meta name=\"twitter:label2\" content=\"Tiempo de lectura\" \/>\n\t<meta name=\"twitter:data2\" content=\"2 minutos\" \/>\n<script type=\"application\/ld+json\" class=\"yoast-schema-graph\">{\"@context\":\"https:\\\/\\\/schema.org\",\"@graph\":[{\"@type\":\"Article\",\"@id\":\"https:\\\/\\\/fuentesfidedignas.com.mx\\\/index.php\\\/2023\\\/07\\\/08\\\/caen-tres-ladrones-de-una-escuela-de-canadas-usaban-pistola-de-plastico\\\/#article\",\"isPartOf\":{\"@id\":\"https:\\\/\\\/fuentesfidedignas.com.mx\\\/index.php\\\/2023\\\/07\\\/08\\\/caen-tres-ladrones-de-una-escuela-de-canadas-usaban-pistola-de-plastico\\\/\"},\"author\":{\"name\":\"Redacci\u00f3n\",\"@id\":\"https:\\\/\\\/fuentesfidedignas.com.mx\\\/#\\\/schema\\\/person\\\/331be9283d37198e2acd5750279085b0\"},\"headline\":\"Caen tres ladrones de una escuela de Ca\u00f1adas; usaban pistola de pl\u00e1stico\",\"datePublished\":\"2023-07-08T21:14:01+00:00\",\"dateModified\":\"2023-07-08T21:27:56+00:00\",\"mainEntityOfPage\":{\"@id\":\"https:\\\/\\\/fuentesfidedignas.com.mx\\\/index.php\\\/2023\\\/07\\\/08\\\/caen-tres-ladrones-de-una-escuela-de-canadas-usaban-pistola-de-plastico\\\/\"},\"wordCount\":457,\"commentCount\":0,\"publisher\":{\"@id\":\"https:\\\/\\\/fuentesfidedignas.com.mx\\\/#organization\"},\"image\":{\"@id\":\"https:\\\/\\\/fuentesfidedignas.com.mx\\\/index.php\\\/2023\\\/07\\\/08\\\/caen-tres-ladrones-de-una-escuela-de-canadas-usaban-pistola-de-plastico\\\/#primaryimage\"},\"thumbnailUrl\":\"https:\\\/\\\/fuentesfidedignas.com.mx\\\/wp-content\\\/uploads\\\/2023\\\/07\\\/Screenshot_20230708_140647_Facebook.jpg\",\"articleSection\":[\"NOTICIAS LOCALES\"],\"inLanguage\":\"es\",\"potentialAction\":[{\"@type\":\"CommentAction\",\"name\":\"Comment\",\"target\":[\"https:\\\/\\\/fuentesfidedignas.com.mx\\\/index.php\\\/2023\\\/07\\\/08\\\/caen-tres-ladrones-de-una-escuela-de-canadas-usaban-pistola-de-plastico\\\/#respond\"]}]},{\"@type\":\"WebPage\",\"@id\":\"https:\\\/\\\/fuentesfidedignas.com.mx\\\/index.php\\\/2023\\\/07\\\/08\\\/caen-tres-ladrones-de-una-escuela-de-canadas-usaban-pistola-de-plastico\\\/\",\"url\":\"https:\\\/\\\/fuentesfidedignas.com.mx\\\/index.php\\\/2023\\\/07\\\/08\\\/caen-tres-ladrones-de-una-escuela-de-canadas-usaban-pistola-de-plastico\\\/\",\"name\":\"Caen tres ladrones de una escuela de Ca\u00f1adas; usaban pistola de pl\u00e1stico - Fuentes Fidedignas\",\"isPartOf\":{\"@id\":\"https:\\\/\\\/fuentesfidedignas.com.mx\\\/#website\"},\"primaryImageOfPage\":{\"@id\":\"https:\\\/\\\/fuentesfidedignas.com.mx\\\/index.php\\\/2023\\\/07\\\/08\\\/caen-tres-ladrones-de-una-escuela-de-canadas-usaban-pistola-de-plastico\\\/#primaryimage\"},\"image\":{\"@id\":\"https:\\\/\\\/fuentesfidedignas.com.mx\\\/index.php\\\/2023\\\/07\\\/08\\\/caen-tres-ladrones-de-una-escuela-de-canadas-usaban-pistola-de-plastico\\\/#primaryimage\"},\"thumbnailUrl\":\"https:\\\/\\\/fuentesfidedignas.com.mx\\\/wp-content\\\/uploads\\\/2023\\\/07\\\/Screenshot_20230708_140647_Facebook.jpg\",\"datePublished\":\"2023-07-08T21:14:01+00:00\",\"dateModified\":\"2023-07-08T21:27:56+00:00\",\"breadcrumb\":{\"@id\":\"https:\\\/\\\/fuentesfidedignas.com.mx\\\/index.php\\\/2023\\\/07\\\/08\\\/caen-tres-ladrones-de-una-escuela-de-canadas-usaban-pistola-de-plastico\\\/#breadcrumb\"},\"inLanguage\":\"es\",\"potentialAction\":[{\"@type\":\"ReadAction\",\"target\":[\"https:\\\/\\\/fuentesfidedignas.com.mx\\\/index.php\\\/2023\\\/07\\\/08\\\/caen-tres-ladrones-de-una-escuela-de-canadas-usaban-pistola-de-plastico\\\/\"]}]},{\"@type\":\"ImageObject\",\"inLanguage\":\"es\",\"@id\":\"https:\\\/\\\/fuentesfidedignas.com.mx\\\/index.php\\\/2023\\\/07\\\/08\\\/caen-tres-ladrones-de-una-escuela-de-canadas-usaban-pistola-de-plastico\\\/#primaryimage\",\"url\":\"https:\\\/\\\/fuentesfidedignas.com.mx\\\/wp-content\\\/uploads\\\/2023\\\/07\\\/Screenshot_20230708_140647_Facebook.jpg\",\"contentUrl\":\"https:\\\/\\\/fuentesfidedignas.com.mx\\\/wp-content\\\/uploads\\\/2023\\\/07\\\/Screenshot_20230708_140647_Facebook.jpg\",\"width\":1079,\"height\":867},{\"@type\":\"BreadcrumbList\",\"@id\":\"https:\\\/\\\/fuentesfidedignas.com.mx\\\/index.php\\\/2023\\\/07\\\/08\\\/caen-tres-ladrones-de-una-escuela-de-canadas-usaban-pistola-de-plastico\\\/#breadcrumb\",\"itemListElement\":[{\"@type\":\"ListItem\",\"position\":1,\"name\":\"Inicio\",\"item\":\"https:\\\/\\\/fuentesfidedignas.com.mx\\\/\"},{\"@type\":\"ListItem\",\"position\":2,\"name\":\"Caen tres ladrones de una escuela de Ca\u00f1adas; usaban pistola de pl\u00e1stico\"}]},{\"@type\":\"WebSite\",\"@id\":\"https:\\\/\\\/fuentesfidedignas.com.mx\\\/#website\",\"url\":\"https:\\\/\\\/fuentesfidedignas.com.mx\\\/\",\"name\":\"Fuentes Fidedignas\",\"description\":\"Otro sitio realizado con WordPress\",\"publisher\":{\"@id\":\"https:\\\/\\\/fuentesfidedignas.com.mx\\\/#organization\"},\"potentialAction\":[{\"@type\":\"SearchAction\",\"target\":{\"@type\":\"EntryPoint\",\"urlTemplate\":\"https:\\\/\\\/fuentesfidedignas.com.mx\\\/?s={search_term_string}\"},\"query-input\":{\"@type\":\"PropertyValueSpecification\",\"valueRequired\":true,\"valueName\":\"search_term_string\"}}],\"inLanguage\":\"es\"},{\"@type\":\"Organization\",\"@id\":\"https:\\\/\\\/fuentesfidedignas.com.mx\\\/#organization\",\"name\":\"Fuentes Fidedignas\",\"url\":\"https:\\\/\\\/fuentesfidedignas.com.mx\\\/\",\"logo\":{\"@type\":\"ImageObject\",\"inLanguage\":\"es\",\"@id\":\"https:\\\/\\\/fuentesfidedignas.com.mx\\\/#\\\/schema\\\/logo\\\/image\\\/\",\"url\":\"https:\\\/\\\/fuentesfidedignas.com.mx\\\/wp-content\\\/uploads\\\/2021\\\/04\\\/logo-retina.png\",\"contentUrl\":\"https:\\\/\\\/fuentesfidedignas.com.mx\\\/wp-content\\\/uploads\\\/2021\\\/04\\\/logo-retina.png\",\"width\":280,\"height\":51,\"caption\":\"Fuentes Fidedignas\"},\"image\":{\"@id\":\"https:\\\/\\\/fuentesfidedignas.com.mx\\\/#\\\/schema\\\/logo\\\/image\\\/\"},\"sameAs\":[\"https:\\\/\\\/www.facebook.com\\\/Fuentes-Fidedignas-368234489921644\",\"https:\\\/\\\/x.com\\\/fidedignas\"]},{\"@type\":\"Person\",\"@id\":\"https:\\\/\\\/fuentesfidedignas.com.mx\\\/#\\\/schema\\\/person\\\/331be9283d37198e2acd5750279085b0\",\"name\":\"Redacci\u00f3n\",\"image\":{\"@type\":\"ImageObject\",\"inLanguage\":\"es\",\"@id\":\"https:\\\/\\\/secure.gravatar.com\\\/avatar\\\/f6d8782c11d12b2d4ad3fbb6931aeab5309937a4d6cd2fc9cfaa28a6396a5aec?s=96&d=mm&r=g\",\"url\":\"https:\\\/\\\/secure.gravatar.com\\\/avatar\\\/f6d8782c11d12b2d4ad3fbb6931aeab5309937a4d6cd2fc9cfaa28a6396a5aec?s=96&d=mm&r=g\",\"contentUrl\":\"https:\\\/\\\/secure.gravatar.com\\\/avatar\\\/f6d8782c11d12b2d4ad3fbb6931aeab5309937a4d6cd2fc9cfaa28a6396a5aec?s=96&d=mm&r=g\",\"caption\":\"Redacci\u00f3n\"},\"url\":\"https:\\\/\\\/fuentesfidedignas.com.mx\\\/index.php\\\/author\\\/redaccion\\\/\"}]}<\/script>\n<!-- \/ Yoast SEO plugin. -->","yoast_head_json":{"title":"Caen tres ladrones de una escuela de Ca\u00f1adas; usaban pistola de pl\u00e1stico - Fuentes Fidedignas","robots":{"index":"index","follow":"follow","max-snippet":"max-snippet:-1","max-image-preview":"max-image-preview:large","max-video-preview":"max-video-preview:-1"},"canonical":"https:\/\/fuentesfidedignas.com.mx\/index.php\/2023\/07\/08\/caen-tres-ladrones-de-una-escuela-de-canadas-usaban-pistola-de-plastico\/","og_locale":"es_MX","og_type":"article","og_title":"Caen tres ladrones de una escuela de Ca\u00f1adas; usaban pistola de pl\u00e1stico - Fuentes Fidedignas","og_description":"Son sorprendidos cuando empe\u00f1aban una demoledora de concreto que hab\u00edan robado; le aseguran una pistola de pl\u00e1stico que utilizaron en el il\u00edcito Culiac\u00e1n, Sin.- Personal de la Polic\u00eda Municipal Unidad Preventiva detuvo a tres hombres cuando empe\u00f1aban una demoledora de concreto que minutos antes hab\u00edan despojado mediante amenazas con una pistola que result\u00f3 ser de [&hellip;]","og_url":"https:\/\/fuentesfidedignas.com.mx\/index.php\/2023\/07\/08\/caen-tres-ladrones-de-una-escuela-de-canadas-usaban-pistola-de-plastico\/","og_site_name":"Fuentes Fidedignas","article_publisher":"https:\/\/www.facebook.com\/Fuentes-Fidedignas-368234489921644","article_published_time":"2023-07-08T21:14:01+00:00","article_modified_time":"2023-07-08T21:27:56+00:00","og_image":[{"width":280,"height":51,"url":"https:\/\/fuentesfidedignas.com.mx\/wp-content\/uploads\/2021\/04\/logo-retina.png","type":"image\/png"}],"author":"Redacci\u00f3n","twitter_card":"summary_large_image","twitter_creator":"@fidedignas","twitter_site":"@fidedignas","twitter_misc":{"Escrito por":"Redacci\u00f3n","Tiempo de lectura":"2 minutos"},"schema":{"@context":"https:\/\/schema.org","@graph":[{"@type":"Article","@id":"https:\/\/fuentesfidedignas.com.mx\/index.php\/2023\/07\/08\/caen-tres-ladrones-de-una-escuela-de-canadas-usaban-pistola-de-plastico\/#article","isPartOf":{"@id":"https:\/\/fuentesfidedignas.com.mx\/index.php\/2023\/07\/08\/caen-tres-ladrones-de-una-escuela-de-canadas-usaban-pistola-de-plastico\/"},"author":{"name":"Redacci\u00f3n","@id":"https:\/\/fuentesfidedignas.com.mx\/#\/schema\/person\/331be9283d37198e2acd5750279085b0"},"headline":"Caen tres ladrones de una escuela de Ca\u00f1adas; usaban pistola de pl\u00e1stico","datePublished":"2023-07-08T21:14:01+00:00","dateModified":"2023-07-08T21:27:56+00:00","mainEntityOfPage":{"@id":"https:\/\/fuentesfidedignas.com.mx\/index.php\/2023\/07\/08\/caen-tres-ladrones-de-una-escuela-de-canadas-usaban-pistola-de-plastico\/"},"wordCount":457,"commentCount":0,"publisher":{"@id":"https:\/\/fuentesfidedignas.com.mx\/#organization"},"image":{"@id":"https:\/\/fuentesfidedignas.com.mx\/index.php\/2023\/07\/08\/caen-tres-ladrones-de-una-escuela-de-canadas-usaban-pistola-de-plastico\/#primaryimage"},"thumbnailUrl":"https:\/\/fuentesfidedignas.com.mx\/wp-content\/uploads\/2023\/07\/Screenshot_20230708_140647_Facebook.jpg","articleSection":["NOTICIAS LOCALES"],"inLanguage":"es","potentialAction":[{"@type":"CommentAction","name":"Comment","target":["https:\/\/fuentesfidedignas.com.mx\/index.php\/2023\/07\/08\/caen-tres-ladrones-de-una-escuela-de-canadas-usaban-pistola-de-plastico\/#respond"]}]},{"@type":"WebPage","@id":"https:\/\/fuentesfidedignas.com.mx\/index.php\/2023\/07\/08\/caen-tres-ladrones-de-una-escuela-de-canadas-usaban-pistola-de-plastico\/","url":"https:\/\/fuentesfidedignas.com.mx\/index.php\/2023\/07\/08\/caen-tres-ladrones-de-una-escuela-de-canadas-usaban-pistola-de-plastico\/","name":"Caen tres ladrones de una escuela de Ca\u00f1adas; usaban pistola de pl\u00e1stico - Fuentes Fidedignas","isPartOf":{"@id":"https:\/\/fuentesfidedignas.com.mx\/#website"},"primaryImageOfPage":{"@id":"https:\/\/fuentesfidedignas.com.mx\/index.php\/2023\/07\/08\/caen-tres-ladrones-de-una-escuela-de-canadas-usaban-pistola-de-plastico\/#primaryimage"},"image":{"@id":"https:\/\/fuentesfidedignas.com.mx\/index.php\/2023\/07\/08\/caen-tres-ladrones-de-una-escuela-de-canadas-usaban-pistola-de-plastico\/#primaryimage"},"thumbnailUrl":"https:\/\/fuentesfidedignas.com.mx\/wp-content\/uploads\/2023\/07\/Screenshot_20230708_140647_Facebook.jpg","datePublished":"2023-07-08T21:14:01+00:00","dateModified":"2023-07-08T21:27:56+00:00","breadcrumb":{"@id":"https:\/\/fuentesfidedignas.com.mx\/index.php\/2023\/07\/08\/caen-tres-ladrones-de-una-escuela-de-canadas-usaban-pistola-de-plastico\/#breadcrumb"},"inLanguage":"es","potentialAction":[{"@type":"ReadAction","target":["https:\/\/fuentesfidedignas.com.mx\/index.php\/2023\/07\/08\/caen-tres-ladrones-de-una-escuela-de-canadas-usaban-pistola-de-plastico\/"]}]},{"@type":"ImageObject","inLanguage":"es","@id":"https:\/\/fuentesfidedignas.com.mx\/index.php\/2023\/07\/08\/caen-tres-ladrones-de-una-escuela-de-canadas-usaban-pistola-de-plastico\/#primaryimage","url":"https:\/\/fuentesfidedignas.com.mx\/wp-content\/uploads\/2023\/07\/Screenshot_20230708_140647_Facebook.jpg","contentUrl":"https:\/\/fuentesfidedignas.com.mx\/wp-content\/uploads\/2023\/07\/Screenshot_20230708_140647_Facebook.jpg","width":1079,"height":867},{"@type":"BreadcrumbList","@id":"https:\/\/fuentesfidedignas.com.mx\/index.php\/2023\/07\/08\/caen-tres-ladrones-de-una-escuela-de-canadas-usaban-pistola-de-plastico\/#breadcrumb","itemListElement":[{"@type":"ListItem","position":1,"name":"Inicio","item":"https:\/\/fuentesfidedignas.com.mx\/"},{"@type":"ListItem","position":2,"name":"Caen tres ladrones de una escuela de Ca\u00f1adas; usaban pistola de pl\u00e1stico"}]},{"@type":"WebSite","@id":"https:\/\/fuentesfidedignas.com.mx\/#website","url":"https:\/\/fuentesfidedignas.com.mx\/","name":"Fuentes Fidedignas","description":"Otro sitio realizado con WordPress","publisher":{"@id":"https:\/\/fuentesfidedignas.com.mx\/#organization"},"potentialAction":[{"@type":"SearchAction","target":{"@type":"EntryPoint","urlTemplate":"https:\/\/fuentesfidedignas.com.mx\/?s={search_term_string}"},"query-input":{"@type":"PropertyValueSpecification","valueRequired":true,"valueName":"search_term_string"}}],"inLanguage":"es"},{"@type":"Organization","@id":"https:\/\/fuentesfidedignas.com.mx\/#organization","name":"Fuentes Fidedignas","url":"https:\/\/fuentesfidedignas.com.mx\/","logo":{"@type":"ImageObject","inLanguage":"es","@id":"https:\/\/fuentesfidedignas.com.mx\/#\/schema\/logo\/image\/","url":"https:\/\/fuentesfidedignas.com.mx\/wp-content\/uploads\/2021\/04\/logo-retina.png","contentUrl":"https:\/\/fuentesfidedignas.com.mx\/wp-content\/uploads\/2021\/04\/logo-retina.png","width":280,"height":51,"caption":"Fuentes Fidedignas"},"image":{"@id":"https:\/\/fuentesfidedignas.com.mx\/#\/schema\/logo\/image\/"},"sameAs":["https:\/\/www.facebook.com\/Fuentes-Fidedignas-368234489921644","https:\/\/x.com\/fidedignas"]},{"@type":"Person","@id":"https:\/\/fuentesfidedignas.com.mx\/#\/schema\/person\/331be9283d37198e2acd5750279085b0","name":"Redacci\u00f3n","image":{"@type":"ImageObject","inLanguage":"es","@id":"https:\/\/secure.gravatar.com\/avatar\/f6d8782c11d12b2d4ad3fbb6931aeab5309937a4d6cd2fc9cfaa28a6396a5aec?s=96&d=mm&r=g","url":"https:\/\/secure.gravatar.com\/avatar\/f6d8782c11d12b2d4ad3fbb6931aeab5309937a4d6cd2fc9cfaa28a6396a5aec?s=96&d=mm&r=g","contentUrl":"https:\/\/secure.gravatar.com\/avatar\/f6d8782c11d12b2d4ad3fbb6931aeab5309937a4d6cd2fc9cfaa28a6396a5aec?s=96&d=mm&r=g","caption":"Redacci\u00f3n"},"url":"https:\/\/fuentesfidedignas.com.mx\/index.php\/author\/redaccion\/"}]}},"_links":{"self":[{"href":"https:\/\/fuentesfidedignas.com.mx\/index.php\/wp-json\/wp\/v2\/posts\/52248","targetHints":{"allow":["GET"]}}],"collection":[{"href":"https:\/\/fuentesfidedignas.com.mx\/index.php\/wp-json\/wp\/v2\/posts"}],"about":[{"href":"https:\/\/fuentesfidedignas.com.mx\/index.php\/wp-json\/wp\/v2\/types\/post"}],"author":[{"embeddable":true,"href":"https:\/\/fuentesfidedignas.com.mx\/index.php\/wp-json\/wp\/v2\/users\/4"}],"replies":[{"embeddable":true,"href":"https:\/\/fuentesfidedignas.com.mx\/index.php\/wp-json\/wp\/v2\/comments?post=52248"}],"version-history":[{"count":1,"href":"https:\/\/fuentesfidedignas.com.mx\/index.php\/wp-json\/wp\/v2\/posts\/52248\/revisions"}],"predecessor-version":[{"id":52249,"href":"https:\/\/fuentesfidedignas.com.mx\/index.php\/wp-json\/wp\/v2\/posts\/52248\/revisions\/52249"}],"wp:featuredmedia":[{"embeddable":true,"href":"https:\/\/fuentesfidedignas.com.mx\/index.php\/wp-json\/wp\/v2\/media\/52250"}],"wp:attachment":[{"href":"https:\/\/fuentesfidedignas.com.mx\/index.php\/wp-json\/wp\/v2\/media?parent=52248"}],"wp:term":[{"taxonomy":"category","embeddable":true,"href":"https:\/\/fuentesfidedignas.com.mx\/index.php\/wp-json\/wp\/v2\/categories?post=52248"},{"taxonomy":"post_tag","embeddable":true,"href":"https:\/\/fuentesfidedignas.com.mx\/index.php\/wp-json\/wp\/v2\/tags?post=52248"}],"curies":[{"name":"wp","href":"https:\/\/api.w.org\/{rel}","templated":true}]}}