{"id":52244,"date":"2023-07-08T09:20:44","date_gmt":"2023-07-08T16:20:44","guid":{"rendered":"https:\/\/fuentesfidedignas.com.mx\/?p=52244"},"modified":"2023-07-08T12:22:59","modified_gmt":"2023-07-08T19:22:59","slug":"se-sumo-jesus-maduena-a-la-marcha-por-la-paz-y-la-concordia","status":"publish","type":"post","link":"https:\/\/fuentesfidedignas.com.mx\/index.php\/2023\/07\/08\/se-sumo-jesus-maduena-a-la-marcha-por-la-paz-y-la-concordia\/","title":{"rendered":"Se sum\u00f3 Jes\u00fas Madue\u00f1a a la Marcha por la Paz y la Concordia"},"content":{"rendered":"\n<p><\/p>\n\n\n\n<p>Culiac\u00e1n, Sin.- El doctor Jes\u00fas Madue\u00f1a Molina, en un acto de solidaridad, se sum\u00f3 a la gran marcha &#8220;Por la Paz y la Concordia Sinaloa 2023&#8221; para manifestarse en contra de la violencia y la inseguridad que se vive en el estado.<\/p>\n\n\n\n<p>Los miles de ciudadanos adheridos a esta marcha pac\u00edfica que dio inicio en el cruce de las calles \u00c1lvaro Obreg\u00f3n y Ciudades Hermanas, al pie de La Lomita, mostraron su rechazo ante el clima de violencia que prevalece en Sinaloa y en donde la sociedad pide un cese a tantas injusticias.<\/p>\n\n\n\n<figure class=\"wp-block-image size-large\"><img decoding=\"async\" width=\"1024\" height=\"682\" src=\"https:\/\/fuentesfidedignas.com.mx\/wp-content\/uploads\/2023\/07\/1000089934-1024x682.jpg\" alt=\"\" class=\"wp-image-52245\" srcset=\"https:\/\/fuentesfidedignas.com.mx\/wp-content\/uploads\/2023\/07\/1000089934-1024x682.jpg 1024w, https:\/\/fuentesfidedignas.com.mx\/wp-content\/uploads\/2023\/07\/1000089934-300x200.jpg 300w, https:\/\/fuentesfidedignas.com.mx\/wp-content\/uploads\/2023\/07\/1000089934-768x512.jpg 768w, https:\/\/fuentesfidedignas.com.mx\/wp-content\/uploads\/2023\/07\/1000089934-1536x1023.jpg 1536w, https:\/\/fuentesfidedignas.com.mx\/wp-content\/uploads\/2023\/07\/1000089934.jpg 1600w\" sizes=\"(max-width: 1024px) 100vw, 1024px\" \/><\/figure>\n\n\n\n<p>Acompa\u00f1ado de su esposa, la maestra Sof\u00eda Angulo de Madue\u00f1a, expres\u00f3 que en un acto genuino como ciudadano de sociedad civil y como padre de familia inconforme ante el clima de inseguridad que persiste en la capital sinaloense, se une a la manifestaci\u00f3n para exigir a las autoridades estatales emprender acciones inmediatas que frenen los actos de violencia.<\/p>\n\n\n\n<p><strong>&#8220;Todos los d\u00edas hay muertos, hay levantados, hay desaparecidos, hay asaltos, hay robos; entonces este llamado que se hace en esta marcha del silencio, es un llamado a las autoridades para que pongan atenci\u00f3n de lo que est\u00e1 pasando y que busquen una soluci\u00f3n al problema de inseguridad aqu\u00ed en el estado de Sinaloa, esa es la conciencia con la cual acudimos y el llamado tambi\u00e9n para todos es la solidaridad con la ciudadan\u00eda y en ese sentido, creo que lo que hemos hecho hoy es acompa\u00f1ar al pueblo de Sinaloa, a la sociedad civil en este llamado que nos hicieron<\/strong>&#8220;, expres\u00f3.<\/p>\n\n\n\n<p>A su vez la maestra Sof\u00eda Angulo de Madue\u00f1a, enfatiz\u00f3 la importancia de que cada persona aporte y realice su parte como ciudadano, pero que tambi\u00e9n las autoridades hagan lo correspondiente para que la violencia disminuya y las familias puedan salir sin preocupaci\u00f3n a la calle y disfrutar de una vida pac\u00edfica.<\/p>\n\n\n\n<p><strong>&#8220;Es muy importante que todos nos unamos y que luchemos para lograr que lleguemos a la paz que es lo que se requiere<\/strong>&#8220;, extern\u00f3.<\/p>\n\n\n\n<p>Durante el recorrido que avanz\u00f3 por m\u00e1s de dos kil\u00f3metros por una de las avenidas principales de la capital sinaloense para concluir en las inmediaciones de la Catedral, los participantes en esta movilizaci\u00f3n con pancartas exig\u00edan justicia por los desaparecidos, reclamaban un alto a la violencia en contra de las mujeres, demandaban un Sinaloa libre de violencia, un Sinaloa en paz.<\/p>\n\n\n\n<p>El silencio de los miles de asistentes a la marcha gener\u00f3 a su paso un ruido ensordecedor que dej\u00f3 en claro a las autoridades que son m\u00e1s los ciudadanos que quieren la paz y la justicia que tanto se necesita en la regi\u00f3n.<\/p>\n","protected":false},"excerpt":{"rendered":"<p>Culiac\u00e1n, Sin.- El doctor Jes\u00fas Madue\u00f1a Molina, en un acto de solidaridad, se sum\u00f3 a la gran marcha &#8220;Por la Paz y la Concordia Sinaloa 2023&#8221; para manifestarse en contra de la violencia y la inseguridad que se vive en el estado. Los miles de ciudadanos adheridos a esta marcha pac\u00edfica que dio inicio en [&hellip;]<\/p>\n","protected":false},"author":4,"featured_media":52247,"comment_status":"open","ping_status":"open","sticky":false,"template":"","format":"standard","meta":{"tdm_status":"","tdm_grid_status":"","footnotes":""},"categories":[38,1],"tags":[],"class_list":{"0":"post-52244","1":"post","2":"type-post","3":"status-publish","4":"format-standard","5":"has-post-thumbnail","7":"category-noticias-locales","8":"category-sin-categoria"},"yoast_head":"<!-- This site is optimized with the Yoast SEO plugin v27.4 - https:\/\/yoast.com\/product\/yoast-seo-wordpress\/ -->\n<title>Se sum\u00f3 Jes\u00fas Madue\u00f1a a la Marcha por la Paz y la Concordia - Fuentes Fidedignas<\/title>\n<meta name=\"robots\" content=\"index, follow, max-snippet:-1, max-image-preview:large, max-video-preview:-1\" \/>\n<link rel=\"canonical\" href=\"https:\/\/fuentesfidedignas.com.mx\/index.php\/2023\/07\/08\/se-sumo-jesus-maduena-a-la-marcha-por-la-paz-y-la-concordia\/\" \/>\n<meta property=\"og:locale\" content=\"es_MX\" \/>\n<meta property=\"og:type\" content=\"article\" \/>\n<meta property=\"og:title\" content=\"Se sum\u00f3 Jes\u00fas Madue\u00f1a a la Marcha por la Paz y la Concordia - Fuentes Fidedignas\" \/>\n<meta property=\"og:description\" content=\"Culiac\u00e1n, Sin.- El doctor Jes\u00fas Madue\u00f1a Molina, en un acto de solidaridad, se sum\u00f3 a la gran marcha &#8220;Por la Paz y la Concordia Sinaloa 2023&#8221; para manifestarse en contra de la violencia y la inseguridad que se vive en el estado. Los miles de ciudadanos adheridos a esta marcha pac\u00edfica que dio inicio en [&hellip;]\" \/>\n<meta property=\"og:url\" content=\"https:\/\/fuentesfidedignas.com.mx\/index.php\/2023\/07\/08\/se-sumo-jesus-maduena-a-la-marcha-por-la-paz-y-la-concordia\/\" \/>\n<meta property=\"og:site_name\" content=\"Fuentes Fidedignas\" \/>\n<meta property=\"article:publisher\" content=\"https:\/\/www.facebook.com\/Fuentes-Fidedignas-368234489921644\" \/>\n<meta property=\"article:published_time\" content=\"2023-07-08T16:20:44+00:00\" \/>\n<meta property=\"article:modified_time\" content=\"2023-07-08T19:22:59+00:00\" \/>\n<meta property=\"og:image\" content=\"https:\/\/fuentesfidedignas.com.mx\/wp-content\/uploads\/2023\/07\/1000089934-1024x682.jpg\" \/>\n<meta name=\"author\" content=\"Redacci\u00f3n\" \/>\n<meta name=\"twitter:card\" content=\"summary_large_image\" \/>\n<meta name=\"twitter:creator\" content=\"@fidedignas\" \/>\n<meta name=\"twitter:site\" content=\"@fidedignas\" \/>\n<meta name=\"twitter:label1\" content=\"Escrito por\" \/>\n\t<meta name=\"twitter:data1\" content=\"Redacci\u00f3n\" \/>\n\t<meta name=\"twitter:label2\" content=\"Tiempo de lectura\" \/>\n\t<meta name=\"twitter:data2\" content=\"3 minutos\" \/>\n<script type=\"application\/ld+json\" class=\"yoast-schema-graph\">{\"@context\":\"https:\\\/\\\/schema.org\",\"@graph\":[{\"@type\":\"Article\",\"@id\":\"https:\\\/\\\/fuentesfidedignas.com.mx\\\/index.php\\\/2023\\\/07\\\/08\\\/se-sumo-jesus-maduena-a-la-marcha-por-la-paz-y-la-concordia\\\/#article\",\"isPartOf\":{\"@id\":\"https:\\\/\\\/fuentesfidedignas.com.mx\\\/index.php\\\/2023\\\/07\\\/08\\\/se-sumo-jesus-maduena-a-la-marcha-por-la-paz-y-la-concordia\\\/\"},\"author\":{\"name\":\"Redacci\u00f3n\",\"@id\":\"https:\\\/\\\/fuentesfidedignas.com.mx\\\/#\\\/schema\\\/person\\\/331be9283d37198e2acd5750279085b0\"},\"headline\":\"Se sum\u00f3 Jes\u00fas Madue\u00f1a a la Marcha por la Paz y la Concordia\",\"datePublished\":\"2023-07-08T16:20:44+00:00\",\"dateModified\":\"2023-07-08T19:22:59+00:00\",\"mainEntityOfPage\":{\"@id\":\"https:\\\/\\\/fuentesfidedignas.com.mx\\\/index.php\\\/2023\\\/07\\\/08\\\/se-sumo-jesus-maduena-a-la-marcha-por-la-paz-y-la-concordia\\\/\"},\"wordCount\":474,\"commentCount\":0,\"publisher\":{\"@id\":\"https:\\\/\\\/fuentesfidedignas.com.mx\\\/#organization\"},\"image\":{\"@id\":\"https:\\\/\\\/fuentesfidedignas.com.mx\\\/index.php\\\/2023\\\/07\\\/08\\\/se-sumo-jesus-maduena-a-la-marcha-por-la-paz-y-la-concordia\\\/#primaryimage\"},\"thumbnailUrl\":\"https:\\\/\\\/fuentesfidedignas.com.mx\\\/wp-content\\\/uploads\\\/2023\\\/07\\\/MARCHA-PAZ-6.jpeg\",\"articleSection\":[\"NOTICIAS LOCALES\"],\"inLanguage\":\"es\",\"potentialAction\":[{\"@type\":\"CommentAction\",\"name\":\"Comment\",\"target\":[\"https:\\\/\\\/fuentesfidedignas.com.mx\\\/index.php\\\/2023\\\/07\\\/08\\\/se-sumo-jesus-maduena-a-la-marcha-por-la-paz-y-la-concordia\\\/#respond\"]}]},{\"@type\":\"WebPage\",\"@id\":\"https:\\\/\\\/fuentesfidedignas.com.mx\\\/index.php\\\/2023\\\/07\\\/08\\\/se-sumo-jesus-maduena-a-la-marcha-por-la-paz-y-la-concordia\\\/\",\"url\":\"https:\\\/\\\/fuentesfidedignas.com.mx\\\/index.php\\\/2023\\\/07\\\/08\\\/se-sumo-jesus-maduena-a-la-marcha-por-la-paz-y-la-concordia\\\/\",\"name\":\"Se sum\u00f3 Jes\u00fas Madue\u00f1a a la Marcha por la Paz y la Concordia - Fuentes Fidedignas\",\"isPartOf\":{\"@id\":\"https:\\\/\\\/fuentesfidedignas.com.mx\\\/#website\"},\"primaryImageOfPage\":{\"@id\":\"https:\\\/\\\/fuentesfidedignas.com.mx\\\/index.php\\\/2023\\\/07\\\/08\\\/se-sumo-jesus-maduena-a-la-marcha-por-la-paz-y-la-concordia\\\/#primaryimage\"},\"image\":{\"@id\":\"https:\\\/\\\/fuentesfidedignas.com.mx\\\/index.php\\\/2023\\\/07\\\/08\\\/se-sumo-jesus-maduena-a-la-marcha-por-la-paz-y-la-concordia\\\/#primaryimage\"},\"thumbnailUrl\":\"https:\\\/\\\/fuentesfidedignas.com.mx\\\/wp-content\\\/uploads\\\/2023\\\/07\\\/MARCHA-PAZ-6.jpeg\",\"datePublished\":\"2023-07-08T16:20:44+00:00\",\"dateModified\":\"2023-07-08T19:22:59+00:00\",\"breadcrumb\":{\"@id\":\"https:\\\/\\\/fuentesfidedignas.com.mx\\\/index.php\\\/2023\\\/07\\\/08\\\/se-sumo-jesus-maduena-a-la-marcha-por-la-paz-y-la-concordia\\\/#breadcrumb\"},\"inLanguage\":\"es\",\"potentialAction\":[{\"@type\":\"ReadAction\",\"target\":[\"https:\\\/\\\/fuentesfidedignas.com.mx\\\/index.php\\\/2023\\\/07\\\/08\\\/se-sumo-jesus-maduena-a-la-marcha-por-la-paz-y-la-concordia\\\/\"]}]},{\"@type\":\"ImageObject\",\"inLanguage\":\"es\",\"@id\":\"https:\\\/\\\/fuentesfidedignas.com.mx\\\/index.php\\\/2023\\\/07\\\/08\\\/se-sumo-jesus-maduena-a-la-marcha-por-la-paz-y-la-concordia\\\/#primaryimage\",\"url\":\"https:\\\/\\\/fuentesfidedignas.com.mx\\\/wp-content\\\/uploads\\\/2023\\\/07\\\/MARCHA-PAZ-6.jpeg\",\"contentUrl\":\"https:\\\/\\\/fuentesfidedignas.com.mx\\\/wp-content\\\/uploads\\\/2023\\\/07\\\/MARCHA-PAZ-6.jpeg\",\"width\":1600,\"height\":1066},{\"@type\":\"BreadcrumbList\",\"@id\":\"https:\\\/\\\/fuentesfidedignas.com.mx\\\/index.php\\\/2023\\\/07\\\/08\\\/se-sumo-jesus-maduena-a-la-marcha-por-la-paz-y-la-concordia\\\/#breadcrumb\",\"itemListElement\":[{\"@type\":\"ListItem\",\"position\":1,\"name\":\"Inicio\",\"item\":\"https:\\\/\\\/fuentesfidedignas.com.mx\\\/\"},{\"@type\":\"ListItem\",\"position\":2,\"name\":\"Se sum\u00f3 Jes\u00fas Madue\u00f1a a la Marcha por la Paz y la Concordia\"}]},{\"@type\":\"WebSite\",\"@id\":\"https:\\\/\\\/fuentesfidedignas.com.mx\\\/#website\",\"url\":\"https:\\\/\\\/fuentesfidedignas.com.mx\\\/\",\"name\":\"Fuentes Fidedignas\",\"description\":\"Otro sitio realizado con WordPress\",\"publisher\":{\"@id\":\"https:\\\/\\\/fuentesfidedignas.com.mx\\\/#organization\"},\"potentialAction\":[{\"@type\":\"SearchAction\",\"target\":{\"@type\":\"EntryPoint\",\"urlTemplate\":\"https:\\\/\\\/fuentesfidedignas.com.mx\\\/?s={search_term_string}\"},\"query-input\":{\"@type\":\"PropertyValueSpecification\",\"valueRequired\":true,\"valueName\":\"search_term_string\"}}],\"inLanguage\":\"es\"},{\"@type\":\"Organization\",\"@id\":\"https:\\\/\\\/fuentesfidedignas.com.mx\\\/#organization\",\"name\":\"Fuentes Fidedignas\",\"url\":\"https:\\\/\\\/fuentesfidedignas.com.mx\\\/\",\"logo\":{\"@type\":\"ImageObject\",\"inLanguage\":\"es\",\"@id\":\"https:\\\/\\\/fuentesfidedignas.com.mx\\\/#\\\/schema\\\/logo\\\/image\\\/\",\"url\":\"https:\\\/\\\/fuentesfidedignas.com.mx\\\/wp-content\\\/uploads\\\/2021\\\/04\\\/logo-retina.png\",\"contentUrl\":\"https:\\\/\\\/fuentesfidedignas.com.mx\\\/wp-content\\\/uploads\\\/2021\\\/04\\\/logo-retina.png\",\"width\":280,\"height\":51,\"caption\":\"Fuentes Fidedignas\"},\"image\":{\"@id\":\"https:\\\/\\\/fuentesfidedignas.com.mx\\\/#\\\/schema\\\/logo\\\/image\\\/\"},\"sameAs\":[\"https:\\\/\\\/www.facebook.com\\\/Fuentes-Fidedignas-368234489921644\",\"https:\\\/\\\/x.com\\\/fidedignas\"]},{\"@type\":\"Person\",\"@id\":\"https:\\\/\\\/fuentesfidedignas.com.mx\\\/#\\\/schema\\\/person\\\/331be9283d37198e2acd5750279085b0\",\"name\":\"Redacci\u00f3n\",\"image\":{\"@type\":\"ImageObject\",\"inLanguage\":\"es\",\"@id\":\"https:\\\/\\\/secure.gravatar.com\\\/avatar\\\/f6d8782c11d12b2d4ad3fbb6931aeab5309937a4d6cd2fc9cfaa28a6396a5aec?s=96&d=mm&r=g\",\"url\":\"https:\\\/\\\/secure.gravatar.com\\\/avatar\\\/f6d8782c11d12b2d4ad3fbb6931aeab5309937a4d6cd2fc9cfaa28a6396a5aec?s=96&d=mm&r=g\",\"contentUrl\":\"https:\\\/\\\/secure.gravatar.com\\\/avatar\\\/f6d8782c11d12b2d4ad3fbb6931aeab5309937a4d6cd2fc9cfaa28a6396a5aec?s=96&d=mm&r=g\",\"caption\":\"Redacci\u00f3n\"},\"url\":\"https:\\\/\\\/fuentesfidedignas.com.mx\\\/index.php\\\/author\\\/redaccion\\\/\"}]}<\/script>\n<!-- \/ Yoast SEO plugin. -->","yoast_head_json":{"title":"Se sum\u00f3 Jes\u00fas Madue\u00f1a a la Marcha por la Paz y la Concordia - Fuentes Fidedignas","robots":{"index":"index","follow":"follow","max-snippet":"max-snippet:-1","max-image-preview":"max-image-preview:large","max-video-preview":"max-video-preview:-1"},"canonical":"https:\/\/fuentesfidedignas.com.mx\/index.php\/2023\/07\/08\/se-sumo-jesus-maduena-a-la-marcha-por-la-paz-y-la-concordia\/","og_locale":"es_MX","og_type":"article","og_title":"Se sum\u00f3 Jes\u00fas Madue\u00f1a a la Marcha por la Paz y la Concordia - Fuentes Fidedignas","og_description":"Culiac\u00e1n, Sin.- El doctor Jes\u00fas Madue\u00f1a Molina, en un acto de solidaridad, se sum\u00f3 a la gran marcha &#8220;Por la Paz y la Concordia Sinaloa 2023&#8221; para manifestarse en contra de la violencia y la inseguridad que se vive en el estado. Los miles de ciudadanos adheridos a esta marcha pac\u00edfica que dio inicio en [&hellip;]","og_url":"https:\/\/fuentesfidedignas.com.mx\/index.php\/2023\/07\/08\/se-sumo-jesus-maduena-a-la-marcha-por-la-paz-y-la-concordia\/","og_site_name":"Fuentes Fidedignas","article_publisher":"https:\/\/www.facebook.com\/Fuentes-Fidedignas-368234489921644","article_published_time":"2023-07-08T16:20:44+00:00","article_modified_time":"2023-07-08T19:22:59+00:00","og_image":[{"url":"https:\/\/fuentesfidedignas.com.mx\/wp-content\/uploads\/2023\/07\/1000089934-1024x682.jpg","type":"","width":"","height":""}],"author":"Redacci\u00f3n","twitter_card":"summary_large_image","twitter_creator":"@fidedignas","twitter_site":"@fidedignas","twitter_misc":{"Escrito por":"Redacci\u00f3n","Tiempo de lectura":"3 minutos"},"schema":{"@context":"https:\/\/schema.org","@graph":[{"@type":"Article","@id":"https:\/\/fuentesfidedignas.com.mx\/index.php\/2023\/07\/08\/se-sumo-jesus-maduena-a-la-marcha-por-la-paz-y-la-concordia\/#article","isPartOf":{"@id":"https:\/\/fuentesfidedignas.com.mx\/index.php\/2023\/07\/08\/se-sumo-jesus-maduena-a-la-marcha-por-la-paz-y-la-concordia\/"},"author":{"name":"Redacci\u00f3n","@id":"https:\/\/fuentesfidedignas.com.mx\/#\/schema\/person\/331be9283d37198e2acd5750279085b0"},"headline":"Se sum\u00f3 Jes\u00fas Madue\u00f1a a la Marcha por la Paz y la Concordia","datePublished":"2023-07-08T16:20:44+00:00","dateModified":"2023-07-08T19:22:59+00:00","mainEntityOfPage":{"@id":"https:\/\/fuentesfidedignas.com.mx\/index.php\/2023\/07\/08\/se-sumo-jesus-maduena-a-la-marcha-por-la-paz-y-la-concordia\/"},"wordCount":474,"commentCount":0,"publisher":{"@id":"https:\/\/fuentesfidedignas.com.mx\/#organization"},"image":{"@id":"https:\/\/fuentesfidedignas.com.mx\/index.php\/2023\/07\/08\/se-sumo-jesus-maduena-a-la-marcha-por-la-paz-y-la-concordia\/#primaryimage"},"thumbnailUrl":"https:\/\/fuentesfidedignas.com.mx\/wp-content\/uploads\/2023\/07\/MARCHA-PAZ-6.jpeg","articleSection":["NOTICIAS LOCALES"],"inLanguage":"es","potentialAction":[{"@type":"CommentAction","name":"Comment","target":["https:\/\/fuentesfidedignas.com.mx\/index.php\/2023\/07\/08\/se-sumo-jesus-maduena-a-la-marcha-por-la-paz-y-la-concordia\/#respond"]}]},{"@type":"WebPage","@id":"https:\/\/fuentesfidedignas.com.mx\/index.php\/2023\/07\/08\/se-sumo-jesus-maduena-a-la-marcha-por-la-paz-y-la-concordia\/","url":"https:\/\/fuentesfidedignas.com.mx\/index.php\/2023\/07\/08\/se-sumo-jesus-maduena-a-la-marcha-por-la-paz-y-la-concordia\/","name":"Se sum\u00f3 Jes\u00fas Madue\u00f1a a la Marcha por la Paz y la Concordia - Fuentes Fidedignas","isPartOf":{"@id":"https:\/\/fuentesfidedignas.com.mx\/#website"},"primaryImageOfPage":{"@id":"https:\/\/fuentesfidedignas.com.mx\/index.php\/2023\/07\/08\/se-sumo-jesus-maduena-a-la-marcha-por-la-paz-y-la-concordia\/#primaryimage"},"image":{"@id":"https:\/\/fuentesfidedignas.com.mx\/index.php\/2023\/07\/08\/se-sumo-jesus-maduena-a-la-marcha-por-la-paz-y-la-concordia\/#primaryimage"},"thumbnailUrl":"https:\/\/fuentesfidedignas.com.mx\/wp-content\/uploads\/2023\/07\/MARCHA-PAZ-6.jpeg","datePublished":"2023-07-08T16:20:44+00:00","dateModified":"2023-07-08T19:22:59+00:00","breadcrumb":{"@id":"https:\/\/fuentesfidedignas.com.mx\/index.php\/2023\/07\/08\/se-sumo-jesus-maduena-a-la-marcha-por-la-paz-y-la-concordia\/#breadcrumb"},"inLanguage":"es","potentialAction":[{"@type":"ReadAction","target":["https:\/\/fuentesfidedignas.com.mx\/index.php\/2023\/07\/08\/se-sumo-jesus-maduena-a-la-marcha-por-la-paz-y-la-concordia\/"]}]},{"@type":"ImageObject","inLanguage":"es","@id":"https:\/\/fuentesfidedignas.com.mx\/index.php\/2023\/07\/08\/se-sumo-jesus-maduena-a-la-marcha-por-la-paz-y-la-concordia\/#primaryimage","url":"https:\/\/fuentesfidedignas.com.mx\/wp-content\/uploads\/2023\/07\/MARCHA-PAZ-6.jpeg","contentUrl":"https:\/\/fuentesfidedignas.com.mx\/wp-content\/uploads\/2023\/07\/MARCHA-PAZ-6.jpeg","width":1600,"height":1066},{"@type":"BreadcrumbList","@id":"https:\/\/fuentesfidedignas.com.mx\/index.php\/2023\/07\/08\/se-sumo-jesus-maduena-a-la-marcha-por-la-paz-y-la-concordia\/#breadcrumb","itemListElement":[{"@type":"ListItem","position":1,"name":"Inicio","item":"https:\/\/fuentesfidedignas.com.mx\/"},{"@type":"ListItem","position":2,"name":"Se sum\u00f3 Jes\u00fas Madue\u00f1a a la Marcha por la Paz y la Concordia"}]},{"@type":"WebSite","@id":"https:\/\/fuentesfidedignas.com.mx\/#website","url":"https:\/\/fuentesfidedignas.com.mx\/","name":"Fuentes Fidedignas","description":"Otro sitio realizado con WordPress","publisher":{"@id":"https:\/\/fuentesfidedignas.com.mx\/#organization"},"potentialAction":[{"@type":"SearchAction","target":{"@type":"EntryPoint","urlTemplate":"https:\/\/fuentesfidedignas.com.mx\/?s={search_term_string}"},"query-input":{"@type":"PropertyValueSpecification","valueRequired":true,"valueName":"search_term_string"}}],"inLanguage":"es"},{"@type":"Organization","@id":"https:\/\/fuentesfidedignas.com.mx\/#organization","name":"Fuentes Fidedignas","url":"https:\/\/fuentesfidedignas.com.mx\/","logo":{"@type":"ImageObject","inLanguage":"es","@id":"https:\/\/fuentesfidedignas.com.mx\/#\/schema\/logo\/image\/","url":"https:\/\/fuentesfidedignas.com.mx\/wp-content\/uploads\/2021\/04\/logo-retina.png","contentUrl":"https:\/\/fuentesfidedignas.com.mx\/wp-content\/uploads\/2021\/04\/logo-retina.png","width":280,"height":51,"caption":"Fuentes Fidedignas"},"image":{"@id":"https:\/\/fuentesfidedignas.com.mx\/#\/schema\/logo\/image\/"},"sameAs":["https:\/\/www.facebook.com\/Fuentes-Fidedignas-368234489921644","https:\/\/x.com\/fidedignas"]},{"@type":"Person","@id":"https:\/\/fuentesfidedignas.com.mx\/#\/schema\/person\/331be9283d37198e2acd5750279085b0","name":"Redacci\u00f3n","image":{"@type":"ImageObject","inLanguage":"es","@id":"https:\/\/secure.gravatar.com\/avatar\/f6d8782c11d12b2d4ad3fbb6931aeab5309937a4d6cd2fc9cfaa28a6396a5aec?s=96&d=mm&r=g","url":"https:\/\/secure.gravatar.com\/avatar\/f6d8782c11d12b2d4ad3fbb6931aeab5309937a4d6cd2fc9cfaa28a6396a5aec?s=96&d=mm&r=g","contentUrl":"https:\/\/secure.gravatar.com\/avatar\/f6d8782c11d12b2d4ad3fbb6931aeab5309937a4d6cd2fc9cfaa28a6396a5aec?s=96&d=mm&r=g","caption":"Redacci\u00f3n"},"url":"https:\/\/fuentesfidedignas.com.mx\/index.php\/author\/redaccion\/"}]}},"_links":{"self":[{"href":"https:\/\/fuentesfidedignas.com.mx\/index.php\/wp-json\/wp\/v2\/posts\/52244","targetHints":{"allow":["GET"]}}],"collection":[{"href":"https:\/\/fuentesfidedignas.com.mx\/index.php\/wp-json\/wp\/v2\/posts"}],"about":[{"href":"https:\/\/fuentesfidedignas.com.mx\/index.php\/wp-json\/wp\/v2\/types\/post"}],"author":[{"embeddable":true,"href":"https:\/\/fuentesfidedignas.com.mx\/index.php\/wp-json\/wp\/v2\/users\/4"}],"replies":[{"embeddable":true,"href":"https:\/\/fuentesfidedignas.com.mx\/index.php\/wp-json\/wp\/v2\/comments?post=52244"}],"version-history":[{"count":1,"href":"https:\/\/fuentesfidedignas.com.mx\/index.php\/wp-json\/wp\/v2\/posts\/52244\/revisions"}],"predecessor-version":[{"id":52246,"href":"https:\/\/fuentesfidedignas.com.mx\/index.php\/wp-json\/wp\/v2\/posts\/52244\/revisions\/52246"}],"wp:featuredmedia":[{"embeddable":true,"href":"https:\/\/fuentesfidedignas.com.mx\/index.php\/wp-json\/wp\/v2\/media\/52247"}],"wp:attachment":[{"href":"https:\/\/fuentesfidedignas.com.mx\/index.php\/wp-json\/wp\/v2\/media?parent=52244"}],"wp:term":[{"taxonomy":"category","embeddable":true,"href":"https:\/\/fuentesfidedignas.com.mx\/index.php\/wp-json\/wp\/v2\/categories?post=52244"},{"taxonomy":"post_tag","embeddable":true,"href":"https:\/\/fuentesfidedignas.com.mx\/index.php\/wp-json\/wp\/v2\/tags?post=52244"}],"curies":[{"name":"wp","href":"https:\/\/api.w.org\/{rel}","templated":true}]}}