{"id":52241,"date":"2023-07-08T11:58:07","date_gmt":"2023-07-08T18:58:07","guid":{"rendered":"https:\/\/fuentesfidedignas.com.mx\/?p=52241"},"modified":"2023-07-08T14:23:56","modified_gmt":"2023-07-08T21:23:56","slug":"cambian-a-director-de-la-policia-municipal-de-culiacan854","status":"publish","type":"post","link":"https:\/\/fuentesfidedignas.com.mx\/index.php\/2023\/07\/08\/cambian-a-director-de-la-policia-municipal-de-culiacan854\/","title":{"rendered":"Cambian a director de la Polic\u00eda Municipal de Culiac\u00e1n"},"content":{"rendered":"\n<p><strong><em>Benjam\u00edn Villarreal Guerrero ocupa la Subdirecci\u00f3n operativa de la corporaci\u00f3n<\/em><\/strong><\/p>\n\n\n\n<p>Culiac\u00e1n, Sin.- El secretario de Seguridad P\u00fablica y Tr\u00e1nsito Municipal, Sergio Antonio Leyva L\u00f3pez formaliz\u00f3 los cambios en los mandos de la Unidad Preventiva de la Polic\u00eda Municipal, y present\u00f3 ante el personal administrativo y operativo al M.C.. Eliab Zatarain Romero como nuevo director, en sustituci\u00f3n de Ernesto Alonso B\u00e1ez P\u00e9rez.<\/p>\n\n\n\n<p>De igual manera, el titular de la SSPyTM oficializ\u00f3 el cambio del subdirector operativo, cargo que ocupa a partir de esta tarde Benjam\u00edn Villarreal Guerrero, quien reemplaza a Jos\u00e9 Luis Leal Lomas.<\/p>\n\n\n\n<p>En un breve mensaje que dio Sergio Antonio Leyva L\u00f3pez, expres\u00f3 que estos cambios se realizan de manera estrat\u00e9gica dentro de la corporaci\u00f3n, y con la llegada de los nuevos jefes policiacos se busca mejorar los resultados en las tareas preventivas y de seguridad en beneficio de las familias culiacanenses.<\/p>\n\n\n\n<p>Resalt\u00f3 que el nuevo director de la Polic\u00eda Municipal Unidad Preventiva, Eliab Zatarain Romero se desempe\u00f1aba como jefe de investigaciones de la Polic\u00eda Estatal Preventiva, cargo que dej\u00f3 para integrarse en su nueva responsabilidad.<\/p>\n\n\n\n<p>El secretario de Seguridad P\u00fablica y Tr\u00e1nsito Municipal exhort\u00f3 a los nuevos mandos policiacos a trabajar con mucho empe\u00f1o y dedicaci\u00f3n para lograr los resultados que la ciudadan\u00eda requiere en materia de seguridad.<\/p>\n","protected":false},"excerpt":{"rendered":"<p>Benjam\u00edn Villarreal Guerrero ocupa la Subdirecci\u00f3n operativa de la corporaci\u00f3n Culiac\u00e1n, Sin.- El secretario de Seguridad P\u00fablica y Tr\u00e1nsito Municipal, Sergio Antonio Leyva L\u00f3pez formaliz\u00f3 los cambios en los mandos de la Unidad Preventiva de la Polic\u00eda Municipal, y present\u00f3 ante el personal administrativo y operativo al M.C.. Eliab Zatarain Romero como nuevo director, en [&hellip;]<\/p>\n","protected":false},"author":4,"featured_media":52243,"comment_status":"open","ping_status":"open","sticky":false,"template":"","format":"standard","meta":{"tdm_status":"","tdm_grid_status":"","footnotes":""},"categories":[37,1],"tags":[],"class_list":{"0":"post-52241","1":"post","2":"type-post","3":"status-publish","4":"format-standard","5":"has-post-thumbnail","7":"category-nota-principal","8":"category-sin-categoria"},"yoast_head":"<!-- This site is optimized with the Yoast SEO plugin v27.4 - https:\/\/yoast.com\/product\/yoast-seo-wordpress\/ -->\n<title>Cambian a director de la Polic\u00eda Municipal de Culiac\u00e1n - Fuentes Fidedignas<\/title>\n<meta name=\"robots\" content=\"index, follow, max-snippet:-1, max-image-preview:large, max-video-preview:-1\" \/>\n<link rel=\"canonical\" href=\"https:\/\/fuentesfidedignas.com.mx\/index.php\/2023\/07\/08\/cambian-a-director-de-la-policia-municipal-de-culiacan854\/\" \/>\n<meta property=\"og:locale\" content=\"es_MX\" \/>\n<meta property=\"og:type\" content=\"article\" \/>\n<meta property=\"og:title\" content=\"Cambian a director de la Polic\u00eda Municipal de Culiac\u00e1n - Fuentes Fidedignas\" \/>\n<meta property=\"og:description\" content=\"Benjam\u00edn Villarreal Guerrero ocupa la Subdirecci\u00f3n operativa de la corporaci\u00f3n Culiac\u00e1n, Sin.- El secretario de Seguridad P\u00fablica y Tr\u00e1nsito Municipal, Sergio Antonio Leyva L\u00f3pez formaliz\u00f3 los cambios en los mandos de la Unidad Preventiva de la Polic\u00eda Municipal, y present\u00f3 ante el personal administrativo y operativo al M.C.. Eliab Zatarain Romero como nuevo director, en [&hellip;]\" \/>\n<meta property=\"og:url\" content=\"https:\/\/fuentesfidedignas.com.mx\/index.php\/2023\/07\/08\/cambian-a-director-de-la-policia-municipal-de-culiacan854\/\" \/>\n<meta property=\"og:site_name\" content=\"Fuentes Fidedignas\" \/>\n<meta property=\"article:publisher\" content=\"https:\/\/www.facebook.com\/Fuentes-Fidedignas-368234489921644\" \/>\n<meta property=\"article:published_time\" content=\"2023-07-08T18:58:07+00:00\" \/>\n<meta property=\"article:modified_time\" content=\"2023-07-08T21:23:56+00:00\" \/>\n<meta property=\"og:image\" content=\"https:\/\/fuentesfidedignas.com.mx\/wp-content\/uploads\/2023\/07\/FB_IMG_1688842597652.jpg\" \/>\n\t<meta property=\"og:image:width\" content=\"1024\" \/>\n\t<meta property=\"og:image:height\" content=\"791\" \/>\n\t<meta property=\"og:image:type\" content=\"image\/jpeg\" \/>\n<meta name=\"author\" content=\"Redacci\u00f3n\" \/>\n<meta name=\"twitter:card\" content=\"summary_large_image\" \/>\n<meta name=\"twitter:creator\" content=\"@fidedignas\" \/>\n<meta name=\"twitter:site\" content=\"@fidedignas\" \/>\n<meta name=\"twitter:label1\" content=\"Escrito por\" \/>\n\t<meta name=\"twitter:data1\" content=\"Redacci\u00f3n\" \/>\n\t<meta name=\"twitter:label2\" content=\"Tiempo de lectura\" \/>\n\t<meta name=\"twitter:data2\" content=\"1 minuto\" \/>\n<script type=\"application\/ld+json\" class=\"yoast-schema-graph\">{\"@context\":\"https:\\\/\\\/schema.org\",\"@graph\":[{\"@type\":\"Article\",\"@id\":\"https:\\\/\\\/fuentesfidedignas.com.mx\\\/index.php\\\/2023\\\/07\\\/08\\\/cambian-a-director-de-la-policia-municipal-de-culiacan854\\\/#article\",\"isPartOf\":{\"@id\":\"https:\\\/\\\/fuentesfidedignas.com.mx\\\/index.php\\\/2023\\\/07\\\/08\\\/cambian-a-director-de-la-policia-municipal-de-culiacan854\\\/\"},\"author\":{\"name\":\"Redacci\u00f3n\",\"@id\":\"https:\\\/\\\/fuentesfidedignas.com.mx\\\/#\\\/schema\\\/person\\\/331be9283d37198e2acd5750279085b0\"},\"headline\":\"Cambian a director de la Polic\u00eda Municipal de Culiac\u00e1n\",\"datePublished\":\"2023-07-08T18:58:07+00:00\",\"dateModified\":\"2023-07-08T21:23:56+00:00\",\"mainEntityOfPage\":{\"@id\":\"https:\\\/\\\/fuentesfidedignas.com.mx\\\/index.php\\\/2023\\\/07\\\/08\\\/cambian-a-director-de-la-policia-municipal-de-culiacan854\\\/\"},\"wordCount\":246,\"commentCount\":0,\"publisher\":{\"@id\":\"https:\\\/\\\/fuentesfidedignas.com.mx\\\/#organization\"},\"image\":{\"@id\":\"https:\\\/\\\/fuentesfidedignas.com.mx\\\/index.php\\\/2023\\\/07\\\/08\\\/cambian-a-director-de-la-policia-municipal-de-culiacan854\\\/#primaryimage\"},\"thumbnailUrl\":\"https:\\\/\\\/fuentesfidedignas.com.mx\\\/wp-content\\\/uploads\\\/2023\\\/07\\\/FB_IMG_1688842597652.jpg\",\"articleSection\":[\"NOTA PRINCIPAL\"],\"inLanguage\":\"es\",\"potentialAction\":[{\"@type\":\"CommentAction\",\"name\":\"Comment\",\"target\":[\"https:\\\/\\\/fuentesfidedignas.com.mx\\\/index.php\\\/2023\\\/07\\\/08\\\/cambian-a-director-de-la-policia-municipal-de-culiacan854\\\/#respond\"]}]},{\"@type\":\"WebPage\",\"@id\":\"https:\\\/\\\/fuentesfidedignas.com.mx\\\/index.php\\\/2023\\\/07\\\/08\\\/cambian-a-director-de-la-policia-municipal-de-culiacan854\\\/\",\"url\":\"https:\\\/\\\/fuentesfidedignas.com.mx\\\/index.php\\\/2023\\\/07\\\/08\\\/cambian-a-director-de-la-policia-municipal-de-culiacan854\\\/\",\"name\":\"Cambian a director de la Polic\u00eda Municipal de Culiac\u00e1n - Fuentes Fidedignas\",\"isPartOf\":{\"@id\":\"https:\\\/\\\/fuentesfidedignas.com.mx\\\/#website\"},\"primaryImageOfPage\":{\"@id\":\"https:\\\/\\\/fuentesfidedignas.com.mx\\\/index.php\\\/2023\\\/07\\\/08\\\/cambian-a-director-de-la-policia-municipal-de-culiacan854\\\/#primaryimage\"},\"image\":{\"@id\":\"https:\\\/\\\/fuentesfidedignas.com.mx\\\/index.php\\\/2023\\\/07\\\/08\\\/cambian-a-director-de-la-policia-municipal-de-culiacan854\\\/#primaryimage\"},\"thumbnailUrl\":\"https:\\\/\\\/fuentesfidedignas.com.mx\\\/wp-content\\\/uploads\\\/2023\\\/07\\\/FB_IMG_1688842597652.jpg\",\"datePublished\":\"2023-07-08T18:58:07+00:00\",\"dateModified\":\"2023-07-08T21:23:56+00:00\",\"breadcrumb\":{\"@id\":\"https:\\\/\\\/fuentesfidedignas.com.mx\\\/index.php\\\/2023\\\/07\\\/08\\\/cambian-a-director-de-la-policia-municipal-de-culiacan854\\\/#breadcrumb\"},\"inLanguage\":\"es\",\"potentialAction\":[{\"@type\":\"ReadAction\",\"target\":[\"https:\\\/\\\/fuentesfidedignas.com.mx\\\/index.php\\\/2023\\\/07\\\/08\\\/cambian-a-director-de-la-policia-municipal-de-culiacan854\\\/\"]}]},{\"@type\":\"ImageObject\",\"inLanguage\":\"es\",\"@id\":\"https:\\\/\\\/fuentesfidedignas.com.mx\\\/index.php\\\/2023\\\/07\\\/08\\\/cambian-a-director-de-la-policia-municipal-de-culiacan854\\\/#primaryimage\",\"url\":\"https:\\\/\\\/fuentesfidedignas.com.mx\\\/wp-content\\\/uploads\\\/2023\\\/07\\\/FB_IMG_1688842597652.jpg\",\"contentUrl\":\"https:\\\/\\\/fuentesfidedignas.com.mx\\\/wp-content\\\/uploads\\\/2023\\\/07\\\/FB_IMG_1688842597652.jpg\",\"width\":1024,\"height\":791},{\"@type\":\"BreadcrumbList\",\"@id\":\"https:\\\/\\\/fuentesfidedignas.com.mx\\\/index.php\\\/2023\\\/07\\\/08\\\/cambian-a-director-de-la-policia-municipal-de-culiacan854\\\/#breadcrumb\",\"itemListElement\":[{\"@type\":\"ListItem\",\"position\":1,\"name\":\"Inicio\",\"item\":\"https:\\\/\\\/fuentesfidedignas.com.mx\\\/\"},{\"@type\":\"ListItem\",\"position\":2,\"name\":\"Cambian a director de la Polic\u00eda Municipal de Culiac\u00e1n\"}]},{\"@type\":\"WebSite\",\"@id\":\"https:\\\/\\\/fuentesfidedignas.com.mx\\\/#website\",\"url\":\"https:\\\/\\\/fuentesfidedignas.com.mx\\\/\",\"name\":\"Fuentes Fidedignas\",\"description\":\"Otro sitio realizado con WordPress\",\"publisher\":{\"@id\":\"https:\\\/\\\/fuentesfidedignas.com.mx\\\/#organization\"},\"potentialAction\":[{\"@type\":\"SearchAction\",\"target\":{\"@type\":\"EntryPoint\",\"urlTemplate\":\"https:\\\/\\\/fuentesfidedignas.com.mx\\\/?s={search_term_string}\"},\"query-input\":{\"@type\":\"PropertyValueSpecification\",\"valueRequired\":true,\"valueName\":\"search_term_string\"}}],\"inLanguage\":\"es\"},{\"@type\":\"Organization\",\"@id\":\"https:\\\/\\\/fuentesfidedignas.com.mx\\\/#organization\",\"name\":\"Fuentes Fidedignas\",\"url\":\"https:\\\/\\\/fuentesfidedignas.com.mx\\\/\",\"logo\":{\"@type\":\"ImageObject\",\"inLanguage\":\"es\",\"@id\":\"https:\\\/\\\/fuentesfidedignas.com.mx\\\/#\\\/schema\\\/logo\\\/image\\\/\",\"url\":\"https:\\\/\\\/fuentesfidedignas.com.mx\\\/wp-content\\\/uploads\\\/2021\\\/04\\\/logo-retina.png\",\"contentUrl\":\"https:\\\/\\\/fuentesfidedignas.com.mx\\\/wp-content\\\/uploads\\\/2021\\\/04\\\/logo-retina.png\",\"width\":280,\"height\":51,\"caption\":\"Fuentes Fidedignas\"},\"image\":{\"@id\":\"https:\\\/\\\/fuentesfidedignas.com.mx\\\/#\\\/schema\\\/logo\\\/image\\\/\"},\"sameAs\":[\"https:\\\/\\\/www.facebook.com\\\/Fuentes-Fidedignas-368234489921644\",\"https:\\\/\\\/x.com\\\/fidedignas\"]},{\"@type\":\"Person\",\"@id\":\"https:\\\/\\\/fuentesfidedignas.com.mx\\\/#\\\/schema\\\/person\\\/331be9283d37198e2acd5750279085b0\",\"name\":\"Redacci\u00f3n\",\"image\":{\"@type\":\"ImageObject\",\"inLanguage\":\"es\",\"@id\":\"https:\\\/\\\/secure.gravatar.com\\\/avatar\\\/f6d8782c11d12b2d4ad3fbb6931aeab5309937a4d6cd2fc9cfaa28a6396a5aec?s=96&d=mm&r=g\",\"url\":\"https:\\\/\\\/secure.gravatar.com\\\/avatar\\\/f6d8782c11d12b2d4ad3fbb6931aeab5309937a4d6cd2fc9cfaa28a6396a5aec?s=96&d=mm&r=g\",\"contentUrl\":\"https:\\\/\\\/secure.gravatar.com\\\/avatar\\\/f6d8782c11d12b2d4ad3fbb6931aeab5309937a4d6cd2fc9cfaa28a6396a5aec?s=96&d=mm&r=g\",\"caption\":\"Redacci\u00f3n\"},\"url\":\"https:\\\/\\\/fuentesfidedignas.com.mx\\\/index.php\\\/author\\\/redaccion\\\/\"}]}<\/script>\n<!-- \/ Yoast SEO plugin. -->","yoast_head_json":{"title":"Cambian a director de la Polic\u00eda Municipal de Culiac\u00e1n - Fuentes Fidedignas","robots":{"index":"index","follow":"follow","max-snippet":"max-snippet:-1","max-image-preview":"max-image-preview:large","max-video-preview":"max-video-preview:-1"},"canonical":"https:\/\/fuentesfidedignas.com.mx\/index.php\/2023\/07\/08\/cambian-a-director-de-la-policia-municipal-de-culiacan854\/","og_locale":"es_MX","og_type":"article","og_title":"Cambian a director de la Polic\u00eda Municipal de Culiac\u00e1n - Fuentes Fidedignas","og_description":"Benjam\u00edn Villarreal Guerrero ocupa la Subdirecci\u00f3n operativa de la corporaci\u00f3n Culiac\u00e1n, Sin.- El secretario de Seguridad P\u00fablica y Tr\u00e1nsito Municipal, Sergio Antonio Leyva L\u00f3pez formaliz\u00f3 los cambios en los mandos de la Unidad Preventiva de la Polic\u00eda Municipal, y present\u00f3 ante el personal administrativo y operativo al M.C.. Eliab Zatarain Romero como nuevo director, en [&hellip;]","og_url":"https:\/\/fuentesfidedignas.com.mx\/index.php\/2023\/07\/08\/cambian-a-director-de-la-policia-municipal-de-culiacan854\/","og_site_name":"Fuentes Fidedignas","article_publisher":"https:\/\/www.facebook.com\/Fuentes-Fidedignas-368234489921644","article_published_time":"2023-07-08T18:58:07+00:00","article_modified_time":"2023-07-08T21:23:56+00:00","og_image":[{"width":1024,"height":791,"url":"https:\/\/fuentesfidedignas.com.mx\/wp-content\/uploads\/2023\/07\/FB_IMG_1688842597652.jpg","type":"image\/jpeg"}],"author":"Redacci\u00f3n","twitter_card":"summary_large_image","twitter_creator":"@fidedignas","twitter_site":"@fidedignas","twitter_misc":{"Escrito por":"Redacci\u00f3n","Tiempo de lectura":"1 minuto"},"schema":{"@context":"https:\/\/schema.org","@graph":[{"@type":"Article","@id":"https:\/\/fuentesfidedignas.com.mx\/index.php\/2023\/07\/08\/cambian-a-director-de-la-policia-municipal-de-culiacan854\/#article","isPartOf":{"@id":"https:\/\/fuentesfidedignas.com.mx\/index.php\/2023\/07\/08\/cambian-a-director-de-la-policia-municipal-de-culiacan854\/"},"author":{"name":"Redacci\u00f3n","@id":"https:\/\/fuentesfidedignas.com.mx\/#\/schema\/person\/331be9283d37198e2acd5750279085b0"},"headline":"Cambian a director de la Polic\u00eda Municipal de Culiac\u00e1n","datePublished":"2023-07-08T18:58:07+00:00","dateModified":"2023-07-08T21:23:56+00:00","mainEntityOfPage":{"@id":"https:\/\/fuentesfidedignas.com.mx\/index.php\/2023\/07\/08\/cambian-a-director-de-la-policia-municipal-de-culiacan854\/"},"wordCount":246,"commentCount":0,"publisher":{"@id":"https:\/\/fuentesfidedignas.com.mx\/#organization"},"image":{"@id":"https:\/\/fuentesfidedignas.com.mx\/index.php\/2023\/07\/08\/cambian-a-director-de-la-policia-municipal-de-culiacan854\/#primaryimage"},"thumbnailUrl":"https:\/\/fuentesfidedignas.com.mx\/wp-content\/uploads\/2023\/07\/FB_IMG_1688842597652.jpg","articleSection":["NOTA PRINCIPAL"],"inLanguage":"es","potentialAction":[{"@type":"CommentAction","name":"Comment","target":["https:\/\/fuentesfidedignas.com.mx\/index.php\/2023\/07\/08\/cambian-a-director-de-la-policia-municipal-de-culiacan854\/#respond"]}]},{"@type":"WebPage","@id":"https:\/\/fuentesfidedignas.com.mx\/index.php\/2023\/07\/08\/cambian-a-director-de-la-policia-municipal-de-culiacan854\/","url":"https:\/\/fuentesfidedignas.com.mx\/index.php\/2023\/07\/08\/cambian-a-director-de-la-policia-municipal-de-culiacan854\/","name":"Cambian a director de la Polic\u00eda Municipal de Culiac\u00e1n - Fuentes Fidedignas","isPartOf":{"@id":"https:\/\/fuentesfidedignas.com.mx\/#website"},"primaryImageOfPage":{"@id":"https:\/\/fuentesfidedignas.com.mx\/index.php\/2023\/07\/08\/cambian-a-director-de-la-policia-municipal-de-culiacan854\/#primaryimage"},"image":{"@id":"https:\/\/fuentesfidedignas.com.mx\/index.php\/2023\/07\/08\/cambian-a-director-de-la-policia-municipal-de-culiacan854\/#primaryimage"},"thumbnailUrl":"https:\/\/fuentesfidedignas.com.mx\/wp-content\/uploads\/2023\/07\/FB_IMG_1688842597652.jpg","datePublished":"2023-07-08T18:58:07+00:00","dateModified":"2023-07-08T21:23:56+00:00","breadcrumb":{"@id":"https:\/\/fuentesfidedignas.com.mx\/index.php\/2023\/07\/08\/cambian-a-director-de-la-policia-municipal-de-culiacan854\/#breadcrumb"},"inLanguage":"es","potentialAction":[{"@type":"ReadAction","target":["https:\/\/fuentesfidedignas.com.mx\/index.php\/2023\/07\/08\/cambian-a-director-de-la-policia-municipal-de-culiacan854\/"]}]},{"@type":"ImageObject","inLanguage":"es","@id":"https:\/\/fuentesfidedignas.com.mx\/index.php\/2023\/07\/08\/cambian-a-director-de-la-policia-municipal-de-culiacan854\/#primaryimage","url":"https:\/\/fuentesfidedignas.com.mx\/wp-content\/uploads\/2023\/07\/FB_IMG_1688842597652.jpg","contentUrl":"https:\/\/fuentesfidedignas.com.mx\/wp-content\/uploads\/2023\/07\/FB_IMG_1688842597652.jpg","width":1024,"height":791},{"@type":"BreadcrumbList","@id":"https:\/\/fuentesfidedignas.com.mx\/index.php\/2023\/07\/08\/cambian-a-director-de-la-policia-municipal-de-culiacan854\/#breadcrumb","itemListElement":[{"@type":"ListItem","position":1,"name":"Inicio","item":"https:\/\/fuentesfidedignas.com.mx\/"},{"@type":"ListItem","position":2,"name":"Cambian a director de la Polic\u00eda Municipal de Culiac\u00e1n"}]},{"@type":"WebSite","@id":"https:\/\/fuentesfidedignas.com.mx\/#website","url":"https:\/\/fuentesfidedignas.com.mx\/","name":"Fuentes Fidedignas","description":"Otro sitio realizado con WordPress","publisher":{"@id":"https:\/\/fuentesfidedignas.com.mx\/#organization"},"potentialAction":[{"@type":"SearchAction","target":{"@type":"EntryPoint","urlTemplate":"https:\/\/fuentesfidedignas.com.mx\/?s={search_term_string}"},"query-input":{"@type":"PropertyValueSpecification","valueRequired":true,"valueName":"search_term_string"}}],"inLanguage":"es"},{"@type":"Organization","@id":"https:\/\/fuentesfidedignas.com.mx\/#organization","name":"Fuentes Fidedignas","url":"https:\/\/fuentesfidedignas.com.mx\/","logo":{"@type":"ImageObject","inLanguage":"es","@id":"https:\/\/fuentesfidedignas.com.mx\/#\/schema\/logo\/image\/","url":"https:\/\/fuentesfidedignas.com.mx\/wp-content\/uploads\/2021\/04\/logo-retina.png","contentUrl":"https:\/\/fuentesfidedignas.com.mx\/wp-content\/uploads\/2021\/04\/logo-retina.png","width":280,"height":51,"caption":"Fuentes Fidedignas"},"image":{"@id":"https:\/\/fuentesfidedignas.com.mx\/#\/schema\/logo\/image\/"},"sameAs":["https:\/\/www.facebook.com\/Fuentes-Fidedignas-368234489921644","https:\/\/x.com\/fidedignas"]},{"@type":"Person","@id":"https:\/\/fuentesfidedignas.com.mx\/#\/schema\/person\/331be9283d37198e2acd5750279085b0","name":"Redacci\u00f3n","image":{"@type":"ImageObject","inLanguage":"es","@id":"https:\/\/secure.gravatar.com\/avatar\/f6d8782c11d12b2d4ad3fbb6931aeab5309937a4d6cd2fc9cfaa28a6396a5aec?s=96&d=mm&r=g","url":"https:\/\/secure.gravatar.com\/avatar\/f6d8782c11d12b2d4ad3fbb6931aeab5309937a4d6cd2fc9cfaa28a6396a5aec?s=96&d=mm&r=g","contentUrl":"https:\/\/secure.gravatar.com\/avatar\/f6d8782c11d12b2d4ad3fbb6931aeab5309937a4d6cd2fc9cfaa28a6396a5aec?s=96&d=mm&r=g","caption":"Redacci\u00f3n"},"url":"https:\/\/fuentesfidedignas.com.mx\/index.php\/author\/redaccion\/"}]}},"_links":{"self":[{"href":"https:\/\/fuentesfidedignas.com.mx\/index.php\/wp-json\/wp\/v2\/posts\/52241","targetHints":{"allow":["GET"]}}],"collection":[{"href":"https:\/\/fuentesfidedignas.com.mx\/index.php\/wp-json\/wp\/v2\/posts"}],"about":[{"href":"https:\/\/fuentesfidedignas.com.mx\/index.php\/wp-json\/wp\/v2\/types\/post"}],"author":[{"embeddable":true,"href":"https:\/\/fuentesfidedignas.com.mx\/index.php\/wp-json\/wp\/v2\/users\/4"}],"replies":[{"embeddable":true,"href":"https:\/\/fuentesfidedignas.com.mx\/index.php\/wp-json\/wp\/v2\/comments?post=52241"}],"version-history":[{"count":1,"href":"https:\/\/fuentesfidedignas.com.mx\/index.php\/wp-json\/wp\/v2\/posts\/52241\/revisions"}],"predecessor-version":[{"id":52242,"href":"https:\/\/fuentesfidedignas.com.mx\/index.php\/wp-json\/wp\/v2\/posts\/52241\/revisions\/52242"}],"wp:featuredmedia":[{"embeddable":true,"href":"https:\/\/fuentesfidedignas.com.mx\/index.php\/wp-json\/wp\/v2\/media\/52243"}],"wp:attachment":[{"href":"https:\/\/fuentesfidedignas.com.mx\/index.php\/wp-json\/wp\/v2\/media?parent=52241"}],"wp:term":[{"taxonomy":"category","embeddable":true,"href":"https:\/\/fuentesfidedignas.com.mx\/index.php\/wp-json\/wp\/v2\/categories?post=52241"},{"taxonomy":"post_tag","embeddable":true,"href":"https:\/\/fuentesfidedignas.com.mx\/index.php\/wp-json\/wp\/v2\/tags?post=52241"}],"curies":[{"name":"wp","href":"https:\/\/api.w.org\/{rel}","templated":true}]}}