{"id":52232,"date":"2023-07-08T09:34:18","date_gmt":"2023-07-08T16:34:18","guid":{"rendered":"https:\/\/fuentesfidedignas.com.mx\/?p=52232"},"modified":"2023-07-08T09:48:18","modified_gmt":"2023-07-08T16:48:18","slug":"hallan-muertos-dos-bebes-en-una-bolsa-de-basura-dentro-de-guarderia","status":"publish","type":"post","link":"https:\/\/fuentesfidedignas.com.mx\/index.php\/2023\/07\/08\/hallan-muertos-dos-bebes-en-una-bolsa-de-basura-dentro-de-guarderia\/","title":{"rendered":"Hallan muertos a dos beb\u00e9s en una bolsa de basura dentro de guarder\u00eda"},"content":{"rendered":"\n<p><strong><em>La polic\u00eda de Chicago recibi\u00f3 el reporte durante la noche del jueves; a\u00fan se est\u00e1 investigando la causa de muerte<\/em><\/strong><\/p>\n\n\n\n<p>Estados Unidos. Dos beb\u00e9s reci\u00e9n nacidos murieron despu\u00e9s de que fueron encontradas en el ba\u00f1o de un centro de cuidado infantil el jueves por la noche en una guarder\u00eda en la ciudad de Chicago (Estados Unidos).<\/p>\n\n\n\n<p>La polic\u00eda dijo que, poco antes de las 19:00 horas del pasado 6 de julo, los oficiales respondieron al Centro de Educaci\u00f3n Infantil Bernice Lavi,&nbsp;&nbsp;donde alguien hab\u00eda encontrado a los dos beb\u00e9s en un ba\u00f1o.&nbsp; Seg\u00fan informes policiales no confirmados, se llam\u00f3 a un conserje para limpiar la sangre cuando encontr\u00f3 a los reci\u00e9n nacidos en&nbsp;una bolsa de basura.<\/p>\n\n\n\n<p><strong>Las reci\u00e9n nacidas, que eran ni\u00f1as gemelas, fueron llevadas al Lurie Children&#8217;s Hospital, donde fueron declaradas muertas<\/strong>.&nbsp;No se hab\u00eda determinado la causa de la muerte hasta el viernes por la tarde, ya que se necesitan m\u00e1s estudios e investigaciones, seg\u00fan la oficina del m\u00e9dico forense del condado de Cook (perteneciente a Chicago).<\/p>\n\n\n\n<p>El centro dijo en un comunicado que un miembro del personal &#8220;experiment\u00f3 una emergencia m\u00e9dica que result\u00f3 en el parto inesperado de las gemelas reci\u00e9n nacidas&#8221;.&nbsp;<\/p>\n\n\n\n<p>El centro de cuidado infantil es una instalaci\u00f3n utilizada \u00fanicamente por empleados del Hospital Northwestern Medicine, pero el centro m\u00e9dico&nbsp;enfatiz\u00f3 que la mujer que dio a luz no era una empleada del hospital, sino de&nbsp;la guarder\u00eda Bright Horizons, que brinda apoyo emocional y de salud mental a sus empleados.<\/p>\n\n\n\n<p>Un vocera de Northwestern agreg\u00f3 en una declaraci\u00f3n separada que &#8220;n<strong>ing\u00fan ni\u00f1o de la guarder\u00eda estuvo involucrado o afectado por la situaci\u00f3n.&nbsp;<\/strong>Se llam\u00f3 a los departamentos de polic\u00eda y bomberos de Chicago. Estamos trabajando con la polic\u00eda&nbsp;con respecto a este incidente y (no)&nbsp;podemos hacer m\u00e1s comentarios en este momento&#8221;.<\/p>\n","protected":false},"excerpt":{"rendered":"<p>La polic\u00eda de Chicago recibi\u00f3 el reporte durante la noche del jueves; a\u00fan se est\u00e1 investigando la causa de muerte Estados Unidos. Dos beb\u00e9s reci\u00e9n nacidos murieron despu\u00e9s de que fueron encontradas en el ba\u00f1o de un centro de cuidado infantil el jueves por la noche en una guarder\u00eda en la ciudad de Chicago (Estados [&hellip;]<\/p>\n","protected":false},"author":7,"featured_media":52234,"comment_status":"open","ping_status":"open","sticky":false,"template":"","format":"standard","meta":{"tdm_status":"","tdm_grid_status":"","footnotes":""},"categories":[39,1],"tags":[],"class_list":{"0":"post-52232","1":"post","2":"type-post","3":"status-publish","4":"format-standard","5":"has-post-thumbnail","7":"category-noticias-nacionales","8":"category-sin-categoria"},"yoast_head":"<!-- This site is optimized with the Yoast SEO plugin v27.4 - https:\/\/yoast.com\/product\/yoast-seo-wordpress\/ -->\n<title>Hallan muertos a dos beb\u00e9s en una bolsa de basura dentro de guarder\u00eda - Fuentes Fidedignas<\/title>\n<meta name=\"robots\" content=\"index, follow, max-snippet:-1, max-image-preview:large, max-video-preview:-1\" \/>\n<link rel=\"canonical\" href=\"https:\/\/fuentesfidedignas.com.mx\/index.php\/2023\/07\/08\/hallan-muertos-dos-bebes-en-una-bolsa-de-basura-dentro-de-guarderia\/\" \/>\n<meta property=\"og:locale\" content=\"es_MX\" \/>\n<meta property=\"og:type\" content=\"article\" \/>\n<meta property=\"og:title\" content=\"Hallan muertos a dos beb\u00e9s en una bolsa de basura dentro de guarder\u00eda - Fuentes Fidedignas\" \/>\n<meta property=\"og:description\" content=\"La polic\u00eda de Chicago recibi\u00f3 el reporte durante la noche del jueves; a\u00fan se est\u00e1 investigando la causa de muerte Estados Unidos. Dos beb\u00e9s reci\u00e9n nacidos murieron despu\u00e9s de que fueron encontradas en el ba\u00f1o de un centro de cuidado infantil el jueves por la noche en una guarder\u00eda en la ciudad de Chicago (Estados [&hellip;]\" \/>\n<meta property=\"og:url\" content=\"https:\/\/fuentesfidedignas.com.mx\/index.php\/2023\/07\/08\/hallan-muertos-dos-bebes-en-una-bolsa-de-basura-dentro-de-guarderia\/\" \/>\n<meta property=\"og:site_name\" content=\"Fuentes Fidedignas\" \/>\n<meta property=\"article:publisher\" content=\"https:\/\/www.facebook.com\/Fuentes-Fidedignas-368234489921644\" \/>\n<meta property=\"article:published_time\" content=\"2023-07-08T16:34:18+00:00\" \/>\n<meta property=\"article:modified_time\" content=\"2023-07-08T16:48:18+00:00\" \/>\n<meta property=\"og:image\" content=\"https:\/\/fuentesfidedignas.com.mx\/wp-content\/uploads\/2023\/07\/2975166.jpg\" \/>\n\t<meta property=\"og:image:width\" content=\"800\" \/>\n\t<meta property=\"og:image:height\" content=\"600\" \/>\n\t<meta property=\"og:image:type\" content=\"image\/jpeg\" \/>\n<meta name=\"author\" content=\"Exc\u00e9lsior\" \/>\n<meta name=\"twitter:card\" content=\"summary_large_image\" \/>\n<meta name=\"twitter:creator\" content=\"@fidedignas\" \/>\n<meta name=\"twitter:site\" content=\"@fidedignas\" \/>\n<meta name=\"twitter:label1\" content=\"Escrito por\" \/>\n\t<meta name=\"twitter:data1\" content=\"Exc\u00e9lsior\" \/>\n\t<meta name=\"twitter:label2\" content=\"Tiempo de lectura\" \/>\n\t<meta name=\"twitter:data2\" content=\"2 minutos\" \/>\n<script type=\"application\/ld+json\" class=\"yoast-schema-graph\">{\"@context\":\"https:\\\/\\\/schema.org\",\"@graph\":[{\"@type\":\"Article\",\"@id\":\"https:\\\/\\\/fuentesfidedignas.com.mx\\\/index.php\\\/2023\\\/07\\\/08\\\/hallan-muertos-dos-bebes-en-una-bolsa-de-basura-dentro-de-guarderia\\\/#article\",\"isPartOf\":{\"@id\":\"https:\\\/\\\/fuentesfidedignas.com.mx\\\/index.php\\\/2023\\\/07\\\/08\\\/hallan-muertos-dos-bebes-en-una-bolsa-de-basura-dentro-de-guarderia\\\/\"},\"author\":{\"name\":\"Exc\u00e9lsior\",\"@id\":\"https:\\\/\\\/fuentesfidedignas.com.mx\\\/#\\\/schema\\\/person\\\/ec4edd1fbf5efa3e44fce34fe2787780\"},\"headline\":\"Hallan muertos a dos beb\u00e9s en una bolsa de basura dentro de guarder\u00eda\",\"datePublished\":\"2023-07-08T16:34:18+00:00\",\"dateModified\":\"2023-07-08T16:48:18+00:00\",\"mainEntityOfPage\":{\"@id\":\"https:\\\/\\\/fuentesfidedignas.com.mx\\\/index.php\\\/2023\\\/07\\\/08\\\/hallan-muertos-dos-bebes-en-una-bolsa-de-basura-dentro-de-guarderia\\\/\"},\"wordCount\":357,\"commentCount\":0,\"publisher\":{\"@id\":\"https:\\\/\\\/fuentesfidedignas.com.mx\\\/#organization\"},\"image\":{\"@id\":\"https:\\\/\\\/fuentesfidedignas.com.mx\\\/index.php\\\/2023\\\/07\\\/08\\\/hallan-muertos-dos-bebes-en-una-bolsa-de-basura-dentro-de-guarderia\\\/#primaryimage\"},\"thumbnailUrl\":\"https:\\\/\\\/fuentesfidedignas.com.mx\\\/wp-content\\\/uploads\\\/2023\\\/07\\\/2975166.jpg\",\"articleSection\":[\"NOTICIAS NACIONALES\"],\"inLanguage\":\"es\",\"potentialAction\":[{\"@type\":\"CommentAction\",\"name\":\"Comment\",\"target\":[\"https:\\\/\\\/fuentesfidedignas.com.mx\\\/index.php\\\/2023\\\/07\\\/08\\\/hallan-muertos-dos-bebes-en-una-bolsa-de-basura-dentro-de-guarderia\\\/#respond\"]}]},{\"@type\":\"WebPage\",\"@id\":\"https:\\\/\\\/fuentesfidedignas.com.mx\\\/index.php\\\/2023\\\/07\\\/08\\\/hallan-muertos-dos-bebes-en-una-bolsa-de-basura-dentro-de-guarderia\\\/\",\"url\":\"https:\\\/\\\/fuentesfidedignas.com.mx\\\/index.php\\\/2023\\\/07\\\/08\\\/hallan-muertos-dos-bebes-en-una-bolsa-de-basura-dentro-de-guarderia\\\/\",\"name\":\"Hallan muertos a dos beb\u00e9s en una bolsa de basura dentro de guarder\u00eda - Fuentes Fidedignas\",\"isPartOf\":{\"@id\":\"https:\\\/\\\/fuentesfidedignas.com.mx\\\/#website\"},\"primaryImageOfPage\":{\"@id\":\"https:\\\/\\\/fuentesfidedignas.com.mx\\\/index.php\\\/2023\\\/07\\\/08\\\/hallan-muertos-dos-bebes-en-una-bolsa-de-basura-dentro-de-guarderia\\\/#primaryimage\"},\"image\":{\"@id\":\"https:\\\/\\\/fuentesfidedignas.com.mx\\\/index.php\\\/2023\\\/07\\\/08\\\/hallan-muertos-dos-bebes-en-una-bolsa-de-basura-dentro-de-guarderia\\\/#primaryimage\"},\"thumbnailUrl\":\"https:\\\/\\\/fuentesfidedignas.com.mx\\\/wp-content\\\/uploads\\\/2023\\\/07\\\/2975166.jpg\",\"datePublished\":\"2023-07-08T16:34:18+00:00\",\"dateModified\":\"2023-07-08T16:48:18+00:00\",\"breadcrumb\":{\"@id\":\"https:\\\/\\\/fuentesfidedignas.com.mx\\\/index.php\\\/2023\\\/07\\\/08\\\/hallan-muertos-dos-bebes-en-una-bolsa-de-basura-dentro-de-guarderia\\\/#breadcrumb\"},\"inLanguage\":\"es\",\"potentialAction\":[{\"@type\":\"ReadAction\",\"target\":[\"https:\\\/\\\/fuentesfidedignas.com.mx\\\/index.php\\\/2023\\\/07\\\/08\\\/hallan-muertos-dos-bebes-en-una-bolsa-de-basura-dentro-de-guarderia\\\/\"]}]},{\"@type\":\"ImageObject\",\"inLanguage\":\"es\",\"@id\":\"https:\\\/\\\/fuentesfidedignas.com.mx\\\/index.php\\\/2023\\\/07\\\/08\\\/hallan-muertos-dos-bebes-en-una-bolsa-de-basura-dentro-de-guarderia\\\/#primaryimage\",\"url\":\"https:\\\/\\\/fuentesfidedignas.com.mx\\\/wp-content\\\/uploads\\\/2023\\\/07\\\/2975166.jpg\",\"contentUrl\":\"https:\\\/\\\/fuentesfidedignas.com.mx\\\/wp-content\\\/uploads\\\/2023\\\/07\\\/2975166.jpg\",\"width\":800,\"height\":600},{\"@type\":\"BreadcrumbList\",\"@id\":\"https:\\\/\\\/fuentesfidedignas.com.mx\\\/index.php\\\/2023\\\/07\\\/08\\\/hallan-muertos-dos-bebes-en-una-bolsa-de-basura-dentro-de-guarderia\\\/#breadcrumb\",\"itemListElement\":[{\"@type\":\"ListItem\",\"position\":1,\"name\":\"Inicio\",\"item\":\"https:\\\/\\\/fuentesfidedignas.com.mx\\\/\"},{\"@type\":\"ListItem\",\"position\":2,\"name\":\"Hallan muertos a dos beb\u00e9s en una bolsa de basura dentro de guarder\u00eda\"}]},{\"@type\":\"WebSite\",\"@id\":\"https:\\\/\\\/fuentesfidedignas.com.mx\\\/#website\",\"url\":\"https:\\\/\\\/fuentesfidedignas.com.mx\\\/\",\"name\":\"Fuentes Fidedignas\",\"description\":\"Otro sitio realizado con WordPress\",\"publisher\":{\"@id\":\"https:\\\/\\\/fuentesfidedignas.com.mx\\\/#organization\"},\"potentialAction\":[{\"@type\":\"SearchAction\",\"target\":{\"@type\":\"EntryPoint\",\"urlTemplate\":\"https:\\\/\\\/fuentesfidedignas.com.mx\\\/?s={search_term_string}\"},\"query-input\":{\"@type\":\"PropertyValueSpecification\",\"valueRequired\":true,\"valueName\":\"search_term_string\"}}],\"inLanguage\":\"es\"},{\"@type\":\"Organization\",\"@id\":\"https:\\\/\\\/fuentesfidedignas.com.mx\\\/#organization\",\"name\":\"Fuentes Fidedignas\",\"url\":\"https:\\\/\\\/fuentesfidedignas.com.mx\\\/\",\"logo\":{\"@type\":\"ImageObject\",\"inLanguage\":\"es\",\"@id\":\"https:\\\/\\\/fuentesfidedignas.com.mx\\\/#\\\/schema\\\/logo\\\/image\\\/\",\"url\":\"https:\\\/\\\/fuentesfidedignas.com.mx\\\/wp-content\\\/uploads\\\/2021\\\/04\\\/logo-retina.png\",\"contentUrl\":\"https:\\\/\\\/fuentesfidedignas.com.mx\\\/wp-content\\\/uploads\\\/2021\\\/04\\\/logo-retina.png\",\"width\":280,\"height\":51,\"caption\":\"Fuentes Fidedignas\"},\"image\":{\"@id\":\"https:\\\/\\\/fuentesfidedignas.com.mx\\\/#\\\/schema\\\/logo\\\/image\\\/\"},\"sameAs\":[\"https:\\\/\\\/www.facebook.com\\\/Fuentes-Fidedignas-368234489921644\",\"https:\\\/\\\/x.com\\\/fidedignas\"]},{\"@type\":\"Person\",\"@id\":\"https:\\\/\\\/fuentesfidedignas.com.mx\\\/#\\\/schema\\\/person\\\/ec4edd1fbf5efa3e44fce34fe2787780\",\"name\":\"Exc\u00e9lsior\",\"image\":{\"@type\":\"ImageObject\",\"inLanguage\":\"es\",\"@id\":\"https:\\\/\\\/secure.gravatar.com\\\/avatar\\\/4b7ee9206b48be08447852b3f0814dbc7c0f3b51541b164f1464a2725614020b?s=96&d=mm&r=g\",\"url\":\"https:\\\/\\\/secure.gravatar.com\\\/avatar\\\/4b7ee9206b48be08447852b3f0814dbc7c0f3b51541b164f1464a2725614020b?s=96&d=mm&r=g\",\"contentUrl\":\"https:\\\/\\\/secure.gravatar.com\\\/avatar\\\/4b7ee9206b48be08447852b3f0814dbc7c0f3b51541b164f1464a2725614020b?s=96&d=mm&r=g\",\"caption\":\"Exc\u00e9lsior\"},\"url\":\"https:\\\/\\\/fuentesfidedignas.com.mx\\\/index.php\\\/author\\\/excelsior\\\/\"}]}<\/script>\n<!-- \/ Yoast SEO plugin. -->","yoast_head_json":{"title":"Hallan muertos a dos beb\u00e9s en una bolsa de basura dentro de guarder\u00eda - Fuentes Fidedignas","robots":{"index":"index","follow":"follow","max-snippet":"max-snippet:-1","max-image-preview":"max-image-preview:large","max-video-preview":"max-video-preview:-1"},"canonical":"https:\/\/fuentesfidedignas.com.mx\/index.php\/2023\/07\/08\/hallan-muertos-dos-bebes-en-una-bolsa-de-basura-dentro-de-guarderia\/","og_locale":"es_MX","og_type":"article","og_title":"Hallan muertos a dos beb\u00e9s en una bolsa de basura dentro de guarder\u00eda - Fuentes Fidedignas","og_description":"La polic\u00eda de Chicago recibi\u00f3 el reporte durante la noche del jueves; a\u00fan se est\u00e1 investigando la causa de muerte Estados Unidos. Dos beb\u00e9s reci\u00e9n nacidos murieron despu\u00e9s de que fueron encontradas en el ba\u00f1o de un centro de cuidado infantil el jueves por la noche en una guarder\u00eda en la ciudad de Chicago (Estados [&hellip;]","og_url":"https:\/\/fuentesfidedignas.com.mx\/index.php\/2023\/07\/08\/hallan-muertos-dos-bebes-en-una-bolsa-de-basura-dentro-de-guarderia\/","og_site_name":"Fuentes Fidedignas","article_publisher":"https:\/\/www.facebook.com\/Fuentes-Fidedignas-368234489921644","article_published_time":"2023-07-08T16:34:18+00:00","article_modified_time":"2023-07-08T16:48:18+00:00","og_image":[{"width":800,"height":600,"url":"https:\/\/fuentesfidedignas.com.mx\/wp-content\/uploads\/2023\/07\/2975166.jpg","type":"image\/jpeg"}],"author":"Exc\u00e9lsior","twitter_card":"summary_large_image","twitter_creator":"@fidedignas","twitter_site":"@fidedignas","twitter_misc":{"Escrito por":"Exc\u00e9lsior","Tiempo de lectura":"2 minutos"},"schema":{"@context":"https:\/\/schema.org","@graph":[{"@type":"Article","@id":"https:\/\/fuentesfidedignas.com.mx\/index.php\/2023\/07\/08\/hallan-muertos-dos-bebes-en-una-bolsa-de-basura-dentro-de-guarderia\/#article","isPartOf":{"@id":"https:\/\/fuentesfidedignas.com.mx\/index.php\/2023\/07\/08\/hallan-muertos-dos-bebes-en-una-bolsa-de-basura-dentro-de-guarderia\/"},"author":{"name":"Exc\u00e9lsior","@id":"https:\/\/fuentesfidedignas.com.mx\/#\/schema\/person\/ec4edd1fbf5efa3e44fce34fe2787780"},"headline":"Hallan muertos a dos beb\u00e9s en una bolsa de basura dentro de guarder\u00eda","datePublished":"2023-07-08T16:34:18+00:00","dateModified":"2023-07-08T16:48:18+00:00","mainEntityOfPage":{"@id":"https:\/\/fuentesfidedignas.com.mx\/index.php\/2023\/07\/08\/hallan-muertos-dos-bebes-en-una-bolsa-de-basura-dentro-de-guarderia\/"},"wordCount":357,"commentCount":0,"publisher":{"@id":"https:\/\/fuentesfidedignas.com.mx\/#organization"},"image":{"@id":"https:\/\/fuentesfidedignas.com.mx\/index.php\/2023\/07\/08\/hallan-muertos-dos-bebes-en-una-bolsa-de-basura-dentro-de-guarderia\/#primaryimage"},"thumbnailUrl":"https:\/\/fuentesfidedignas.com.mx\/wp-content\/uploads\/2023\/07\/2975166.jpg","articleSection":["NOTICIAS NACIONALES"],"inLanguage":"es","potentialAction":[{"@type":"CommentAction","name":"Comment","target":["https:\/\/fuentesfidedignas.com.mx\/index.php\/2023\/07\/08\/hallan-muertos-dos-bebes-en-una-bolsa-de-basura-dentro-de-guarderia\/#respond"]}]},{"@type":"WebPage","@id":"https:\/\/fuentesfidedignas.com.mx\/index.php\/2023\/07\/08\/hallan-muertos-dos-bebes-en-una-bolsa-de-basura-dentro-de-guarderia\/","url":"https:\/\/fuentesfidedignas.com.mx\/index.php\/2023\/07\/08\/hallan-muertos-dos-bebes-en-una-bolsa-de-basura-dentro-de-guarderia\/","name":"Hallan muertos a dos beb\u00e9s en una bolsa de basura dentro de guarder\u00eda - Fuentes Fidedignas","isPartOf":{"@id":"https:\/\/fuentesfidedignas.com.mx\/#website"},"primaryImageOfPage":{"@id":"https:\/\/fuentesfidedignas.com.mx\/index.php\/2023\/07\/08\/hallan-muertos-dos-bebes-en-una-bolsa-de-basura-dentro-de-guarderia\/#primaryimage"},"image":{"@id":"https:\/\/fuentesfidedignas.com.mx\/index.php\/2023\/07\/08\/hallan-muertos-dos-bebes-en-una-bolsa-de-basura-dentro-de-guarderia\/#primaryimage"},"thumbnailUrl":"https:\/\/fuentesfidedignas.com.mx\/wp-content\/uploads\/2023\/07\/2975166.jpg","datePublished":"2023-07-08T16:34:18+00:00","dateModified":"2023-07-08T16:48:18+00:00","breadcrumb":{"@id":"https:\/\/fuentesfidedignas.com.mx\/index.php\/2023\/07\/08\/hallan-muertos-dos-bebes-en-una-bolsa-de-basura-dentro-de-guarderia\/#breadcrumb"},"inLanguage":"es","potentialAction":[{"@type":"ReadAction","target":["https:\/\/fuentesfidedignas.com.mx\/index.php\/2023\/07\/08\/hallan-muertos-dos-bebes-en-una-bolsa-de-basura-dentro-de-guarderia\/"]}]},{"@type":"ImageObject","inLanguage":"es","@id":"https:\/\/fuentesfidedignas.com.mx\/index.php\/2023\/07\/08\/hallan-muertos-dos-bebes-en-una-bolsa-de-basura-dentro-de-guarderia\/#primaryimage","url":"https:\/\/fuentesfidedignas.com.mx\/wp-content\/uploads\/2023\/07\/2975166.jpg","contentUrl":"https:\/\/fuentesfidedignas.com.mx\/wp-content\/uploads\/2023\/07\/2975166.jpg","width":800,"height":600},{"@type":"BreadcrumbList","@id":"https:\/\/fuentesfidedignas.com.mx\/index.php\/2023\/07\/08\/hallan-muertos-dos-bebes-en-una-bolsa-de-basura-dentro-de-guarderia\/#breadcrumb","itemListElement":[{"@type":"ListItem","position":1,"name":"Inicio","item":"https:\/\/fuentesfidedignas.com.mx\/"},{"@type":"ListItem","position":2,"name":"Hallan muertos a dos beb\u00e9s en una bolsa de basura dentro de guarder\u00eda"}]},{"@type":"WebSite","@id":"https:\/\/fuentesfidedignas.com.mx\/#website","url":"https:\/\/fuentesfidedignas.com.mx\/","name":"Fuentes Fidedignas","description":"Otro sitio realizado con WordPress","publisher":{"@id":"https:\/\/fuentesfidedignas.com.mx\/#organization"},"potentialAction":[{"@type":"SearchAction","target":{"@type":"EntryPoint","urlTemplate":"https:\/\/fuentesfidedignas.com.mx\/?s={search_term_string}"},"query-input":{"@type":"PropertyValueSpecification","valueRequired":true,"valueName":"search_term_string"}}],"inLanguage":"es"},{"@type":"Organization","@id":"https:\/\/fuentesfidedignas.com.mx\/#organization","name":"Fuentes Fidedignas","url":"https:\/\/fuentesfidedignas.com.mx\/","logo":{"@type":"ImageObject","inLanguage":"es","@id":"https:\/\/fuentesfidedignas.com.mx\/#\/schema\/logo\/image\/","url":"https:\/\/fuentesfidedignas.com.mx\/wp-content\/uploads\/2021\/04\/logo-retina.png","contentUrl":"https:\/\/fuentesfidedignas.com.mx\/wp-content\/uploads\/2021\/04\/logo-retina.png","width":280,"height":51,"caption":"Fuentes Fidedignas"},"image":{"@id":"https:\/\/fuentesfidedignas.com.mx\/#\/schema\/logo\/image\/"},"sameAs":["https:\/\/www.facebook.com\/Fuentes-Fidedignas-368234489921644","https:\/\/x.com\/fidedignas"]},{"@type":"Person","@id":"https:\/\/fuentesfidedignas.com.mx\/#\/schema\/person\/ec4edd1fbf5efa3e44fce34fe2787780","name":"Exc\u00e9lsior","image":{"@type":"ImageObject","inLanguage":"es","@id":"https:\/\/secure.gravatar.com\/avatar\/4b7ee9206b48be08447852b3f0814dbc7c0f3b51541b164f1464a2725614020b?s=96&d=mm&r=g","url":"https:\/\/secure.gravatar.com\/avatar\/4b7ee9206b48be08447852b3f0814dbc7c0f3b51541b164f1464a2725614020b?s=96&d=mm&r=g","contentUrl":"https:\/\/secure.gravatar.com\/avatar\/4b7ee9206b48be08447852b3f0814dbc7c0f3b51541b164f1464a2725614020b?s=96&d=mm&r=g","caption":"Exc\u00e9lsior"},"url":"https:\/\/fuentesfidedignas.com.mx\/index.php\/author\/excelsior\/"}]}},"_links":{"self":[{"href":"https:\/\/fuentesfidedignas.com.mx\/index.php\/wp-json\/wp\/v2\/posts\/52232","targetHints":{"allow":["GET"]}}],"collection":[{"href":"https:\/\/fuentesfidedignas.com.mx\/index.php\/wp-json\/wp\/v2\/posts"}],"about":[{"href":"https:\/\/fuentesfidedignas.com.mx\/index.php\/wp-json\/wp\/v2\/types\/post"}],"author":[{"embeddable":true,"href":"https:\/\/fuentesfidedignas.com.mx\/index.php\/wp-json\/wp\/v2\/users\/7"}],"replies":[{"embeddable":true,"href":"https:\/\/fuentesfidedignas.com.mx\/index.php\/wp-json\/wp\/v2\/comments?post=52232"}],"version-history":[{"count":1,"href":"https:\/\/fuentesfidedignas.com.mx\/index.php\/wp-json\/wp\/v2\/posts\/52232\/revisions"}],"predecessor-version":[{"id":52233,"href":"https:\/\/fuentesfidedignas.com.mx\/index.php\/wp-json\/wp\/v2\/posts\/52232\/revisions\/52233"}],"wp:featuredmedia":[{"embeddable":true,"href":"https:\/\/fuentesfidedignas.com.mx\/index.php\/wp-json\/wp\/v2\/media\/52234"}],"wp:attachment":[{"href":"https:\/\/fuentesfidedignas.com.mx\/index.php\/wp-json\/wp\/v2\/media?parent=52232"}],"wp:term":[{"taxonomy":"category","embeddable":true,"href":"https:\/\/fuentesfidedignas.com.mx\/index.php\/wp-json\/wp\/v2\/categories?post=52232"},{"taxonomy":"post_tag","embeddable":true,"href":"https:\/\/fuentesfidedignas.com.mx\/index.php\/wp-json\/wp\/v2\/tags?post=52232"}],"curies":[{"name":"wp","href":"https:\/\/api.w.org\/{rel}","templated":true}]}}