{"id":52098,"date":"2023-07-06T16:31:57","date_gmt":"2023-07-06T23:31:57","guid":{"rendered":"https:\/\/fuentesfidedignas.com.mx\/?p=52098"},"modified":"2023-07-06T16:35:21","modified_gmt":"2023-07-06T23:35:21","slug":"recibe-congreso-informe-de-actividades-del-ano-2022-de-la-cedh","status":"publish","type":"post","link":"https:\/\/fuentesfidedignas.com.mx\/index.php\/2023\/07\/06\/recibe-congreso-informe-de-actividades-del-ano-2022-de-la-cedh\/","title":{"rendered":"Recibe Congreso informe de actividades del a\u00f1o 2022 de la CEDH"},"content":{"rendered":"\n<p><strong><em>Contiene una descripci\u00f3n de las acciones realizadas por este \u00f3rgano p\u00fablico aut\u00f3nomo en la defensa, protecci\u00f3n, observancia, promoci\u00f3n, estudio y divulgaci\u00f3n de los Derechos Humanos<\/em><\/strong><\/p>\n\n\n\n<p>Culiac\u00e1n, Sin.-El Congreso del Estado de Sinaloa recibi\u00f3 de la Comisi\u00f3n Estatal de Derechos Humanos el informe de actividades correspondiente al a\u00f1o 2022.<\/p>\n\n\n\n<p>Mediante oficio que fue le\u00eddo en tribuna, se explic\u00f3 que el informe contiene una descripci\u00f3n de las acciones realizadas por este \u00f3rgano p\u00fablico aut\u00f3nomo en la defensa, protecci\u00f3n, observancia, promoci\u00f3n, estudio y divulgaci\u00f3n de los Derechos Humanos reconocidos en el orden jur\u00eddico vigente.<\/p>\n\n\n\n<p>El oficio fue enviado y firmado por el presidente de la CEDH, Jos\u00e9 Carlos \u00c1lvarez Ortega, en cumplimiento a lo dispuesto por los art\u00edculos 77 Bis de la Constituci\u00f3n Pol\u00edtica del Estado de Sinaloa; 22, fracci\u00f3n XIV, 106 y 107 de la Ley Org\u00e1nica de la Comisi\u00f3n Estatal de Derechos Humanos del Estado de Sinaloa.<\/p>\n\n\n\n<p>El presidente de la Mesa Directiva, Ricardo Madrid P\u00e9rez, turn\u00f3 el expediente para su an\u00e1lisis a la Comisi\u00f3n Permanente de Derechos Humanos, del Congreso del Estado.<\/p>\n","protected":false},"excerpt":{"rendered":"<p>Contiene una descripci\u00f3n de las acciones realizadas por este \u00f3rgano p\u00fablico aut\u00f3nomo en la defensa, protecci\u00f3n, observancia, promoci\u00f3n, estudio y divulgaci\u00f3n de los Derechos Humanos Culiac\u00e1n, Sin.-El Congreso del Estado de Sinaloa recibi\u00f3 de la Comisi\u00f3n Estatal de Derechos Humanos el informe de actividades correspondiente al a\u00f1o 2022. Mediante oficio que fue le\u00eddo en tribuna, [&hellip;]<\/p>\n","protected":false},"author":4,"featured_media":52100,"comment_status":"open","ping_status":"open","sticky":false,"template":"","format":"standard","meta":{"tdm_status":"","tdm_grid_status":"","footnotes":""},"categories":[38,1],"tags":[],"class_list":{"0":"post-52098","1":"post","2":"type-post","3":"status-publish","4":"format-standard","5":"has-post-thumbnail","7":"category-noticias-locales","8":"category-sin-categoria"},"yoast_head":"<!-- This site is optimized with the Yoast SEO plugin v27.4 - https:\/\/yoast.com\/product\/yoast-seo-wordpress\/ -->\n<title>Recibe Congreso informe de actividades del a\u00f1o 2022 de la CEDH - Fuentes Fidedignas<\/title>\n<meta name=\"robots\" content=\"index, follow, max-snippet:-1, max-image-preview:large, max-video-preview:-1\" \/>\n<link rel=\"canonical\" href=\"https:\/\/fuentesfidedignas.com.mx\/index.php\/2023\/07\/06\/recibe-congreso-informe-de-actividades-del-ano-2022-de-la-cedh\/\" \/>\n<meta property=\"og:locale\" content=\"es_MX\" \/>\n<meta property=\"og:type\" content=\"article\" \/>\n<meta property=\"og:title\" content=\"Recibe Congreso informe de actividades del a\u00f1o 2022 de la CEDH - Fuentes Fidedignas\" \/>\n<meta property=\"og:description\" content=\"Contiene una descripci\u00f3n de las acciones realizadas por este \u00f3rgano p\u00fablico aut\u00f3nomo en la defensa, protecci\u00f3n, observancia, promoci\u00f3n, estudio y divulgaci\u00f3n de los Derechos Humanos Culiac\u00e1n, Sin.-El Congreso del Estado de Sinaloa recibi\u00f3 de la Comisi\u00f3n Estatal de Derechos Humanos el informe de actividades correspondiente al a\u00f1o 2022. Mediante oficio que fue le\u00eddo en tribuna, [&hellip;]\" \/>\n<meta property=\"og:url\" content=\"https:\/\/fuentesfidedignas.com.mx\/index.php\/2023\/07\/06\/recibe-congreso-informe-de-actividades-del-ano-2022-de-la-cedh\/\" \/>\n<meta property=\"og:site_name\" content=\"Fuentes Fidedignas\" \/>\n<meta property=\"article:publisher\" content=\"https:\/\/www.facebook.com\/Fuentes-Fidedignas-368234489921644\" \/>\n<meta property=\"article:published_time\" content=\"2023-07-06T23:31:57+00:00\" \/>\n<meta property=\"article:modified_time\" content=\"2023-07-06T23:35:21+00:00\" \/>\n<meta property=\"og:image\" content=\"https:\/\/fuentesfidedignas.com.mx\/wp-content\/uploads\/2023\/07\/IMG-20230706-WA0027.jpg\" \/>\n\t<meta property=\"og:image:width\" content=\"1600\" \/>\n\t<meta property=\"og:image:height\" content=\"1066\" \/>\n\t<meta property=\"og:image:type\" content=\"image\/jpeg\" \/>\n<meta name=\"author\" content=\"Redacci\u00f3n\" \/>\n<meta name=\"twitter:card\" content=\"summary_large_image\" \/>\n<meta name=\"twitter:creator\" content=\"@fidedignas\" \/>\n<meta name=\"twitter:site\" content=\"@fidedignas\" \/>\n<meta name=\"twitter:label1\" content=\"Escrito por\" \/>\n\t<meta name=\"twitter:data1\" content=\"Redacci\u00f3n\" \/>\n\t<meta name=\"twitter:label2\" content=\"Tiempo de lectura\" \/>\n\t<meta name=\"twitter:data2\" content=\"1 minuto\" \/>\n<script type=\"application\/ld+json\" class=\"yoast-schema-graph\">{\"@context\":\"https:\\\/\\\/schema.org\",\"@graph\":[{\"@type\":\"Article\",\"@id\":\"https:\\\/\\\/fuentesfidedignas.com.mx\\\/index.php\\\/2023\\\/07\\\/06\\\/recibe-congreso-informe-de-actividades-del-ano-2022-de-la-cedh\\\/#article\",\"isPartOf\":{\"@id\":\"https:\\\/\\\/fuentesfidedignas.com.mx\\\/index.php\\\/2023\\\/07\\\/06\\\/recibe-congreso-informe-de-actividades-del-ano-2022-de-la-cedh\\\/\"},\"author\":{\"name\":\"Redacci\u00f3n\",\"@id\":\"https:\\\/\\\/fuentesfidedignas.com.mx\\\/#\\\/schema\\\/person\\\/331be9283d37198e2acd5750279085b0\"},\"headline\":\"Recibe Congreso informe de actividades del a\u00f1o 2022 de la CEDH\",\"datePublished\":\"2023-07-06T23:31:57+00:00\",\"dateModified\":\"2023-07-06T23:35:21+00:00\",\"mainEntityOfPage\":{\"@id\":\"https:\\\/\\\/fuentesfidedignas.com.mx\\\/index.php\\\/2023\\\/07\\\/06\\\/recibe-congreso-informe-de-actividades-del-ano-2022-de-la-cedh\\\/\"},\"wordCount\":205,\"commentCount\":0,\"publisher\":{\"@id\":\"https:\\\/\\\/fuentesfidedignas.com.mx\\\/#organization\"},\"image\":{\"@id\":\"https:\\\/\\\/fuentesfidedignas.com.mx\\\/index.php\\\/2023\\\/07\\\/06\\\/recibe-congreso-informe-de-actividades-del-ano-2022-de-la-cedh\\\/#primaryimage\"},\"thumbnailUrl\":\"https:\\\/\\\/fuentesfidedignas.com.mx\\\/wp-content\\\/uploads\\\/2023\\\/07\\\/IMG-20230706-WA0027.jpg\",\"articleSection\":[\"NOTICIAS LOCALES\"],\"inLanguage\":\"es\",\"potentialAction\":[{\"@type\":\"CommentAction\",\"name\":\"Comment\",\"target\":[\"https:\\\/\\\/fuentesfidedignas.com.mx\\\/index.php\\\/2023\\\/07\\\/06\\\/recibe-congreso-informe-de-actividades-del-ano-2022-de-la-cedh\\\/#respond\"]}]},{\"@type\":\"WebPage\",\"@id\":\"https:\\\/\\\/fuentesfidedignas.com.mx\\\/index.php\\\/2023\\\/07\\\/06\\\/recibe-congreso-informe-de-actividades-del-ano-2022-de-la-cedh\\\/\",\"url\":\"https:\\\/\\\/fuentesfidedignas.com.mx\\\/index.php\\\/2023\\\/07\\\/06\\\/recibe-congreso-informe-de-actividades-del-ano-2022-de-la-cedh\\\/\",\"name\":\"Recibe Congreso informe de actividades del a\u00f1o 2022 de la CEDH - Fuentes Fidedignas\",\"isPartOf\":{\"@id\":\"https:\\\/\\\/fuentesfidedignas.com.mx\\\/#website\"},\"primaryImageOfPage\":{\"@id\":\"https:\\\/\\\/fuentesfidedignas.com.mx\\\/index.php\\\/2023\\\/07\\\/06\\\/recibe-congreso-informe-de-actividades-del-ano-2022-de-la-cedh\\\/#primaryimage\"},\"image\":{\"@id\":\"https:\\\/\\\/fuentesfidedignas.com.mx\\\/index.php\\\/2023\\\/07\\\/06\\\/recibe-congreso-informe-de-actividades-del-ano-2022-de-la-cedh\\\/#primaryimage\"},\"thumbnailUrl\":\"https:\\\/\\\/fuentesfidedignas.com.mx\\\/wp-content\\\/uploads\\\/2023\\\/07\\\/IMG-20230706-WA0027.jpg\",\"datePublished\":\"2023-07-06T23:31:57+00:00\",\"dateModified\":\"2023-07-06T23:35:21+00:00\",\"breadcrumb\":{\"@id\":\"https:\\\/\\\/fuentesfidedignas.com.mx\\\/index.php\\\/2023\\\/07\\\/06\\\/recibe-congreso-informe-de-actividades-del-ano-2022-de-la-cedh\\\/#breadcrumb\"},\"inLanguage\":\"es\",\"potentialAction\":[{\"@type\":\"ReadAction\",\"target\":[\"https:\\\/\\\/fuentesfidedignas.com.mx\\\/index.php\\\/2023\\\/07\\\/06\\\/recibe-congreso-informe-de-actividades-del-ano-2022-de-la-cedh\\\/\"]}]},{\"@type\":\"ImageObject\",\"inLanguage\":\"es\",\"@id\":\"https:\\\/\\\/fuentesfidedignas.com.mx\\\/index.php\\\/2023\\\/07\\\/06\\\/recibe-congreso-informe-de-actividades-del-ano-2022-de-la-cedh\\\/#primaryimage\",\"url\":\"https:\\\/\\\/fuentesfidedignas.com.mx\\\/wp-content\\\/uploads\\\/2023\\\/07\\\/IMG-20230706-WA0027.jpg\",\"contentUrl\":\"https:\\\/\\\/fuentesfidedignas.com.mx\\\/wp-content\\\/uploads\\\/2023\\\/07\\\/IMG-20230706-WA0027.jpg\",\"width\":1600,\"height\":1066},{\"@type\":\"BreadcrumbList\",\"@id\":\"https:\\\/\\\/fuentesfidedignas.com.mx\\\/index.php\\\/2023\\\/07\\\/06\\\/recibe-congreso-informe-de-actividades-del-ano-2022-de-la-cedh\\\/#breadcrumb\",\"itemListElement\":[{\"@type\":\"ListItem\",\"position\":1,\"name\":\"Inicio\",\"item\":\"https:\\\/\\\/fuentesfidedignas.com.mx\\\/\"},{\"@type\":\"ListItem\",\"position\":2,\"name\":\"Recibe Congreso informe de actividades del a\u00f1o 2022 de la CEDH\"}]},{\"@type\":\"WebSite\",\"@id\":\"https:\\\/\\\/fuentesfidedignas.com.mx\\\/#website\",\"url\":\"https:\\\/\\\/fuentesfidedignas.com.mx\\\/\",\"name\":\"Fuentes Fidedignas\",\"description\":\"Otro sitio realizado con WordPress\",\"publisher\":{\"@id\":\"https:\\\/\\\/fuentesfidedignas.com.mx\\\/#organization\"},\"potentialAction\":[{\"@type\":\"SearchAction\",\"target\":{\"@type\":\"EntryPoint\",\"urlTemplate\":\"https:\\\/\\\/fuentesfidedignas.com.mx\\\/?s={search_term_string}\"},\"query-input\":{\"@type\":\"PropertyValueSpecification\",\"valueRequired\":true,\"valueName\":\"search_term_string\"}}],\"inLanguage\":\"es\"},{\"@type\":\"Organization\",\"@id\":\"https:\\\/\\\/fuentesfidedignas.com.mx\\\/#organization\",\"name\":\"Fuentes Fidedignas\",\"url\":\"https:\\\/\\\/fuentesfidedignas.com.mx\\\/\",\"logo\":{\"@type\":\"ImageObject\",\"inLanguage\":\"es\",\"@id\":\"https:\\\/\\\/fuentesfidedignas.com.mx\\\/#\\\/schema\\\/logo\\\/image\\\/\",\"url\":\"https:\\\/\\\/fuentesfidedignas.com.mx\\\/wp-content\\\/uploads\\\/2021\\\/04\\\/logo-retina.png\",\"contentUrl\":\"https:\\\/\\\/fuentesfidedignas.com.mx\\\/wp-content\\\/uploads\\\/2021\\\/04\\\/logo-retina.png\",\"width\":280,\"height\":51,\"caption\":\"Fuentes Fidedignas\"},\"image\":{\"@id\":\"https:\\\/\\\/fuentesfidedignas.com.mx\\\/#\\\/schema\\\/logo\\\/image\\\/\"},\"sameAs\":[\"https:\\\/\\\/www.facebook.com\\\/Fuentes-Fidedignas-368234489921644\",\"https:\\\/\\\/x.com\\\/fidedignas\"]},{\"@type\":\"Person\",\"@id\":\"https:\\\/\\\/fuentesfidedignas.com.mx\\\/#\\\/schema\\\/person\\\/331be9283d37198e2acd5750279085b0\",\"name\":\"Redacci\u00f3n\",\"image\":{\"@type\":\"ImageObject\",\"inLanguage\":\"es\",\"@id\":\"https:\\\/\\\/secure.gravatar.com\\\/avatar\\\/f6d8782c11d12b2d4ad3fbb6931aeab5309937a4d6cd2fc9cfaa28a6396a5aec?s=96&d=mm&r=g\",\"url\":\"https:\\\/\\\/secure.gravatar.com\\\/avatar\\\/f6d8782c11d12b2d4ad3fbb6931aeab5309937a4d6cd2fc9cfaa28a6396a5aec?s=96&d=mm&r=g\",\"contentUrl\":\"https:\\\/\\\/secure.gravatar.com\\\/avatar\\\/f6d8782c11d12b2d4ad3fbb6931aeab5309937a4d6cd2fc9cfaa28a6396a5aec?s=96&d=mm&r=g\",\"caption\":\"Redacci\u00f3n\"},\"url\":\"https:\\\/\\\/fuentesfidedignas.com.mx\\\/index.php\\\/author\\\/redaccion\\\/\"}]}<\/script>\n<!-- \/ Yoast SEO plugin. -->","yoast_head_json":{"title":"Recibe Congreso informe de actividades del a\u00f1o 2022 de la CEDH - Fuentes Fidedignas","robots":{"index":"index","follow":"follow","max-snippet":"max-snippet:-1","max-image-preview":"max-image-preview:large","max-video-preview":"max-video-preview:-1"},"canonical":"https:\/\/fuentesfidedignas.com.mx\/index.php\/2023\/07\/06\/recibe-congreso-informe-de-actividades-del-ano-2022-de-la-cedh\/","og_locale":"es_MX","og_type":"article","og_title":"Recibe Congreso informe de actividades del a\u00f1o 2022 de la CEDH - Fuentes Fidedignas","og_description":"Contiene una descripci\u00f3n de las acciones realizadas por este \u00f3rgano p\u00fablico aut\u00f3nomo en la defensa, protecci\u00f3n, observancia, promoci\u00f3n, estudio y divulgaci\u00f3n de los Derechos Humanos Culiac\u00e1n, Sin.-El Congreso del Estado de Sinaloa recibi\u00f3 de la Comisi\u00f3n Estatal de Derechos Humanos el informe de actividades correspondiente al a\u00f1o 2022. Mediante oficio que fue le\u00eddo en tribuna, [&hellip;]","og_url":"https:\/\/fuentesfidedignas.com.mx\/index.php\/2023\/07\/06\/recibe-congreso-informe-de-actividades-del-ano-2022-de-la-cedh\/","og_site_name":"Fuentes Fidedignas","article_publisher":"https:\/\/www.facebook.com\/Fuentes-Fidedignas-368234489921644","article_published_time":"2023-07-06T23:31:57+00:00","article_modified_time":"2023-07-06T23:35:21+00:00","og_image":[{"width":1600,"height":1066,"url":"https:\/\/fuentesfidedignas.com.mx\/wp-content\/uploads\/2023\/07\/IMG-20230706-WA0027.jpg","type":"image\/jpeg"}],"author":"Redacci\u00f3n","twitter_card":"summary_large_image","twitter_creator":"@fidedignas","twitter_site":"@fidedignas","twitter_misc":{"Escrito por":"Redacci\u00f3n","Tiempo de lectura":"1 minuto"},"schema":{"@context":"https:\/\/schema.org","@graph":[{"@type":"Article","@id":"https:\/\/fuentesfidedignas.com.mx\/index.php\/2023\/07\/06\/recibe-congreso-informe-de-actividades-del-ano-2022-de-la-cedh\/#article","isPartOf":{"@id":"https:\/\/fuentesfidedignas.com.mx\/index.php\/2023\/07\/06\/recibe-congreso-informe-de-actividades-del-ano-2022-de-la-cedh\/"},"author":{"name":"Redacci\u00f3n","@id":"https:\/\/fuentesfidedignas.com.mx\/#\/schema\/person\/331be9283d37198e2acd5750279085b0"},"headline":"Recibe Congreso informe de actividades del a\u00f1o 2022 de la CEDH","datePublished":"2023-07-06T23:31:57+00:00","dateModified":"2023-07-06T23:35:21+00:00","mainEntityOfPage":{"@id":"https:\/\/fuentesfidedignas.com.mx\/index.php\/2023\/07\/06\/recibe-congreso-informe-de-actividades-del-ano-2022-de-la-cedh\/"},"wordCount":205,"commentCount":0,"publisher":{"@id":"https:\/\/fuentesfidedignas.com.mx\/#organization"},"image":{"@id":"https:\/\/fuentesfidedignas.com.mx\/index.php\/2023\/07\/06\/recibe-congreso-informe-de-actividades-del-ano-2022-de-la-cedh\/#primaryimage"},"thumbnailUrl":"https:\/\/fuentesfidedignas.com.mx\/wp-content\/uploads\/2023\/07\/IMG-20230706-WA0027.jpg","articleSection":["NOTICIAS LOCALES"],"inLanguage":"es","potentialAction":[{"@type":"CommentAction","name":"Comment","target":["https:\/\/fuentesfidedignas.com.mx\/index.php\/2023\/07\/06\/recibe-congreso-informe-de-actividades-del-ano-2022-de-la-cedh\/#respond"]}]},{"@type":"WebPage","@id":"https:\/\/fuentesfidedignas.com.mx\/index.php\/2023\/07\/06\/recibe-congreso-informe-de-actividades-del-ano-2022-de-la-cedh\/","url":"https:\/\/fuentesfidedignas.com.mx\/index.php\/2023\/07\/06\/recibe-congreso-informe-de-actividades-del-ano-2022-de-la-cedh\/","name":"Recibe Congreso informe de actividades del a\u00f1o 2022 de la CEDH - Fuentes Fidedignas","isPartOf":{"@id":"https:\/\/fuentesfidedignas.com.mx\/#website"},"primaryImageOfPage":{"@id":"https:\/\/fuentesfidedignas.com.mx\/index.php\/2023\/07\/06\/recibe-congreso-informe-de-actividades-del-ano-2022-de-la-cedh\/#primaryimage"},"image":{"@id":"https:\/\/fuentesfidedignas.com.mx\/index.php\/2023\/07\/06\/recibe-congreso-informe-de-actividades-del-ano-2022-de-la-cedh\/#primaryimage"},"thumbnailUrl":"https:\/\/fuentesfidedignas.com.mx\/wp-content\/uploads\/2023\/07\/IMG-20230706-WA0027.jpg","datePublished":"2023-07-06T23:31:57+00:00","dateModified":"2023-07-06T23:35:21+00:00","breadcrumb":{"@id":"https:\/\/fuentesfidedignas.com.mx\/index.php\/2023\/07\/06\/recibe-congreso-informe-de-actividades-del-ano-2022-de-la-cedh\/#breadcrumb"},"inLanguage":"es","potentialAction":[{"@type":"ReadAction","target":["https:\/\/fuentesfidedignas.com.mx\/index.php\/2023\/07\/06\/recibe-congreso-informe-de-actividades-del-ano-2022-de-la-cedh\/"]}]},{"@type":"ImageObject","inLanguage":"es","@id":"https:\/\/fuentesfidedignas.com.mx\/index.php\/2023\/07\/06\/recibe-congreso-informe-de-actividades-del-ano-2022-de-la-cedh\/#primaryimage","url":"https:\/\/fuentesfidedignas.com.mx\/wp-content\/uploads\/2023\/07\/IMG-20230706-WA0027.jpg","contentUrl":"https:\/\/fuentesfidedignas.com.mx\/wp-content\/uploads\/2023\/07\/IMG-20230706-WA0027.jpg","width":1600,"height":1066},{"@type":"BreadcrumbList","@id":"https:\/\/fuentesfidedignas.com.mx\/index.php\/2023\/07\/06\/recibe-congreso-informe-de-actividades-del-ano-2022-de-la-cedh\/#breadcrumb","itemListElement":[{"@type":"ListItem","position":1,"name":"Inicio","item":"https:\/\/fuentesfidedignas.com.mx\/"},{"@type":"ListItem","position":2,"name":"Recibe Congreso informe de actividades del a\u00f1o 2022 de la CEDH"}]},{"@type":"WebSite","@id":"https:\/\/fuentesfidedignas.com.mx\/#website","url":"https:\/\/fuentesfidedignas.com.mx\/","name":"Fuentes Fidedignas","description":"Otro sitio realizado con WordPress","publisher":{"@id":"https:\/\/fuentesfidedignas.com.mx\/#organization"},"potentialAction":[{"@type":"SearchAction","target":{"@type":"EntryPoint","urlTemplate":"https:\/\/fuentesfidedignas.com.mx\/?s={search_term_string}"},"query-input":{"@type":"PropertyValueSpecification","valueRequired":true,"valueName":"search_term_string"}}],"inLanguage":"es"},{"@type":"Organization","@id":"https:\/\/fuentesfidedignas.com.mx\/#organization","name":"Fuentes Fidedignas","url":"https:\/\/fuentesfidedignas.com.mx\/","logo":{"@type":"ImageObject","inLanguage":"es","@id":"https:\/\/fuentesfidedignas.com.mx\/#\/schema\/logo\/image\/","url":"https:\/\/fuentesfidedignas.com.mx\/wp-content\/uploads\/2021\/04\/logo-retina.png","contentUrl":"https:\/\/fuentesfidedignas.com.mx\/wp-content\/uploads\/2021\/04\/logo-retina.png","width":280,"height":51,"caption":"Fuentes Fidedignas"},"image":{"@id":"https:\/\/fuentesfidedignas.com.mx\/#\/schema\/logo\/image\/"},"sameAs":["https:\/\/www.facebook.com\/Fuentes-Fidedignas-368234489921644","https:\/\/x.com\/fidedignas"]},{"@type":"Person","@id":"https:\/\/fuentesfidedignas.com.mx\/#\/schema\/person\/331be9283d37198e2acd5750279085b0","name":"Redacci\u00f3n","image":{"@type":"ImageObject","inLanguage":"es","@id":"https:\/\/secure.gravatar.com\/avatar\/f6d8782c11d12b2d4ad3fbb6931aeab5309937a4d6cd2fc9cfaa28a6396a5aec?s=96&d=mm&r=g","url":"https:\/\/secure.gravatar.com\/avatar\/f6d8782c11d12b2d4ad3fbb6931aeab5309937a4d6cd2fc9cfaa28a6396a5aec?s=96&d=mm&r=g","contentUrl":"https:\/\/secure.gravatar.com\/avatar\/f6d8782c11d12b2d4ad3fbb6931aeab5309937a4d6cd2fc9cfaa28a6396a5aec?s=96&d=mm&r=g","caption":"Redacci\u00f3n"},"url":"https:\/\/fuentesfidedignas.com.mx\/index.php\/author\/redaccion\/"}]}},"_links":{"self":[{"href":"https:\/\/fuentesfidedignas.com.mx\/index.php\/wp-json\/wp\/v2\/posts\/52098","targetHints":{"allow":["GET"]}}],"collection":[{"href":"https:\/\/fuentesfidedignas.com.mx\/index.php\/wp-json\/wp\/v2\/posts"}],"about":[{"href":"https:\/\/fuentesfidedignas.com.mx\/index.php\/wp-json\/wp\/v2\/types\/post"}],"author":[{"embeddable":true,"href":"https:\/\/fuentesfidedignas.com.mx\/index.php\/wp-json\/wp\/v2\/users\/4"}],"replies":[{"embeddable":true,"href":"https:\/\/fuentesfidedignas.com.mx\/index.php\/wp-json\/wp\/v2\/comments?post=52098"}],"version-history":[{"count":1,"href":"https:\/\/fuentesfidedignas.com.mx\/index.php\/wp-json\/wp\/v2\/posts\/52098\/revisions"}],"predecessor-version":[{"id":52099,"href":"https:\/\/fuentesfidedignas.com.mx\/index.php\/wp-json\/wp\/v2\/posts\/52098\/revisions\/52099"}],"wp:featuredmedia":[{"embeddable":true,"href":"https:\/\/fuentesfidedignas.com.mx\/index.php\/wp-json\/wp\/v2\/media\/52100"}],"wp:attachment":[{"href":"https:\/\/fuentesfidedignas.com.mx\/index.php\/wp-json\/wp\/v2\/media?parent=52098"}],"wp:term":[{"taxonomy":"category","embeddable":true,"href":"https:\/\/fuentesfidedignas.com.mx\/index.php\/wp-json\/wp\/v2\/categories?post=52098"},{"taxonomy":"post_tag","embeddable":true,"href":"https:\/\/fuentesfidedignas.com.mx\/index.php\/wp-json\/wp\/v2\/tags?post=52098"}],"curies":[{"name":"wp","href":"https:\/\/api.w.org\/{rel}","templated":true}]}}