{"id":52094,"date":"2023-07-06T15:43:59","date_gmt":"2023-07-06T22:43:59","guid":{"rendered":"https:\/\/fuentesfidedignas.com.mx\/?p=52094"},"modified":"2023-07-06T16:35:29","modified_gmt":"2023-07-06T23:35:29","slug":"estoy-tranquilo-dice-rector-de-la-uas-ante-proceso-en-su-contra","status":"publish","type":"post","link":"https:\/\/fuentesfidedignas.com.mx\/index.php\/2023\/07\/06\/estoy-tranquilo-dice-rector-de-la-uas-ante-proceso-en-su-contra\/","title":{"rendered":"&#8220;Estoy tranquilo&#8221;, dice Rector de la UAS ante proceso en su contra"},"content":{"rendered":"\n<p><strong><em>Fue citado el pr\u00f3ximo 21 de julio a las 9 de la ma\u00f1ana en la Sala A del Juzgado local<\/em><\/strong><\/p>\n\n\n\n<p>Culiac\u00e1n, Sin.- El Rector de la Universidad Aut\u00f3noma de Sinaloa (UAS), doctor Jes\u00fas Madue\u00f1a Molina, inform\u00f3 que revisar\u00e1 junto con el Cuerpo de Abogados de la Instituci\u00f3n, cu\u00e1l ser\u00e1 la defensa que se lleve tanto de su persona como de las y los integrantes del Comit\u00e9 de Compras de la Universidad, luego de que llegara esta ma\u00f1ana a sus manos un documento oficial sobre el presunto asunto en su contra.<\/p>\n\n\n\n<p>Fue citado el pr\u00f3ximo 21 de julio a las 9 de la ma\u00f1ana en la Sala A del Juzgado local, para una audiencia inicial para formulaci\u00f3n de imputaci\u00f3n, anexando a los miembros del Comit\u00e9 y el ex Rector Juan Eulogio Guerra Liera. Sin embargo, dijo estar tranquilo ya que desde la c\u00fapula universitaria se han hecho bien las cosas, sin situaciones que lo averg\u00fcencen, puesto que tiene principios y valores y, bajo esa premisa, es que se ha llevado la conducci\u00f3n de la M\u00e1xima Casa de Estudios Sinaloense.<\/p>\n\n\n\n<p>Recalc\u00f3 que se ha hecho el llamado a la Comunidad Universitaria, por lo que ha reunido a los Colegios de Directores por unidades regionales de manera informativa, sobre la fecha y hora en la que han sido citados para enfrentar los supuestos cargos en su contra, que seg\u00fan el documento con el que fue notificado es por el presunto \u201cejercicio indebido del servicio p\u00fablico\u201d.<\/p>\n\n\n\n<p>Adem\u00e1s, el pr\u00f3ximo s\u00e1bado se har\u00e1 una jornada de cruceros en todo el estado, donde se estar\u00e1n entregando volantes a la comunidad en general para que los sinaloenses se enteren y se solidaricen con la Universidad Aut\u00f3noma de Sinaloa en la lucha que se tiene en contra del abuso de poder que hay por parte del Gobierno del Estado.<\/p>\n\n\n\n<p>Pidi\u00f3 a las y los universitarios estar atentos y alertas, para demostrarle el d\u00eda 21 al Gobernador, a los Poderes tanto Legislativo como Judicial y a la Fiscal\u00eda Estatal que acusa \u201ca modo\u201d, que se luchar\u00e1 contra el poder totalitario que se tiene en Sinaloa y a favor de la autonom\u00eda universitaria, sin miedo a lo que tengan que enfrentar sabiendo que la UAS tiene la raz\u00f3n. Llam\u00f3 a la unidad para la defensa de la integridad de todos aquellos universitarios y universitarias acusadas, adem\u00e1s del respaldo de los padres de familia, estudiantes, trabajadores y la sociedad civil a defender a la Universidad.<\/p>\n\n\n\n<p>\u201c<strong>Nosotros vamos a seguir de frente, no nos van a doblar con este tipo de cuestiones. La autonom\u00eda universitaria vale eso y m\u00e1s y estamos dispuestos a pagarlo<\/strong>\u201d, coment\u00f3.<\/p>\n\n\n\n<p>Inform\u00f3 que este jueves recibi\u00f3 por primera vez la notificaci\u00f3n del proceso que se ha estado filtrando en los medios de comunicaci\u00f3n, desde que comenz\u00f3 dicho diferendo con el Gobierno del Estado respecto a no avalar la Ley de Educaci\u00f3n Superior del Estado de Sinaloa, que incluso fue impugnada ante tribunales federales, lo cual provoc\u00f3 la persecuci\u00f3n pol\u00edtica, primero usando a la Auditor\u00eda Superior del Estado (ASE), posteriormente a la Fiscal\u00eda General del Estado a trav\u00e9s de la Unidad de Inteligencia Patrimonial y Econ\u00f3mica.<\/p>\n\n\n\n<p>\u201cTengo un documento oficial en mis manos que me fue entregado hoy en mi domicilio a las 8:50 de la ma\u00f1ana. Por primera vez tengo un documento oficial, pues que todo se hab\u00eda manejado a trav\u00e9s de los medios de comunicaci\u00f3n, pero me siento muy tranquilo y tengo fe que, si la justicia local no es efectiva, no es transparente por la situaci\u00f3n que nos estamos enfrentando, si tenemos fe en la justicia federal que al final de cuentas va a venir a poner las cosas en su lugar\u201d, se\u00f1al\u00f3.<\/p>\n\n\n\n<p>Madue\u00f1a Molina lament\u00f3 que en su momento la Fiscal\u00eda Estatal no quiso admitir la denuncia que se presentaba, de parte de la UAS, en contra de diversos funcionarios estatales, y la Comisi\u00f3n Estatal de los Derechos Humanos no fue m\u00e1s all\u00e1 en la queja interpuesta ante tal negativa, por lo que se ha tenido que trabajar esa ruta con base en amparos ante jueces federales, y se buscar\u00e1 ante instancias nacionales parar la persecuci\u00f3n pol\u00edtica de la que es objeto la instituci\u00f3n.<\/p>\n\n\n\n<p>Indic\u00f3 que las circunstancias se han ido dando, a pesar de que en su momento le solicit\u00f3 al Gobernador Rub\u00e9n Rocha Moya no ser persecutor de la Universidad ante la negativa de atender una ley que viola la autonom\u00eda universitaria.<\/p>\n","protected":false},"excerpt":{"rendered":"<p>Fue citado el pr\u00f3ximo 21 de julio a las 9 de la ma\u00f1ana en la Sala A del Juzgado local Culiac\u00e1n, Sin.- El Rector de la Universidad Aut\u00f3noma de Sinaloa (UAS), doctor Jes\u00fas Madue\u00f1a Molina, inform\u00f3 que revisar\u00e1 junto con el Cuerpo de Abogados de la Instituci\u00f3n, cu\u00e1l ser\u00e1 la defensa que se lleve tanto [&hellip;]<\/p>\n","protected":false},"author":4,"featured_media":52097,"comment_status":"open","ping_status":"open","sticky":false,"template":"","format":"standard","meta":{"tdm_status":"","tdm_grid_status":"","footnotes":""},"categories":[37,1],"tags":[],"class_list":{"0":"post-52094","1":"post","2":"type-post","3":"status-publish","4":"format-standard","5":"has-post-thumbnail","7":"category-nota-principal","8":"category-sin-categoria"},"yoast_head":"<!-- This site is optimized with the Yoast SEO plugin v27.4 - https:\/\/yoast.com\/product\/yoast-seo-wordpress\/ -->\n<title>&quot;Estoy tranquilo&quot;, dice Rector de la UAS ante proceso en su contra - Fuentes Fidedignas<\/title>\n<meta name=\"robots\" content=\"index, follow, max-snippet:-1, max-image-preview:large, max-video-preview:-1\" \/>\n<link rel=\"canonical\" href=\"https:\/\/fuentesfidedignas.com.mx\/index.php\/2023\/07\/06\/estoy-tranquilo-dice-rector-de-la-uas-ante-proceso-en-su-contra\/\" \/>\n<meta property=\"og:locale\" content=\"es_MX\" \/>\n<meta property=\"og:type\" content=\"article\" \/>\n<meta property=\"og:title\" content=\"&quot;Estoy tranquilo&quot;, dice Rector de la UAS ante proceso en su contra - Fuentes Fidedignas\" \/>\n<meta property=\"og:description\" content=\"Fue citado el pr\u00f3ximo 21 de julio a las 9 de la ma\u00f1ana en la Sala A del Juzgado local Culiac\u00e1n, Sin.- El Rector de la Universidad Aut\u00f3noma de Sinaloa (UAS), doctor Jes\u00fas Madue\u00f1a Molina, inform\u00f3 que revisar\u00e1 junto con el Cuerpo de Abogados de la Instituci\u00f3n, cu\u00e1l ser\u00e1 la defensa que se lleve tanto [&hellip;]\" \/>\n<meta property=\"og:url\" content=\"https:\/\/fuentesfidedignas.com.mx\/index.php\/2023\/07\/06\/estoy-tranquilo-dice-rector-de-la-uas-ante-proceso-en-su-contra\/\" \/>\n<meta property=\"og:site_name\" content=\"Fuentes Fidedignas\" \/>\n<meta property=\"article:publisher\" content=\"https:\/\/www.facebook.com\/Fuentes-Fidedignas-368234489921644\" \/>\n<meta property=\"article:published_time\" content=\"2023-07-06T22:43:59+00:00\" \/>\n<meta property=\"article:modified_time\" content=\"2023-07-06T23:35:29+00:00\" \/>\n<meta property=\"og:image\" content=\"https:\/\/fuentesfidedignas.com.mx\/wp-content\/uploads\/2023\/07\/FOTO-JESUS-MADUENA-MOLINA-1024x1024.jpg\" \/>\n\t<meta property=\"og:image:width\" content=\"1024\" \/>\n\t<meta property=\"og:image:height\" content=\"1024\" \/>\n\t<meta property=\"og:image:type\" content=\"image\/jpeg\" \/>\n<meta name=\"author\" content=\"Redacci\u00f3n\" \/>\n<meta name=\"twitter:card\" content=\"summary_large_image\" \/>\n<meta name=\"twitter:creator\" content=\"@fidedignas\" \/>\n<meta name=\"twitter:site\" content=\"@fidedignas\" \/>\n<meta name=\"twitter:label1\" content=\"Escrito por\" \/>\n\t<meta name=\"twitter:data1\" content=\"Redacci\u00f3n\" \/>\n\t<meta name=\"twitter:label2\" content=\"Tiempo de lectura\" \/>\n\t<meta name=\"twitter:data2\" content=\"4 minutos\" \/>\n<script type=\"application\/ld+json\" class=\"yoast-schema-graph\">{\"@context\":\"https:\\\/\\\/schema.org\",\"@graph\":[{\"@type\":\"Article\",\"@id\":\"https:\\\/\\\/fuentesfidedignas.com.mx\\\/index.php\\\/2023\\\/07\\\/06\\\/estoy-tranquilo-dice-rector-de-la-uas-ante-proceso-en-su-contra\\\/#article\",\"isPartOf\":{\"@id\":\"https:\\\/\\\/fuentesfidedignas.com.mx\\\/index.php\\\/2023\\\/07\\\/06\\\/estoy-tranquilo-dice-rector-de-la-uas-ante-proceso-en-su-contra\\\/\"},\"author\":{\"name\":\"Redacci\u00f3n\",\"@id\":\"https:\\\/\\\/fuentesfidedignas.com.mx\\\/#\\\/schema\\\/person\\\/331be9283d37198e2acd5750279085b0\"},\"headline\":\"&#8220;Estoy tranquilo&#8221;, dice Rector de la UAS ante proceso en su contra\",\"datePublished\":\"2023-07-06T22:43:59+00:00\",\"dateModified\":\"2023-07-06T23:35:29+00:00\",\"mainEntityOfPage\":{\"@id\":\"https:\\\/\\\/fuentesfidedignas.com.mx\\\/index.php\\\/2023\\\/07\\\/06\\\/estoy-tranquilo-dice-rector-de-la-uas-ante-proceso-en-su-contra\\\/\"},\"wordCount\":791,\"commentCount\":0,\"publisher\":{\"@id\":\"https:\\\/\\\/fuentesfidedignas.com.mx\\\/#organization\"},\"image\":{\"@id\":\"https:\\\/\\\/fuentesfidedignas.com.mx\\\/index.php\\\/2023\\\/07\\\/06\\\/estoy-tranquilo-dice-rector-de-la-uas-ante-proceso-en-su-contra\\\/#primaryimage\"},\"thumbnailUrl\":\"https:\\\/\\\/fuentesfidedignas.com.mx\\\/wp-content\\\/uploads\\\/2023\\\/07\\\/FOTO-JESUS-MADUENA-MOLINA.jpg\",\"articleSection\":[\"NOTA PRINCIPAL\"],\"inLanguage\":\"es\",\"potentialAction\":[{\"@type\":\"CommentAction\",\"name\":\"Comment\",\"target\":[\"https:\\\/\\\/fuentesfidedignas.com.mx\\\/index.php\\\/2023\\\/07\\\/06\\\/estoy-tranquilo-dice-rector-de-la-uas-ante-proceso-en-su-contra\\\/#respond\"]}]},{\"@type\":\"WebPage\",\"@id\":\"https:\\\/\\\/fuentesfidedignas.com.mx\\\/index.php\\\/2023\\\/07\\\/06\\\/estoy-tranquilo-dice-rector-de-la-uas-ante-proceso-en-su-contra\\\/\",\"url\":\"https:\\\/\\\/fuentesfidedignas.com.mx\\\/index.php\\\/2023\\\/07\\\/06\\\/estoy-tranquilo-dice-rector-de-la-uas-ante-proceso-en-su-contra\\\/\",\"name\":\"\\\"Estoy tranquilo\\\", dice Rector de la UAS ante proceso en su contra - Fuentes Fidedignas\",\"isPartOf\":{\"@id\":\"https:\\\/\\\/fuentesfidedignas.com.mx\\\/#website\"},\"primaryImageOfPage\":{\"@id\":\"https:\\\/\\\/fuentesfidedignas.com.mx\\\/index.php\\\/2023\\\/07\\\/06\\\/estoy-tranquilo-dice-rector-de-la-uas-ante-proceso-en-su-contra\\\/#primaryimage\"},\"image\":{\"@id\":\"https:\\\/\\\/fuentesfidedignas.com.mx\\\/index.php\\\/2023\\\/07\\\/06\\\/estoy-tranquilo-dice-rector-de-la-uas-ante-proceso-en-su-contra\\\/#primaryimage\"},\"thumbnailUrl\":\"https:\\\/\\\/fuentesfidedignas.com.mx\\\/wp-content\\\/uploads\\\/2023\\\/07\\\/FOTO-JESUS-MADUENA-MOLINA.jpg\",\"datePublished\":\"2023-07-06T22:43:59+00:00\",\"dateModified\":\"2023-07-06T23:35:29+00:00\",\"breadcrumb\":{\"@id\":\"https:\\\/\\\/fuentesfidedignas.com.mx\\\/index.php\\\/2023\\\/07\\\/06\\\/estoy-tranquilo-dice-rector-de-la-uas-ante-proceso-en-su-contra\\\/#breadcrumb\"},\"inLanguage\":\"es\",\"potentialAction\":[{\"@type\":\"ReadAction\",\"target\":[\"https:\\\/\\\/fuentesfidedignas.com.mx\\\/index.php\\\/2023\\\/07\\\/06\\\/estoy-tranquilo-dice-rector-de-la-uas-ante-proceso-en-su-contra\\\/\"]}]},{\"@type\":\"ImageObject\",\"inLanguage\":\"es\",\"@id\":\"https:\\\/\\\/fuentesfidedignas.com.mx\\\/index.php\\\/2023\\\/07\\\/06\\\/estoy-tranquilo-dice-rector-de-la-uas-ante-proceso-en-su-contra\\\/#primaryimage\",\"url\":\"https:\\\/\\\/fuentesfidedignas.com.mx\\\/wp-content\\\/uploads\\\/2023\\\/07\\\/FOTO-JESUS-MADUENA-MOLINA.jpg\",\"contentUrl\":\"https:\\\/\\\/fuentesfidedignas.com.mx\\\/wp-content\\\/uploads\\\/2023\\\/07\\\/FOTO-JESUS-MADUENA-MOLINA.jpg\",\"width\":2000,\"height\":2000},{\"@type\":\"BreadcrumbList\",\"@id\":\"https:\\\/\\\/fuentesfidedignas.com.mx\\\/index.php\\\/2023\\\/07\\\/06\\\/estoy-tranquilo-dice-rector-de-la-uas-ante-proceso-en-su-contra\\\/#breadcrumb\",\"itemListElement\":[{\"@type\":\"ListItem\",\"position\":1,\"name\":\"Inicio\",\"item\":\"https:\\\/\\\/fuentesfidedignas.com.mx\\\/\"},{\"@type\":\"ListItem\",\"position\":2,\"name\":\"&#8220;Estoy tranquilo&#8221;, dice Rector de la UAS ante proceso en su contra\"}]},{\"@type\":\"WebSite\",\"@id\":\"https:\\\/\\\/fuentesfidedignas.com.mx\\\/#website\",\"url\":\"https:\\\/\\\/fuentesfidedignas.com.mx\\\/\",\"name\":\"Fuentes Fidedignas\",\"description\":\"Otro sitio realizado con WordPress\",\"publisher\":{\"@id\":\"https:\\\/\\\/fuentesfidedignas.com.mx\\\/#organization\"},\"potentialAction\":[{\"@type\":\"SearchAction\",\"target\":{\"@type\":\"EntryPoint\",\"urlTemplate\":\"https:\\\/\\\/fuentesfidedignas.com.mx\\\/?s={search_term_string}\"},\"query-input\":{\"@type\":\"PropertyValueSpecification\",\"valueRequired\":true,\"valueName\":\"search_term_string\"}}],\"inLanguage\":\"es\"},{\"@type\":\"Organization\",\"@id\":\"https:\\\/\\\/fuentesfidedignas.com.mx\\\/#organization\",\"name\":\"Fuentes Fidedignas\",\"url\":\"https:\\\/\\\/fuentesfidedignas.com.mx\\\/\",\"logo\":{\"@type\":\"ImageObject\",\"inLanguage\":\"es\",\"@id\":\"https:\\\/\\\/fuentesfidedignas.com.mx\\\/#\\\/schema\\\/logo\\\/image\\\/\",\"url\":\"https:\\\/\\\/fuentesfidedignas.com.mx\\\/wp-content\\\/uploads\\\/2021\\\/04\\\/logo-retina.png\",\"contentUrl\":\"https:\\\/\\\/fuentesfidedignas.com.mx\\\/wp-content\\\/uploads\\\/2021\\\/04\\\/logo-retina.png\",\"width\":280,\"height\":51,\"caption\":\"Fuentes Fidedignas\"},\"image\":{\"@id\":\"https:\\\/\\\/fuentesfidedignas.com.mx\\\/#\\\/schema\\\/logo\\\/image\\\/\"},\"sameAs\":[\"https:\\\/\\\/www.facebook.com\\\/Fuentes-Fidedignas-368234489921644\",\"https:\\\/\\\/x.com\\\/fidedignas\"]},{\"@type\":\"Person\",\"@id\":\"https:\\\/\\\/fuentesfidedignas.com.mx\\\/#\\\/schema\\\/person\\\/331be9283d37198e2acd5750279085b0\",\"name\":\"Redacci\u00f3n\",\"image\":{\"@type\":\"ImageObject\",\"inLanguage\":\"es\",\"@id\":\"https:\\\/\\\/secure.gravatar.com\\\/avatar\\\/f6d8782c11d12b2d4ad3fbb6931aeab5309937a4d6cd2fc9cfaa28a6396a5aec?s=96&d=mm&r=g\",\"url\":\"https:\\\/\\\/secure.gravatar.com\\\/avatar\\\/f6d8782c11d12b2d4ad3fbb6931aeab5309937a4d6cd2fc9cfaa28a6396a5aec?s=96&d=mm&r=g\",\"contentUrl\":\"https:\\\/\\\/secure.gravatar.com\\\/avatar\\\/f6d8782c11d12b2d4ad3fbb6931aeab5309937a4d6cd2fc9cfaa28a6396a5aec?s=96&d=mm&r=g\",\"caption\":\"Redacci\u00f3n\"},\"url\":\"https:\\\/\\\/fuentesfidedignas.com.mx\\\/index.php\\\/author\\\/redaccion\\\/\"}]}<\/script>\n<!-- \/ Yoast SEO plugin. -->","yoast_head_json":{"title":"\"Estoy tranquilo\", dice Rector de la UAS ante proceso en su contra - Fuentes Fidedignas","robots":{"index":"index","follow":"follow","max-snippet":"max-snippet:-1","max-image-preview":"max-image-preview:large","max-video-preview":"max-video-preview:-1"},"canonical":"https:\/\/fuentesfidedignas.com.mx\/index.php\/2023\/07\/06\/estoy-tranquilo-dice-rector-de-la-uas-ante-proceso-en-su-contra\/","og_locale":"es_MX","og_type":"article","og_title":"\"Estoy tranquilo\", dice Rector de la UAS ante proceso en su contra - Fuentes Fidedignas","og_description":"Fue citado el pr\u00f3ximo 21 de julio a las 9 de la ma\u00f1ana en la Sala A del Juzgado local Culiac\u00e1n, Sin.- El Rector de la Universidad Aut\u00f3noma de Sinaloa (UAS), doctor Jes\u00fas Madue\u00f1a Molina, inform\u00f3 que revisar\u00e1 junto con el Cuerpo de Abogados de la Instituci\u00f3n, cu\u00e1l ser\u00e1 la defensa que se lleve tanto [&hellip;]","og_url":"https:\/\/fuentesfidedignas.com.mx\/index.php\/2023\/07\/06\/estoy-tranquilo-dice-rector-de-la-uas-ante-proceso-en-su-contra\/","og_site_name":"Fuentes Fidedignas","article_publisher":"https:\/\/www.facebook.com\/Fuentes-Fidedignas-368234489921644","article_published_time":"2023-07-06T22:43:59+00:00","article_modified_time":"2023-07-06T23:35:29+00:00","og_image":[{"width":1024,"height":1024,"url":"https:\/\/fuentesfidedignas.com.mx\/wp-content\/uploads\/2023\/07\/FOTO-JESUS-MADUENA-MOLINA-1024x1024.jpg","type":"image\/jpeg"}],"author":"Redacci\u00f3n","twitter_card":"summary_large_image","twitter_creator":"@fidedignas","twitter_site":"@fidedignas","twitter_misc":{"Escrito por":"Redacci\u00f3n","Tiempo de lectura":"4 minutos"},"schema":{"@context":"https:\/\/schema.org","@graph":[{"@type":"Article","@id":"https:\/\/fuentesfidedignas.com.mx\/index.php\/2023\/07\/06\/estoy-tranquilo-dice-rector-de-la-uas-ante-proceso-en-su-contra\/#article","isPartOf":{"@id":"https:\/\/fuentesfidedignas.com.mx\/index.php\/2023\/07\/06\/estoy-tranquilo-dice-rector-de-la-uas-ante-proceso-en-su-contra\/"},"author":{"name":"Redacci\u00f3n","@id":"https:\/\/fuentesfidedignas.com.mx\/#\/schema\/person\/331be9283d37198e2acd5750279085b0"},"headline":"&#8220;Estoy tranquilo&#8221;, dice Rector de la UAS ante proceso en su contra","datePublished":"2023-07-06T22:43:59+00:00","dateModified":"2023-07-06T23:35:29+00:00","mainEntityOfPage":{"@id":"https:\/\/fuentesfidedignas.com.mx\/index.php\/2023\/07\/06\/estoy-tranquilo-dice-rector-de-la-uas-ante-proceso-en-su-contra\/"},"wordCount":791,"commentCount":0,"publisher":{"@id":"https:\/\/fuentesfidedignas.com.mx\/#organization"},"image":{"@id":"https:\/\/fuentesfidedignas.com.mx\/index.php\/2023\/07\/06\/estoy-tranquilo-dice-rector-de-la-uas-ante-proceso-en-su-contra\/#primaryimage"},"thumbnailUrl":"https:\/\/fuentesfidedignas.com.mx\/wp-content\/uploads\/2023\/07\/FOTO-JESUS-MADUENA-MOLINA.jpg","articleSection":["NOTA PRINCIPAL"],"inLanguage":"es","potentialAction":[{"@type":"CommentAction","name":"Comment","target":["https:\/\/fuentesfidedignas.com.mx\/index.php\/2023\/07\/06\/estoy-tranquilo-dice-rector-de-la-uas-ante-proceso-en-su-contra\/#respond"]}]},{"@type":"WebPage","@id":"https:\/\/fuentesfidedignas.com.mx\/index.php\/2023\/07\/06\/estoy-tranquilo-dice-rector-de-la-uas-ante-proceso-en-su-contra\/","url":"https:\/\/fuentesfidedignas.com.mx\/index.php\/2023\/07\/06\/estoy-tranquilo-dice-rector-de-la-uas-ante-proceso-en-su-contra\/","name":"\"Estoy tranquilo\", dice Rector de la UAS ante proceso en su contra - Fuentes Fidedignas","isPartOf":{"@id":"https:\/\/fuentesfidedignas.com.mx\/#website"},"primaryImageOfPage":{"@id":"https:\/\/fuentesfidedignas.com.mx\/index.php\/2023\/07\/06\/estoy-tranquilo-dice-rector-de-la-uas-ante-proceso-en-su-contra\/#primaryimage"},"image":{"@id":"https:\/\/fuentesfidedignas.com.mx\/index.php\/2023\/07\/06\/estoy-tranquilo-dice-rector-de-la-uas-ante-proceso-en-su-contra\/#primaryimage"},"thumbnailUrl":"https:\/\/fuentesfidedignas.com.mx\/wp-content\/uploads\/2023\/07\/FOTO-JESUS-MADUENA-MOLINA.jpg","datePublished":"2023-07-06T22:43:59+00:00","dateModified":"2023-07-06T23:35:29+00:00","breadcrumb":{"@id":"https:\/\/fuentesfidedignas.com.mx\/index.php\/2023\/07\/06\/estoy-tranquilo-dice-rector-de-la-uas-ante-proceso-en-su-contra\/#breadcrumb"},"inLanguage":"es","potentialAction":[{"@type":"ReadAction","target":["https:\/\/fuentesfidedignas.com.mx\/index.php\/2023\/07\/06\/estoy-tranquilo-dice-rector-de-la-uas-ante-proceso-en-su-contra\/"]}]},{"@type":"ImageObject","inLanguage":"es","@id":"https:\/\/fuentesfidedignas.com.mx\/index.php\/2023\/07\/06\/estoy-tranquilo-dice-rector-de-la-uas-ante-proceso-en-su-contra\/#primaryimage","url":"https:\/\/fuentesfidedignas.com.mx\/wp-content\/uploads\/2023\/07\/FOTO-JESUS-MADUENA-MOLINA.jpg","contentUrl":"https:\/\/fuentesfidedignas.com.mx\/wp-content\/uploads\/2023\/07\/FOTO-JESUS-MADUENA-MOLINA.jpg","width":2000,"height":2000},{"@type":"BreadcrumbList","@id":"https:\/\/fuentesfidedignas.com.mx\/index.php\/2023\/07\/06\/estoy-tranquilo-dice-rector-de-la-uas-ante-proceso-en-su-contra\/#breadcrumb","itemListElement":[{"@type":"ListItem","position":1,"name":"Inicio","item":"https:\/\/fuentesfidedignas.com.mx\/"},{"@type":"ListItem","position":2,"name":"&#8220;Estoy tranquilo&#8221;, dice Rector de la UAS ante proceso en su contra"}]},{"@type":"WebSite","@id":"https:\/\/fuentesfidedignas.com.mx\/#website","url":"https:\/\/fuentesfidedignas.com.mx\/","name":"Fuentes Fidedignas","description":"Otro sitio realizado con WordPress","publisher":{"@id":"https:\/\/fuentesfidedignas.com.mx\/#organization"},"potentialAction":[{"@type":"SearchAction","target":{"@type":"EntryPoint","urlTemplate":"https:\/\/fuentesfidedignas.com.mx\/?s={search_term_string}"},"query-input":{"@type":"PropertyValueSpecification","valueRequired":true,"valueName":"search_term_string"}}],"inLanguage":"es"},{"@type":"Organization","@id":"https:\/\/fuentesfidedignas.com.mx\/#organization","name":"Fuentes Fidedignas","url":"https:\/\/fuentesfidedignas.com.mx\/","logo":{"@type":"ImageObject","inLanguage":"es","@id":"https:\/\/fuentesfidedignas.com.mx\/#\/schema\/logo\/image\/","url":"https:\/\/fuentesfidedignas.com.mx\/wp-content\/uploads\/2021\/04\/logo-retina.png","contentUrl":"https:\/\/fuentesfidedignas.com.mx\/wp-content\/uploads\/2021\/04\/logo-retina.png","width":280,"height":51,"caption":"Fuentes Fidedignas"},"image":{"@id":"https:\/\/fuentesfidedignas.com.mx\/#\/schema\/logo\/image\/"},"sameAs":["https:\/\/www.facebook.com\/Fuentes-Fidedignas-368234489921644","https:\/\/x.com\/fidedignas"]},{"@type":"Person","@id":"https:\/\/fuentesfidedignas.com.mx\/#\/schema\/person\/331be9283d37198e2acd5750279085b0","name":"Redacci\u00f3n","image":{"@type":"ImageObject","inLanguage":"es","@id":"https:\/\/secure.gravatar.com\/avatar\/f6d8782c11d12b2d4ad3fbb6931aeab5309937a4d6cd2fc9cfaa28a6396a5aec?s=96&d=mm&r=g","url":"https:\/\/secure.gravatar.com\/avatar\/f6d8782c11d12b2d4ad3fbb6931aeab5309937a4d6cd2fc9cfaa28a6396a5aec?s=96&d=mm&r=g","contentUrl":"https:\/\/secure.gravatar.com\/avatar\/f6d8782c11d12b2d4ad3fbb6931aeab5309937a4d6cd2fc9cfaa28a6396a5aec?s=96&d=mm&r=g","caption":"Redacci\u00f3n"},"url":"https:\/\/fuentesfidedignas.com.mx\/index.php\/author\/redaccion\/"}]}},"_links":{"self":[{"href":"https:\/\/fuentesfidedignas.com.mx\/index.php\/wp-json\/wp\/v2\/posts\/52094","targetHints":{"allow":["GET"]}}],"collection":[{"href":"https:\/\/fuentesfidedignas.com.mx\/index.php\/wp-json\/wp\/v2\/posts"}],"about":[{"href":"https:\/\/fuentesfidedignas.com.mx\/index.php\/wp-json\/wp\/v2\/types\/post"}],"author":[{"embeddable":true,"href":"https:\/\/fuentesfidedignas.com.mx\/index.php\/wp-json\/wp\/v2\/users\/4"}],"replies":[{"embeddable":true,"href":"https:\/\/fuentesfidedignas.com.mx\/index.php\/wp-json\/wp\/v2\/comments?post=52094"}],"version-history":[{"count":1,"href":"https:\/\/fuentesfidedignas.com.mx\/index.php\/wp-json\/wp\/v2\/posts\/52094\/revisions"}],"predecessor-version":[{"id":52095,"href":"https:\/\/fuentesfidedignas.com.mx\/index.php\/wp-json\/wp\/v2\/posts\/52094\/revisions\/52095"}],"wp:featuredmedia":[{"embeddable":true,"href":"https:\/\/fuentesfidedignas.com.mx\/index.php\/wp-json\/wp\/v2\/media\/52097"}],"wp:attachment":[{"href":"https:\/\/fuentesfidedignas.com.mx\/index.php\/wp-json\/wp\/v2\/media?parent=52094"}],"wp:term":[{"taxonomy":"category","embeddable":true,"href":"https:\/\/fuentesfidedignas.com.mx\/index.php\/wp-json\/wp\/v2\/categories?post=52094"},{"taxonomy":"post_tag","embeddable":true,"href":"https:\/\/fuentesfidedignas.com.mx\/index.php\/wp-json\/wp\/v2\/tags?post=52094"}],"curies":[{"name":"wp","href":"https:\/\/api.w.org\/{rel}","templated":true}]}}