{"id":52086,"date":"2023-07-06T15:32:14","date_gmt":"2023-07-06T22:32:14","guid":{"rendered":"https:\/\/fuentesfidedignas.com.mx\/?p=52086"},"modified":"2023-07-06T15:45:41","modified_gmt":"2023-07-06T22:45:41","slug":"ante-el-presidente-amlo-plantea-rocha-asuntos-de-salud-y-educacion-para-beneficio-de-los-sinaloenses","status":"publish","type":"post","link":"https:\/\/fuentesfidedignas.com.mx\/index.php\/2023\/07\/06\/ante-el-presidente-amlo-plantea-rocha-asuntos-de-salud-y-educacion-para-beneficio-de-los-sinaloenses\/","title":{"rendered":"Ante el presidente AMLO, plantea Rocha asuntos de salud y educaci\u00f3n para beneficio de los sinaloenses"},"content":{"rendered":"\n<p><em><strong>Al encuentro con el presidente asistieron otros gobernadores y gobernadoras, as\u00ed como miembros del gabinete del Gobierno de la Rep\u00fablica<\/strong><\/em><\/p>\n\n\n\n<p><em>Por la tarde presentar\u00e1 ante el secretario de Infraestructura y Comunicaciones algunos proyectos de obras para Mazatl\u00e1n y Culiac\u00e1n<\/em><\/p>\n\n\n\n<p>Ciudad de M\u00e9xico.- El gobernador de Sinaloa, Rub\u00e9n Rocha Moya realiza una productiva gira de trabajo en la Ciudad de M\u00e9xico, en la que destaca la reuni\u00f3n en Palacio Nacional encabezada por el presidente Andr\u00e9s Manuel L\u00f3pez Obrador, principalmente para abordar temas de salud y educaci\u00f3n, en la cual participaron los titulares de las Secretar\u00edas de Gobernaci\u00f3n, Luisa Mar\u00eda Alcalde Luj\u00e1n; de Educaci\u00f3n P\u00fablica, Leticia Ram\u00edrez Amaya; y de Salud, Jorge Alcocer, as\u00ed como 20 gobernadoras y gobernadores de diferentes estados de la Rep\u00fablica.<\/p>\n\n\n\n<p>Acompa\u00f1an en esta gira al gobernador Rub\u00e9n Rocha Moya los secretarios estatales de Salud Dr. Cuitl\u00e1huac Gonz\u00e1lez Galindo; y de Educaci\u00f3n P\u00fablica y Cultura, Lic. Graciela Dom\u00ednguez Nava, mientras que por la tarde, el mandatario estatal se reunir\u00e1 con el secretario de Infraestructura, Comunicaciones y Transportes, Jorge Nu\u00f1o, acompa\u00f1ado por el secretario de Administraci\u00f3n y Finanzas, Enrique D\u00edaz; y de Obras P\u00fablicas, Jos\u00e9 Luis Zavala, para presentar un paquete de proyectos para que sean considerados en el presupuesto federal del 2024, tales como el proyecto de Valle Alto, el Dren Bacurim\u00ed, dos puentes para el caso de las vialidades en Mazatl\u00e1n y el circuito vial perif\u00e9rico para la ciudad de Culiac\u00e1n.<\/p>\n\n\n\n<figure class=\"wp-block-gallery has-nested-images columns-default is-cropped wp-block-gallery-1 is-layout-flex wp-block-gallery-is-layout-flex\">\n<figure class=\"wp-block-image size-large\"><img decoding=\"async\" width=\"768\" height=\"1024\" data-id=\"52088\" src=\"https:\/\/fuentesfidedignas.com.mx\/wp-content\/uploads\/2023\/07\/1000089005-768x1024.jpg\" alt=\"\" class=\"wp-image-52088\" srcset=\"https:\/\/fuentesfidedignas.com.mx\/wp-content\/uploads\/2023\/07\/1000089005-768x1024.jpg 768w, https:\/\/fuentesfidedignas.com.mx\/wp-content\/uploads\/2023\/07\/1000089005-225x300.jpg 225w, https:\/\/fuentesfidedignas.com.mx\/wp-content\/uploads\/2023\/07\/1000089005-1152x1536.jpg 1152w, https:\/\/fuentesfidedignas.com.mx\/wp-content\/uploads\/2023\/07\/1000089005.jpg 1200w\" sizes=\"(max-width: 768px) 100vw, 768px\" \/><\/figure>\n\n\n\n<figure class=\"wp-block-image size-large\"><img decoding=\"async\" width=\"478\" height=\"1024\" data-id=\"52087\" src=\"https:\/\/fuentesfidedignas.com.mx\/wp-content\/uploads\/2023\/07\/1000089004-478x1024.jpg\" alt=\"\" class=\"wp-image-52087\" srcset=\"https:\/\/fuentesfidedignas.com.mx\/wp-content\/uploads\/2023\/07\/1000089004-478x1024.jpg 478w, https:\/\/fuentesfidedignas.com.mx\/wp-content\/uploads\/2023\/07\/1000089004-140x300.jpg 140w, https:\/\/fuentesfidedignas.com.mx\/wp-content\/uploads\/2023\/07\/1000089004-717x1536.jpg 717w, https:\/\/fuentesfidedignas.com.mx\/wp-content\/uploads\/2023\/07\/1000089004.jpg 747w\" sizes=\"(max-width: 478px) 100vw, 478px\" \/><\/figure>\n\n\n\n<figure class=\"wp-block-image size-large\"><img decoding=\"async\" width=\"768\" height=\"1024\" data-id=\"52089\" src=\"https:\/\/fuentesfidedignas.com.mx\/wp-content\/uploads\/2023\/07\/1000089003-768x1024.jpg\" alt=\"\" class=\"wp-image-52089\" srcset=\"https:\/\/fuentesfidedignas.com.mx\/wp-content\/uploads\/2023\/07\/1000089003-768x1024.jpg 768w, https:\/\/fuentesfidedignas.com.mx\/wp-content\/uploads\/2023\/07\/1000089003-225x300.jpg 225w, https:\/\/fuentesfidedignas.com.mx\/wp-content\/uploads\/2023\/07\/1000089003-1152x1536.jpg 1152w, https:\/\/fuentesfidedignas.com.mx\/wp-content\/uploads\/2023\/07\/1000089003.jpg 1200w\" sizes=\"(max-width: 768px) 100vw, 768px\" \/><\/figure>\n<\/figure>\n\n\n\n<p>Previo al encuentro con el presidente L\u00f3pez Obrador, el gobernador Rocha inform\u00f3 que en el encuentro con el Presidente de la Rep\u00fablica se ver\u00edan particularmente temas de infraestructura en materia de salud y aspectos relevantes de la atenci\u00f3n para los sinaloenses en este rubro y, as\u00ed tambi\u00e9n, en distintos aspectos del \u00e1rea de educaci\u00f3n.<\/p>\n\n\n\n<p>Al t\u00e9rmino del encuentro con el presidente L\u00f3pez Obrador, el gobernador Rocha atendi\u00f3 a los medios de comunicaci\u00f3n nacionales acompa\u00f1ado por los gobernadores de Morelos, Cuauht\u00e9moc Blanco; de Baja California Sur, V\u00edctor Manuel Castro Cos\u00edo; y de San Luis Potos\u00ed, Jos\u00e9 Ricardo Gallardo Cardona.<\/p>\n","protected":false},"excerpt":{"rendered":"<p>Al encuentro con el presidente asistieron otros gobernadores y gobernadoras, as\u00ed como miembros del gabinete del Gobierno de la Rep\u00fablica Por la tarde presentar\u00e1 ante el secretario de Infraestructura y Comunicaciones algunos proyectos de obras para Mazatl\u00e1n y Culiac\u00e1n Ciudad de M\u00e9xico.- El gobernador de Sinaloa, Rub\u00e9n Rocha Moya realiza una productiva gira de trabajo [&hellip;]<\/p>\n","protected":false},"author":4,"featured_media":52091,"comment_status":"open","ping_status":"open","sticky":false,"template":"","format":"standard","meta":{"tdm_status":"","tdm_grid_status":"","footnotes":""},"categories":[37,1],"tags":[],"class_list":{"0":"post-52086","1":"post","2":"type-post","3":"status-publish","4":"format-standard","5":"has-post-thumbnail","7":"category-nota-principal","8":"category-sin-categoria"},"yoast_head":"<!-- This site is optimized with the Yoast SEO plugin v27.4 - https:\/\/yoast.com\/product\/yoast-seo-wordpress\/ -->\n<title>Ante el presidente AMLO, plantea Rocha asuntos de salud y educaci\u00f3n para beneficio de los sinaloenses - Fuentes Fidedignas<\/title>\n<meta name=\"robots\" content=\"index, follow, max-snippet:-1, max-image-preview:large, max-video-preview:-1\" \/>\n<link rel=\"canonical\" href=\"https:\/\/fuentesfidedignas.com.mx\/index.php\/2023\/07\/06\/ante-el-presidente-amlo-plantea-rocha-asuntos-de-salud-educacion-para-beneficio-de-los-sinaloenses\/\" \/>\n<meta property=\"og:locale\" content=\"es_MX\" \/>\n<meta property=\"og:type\" content=\"article\" \/>\n<meta property=\"og:title\" content=\"Ante el presidente AMLO, plantea Rocha asuntos de salud y educaci\u00f3n para beneficio de los sinaloenses - Fuentes Fidedignas\" \/>\n<meta property=\"og:description\" content=\"Al encuentro con el presidente asistieron otros gobernadores y gobernadoras, as\u00ed como miembros del gabinete del Gobierno de la Rep\u00fablica Por la tarde presentar\u00e1 ante el secretario de Infraestructura y Comunicaciones algunos proyectos de obras para Mazatl\u00e1n y Culiac\u00e1n Ciudad de M\u00e9xico.- El gobernador de Sinaloa, Rub\u00e9n Rocha Moya realiza una productiva gira de trabajo [&hellip;]\" \/>\n<meta property=\"og:url\" content=\"https:\/\/fuentesfidedignas.com.mx\/index.php\/2023\/07\/06\/ante-el-presidente-amlo-plantea-rocha-asuntos-de-salud-educacion-para-beneficio-de-los-sinaloenses\/\" \/>\n<meta property=\"og:site_name\" content=\"Fuentes Fidedignas\" \/>\n<meta property=\"article:publisher\" content=\"https:\/\/www.facebook.com\/Fuentes-Fidedignas-368234489921644\" \/>\n<meta property=\"article:published_time\" content=\"2023-07-06T22:32:14+00:00\" \/>\n<meta property=\"article:modified_time\" content=\"2023-07-06T22:45:41+00:00\" \/>\n<meta property=\"og:image\" content=\"https:\/\/fuentesfidedignas.com.mx\/wp-content\/uploads\/2023\/07\/IMG-20230706-WA0026.jpg\" \/>\n\t<meta property=\"og:image:width\" content=\"1191\" \/>\n\t<meta property=\"og:image:height\" content=\"921\" \/>\n\t<meta property=\"og:image:type\" content=\"image\/jpeg\" \/>\n<meta name=\"author\" content=\"Redacci\u00f3n\" \/>\n<meta name=\"twitter:card\" content=\"summary_large_image\" \/>\n<meta name=\"twitter:creator\" content=\"@fidedignas\" \/>\n<meta name=\"twitter:site\" content=\"@fidedignas\" \/>\n<meta name=\"twitter:label1\" content=\"Escrito por\" \/>\n\t<meta name=\"twitter:data1\" content=\"Redacci\u00f3n\" \/>\n\t<meta name=\"twitter:label2\" content=\"Tiempo de lectura\" \/>\n\t<meta name=\"twitter:data2\" content=\"3 minutos\" \/>\n<script type=\"application\/ld+json\" class=\"yoast-schema-graph\">{\"@context\":\"https:\\\/\\\/schema.org\",\"@graph\":[{\"@type\":\"Article\",\"@id\":\"https:\\\/\\\/fuentesfidedignas.com.mx\\\/index.php\\\/2023\\\/07\\\/06\\\/ante-el-presidente-amlo-plantea-rocha-asuntos-de-salud-educacion-para-beneficio-de-los-sinaloenses\\\/#article\",\"isPartOf\":{\"@id\":\"https:\\\/\\\/fuentesfidedignas.com.mx\\\/index.php\\\/2023\\\/07\\\/06\\\/ante-el-presidente-amlo-plantea-rocha-asuntos-de-salud-educacion-para-beneficio-de-los-sinaloenses\\\/\"},\"author\":{\"name\":\"Redacci\u00f3n\",\"@id\":\"https:\\\/\\\/fuentesfidedignas.com.mx\\\/#\\\/schema\\\/person\\\/331be9283d37198e2acd5750279085b0\"},\"headline\":\"Ante el presidente AMLO, plantea Rocha asuntos de salud y educaci\u00f3n para beneficio de los sinaloenses\",\"datePublished\":\"2023-07-06T22:32:14+00:00\",\"dateModified\":\"2023-07-06T22:45:41+00:00\",\"mainEntityOfPage\":{\"@id\":\"https:\\\/\\\/fuentesfidedignas.com.mx\\\/index.php\\\/2023\\\/07\\\/06\\\/ante-el-presidente-amlo-plantea-rocha-asuntos-de-salud-educacion-para-beneficio-de-los-sinaloenses\\\/\"},\"wordCount\":394,\"commentCount\":0,\"publisher\":{\"@id\":\"https:\\\/\\\/fuentesfidedignas.com.mx\\\/#organization\"},\"image\":{\"@id\":\"https:\\\/\\\/fuentesfidedignas.com.mx\\\/index.php\\\/2023\\\/07\\\/06\\\/ante-el-presidente-amlo-plantea-rocha-asuntos-de-salud-educacion-para-beneficio-de-los-sinaloenses\\\/#primaryimage\"},\"thumbnailUrl\":\"https:\\\/\\\/fuentesfidedignas.com.mx\\\/wp-content\\\/uploads\\\/2023\\\/07\\\/IMG-20230706-WA0026.jpg\",\"articleSection\":[\"NOTA PRINCIPAL\"],\"inLanguage\":\"es\",\"potentialAction\":[{\"@type\":\"CommentAction\",\"name\":\"Comment\",\"target\":[\"https:\\\/\\\/fuentesfidedignas.com.mx\\\/index.php\\\/2023\\\/07\\\/06\\\/ante-el-presidente-amlo-plantea-rocha-asuntos-de-salud-educacion-para-beneficio-de-los-sinaloenses\\\/#respond\"]}]},{\"@type\":\"WebPage\",\"@id\":\"https:\\\/\\\/fuentesfidedignas.com.mx\\\/index.php\\\/2023\\\/07\\\/06\\\/ante-el-presidente-amlo-plantea-rocha-asuntos-de-salud-educacion-para-beneficio-de-los-sinaloenses\\\/\",\"url\":\"https:\\\/\\\/fuentesfidedignas.com.mx\\\/index.php\\\/2023\\\/07\\\/06\\\/ante-el-presidente-amlo-plantea-rocha-asuntos-de-salud-educacion-para-beneficio-de-los-sinaloenses\\\/\",\"name\":\"Ante el presidente AMLO, plantea Rocha asuntos de salud y educaci\u00f3n para beneficio de los sinaloenses - Fuentes Fidedignas\",\"isPartOf\":{\"@id\":\"https:\\\/\\\/fuentesfidedignas.com.mx\\\/#website\"},\"primaryImageOfPage\":{\"@id\":\"https:\\\/\\\/fuentesfidedignas.com.mx\\\/index.php\\\/2023\\\/07\\\/06\\\/ante-el-presidente-amlo-plantea-rocha-asuntos-de-salud-educacion-para-beneficio-de-los-sinaloenses\\\/#primaryimage\"},\"image\":{\"@id\":\"https:\\\/\\\/fuentesfidedignas.com.mx\\\/index.php\\\/2023\\\/07\\\/06\\\/ante-el-presidente-amlo-plantea-rocha-asuntos-de-salud-educacion-para-beneficio-de-los-sinaloenses\\\/#primaryimage\"},\"thumbnailUrl\":\"https:\\\/\\\/fuentesfidedignas.com.mx\\\/wp-content\\\/uploads\\\/2023\\\/07\\\/IMG-20230706-WA0026.jpg\",\"datePublished\":\"2023-07-06T22:32:14+00:00\",\"dateModified\":\"2023-07-06T22:45:41+00:00\",\"breadcrumb\":{\"@id\":\"https:\\\/\\\/fuentesfidedignas.com.mx\\\/index.php\\\/2023\\\/07\\\/06\\\/ante-el-presidente-amlo-plantea-rocha-asuntos-de-salud-educacion-para-beneficio-de-los-sinaloenses\\\/#breadcrumb\"},\"inLanguage\":\"es\",\"potentialAction\":[{\"@type\":\"ReadAction\",\"target\":[\"https:\\\/\\\/fuentesfidedignas.com.mx\\\/index.php\\\/2023\\\/07\\\/06\\\/ante-el-presidente-amlo-plantea-rocha-asuntos-de-salud-educacion-para-beneficio-de-los-sinaloenses\\\/\"]}]},{\"@type\":\"ImageObject\",\"inLanguage\":\"es\",\"@id\":\"https:\\\/\\\/fuentesfidedignas.com.mx\\\/index.php\\\/2023\\\/07\\\/06\\\/ante-el-presidente-amlo-plantea-rocha-asuntos-de-salud-educacion-para-beneficio-de-los-sinaloenses\\\/#primaryimage\",\"url\":\"https:\\\/\\\/fuentesfidedignas.com.mx\\\/wp-content\\\/uploads\\\/2023\\\/07\\\/IMG-20230706-WA0026.jpg\",\"contentUrl\":\"https:\\\/\\\/fuentesfidedignas.com.mx\\\/wp-content\\\/uploads\\\/2023\\\/07\\\/IMG-20230706-WA0026.jpg\",\"width\":1191,\"height\":921},{\"@type\":\"BreadcrumbList\",\"@id\":\"https:\\\/\\\/fuentesfidedignas.com.mx\\\/index.php\\\/2023\\\/07\\\/06\\\/ante-el-presidente-amlo-plantea-rocha-asuntos-de-salud-educacion-para-beneficio-de-los-sinaloenses\\\/#breadcrumb\",\"itemListElement\":[{\"@type\":\"ListItem\",\"position\":1,\"name\":\"Inicio\",\"item\":\"https:\\\/\\\/fuentesfidedignas.com.mx\\\/\"},{\"@type\":\"ListItem\",\"position\":2,\"name\":\"Ante AMLO, plantea Rocha asuntos de salud y educaci\u00f3n para beneficio de los sinaloenses\"}]},{\"@type\":\"WebSite\",\"@id\":\"https:\\\/\\\/fuentesfidedignas.com.mx\\\/#website\",\"url\":\"https:\\\/\\\/fuentesfidedignas.com.mx\\\/\",\"name\":\"Fuentes Fidedignas\",\"description\":\"Otro sitio realizado con WordPress\",\"publisher\":{\"@id\":\"https:\\\/\\\/fuentesfidedignas.com.mx\\\/#organization\"},\"potentialAction\":[{\"@type\":\"SearchAction\",\"target\":{\"@type\":\"EntryPoint\",\"urlTemplate\":\"https:\\\/\\\/fuentesfidedignas.com.mx\\\/?s={search_term_string}\"},\"query-input\":{\"@type\":\"PropertyValueSpecification\",\"valueRequired\":true,\"valueName\":\"search_term_string\"}}],\"inLanguage\":\"es\"},{\"@type\":\"Organization\",\"@id\":\"https:\\\/\\\/fuentesfidedignas.com.mx\\\/#organization\",\"name\":\"Fuentes Fidedignas\",\"url\":\"https:\\\/\\\/fuentesfidedignas.com.mx\\\/\",\"logo\":{\"@type\":\"ImageObject\",\"inLanguage\":\"es\",\"@id\":\"https:\\\/\\\/fuentesfidedignas.com.mx\\\/#\\\/schema\\\/logo\\\/image\\\/\",\"url\":\"https:\\\/\\\/fuentesfidedignas.com.mx\\\/wp-content\\\/uploads\\\/2021\\\/04\\\/logo-retina.png\",\"contentUrl\":\"https:\\\/\\\/fuentesfidedignas.com.mx\\\/wp-content\\\/uploads\\\/2021\\\/04\\\/logo-retina.png\",\"width\":280,\"height\":51,\"caption\":\"Fuentes Fidedignas\"},\"image\":{\"@id\":\"https:\\\/\\\/fuentesfidedignas.com.mx\\\/#\\\/schema\\\/logo\\\/image\\\/\"},\"sameAs\":[\"https:\\\/\\\/www.facebook.com\\\/Fuentes-Fidedignas-368234489921644\",\"https:\\\/\\\/x.com\\\/fidedignas\"]},{\"@type\":\"Person\",\"@id\":\"https:\\\/\\\/fuentesfidedignas.com.mx\\\/#\\\/schema\\\/person\\\/331be9283d37198e2acd5750279085b0\",\"name\":\"Redacci\u00f3n\",\"image\":{\"@type\":\"ImageObject\",\"inLanguage\":\"es\",\"@id\":\"https:\\\/\\\/secure.gravatar.com\\\/avatar\\\/f6d8782c11d12b2d4ad3fbb6931aeab5309937a4d6cd2fc9cfaa28a6396a5aec?s=96&d=mm&r=g\",\"url\":\"https:\\\/\\\/secure.gravatar.com\\\/avatar\\\/f6d8782c11d12b2d4ad3fbb6931aeab5309937a4d6cd2fc9cfaa28a6396a5aec?s=96&d=mm&r=g\",\"contentUrl\":\"https:\\\/\\\/secure.gravatar.com\\\/avatar\\\/f6d8782c11d12b2d4ad3fbb6931aeab5309937a4d6cd2fc9cfaa28a6396a5aec?s=96&d=mm&r=g\",\"caption\":\"Redacci\u00f3n\"},\"url\":\"https:\\\/\\\/fuentesfidedignas.com.mx\\\/index.php\\\/author\\\/redaccion\\\/\"}]}<\/script>\n<!-- \/ Yoast SEO plugin. -->","yoast_head_json":{"title":"Ante el presidente AMLO, plantea Rocha asuntos de salud y educaci\u00f3n para beneficio de los sinaloenses - Fuentes Fidedignas","robots":{"index":"index","follow":"follow","max-snippet":"max-snippet:-1","max-image-preview":"max-image-preview:large","max-video-preview":"max-video-preview:-1"},"canonical":"https:\/\/fuentesfidedignas.com.mx\/index.php\/2023\/07\/06\/ante-el-presidente-amlo-plantea-rocha-asuntos-de-salud-educacion-para-beneficio-de-los-sinaloenses\/","og_locale":"es_MX","og_type":"article","og_title":"Ante el presidente AMLO, plantea Rocha asuntos de salud y educaci\u00f3n para beneficio de los sinaloenses - Fuentes Fidedignas","og_description":"Al encuentro con el presidente asistieron otros gobernadores y gobernadoras, as\u00ed como miembros del gabinete del Gobierno de la Rep\u00fablica Por la tarde presentar\u00e1 ante el secretario de Infraestructura y Comunicaciones algunos proyectos de obras para Mazatl\u00e1n y Culiac\u00e1n Ciudad de M\u00e9xico.- El gobernador de Sinaloa, Rub\u00e9n Rocha Moya realiza una productiva gira de trabajo [&hellip;]","og_url":"https:\/\/fuentesfidedignas.com.mx\/index.php\/2023\/07\/06\/ante-el-presidente-amlo-plantea-rocha-asuntos-de-salud-educacion-para-beneficio-de-los-sinaloenses\/","og_site_name":"Fuentes Fidedignas","article_publisher":"https:\/\/www.facebook.com\/Fuentes-Fidedignas-368234489921644","article_published_time":"2023-07-06T22:32:14+00:00","article_modified_time":"2023-07-06T22:45:41+00:00","og_image":[{"width":1191,"height":921,"url":"https:\/\/fuentesfidedignas.com.mx\/wp-content\/uploads\/2023\/07\/IMG-20230706-WA0026.jpg","type":"image\/jpeg"}],"author":"Redacci\u00f3n","twitter_card":"summary_large_image","twitter_creator":"@fidedignas","twitter_site":"@fidedignas","twitter_misc":{"Escrito por":"Redacci\u00f3n","Tiempo de lectura":"3 minutos"},"schema":{"@context":"https:\/\/schema.org","@graph":[{"@type":"Article","@id":"https:\/\/fuentesfidedignas.com.mx\/index.php\/2023\/07\/06\/ante-el-presidente-amlo-plantea-rocha-asuntos-de-salud-educacion-para-beneficio-de-los-sinaloenses\/#article","isPartOf":{"@id":"https:\/\/fuentesfidedignas.com.mx\/index.php\/2023\/07\/06\/ante-el-presidente-amlo-plantea-rocha-asuntos-de-salud-educacion-para-beneficio-de-los-sinaloenses\/"},"author":{"name":"Redacci\u00f3n","@id":"https:\/\/fuentesfidedignas.com.mx\/#\/schema\/person\/331be9283d37198e2acd5750279085b0"},"headline":"Ante el presidente AMLO, plantea Rocha asuntos de salud y educaci\u00f3n para beneficio de los sinaloenses","datePublished":"2023-07-06T22:32:14+00:00","dateModified":"2023-07-06T22:45:41+00:00","mainEntityOfPage":{"@id":"https:\/\/fuentesfidedignas.com.mx\/index.php\/2023\/07\/06\/ante-el-presidente-amlo-plantea-rocha-asuntos-de-salud-educacion-para-beneficio-de-los-sinaloenses\/"},"wordCount":394,"commentCount":0,"publisher":{"@id":"https:\/\/fuentesfidedignas.com.mx\/#organization"},"image":{"@id":"https:\/\/fuentesfidedignas.com.mx\/index.php\/2023\/07\/06\/ante-el-presidente-amlo-plantea-rocha-asuntos-de-salud-educacion-para-beneficio-de-los-sinaloenses\/#primaryimage"},"thumbnailUrl":"https:\/\/fuentesfidedignas.com.mx\/wp-content\/uploads\/2023\/07\/IMG-20230706-WA0026.jpg","articleSection":["NOTA PRINCIPAL"],"inLanguage":"es","potentialAction":[{"@type":"CommentAction","name":"Comment","target":["https:\/\/fuentesfidedignas.com.mx\/index.php\/2023\/07\/06\/ante-el-presidente-amlo-plantea-rocha-asuntos-de-salud-educacion-para-beneficio-de-los-sinaloenses\/#respond"]}]},{"@type":"WebPage","@id":"https:\/\/fuentesfidedignas.com.mx\/index.php\/2023\/07\/06\/ante-el-presidente-amlo-plantea-rocha-asuntos-de-salud-educacion-para-beneficio-de-los-sinaloenses\/","url":"https:\/\/fuentesfidedignas.com.mx\/index.php\/2023\/07\/06\/ante-el-presidente-amlo-plantea-rocha-asuntos-de-salud-educacion-para-beneficio-de-los-sinaloenses\/","name":"Ante el presidente AMLO, plantea Rocha asuntos de salud y educaci\u00f3n para beneficio de los sinaloenses - Fuentes Fidedignas","isPartOf":{"@id":"https:\/\/fuentesfidedignas.com.mx\/#website"},"primaryImageOfPage":{"@id":"https:\/\/fuentesfidedignas.com.mx\/index.php\/2023\/07\/06\/ante-el-presidente-amlo-plantea-rocha-asuntos-de-salud-educacion-para-beneficio-de-los-sinaloenses\/#primaryimage"},"image":{"@id":"https:\/\/fuentesfidedignas.com.mx\/index.php\/2023\/07\/06\/ante-el-presidente-amlo-plantea-rocha-asuntos-de-salud-educacion-para-beneficio-de-los-sinaloenses\/#primaryimage"},"thumbnailUrl":"https:\/\/fuentesfidedignas.com.mx\/wp-content\/uploads\/2023\/07\/IMG-20230706-WA0026.jpg","datePublished":"2023-07-06T22:32:14+00:00","dateModified":"2023-07-06T22:45:41+00:00","breadcrumb":{"@id":"https:\/\/fuentesfidedignas.com.mx\/index.php\/2023\/07\/06\/ante-el-presidente-amlo-plantea-rocha-asuntos-de-salud-educacion-para-beneficio-de-los-sinaloenses\/#breadcrumb"},"inLanguage":"es","potentialAction":[{"@type":"ReadAction","target":["https:\/\/fuentesfidedignas.com.mx\/index.php\/2023\/07\/06\/ante-el-presidente-amlo-plantea-rocha-asuntos-de-salud-educacion-para-beneficio-de-los-sinaloenses\/"]}]},{"@type":"ImageObject","inLanguage":"es","@id":"https:\/\/fuentesfidedignas.com.mx\/index.php\/2023\/07\/06\/ante-el-presidente-amlo-plantea-rocha-asuntos-de-salud-educacion-para-beneficio-de-los-sinaloenses\/#primaryimage","url":"https:\/\/fuentesfidedignas.com.mx\/wp-content\/uploads\/2023\/07\/IMG-20230706-WA0026.jpg","contentUrl":"https:\/\/fuentesfidedignas.com.mx\/wp-content\/uploads\/2023\/07\/IMG-20230706-WA0026.jpg","width":1191,"height":921},{"@type":"BreadcrumbList","@id":"https:\/\/fuentesfidedignas.com.mx\/index.php\/2023\/07\/06\/ante-el-presidente-amlo-plantea-rocha-asuntos-de-salud-educacion-para-beneficio-de-los-sinaloenses\/#breadcrumb","itemListElement":[{"@type":"ListItem","position":1,"name":"Inicio","item":"https:\/\/fuentesfidedignas.com.mx\/"},{"@type":"ListItem","position":2,"name":"Ante AMLO, plantea Rocha asuntos de salud y educaci\u00f3n para beneficio de los sinaloenses"}]},{"@type":"WebSite","@id":"https:\/\/fuentesfidedignas.com.mx\/#website","url":"https:\/\/fuentesfidedignas.com.mx\/","name":"Fuentes Fidedignas","description":"Otro sitio realizado con WordPress","publisher":{"@id":"https:\/\/fuentesfidedignas.com.mx\/#organization"},"potentialAction":[{"@type":"SearchAction","target":{"@type":"EntryPoint","urlTemplate":"https:\/\/fuentesfidedignas.com.mx\/?s={search_term_string}"},"query-input":{"@type":"PropertyValueSpecification","valueRequired":true,"valueName":"search_term_string"}}],"inLanguage":"es"},{"@type":"Organization","@id":"https:\/\/fuentesfidedignas.com.mx\/#organization","name":"Fuentes Fidedignas","url":"https:\/\/fuentesfidedignas.com.mx\/","logo":{"@type":"ImageObject","inLanguage":"es","@id":"https:\/\/fuentesfidedignas.com.mx\/#\/schema\/logo\/image\/","url":"https:\/\/fuentesfidedignas.com.mx\/wp-content\/uploads\/2021\/04\/logo-retina.png","contentUrl":"https:\/\/fuentesfidedignas.com.mx\/wp-content\/uploads\/2021\/04\/logo-retina.png","width":280,"height":51,"caption":"Fuentes Fidedignas"},"image":{"@id":"https:\/\/fuentesfidedignas.com.mx\/#\/schema\/logo\/image\/"},"sameAs":["https:\/\/www.facebook.com\/Fuentes-Fidedignas-368234489921644","https:\/\/x.com\/fidedignas"]},{"@type":"Person","@id":"https:\/\/fuentesfidedignas.com.mx\/#\/schema\/person\/331be9283d37198e2acd5750279085b0","name":"Redacci\u00f3n","image":{"@type":"ImageObject","inLanguage":"es","@id":"https:\/\/secure.gravatar.com\/avatar\/f6d8782c11d12b2d4ad3fbb6931aeab5309937a4d6cd2fc9cfaa28a6396a5aec?s=96&d=mm&r=g","url":"https:\/\/secure.gravatar.com\/avatar\/f6d8782c11d12b2d4ad3fbb6931aeab5309937a4d6cd2fc9cfaa28a6396a5aec?s=96&d=mm&r=g","contentUrl":"https:\/\/secure.gravatar.com\/avatar\/f6d8782c11d12b2d4ad3fbb6931aeab5309937a4d6cd2fc9cfaa28a6396a5aec?s=96&d=mm&r=g","caption":"Redacci\u00f3n"},"url":"https:\/\/fuentesfidedignas.com.mx\/index.php\/author\/redaccion\/"}]}},"_links":{"self":[{"href":"https:\/\/fuentesfidedignas.com.mx\/index.php\/wp-json\/wp\/v2\/posts\/52086","targetHints":{"allow":["GET"]}}],"collection":[{"href":"https:\/\/fuentesfidedignas.com.mx\/index.php\/wp-json\/wp\/v2\/posts"}],"about":[{"href":"https:\/\/fuentesfidedignas.com.mx\/index.php\/wp-json\/wp\/v2\/types\/post"}],"author":[{"embeddable":true,"href":"https:\/\/fuentesfidedignas.com.mx\/index.php\/wp-json\/wp\/v2\/users\/4"}],"replies":[{"embeddable":true,"href":"https:\/\/fuentesfidedignas.com.mx\/index.php\/wp-json\/wp\/v2\/comments?post=52086"}],"version-history":[{"count":3,"href":"https:\/\/fuentesfidedignas.com.mx\/index.php\/wp-json\/wp\/v2\/posts\/52086\/revisions"}],"predecessor-version":[{"id":52096,"href":"https:\/\/fuentesfidedignas.com.mx\/index.php\/wp-json\/wp\/v2\/posts\/52086\/revisions\/52096"}],"wp:featuredmedia":[{"embeddable":true,"href":"https:\/\/fuentesfidedignas.com.mx\/index.php\/wp-json\/wp\/v2\/media\/52091"}],"wp:attachment":[{"href":"https:\/\/fuentesfidedignas.com.mx\/index.php\/wp-json\/wp\/v2\/media?parent=52086"}],"wp:term":[{"taxonomy":"category","embeddable":true,"href":"https:\/\/fuentesfidedignas.com.mx\/index.php\/wp-json\/wp\/v2\/categories?post=52086"},{"taxonomy":"post_tag","embeddable":true,"href":"https:\/\/fuentesfidedignas.com.mx\/index.php\/wp-json\/wp\/v2\/tags?post=52086"}],"curies":[{"name":"wp","href":"https:\/\/api.w.org\/{rel}","templated":true}]}}