{"id":52083,"date":"2023-07-06T13:48:06","date_gmt":"2023-07-06T20:48:06","guid":{"rendered":"https:\/\/fuentesfidedignas.com.mx\/?p=52083"},"modified":"2023-07-06T15:50:49","modified_gmt":"2023-07-06T22:50:49","slug":"banxico-avisa-que-mantendra-la-tasa-de-interes-actual-por-tiempo-prolongado","status":"publish","type":"post","link":"https:\/\/fuentesfidedignas.com.mx\/index.php\/2023\/07\/06\/banxico-avisa-que-mantendra-la-tasa-de-interes-actual-por-tiempo-prolongado\/","title":{"rendered":"Banxico avisa que mantendr\u00e1 la tasa de inter\u00e9s actual por tiempo \u201cprolongado\u201d"},"content":{"rendered":"\n<p><strong><em>El Banco de M\u00e9xico (Banxico) mantuvo el pasado 22 de junio la tasa de inter\u00e9s en 11.25 %, su nivel m\u00e1s alto en la historia<\/em><\/strong><\/p>\n\n\n\n<p>Ciudad de M\u00e9xico. El\u00a0<a href=\"https:\/\/www.banxico.org.mx\/\" target=\"_blank\" rel=\"noreferrer noopener\"><strong>Banco de M\u00e9xico<\/strong><\/a>\u00a0(<strong>Banxico<\/strong>) considera necesario mantener la\u00a0<strong>tasa de inter\u00e9s<\/strong>\u00a0en\u00a0<a href=\"https:\/\/lopezdoriga.com\/economia-y-finanzas\/banxico-mantiene-tasa-de-interes-segunda-vez\/\" target=\"_blank\" rel=\"noreferrer noopener\"><strong>11.25 por ciento<\/strong><\/a>, su nivel m\u00e1s alto en la historia, durante un \u201c<strong>periodo prolongado<\/strong>\u201d pese a la desaceleraci\u00f3n de la\u00a0<strong>inflaci\u00f3n<\/strong>, seg\u00fan revel\u00f3 este jueves una minuta de su Junta de Gobierno.<\/p>\n\n\n\n<blockquote class=\"wp-block-quote is-layout-flow wp-block-quote-is-layout-flow\">\n<p>Para lograr la convergencia ordenada y sostenida de la inflaci\u00f3n general a la meta de 3 por ciento, (la Junta de Gobierno) considera que ser\u00e1 necesario mantener la tasa de referencia en su nivel actual durante un periodo prolongado\u201d, indic\u00f3 el texto del banco central.<\/p>\n<\/blockquote>\n\n\n\n<p>Los miembros del Banxico estimaron que \u201cel panorama inflacionario ser\u00e1 complicado e incierto a lo largo de todo el horizonte de pron\u00f3stico, con riesgos al alza\u201d.<\/p>\n\n\n\n<p>Pese a resaltar que \u201cdiversas presiones inflacionarias han estado mitig\u00e1ndose\u201d, los integrantes del organismo aut\u00f3nomo reconocieron que el balance de riesgos de la trayectoria prevista para la inflaci\u00f3n \u201cse mantiene sesgado al alza\u201d.<\/p>\n\n\n\n<figure class=\"wp-block-embed is-type-rich is-provider-twitter wp-block-embed-twitter\"><div class=\"wp-block-embed__wrapper\">\n<blockquote class=\"twitter-tweet\" data-width=\"550\" data-dnt=\"true\"><p lang=\"es\" dir=\"ltr\">El <a href=\"https:\/\/twitter.com\/hashtag\/BancodeM%C3%A9xico?src=hash&amp;ref_src=twsrc%5Etfw\">#BancodeM\u00e9xico<\/a> public\u00f3 hoy la <a href=\"https:\/\/twitter.com\/hashtag\/MinutaBanxico?src=hash&amp;ref_src=twsrc%5Etfw\">#MinutaBanxico<\/a> con motivo de la decisi\u00f3n de pol\u00edtica monetaria anunciada el 22 de junio de 2023. Consulte aqu\u00ed el documento:\u00a0<a href=\"https:\/\/t.co\/sgBrjvSrih\">https:\/\/t.co\/sgBrjvSrih<\/a> <a href=\"https:\/\/t.co\/cbmJVDQ2wM\">pic.twitter.com\/cbmJVDQ2wM<\/a><\/p>&mdash; Banco de M\u00e9xico (@Banxico) <a href=\"https:\/\/twitter.com\/Banxico\/status\/1676969481393012746?ref_src=twsrc%5Etfw\">July 6, 2023<\/a><\/blockquote><script async src=\"https:\/\/platform.twitter.com\/widgets.js\" charset=\"utf-8\"><\/script>\n<\/div><\/figure>\n\n\n\n<p>La minuta corresponde a la reuni\u00f3n del 22 de junio, cuando la Junta de Gobierno mantuvo sin cambios, por segunda vez consecutiva, la tasa de inter\u00e9s en 11.25 por ciento, el mayor nivel en su historia, en una decisi\u00f3n que refleja el fin de su periodo alcista.<\/p>\n\n\n\n<p>El reporte se publica un d\u00eda antes de divulgarse la inflaci\u00f3n general de junio de 2023, el cierre de la primera mitad del a\u00f1o, despu\u00e9s de que la tasa baj\u00f3 al 5.84 por ciento anual en mayo, su menor nivel desde agosto de 2021.<\/p>\n\n\n\n<p>En la sesi\u00f3n, el Banxico previ\u00f3 que la inflaci\u00f3n general promedie un 4,6 % anual en el \u00faltimo trimestre de 2023 tras la expectativa anterior de 4.7 por ciento.<\/p>\n","protected":false},"excerpt":{"rendered":"<p>El Banco de M\u00e9xico (Banxico) mantuvo el pasado 22 de junio la tasa de inter\u00e9s en 11.25 %, su nivel m\u00e1s alto en la historia Ciudad de M\u00e9xico. El\u00a0Banco de M\u00e9xico\u00a0(Banxico) considera necesario mantener la\u00a0tasa de inter\u00e9s\u00a0en\u00a011.25 por ciento, su nivel m\u00e1s alto en la historia, durante un \u201cperiodo prolongado\u201d pese a la desaceleraci\u00f3n de [&hellip;]<\/p>\n","protected":false},"author":47,"featured_media":52085,"comment_status":"open","ping_status":"open","sticky":false,"template":"","format":"standard","meta":{"tdm_status":"","tdm_grid_status":"","footnotes":""},"categories":[39,1],"tags":[],"class_list":{"0":"post-52083","1":"post","2":"type-post","3":"status-publish","4":"format-standard","5":"has-post-thumbnail","7":"category-noticias-nacionales","8":"category-sin-categoria"},"yoast_head":"<!-- This site is optimized with the Yoast SEO plugin v27.4 - https:\/\/yoast.com\/product\/yoast-seo-wordpress\/ -->\n<title>Banxico avisa que mantendr\u00e1 la tasa de inter\u00e9s actual por tiempo \u201cprolongado\u201d - Fuentes Fidedignas<\/title>\n<meta name=\"robots\" content=\"index, follow, max-snippet:-1, max-image-preview:large, max-video-preview:-1\" \/>\n<link rel=\"canonical\" href=\"https:\/\/fuentesfidedignas.com.mx\/index.php\/2023\/07\/06\/banxico-avisa-que-mantendra-la-tasa-de-interes-actual-por-tiempo-prolongado\/\" \/>\n<meta property=\"og:locale\" content=\"es_MX\" \/>\n<meta property=\"og:type\" content=\"article\" \/>\n<meta property=\"og:title\" content=\"Banxico avisa que mantendr\u00e1 la tasa de inter\u00e9s actual por tiempo \u201cprolongado\u201d - Fuentes Fidedignas\" \/>\n<meta property=\"og:description\" content=\"El Banco de M\u00e9xico (Banxico) mantuvo el pasado 22 de junio la tasa de inter\u00e9s en 11.25 %, su nivel m\u00e1s alto en la historia Ciudad de M\u00e9xico. El\u00a0Banco de M\u00e9xico\u00a0(Banxico) considera necesario mantener la\u00a0tasa de inter\u00e9s\u00a0en\u00a011.25 por ciento, su nivel m\u00e1s alto en la historia, durante un \u201cperiodo prolongado\u201d pese a la desaceleraci\u00f3n de [&hellip;]\" \/>\n<meta property=\"og:url\" content=\"https:\/\/fuentesfidedignas.com.mx\/index.php\/2023\/07\/06\/banxico-avisa-que-mantendra-la-tasa-de-interes-actual-por-tiempo-prolongado\/\" \/>\n<meta property=\"og:site_name\" content=\"Fuentes Fidedignas\" \/>\n<meta property=\"article:publisher\" content=\"https:\/\/www.facebook.com\/Fuentes-Fidedignas-368234489921644\" \/>\n<meta property=\"article:published_time\" content=\"2023-07-06T20:48:06+00:00\" \/>\n<meta property=\"article:modified_time\" content=\"2023-07-06T22:50:49+00:00\" \/>\n<meta property=\"og:image\" content=\"https:\/\/fuentesfidedignas.com.mx\/wp-content\/uploads\/2023\/07\/banxico.jpg\" \/>\n\t<meta property=\"og:image:width\" content=\"1200\" \/>\n\t<meta property=\"og:image:height\" content=\"675\" \/>\n\t<meta property=\"og:image:type\" content=\"image\/jpeg\" \/>\n<meta name=\"author\" content=\"L\u00f3pez D\u00f3riga\" \/>\n<meta name=\"twitter:card\" content=\"summary_large_image\" \/>\n<meta name=\"twitter:creator\" content=\"@fidedignas\" \/>\n<meta name=\"twitter:site\" content=\"@fidedignas\" \/>\n<meta name=\"twitter:label1\" content=\"Escrito por\" \/>\n\t<meta name=\"twitter:data1\" content=\"L\u00f3pez D\u00f3riga\" \/>\n\t<meta name=\"twitter:label2\" content=\"Tiempo de lectura\" \/>\n\t<meta name=\"twitter:data2\" content=\"2 minutos\" \/>\n<script type=\"application\/ld+json\" class=\"yoast-schema-graph\">{\"@context\":\"https:\\\/\\\/schema.org\",\"@graph\":[{\"@type\":\"Article\",\"@id\":\"https:\\\/\\\/fuentesfidedignas.com.mx\\\/index.php\\\/2023\\\/07\\\/06\\\/banxico-avisa-que-mantendra-la-tasa-de-interes-actual-por-tiempo-prolongado\\\/#article\",\"isPartOf\":{\"@id\":\"https:\\\/\\\/fuentesfidedignas.com.mx\\\/index.php\\\/2023\\\/07\\\/06\\\/banxico-avisa-que-mantendra-la-tasa-de-interes-actual-por-tiempo-prolongado\\\/\"},\"author\":{\"name\":\"L\u00f3pez D\u00f3riga\",\"@id\":\"https:\\\/\\\/fuentesfidedignas.com.mx\\\/#\\\/schema\\\/person\\\/67d852f0557c8509146a4b9ddebd543a\"},\"headline\":\"Banxico avisa que mantendr\u00e1 la tasa de inter\u00e9s actual por tiempo \u201cprolongado\u201d\",\"datePublished\":\"2023-07-06T20:48:06+00:00\",\"dateModified\":\"2023-07-06T22:50:49+00:00\",\"mainEntityOfPage\":{\"@id\":\"https:\\\/\\\/fuentesfidedignas.com.mx\\\/index.php\\\/2023\\\/07\\\/06\\\/banxico-avisa-que-mantendra-la-tasa-de-interes-actual-por-tiempo-prolongado\\\/\"},\"wordCount\":333,\"commentCount\":0,\"publisher\":{\"@id\":\"https:\\\/\\\/fuentesfidedignas.com.mx\\\/#organization\"},\"image\":{\"@id\":\"https:\\\/\\\/fuentesfidedignas.com.mx\\\/index.php\\\/2023\\\/07\\\/06\\\/banxico-avisa-que-mantendra-la-tasa-de-interes-actual-por-tiempo-prolongado\\\/#primaryimage\"},\"thumbnailUrl\":\"https:\\\/\\\/fuentesfidedignas.com.mx\\\/wp-content\\\/uploads\\\/2023\\\/07\\\/banxico.jpg\",\"articleSection\":[\"NOTICIAS NACIONALES\"],\"inLanguage\":\"es\",\"potentialAction\":[{\"@type\":\"CommentAction\",\"name\":\"Comment\",\"target\":[\"https:\\\/\\\/fuentesfidedignas.com.mx\\\/index.php\\\/2023\\\/07\\\/06\\\/banxico-avisa-que-mantendra-la-tasa-de-interes-actual-por-tiempo-prolongado\\\/#respond\"]}]},{\"@type\":\"WebPage\",\"@id\":\"https:\\\/\\\/fuentesfidedignas.com.mx\\\/index.php\\\/2023\\\/07\\\/06\\\/banxico-avisa-que-mantendra-la-tasa-de-interes-actual-por-tiempo-prolongado\\\/\",\"url\":\"https:\\\/\\\/fuentesfidedignas.com.mx\\\/index.php\\\/2023\\\/07\\\/06\\\/banxico-avisa-que-mantendra-la-tasa-de-interes-actual-por-tiempo-prolongado\\\/\",\"name\":\"Banxico avisa que mantendr\u00e1 la tasa de inter\u00e9s actual por tiempo \u201cprolongado\u201d - Fuentes Fidedignas\",\"isPartOf\":{\"@id\":\"https:\\\/\\\/fuentesfidedignas.com.mx\\\/#website\"},\"primaryImageOfPage\":{\"@id\":\"https:\\\/\\\/fuentesfidedignas.com.mx\\\/index.php\\\/2023\\\/07\\\/06\\\/banxico-avisa-que-mantendra-la-tasa-de-interes-actual-por-tiempo-prolongado\\\/#primaryimage\"},\"image\":{\"@id\":\"https:\\\/\\\/fuentesfidedignas.com.mx\\\/index.php\\\/2023\\\/07\\\/06\\\/banxico-avisa-que-mantendra-la-tasa-de-interes-actual-por-tiempo-prolongado\\\/#primaryimage\"},\"thumbnailUrl\":\"https:\\\/\\\/fuentesfidedignas.com.mx\\\/wp-content\\\/uploads\\\/2023\\\/07\\\/banxico.jpg\",\"datePublished\":\"2023-07-06T20:48:06+00:00\",\"dateModified\":\"2023-07-06T22:50:49+00:00\",\"breadcrumb\":{\"@id\":\"https:\\\/\\\/fuentesfidedignas.com.mx\\\/index.php\\\/2023\\\/07\\\/06\\\/banxico-avisa-que-mantendra-la-tasa-de-interes-actual-por-tiempo-prolongado\\\/#breadcrumb\"},\"inLanguage\":\"es\",\"potentialAction\":[{\"@type\":\"ReadAction\",\"target\":[\"https:\\\/\\\/fuentesfidedignas.com.mx\\\/index.php\\\/2023\\\/07\\\/06\\\/banxico-avisa-que-mantendra-la-tasa-de-interes-actual-por-tiempo-prolongado\\\/\"]}]},{\"@type\":\"ImageObject\",\"inLanguage\":\"es\",\"@id\":\"https:\\\/\\\/fuentesfidedignas.com.mx\\\/index.php\\\/2023\\\/07\\\/06\\\/banxico-avisa-que-mantendra-la-tasa-de-interes-actual-por-tiempo-prolongado\\\/#primaryimage\",\"url\":\"https:\\\/\\\/fuentesfidedignas.com.mx\\\/wp-content\\\/uploads\\\/2023\\\/07\\\/banxico.jpg\",\"contentUrl\":\"https:\\\/\\\/fuentesfidedignas.com.mx\\\/wp-content\\\/uploads\\\/2023\\\/07\\\/banxico.jpg\",\"width\":1200,\"height\":675},{\"@type\":\"BreadcrumbList\",\"@id\":\"https:\\\/\\\/fuentesfidedignas.com.mx\\\/index.php\\\/2023\\\/07\\\/06\\\/banxico-avisa-que-mantendra-la-tasa-de-interes-actual-por-tiempo-prolongado\\\/#breadcrumb\",\"itemListElement\":[{\"@type\":\"ListItem\",\"position\":1,\"name\":\"Inicio\",\"item\":\"https:\\\/\\\/fuentesfidedignas.com.mx\\\/\"},{\"@type\":\"ListItem\",\"position\":2,\"name\":\"Banxico avisa que mantendr\u00e1 la tasa de inter\u00e9s actual por tiempo \u201cprolongado\u201d\"}]},{\"@type\":\"WebSite\",\"@id\":\"https:\\\/\\\/fuentesfidedignas.com.mx\\\/#website\",\"url\":\"https:\\\/\\\/fuentesfidedignas.com.mx\\\/\",\"name\":\"Fuentes Fidedignas\",\"description\":\"Otro sitio realizado con WordPress\",\"publisher\":{\"@id\":\"https:\\\/\\\/fuentesfidedignas.com.mx\\\/#organization\"},\"potentialAction\":[{\"@type\":\"SearchAction\",\"target\":{\"@type\":\"EntryPoint\",\"urlTemplate\":\"https:\\\/\\\/fuentesfidedignas.com.mx\\\/?s={search_term_string}\"},\"query-input\":{\"@type\":\"PropertyValueSpecification\",\"valueRequired\":true,\"valueName\":\"search_term_string\"}}],\"inLanguage\":\"es\"},{\"@type\":\"Organization\",\"@id\":\"https:\\\/\\\/fuentesfidedignas.com.mx\\\/#organization\",\"name\":\"Fuentes Fidedignas\",\"url\":\"https:\\\/\\\/fuentesfidedignas.com.mx\\\/\",\"logo\":{\"@type\":\"ImageObject\",\"inLanguage\":\"es\",\"@id\":\"https:\\\/\\\/fuentesfidedignas.com.mx\\\/#\\\/schema\\\/logo\\\/image\\\/\",\"url\":\"https:\\\/\\\/fuentesfidedignas.com.mx\\\/wp-content\\\/uploads\\\/2021\\\/04\\\/logo-retina.png\",\"contentUrl\":\"https:\\\/\\\/fuentesfidedignas.com.mx\\\/wp-content\\\/uploads\\\/2021\\\/04\\\/logo-retina.png\",\"width\":280,\"height\":51,\"caption\":\"Fuentes Fidedignas\"},\"image\":{\"@id\":\"https:\\\/\\\/fuentesfidedignas.com.mx\\\/#\\\/schema\\\/logo\\\/image\\\/\"},\"sameAs\":[\"https:\\\/\\\/www.facebook.com\\\/Fuentes-Fidedignas-368234489921644\",\"https:\\\/\\\/x.com\\\/fidedignas\"]},{\"@type\":\"Person\",\"@id\":\"https:\\\/\\\/fuentesfidedignas.com.mx\\\/#\\\/schema\\\/person\\\/67d852f0557c8509146a4b9ddebd543a\",\"name\":\"L\u00f3pez D\u00f3riga\",\"image\":{\"@type\":\"ImageObject\",\"inLanguage\":\"es\",\"@id\":\"https:\\\/\\\/secure.gravatar.com\\\/avatar\\\/e525b06574ca18b33cded59dfe5778d6c823b9513154eff47da551b0551bdd1e?s=96&d=mm&r=g\",\"url\":\"https:\\\/\\\/secure.gravatar.com\\\/avatar\\\/e525b06574ca18b33cded59dfe5778d6c823b9513154eff47da551b0551bdd1e?s=96&d=mm&r=g\",\"contentUrl\":\"https:\\\/\\\/secure.gravatar.com\\\/avatar\\\/e525b06574ca18b33cded59dfe5778d6c823b9513154eff47da551b0551bdd1e?s=96&d=mm&r=g\",\"caption\":\"L\u00f3pez D\u00f3riga\"},\"url\":\"https:\\\/\\\/fuentesfidedignas.com.mx\\\/index.php\\\/author\\\/doriga\\\/\"}]}<\/script>\n<!-- \/ Yoast SEO plugin. -->","yoast_head_json":{"title":"Banxico avisa que mantendr\u00e1 la tasa de inter\u00e9s actual por tiempo \u201cprolongado\u201d - Fuentes Fidedignas","robots":{"index":"index","follow":"follow","max-snippet":"max-snippet:-1","max-image-preview":"max-image-preview:large","max-video-preview":"max-video-preview:-1"},"canonical":"https:\/\/fuentesfidedignas.com.mx\/index.php\/2023\/07\/06\/banxico-avisa-que-mantendra-la-tasa-de-interes-actual-por-tiempo-prolongado\/","og_locale":"es_MX","og_type":"article","og_title":"Banxico avisa que mantendr\u00e1 la tasa de inter\u00e9s actual por tiempo \u201cprolongado\u201d - Fuentes Fidedignas","og_description":"El Banco de M\u00e9xico (Banxico) mantuvo el pasado 22 de junio la tasa de inter\u00e9s en 11.25 %, su nivel m\u00e1s alto en la historia Ciudad de M\u00e9xico. El\u00a0Banco de M\u00e9xico\u00a0(Banxico) considera necesario mantener la\u00a0tasa de inter\u00e9s\u00a0en\u00a011.25 por ciento, su nivel m\u00e1s alto en la historia, durante un \u201cperiodo prolongado\u201d pese a la desaceleraci\u00f3n de [&hellip;]","og_url":"https:\/\/fuentesfidedignas.com.mx\/index.php\/2023\/07\/06\/banxico-avisa-que-mantendra-la-tasa-de-interes-actual-por-tiempo-prolongado\/","og_site_name":"Fuentes Fidedignas","article_publisher":"https:\/\/www.facebook.com\/Fuentes-Fidedignas-368234489921644","article_published_time":"2023-07-06T20:48:06+00:00","article_modified_time":"2023-07-06T22:50:49+00:00","og_image":[{"width":1200,"height":675,"url":"https:\/\/fuentesfidedignas.com.mx\/wp-content\/uploads\/2023\/07\/banxico.jpg","type":"image\/jpeg"}],"author":"L\u00f3pez D\u00f3riga","twitter_card":"summary_large_image","twitter_creator":"@fidedignas","twitter_site":"@fidedignas","twitter_misc":{"Escrito por":"L\u00f3pez D\u00f3riga","Tiempo de lectura":"2 minutos"},"schema":{"@context":"https:\/\/schema.org","@graph":[{"@type":"Article","@id":"https:\/\/fuentesfidedignas.com.mx\/index.php\/2023\/07\/06\/banxico-avisa-que-mantendra-la-tasa-de-interes-actual-por-tiempo-prolongado\/#article","isPartOf":{"@id":"https:\/\/fuentesfidedignas.com.mx\/index.php\/2023\/07\/06\/banxico-avisa-que-mantendra-la-tasa-de-interes-actual-por-tiempo-prolongado\/"},"author":{"name":"L\u00f3pez D\u00f3riga","@id":"https:\/\/fuentesfidedignas.com.mx\/#\/schema\/person\/67d852f0557c8509146a4b9ddebd543a"},"headline":"Banxico avisa que mantendr\u00e1 la tasa de inter\u00e9s actual por tiempo \u201cprolongado\u201d","datePublished":"2023-07-06T20:48:06+00:00","dateModified":"2023-07-06T22:50:49+00:00","mainEntityOfPage":{"@id":"https:\/\/fuentesfidedignas.com.mx\/index.php\/2023\/07\/06\/banxico-avisa-que-mantendra-la-tasa-de-interes-actual-por-tiempo-prolongado\/"},"wordCount":333,"commentCount":0,"publisher":{"@id":"https:\/\/fuentesfidedignas.com.mx\/#organization"},"image":{"@id":"https:\/\/fuentesfidedignas.com.mx\/index.php\/2023\/07\/06\/banxico-avisa-que-mantendra-la-tasa-de-interes-actual-por-tiempo-prolongado\/#primaryimage"},"thumbnailUrl":"https:\/\/fuentesfidedignas.com.mx\/wp-content\/uploads\/2023\/07\/banxico.jpg","articleSection":["NOTICIAS NACIONALES"],"inLanguage":"es","potentialAction":[{"@type":"CommentAction","name":"Comment","target":["https:\/\/fuentesfidedignas.com.mx\/index.php\/2023\/07\/06\/banxico-avisa-que-mantendra-la-tasa-de-interes-actual-por-tiempo-prolongado\/#respond"]}]},{"@type":"WebPage","@id":"https:\/\/fuentesfidedignas.com.mx\/index.php\/2023\/07\/06\/banxico-avisa-que-mantendra-la-tasa-de-interes-actual-por-tiempo-prolongado\/","url":"https:\/\/fuentesfidedignas.com.mx\/index.php\/2023\/07\/06\/banxico-avisa-que-mantendra-la-tasa-de-interes-actual-por-tiempo-prolongado\/","name":"Banxico avisa que mantendr\u00e1 la tasa de inter\u00e9s actual por tiempo \u201cprolongado\u201d - Fuentes Fidedignas","isPartOf":{"@id":"https:\/\/fuentesfidedignas.com.mx\/#website"},"primaryImageOfPage":{"@id":"https:\/\/fuentesfidedignas.com.mx\/index.php\/2023\/07\/06\/banxico-avisa-que-mantendra-la-tasa-de-interes-actual-por-tiempo-prolongado\/#primaryimage"},"image":{"@id":"https:\/\/fuentesfidedignas.com.mx\/index.php\/2023\/07\/06\/banxico-avisa-que-mantendra-la-tasa-de-interes-actual-por-tiempo-prolongado\/#primaryimage"},"thumbnailUrl":"https:\/\/fuentesfidedignas.com.mx\/wp-content\/uploads\/2023\/07\/banxico.jpg","datePublished":"2023-07-06T20:48:06+00:00","dateModified":"2023-07-06T22:50:49+00:00","breadcrumb":{"@id":"https:\/\/fuentesfidedignas.com.mx\/index.php\/2023\/07\/06\/banxico-avisa-que-mantendra-la-tasa-de-interes-actual-por-tiempo-prolongado\/#breadcrumb"},"inLanguage":"es","potentialAction":[{"@type":"ReadAction","target":["https:\/\/fuentesfidedignas.com.mx\/index.php\/2023\/07\/06\/banxico-avisa-que-mantendra-la-tasa-de-interes-actual-por-tiempo-prolongado\/"]}]},{"@type":"ImageObject","inLanguage":"es","@id":"https:\/\/fuentesfidedignas.com.mx\/index.php\/2023\/07\/06\/banxico-avisa-que-mantendra-la-tasa-de-interes-actual-por-tiempo-prolongado\/#primaryimage","url":"https:\/\/fuentesfidedignas.com.mx\/wp-content\/uploads\/2023\/07\/banxico.jpg","contentUrl":"https:\/\/fuentesfidedignas.com.mx\/wp-content\/uploads\/2023\/07\/banxico.jpg","width":1200,"height":675},{"@type":"BreadcrumbList","@id":"https:\/\/fuentesfidedignas.com.mx\/index.php\/2023\/07\/06\/banxico-avisa-que-mantendra-la-tasa-de-interes-actual-por-tiempo-prolongado\/#breadcrumb","itemListElement":[{"@type":"ListItem","position":1,"name":"Inicio","item":"https:\/\/fuentesfidedignas.com.mx\/"},{"@type":"ListItem","position":2,"name":"Banxico avisa que mantendr\u00e1 la tasa de inter\u00e9s actual por tiempo \u201cprolongado\u201d"}]},{"@type":"WebSite","@id":"https:\/\/fuentesfidedignas.com.mx\/#website","url":"https:\/\/fuentesfidedignas.com.mx\/","name":"Fuentes Fidedignas","description":"Otro sitio realizado con WordPress","publisher":{"@id":"https:\/\/fuentesfidedignas.com.mx\/#organization"},"potentialAction":[{"@type":"SearchAction","target":{"@type":"EntryPoint","urlTemplate":"https:\/\/fuentesfidedignas.com.mx\/?s={search_term_string}"},"query-input":{"@type":"PropertyValueSpecification","valueRequired":true,"valueName":"search_term_string"}}],"inLanguage":"es"},{"@type":"Organization","@id":"https:\/\/fuentesfidedignas.com.mx\/#organization","name":"Fuentes Fidedignas","url":"https:\/\/fuentesfidedignas.com.mx\/","logo":{"@type":"ImageObject","inLanguage":"es","@id":"https:\/\/fuentesfidedignas.com.mx\/#\/schema\/logo\/image\/","url":"https:\/\/fuentesfidedignas.com.mx\/wp-content\/uploads\/2021\/04\/logo-retina.png","contentUrl":"https:\/\/fuentesfidedignas.com.mx\/wp-content\/uploads\/2021\/04\/logo-retina.png","width":280,"height":51,"caption":"Fuentes Fidedignas"},"image":{"@id":"https:\/\/fuentesfidedignas.com.mx\/#\/schema\/logo\/image\/"},"sameAs":["https:\/\/www.facebook.com\/Fuentes-Fidedignas-368234489921644","https:\/\/x.com\/fidedignas"]},{"@type":"Person","@id":"https:\/\/fuentesfidedignas.com.mx\/#\/schema\/person\/67d852f0557c8509146a4b9ddebd543a","name":"L\u00f3pez D\u00f3riga","image":{"@type":"ImageObject","inLanguage":"es","@id":"https:\/\/secure.gravatar.com\/avatar\/e525b06574ca18b33cded59dfe5778d6c823b9513154eff47da551b0551bdd1e?s=96&d=mm&r=g","url":"https:\/\/secure.gravatar.com\/avatar\/e525b06574ca18b33cded59dfe5778d6c823b9513154eff47da551b0551bdd1e?s=96&d=mm&r=g","contentUrl":"https:\/\/secure.gravatar.com\/avatar\/e525b06574ca18b33cded59dfe5778d6c823b9513154eff47da551b0551bdd1e?s=96&d=mm&r=g","caption":"L\u00f3pez D\u00f3riga"},"url":"https:\/\/fuentesfidedignas.com.mx\/index.php\/author\/doriga\/"}]}},"_links":{"self":[{"href":"https:\/\/fuentesfidedignas.com.mx\/index.php\/wp-json\/wp\/v2\/posts\/52083","targetHints":{"allow":["GET"]}}],"collection":[{"href":"https:\/\/fuentesfidedignas.com.mx\/index.php\/wp-json\/wp\/v2\/posts"}],"about":[{"href":"https:\/\/fuentesfidedignas.com.mx\/index.php\/wp-json\/wp\/v2\/types\/post"}],"author":[{"embeddable":true,"href":"https:\/\/fuentesfidedignas.com.mx\/index.php\/wp-json\/wp\/v2\/users\/47"}],"replies":[{"embeddable":true,"href":"https:\/\/fuentesfidedignas.com.mx\/index.php\/wp-json\/wp\/v2\/comments?post=52083"}],"version-history":[{"count":1,"href":"https:\/\/fuentesfidedignas.com.mx\/index.php\/wp-json\/wp\/v2\/posts\/52083\/revisions"}],"predecessor-version":[{"id":52084,"href":"https:\/\/fuentesfidedignas.com.mx\/index.php\/wp-json\/wp\/v2\/posts\/52083\/revisions\/52084"}],"wp:featuredmedia":[{"embeddable":true,"href":"https:\/\/fuentesfidedignas.com.mx\/index.php\/wp-json\/wp\/v2\/media\/52085"}],"wp:attachment":[{"href":"https:\/\/fuentesfidedignas.com.mx\/index.php\/wp-json\/wp\/v2\/media?parent=52083"}],"wp:term":[{"taxonomy":"category","embeddable":true,"href":"https:\/\/fuentesfidedignas.com.mx\/index.php\/wp-json\/wp\/v2\/categories?post=52083"},{"taxonomy":"post_tag","embeddable":true,"href":"https:\/\/fuentesfidedignas.com.mx\/index.php\/wp-json\/wp\/v2\/tags?post=52083"}],"curies":[{"name":"wp","href":"https:\/\/api.w.org\/{rel}","templated":true}]}}