{"id":52070,"date":"2023-07-06T12:01:46","date_gmt":"2023-07-06T19:01:46","guid":{"rendered":"https:\/\/fuentesfidedignas.com.mx\/?p=52070"},"modified":"2023-07-06T13:48:54","modified_gmt":"2023-07-06T20:48:54","slug":"capacitan-a-la-estructura-educativa-para-reforzar-la-seguridad-en-los-planteles-en-vacaciones","status":"publish","type":"post","link":"https:\/\/fuentesfidedignas.com.mx\/index.php\/2023\/07\/06\/capacitan-a-la-estructura-educativa-para-reforzar-la-seguridad-en-los-planteles-en-vacaciones\/","title":{"rendered":"Capacitan a la estructura educativa para reforzar la seguridad en los planteles en vacaciones"},"content":{"rendered":"\n<p><em><strong>Este verano, SEPyC reactivar\u00e1 la estrategia \u201cLa Escuela es de Todos&#8221;<\/strong><\/em><\/p>\n\n\n\n<p>Culiac\u00e1n, Sin.- Para incentivar la participaci\u00f3n de la comunidad educativa en el cuidado de los planteles durante el receso escolar de verano, la Secretar\u00eda de Educaci\u00f3n P\u00fablica y Cultura (SEPyC) inici\u00f3 la capacitaci\u00f3n virtual a directores, supervisores y jefes de sector de educaci\u00f3n b\u00e1sica con la estrategia &#8220;La Escuela es de Todos&#8221;.<\/p>\n\n\n\n<p>El Subsecretario de Vinculaci\u00f3n Social de SEPyC, Jorge Quintero Salazar explic\u00f3 que, a trav\u00e9s de una reuni\u00f3n virtual con la estructura educativa se habl\u00f3 de la implementaci\u00f3n de la citada estrategia durante el periodo vacacional.<\/p>\n\n\n\n<p>&#8220;<strong>Estamos recomendando tener comunicaci\u00f3n con los vecinos, tomar las medidas necesarias para reforzar los per\u00edmetros y el cuidado particular de las escuelas; que los maestros chequen si sus instalaciones cubren con chapas, con seguridad, y depende much\u00edsimo, sobre todo, de transmitir a la comunidad que volteen a ver nuestros espacios escolares durante este receso de clases, que la escuela es un bien p\u00fablico, y es importante, indispensable mantenerlo siempre cuidado<\/strong>&#8220;, dijo Quintero.<\/p>\n\n\n\n<p>Esta orientaci\u00f3n, a\u00f1adi\u00f3, es reforzada con la aplicaci\u00f3n m\u00f3vil proporcionada por Seguridad P\u00fablica \u201cSOS Ciudadano 360\u201d, que permite denunciar al instante cualquier irregularidad. Indic\u00f3 que se proporcion\u00f3 esta app a las y los maestros para que la consideren una herramienta que les permitir\u00e1 denunciar incidentes y proteger a las escuelas. Esta capacitaci\u00f3n llegar\u00e1 posteriormente a los padres y madres de familia, as\u00ed como a los comit\u00e9s de seguridad escolar.<\/p>\n\n\n\n<p>El subsecretario present\u00f3 tambi\u00e9n la aplicaci\u00f3n &#8220;Katrina&#8221; que alerta situaciones de riesgo como: incendios, terremotos, tormentas, inundaciones y comunicados oficiales de Protecci\u00f3n Civil.<\/p>\n\n\n\n<p>Durante esta capacitaci\u00f3n, el titular del Instituto Estatal de Protecci\u00f3n Civil, Roy Navarrete Cuevas ofreci\u00f3 orientaci\u00f3n a las y los directores, supervisores y jefes de sector del estado sobre la Temporada de altas temperaturas, lluvias e inundaciones 2023.<\/p>\n\n\n\n<p><strong>&#8220;Fuimos el primer estado del pa\u00eds en tomar iniciativa de medidas preventivas para la reducci\u00f3n de riesgos de la exposici\u00f3n, en este caso, de las temperaturas en nuestras escuelas, es por ello que tenemos indicadores positivos<\/strong>&#8220;.<\/p>\n\n\n\n<p>De manera virtual se capacit\u00f3 a un total de 1 mil 578 personas. Del 26 al 29 de junio se capacit\u00f3 a la estructura educativa por zonas: la primera dirigida a 571 docentes de la zona norte (El Fuerte, Ahome, Guasave y Sinaloa); en la zona sur 700 directivos de Mazatl\u00e1n (San Ignacio, Concordia, Rosario y Escuinapa), y en la zona centro a docentes de Culiac\u00e1n, Navolato, Badiraguato, Elota, Cosal\u00e1, Mocorito, Angostura y Salvador Alvarado; mientras que el 3 de julio se capacit\u00f3 a los servicios regionales y Ayuntamientos el d\u00eda 3 de julio.<\/p>\n","protected":false},"excerpt":{"rendered":"<p>Este verano, SEPyC reactivar\u00e1 la estrategia \u201cLa Escuela es de Todos&#8221; Culiac\u00e1n, Sin.- Para incentivar la participaci\u00f3n de la comunidad educativa en el cuidado de los planteles durante el receso escolar de verano, la Secretar\u00eda de Educaci\u00f3n P\u00fablica y Cultura (SEPyC) inici\u00f3 la capacitaci\u00f3n virtual a directores, supervisores y jefes de sector de educaci\u00f3n b\u00e1sica [&hellip;]<\/p>\n","protected":false},"author":4,"featured_media":52072,"comment_status":"open","ping_status":"open","sticky":false,"template":"","format":"standard","meta":{"tdm_status":"","tdm_grid_status":"","footnotes":""},"categories":[1],"tags":[],"class_list":{"0":"post-52070","1":"post","2":"type-post","3":"status-publish","4":"format-standard","5":"has-post-thumbnail","7":"category-sin-categoria"},"yoast_head":"<!-- This site is optimized with the Yoast SEO plugin v27.4 - https:\/\/yoast.com\/product\/yoast-seo-wordpress\/ -->\n<title>Capacitan a la estructura educativa para reforzar la seguridad en los planteles en vacaciones - Fuentes Fidedignas<\/title>\n<meta name=\"robots\" content=\"index, follow, max-snippet:-1, max-image-preview:large, max-video-preview:-1\" \/>\n<link rel=\"canonical\" href=\"https:\/\/fuentesfidedignas.com.mx\/index.php\/2023\/07\/06\/capacitan-a-la-estructura-educativa-para-reforzar-la-seguridad-en-los-planteles-en-vacaciones\/\" \/>\n<meta property=\"og:locale\" content=\"es_MX\" \/>\n<meta property=\"og:type\" content=\"article\" \/>\n<meta property=\"og:title\" content=\"Capacitan a la estructura educativa para reforzar la seguridad en los planteles en vacaciones - Fuentes Fidedignas\" \/>\n<meta property=\"og:description\" content=\"Este verano, SEPyC reactivar\u00e1 la estrategia \u201cLa Escuela es de Todos&#8221; Culiac\u00e1n, Sin.- Para incentivar la participaci\u00f3n de la comunidad educativa en el cuidado de los planteles durante el receso escolar de verano, la Secretar\u00eda de Educaci\u00f3n P\u00fablica y Cultura (SEPyC) inici\u00f3 la capacitaci\u00f3n virtual a directores, supervisores y jefes de sector de educaci\u00f3n b\u00e1sica [&hellip;]\" \/>\n<meta property=\"og:url\" content=\"https:\/\/fuentesfidedignas.com.mx\/index.php\/2023\/07\/06\/capacitan-a-la-estructura-educativa-para-reforzar-la-seguridad-en-los-planteles-en-vacaciones\/\" \/>\n<meta property=\"og:site_name\" content=\"Fuentes Fidedignas\" \/>\n<meta property=\"article:publisher\" content=\"https:\/\/www.facebook.com\/Fuentes-Fidedignas-368234489921644\" \/>\n<meta property=\"article:published_time\" content=\"2023-07-06T19:01:46+00:00\" \/>\n<meta property=\"article:modified_time\" content=\"2023-07-06T20:48:54+00:00\" \/>\n<meta property=\"og:image\" content=\"https:\/\/fuentesfidedignas.com.mx\/wp-content\/uploads\/2023\/07\/images-12-2.jpeg\" \/>\n\t<meta property=\"og:image:width\" content=\"687\" \/>\n\t<meta property=\"og:image:height\" content=\"447\" \/>\n\t<meta property=\"og:image:type\" content=\"image\/jpeg\" \/>\n<meta name=\"author\" content=\"Redacci\u00f3n\" \/>\n<meta name=\"twitter:card\" content=\"summary_large_image\" \/>\n<meta name=\"twitter:creator\" content=\"@fidedignas\" \/>\n<meta name=\"twitter:site\" content=\"@fidedignas\" \/>\n<meta name=\"twitter:label1\" content=\"Escrito por\" \/>\n\t<meta name=\"twitter:data1\" content=\"Redacci\u00f3n\" \/>\n\t<meta name=\"twitter:label2\" content=\"Tiempo de lectura\" \/>\n\t<meta name=\"twitter:data2\" content=\"2 minutos\" \/>\n<script type=\"application\/ld+json\" class=\"yoast-schema-graph\">{\"@context\":\"https:\\\/\\\/schema.org\",\"@graph\":[{\"@type\":\"Article\",\"@id\":\"https:\\\/\\\/fuentesfidedignas.com.mx\\\/index.php\\\/2023\\\/07\\\/06\\\/capacitan-a-la-estructura-educativa-para-reforzar-la-seguridad-en-los-planteles-en-vacaciones\\\/#article\",\"isPartOf\":{\"@id\":\"https:\\\/\\\/fuentesfidedignas.com.mx\\\/index.php\\\/2023\\\/07\\\/06\\\/capacitan-a-la-estructura-educativa-para-reforzar-la-seguridad-en-los-planteles-en-vacaciones\\\/\"},\"author\":{\"name\":\"Redacci\u00f3n\",\"@id\":\"https:\\\/\\\/fuentesfidedignas.com.mx\\\/#\\\/schema\\\/person\\\/331be9283d37198e2acd5750279085b0\"},\"headline\":\"Capacitan a la estructura educativa para reforzar la seguridad en los planteles en vacaciones\",\"datePublished\":\"2023-07-06T19:01:46+00:00\",\"dateModified\":\"2023-07-06T20:48:54+00:00\",\"mainEntityOfPage\":{\"@id\":\"https:\\\/\\\/fuentesfidedignas.com.mx\\\/index.php\\\/2023\\\/07\\\/06\\\/capacitan-a-la-estructura-educativa-para-reforzar-la-seguridad-en-los-planteles-en-vacaciones\\\/\"},\"wordCount\":470,\"commentCount\":0,\"publisher\":{\"@id\":\"https:\\\/\\\/fuentesfidedignas.com.mx\\\/#organization\"},\"image\":{\"@id\":\"https:\\\/\\\/fuentesfidedignas.com.mx\\\/index.php\\\/2023\\\/07\\\/06\\\/capacitan-a-la-estructura-educativa-para-reforzar-la-seguridad-en-los-planteles-en-vacaciones\\\/#primaryimage\"},\"thumbnailUrl\":\"https:\\\/\\\/fuentesfidedignas.com.mx\\\/wp-content\\\/uploads\\\/2023\\\/07\\\/images-12-2.jpeg\",\"inLanguage\":\"es\",\"potentialAction\":[{\"@type\":\"CommentAction\",\"name\":\"Comment\",\"target\":[\"https:\\\/\\\/fuentesfidedignas.com.mx\\\/index.php\\\/2023\\\/07\\\/06\\\/capacitan-a-la-estructura-educativa-para-reforzar-la-seguridad-en-los-planteles-en-vacaciones\\\/#respond\"]}]},{\"@type\":\"WebPage\",\"@id\":\"https:\\\/\\\/fuentesfidedignas.com.mx\\\/index.php\\\/2023\\\/07\\\/06\\\/capacitan-a-la-estructura-educativa-para-reforzar-la-seguridad-en-los-planteles-en-vacaciones\\\/\",\"url\":\"https:\\\/\\\/fuentesfidedignas.com.mx\\\/index.php\\\/2023\\\/07\\\/06\\\/capacitan-a-la-estructura-educativa-para-reforzar-la-seguridad-en-los-planteles-en-vacaciones\\\/\",\"name\":\"Capacitan a la estructura educativa para reforzar la seguridad en los planteles en vacaciones - Fuentes Fidedignas\",\"isPartOf\":{\"@id\":\"https:\\\/\\\/fuentesfidedignas.com.mx\\\/#website\"},\"primaryImageOfPage\":{\"@id\":\"https:\\\/\\\/fuentesfidedignas.com.mx\\\/index.php\\\/2023\\\/07\\\/06\\\/capacitan-a-la-estructura-educativa-para-reforzar-la-seguridad-en-los-planteles-en-vacaciones\\\/#primaryimage\"},\"image\":{\"@id\":\"https:\\\/\\\/fuentesfidedignas.com.mx\\\/index.php\\\/2023\\\/07\\\/06\\\/capacitan-a-la-estructura-educativa-para-reforzar-la-seguridad-en-los-planteles-en-vacaciones\\\/#primaryimage\"},\"thumbnailUrl\":\"https:\\\/\\\/fuentesfidedignas.com.mx\\\/wp-content\\\/uploads\\\/2023\\\/07\\\/images-12-2.jpeg\",\"datePublished\":\"2023-07-06T19:01:46+00:00\",\"dateModified\":\"2023-07-06T20:48:54+00:00\",\"breadcrumb\":{\"@id\":\"https:\\\/\\\/fuentesfidedignas.com.mx\\\/index.php\\\/2023\\\/07\\\/06\\\/capacitan-a-la-estructura-educativa-para-reforzar-la-seguridad-en-los-planteles-en-vacaciones\\\/#breadcrumb\"},\"inLanguage\":\"es\",\"potentialAction\":[{\"@type\":\"ReadAction\",\"target\":[\"https:\\\/\\\/fuentesfidedignas.com.mx\\\/index.php\\\/2023\\\/07\\\/06\\\/capacitan-a-la-estructura-educativa-para-reforzar-la-seguridad-en-los-planteles-en-vacaciones\\\/\"]}]},{\"@type\":\"ImageObject\",\"inLanguage\":\"es\",\"@id\":\"https:\\\/\\\/fuentesfidedignas.com.mx\\\/index.php\\\/2023\\\/07\\\/06\\\/capacitan-a-la-estructura-educativa-para-reforzar-la-seguridad-en-los-planteles-en-vacaciones\\\/#primaryimage\",\"url\":\"https:\\\/\\\/fuentesfidedignas.com.mx\\\/wp-content\\\/uploads\\\/2023\\\/07\\\/images-12-2.jpeg\",\"contentUrl\":\"https:\\\/\\\/fuentesfidedignas.com.mx\\\/wp-content\\\/uploads\\\/2023\\\/07\\\/images-12-2.jpeg\",\"width\":687,\"height\":447},{\"@type\":\"BreadcrumbList\",\"@id\":\"https:\\\/\\\/fuentesfidedignas.com.mx\\\/index.php\\\/2023\\\/07\\\/06\\\/capacitan-a-la-estructura-educativa-para-reforzar-la-seguridad-en-los-planteles-en-vacaciones\\\/#breadcrumb\",\"itemListElement\":[{\"@type\":\"ListItem\",\"position\":1,\"name\":\"Inicio\",\"item\":\"https:\\\/\\\/fuentesfidedignas.com.mx\\\/\"},{\"@type\":\"ListItem\",\"position\":2,\"name\":\"Capacitan a la estructura educativa para reforzar la seguridad en los planteles en vacaciones\"}]},{\"@type\":\"WebSite\",\"@id\":\"https:\\\/\\\/fuentesfidedignas.com.mx\\\/#website\",\"url\":\"https:\\\/\\\/fuentesfidedignas.com.mx\\\/\",\"name\":\"Fuentes Fidedignas\",\"description\":\"Otro sitio realizado con WordPress\",\"publisher\":{\"@id\":\"https:\\\/\\\/fuentesfidedignas.com.mx\\\/#organization\"},\"potentialAction\":[{\"@type\":\"SearchAction\",\"target\":{\"@type\":\"EntryPoint\",\"urlTemplate\":\"https:\\\/\\\/fuentesfidedignas.com.mx\\\/?s={search_term_string}\"},\"query-input\":{\"@type\":\"PropertyValueSpecification\",\"valueRequired\":true,\"valueName\":\"search_term_string\"}}],\"inLanguage\":\"es\"},{\"@type\":\"Organization\",\"@id\":\"https:\\\/\\\/fuentesfidedignas.com.mx\\\/#organization\",\"name\":\"Fuentes Fidedignas\",\"url\":\"https:\\\/\\\/fuentesfidedignas.com.mx\\\/\",\"logo\":{\"@type\":\"ImageObject\",\"inLanguage\":\"es\",\"@id\":\"https:\\\/\\\/fuentesfidedignas.com.mx\\\/#\\\/schema\\\/logo\\\/image\\\/\",\"url\":\"https:\\\/\\\/fuentesfidedignas.com.mx\\\/wp-content\\\/uploads\\\/2021\\\/04\\\/logo-retina.png\",\"contentUrl\":\"https:\\\/\\\/fuentesfidedignas.com.mx\\\/wp-content\\\/uploads\\\/2021\\\/04\\\/logo-retina.png\",\"width\":280,\"height\":51,\"caption\":\"Fuentes Fidedignas\"},\"image\":{\"@id\":\"https:\\\/\\\/fuentesfidedignas.com.mx\\\/#\\\/schema\\\/logo\\\/image\\\/\"},\"sameAs\":[\"https:\\\/\\\/www.facebook.com\\\/Fuentes-Fidedignas-368234489921644\",\"https:\\\/\\\/x.com\\\/fidedignas\"]},{\"@type\":\"Person\",\"@id\":\"https:\\\/\\\/fuentesfidedignas.com.mx\\\/#\\\/schema\\\/person\\\/331be9283d37198e2acd5750279085b0\",\"name\":\"Redacci\u00f3n\",\"image\":{\"@type\":\"ImageObject\",\"inLanguage\":\"es\",\"@id\":\"https:\\\/\\\/secure.gravatar.com\\\/avatar\\\/f6d8782c11d12b2d4ad3fbb6931aeab5309937a4d6cd2fc9cfaa28a6396a5aec?s=96&d=mm&r=g\",\"url\":\"https:\\\/\\\/secure.gravatar.com\\\/avatar\\\/f6d8782c11d12b2d4ad3fbb6931aeab5309937a4d6cd2fc9cfaa28a6396a5aec?s=96&d=mm&r=g\",\"contentUrl\":\"https:\\\/\\\/secure.gravatar.com\\\/avatar\\\/f6d8782c11d12b2d4ad3fbb6931aeab5309937a4d6cd2fc9cfaa28a6396a5aec?s=96&d=mm&r=g\",\"caption\":\"Redacci\u00f3n\"},\"url\":\"https:\\\/\\\/fuentesfidedignas.com.mx\\\/index.php\\\/author\\\/redaccion\\\/\"}]}<\/script>\n<!-- \/ Yoast SEO plugin. -->","yoast_head_json":{"title":"Capacitan a la estructura educativa para reforzar la seguridad en los planteles en vacaciones - Fuentes Fidedignas","robots":{"index":"index","follow":"follow","max-snippet":"max-snippet:-1","max-image-preview":"max-image-preview:large","max-video-preview":"max-video-preview:-1"},"canonical":"https:\/\/fuentesfidedignas.com.mx\/index.php\/2023\/07\/06\/capacitan-a-la-estructura-educativa-para-reforzar-la-seguridad-en-los-planteles-en-vacaciones\/","og_locale":"es_MX","og_type":"article","og_title":"Capacitan a la estructura educativa para reforzar la seguridad en los planteles en vacaciones - Fuentes Fidedignas","og_description":"Este verano, SEPyC reactivar\u00e1 la estrategia \u201cLa Escuela es de Todos&#8221; Culiac\u00e1n, Sin.- Para incentivar la participaci\u00f3n de la comunidad educativa en el cuidado de los planteles durante el receso escolar de verano, la Secretar\u00eda de Educaci\u00f3n P\u00fablica y Cultura (SEPyC) inici\u00f3 la capacitaci\u00f3n virtual a directores, supervisores y jefes de sector de educaci\u00f3n b\u00e1sica [&hellip;]","og_url":"https:\/\/fuentesfidedignas.com.mx\/index.php\/2023\/07\/06\/capacitan-a-la-estructura-educativa-para-reforzar-la-seguridad-en-los-planteles-en-vacaciones\/","og_site_name":"Fuentes Fidedignas","article_publisher":"https:\/\/www.facebook.com\/Fuentes-Fidedignas-368234489921644","article_published_time":"2023-07-06T19:01:46+00:00","article_modified_time":"2023-07-06T20:48:54+00:00","og_image":[{"width":687,"height":447,"url":"https:\/\/fuentesfidedignas.com.mx\/wp-content\/uploads\/2023\/07\/images-12-2.jpeg","type":"image\/jpeg"}],"author":"Redacci\u00f3n","twitter_card":"summary_large_image","twitter_creator":"@fidedignas","twitter_site":"@fidedignas","twitter_misc":{"Escrito por":"Redacci\u00f3n","Tiempo de lectura":"2 minutos"},"schema":{"@context":"https:\/\/schema.org","@graph":[{"@type":"Article","@id":"https:\/\/fuentesfidedignas.com.mx\/index.php\/2023\/07\/06\/capacitan-a-la-estructura-educativa-para-reforzar-la-seguridad-en-los-planteles-en-vacaciones\/#article","isPartOf":{"@id":"https:\/\/fuentesfidedignas.com.mx\/index.php\/2023\/07\/06\/capacitan-a-la-estructura-educativa-para-reforzar-la-seguridad-en-los-planteles-en-vacaciones\/"},"author":{"name":"Redacci\u00f3n","@id":"https:\/\/fuentesfidedignas.com.mx\/#\/schema\/person\/331be9283d37198e2acd5750279085b0"},"headline":"Capacitan a la estructura educativa para reforzar la seguridad en los planteles en vacaciones","datePublished":"2023-07-06T19:01:46+00:00","dateModified":"2023-07-06T20:48:54+00:00","mainEntityOfPage":{"@id":"https:\/\/fuentesfidedignas.com.mx\/index.php\/2023\/07\/06\/capacitan-a-la-estructura-educativa-para-reforzar-la-seguridad-en-los-planteles-en-vacaciones\/"},"wordCount":470,"commentCount":0,"publisher":{"@id":"https:\/\/fuentesfidedignas.com.mx\/#organization"},"image":{"@id":"https:\/\/fuentesfidedignas.com.mx\/index.php\/2023\/07\/06\/capacitan-a-la-estructura-educativa-para-reforzar-la-seguridad-en-los-planteles-en-vacaciones\/#primaryimage"},"thumbnailUrl":"https:\/\/fuentesfidedignas.com.mx\/wp-content\/uploads\/2023\/07\/images-12-2.jpeg","inLanguage":"es","potentialAction":[{"@type":"CommentAction","name":"Comment","target":["https:\/\/fuentesfidedignas.com.mx\/index.php\/2023\/07\/06\/capacitan-a-la-estructura-educativa-para-reforzar-la-seguridad-en-los-planteles-en-vacaciones\/#respond"]}]},{"@type":"WebPage","@id":"https:\/\/fuentesfidedignas.com.mx\/index.php\/2023\/07\/06\/capacitan-a-la-estructura-educativa-para-reforzar-la-seguridad-en-los-planteles-en-vacaciones\/","url":"https:\/\/fuentesfidedignas.com.mx\/index.php\/2023\/07\/06\/capacitan-a-la-estructura-educativa-para-reforzar-la-seguridad-en-los-planteles-en-vacaciones\/","name":"Capacitan a la estructura educativa para reforzar la seguridad en los planteles en vacaciones - Fuentes Fidedignas","isPartOf":{"@id":"https:\/\/fuentesfidedignas.com.mx\/#website"},"primaryImageOfPage":{"@id":"https:\/\/fuentesfidedignas.com.mx\/index.php\/2023\/07\/06\/capacitan-a-la-estructura-educativa-para-reforzar-la-seguridad-en-los-planteles-en-vacaciones\/#primaryimage"},"image":{"@id":"https:\/\/fuentesfidedignas.com.mx\/index.php\/2023\/07\/06\/capacitan-a-la-estructura-educativa-para-reforzar-la-seguridad-en-los-planteles-en-vacaciones\/#primaryimage"},"thumbnailUrl":"https:\/\/fuentesfidedignas.com.mx\/wp-content\/uploads\/2023\/07\/images-12-2.jpeg","datePublished":"2023-07-06T19:01:46+00:00","dateModified":"2023-07-06T20:48:54+00:00","breadcrumb":{"@id":"https:\/\/fuentesfidedignas.com.mx\/index.php\/2023\/07\/06\/capacitan-a-la-estructura-educativa-para-reforzar-la-seguridad-en-los-planteles-en-vacaciones\/#breadcrumb"},"inLanguage":"es","potentialAction":[{"@type":"ReadAction","target":["https:\/\/fuentesfidedignas.com.mx\/index.php\/2023\/07\/06\/capacitan-a-la-estructura-educativa-para-reforzar-la-seguridad-en-los-planteles-en-vacaciones\/"]}]},{"@type":"ImageObject","inLanguage":"es","@id":"https:\/\/fuentesfidedignas.com.mx\/index.php\/2023\/07\/06\/capacitan-a-la-estructura-educativa-para-reforzar-la-seguridad-en-los-planteles-en-vacaciones\/#primaryimage","url":"https:\/\/fuentesfidedignas.com.mx\/wp-content\/uploads\/2023\/07\/images-12-2.jpeg","contentUrl":"https:\/\/fuentesfidedignas.com.mx\/wp-content\/uploads\/2023\/07\/images-12-2.jpeg","width":687,"height":447},{"@type":"BreadcrumbList","@id":"https:\/\/fuentesfidedignas.com.mx\/index.php\/2023\/07\/06\/capacitan-a-la-estructura-educativa-para-reforzar-la-seguridad-en-los-planteles-en-vacaciones\/#breadcrumb","itemListElement":[{"@type":"ListItem","position":1,"name":"Inicio","item":"https:\/\/fuentesfidedignas.com.mx\/"},{"@type":"ListItem","position":2,"name":"Capacitan a la estructura educativa para reforzar la seguridad en los planteles en vacaciones"}]},{"@type":"WebSite","@id":"https:\/\/fuentesfidedignas.com.mx\/#website","url":"https:\/\/fuentesfidedignas.com.mx\/","name":"Fuentes Fidedignas","description":"Otro sitio realizado con WordPress","publisher":{"@id":"https:\/\/fuentesfidedignas.com.mx\/#organization"},"potentialAction":[{"@type":"SearchAction","target":{"@type":"EntryPoint","urlTemplate":"https:\/\/fuentesfidedignas.com.mx\/?s={search_term_string}"},"query-input":{"@type":"PropertyValueSpecification","valueRequired":true,"valueName":"search_term_string"}}],"inLanguage":"es"},{"@type":"Organization","@id":"https:\/\/fuentesfidedignas.com.mx\/#organization","name":"Fuentes Fidedignas","url":"https:\/\/fuentesfidedignas.com.mx\/","logo":{"@type":"ImageObject","inLanguage":"es","@id":"https:\/\/fuentesfidedignas.com.mx\/#\/schema\/logo\/image\/","url":"https:\/\/fuentesfidedignas.com.mx\/wp-content\/uploads\/2021\/04\/logo-retina.png","contentUrl":"https:\/\/fuentesfidedignas.com.mx\/wp-content\/uploads\/2021\/04\/logo-retina.png","width":280,"height":51,"caption":"Fuentes Fidedignas"},"image":{"@id":"https:\/\/fuentesfidedignas.com.mx\/#\/schema\/logo\/image\/"},"sameAs":["https:\/\/www.facebook.com\/Fuentes-Fidedignas-368234489921644","https:\/\/x.com\/fidedignas"]},{"@type":"Person","@id":"https:\/\/fuentesfidedignas.com.mx\/#\/schema\/person\/331be9283d37198e2acd5750279085b0","name":"Redacci\u00f3n","image":{"@type":"ImageObject","inLanguage":"es","@id":"https:\/\/secure.gravatar.com\/avatar\/f6d8782c11d12b2d4ad3fbb6931aeab5309937a4d6cd2fc9cfaa28a6396a5aec?s=96&d=mm&r=g","url":"https:\/\/secure.gravatar.com\/avatar\/f6d8782c11d12b2d4ad3fbb6931aeab5309937a4d6cd2fc9cfaa28a6396a5aec?s=96&d=mm&r=g","contentUrl":"https:\/\/secure.gravatar.com\/avatar\/f6d8782c11d12b2d4ad3fbb6931aeab5309937a4d6cd2fc9cfaa28a6396a5aec?s=96&d=mm&r=g","caption":"Redacci\u00f3n"},"url":"https:\/\/fuentesfidedignas.com.mx\/index.php\/author\/redaccion\/"}]}},"_links":{"self":[{"href":"https:\/\/fuentesfidedignas.com.mx\/index.php\/wp-json\/wp\/v2\/posts\/52070","targetHints":{"allow":["GET"]}}],"collection":[{"href":"https:\/\/fuentesfidedignas.com.mx\/index.php\/wp-json\/wp\/v2\/posts"}],"about":[{"href":"https:\/\/fuentesfidedignas.com.mx\/index.php\/wp-json\/wp\/v2\/types\/post"}],"author":[{"embeddable":true,"href":"https:\/\/fuentesfidedignas.com.mx\/index.php\/wp-json\/wp\/v2\/users\/4"}],"replies":[{"embeddable":true,"href":"https:\/\/fuentesfidedignas.com.mx\/index.php\/wp-json\/wp\/v2\/comments?post=52070"}],"version-history":[{"count":1,"href":"https:\/\/fuentesfidedignas.com.mx\/index.php\/wp-json\/wp\/v2\/posts\/52070\/revisions"}],"predecessor-version":[{"id":52071,"href":"https:\/\/fuentesfidedignas.com.mx\/index.php\/wp-json\/wp\/v2\/posts\/52070\/revisions\/52071"}],"wp:featuredmedia":[{"embeddable":true,"href":"https:\/\/fuentesfidedignas.com.mx\/index.php\/wp-json\/wp\/v2\/media\/52072"}],"wp:attachment":[{"href":"https:\/\/fuentesfidedignas.com.mx\/index.php\/wp-json\/wp\/v2\/media?parent=52070"}],"wp:term":[{"taxonomy":"category","embeddable":true,"href":"https:\/\/fuentesfidedignas.com.mx\/index.php\/wp-json\/wp\/v2\/categories?post=52070"},{"taxonomy":"post_tag","embeddable":true,"href":"https:\/\/fuentesfidedignas.com.mx\/index.php\/wp-json\/wp\/v2\/tags?post=52070"}],"curies":[{"name":"wp","href":"https:\/\/api.w.org\/{rel}","templated":true}]}}