{"id":52017,"date":"2023-07-05T17:34:35","date_gmt":"2023-07-06T00:34:35","guid":{"rendered":"https:\/\/fuentesfidedignas.com.mx\/?p=52017"},"modified":"2023-07-06T12:23:59","modified_gmt":"2023-07-06T19:23:59","slug":"policias-de-el-fuerte-reciben-capacitacion-para-formar-unidad-de-reaccion-inmediata-de-genero","status":"publish","type":"post","link":"https:\/\/fuentesfidedignas.com.mx\/index.php\/2023\/07\/05\/policias-de-el-fuerte-reciben-capacitacion-para-formar-unidad-de-reaccion-inmediata-de-genero\/","title":{"rendered":"Polic\u00edas de El Fuerte reciben capacitaci\u00f3n para formar Unidad de Reacci\u00f3n Inmediata de G\u00e9nero"},"content":{"rendered":"\n<p><strong><em>Con el objetivo de brindar atenci\u00f3n oportuna y especializada ante las denuncias que se puedan presentar respecto a violencia contra mujeres, ni\u00f1as y adolescentes, los elementos policiacos que integrar\u00e1n esta unidad, recibieron su primera capacitaci\u00f3n<\/em><\/strong><\/p>\n\n\n\n<p>El Fuerte, Sin.- Dando continuidad a los acuerdos tomados en la anterior vista de Mar\u00eda Teresa Guerra Ochoa, Titular de la Secretaria de las Mujeres de Sinaloa, el Alcalde Gildardo Leyva Ortega, trabaj\u00f3 en coordinaci\u00f3n a trav\u00e9s del Instituto Municipal de las Mujeres y la Direcci\u00f3n de Seguridad P\u00fablica y Tr\u00e1nsito Municipal, para que se formara la Unidad de Reacci\u00f3n Inmediata de Genero. Hoy elementos que conformar\u00e1n este grupo, recibieron su primera capacitaci\u00f3n, para brindar la atenci\u00f3n pertinente ante cualquier denuncia de violencia hacia mujeres y ni\u00f1as.<\/p>\n\n\n\n<figure class=\"wp-block-gallery has-nested-images columns-default is-cropped wp-block-gallery-1 is-layout-flex wp-block-gallery-is-layout-flex\">\n<figure class=\"wp-block-image size-large\"><img decoding=\"async\" width=\"640\" height=\"426\" data-id=\"52020\" src=\"https:\/\/fuentesfidedignas.com.mx\/wp-content\/uploads\/2023\/07\/1000088327.jpg\" alt=\"\" class=\"wp-image-52020\" srcset=\"https:\/\/fuentesfidedignas.com.mx\/wp-content\/uploads\/2023\/07\/1000088327.jpg 640w, https:\/\/fuentesfidedignas.com.mx\/wp-content\/uploads\/2023\/07\/1000088327-300x200.jpg 300w\" sizes=\"(max-width: 640px) 100vw, 640px\" \/><\/figure>\n\n\n\n<figure class=\"wp-block-image size-large\"><img decoding=\"async\" width=\"640\" height=\"426\" data-id=\"52018\" src=\"https:\/\/fuentesfidedignas.com.mx\/wp-content\/uploads\/2023\/07\/1000088335.jpg\" alt=\"\" class=\"wp-image-52018\" srcset=\"https:\/\/fuentesfidedignas.com.mx\/wp-content\/uploads\/2023\/07\/1000088335.jpg 640w, https:\/\/fuentesfidedignas.com.mx\/wp-content\/uploads\/2023\/07\/1000088335-300x200.jpg 300w\" sizes=\"(max-width: 640px) 100vw, 640px\" \/><\/figure>\n\n\n\n<figure class=\"wp-block-image size-large\"><img decoding=\"async\" width=\"640\" height=\"426\" data-id=\"52019\" src=\"https:\/\/fuentesfidedignas.com.mx\/wp-content\/uploads\/2023\/07\/1000088337.jpg\" alt=\"\" class=\"wp-image-52019\" srcset=\"https:\/\/fuentesfidedignas.com.mx\/wp-content\/uploads\/2023\/07\/1000088337.jpg 640w, https:\/\/fuentesfidedignas.com.mx\/wp-content\/uploads\/2023\/07\/1000088337-300x200.jpg 300w\" sizes=\"(max-width: 640px) 100vw, 640px\" \/><\/figure>\n\n\n\n<figure class=\"wp-block-image size-large\"><img decoding=\"async\" width=\"1024\" height=\"682\" data-id=\"52022\" src=\"https:\/\/fuentesfidedignas.com.mx\/wp-content\/uploads\/2023\/07\/1000088331-1024x682.jpg\" alt=\"\" class=\"wp-image-52022\" srcset=\"https:\/\/fuentesfidedignas.com.mx\/wp-content\/uploads\/2023\/07\/1000088331-1024x682.jpg 1024w, https:\/\/fuentesfidedignas.com.mx\/wp-content\/uploads\/2023\/07\/1000088331-300x200.jpg 300w, https:\/\/fuentesfidedignas.com.mx\/wp-content\/uploads\/2023\/07\/1000088331-768x512.jpg 768w, https:\/\/fuentesfidedignas.com.mx\/wp-content\/uploads\/2023\/07\/1000088331-1536x1023.jpg 1536w, https:\/\/fuentesfidedignas.com.mx\/wp-content\/uploads\/2023\/07\/1000088331.jpg 1600w\" sizes=\"(max-width: 1024px) 100vw, 1024px\" \/><\/figure>\n\n\n\n<figure class=\"wp-block-image size-large\"><img decoding=\"async\" width=\"640\" height=\"426\" data-id=\"52021\" src=\"https:\/\/fuentesfidedignas.com.mx\/wp-content\/uploads\/2023\/07\/1000088333.jpg\" alt=\"\" class=\"wp-image-52021\" srcset=\"https:\/\/fuentesfidedignas.com.mx\/wp-content\/uploads\/2023\/07\/1000088333.jpg 640w, https:\/\/fuentesfidedignas.com.mx\/wp-content\/uploads\/2023\/07\/1000088333-300x200.jpg 300w\" sizes=\"(max-width: 640px) 100vw, 640px\" \/><\/figure>\n<\/figure>\n\n\n\n<p>Guerra Ochoa dirigi\u00f3 un mensaje a los presentes, reafirmando los motivos por los que es necesaria la formaci\u00f3n de esta unidad y la importancia de trabajar en conjunto todos los niveles de gobierno para garantizar la paz y seguridad de las mujeres y ni\u00f1as.<\/p>\n\n\n\n<p>\u201c<strong>Basta de pasividades dentro de los municipios, esta es una responsabilidad compartida, porque si queremos que El Fuerte, sea un municipio con seguridad y con paz ocupamos atender el tema de las mujeres que est\u00e1n siendo violentadas al interior de sus hogares, el tema de agresiones que tienen las ni\u00f1as y las adolescentes. Ha sido una encomienda del Gobernador del Estado, que trabajemos f\u00e9rreamente en esto. Por eso estamos trabajando, generando Unidades de Reacci\u00f3n Inmediata, queremos que las mujeres sientan que desde el municipio, que desde el gobierno estatal y gobierno federal, hay autoridades que se ocupan de ellas, hay autoridades comprometidas por reestablecerles su seguridad, la paz en Sinaloa, la paz en El Fuerte, la seguridad, se construye con mujeres y ni\u00f1as seguras<\/strong>\u201d, expres\u00f3 la Secretaria.<\/p>\n\n\n\n<p>Por su parte el Presidente Municipal Gildardo Leyva Ortega, agradeci\u00f3 la presencia de la Secretaria y su equipo de trabajo, as\u00ed como el apoyo brindado para que los elementos policiacos de El Fuerte, recibieran esta capacitaci\u00f3n.<\/p>\n\n\n\n<p>\u201c<strong>Bienvenida Tere, esta esta es tu casa, siempre que vengas, te recibiremos con los brazos abiertos, comunicarte que el pr\u00f3ximo martes tendremos un cabildo donde vamos a aprobar este acuerdo para que esto suceda. Se van a capacitar diez elementos aqu\u00ed presentes y la verdad es un orgullo tenerte aqu\u00ed con nosotros y que tengamos este tipo de eventos<\/strong>\u201d, mencion\u00f3 el mandatario.<\/p>\n\n\n\n<p>En este evento se cont\u00f3 con la presencia de la Titular de la Secretaria de las Mujeres, Mar\u00eda Teresa Guerra Ochoa, la Subsecretaria de la Secretaria de las Mujeres, Consuelo Guti\u00e9rrez Guti\u00e9rrez, el Alcalde Gildardo Leyva Ortega, la Directora del Instituto Municipal de las Mujeres, Mar\u00eda Jos\u00e9 Sa\u00f1udo Valenzuela, el Director de Seguridad P\u00fablica y Tr\u00e1nsito Municipal, Natanael Telles Ibarra, el Secretario del Ayuntamiento, Edgar Adair Espinoza Robles y el Regidor Jos\u00e9 Mar\u00eda Flores Soto, adem\u00e1s las capacitadoras y el personal de seguridad p\u00fablica que recibi\u00f3 esta importante informaci\u00f3n, con la que estar\u00e1n mejor preparados para atender las denuncias de violencia en el municipio.<\/p>\n","protected":false},"excerpt":{"rendered":"<p>Con el objetivo de brindar atenci\u00f3n oportuna y especializada ante las denuncias que se puedan presentar respecto a violencia contra mujeres, ni\u00f1as y adolescentes, los elementos policiacos que integrar\u00e1n esta unidad, recibieron su primera capacitaci\u00f3n El Fuerte, Sin.- Dando continuidad a los acuerdos tomados en la anterior vista de Mar\u00eda Teresa Guerra Ochoa, Titular de [&hellip;]<\/p>\n","protected":false},"author":4,"featured_media":52024,"comment_status":"open","ping_status":"open","sticky":false,"template":"","format":"standard","meta":{"tdm_status":"","tdm_grid_status":"","footnotes":""},"categories":[38,1],"tags":[],"class_list":{"0":"post-52017","1":"post","2":"type-post","3":"status-publish","4":"format-standard","5":"has-post-thumbnail","7":"category-noticias-locales","8":"category-sin-categoria"},"yoast_head":"<!-- This site is optimized with the Yoast SEO plugin v27.5 - https:\/\/yoast.com\/product\/yoast-seo-wordpress\/ -->\n<title>Polic\u00edas de El Fuerte reciben capacitaci\u00f3n para formar Unidad de Reacci\u00f3n Inmediata de G\u00e9nero - Fuentes Fidedignas<\/title>\n<meta name=\"robots\" content=\"index, follow, max-snippet:-1, max-image-preview:large, max-video-preview:-1\" \/>\n<link rel=\"canonical\" href=\"https:\/\/fuentesfidedignas.com.mx\/index.php\/2023\/07\/05\/policias-de-el-fuerte-reciben-capacitacion-para-formar-unidad-de-reaccion-inmediata-de-genero\/\" \/>\n<meta property=\"og:locale\" content=\"es_MX\" \/>\n<meta property=\"og:type\" content=\"article\" \/>\n<meta property=\"og:title\" content=\"Polic\u00edas de El Fuerte reciben capacitaci\u00f3n para formar Unidad de Reacci\u00f3n Inmediata de G\u00e9nero - Fuentes Fidedignas\" \/>\n<meta property=\"og:description\" content=\"Con el objetivo de brindar atenci\u00f3n oportuna y especializada ante las denuncias que se puedan presentar respecto a violencia contra mujeres, ni\u00f1as y adolescentes, los elementos policiacos que integrar\u00e1n esta unidad, recibieron su primera capacitaci\u00f3n El Fuerte, Sin.- Dando continuidad a los acuerdos tomados en la anterior vista de Mar\u00eda Teresa Guerra Ochoa, Titular de [&hellip;]\" \/>\n<meta property=\"og:url\" content=\"https:\/\/fuentesfidedignas.com.mx\/index.php\/2023\/07\/05\/policias-de-el-fuerte-reciben-capacitacion-para-formar-unidad-de-reaccion-inmediata-de-genero\/\" \/>\n<meta property=\"og:site_name\" content=\"Fuentes Fidedignas\" \/>\n<meta property=\"article:publisher\" content=\"https:\/\/www.facebook.com\/Fuentes-Fidedignas-368234489921644\" \/>\n<meta property=\"article:published_time\" content=\"2023-07-06T00:34:35+00:00\" \/>\n<meta property=\"article:modified_time\" content=\"2023-07-06T19:23:59+00:00\" \/>\n<meta property=\"og:image\" content=\"https:\/\/fuentesfidedignas.com.mx\/wp-content\/uploads\/2023\/07\/1000088327.jpg\" \/>\n<meta name=\"author\" content=\"Redacci\u00f3n\" \/>\n<meta name=\"twitter:card\" content=\"summary_large_image\" \/>\n<meta name=\"twitter:creator\" content=\"@fidedignas\" \/>\n<meta name=\"twitter:site\" content=\"@fidedignas\" \/>\n<meta name=\"twitter:label1\" content=\"Escrito por\" \/>\n\t<meta name=\"twitter:data1\" content=\"Redacci\u00f3n\" \/>\n\t<meta name=\"twitter:label2\" content=\"Tiempo de lectura\" \/>\n\t<meta name=\"twitter:data2\" content=\"4 minutos\" \/>\n<script type=\"application\/ld+json\" class=\"yoast-schema-graph\">{\"@context\":\"https:\\\/\\\/schema.org\",\"@graph\":[{\"@type\":\"Article\",\"@id\":\"https:\\\/\\\/fuentesfidedignas.com.mx\\\/index.php\\\/2023\\\/07\\\/05\\\/policias-de-el-fuerte-reciben-capacitacion-para-formar-unidad-de-reaccion-inmediata-de-genero\\\/#article\",\"isPartOf\":{\"@id\":\"https:\\\/\\\/fuentesfidedignas.com.mx\\\/index.php\\\/2023\\\/07\\\/05\\\/policias-de-el-fuerte-reciben-capacitacion-para-formar-unidad-de-reaccion-inmediata-de-genero\\\/\"},\"author\":{\"name\":\"Redacci\u00f3n\",\"@id\":\"https:\\\/\\\/fuentesfidedignas.com.mx\\\/#\\\/schema\\\/person\\\/331be9283d37198e2acd5750279085b0\"},\"headline\":\"Polic\u00edas de El Fuerte reciben capacitaci\u00f3n para formar Unidad de Reacci\u00f3n Inmediata de G\u00e9nero\",\"datePublished\":\"2023-07-06T00:34:35+00:00\",\"dateModified\":\"2023-07-06T19:23:59+00:00\",\"mainEntityOfPage\":{\"@id\":\"https:\\\/\\\/fuentesfidedignas.com.mx\\\/index.php\\\/2023\\\/07\\\/05\\\/policias-de-el-fuerte-reciben-capacitacion-para-formar-unidad-de-reaccion-inmediata-de-genero\\\/\"},\"wordCount\":550,\"commentCount\":0,\"publisher\":{\"@id\":\"https:\\\/\\\/fuentesfidedignas.com.mx\\\/#organization\"},\"image\":{\"@id\":\"https:\\\/\\\/fuentesfidedignas.com.mx\\\/index.php\\\/2023\\\/07\\\/05\\\/policias-de-el-fuerte-reciben-capacitacion-para-formar-unidad-de-reaccion-inmediata-de-genero\\\/#primaryimage\"},\"thumbnailUrl\":\"https:\\\/\\\/fuentesfidedignas.com.mx\\\/wp-content\\\/uploads\\\/2023\\\/07\\\/IMG-20230705-WA0031.jpg\",\"articleSection\":[\"NOTICIAS LOCALES\"],\"inLanguage\":\"es\",\"potentialAction\":[{\"@type\":\"CommentAction\",\"name\":\"Comment\",\"target\":[\"https:\\\/\\\/fuentesfidedignas.com.mx\\\/index.php\\\/2023\\\/07\\\/05\\\/policias-de-el-fuerte-reciben-capacitacion-para-formar-unidad-de-reaccion-inmediata-de-genero\\\/#respond\"]}]},{\"@type\":\"WebPage\",\"@id\":\"https:\\\/\\\/fuentesfidedignas.com.mx\\\/index.php\\\/2023\\\/07\\\/05\\\/policias-de-el-fuerte-reciben-capacitacion-para-formar-unidad-de-reaccion-inmediata-de-genero\\\/\",\"url\":\"https:\\\/\\\/fuentesfidedignas.com.mx\\\/index.php\\\/2023\\\/07\\\/05\\\/policias-de-el-fuerte-reciben-capacitacion-para-formar-unidad-de-reaccion-inmediata-de-genero\\\/\",\"name\":\"Polic\u00edas de El Fuerte reciben capacitaci\u00f3n para formar Unidad de Reacci\u00f3n Inmediata de G\u00e9nero - Fuentes Fidedignas\",\"isPartOf\":{\"@id\":\"https:\\\/\\\/fuentesfidedignas.com.mx\\\/#website\"},\"primaryImageOfPage\":{\"@id\":\"https:\\\/\\\/fuentesfidedignas.com.mx\\\/index.php\\\/2023\\\/07\\\/05\\\/policias-de-el-fuerte-reciben-capacitacion-para-formar-unidad-de-reaccion-inmediata-de-genero\\\/#primaryimage\"},\"image\":{\"@id\":\"https:\\\/\\\/fuentesfidedignas.com.mx\\\/index.php\\\/2023\\\/07\\\/05\\\/policias-de-el-fuerte-reciben-capacitacion-para-formar-unidad-de-reaccion-inmediata-de-genero\\\/#primaryimage\"},\"thumbnailUrl\":\"https:\\\/\\\/fuentesfidedignas.com.mx\\\/wp-content\\\/uploads\\\/2023\\\/07\\\/IMG-20230705-WA0031.jpg\",\"datePublished\":\"2023-07-06T00:34:35+00:00\",\"dateModified\":\"2023-07-06T19:23:59+00:00\",\"breadcrumb\":{\"@id\":\"https:\\\/\\\/fuentesfidedignas.com.mx\\\/index.php\\\/2023\\\/07\\\/05\\\/policias-de-el-fuerte-reciben-capacitacion-para-formar-unidad-de-reaccion-inmediata-de-genero\\\/#breadcrumb\"},\"inLanguage\":\"es\",\"potentialAction\":[{\"@type\":\"ReadAction\",\"target\":[\"https:\\\/\\\/fuentesfidedignas.com.mx\\\/index.php\\\/2023\\\/07\\\/05\\\/policias-de-el-fuerte-reciben-capacitacion-para-formar-unidad-de-reaccion-inmediata-de-genero\\\/\"]}]},{\"@type\":\"ImageObject\",\"inLanguage\":\"es\",\"@id\":\"https:\\\/\\\/fuentesfidedignas.com.mx\\\/index.php\\\/2023\\\/07\\\/05\\\/policias-de-el-fuerte-reciben-capacitacion-para-formar-unidad-de-reaccion-inmediata-de-genero\\\/#primaryimage\",\"url\":\"https:\\\/\\\/fuentesfidedignas.com.mx\\\/wp-content\\\/uploads\\\/2023\\\/07\\\/IMG-20230705-WA0031.jpg\",\"contentUrl\":\"https:\\\/\\\/fuentesfidedignas.com.mx\\\/wp-content\\\/uploads\\\/2023\\\/07\\\/IMG-20230705-WA0031.jpg\",\"width\":640,\"height\":426},{\"@type\":\"BreadcrumbList\",\"@id\":\"https:\\\/\\\/fuentesfidedignas.com.mx\\\/index.php\\\/2023\\\/07\\\/05\\\/policias-de-el-fuerte-reciben-capacitacion-para-formar-unidad-de-reaccion-inmediata-de-genero\\\/#breadcrumb\",\"itemListElement\":[{\"@type\":\"ListItem\",\"position\":1,\"name\":\"Inicio\",\"item\":\"https:\\\/\\\/fuentesfidedignas.com.mx\\\/\"},{\"@type\":\"ListItem\",\"position\":2,\"name\":\"Polic\u00edas de El Fuerte reciben capacitaci\u00f3n para formar Unidad de Reacci\u00f3n Inmediata de G\u00e9nero\"}]},{\"@type\":\"WebSite\",\"@id\":\"https:\\\/\\\/fuentesfidedignas.com.mx\\\/#website\",\"url\":\"https:\\\/\\\/fuentesfidedignas.com.mx\\\/\",\"name\":\"Fuentes Fidedignas\",\"description\":\"Otro sitio realizado con WordPress\",\"publisher\":{\"@id\":\"https:\\\/\\\/fuentesfidedignas.com.mx\\\/#organization\"},\"potentialAction\":[{\"@type\":\"SearchAction\",\"target\":{\"@type\":\"EntryPoint\",\"urlTemplate\":\"https:\\\/\\\/fuentesfidedignas.com.mx\\\/?s={search_term_string}\"},\"query-input\":{\"@type\":\"PropertyValueSpecification\",\"valueRequired\":true,\"valueName\":\"search_term_string\"}}],\"inLanguage\":\"es\"},{\"@type\":\"Organization\",\"@id\":\"https:\\\/\\\/fuentesfidedignas.com.mx\\\/#organization\",\"name\":\"Fuentes Fidedignas\",\"url\":\"https:\\\/\\\/fuentesfidedignas.com.mx\\\/\",\"logo\":{\"@type\":\"ImageObject\",\"inLanguage\":\"es\",\"@id\":\"https:\\\/\\\/fuentesfidedignas.com.mx\\\/#\\\/schema\\\/logo\\\/image\\\/\",\"url\":\"https:\\\/\\\/fuentesfidedignas.com.mx\\\/wp-content\\\/uploads\\\/2021\\\/04\\\/logo-retina.png\",\"contentUrl\":\"https:\\\/\\\/fuentesfidedignas.com.mx\\\/wp-content\\\/uploads\\\/2021\\\/04\\\/logo-retina.png\",\"width\":280,\"height\":51,\"caption\":\"Fuentes Fidedignas\"},\"image\":{\"@id\":\"https:\\\/\\\/fuentesfidedignas.com.mx\\\/#\\\/schema\\\/logo\\\/image\\\/\"},\"sameAs\":[\"https:\\\/\\\/www.facebook.com\\\/Fuentes-Fidedignas-368234489921644\",\"https:\\\/\\\/x.com\\\/fidedignas\"]},{\"@type\":\"Person\",\"@id\":\"https:\\\/\\\/fuentesfidedignas.com.mx\\\/#\\\/schema\\\/person\\\/331be9283d37198e2acd5750279085b0\",\"name\":\"Redacci\u00f3n\",\"image\":{\"@type\":\"ImageObject\",\"inLanguage\":\"es\",\"@id\":\"https:\\\/\\\/secure.gravatar.com\\\/avatar\\\/f6d8782c11d12b2d4ad3fbb6931aeab5309937a4d6cd2fc9cfaa28a6396a5aec?s=96&d=mm&r=g\",\"url\":\"https:\\\/\\\/secure.gravatar.com\\\/avatar\\\/f6d8782c11d12b2d4ad3fbb6931aeab5309937a4d6cd2fc9cfaa28a6396a5aec?s=96&d=mm&r=g\",\"contentUrl\":\"https:\\\/\\\/secure.gravatar.com\\\/avatar\\\/f6d8782c11d12b2d4ad3fbb6931aeab5309937a4d6cd2fc9cfaa28a6396a5aec?s=96&d=mm&r=g\",\"caption\":\"Redacci\u00f3n\"},\"url\":\"https:\\\/\\\/fuentesfidedignas.com.mx\\\/index.php\\\/author\\\/redaccion\\\/\"}]}<\/script>\n<!-- \/ Yoast SEO plugin. -->","yoast_head_json":{"title":"Polic\u00edas de El Fuerte reciben capacitaci\u00f3n para formar Unidad de Reacci\u00f3n Inmediata de G\u00e9nero - Fuentes Fidedignas","robots":{"index":"index","follow":"follow","max-snippet":"max-snippet:-1","max-image-preview":"max-image-preview:large","max-video-preview":"max-video-preview:-1"},"canonical":"https:\/\/fuentesfidedignas.com.mx\/index.php\/2023\/07\/05\/policias-de-el-fuerte-reciben-capacitacion-para-formar-unidad-de-reaccion-inmediata-de-genero\/","og_locale":"es_MX","og_type":"article","og_title":"Polic\u00edas de El Fuerte reciben capacitaci\u00f3n para formar Unidad de Reacci\u00f3n Inmediata de G\u00e9nero - Fuentes Fidedignas","og_description":"Con el objetivo de brindar atenci\u00f3n oportuna y especializada ante las denuncias que se puedan presentar respecto a violencia contra mujeres, ni\u00f1as y adolescentes, los elementos policiacos que integrar\u00e1n esta unidad, recibieron su primera capacitaci\u00f3n El Fuerte, Sin.- Dando continuidad a los acuerdos tomados en la anterior vista de Mar\u00eda Teresa Guerra Ochoa, Titular de [&hellip;]","og_url":"https:\/\/fuentesfidedignas.com.mx\/index.php\/2023\/07\/05\/policias-de-el-fuerte-reciben-capacitacion-para-formar-unidad-de-reaccion-inmediata-de-genero\/","og_site_name":"Fuentes Fidedignas","article_publisher":"https:\/\/www.facebook.com\/Fuentes-Fidedignas-368234489921644","article_published_time":"2023-07-06T00:34:35+00:00","article_modified_time":"2023-07-06T19:23:59+00:00","og_image":[{"url":"https:\/\/fuentesfidedignas.com.mx\/wp-content\/uploads\/2023\/07\/1000088327.jpg","type":"","width":"","height":""}],"author":"Redacci\u00f3n","twitter_card":"summary_large_image","twitter_creator":"@fidedignas","twitter_site":"@fidedignas","twitter_misc":{"Escrito por":"Redacci\u00f3n","Tiempo de lectura":"4 minutos"},"schema":{"@context":"https:\/\/schema.org","@graph":[{"@type":"Article","@id":"https:\/\/fuentesfidedignas.com.mx\/index.php\/2023\/07\/05\/policias-de-el-fuerte-reciben-capacitacion-para-formar-unidad-de-reaccion-inmediata-de-genero\/#article","isPartOf":{"@id":"https:\/\/fuentesfidedignas.com.mx\/index.php\/2023\/07\/05\/policias-de-el-fuerte-reciben-capacitacion-para-formar-unidad-de-reaccion-inmediata-de-genero\/"},"author":{"name":"Redacci\u00f3n","@id":"https:\/\/fuentesfidedignas.com.mx\/#\/schema\/person\/331be9283d37198e2acd5750279085b0"},"headline":"Polic\u00edas de El Fuerte reciben capacitaci\u00f3n para formar Unidad de Reacci\u00f3n Inmediata de G\u00e9nero","datePublished":"2023-07-06T00:34:35+00:00","dateModified":"2023-07-06T19:23:59+00:00","mainEntityOfPage":{"@id":"https:\/\/fuentesfidedignas.com.mx\/index.php\/2023\/07\/05\/policias-de-el-fuerte-reciben-capacitacion-para-formar-unidad-de-reaccion-inmediata-de-genero\/"},"wordCount":550,"commentCount":0,"publisher":{"@id":"https:\/\/fuentesfidedignas.com.mx\/#organization"},"image":{"@id":"https:\/\/fuentesfidedignas.com.mx\/index.php\/2023\/07\/05\/policias-de-el-fuerte-reciben-capacitacion-para-formar-unidad-de-reaccion-inmediata-de-genero\/#primaryimage"},"thumbnailUrl":"https:\/\/fuentesfidedignas.com.mx\/wp-content\/uploads\/2023\/07\/IMG-20230705-WA0031.jpg","articleSection":["NOTICIAS LOCALES"],"inLanguage":"es","potentialAction":[{"@type":"CommentAction","name":"Comment","target":["https:\/\/fuentesfidedignas.com.mx\/index.php\/2023\/07\/05\/policias-de-el-fuerte-reciben-capacitacion-para-formar-unidad-de-reaccion-inmediata-de-genero\/#respond"]}]},{"@type":"WebPage","@id":"https:\/\/fuentesfidedignas.com.mx\/index.php\/2023\/07\/05\/policias-de-el-fuerte-reciben-capacitacion-para-formar-unidad-de-reaccion-inmediata-de-genero\/","url":"https:\/\/fuentesfidedignas.com.mx\/index.php\/2023\/07\/05\/policias-de-el-fuerte-reciben-capacitacion-para-formar-unidad-de-reaccion-inmediata-de-genero\/","name":"Polic\u00edas de El Fuerte reciben capacitaci\u00f3n para formar Unidad de Reacci\u00f3n Inmediata de G\u00e9nero - Fuentes Fidedignas","isPartOf":{"@id":"https:\/\/fuentesfidedignas.com.mx\/#website"},"primaryImageOfPage":{"@id":"https:\/\/fuentesfidedignas.com.mx\/index.php\/2023\/07\/05\/policias-de-el-fuerte-reciben-capacitacion-para-formar-unidad-de-reaccion-inmediata-de-genero\/#primaryimage"},"image":{"@id":"https:\/\/fuentesfidedignas.com.mx\/index.php\/2023\/07\/05\/policias-de-el-fuerte-reciben-capacitacion-para-formar-unidad-de-reaccion-inmediata-de-genero\/#primaryimage"},"thumbnailUrl":"https:\/\/fuentesfidedignas.com.mx\/wp-content\/uploads\/2023\/07\/IMG-20230705-WA0031.jpg","datePublished":"2023-07-06T00:34:35+00:00","dateModified":"2023-07-06T19:23:59+00:00","breadcrumb":{"@id":"https:\/\/fuentesfidedignas.com.mx\/index.php\/2023\/07\/05\/policias-de-el-fuerte-reciben-capacitacion-para-formar-unidad-de-reaccion-inmediata-de-genero\/#breadcrumb"},"inLanguage":"es","potentialAction":[{"@type":"ReadAction","target":["https:\/\/fuentesfidedignas.com.mx\/index.php\/2023\/07\/05\/policias-de-el-fuerte-reciben-capacitacion-para-formar-unidad-de-reaccion-inmediata-de-genero\/"]}]},{"@type":"ImageObject","inLanguage":"es","@id":"https:\/\/fuentesfidedignas.com.mx\/index.php\/2023\/07\/05\/policias-de-el-fuerte-reciben-capacitacion-para-formar-unidad-de-reaccion-inmediata-de-genero\/#primaryimage","url":"https:\/\/fuentesfidedignas.com.mx\/wp-content\/uploads\/2023\/07\/IMG-20230705-WA0031.jpg","contentUrl":"https:\/\/fuentesfidedignas.com.mx\/wp-content\/uploads\/2023\/07\/IMG-20230705-WA0031.jpg","width":640,"height":426},{"@type":"BreadcrumbList","@id":"https:\/\/fuentesfidedignas.com.mx\/index.php\/2023\/07\/05\/policias-de-el-fuerte-reciben-capacitacion-para-formar-unidad-de-reaccion-inmediata-de-genero\/#breadcrumb","itemListElement":[{"@type":"ListItem","position":1,"name":"Inicio","item":"https:\/\/fuentesfidedignas.com.mx\/"},{"@type":"ListItem","position":2,"name":"Polic\u00edas de El Fuerte reciben capacitaci\u00f3n para formar Unidad de Reacci\u00f3n Inmediata de G\u00e9nero"}]},{"@type":"WebSite","@id":"https:\/\/fuentesfidedignas.com.mx\/#website","url":"https:\/\/fuentesfidedignas.com.mx\/","name":"Fuentes Fidedignas","description":"Otro sitio realizado con WordPress","publisher":{"@id":"https:\/\/fuentesfidedignas.com.mx\/#organization"},"potentialAction":[{"@type":"SearchAction","target":{"@type":"EntryPoint","urlTemplate":"https:\/\/fuentesfidedignas.com.mx\/?s={search_term_string}"},"query-input":{"@type":"PropertyValueSpecification","valueRequired":true,"valueName":"search_term_string"}}],"inLanguage":"es"},{"@type":"Organization","@id":"https:\/\/fuentesfidedignas.com.mx\/#organization","name":"Fuentes Fidedignas","url":"https:\/\/fuentesfidedignas.com.mx\/","logo":{"@type":"ImageObject","inLanguage":"es","@id":"https:\/\/fuentesfidedignas.com.mx\/#\/schema\/logo\/image\/","url":"https:\/\/fuentesfidedignas.com.mx\/wp-content\/uploads\/2021\/04\/logo-retina.png","contentUrl":"https:\/\/fuentesfidedignas.com.mx\/wp-content\/uploads\/2021\/04\/logo-retina.png","width":280,"height":51,"caption":"Fuentes Fidedignas"},"image":{"@id":"https:\/\/fuentesfidedignas.com.mx\/#\/schema\/logo\/image\/"},"sameAs":["https:\/\/www.facebook.com\/Fuentes-Fidedignas-368234489921644","https:\/\/x.com\/fidedignas"]},{"@type":"Person","@id":"https:\/\/fuentesfidedignas.com.mx\/#\/schema\/person\/331be9283d37198e2acd5750279085b0","name":"Redacci\u00f3n","image":{"@type":"ImageObject","inLanguage":"es","@id":"https:\/\/secure.gravatar.com\/avatar\/f6d8782c11d12b2d4ad3fbb6931aeab5309937a4d6cd2fc9cfaa28a6396a5aec?s=96&d=mm&r=g","url":"https:\/\/secure.gravatar.com\/avatar\/f6d8782c11d12b2d4ad3fbb6931aeab5309937a4d6cd2fc9cfaa28a6396a5aec?s=96&d=mm&r=g","contentUrl":"https:\/\/secure.gravatar.com\/avatar\/f6d8782c11d12b2d4ad3fbb6931aeab5309937a4d6cd2fc9cfaa28a6396a5aec?s=96&d=mm&r=g","caption":"Redacci\u00f3n"},"url":"https:\/\/fuentesfidedignas.com.mx\/index.php\/author\/redaccion\/"}]}},"_links":{"self":[{"href":"https:\/\/fuentesfidedignas.com.mx\/index.php\/wp-json\/wp\/v2\/posts\/52017","targetHints":{"allow":["GET"]}}],"collection":[{"href":"https:\/\/fuentesfidedignas.com.mx\/index.php\/wp-json\/wp\/v2\/posts"}],"about":[{"href":"https:\/\/fuentesfidedignas.com.mx\/index.php\/wp-json\/wp\/v2\/types\/post"}],"author":[{"embeddable":true,"href":"https:\/\/fuentesfidedignas.com.mx\/index.php\/wp-json\/wp\/v2\/users\/4"}],"replies":[{"embeddable":true,"href":"https:\/\/fuentesfidedignas.com.mx\/index.php\/wp-json\/wp\/v2\/comments?post=52017"}],"version-history":[{"count":1,"href":"https:\/\/fuentesfidedignas.com.mx\/index.php\/wp-json\/wp\/v2\/posts\/52017\/revisions"}],"predecessor-version":[{"id":52023,"href":"https:\/\/fuentesfidedignas.com.mx\/index.php\/wp-json\/wp\/v2\/posts\/52017\/revisions\/52023"}],"wp:featuredmedia":[{"embeddable":true,"href":"https:\/\/fuentesfidedignas.com.mx\/index.php\/wp-json\/wp\/v2\/media\/52024"}],"wp:attachment":[{"href":"https:\/\/fuentesfidedignas.com.mx\/index.php\/wp-json\/wp\/v2\/media?parent=52017"}],"wp:term":[{"taxonomy":"category","embeddable":true,"href":"https:\/\/fuentesfidedignas.com.mx\/index.php\/wp-json\/wp\/v2\/categories?post=52017"},{"taxonomy":"post_tag","embeddable":true,"href":"https:\/\/fuentesfidedignas.com.mx\/index.php\/wp-json\/wp\/v2\/tags?post=52017"}],"curies":[{"name":"wp","href":"https:\/\/api.w.org\/{rel}","templated":true}]}}