{"id":51998,"date":"2023-07-05T12:57:56","date_gmt":"2023-07-05T19:57:56","guid":{"rendered":"https:\/\/fuentesfidedignas.com.mx\/?p=51998"},"modified":"2023-07-05T14:22:04","modified_gmt":"2023-07-05T21:22:04","slug":"el-pas-lleva-la-triada-de-la-salud-a-los-20-municipios","status":"publish","type":"post","link":"https:\/\/fuentesfidedignas.com.mx\/index.php\/2023\/07\/05\/el-pas-lleva-la-triada-de-la-salud-a-los-20-municipios\/","title":{"rendered":"El PAS lleva la Triada de la Salud a los 20 municipios"},"content":{"rendered":"\n<p><strong><em>La triada de la salud un programa que el PAS acerca a los adultos mayores con el fin de detectar a tiempo enfermedades como la diabetes y la hipertensi\u00f3n<\/em><\/strong><\/p>\n\n\n\n<p>Culiac\u00e1n, Sin.- El Dirigente Estatal del Partido Sinaloense (AS), H\u00e9ctor Melesio Cu\u00e9n Ojeda, asisti\u00f3 a la inauguraci\u00f3n de la Triada de la Salud, la cual busca detectar y controlar a tiempo la hipertensi\u00f3n, obesidad y diabetes, llev\u00e1ndose acabo de manera simult\u00e1nea en los 20 municipios de Sinaloa, dicha actividad funge a cargo de la Secretaria de Adultos Mayores Guillermina Verdugo Zavala el dirigente del PAS en compa\u00f1\u00eda de la Secretaria de Activismo Social, Ang\u00e9lica D\u00edaz Qui\u00f1\u00f3nez y el Secretario de Gesti\u00f3n Social Dr. Manuel Urtusuastegui resalt\u00f3 la necesidad de poner especial atenci\u00f3n a los adultos mayores.<\/p>\n\n\n\n<p>\u201c<strong>Hay mucha gente que arriba de 20 a\u00f1os, el 10.3 por ciento de los sinaloenses tienen diabetes y hay un trancazo m\u00e1s que no saben que tienen diabetes, \u00bfPor qu\u00e9? Pues porque no se checan, y eso no es nada, el 16.5 por ciento son hipertensos los de arriba de 20 a\u00f1os y eso es solo aqu\u00ed en Sinaloa<\/strong>\u201d, detall\u00f3 el Dirigente.<\/p>\n\n\n\n<figure class=\"wp-block-image size-large\"><img decoding=\"async\" width=\"1024\" height=\"682\" src=\"https:\/\/fuentesfidedignas.com.mx\/wp-content\/uploads\/2023\/07\/IMG-20230705-WA0019-1024x682.jpg\" alt=\"\" class=\"wp-image-52001\" srcset=\"https:\/\/fuentesfidedignas.com.mx\/wp-content\/uploads\/2023\/07\/IMG-20230705-WA0019-1024x682.jpg 1024w, https:\/\/fuentesfidedignas.com.mx\/wp-content\/uploads\/2023\/07\/IMG-20230705-WA0019-300x200.jpg 300w, https:\/\/fuentesfidedignas.com.mx\/wp-content\/uploads\/2023\/07\/IMG-20230705-WA0019-768x512.jpg 768w, https:\/\/fuentesfidedignas.com.mx\/wp-content\/uploads\/2023\/07\/IMG-20230705-WA0019-1536x1023.jpg 1536w, https:\/\/fuentesfidedignas.com.mx\/wp-content\/uploads\/2023\/07\/IMG-20230705-WA0019.jpg 1600w\" sizes=\"(max-width: 1024px) 100vw, 1024px\" \/><\/figure>\n\n\n\n<p>Cu\u00e9n Ojeda, explic\u00f3 la necesidad de que las personas tengan la cultura de realizarse chequeos m\u00e9dicos, principalmente los adultos mayores, quienes son los m\u00e1s vulnerables ante estas enfermedades, es por ello que record\u00f3 que, como Partido Sinaloense ya se cumplieron 10 a\u00f1os de llevar a cabo este tipo de acciones, que buscan el bienestar de la ciudadan\u00eda.<\/p>\n\n\n\n<p>As\u00ed mismo, el Dirigente Estatal aprovech\u00f3, para invitar a toda la sociedad sinaloense a acudir a estas jornadas, que se realizan de manera integral, ya que no solo se diagn\u00f3stica la enfermedad, sino que tambi\u00e9n se les canaliza con los M\u00e9dicos Especialistas, y se apoya de igual manera con medicinas y tratamiento que requieran para darle seguimiento a cualquier problema de salud que puedan presentar.<\/p>\n\n\n\n<p>\u201c<strong>\u00bfQu\u00e9 hacemos nosotros? Algo bien sencillo, solo les pegamos un pinchazo para cuantificar la glucosa sangu\u00ednea, si hay alg\u00fan problema, el Dr. Urtusuastegui lo va a tratar, si necesitan un endocrin\u00f3logo, \u00e9l se los va a conseguir y si el problema va m\u00e1s all\u00e1, \u00e9l tambi\u00e9n le va a conseguir el M\u00e9dico Especialista correspondiente<\/strong>\u201d, detall\u00f3.<\/p>\n\n\n\n<p>El L\u00edder Pasista, a\u00f1adi\u00f3 que, adem\u00e1s de las jornadas simult\u00e1neas, en el PAS se trabaja de manera diaria, por lo que cualquier ciudadano puede acudir a las oficinas estatales, donde se cuenta con un consultorio familiar gratuito, asesor\u00edas jur\u00eddicas, el PAScota, as\u00ed como tambi\u00e9n orientaci\u00f3n y apoyo para cualquier duda o aclaraci\u00f3n de los ciudadanos.<\/p>\n","protected":false},"excerpt":{"rendered":"<p>La triada de la salud un programa que el PAS acerca a los adultos mayores con el fin de detectar a tiempo enfermedades como la diabetes y la hipertensi\u00f3n Culiac\u00e1n, Sin.- El Dirigente Estatal del Partido Sinaloense (AS), H\u00e9ctor Melesio Cu\u00e9n Ojeda, asisti\u00f3 a la inauguraci\u00f3n de la Triada de la Salud, la cual busca [&hellip;]<\/p>\n","protected":false},"author":4,"featured_media":52000,"comment_status":"open","ping_status":"open","sticky":false,"template":"","format":"standard","meta":{"tdm_status":"","tdm_grid_status":"","footnotes":""},"categories":[37,1],"tags":[],"class_list":{"0":"post-51998","1":"post","2":"type-post","3":"status-publish","4":"format-standard","5":"has-post-thumbnail","7":"category-nota-principal","8":"category-sin-categoria"},"yoast_head":"<!-- This site is optimized with the Yoast SEO plugin v27.4 - https:\/\/yoast.com\/product\/yoast-seo-wordpress\/ -->\n<title>El PAS lleva la Triada de la Salud a los 20 municipios - Fuentes Fidedignas<\/title>\n<meta name=\"robots\" content=\"index, follow, max-snippet:-1, max-image-preview:large, max-video-preview:-1\" \/>\n<link rel=\"canonical\" href=\"https:\/\/fuentesfidedignas.com.mx\/index.php\/2023\/07\/05\/el-pas-lleva-la-triada-de-la-salud-a-los-20-municipios\/\" \/>\n<meta property=\"og:locale\" content=\"es_MX\" \/>\n<meta property=\"og:type\" content=\"article\" \/>\n<meta property=\"og:title\" content=\"El PAS lleva la Triada de la Salud a los 20 municipios - Fuentes Fidedignas\" \/>\n<meta property=\"og:description\" content=\"La triada de la salud un programa que el PAS acerca a los adultos mayores con el fin de detectar a tiempo enfermedades como la diabetes y la hipertensi\u00f3n Culiac\u00e1n, Sin.- El Dirigente Estatal del Partido Sinaloense (AS), H\u00e9ctor Melesio Cu\u00e9n Ojeda, asisti\u00f3 a la inauguraci\u00f3n de la Triada de la Salud, la cual busca [&hellip;]\" \/>\n<meta property=\"og:url\" content=\"https:\/\/fuentesfidedignas.com.mx\/index.php\/2023\/07\/05\/el-pas-lleva-la-triada-de-la-salud-a-los-20-municipios\/\" \/>\n<meta property=\"og:site_name\" content=\"Fuentes Fidedignas\" \/>\n<meta property=\"article:publisher\" content=\"https:\/\/www.facebook.com\/Fuentes-Fidedignas-368234489921644\" \/>\n<meta property=\"article:published_time\" content=\"2023-07-05T19:57:56+00:00\" \/>\n<meta property=\"article:modified_time\" content=\"2023-07-05T21:22:04+00:00\" \/>\n<meta property=\"og:image\" content=\"https:\/\/fuentesfidedignas.com.mx\/wp-content\/uploads\/2023\/07\/IMG-20230705-WA0020.jpg\" \/>\n\t<meta property=\"og:image:width\" content=\"1600\" \/>\n\t<meta property=\"og:image:height\" content=\"1066\" \/>\n\t<meta property=\"og:image:type\" content=\"image\/jpeg\" \/>\n<meta name=\"author\" content=\"Redacci\u00f3n\" \/>\n<meta name=\"twitter:card\" content=\"summary_large_image\" \/>\n<meta name=\"twitter:creator\" content=\"@fidedignas\" \/>\n<meta name=\"twitter:site\" content=\"@fidedignas\" \/>\n<meta name=\"twitter:label1\" content=\"Escrito por\" \/>\n\t<meta name=\"twitter:data1\" content=\"Redacci\u00f3n\" \/>\n\t<meta name=\"twitter:label2\" content=\"Tiempo de lectura\" \/>\n\t<meta name=\"twitter:data2\" content=\"2 minutos\" \/>\n<script type=\"application\/ld+json\" class=\"yoast-schema-graph\">{\"@context\":\"https:\\\/\\\/schema.org\",\"@graph\":[{\"@type\":\"Article\",\"@id\":\"https:\\\/\\\/fuentesfidedignas.com.mx\\\/index.php\\\/2023\\\/07\\\/05\\\/el-pas-lleva-la-triada-de-la-salud-a-los-20-municipios\\\/#article\",\"isPartOf\":{\"@id\":\"https:\\\/\\\/fuentesfidedignas.com.mx\\\/index.php\\\/2023\\\/07\\\/05\\\/el-pas-lleva-la-triada-de-la-salud-a-los-20-municipios\\\/\"},\"author\":{\"name\":\"Redacci\u00f3n\",\"@id\":\"https:\\\/\\\/fuentesfidedignas.com.mx\\\/#\\\/schema\\\/person\\\/331be9283d37198e2acd5750279085b0\"},\"headline\":\"El PAS lleva la Triada de la Salud a los 20 municipios\",\"datePublished\":\"2023-07-05T19:57:56+00:00\",\"dateModified\":\"2023-07-05T21:22:04+00:00\",\"mainEntityOfPage\":{\"@id\":\"https:\\\/\\\/fuentesfidedignas.com.mx\\\/index.php\\\/2023\\\/07\\\/05\\\/el-pas-lleva-la-triada-de-la-salud-a-los-20-municipios\\\/\"},\"wordCount\":465,\"commentCount\":0,\"publisher\":{\"@id\":\"https:\\\/\\\/fuentesfidedignas.com.mx\\\/#organization\"},\"image\":{\"@id\":\"https:\\\/\\\/fuentesfidedignas.com.mx\\\/index.php\\\/2023\\\/07\\\/05\\\/el-pas-lleva-la-triada-de-la-salud-a-los-20-municipios\\\/#primaryimage\"},\"thumbnailUrl\":\"https:\\\/\\\/fuentesfidedignas.com.mx\\\/wp-content\\\/uploads\\\/2023\\\/07\\\/IMG-20230705-WA0020.jpg\",\"articleSection\":[\"NOTA PRINCIPAL\"],\"inLanguage\":\"es\",\"potentialAction\":[{\"@type\":\"CommentAction\",\"name\":\"Comment\",\"target\":[\"https:\\\/\\\/fuentesfidedignas.com.mx\\\/index.php\\\/2023\\\/07\\\/05\\\/el-pas-lleva-la-triada-de-la-salud-a-los-20-municipios\\\/#respond\"]}]},{\"@type\":\"WebPage\",\"@id\":\"https:\\\/\\\/fuentesfidedignas.com.mx\\\/index.php\\\/2023\\\/07\\\/05\\\/el-pas-lleva-la-triada-de-la-salud-a-los-20-municipios\\\/\",\"url\":\"https:\\\/\\\/fuentesfidedignas.com.mx\\\/index.php\\\/2023\\\/07\\\/05\\\/el-pas-lleva-la-triada-de-la-salud-a-los-20-municipios\\\/\",\"name\":\"El PAS lleva la Triada de la Salud a los 20 municipios - Fuentes Fidedignas\",\"isPartOf\":{\"@id\":\"https:\\\/\\\/fuentesfidedignas.com.mx\\\/#website\"},\"primaryImageOfPage\":{\"@id\":\"https:\\\/\\\/fuentesfidedignas.com.mx\\\/index.php\\\/2023\\\/07\\\/05\\\/el-pas-lleva-la-triada-de-la-salud-a-los-20-municipios\\\/#primaryimage\"},\"image\":{\"@id\":\"https:\\\/\\\/fuentesfidedignas.com.mx\\\/index.php\\\/2023\\\/07\\\/05\\\/el-pas-lleva-la-triada-de-la-salud-a-los-20-municipios\\\/#primaryimage\"},\"thumbnailUrl\":\"https:\\\/\\\/fuentesfidedignas.com.mx\\\/wp-content\\\/uploads\\\/2023\\\/07\\\/IMG-20230705-WA0020.jpg\",\"datePublished\":\"2023-07-05T19:57:56+00:00\",\"dateModified\":\"2023-07-05T21:22:04+00:00\",\"breadcrumb\":{\"@id\":\"https:\\\/\\\/fuentesfidedignas.com.mx\\\/index.php\\\/2023\\\/07\\\/05\\\/el-pas-lleva-la-triada-de-la-salud-a-los-20-municipios\\\/#breadcrumb\"},\"inLanguage\":\"es\",\"potentialAction\":[{\"@type\":\"ReadAction\",\"target\":[\"https:\\\/\\\/fuentesfidedignas.com.mx\\\/index.php\\\/2023\\\/07\\\/05\\\/el-pas-lleva-la-triada-de-la-salud-a-los-20-municipios\\\/\"]}]},{\"@type\":\"ImageObject\",\"inLanguage\":\"es\",\"@id\":\"https:\\\/\\\/fuentesfidedignas.com.mx\\\/index.php\\\/2023\\\/07\\\/05\\\/el-pas-lleva-la-triada-de-la-salud-a-los-20-municipios\\\/#primaryimage\",\"url\":\"https:\\\/\\\/fuentesfidedignas.com.mx\\\/wp-content\\\/uploads\\\/2023\\\/07\\\/IMG-20230705-WA0020.jpg\",\"contentUrl\":\"https:\\\/\\\/fuentesfidedignas.com.mx\\\/wp-content\\\/uploads\\\/2023\\\/07\\\/IMG-20230705-WA0020.jpg\",\"width\":1600,\"height\":1066},{\"@type\":\"BreadcrumbList\",\"@id\":\"https:\\\/\\\/fuentesfidedignas.com.mx\\\/index.php\\\/2023\\\/07\\\/05\\\/el-pas-lleva-la-triada-de-la-salud-a-los-20-municipios\\\/#breadcrumb\",\"itemListElement\":[{\"@type\":\"ListItem\",\"position\":1,\"name\":\"Inicio\",\"item\":\"https:\\\/\\\/fuentesfidedignas.com.mx\\\/\"},{\"@type\":\"ListItem\",\"position\":2,\"name\":\"El PAS lleva la Triada de la Salud a los 20 municipios\"}]},{\"@type\":\"WebSite\",\"@id\":\"https:\\\/\\\/fuentesfidedignas.com.mx\\\/#website\",\"url\":\"https:\\\/\\\/fuentesfidedignas.com.mx\\\/\",\"name\":\"Fuentes Fidedignas\",\"description\":\"Otro sitio realizado con WordPress\",\"publisher\":{\"@id\":\"https:\\\/\\\/fuentesfidedignas.com.mx\\\/#organization\"},\"potentialAction\":[{\"@type\":\"SearchAction\",\"target\":{\"@type\":\"EntryPoint\",\"urlTemplate\":\"https:\\\/\\\/fuentesfidedignas.com.mx\\\/?s={search_term_string}\"},\"query-input\":{\"@type\":\"PropertyValueSpecification\",\"valueRequired\":true,\"valueName\":\"search_term_string\"}}],\"inLanguage\":\"es\"},{\"@type\":\"Organization\",\"@id\":\"https:\\\/\\\/fuentesfidedignas.com.mx\\\/#organization\",\"name\":\"Fuentes Fidedignas\",\"url\":\"https:\\\/\\\/fuentesfidedignas.com.mx\\\/\",\"logo\":{\"@type\":\"ImageObject\",\"inLanguage\":\"es\",\"@id\":\"https:\\\/\\\/fuentesfidedignas.com.mx\\\/#\\\/schema\\\/logo\\\/image\\\/\",\"url\":\"https:\\\/\\\/fuentesfidedignas.com.mx\\\/wp-content\\\/uploads\\\/2021\\\/04\\\/logo-retina.png\",\"contentUrl\":\"https:\\\/\\\/fuentesfidedignas.com.mx\\\/wp-content\\\/uploads\\\/2021\\\/04\\\/logo-retina.png\",\"width\":280,\"height\":51,\"caption\":\"Fuentes Fidedignas\"},\"image\":{\"@id\":\"https:\\\/\\\/fuentesfidedignas.com.mx\\\/#\\\/schema\\\/logo\\\/image\\\/\"},\"sameAs\":[\"https:\\\/\\\/www.facebook.com\\\/Fuentes-Fidedignas-368234489921644\",\"https:\\\/\\\/x.com\\\/fidedignas\"]},{\"@type\":\"Person\",\"@id\":\"https:\\\/\\\/fuentesfidedignas.com.mx\\\/#\\\/schema\\\/person\\\/331be9283d37198e2acd5750279085b0\",\"name\":\"Redacci\u00f3n\",\"image\":{\"@type\":\"ImageObject\",\"inLanguage\":\"es\",\"@id\":\"https:\\\/\\\/secure.gravatar.com\\\/avatar\\\/f6d8782c11d12b2d4ad3fbb6931aeab5309937a4d6cd2fc9cfaa28a6396a5aec?s=96&d=mm&r=g\",\"url\":\"https:\\\/\\\/secure.gravatar.com\\\/avatar\\\/f6d8782c11d12b2d4ad3fbb6931aeab5309937a4d6cd2fc9cfaa28a6396a5aec?s=96&d=mm&r=g\",\"contentUrl\":\"https:\\\/\\\/secure.gravatar.com\\\/avatar\\\/f6d8782c11d12b2d4ad3fbb6931aeab5309937a4d6cd2fc9cfaa28a6396a5aec?s=96&d=mm&r=g\",\"caption\":\"Redacci\u00f3n\"},\"url\":\"https:\\\/\\\/fuentesfidedignas.com.mx\\\/index.php\\\/author\\\/redaccion\\\/\"}]}<\/script>\n<!-- \/ Yoast SEO plugin. -->","yoast_head_json":{"title":"El PAS lleva la Triada de la Salud a los 20 municipios - Fuentes Fidedignas","robots":{"index":"index","follow":"follow","max-snippet":"max-snippet:-1","max-image-preview":"max-image-preview:large","max-video-preview":"max-video-preview:-1"},"canonical":"https:\/\/fuentesfidedignas.com.mx\/index.php\/2023\/07\/05\/el-pas-lleva-la-triada-de-la-salud-a-los-20-municipios\/","og_locale":"es_MX","og_type":"article","og_title":"El PAS lleva la Triada de la Salud a los 20 municipios - Fuentes Fidedignas","og_description":"La triada de la salud un programa que el PAS acerca a los adultos mayores con el fin de detectar a tiempo enfermedades como la diabetes y la hipertensi\u00f3n Culiac\u00e1n, Sin.- El Dirigente Estatal del Partido Sinaloense (AS), H\u00e9ctor Melesio Cu\u00e9n Ojeda, asisti\u00f3 a la inauguraci\u00f3n de la Triada de la Salud, la cual busca [&hellip;]","og_url":"https:\/\/fuentesfidedignas.com.mx\/index.php\/2023\/07\/05\/el-pas-lleva-la-triada-de-la-salud-a-los-20-municipios\/","og_site_name":"Fuentes Fidedignas","article_publisher":"https:\/\/www.facebook.com\/Fuentes-Fidedignas-368234489921644","article_published_time":"2023-07-05T19:57:56+00:00","article_modified_time":"2023-07-05T21:22:04+00:00","og_image":[{"width":1600,"height":1066,"url":"https:\/\/fuentesfidedignas.com.mx\/wp-content\/uploads\/2023\/07\/IMG-20230705-WA0020.jpg","type":"image\/jpeg"}],"author":"Redacci\u00f3n","twitter_card":"summary_large_image","twitter_creator":"@fidedignas","twitter_site":"@fidedignas","twitter_misc":{"Escrito por":"Redacci\u00f3n","Tiempo de lectura":"2 minutos"},"schema":{"@context":"https:\/\/schema.org","@graph":[{"@type":"Article","@id":"https:\/\/fuentesfidedignas.com.mx\/index.php\/2023\/07\/05\/el-pas-lleva-la-triada-de-la-salud-a-los-20-municipios\/#article","isPartOf":{"@id":"https:\/\/fuentesfidedignas.com.mx\/index.php\/2023\/07\/05\/el-pas-lleva-la-triada-de-la-salud-a-los-20-municipios\/"},"author":{"name":"Redacci\u00f3n","@id":"https:\/\/fuentesfidedignas.com.mx\/#\/schema\/person\/331be9283d37198e2acd5750279085b0"},"headline":"El PAS lleva la Triada de la Salud a los 20 municipios","datePublished":"2023-07-05T19:57:56+00:00","dateModified":"2023-07-05T21:22:04+00:00","mainEntityOfPage":{"@id":"https:\/\/fuentesfidedignas.com.mx\/index.php\/2023\/07\/05\/el-pas-lleva-la-triada-de-la-salud-a-los-20-municipios\/"},"wordCount":465,"commentCount":0,"publisher":{"@id":"https:\/\/fuentesfidedignas.com.mx\/#organization"},"image":{"@id":"https:\/\/fuentesfidedignas.com.mx\/index.php\/2023\/07\/05\/el-pas-lleva-la-triada-de-la-salud-a-los-20-municipios\/#primaryimage"},"thumbnailUrl":"https:\/\/fuentesfidedignas.com.mx\/wp-content\/uploads\/2023\/07\/IMG-20230705-WA0020.jpg","articleSection":["NOTA PRINCIPAL"],"inLanguage":"es","potentialAction":[{"@type":"CommentAction","name":"Comment","target":["https:\/\/fuentesfidedignas.com.mx\/index.php\/2023\/07\/05\/el-pas-lleva-la-triada-de-la-salud-a-los-20-municipios\/#respond"]}]},{"@type":"WebPage","@id":"https:\/\/fuentesfidedignas.com.mx\/index.php\/2023\/07\/05\/el-pas-lleva-la-triada-de-la-salud-a-los-20-municipios\/","url":"https:\/\/fuentesfidedignas.com.mx\/index.php\/2023\/07\/05\/el-pas-lleva-la-triada-de-la-salud-a-los-20-municipios\/","name":"El PAS lleva la Triada de la Salud a los 20 municipios - Fuentes Fidedignas","isPartOf":{"@id":"https:\/\/fuentesfidedignas.com.mx\/#website"},"primaryImageOfPage":{"@id":"https:\/\/fuentesfidedignas.com.mx\/index.php\/2023\/07\/05\/el-pas-lleva-la-triada-de-la-salud-a-los-20-municipios\/#primaryimage"},"image":{"@id":"https:\/\/fuentesfidedignas.com.mx\/index.php\/2023\/07\/05\/el-pas-lleva-la-triada-de-la-salud-a-los-20-municipios\/#primaryimage"},"thumbnailUrl":"https:\/\/fuentesfidedignas.com.mx\/wp-content\/uploads\/2023\/07\/IMG-20230705-WA0020.jpg","datePublished":"2023-07-05T19:57:56+00:00","dateModified":"2023-07-05T21:22:04+00:00","breadcrumb":{"@id":"https:\/\/fuentesfidedignas.com.mx\/index.php\/2023\/07\/05\/el-pas-lleva-la-triada-de-la-salud-a-los-20-municipios\/#breadcrumb"},"inLanguage":"es","potentialAction":[{"@type":"ReadAction","target":["https:\/\/fuentesfidedignas.com.mx\/index.php\/2023\/07\/05\/el-pas-lleva-la-triada-de-la-salud-a-los-20-municipios\/"]}]},{"@type":"ImageObject","inLanguage":"es","@id":"https:\/\/fuentesfidedignas.com.mx\/index.php\/2023\/07\/05\/el-pas-lleva-la-triada-de-la-salud-a-los-20-municipios\/#primaryimage","url":"https:\/\/fuentesfidedignas.com.mx\/wp-content\/uploads\/2023\/07\/IMG-20230705-WA0020.jpg","contentUrl":"https:\/\/fuentesfidedignas.com.mx\/wp-content\/uploads\/2023\/07\/IMG-20230705-WA0020.jpg","width":1600,"height":1066},{"@type":"BreadcrumbList","@id":"https:\/\/fuentesfidedignas.com.mx\/index.php\/2023\/07\/05\/el-pas-lleva-la-triada-de-la-salud-a-los-20-municipios\/#breadcrumb","itemListElement":[{"@type":"ListItem","position":1,"name":"Inicio","item":"https:\/\/fuentesfidedignas.com.mx\/"},{"@type":"ListItem","position":2,"name":"El PAS lleva la Triada de la Salud a los 20 municipios"}]},{"@type":"WebSite","@id":"https:\/\/fuentesfidedignas.com.mx\/#website","url":"https:\/\/fuentesfidedignas.com.mx\/","name":"Fuentes Fidedignas","description":"Otro sitio realizado con WordPress","publisher":{"@id":"https:\/\/fuentesfidedignas.com.mx\/#organization"},"potentialAction":[{"@type":"SearchAction","target":{"@type":"EntryPoint","urlTemplate":"https:\/\/fuentesfidedignas.com.mx\/?s={search_term_string}"},"query-input":{"@type":"PropertyValueSpecification","valueRequired":true,"valueName":"search_term_string"}}],"inLanguage":"es"},{"@type":"Organization","@id":"https:\/\/fuentesfidedignas.com.mx\/#organization","name":"Fuentes Fidedignas","url":"https:\/\/fuentesfidedignas.com.mx\/","logo":{"@type":"ImageObject","inLanguage":"es","@id":"https:\/\/fuentesfidedignas.com.mx\/#\/schema\/logo\/image\/","url":"https:\/\/fuentesfidedignas.com.mx\/wp-content\/uploads\/2021\/04\/logo-retina.png","contentUrl":"https:\/\/fuentesfidedignas.com.mx\/wp-content\/uploads\/2021\/04\/logo-retina.png","width":280,"height":51,"caption":"Fuentes Fidedignas"},"image":{"@id":"https:\/\/fuentesfidedignas.com.mx\/#\/schema\/logo\/image\/"},"sameAs":["https:\/\/www.facebook.com\/Fuentes-Fidedignas-368234489921644","https:\/\/x.com\/fidedignas"]},{"@type":"Person","@id":"https:\/\/fuentesfidedignas.com.mx\/#\/schema\/person\/331be9283d37198e2acd5750279085b0","name":"Redacci\u00f3n","image":{"@type":"ImageObject","inLanguage":"es","@id":"https:\/\/secure.gravatar.com\/avatar\/f6d8782c11d12b2d4ad3fbb6931aeab5309937a4d6cd2fc9cfaa28a6396a5aec?s=96&d=mm&r=g","url":"https:\/\/secure.gravatar.com\/avatar\/f6d8782c11d12b2d4ad3fbb6931aeab5309937a4d6cd2fc9cfaa28a6396a5aec?s=96&d=mm&r=g","contentUrl":"https:\/\/secure.gravatar.com\/avatar\/f6d8782c11d12b2d4ad3fbb6931aeab5309937a4d6cd2fc9cfaa28a6396a5aec?s=96&d=mm&r=g","caption":"Redacci\u00f3n"},"url":"https:\/\/fuentesfidedignas.com.mx\/index.php\/author\/redaccion\/"}]}},"_links":{"self":[{"href":"https:\/\/fuentesfidedignas.com.mx\/index.php\/wp-json\/wp\/v2\/posts\/51998","targetHints":{"allow":["GET"]}}],"collection":[{"href":"https:\/\/fuentesfidedignas.com.mx\/index.php\/wp-json\/wp\/v2\/posts"}],"about":[{"href":"https:\/\/fuentesfidedignas.com.mx\/index.php\/wp-json\/wp\/v2\/types\/post"}],"author":[{"embeddable":true,"href":"https:\/\/fuentesfidedignas.com.mx\/index.php\/wp-json\/wp\/v2\/users\/4"}],"replies":[{"embeddable":true,"href":"https:\/\/fuentesfidedignas.com.mx\/index.php\/wp-json\/wp\/v2\/comments?post=51998"}],"version-history":[{"count":2,"href":"https:\/\/fuentesfidedignas.com.mx\/index.php\/wp-json\/wp\/v2\/posts\/51998\/revisions"}],"predecessor-version":[{"id":52002,"href":"https:\/\/fuentesfidedignas.com.mx\/index.php\/wp-json\/wp\/v2\/posts\/51998\/revisions\/52002"}],"wp:featuredmedia":[{"embeddable":true,"href":"https:\/\/fuentesfidedignas.com.mx\/index.php\/wp-json\/wp\/v2\/media\/52000"}],"wp:attachment":[{"href":"https:\/\/fuentesfidedignas.com.mx\/index.php\/wp-json\/wp\/v2\/media?parent=51998"}],"wp:term":[{"taxonomy":"category","embeddable":true,"href":"https:\/\/fuentesfidedignas.com.mx\/index.php\/wp-json\/wp\/v2\/categories?post=51998"},{"taxonomy":"post_tag","embeddable":true,"href":"https:\/\/fuentesfidedignas.com.mx\/index.php\/wp-json\/wp\/v2\/tags?post=51998"}],"curies":[{"name":"wp","href":"https:\/\/api.w.org\/{rel}","templated":true}]}}