{"id":51992,"date":"2023-07-05T11:44:58","date_gmt":"2023-07-05T18:44:58","guid":{"rendered":"https:\/\/fuentesfidedignas.com.mx\/?p=51992"},"modified":"2023-07-05T12:38:16","modified_gmt":"2023-07-05T19:38:16","slug":"volcadura-de-autobus-en-oaxaca-deja-al-menos-26-muertos-y-18-heridos","status":"publish","type":"post","link":"https:\/\/fuentesfidedignas.com.mx\/index.php\/2023\/07\/05\/volcadura-de-autobus-en-oaxaca-deja-al-menos-26-muertos-y-18-heridos\/","title":{"rendered":"Volcadura de autob\u00fas en Oaxaca deja al menos 26 muertos y 18 heridos"},"content":{"rendered":"\n<p><strong><em>Un autob\u00fas volc\u00f3 a primera hora de este mi\u00e9rcoles en la comunidad de Magdalena Pe\u00f1asco, ubicada en la regi\u00f3n Mixteca de Oaxaca<\/em><\/strong><\/p>\n\n\n\n<p>Oaxaca. La\u00a0<strong>volcadura<\/strong>\u00a0de un\u00a0<strong>autob\u00fas<\/strong>\u00a0en la\u00a0<strong>comunidad de Magdalena Pe\u00f1asco<\/strong>, ubicada en la\u00a0<strong>regi\u00f3n Mixteca de Oaxaca<\/strong>, dej\u00f3 al menos\u00a0<strong>26 personas muertas y 18 m\u00e1s lesionadas.<\/strong><\/p>\n\n\n\n<p>Se apunt\u00f3 que la volcadura ocurri\u00f3 este mi\u00e9rcoles a las 06:30 h, cuando el autob\u00fas&nbsp;sali\u00f3 de Santiago Yosond\u00faa y se dirig\u00eda rumbo a la Ciudad de M\u00e9xico.<\/p>\n\n\n\n<p>Medios locales detallaron que al pasar dicho autob\u00fas por Magdalena Pe\u00f1asco el conductor perdi\u00f3 el control de la unidad y terminar por volcar a la orilla de un r\u00edo, atr\u00e1s del templo de dicha comunidad.<\/p>\n\n\n\n<p>Al sitio del accidente acudieron autoridades, habitantes y personal de auxilio, quienes trasladaron a los lesionados a una cl\u00ednica del IMSS ubicada en Tlaxiaco.<\/p>\n\n\n\n<p>Hasta las 11:00 horas de la ma\u00f1ana, las personas que han sido identificadas y est\u00e1n pidiendo localizar a sus familiares son: Dylan N\u00fa\u00f1ez P\u00e9rez (ni\u00f1o), Dionisio Mart\u00ednez S\u00e1nchez, Jos\u00e9 Luis Lugo, Guadalupe Lugo, Diego Iv\u00e1n Ruiz Heras, Rutina Heras Hern\u00e1ndez, Eduardo Hern\u00e1ndez Hern\u00e1ndez, Vilouf S\u00e1nchez Santiago, Nicol\u00e1s Cuevas Erick, Rom\u00e1n Mendoza Cortes, Sixto Bautista Bautista, Alison Jatziri Mu\u00f1oz P\u00e9rez, Dulce Abigail P\u00e9rez.<\/p>\n\n\n\n<p>En el sitio todav\u00eda se encuentra personal de auxilio, habitantes de diversas comunidades de Oaxaca y autoridades para prestar atenci\u00f3n.<\/p>\n","protected":false},"excerpt":{"rendered":"<p>Un autob\u00fas volc\u00f3 a primera hora de este mi\u00e9rcoles en la comunidad de Magdalena Pe\u00f1asco, ubicada en la regi\u00f3n Mixteca de Oaxaca Oaxaca. La\u00a0volcadura\u00a0de un\u00a0autob\u00fas\u00a0en la\u00a0comunidad de Magdalena Pe\u00f1asco, ubicada en la\u00a0regi\u00f3n Mixteca de Oaxaca, dej\u00f3 al menos\u00a026 personas muertas y 18 m\u00e1s lesionadas. Se apunt\u00f3 que la volcadura ocurri\u00f3 este mi\u00e9rcoles a las 06:30 [&hellip;]<\/p>\n","protected":false},"author":47,"featured_media":51994,"comment_status":"open","ping_status":"open","sticky":false,"template":"","format":"standard","meta":{"tdm_status":"","tdm_grid_status":"","footnotes":""},"categories":[39,1],"tags":[],"class_list":{"0":"post-51992","1":"post","2":"type-post","3":"status-publish","4":"format-standard","5":"has-post-thumbnail","7":"category-noticias-nacionales","8":"category-sin-categoria"},"yoast_head":"<!-- This site is optimized with the Yoast SEO plugin v27.4 - https:\/\/yoast.com\/product\/yoast-seo-wordpress\/ -->\n<title>Volcadura de autob\u00fas en Oaxaca deja al menos 26 muertos y 18 heridos - Fuentes Fidedignas<\/title>\n<meta name=\"robots\" content=\"index, follow, max-snippet:-1, max-image-preview:large, max-video-preview:-1\" \/>\n<link rel=\"canonical\" href=\"https:\/\/fuentesfidedignas.com.mx\/index.php\/2023\/07\/05\/volcadura-de-autobus-en-oaxaca-deja-al-menos-26-muertos-18-heridos\/\" \/>\n<meta property=\"og:locale\" content=\"es_MX\" \/>\n<meta property=\"og:type\" content=\"article\" \/>\n<meta property=\"og:title\" content=\"Volcadura de autob\u00fas en Oaxaca deja al menos 26 muertos y 18 heridos - Fuentes Fidedignas\" \/>\n<meta property=\"og:description\" content=\"Un autob\u00fas volc\u00f3 a primera hora de este mi\u00e9rcoles en la comunidad de Magdalena Pe\u00f1asco, ubicada en la regi\u00f3n Mixteca de Oaxaca Oaxaca. La\u00a0volcadura\u00a0de un\u00a0autob\u00fas\u00a0en la\u00a0comunidad de Magdalena Pe\u00f1asco, ubicada en la\u00a0regi\u00f3n Mixteca de Oaxaca, dej\u00f3 al menos\u00a026 personas muertas y 18 m\u00e1s lesionadas. Se apunt\u00f3 que la volcadura ocurri\u00f3 este mi\u00e9rcoles a las 06:30 [&hellip;]\" \/>\n<meta property=\"og:url\" content=\"https:\/\/fuentesfidedignas.com.mx\/index.php\/2023\/07\/05\/volcadura-de-autobus-en-oaxaca-deja-al-menos-26-muertos-18-heridos\/\" \/>\n<meta property=\"og:site_name\" content=\"Fuentes Fidedignas\" \/>\n<meta property=\"article:publisher\" content=\"https:\/\/www.facebook.com\/Fuentes-Fidedignas-368234489921644\" \/>\n<meta property=\"article:published_time\" content=\"2023-07-05T18:44:58+00:00\" \/>\n<meta property=\"article:modified_time\" content=\"2023-07-05T19:38:16+00:00\" \/>\n<meta property=\"og:image\" content=\"https:\/\/fuentesfidedignas.com.mx\/wp-content\/uploads\/2023\/07\/volcadura-autobus-oaxaca-magdalena-penasco.jpg\" \/>\n\t<meta property=\"og:image:width\" content=\"1920\" \/>\n\t<meta property=\"og:image:height\" content=\"1280\" \/>\n\t<meta property=\"og:image:type\" content=\"image\/jpeg\" \/>\n<meta name=\"author\" content=\"L\u00f3pez D\u00f3riga\" \/>\n<meta name=\"twitter:card\" content=\"summary_large_image\" \/>\n<meta name=\"twitter:creator\" content=\"@fidedignas\" \/>\n<meta name=\"twitter:site\" content=\"@fidedignas\" \/>\n<meta name=\"twitter:label1\" content=\"Escrito por\" \/>\n\t<meta name=\"twitter:data1\" content=\"L\u00f3pez D\u00f3riga\" \/>\n\t<meta name=\"twitter:label2\" content=\"Tiempo de lectura\" \/>\n\t<meta name=\"twitter:data2\" content=\"2 minutos\" \/>\n<script type=\"application\/ld+json\" class=\"yoast-schema-graph\">{\"@context\":\"https:\\\/\\\/schema.org\",\"@graph\":[{\"@type\":\"Article\",\"@id\":\"https:\\\/\\\/fuentesfidedignas.com.mx\\\/index.php\\\/2023\\\/07\\\/05\\\/volcadura-de-autobus-en-oaxaca-deja-al-menos-26-muertos-18-heridos\\\/#article\",\"isPartOf\":{\"@id\":\"https:\\\/\\\/fuentesfidedignas.com.mx\\\/index.php\\\/2023\\\/07\\\/05\\\/volcadura-de-autobus-en-oaxaca-deja-al-menos-26-muertos-18-heridos\\\/\"},\"author\":{\"name\":\"L\u00f3pez D\u00f3riga\",\"@id\":\"https:\\\/\\\/fuentesfidedignas.com.mx\\\/#\\\/schema\\\/person\\\/67d852f0557c8509146a4b9ddebd543a\"},\"headline\":\"Volcadura de autob\u00fas en Oaxaca deja al menos 26 muertos y 18 heridos\",\"datePublished\":\"2023-07-05T18:44:58+00:00\",\"dateModified\":\"2023-07-05T19:38:16+00:00\",\"mainEntityOfPage\":{\"@id\":\"https:\\\/\\\/fuentesfidedignas.com.mx\\\/index.php\\\/2023\\\/07\\\/05\\\/volcadura-de-autobus-en-oaxaca-deja-al-menos-26-muertos-18-heridos\\\/\"},\"wordCount\":266,\"commentCount\":0,\"publisher\":{\"@id\":\"https:\\\/\\\/fuentesfidedignas.com.mx\\\/#organization\"},\"image\":{\"@id\":\"https:\\\/\\\/fuentesfidedignas.com.mx\\\/index.php\\\/2023\\\/07\\\/05\\\/volcadura-de-autobus-en-oaxaca-deja-al-menos-26-muertos-18-heridos\\\/#primaryimage\"},\"thumbnailUrl\":\"https:\\\/\\\/fuentesfidedignas.com.mx\\\/wp-content\\\/uploads\\\/2023\\\/07\\\/volcadura-autobus-oaxaca-magdalena-penasco.jpg\",\"articleSection\":[\"NOTICIAS NACIONALES\"],\"inLanguage\":\"es\",\"potentialAction\":[{\"@type\":\"CommentAction\",\"name\":\"Comment\",\"target\":[\"https:\\\/\\\/fuentesfidedignas.com.mx\\\/index.php\\\/2023\\\/07\\\/05\\\/volcadura-de-autobus-en-oaxaca-deja-al-menos-26-muertos-18-heridos\\\/#respond\"]}]},{\"@type\":\"WebPage\",\"@id\":\"https:\\\/\\\/fuentesfidedignas.com.mx\\\/index.php\\\/2023\\\/07\\\/05\\\/volcadura-de-autobus-en-oaxaca-deja-al-menos-26-muertos-18-heridos\\\/\",\"url\":\"https:\\\/\\\/fuentesfidedignas.com.mx\\\/index.php\\\/2023\\\/07\\\/05\\\/volcadura-de-autobus-en-oaxaca-deja-al-menos-26-muertos-18-heridos\\\/\",\"name\":\"Volcadura de autob\u00fas en Oaxaca deja al menos 26 muertos y 18 heridos - Fuentes Fidedignas\",\"isPartOf\":{\"@id\":\"https:\\\/\\\/fuentesfidedignas.com.mx\\\/#website\"},\"primaryImageOfPage\":{\"@id\":\"https:\\\/\\\/fuentesfidedignas.com.mx\\\/index.php\\\/2023\\\/07\\\/05\\\/volcadura-de-autobus-en-oaxaca-deja-al-menos-26-muertos-18-heridos\\\/#primaryimage\"},\"image\":{\"@id\":\"https:\\\/\\\/fuentesfidedignas.com.mx\\\/index.php\\\/2023\\\/07\\\/05\\\/volcadura-de-autobus-en-oaxaca-deja-al-menos-26-muertos-18-heridos\\\/#primaryimage\"},\"thumbnailUrl\":\"https:\\\/\\\/fuentesfidedignas.com.mx\\\/wp-content\\\/uploads\\\/2023\\\/07\\\/volcadura-autobus-oaxaca-magdalena-penasco.jpg\",\"datePublished\":\"2023-07-05T18:44:58+00:00\",\"dateModified\":\"2023-07-05T19:38:16+00:00\",\"breadcrumb\":{\"@id\":\"https:\\\/\\\/fuentesfidedignas.com.mx\\\/index.php\\\/2023\\\/07\\\/05\\\/volcadura-de-autobus-en-oaxaca-deja-al-menos-26-muertos-18-heridos\\\/#breadcrumb\"},\"inLanguage\":\"es\",\"potentialAction\":[{\"@type\":\"ReadAction\",\"target\":[\"https:\\\/\\\/fuentesfidedignas.com.mx\\\/index.php\\\/2023\\\/07\\\/05\\\/volcadura-de-autobus-en-oaxaca-deja-al-menos-26-muertos-18-heridos\\\/\"]}]},{\"@type\":\"ImageObject\",\"inLanguage\":\"es\",\"@id\":\"https:\\\/\\\/fuentesfidedignas.com.mx\\\/index.php\\\/2023\\\/07\\\/05\\\/volcadura-de-autobus-en-oaxaca-deja-al-menos-26-muertos-18-heridos\\\/#primaryimage\",\"url\":\"https:\\\/\\\/fuentesfidedignas.com.mx\\\/wp-content\\\/uploads\\\/2023\\\/07\\\/volcadura-autobus-oaxaca-magdalena-penasco.jpg\",\"contentUrl\":\"https:\\\/\\\/fuentesfidedignas.com.mx\\\/wp-content\\\/uploads\\\/2023\\\/07\\\/volcadura-autobus-oaxaca-magdalena-penasco.jpg\",\"width\":1920,\"height\":1280},{\"@type\":\"BreadcrumbList\",\"@id\":\"https:\\\/\\\/fuentesfidedignas.com.mx\\\/index.php\\\/2023\\\/07\\\/05\\\/volcadura-de-autobus-en-oaxaca-deja-al-menos-26-muertos-18-heridos\\\/#breadcrumb\",\"itemListElement\":[{\"@type\":\"ListItem\",\"position\":1,\"name\":\"Inicio\",\"item\":\"https:\\\/\\\/fuentesfidedignas.com.mx\\\/\"},{\"@type\":\"ListItem\",\"position\":2,\"name\":\"Volcadura de autob\u00fas en Oaxaca deja al menos 26 muertos y 18 heridos\"}]},{\"@type\":\"WebSite\",\"@id\":\"https:\\\/\\\/fuentesfidedignas.com.mx\\\/#website\",\"url\":\"https:\\\/\\\/fuentesfidedignas.com.mx\\\/\",\"name\":\"Fuentes Fidedignas\",\"description\":\"Otro sitio realizado con WordPress\",\"publisher\":{\"@id\":\"https:\\\/\\\/fuentesfidedignas.com.mx\\\/#organization\"},\"potentialAction\":[{\"@type\":\"SearchAction\",\"target\":{\"@type\":\"EntryPoint\",\"urlTemplate\":\"https:\\\/\\\/fuentesfidedignas.com.mx\\\/?s={search_term_string}\"},\"query-input\":{\"@type\":\"PropertyValueSpecification\",\"valueRequired\":true,\"valueName\":\"search_term_string\"}}],\"inLanguage\":\"es\"},{\"@type\":\"Organization\",\"@id\":\"https:\\\/\\\/fuentesfidedignas.com.mx\\\/#organization\",\"name\":\"Fuentes Fidedignas\",\"url\":\"https:\\\/\\\/fuentesfidedignas.com.mx\\\/\",\"logo\":{\"@type\":\"ImageObject\",\"inLanguage\":\"es\",\"@id\":\"https:\\\/\\\/fuentesfidedignas.com.mx\\\/#\\\/schema\\\/logo\\\/image\\\/\",\"url\":\"https:\\\/\\\/fuentesfidedignas.com.mx\\\/wp-content\\\/uploads\\\/2021\\\/04\\\/logo-retina.png\",\"contentUrl\":\"https:\\\/\\\/fuentesfidedignas.com.mx\\\/wp-content\\\/uploads\\\/2021\\\/04\\\/logo-retina.png\",\"width\":280,\"height\":51,\"caption\":\"Fuentes Fidedignas\"},\"image\":{\"@id\":\"https:\\\/\\\/fuentesfidedignas.com.mx\\\/#\\\/schema\\\/logo\\\/image\\\/\"},\"sameAs\":[\"https:\\\/\\\/www.facebook.com\\\/Fuentes-Fidedignas-368234489921644\",\"https:\\\/\\\/x.com\\\/fidedignas\"]},{\"@type\":\"Person\",\"@id\":\"https:\\\/\\\/fuentesfidedignas.com.mx\\\/#\\\/schema\\\/person\\\/67d852f0557c8509146a4b9ddebd543a\",\"name\":\"L\u00f3pez D\u00f3riga\",\"image\":{\"@type\":\"ImageObject\",\"inLanguage\":\"es\",\"@id\":\"https:\\\/\\\/secure.gravatar.com\\\/avatar\\\/e525b06574ca18b33cded59dfe5778d6c823b9513154eff47da551b0551bdd1e?s=96&d=mm&r=g\",\"url\":\"https:\\\/\\\/secure.gravatar.com\\\/avatar\\\/e525b06574ca18b33cded59dfe5778d6c823b9513154eff47da551b0551bdd1e?s=96&d=mm&r=g\",\"contentUrl\":\"https:\\\/\\\/secure.gravatar.com\\\/avatar\\\/e525b06574ca18b33cded59dfe5778d6c823b9513154eff47da551b0551bdd1e?s=96&d=mm&r=g\",\"caption\":\"L\u00f3pez D\u00f3riga\"},\"url\":\"https:\\\/\\\/fuentesfidedignas.com.mx\\\/index.php\\\/author\\\/doriga\\\/\"}]}<\/script>\n<!-- \/ Yoast SEO plugin. -->","yoast_head_json":{"title":"Volcadura de autob\u00fas en Oaxaca deja al menos 26 muertos y 18 heridos - Fuentes Fidedignas","robots":{"index":"index","follow":"follow","max-snippet":"max-snippet:-1","max-image-preview":"max-image-preview:large","max-video-preview":"max-video-preview:-1"},"canonical":"https:\/\/fuentesfidedignas.com.mx\/index.php\/2023\/07\/05\/volcadura-de-autobus-en-oaxaca-deja-al-menos-26-muertos-18-heridos\/","og_locale":"es_MX","og_type":"article","og_title":"Volcadura de autob\u00fas en Oaxaca deja al menos 26 muertos y 18 heridos - Fuentes Fidedignas","og_description":"Un autob\u00fas volc\u00f3 a primera hora de este mi\u00e9rcoles en la comunidad de Magdalena Pe\u00f1asco, ubicada en la regi\u00f3n Mixteca de Oaxaca Oaxaca. La\u00a0volcadura\u00a0de un\u00a0autob\u00fas\u00a0en la\u00a0comunidad de Magdalena Pe\u00f1asco, ubicada en la\u00a0regi\u00f3n Mixteca de Oaxaca, dej\u00f3 al menos\u00a026 personas muertas y 18 m\u00e1s lesionadas. Se apunt\u00f3 que la volcadura ocurri\u00f3 este mi\u00e9rcoles a las 06:30 [&hellip;]","og_url":"https:\/\/fuentesfidedignas.com.mx\/index.php\/2023\/07\/05\/volcadura-de-autobus-en-oaxaca-deja-al-menos-26-muertos-18-heridos\/","og_site_name":"Fuentes Fidedignas","article_publisher":"https:\/\/www.facebook.com\/Fuentes-Fidedignas-368234489921644","article_published_time":"2023-07-05T18:44:58+00:00","article_modified_time":"2023-07-05T19:38:16+00:00","og_image":[{"width":1920,"height":1280,"url":"https:\/\/fuentesfidedignas.com.mx\/wp-content\/uploads\/2023\/07\/volcadura-autobus-oaxaca-magdalena-penasco.jpg","type":"image\/jpeg"}],"author":"L\u00f3pez D\u00f3riga","twitter_card":"summary_large_image","twitter_creator":"@fidedignas","twitter_site":"@fidedignas","twitter_misc":{"Escrito por":"L\u00f3pez D\u00f3riga","Tiempo de lectura":"2 minutos"},"schema":{"@context":"https:\/\/schema.org","@graph":[{"@type":"Article","@id":"https:\/\/fuentesfidedignas.com.mx\/index.php\/2023\/07\/05\/volcadura-de-autobus-en-oaxaca-deja-al-menos-26-muertos-18-heridos\/#article","isPartOf":{"@id":"https:\/\/fuentesfidedignas.com.mx\/index.php\/2023\/07\/05\/volcadura-de-autobus-en-oaxaca-deja-al-menos-26-muertos-18-heridos\/"},"author":{"name":"L\u00f3pez D\u00f3riga","@id":"https:\/\/fuentesfidedignas.com.mx\/#\/schema\/person\/67d852f0557c8509146a4b9ddebd543a"},"headline":"Volcadura de autob\u00fas en Oaxaca deja al menos 26 muertos y 18 heridos","datePublished":"2023-07-05T18:44:58+00:00","dateModified":"2023-07-05T19:38:16+00:00","mainEntityOfPage":{"@id":"https:\/\/fuentesfidedignas.com.mx\/index.php\/2023\/07\/05\/volcadura-de-autobus-en-oaxaca-deja-al-menos-26-muertos-18-heridos\/"},"wordCount":266,"commentCount":0,"publisher":{"@id":"https:\/\/fuentesfidedignas.com.mx\/#organization"},"image":{"@id":"https:\/\/fuentesfidedignas.com.mx\/index.php\/2023\/07\/05\/volcadura-de-autobus-en-oaxaca-deja-al-menos-26-muertos-18-heridos\/#primaryimage"},"thumbnailUrl":"https:\/\/fuentesfidedignas.com.mx\/wp-content\/uploads\/2023\/07\/volcadura-autobus-oaxaca-magdalena-penasco.jpg","articleSection":["NOTICIAS NACIONALES"],"inLanguage":"es","potentialAction":[{"@type":"CommentAction","name":"Comment","target":["https:\/\/fuentesfidedignas.com.mx\/index.php\/2023\/07\/05\/volcadura-de-autobus-en-oaxaca-deja-al-menos-26-muertos-18-heridos\/#respond"]}]},{"@type":"WebPage","@id":"https:\/\/fuentesfidedignas.com.mx\/index.php\/2023\/07\/05\/volcadura-de-autobus-en-oaxaca-deja-al-menos-26-muertos-18-heridos\/","url":"https:\/\/fuentesfidedignas.com.mx\/index.php\/2023\/07\/05\/volcadura-de-autobus-en-oaxaca-deja-al-menos-26-muertos-18-heridos\/","name":"Volcadura de autob\u00fas en Oaxaca deja al menos 26 muertos y 18 heridos - Fuentes Fidedignas","isPartOf":{"@id":"https:\/\/fuentesfidedignas.com.mx\/#website"},"primaryImageOfPage":{"@id":"https:\/\/fuentesfidedignas.com.mx\/index.php\/2023\/07\/05\/volcadura-de-autobus-en-oaxaca-deja-al-menos-26-muertos-18-heridos\/#primaryimage"},"image":{"@id":"https:\/\/fuentesfidedignas.com.mx\/index.php\/2023\/07\/05\/volcadura-de-autobus-en-oaxaca-deja-al-menos-26-muertos-18-heridos\/#primaryimage"},"thumbnailUrl":"https:\/\/fuentesfidedignas.com.mx\/wp-content\/uploads\/2023\/07\/volcadura-autobus-oaxaca-magdalena-penasco.jpg","datePublished":"2023-07-05T18:44:58+00:00","dateModified":"2023-07-05T19:38:16+00:00","breadcrumb":{"@id":"https:\/\/fuentesfidedignas.com.mx\/index.php\/2023\/07\/05\/volcadura-de-autobus-en-oaxaca-deja-al-menos-26-muertos-18-heridos\/#breadcrumb"},"inLanguage":"es","potentialAction":[{"@type":"ReadAction","target":["https:\/\/fuentesfidedignas.com.mx\/index.php\/2023\/07\/05\/volcadura-de-autobus-en-oaxaca-deja-al-menos-26-muertos-18-heridos\/"]}]},{"@type":"ImageObject","inLanguage":"es","@id":"https:\/\/fuentesfidedignas.com.mx\/index.php\/2023\/07\/05\/volcadura-de-autobus-en-oaxaca-deja-al-menos-26-muertos-18-heridos\/#primaryimage","url":"https:\/\/fuentesfidedignas.com.mx\/wp-content\/uploads\/2023\/07\/volcadura-autobus-oaxaca-magdalena-penasco.jpg","contentUrl":"https:\/\/fuentesfidedignas.com.mx\/wp-content\/uploads\/2023\/07\/volcadura-autobus-oaxaca-magdalena-penasco.jpg","width":1920,"height":1280},{"@type":"BreadcrumbList","@id":"https:\/\/fuentesfidedignas.com.mx\/index.php\/2023\/07\/05\/volcadura-de-autobus-en-oaxaca-deja-al-menos-26-muertos-18-heridos\/#breadcrumb","itemListElement":[{"@type":"ListItem","position":1,"name":"Inicio","item":"https:\/\/fuentesfidedignas.com.mx\/"},{"@type":"ListItem","position":2,"name":"Volcadura de autob\u00fas en Oaxaca deja al menos 26 muertos y 18 heridos"}]},{"@type":"WebSite","@id":"https:\/\/fuentesfidedignas.com.mx\/#website","url":"https:\/\/fuentesfidedignas.com.mx\/","name":"Fuentes Fidedignas","description":"Otro sitio realizado con WordPress","publisher":{"@id":"https:\/\/fuentesfidedignas.com.mx\/#organization"},"potentialAction":[{"@type":"SearchAction","target":{"@type":"EntryPoint","urlTemplate":"https:\/\/fuentesfidedignas.com.mx\/?s={search_term_string}"},"query-input":{"@type":"PropertyValueSpecification","valueRequired":true,"valueName":"search_term_string"}}],"inLanguage":"es"},{"@type":"Organization","@id":"https:\/\/fuentesfidedignas.com.mx\/#organization","name":"Fuentes Fidedignas","url":"https:\/\/fuentesfidedignas.com.mx\/","logo":{"@type":"ImageObject","inLanguage":"es","@id":"https:\/\/fuentesfidedignas.com.mx\/#\/schema\/logo\/image\/","url":"https:\/\/fuentesfidedignas.com.mx\/wp-content\/uploads\/2021\/04\/logo-retina.png","contentUrl":"https:\/\/fuentesfidedignas.com.mx\/wp-content\/uploads\/2021\/04\/logo-retina.png","width":280,"height":51,"caption":"Fuentes Fidedignas"},"image":{"@id":"https:\/\/fuentesfidedignas.com.mx\/#\/schema\/logo\/image\/"},"sameAs":["https:\/\/www.facebook.com\/Fuentes-Fidedignas-368234489921644","https:\/\/x.com\/fidedignas"]},{"@type":"Person","@id":"https:\/\/fuentesfidedignas.com.mx\/#\/schema\/person\/67d852f0557c8509146a4b9ddebd543a","name":"L\u00f3pez D\u00f3riga","image":{"@type":"ImageObject","inLanguage":"es","@id":"https:\/\/secure.gravatar.com\/avatar\/e525b06574ca18b33cded59dfe5778d6c823b9513154eff47da551b0551bdd1e?s=96&d=mm&r=g","url":"https:\/\/secure.gravatar.com\/avatar\/e525b06574ca18b33cded59dfe5778d6c823b9513154eff47da551b0551bdd1e?s=96&d=mm&r=g","contentUrl":"https:\/\/secure.gravatar.com\/avatar\/e525b06574ca18b33cded59dfe5778d6c823b9513154eff47da551b0551bdd1e?s=96&d=mm&r=g","caption":"L\u00f3pez D\u00f3riga"},"url":"https:\/\/fuentesfidedignas.com.mx\/index.php\/author\/doriga\/"}]}},"_links":{"self":[{"href":"https:\/\/fuentesfidedignas.com.mx\/index.php\/wp-json\/wp\/v2\/posts\/51992","targetHints":{"allow":["GET"]}}],"collection":[{"href":"https:\/\/fuentesfidedignas.com.mx\/index.php\/wp-json\/wp\/v2\/posts"}],"about":[{"href":"https:\/\/fuentesfidedignas.com.mx\/index.php\/wp-json\/wp\/v2\/types\/post"}],"author":[{"embeddable":true,"href":"https:\/\/fuentesfidedignas.com.mx\/index.php\/wp-json\/wp\/v2\/users\/47"}],"replies":[{"embeddable":true,"href":"https:\/\/fuentesfidedignas.com.mx\/index.php\/wp-json\/wp\/v2\/comments?post=51992"}],"version-history":[{"count":1,"href":"https:\/\/fuentesfidedignas.com.mx\/index.php\/wp-json\/wp\/v2\/posts\/51992\/revisions"}],"predecessor-version":[{"id":51993,"href":"https:\/\/fuentesfidedignas.com.mx\/index.php\/wp-json\/wp\/v2\/posts\/51992\/revisions\/51993"}],"wp:featuredmedia":[{"embeddable":true,"href":"https:\/\/fuentesfidedignas.com.mx\/index.php\/wp-json\/wp\/v2\/media\/51994"}],"wp:attachment":[{"href":"https:\/\/fuentesfidedignas.com.mx\/index.php\/wp-json\/wp\/v2\/media?parent=51992"}],"wp:term":[{"taxonomy":"category","embeddable":true,"href":"https:\/\/fuentesfidedignas.com.mx\/index.php\/wp-json\/wp\/v2\/categories?post=51992"},{"taxonomy":"post_tag","embeddable":true,"href":"https:\/\/fuentesfidedignas.com.mx\/index.php\/wp-json\/wp\/v2\/tags?post=51992"}],"curies":[{"name":"wp","href":"https:\/\/api.w.org\/{rel}","templated":true}]}}