{"id":51976,"date":"2023-07-05T10:48:52","date_gmt":"2023-07-05T17:48:52","guid":{"rendered":"https:\/\/fuentesfidedignas.com.mx\/?p=51976"},"modified":"2023-07-05T11:49:45","modified_gmt":"2023-07-05T18:49:45","slug":"jose-angel-gurria-se-baja-de-contienda-por-candidatura-presidencial-del-pri-pan-y-prd","status":"publish","type":"post","link":"https:\/\/fuentesfidedignas.com.mx\/index.php\/2023\/07\/05\/jose-angel-gurria-se-baja-de-contienda-por-candidatura-presidencial-del-pri-pan-y-prd\/","title":{"rendered":"Jos\u00e9 \u00c1ngel Gurr\u00eda se baja de contienda por candidatura presidencial del PRI, PAN y PRD"},"content":{"rendered":"\n<p><br><strong><em>Jos\u00e9 \u00c1ngel Gurr\u00eda desisti\u00f3 de buscar la candidatura presidencial y en su lugar dirigir\u00e1 el proyecto de naci\u00f3n del Frente Amplio por M\u00e9xico<\/em><\/strong><\/p>\n\n\n\n<p>Ciudad de M\u00e9xico. <strong>Jos\u00e9 \u00c1ngel Gurr\u00eda Trevi\u00f1o,\u00a0exsecretario de Hacienda y exsecretario de la Organizaci\u00f3n para la Cooperaci\u00f3n y el Desarrollo Econ\u00f3mico (OCDE),\u00a0dirigir\u00e1 el Proyecto de Naci\u00f3n del Frente Amplio por M\u00e9xico<\/strong>, integrado por PAN, PRI y PRD, as\u00ed lo anunci\u00f3\u00a0en sus redes sociales, luego de confirmar\u00a0que\u00a0<strong>no contender\u00e1 en el proceso interno para la elecci\u00f3n del candidato<\/strong>\u00a0de la coalici\u00f3n opositora.<\/p>\n\n\n\n<blockquote class=\"wp-block-quote is-layout-flow wp-block-quote-is-layout-flow\">\n<p>\u201cHe definido aceptar la Direcci\u00f3n del Proyecto de Naci\u00f3n del Frente Amplio por M\u00e9xico\u201d, escribi\u00f3 Gurr\u00eda Trevi\u00f1o en su cuenta de Twitter.<\/p>\n<\/blockquote>\n\n\n\n<p>Previamente, los dirigentes del PRI, Alejandro Moreno; del PRD, Jes\u00fas Zambrano; y del PAN, Marko Cort\u00e9s, le\u00a0<strong>pidieron a Jos\u00e9 \u00c1ngel Gurr\u00eda integrar un grupo de expertos y especialistas<\/strong>\u00a0para que aporten con su visi\u00f3n y profesionalismo, a la\u00a0<strong>construcci\u00f3n de un gobierno de cambio positivo para M\u00e9xico.<\/strong>\u00a0<\/p>\n\n\n\n<figure class=\"wp-block-embed is-type-rich is-provider-twitter wp-block-embed-twitter\"><div class=\"wp-block-embed__wrapper\">\n<blockquote class=\"twitter-tweet\" data-width=\"550\" data-dnt=\"true\"><p lang=\"es\" dir=\"ltr\">Las dirigencias del PAN, PRI y PRD, as\u00ed como representantes ciudadanos, hemos solicitado al Lic. <a href=\"https:\/\/twitter.com\/A_Gurria?ref_src=twsrc%5Etfw\">@A_Gurria<\/a> que encabece la construcci\u00f3n del Plan de Gobierno del Frente Amplio por M\u00e9xico, de la mano de un grupo de expertos y especialistas, para dise\u00f1ar las respuestas a los\u2026 <a href=\"https:\/\/t.co\/VKo5H4CvlP\">pic.twitter.com\/VKo5H4CvlP<\/a><\/p>&mdash; Alejandro Moreno (@alitomorenoc) <a href=\"https:\/\/twitter.com\/alitomorenoc\/status\/1676591906694864898?ref_src=twsrc%5Etfw\">July 5, 2023<\/a><\/blockquote><script async src=\"https:\/\/platform.twitter.com\/widgets.js\" charset=\"utf-8\"><\/script>\n<\/div><\/figure>\n\n\n\n<p>Luego de que el exsecretario de la OCDE decidiera no competir en el proceso de selecci\u00f3n del responsable para la construcci\u00f3n del Frente Amplio por M\u00e9xico, los l\u00edderes partidistas le pidieron coadyuvar en plantear los lineamientos de lo que ser\u00e1 un\u00a0<strong>primer gobierno de coalici\u00f3n en M\u00e9xico<\/strong>.\u00a0<\/p>\n\n\n\n<p>Es urgente que se lleve a cabo un&nbsp;<strong>proyecto de reconstrucci\u00f3n del pa\u00eds<\/strong>&nbsp;ante los p\u00e9simos resultados en los cinco a\u00f1os del gobierno de L\u00f3pez Obrador en materia de seguridad, econom\u00eda, salud, \u00edndice de pobreza y educaci\u00f3n, entre otros, coincidieron.&nbsp;<\/p>\n\n\n\n<p>Finalmente, los dirigentes&nbsp;<strong>agradecieron a Jos\u00e9 \u00c1ngel Gurr\u00eda su disposici\u00f3n a colaborar en este proyecto<\/strong>, que requiere de un perfil apartidista con amplia&nbsp; experiencia y con reconocimiento internacional, para poder aglutinar a los mejores acad\u00e9micos, especialistas y expertos para construir con las mejores ideas el mejor proyecto para que M\u00e9xico salga adelante.<\/p>\n","protected":false},"excerpt":{"rendered":"<p>Jos\u00e9 \u00c1ngel Gurr\u00eda desisti\u00f3 de buscar la candidatura presidencial y en su lugar dirigir\u00e1 el proyecto de naci\u00f3n del Frente Amplio por M\u00e9xico Ciudad de M\u00e9xico. Jos\u00e9 \u00c1ngel Gurr\u00eda Trevi\u00f1o,\u00a0exsecretario de Hacienda y exsecretario de la Organizaci\u00f3n para la Cooperaci\u00f3n y el Desarrollo Econ\u00f3mico (OCDE),\u00a0dirigir\u00e1 el Proyecto de Naci\u00f3n del Frente Amplio por M\u00e9xico, integrado [&hellip;]<\/p>\n","protected":false},"author":7,"featured_media":51979,"comment_status":"open","ping_status":"open","sticky":false,"template":"","format":"standard","meta":{"tdm_status":"","tdm_grid_status":"","footnotes":""},"categories":[39,1],"tags":[],"class_list":{"0":"post-51976","1":"post","2":"type-post","3":"status-publish","4":"format-standard","5":"has-post-thumbnail","7":"category-noticias-nacionales","8":"category-sin-categoria"},"yoast_head":"<!-- This site is optimized with the Yoast SEO plugin v27.4 - https:\/\/yoast.com\/product\/yoast-seo-wordpress\/ -->\n<title>Jos\u00e9 \u00c1ngel Gurr\u00eda se baja de contienda por candidatura presidencial del PRI, PAN y PRD - Fuentes Fidedignas<\/title>\n<meta name=\"robots\" content=\"index, follow, max-snippet:-1, max-image-preview:large, max-video-preview:-1\" \/>\n<link rel=\"canonical\" href=\"https:\/\/fuentesfidedignas.com.mx\/index.php\/2023\/07\/05\/jose-angel-gurria-se-baja-de-contienda-por-candidatura-presidencial-del-pri-pan-y-prd\/\" \/>\n<meta property=\"og:locale\" content=\"es_MX\" \/>\n<meta property=\"og:type\" content=\"article\" \/>\n<meta property=\"og:title\" content=\"Jos\u00e9 \u00c1ngel Gurr\u00eda se baja de contienda por candidatura presidencial del PRI, PAN y PRD - Fuentes Fidedignas\" \/>\n<meta property=\"og:description\" content=\"Jos\u00e9 \u00c1ngel Gurr\u00eda desisti\u00f3 de buscar la candidatura presidencial y en su lugar dirigir\u00e1 el proyecto de naci\u00f3n del Frente Amplio por M\u00e9xico Ciudad de M\u00e9xico. Jos\u00e9 \u00c1ngel Gurr\u00eda Trevi\u00f1o,\u00a0exsecretario de Hacienda y exsecretario de la Organizaci\u00f3n para la Cooperaci\u00f3n y el Desarrollo Econ\u00f3mico (OCDE),\u00a0dirigir\u00e1 el Proyecto de Naci\u00f3n del Frente Amplio por M\u00e9xico, integrado [&hellip;]\" \/>\n<meta property=\"og:url\" content=\"https:\/\/fuentesfidedignas.com.mx\/index.php\/2023\/07\/05\/jose-angel-gurria-se-baja-de-contienda-por-candidatura-presidencial-del-pri-pan-y-prd\/\" \/>\n<meta property=\"og:site_name\" content=\"Fuentes Fidedignas\" \/>\n<meta property=\"article:publisher\" content=\"https:\/\/www.facebook.com\/Fuentes-Fidedignas-368234489921644\" \/>\n<meta property=\"article:published_time\" content=\"2023-07-05T17:48:52+00:00\" \/>\n<meta property=\"article:modified_time\" content=\"2023-07-05T18:49:45+00:00\" \/>\n<meta property=\"og:image\" content=\"https:\/\/fuentesfidedignas.com.mx\/wp-content\/uploads\/2023\/07\/2973487.jpg\" \/>\n\t<meta property=\"og:image:width\" content=\"800\" \/>\n\t<meta property=\"og:image:height\" content=\"600\" \/>\n\t<meta property=\"og:image:type\" content=\"image\/jpeg\" \/>\n<meta name=\"author\" content=\"Exc\u00e9lsior\" \/>\n<meta name=\"twitter:card\" content=\"summary_large_image\" \/>\n<meta name=\"twitter:creator\" content=\"@fidedignas\" \/>\n<meta name=\"twitter:site\" content=\"@fidedignas\" \/>\n<meta name=\"twitter:label1\" content=\"Escrito por\" \/>\n\t<meta name=\"twitter:data1\" content=\"Exc\u00e9lsior\" \/>\n\t<meta name=\"twitter:label2\" content=\"Tiempo de lectura\" \/>\n\t<meta name=\"twitter:data2\" content=\"2 minutos\" \/>\n<script type=\"application\/ld+json\" class=\"yoast-schema-graph\">{\"@context\":\"https:\\\/\\\/schema.org\",\"@graph\":[{\"@type\":\"Article\",\"@id\":\"https:\\\/\\\/fuentesfidedignas.com.mx\\\/index.php\\\/2023\\\/07\\\/05\\\/jose-angel-gurria-se-baja-de-contienda-por-candidatura-presidencial-del-pri-pan-y-prd\\\/#article\",\"isPartOf\":{\"@id\":\"https:\\\/\\\/fuentesfidedignas.com.mx\\\/index.php\\\/2023\\\/07\\\/05\\\/jose-angel-gurria-se-baja-de-contienda-por-candidatura-presidencial-del-pri-pan-y-prd\\\/\"},\"author\":{\"name\":\"Exc\u00e9lsior\",\"@id\":\"https:\\\/\\\/fuentesfidedignas.com.mx\\\/#\\\/schema\\\/person\\\/ec4edd1fbf5efa3e44fce34fe2787780\"},\"headline\":\"Jos\u00e9 \u00c1ngel Gurr\u00eda se baja de contienda por candidatura presidencial del PRI, PAN y PRD\",\"datePublished\":\"2023-07-05T17:48:52+00:00\",\"dateModified\":\"2023-07-05T18:49:45+00:00\",\"mainEntityOfPage\":{\"@id\":\"https:\\\/\\\/fuentesfidedignas.com.mx\\\/index.php\\\/2023\\\/07\\\/05\\\/jose-angel-gurria-se-baja-de-contienda-por-candidatura-presidencial-del-pri-pan-y-prd\\\/\"},\"wordCount\":372,\"commentCount\":0,\"publisher\":{\"@id\":\"https:\\\/\\\/fuentesfidedignas.com.mx\\\/#organization\"},\"image\":{\"@id\":\"https:\\\/\\\/fuentesfidedignas.com.mx\\\/index.php\\\/2023\\\/07\\\/05\\\/jose-angel-gurria-se-baja-de-contienda-por-candidatura-presidencial-del-pri-pan-y-prd\\\/#primaryimage\"},\"thumbnailUrl\":\"https:\\\/\\\/fuentesfidedignas.com.mx\\\/wp-content\\\/uploads\\\/2023\\\/07\\\/2973487.jpg\",\"articleSection\":[\"NOTICIAS NACIONALES\"],\"inLanguage\":\"es\",\"potentialAction\":[{\"@type\":\"CommentAction\",\"name\":\"Comment\",\"target\":[\"https:\\\/\\\/fuentesfidedignas.com.mx\\\/index.php\\\/2023\\\/07\\\/05\\\/jose-angel-gurria-se-baja-de-contienda-por-candidatura-presidencial-del-pri-pan-y-prd\\\/#respond\"]}]},{\"@type\":\"WebPage\",\"@id\":\"https:\\\/\\\/fuentesfidedignas.com.mx\\\/index.php\\\/2023\\\/07\\\/05\\\/jose-angel-gurria-se-baja-de-contienda-por-candidatura-presidencial-del-pri-pan-y-prd\\\/\",\"url\":\"https:\\\/\\\/fuentesfidedignas.com.mx\\\/index.php\\\/2023\\\/07\\\/05\\\/jose-angel-gurria-se-baja-de-contienda-por-candidatura-presidencial-del-pri-pan-y-prd\\\/\",\"name\":\"Jos\u00e9 \u00c1ngel Gurr\u00eda se baja de contienda por candidatura presidencial del PRI, PAN y PRD - Fuentes Fidedignas\",\"isPartOf\":{\"@id\":\"https:\\\/\\\/fuentesfidedignas.com.mx\\\/#website\"},\"primaryImageOfPage\":{\"@id\":\"https:\\\/\\\/fuentesfidedignas.com.mx\\\/index.php\\\/2023\\\/07\\\/05\\\/jose-angel-gurria-se-baja-de-contienda-por-candidatura-presidencial-del-pri-pan-y-prd\\\/#primaryimage\"},\"image\":{\"@id\":\"https:\\\/\\\/fuentesfidedignas.com.mx\\\/index.php\\\/2023\\\/07\\\/05\\\/jose-angel-gurria-se-baja-de-contienda-por-candidatura-presidencial-del-pri-pan-y-prd\\\/#primaryimage\"},\"thumbnailUrl\":\"https:\\\/\\\/fuentesfidedignas.com.mx\\\/wp-content\\\/uploads\\\/2023\\\/07\\\/2973487.jpg\",\"datePublished\":\"2023-07-05T17:48:52+00:00\",\"dateModified\":\"2023-07-05T18:49:45+00:00\",\"breadcrumb\":{\"@id\":\"https:\\\/\\\/fuentesfidedignas.com.mx\\\/index.php\\\/2023\\\/07\\\/05\\\/jose-angel-gurria-se-baja-de-contienda-por-candidatura-presidencial-del-pri-pan-y-prd\\\/#breadcrumb\"},\"inLanguage\":\"es\",\"potentialAction\":[{\"@type\":\"ReadAction\",\"target\":[\"https:\\\/\\\/fuentesfidedignas.com.mx\\\/index.php\\\/2023\\\/07\\\/05\\\/jose-angel-gurria-se-baja-de-contienda-por-candidatura-presidencial-del-pri-pan-y-prd\\\/\"]}]},{\"@type\":\"ImageObject\",\"inLanguage\":\"es\",\"@id\":\"https:\\\/\\\/fuentesfidedignas.com.mx\\\/index.php\\\/2023\\\/07\\\/05\\\/jose-angel-gurria-se-baja-de-contienda-por-candidatura-presidencial-del-pri-pan-y-prd\\\/#primaryimage\",\"url\":\"https:\\\/\\\/fuentesfidedignas.com.mx\\\/wp-content\\\/uploads\\\/2023\\\/07\\\/2973487.jpg\",\"contentUrl\":\"https:\\\/\\\/fuentesfidedignas.com.mx\\\/wp-content\\\/uploads\\\/2023\\\/07\\\/2973487.jpg\",\"width\":800,\"height\":600},{\"@type\":\"BreadcrumbList\",\"@id\":\"https:\\\/\\\/fuentesfidedignas.com.mx\\\/index.php\\\/2023\\\/07\\\/05\\\/jose-angel-gurria-se-baja-de-contienda-por-candidatura-presidencial-del-pri-pan-y-prd\\\/#breadcrumb\",\"itemListElement\":[{\"@type\":\"ListItem\",\"position\":1,\"name\":\"Inicio\",\"item\":\"https:\\\/\\\/fuentesfidedignas.com.mx\\\/\"},{\"@type\":\"ListItem\",\"position\":2,\"name\":\"Jos\u00e9 \u00c1ngel Gurr\u00eda se baja de contienda por candidatura presidencial del PRI, PAN y PRD\"}]},{\"@type\":\"WebSite\",\"@id\":\"https:\\\/\\\/fuentesfidedignas.com.mx\\\/#website\",\"url\":\"https:\\\/\\\/fuentesfidedignas.com.mx\\\/\",\"name\":\"Fuentes Fidedignas\",\"description\":\"Otro sitio realizado con WordPress\",\"publisher\":{\"@id\":\"https:\\\/\\\/fuentesfidedignas.com.mx\\\/#organization\"},\"potentialAction\":[{\"@type\":\"SearchAction\",\"target\":{\"@type\":\"EntryPoint\",\"urlTemplate\":\"https:\\\/\\\/fuentesfidedignas.com.mx\\\/?s={search_term_string}\"},\"query-input\":{\"@type\":\"PropertyValueSpecification\",\"valueRequired\":true,\"valueName\":\"search_term_string\"}}],\"inLanguage\":\"es\"},{\"@type\":\"Organization\",\"@id\":\"https:\\\/\\\/fuentesfidedignas.com.mx\\\/#organization\",\"name\":\"Fuentes Fidedignas\",\"url\":\"https:\\\/\\\/fuentesfidedignas.com.mx\\\/\",\"logo\":{\"@type\":\"ImageObject\",\"inLanguage\":\"es\",\"@id\":\"https:\\\/\\\/fuentesfidedignas.com.mx\\\/#\\\/schema\\\/logo\\\/image\\\/\",\"url\":\"https:\\\/\\\/fuentesfidedignas.com.mx\\\/wp-content\\\/uploads\\\/2021\\\/04\\\/logo-retina.png\",\"contentUrl\":\"https:\\\/\\\/fuentesfidedignas.com.mx\\\/wp-content\\\/uploads\\\/2021\\\/04\\\/logo-retina.png\",\"width\":280,\"height\":51,\"caption\":\"Fuentes Fidedignas\"},\"image\":{\"@id\":\"https:\\\/\\\/fuentesfidedignas.com.mx\\\/#\\\/schema\\\/logo\\\/image\\\/\"},\"sameAs\":[\"https:\\\/\\\/www.facebook.com\\\/Fuentes-Fidedignas-368234489921644\",\"https:\\\/\\\/x.com\\\/fidedignas\"]},{\"@type\":\"Person\",\"@id\":\"https:\\\/\\\/fuentesfidedignas.com.mx\\\/#\\\/schema\\\/person\\\/ec4edd1fbf5efa3e44fce34fe2787780\",\"name\":\"Exc\u00e9lsior\",\"image\":{\"@type\":\"ImageObject\",\"inLanguage\":\"es\",\"@id\":\"https:\\\/\\\/secure.gravatar.com\\\/avatar\\\/4b7ee9206b48be08447852b3f0814dbc7c0f3b51541b164f1464a2725614020b?s=96&d=mm&r=g\",\"url\":\"https:\\\/\\\/secure.gravatar.com\\\/avatar\\\/4b7ee9206b48be08447852b3f0814dbc7c0f3b51541b164f1464a2725614020b?s=96&d=mm&r=g\",\"contentUrl\":\"https:\\\/\\\/secure.gravatar.com\\\/avatar\\\/4b7ee9206b48be08447852b3f0814dbc7c0f3b51541b164f1464a2725614020b?s=96&d=mm&r=g\",\"caption\":\"Exc\u00e9lsior\"},\"url\":\"https:\\\/\\\/fuentesfidedignas.com.mx\\\/index.php\\\/author\\\/excelsior\\\/\"}]}<\/script>\n<!-- \/ Yoast SEO plugin. -->","yoast_head_json":{"title":"Jos\u00e9 \u00c1ngel Gurr\u00eda se baja de contienda por candidatura presidencial del PRI, PAN y PRD - Fuentes Fidedignas","robots":{"index":"index","follow":"follow","max-snippet":"max-snippet:-1","max-image-preview":"max-image-preview:large","max-video-preview":"max-video-preview:-1"},"canonical":"https:\/\/fuentesfidedignas.com.mx\/index.php\/2023\/07\/05\/jose-angel-gurria-se-baja-de-contienda-por-candidatura-presidencial-del-pri-pan-y-prd\/","og_locale":"es_MX","og_type":"article","og_title":"Jos\u00e9 \u00c1ngel Gurr\u00eda se baja de contienda por candidatura presidencial del PRI, PAN y PRD - Fuentes Fidedignas","og_description":"Jos\u00e9 \u00c1ngel Gurr\u00eda desisti\u00f3 de buscar la candidatura presidencial y en su lugar dirigir\u00e1 el proyecto de naci\u00f3n del Frente Amplio por M\u00e9xico Ciudad de M\u00e9xico. Jos\u00e9 \u00c1ngel Gurr\u00eda Trevi\u00f1o,\u00a0exsecretario de Hacienda y exsecretario de la Organizaci\u00f3n para la Cooperaci\u00f3n y el Desarrollo Econ\u00f3mico (OCDE),\u00a0dirigir\u00e1 el Proyecto de Naci\u00f3n del Frente Amplio por M\u00e9xico, integrado [&hellip;]","og_url":"https:\/\/fuentesfidedignas.com.mx\/index.php\/2023\/07\/05\/jose-angel-gurria-se-baja-de-contienda-por-candidatura-presidencial-del-pri-pan-y-prd\/","og_site_name":"Fuentes Fidedignas","article_publisher":"https:\/\/www.facebook.com\/Fuentes-Fidedignas-368234489921644","article_published_time":"2023-07-05T17:48:52+00:00","article_modified_time":"2023-07-05T18:49:45+00:00","og_image":[{"width":800,"height":600,"url":"https:\/\/fuentesfidedignas.com.mx\/wp-content\/uploads\/2023\/07\/2973487.jpg","type":"image\/jpeg"}],"author":"Exc\u00e9lsior","twitter_card":"summary_large_image","twitter_creator":"@fidedignas","twitter_site":"@fidedignas","twitter_misc":{"Escrito por":"Exc\u00e9lsior","Tiempo de lectura":"2 minutos"},"schema":{"@context":"https:\/\/schema.org","@graph":[{"@type":"Article","@id":"https:\/\/fuentesfidedignas.com.mx\/index.php\/2023\/07\/05\/jose-angel-gurria-se-baja-de-contienda-por-candidatura-presidencial-del-pri-pan-y-prd\/#article","isPartOf":{"@id":"https:\/\/fuentesfidedignas.com.mx\/index.php\/2023\/07\/05\/jose-angel-gurria-se-baja-de-contienda-por-candidatura-presidencial-del-pri-pan-y-prd\/"},"author":{"name":"Exc\u00e9lsior","@id":"https:\/\/fuentesfidedignas.com.mx\/#\/schema\/person\/ec4edd1fbf5efa3e44fce34fe2787780"},"headline":"Jos\u00e9 \u00c1ngel Gurr\u00eda se baja de contienda por candidatura presidencial del PRI, PAN y PRD","datePublished":"2023-07-05T17:48:52+00:00","dateModified":"2023-07-05T18:49:45+00:00","mainEntityOfPage":{"@id":"https:\/\/fuentesfidedignas.com.mx\/index.php\/2023\/07\/05\/jose-angel-gurria-se-baja-de-contienda-por-candidatura-presidencial-del-pri-pan-y-prd\/"},"wordCount":372,"commentCount":0,"publisher":{"@id":"https:\/\/fuentesfidedignas.com.mx\/#organization"},"image":{"@id":"https:\/\/fuentesfidedignas.com.mx\/index.php\/2023\/07\/05\/jose-angel-gurria-se-baja-de-contienda-por-candidatura-presidencial-del-pri-pan-y-prd\/#primaryimage"},"thumbnailUrl":"https:\/\/fuentesfidedignas.com.mx\/wp-content\/uploads\/2023\/07\/2973487.jpg","articleSection":["NOTICIAS NACIONALES"],"inLanguage":"es","potentialAction":[{"@type":"CommentAction","name":"Comment","target":["https:\/\/fuentesfidedignas.com.mx\/index.php\/2023\/07\/05\/jose-angel-gurria-se-baja-de-contienda-por-candidatura-presidencial-del-pri-pan-y-prd\/#respond"]}]},{"@type":"WebPage","@id":"https:\/\/fuentesfidedignas.com.mx\/index.php\/2023\/07\/05\/jose-angel-gurria-se-baja-de-contienda-por-candidatura-presidencial-del-pri-pan-y-prd\/","url":"https:\/\/fuentesfidedignas.com.mx\/index.php\/2023\/07\/05\/jose-angel-gurria-se-baja-de-contienda-por-candidatura-presidencial-del-pri-pan-y-prd\/","name":"Jos\u00e9 \u00c1ngel Gurr\u00eda se baja de contienda por candidatura presidencial del PRI, PAN y PRD - Fuentes Fidedignas","isPartOf":{"@id":"https:\/\/fuentesfidedignas.com.mx\/#website"},"primaryImageOfPage":{"@id":"https:\/\/fuentesfidedignas.com.mx\/index.php\/2023\/07\/05\/jose-angel-gurria-se-baja-de-contienda-por-candidatura-presidencial-del-pri-pan-y-prd\/#primaryimage"},"image":{"@id":"https:\/\/fuentesfidedignas.com.mx\/index.php\/2023\/07\/05\/jose-angel-gurria-se-baja-de-contienda-por-candidatura-presidencial-del-pri-pan-y-prd\/#primaryimage"},"thumbnailUrl":"https:\/\/fuentesfidedignas.com.mx\/wp-content\/uploads\/2023\/07\/2973487.jpg","datePublished":"2023-07-05T17:48:52+00:00","dateModified":"2023-07-05T18:49:45+00:00","breadcrumb":{"@id":"https:\/\/fuentesfidedignas.com.mx\/index.php\/2023\/07\/05\/jose-angel-gurria-se-baja-de-contienda-por-candidatura-presidencial-del-pri-pan-y-prd\/#breadcrumb"},"inLanguage":"es","potentialAction":[{"@type":"ReadAction","target":["https:\/\/fuentesfidedignas.com.mx\/index.php\/2023\/07\/05\/jose-angel-gurria-se-baja-de-contienda-por-candidatura-presidencial-del-pri-pan-y-prd\/"]}]},{"@type":"ImageObject","inLanguage":"es","@id":"https:\/\/fuentesfidedignas.com.mx\/index.php\/2023\/07\/05\/jose-angel-gurria-se-baja-de-contienda-por-candidatura-presidencial-del-pri-pan-y-prd\/#primaryimage","url":"https:\/\/fuentesfidedignas.com.mx\/wp-content\/uploads\/2023\/07\/2973487.jpg","contentUrl":"https:\/\/fuentesfidedignas.com.mx\/wp-content\/uploads\/2023\/07\/2973487.jpg","width":800,"height":600},{"@type":"BreadcrumbList","@id":"https:\/\/fuentesfidedignas.com.mx\/index.php\/2023\/07\/05\/jose-angel-gurria-se-baja-de-contienda-por-candidatura-presidencial-del-pri-pan-y-prd\/#breadcrumb","itemListElement":[{"@type":"ListItem","position":1,"name":"Inicio","item":"https:\/\/fuentesfidedignas.com.mx\/"},{"@type":"ListItem","position":2,"name":"Jos\u00e9 \u00c1ngel Gurr\u00eda se baja de contienda por candidatura presidencial del PRI, PAN y PRD"}]},{"@type":"WebSite","@id":"https:\/\/fuentesfidedignas.com.mx\/#website","url":"https:\/\/fuentesfidedignas.com.mx\/","name":"Fuentes Fidedignas","description":"Otro sitio realizado con WordPress","publisher":{"@id":"https:\/\/fuentesfidedignas.com.mx\/#organization"},"potentialAction":[{"@type":"SearchAction","target":{"@type":"EntryPoint","urlTemplate":"https:\/\/fuentesfidedignas.com.mx\/?s={search_term_string}"},"query-input":{"@type":"PropertyValueSpecification","valueRequired":true,"valueName":"search_term_string"}}],"inLanguage":"es"},{"@type":"Organization","@id":"https:\/\/fuentesfidedignas.com.mx\/#organization","name":"Fuentes Fidedignas","url":"https:\/\/fuentesfidedignas.com.mx\/","logo":{"@type":"ImageObject","inLanguage":"es","@id":"https:\/\/fuentesfidedignas.com.mx\/#\/schema\/logo\/image\/","url":"https:\/\/fuentesfidedignas.com.mx\/wp-content\/uploads\/2021\/04\/logo-retina.png","contentUrl":"https:\/\/fuentesfidedignas.com.mx\/wp-content\/uploads\/2021\/04\/logo-retina.png","width":280,"height":51,"caption":"Fuentes Fidedignas"},"image":{"@id":"https:\/\/fuentesfidedignas.com.mx\/#\/schema\/logo\/image\/"},"sameAs":["https:\/\/www.facebook.com\/Fuentes-Fidedignas-368234489921644","https:\/\/x.com\/fidedignas"]},{"@type":"Person","@id":"https:\/\/fuentesfidedignas.com.mx\/#\/schema\/person\/ec4edd1fbf5efa3e44fce34fe2787780","name":"Exc\u00e9lsior","image":{"@type":"ImageObject","inLanguage":"es","@id":"https:\/\/secure.gravatar.com\/avatar\/4b7ee9206b48be08447852b3f0814dbc7c0f3b51541b164f1464a2725614020b?s=96&d=mm&r=g","url":"https:\/\/secure.gravatar.com\/avatar\/4b7ee9206b48be08447852b3f0814dbc7c0f3b51541b164f1464a2725614020b?s=96&d=mm&r=g","contentUrl":"https:\/\/secure.gravatar.com\/avatar\/4b7ee9206b48be08447852b3f0814dbc7c0f3b51541b164f1464a2725614020b?s=96&d=mm&r=g","caption":"Exc\u00e9lsior"},"url":"https:\/\/fuentesfidedignas.com.mx\/index.php\/author\/excelsior\/"}]}},"_links":{"self":[{"href":"https:\/\/fuentesfidedignas.com.mx\/index.php\/wp-json\/wp\/v2\/posts\/51976","targetHints":{"allow":["GET"]}}],"collection":[{"href":"https:\/\/fuentesfidedignas.com.mx\/index.php\/wp-json\/wp\/v2\/posts"}],"about":[{"href":"https:\/\/fuentesfidedignas.com.mx\/index.php\/wp-json\/wp\/v2\/types\/post"}],"author":[{"embeddable":true,"href":"https:\/\/fuentesfidedignas.com.mx\/index.php\/wp-json\/wp\/v2\/users\/7"}],"replies":[{"embeddable":true,"href":"https:\/\/fuentesfidedignas.com.mx\/index.php\/wp-json\/wp\/v2\/comments?post=51976"}],"version-history":[{"count":1,"href":"https:\/\/fuentesfidedignas.com.mx\/index.php\/wp-json\/wp\/v2\/posts\/51976\/revisions"}],"predecessor-version":[{"id":51977,"href":"https:\/\/fuentesfidedignas.com.mx\/index.php\/wp-json\/wp\/v2\/posts\/51976\/revisions\/51977"}],"wp:featuredmedia":[{"embeddable":true,"href":"https:\/\/fuentesfidedignas.com.mx\/index.php\/wp-json\/wp\/v2\/media\/51979"}],"wp:attachment":[{"href":"https:\/\/fuentesfidedignas.com.mx\/index.php\/wp-json\/wp\/v2\/media?parent=51976"}],"wp:term":[{"taxonomy":"category","embeddable":true,"href":"https:\/\/fuentesfidedignas.com.mx\/index.php\/wp-json\/wp\/v2\/categories?post=51976"},{"taxonomy":"post_tag","embeddable":true,"href":"https:\/\/fuentesfidedignas.com.mx\/index.php\/wp-json\/wp\/v2\/tags?post=51976"}],"curies":[{"name":"wp","href":"https:\/\/api.w.org\/{rel}","templated":true}]}}