{"id":51970,"date":"2023-07-05T08:46:48","date_gmt":"2023-07-05T15:46:48","guid":{"rendered":"https:\/\/fuentesfidedignas.com.mx\/?p=51970"},"modified":"2023-07-05T07:47:08","modified_gmt":"2023-07-05T14:47:08","slug":"el-planeta-tuvo-este-4-de-julio-la-temperatura-promedio-mas-alta-jamas-registrada","status":"publish","type":"post","link":"https:\/\/fuentesfidedignas.com.mx\/index.php\/2023\/07\/05\/el-planeta-tuvo-este-4-de-julio-la-temperatura-promedio-mas-alta-jamas-registrada\/","title":{"rendered":"El planeta tuvo este 4 de julio la temperatura promedio m\u00e1s alta jam\u00e1s registrada"},"content":{"rendered":"\n<p><strong><em>El nuevo r\u00e9cord de temperatura, desde que comenzaron los registros en 1979, super\u00f3 el anterior de 17.01 Celsius registrado el lunes pasado.<\/em><\/strong><\/p>\n\n\n\n<p>Ciudad de M\u00e9xico.- La temperatura global promedio sobre la superficie del planeta marc\u00f3 el martes 4 de julio el r\u00e9cord de 17.18 grados Celsius (62.92 Fahrenheit), inform\u00f3 este mi\u00e9rcoles la Administraci\u00f3n Nacional Oce\u00e1nica y Atmosf\u00e9rica (NOAA).<\/p>\n\n\n\n<p>El nuevo r\u00e9cord, desde que comenzaron los registros en 1979, super\u00f3 el anterior de 17.01 Celsius (62.62 Fahrenheit) registrado el lunes pasado, se\u00f1al\u00f3 la agencia, a pocos d\u00edas de iniciado el verano en el hemisferio norte.<\/p>\n\n\n\n<p>La combinaci\u00f3n de El Ni\u00f1o temprano y el cambio clim\u00e1tico han llevado a advertencias de cient\u00edficos que han vaticinado \u00e9ste como uno de los a\u00f1os m\u00e1s calurosos registrados.<\/p>\n\n\n\n<p>A principios de junio NOAA hab\u00eda se\u00f1alado el comienzo de El Ni\u00f1o, un fen\u00f3meno clim\u00e1tico vinculado con el aumento de las temperaturas en el oc\u00e9ano Pac\u00edfico oriental ecuatorial.<\/p>\n\n\n\n<p>El planeta tuvo este 4 de julio la temperatura promedio m\u00e1s alta jam\u00e1s registrada<br>Seg\u00fan NOAA, el efecto de El Ni\u00f1o podr\u00eda causar un verano lluvioso en el sur de Estados Unidos y en la costa del Golfo de M\u00e9xico.<\/p>\n\n\n\n<p>Robert Rohde, de Berkeley Earth en la Universidad de California, indic\u00f3 en un mensaje Twitter que \u201cesta combinaci\u00f3n bien podr\u00eda traer d\u00edas a\u00fan m\u00e1s calurosos en las pr\u00f3ximas seis semanas\u201d.<\/p>\n\n\n\n<p>El Servicio Meteorol\u00f3gico Nacional (NWS) pronostica para este mi\u00e9rcoles temperaturas de m\u00e1s de 38 grados Celsius (100 Fahrenheit) en Las Vegas (Nevada), El Paso (Texas) y Albuquerque (Nuevo M\u00e9xico), que podr\u00edan llegar a los 43.3 Celsius (110 Fahrenheit) en Phoenix (Arizona).<\/p>\n\n\n\n<p>Asimismo, se esperan temperaturas de entre 33 y 37 Celsius (90-100 Fahrenheit) en San Antonio y Dallas (Texas), Jacksonville y Tampa (Florida), Oklahoma City (Oklahoma), Memphis (Tennessee), Nueva Orleans, (Luisiana), y Washington DC.<\/p>\n","protected":false},"excerpt":{"rendered":"<p>El nuevo r\u00e9cord de temperatura, desde que comenzaron los registros en 1979, super\u00f3 el anterior de 17.01 Celsius registrado el lunes pasado. Ciudad de M\u00e9xico.- La temperatura global promedio sobre la superficie del planeta marc\u00f3 el martes 4 de julio el r\u00e9cord de 17.18 grados Celsius (62.92 Fahrenheit), inform\u00f3 este mi\u00e9rcoles la Administraci\u00f3n Nacional Oce\u00e1nica [&hellip;]<\/p>\n","protected":false},"author":5,"featured_media":51971,"comment_status":"open","ping_status":"open","sticky":false,"template":"","format":"standard","meta":{"tdm_status":"","tdm_grid_status":"","footnotes":""},"categories":[39],"tags":[],"class_list":{"0":"post-51970","1":"post","2":"type-post","3":"status-publish","4":"format-standard","5":"has-post-thumbnail","7":"category-noticias-nacionales"},"yoast_head":"<!-- This site is optimized with the Yoast SEO plugin v27.4 - https:\/\/yoast.com\/product\/yoast-seo-wordpress\/ -->\n<title>El planeta tuvo este 4 de julio la temperatura promedio m\u00e1s alta jam\u00e1s registrada - Fuentes Fidedignas<\/title>\n<meta name=\"robots\" content=\"index, follow, max-snippet:-1, max-image-preview:large, max-video-preview:-1\" \/>\n<link rel=\"canonical\" href=\"https:\/\/fuentesfidedignas.com.mx\/index.php\/2023\/07\/05\/el-planeta-tuvo-este-4-de-julio-la-temperatura-promedio-mas-alta-jamas-registrada\/\" \/>\n<meta property=\"og:locale\" content=\"es_MX\" \/>\n<meta property=\"og:type\" content=\"article\" \/>\n<meta property=\"og:title\" content=\"El planeta tuvo este 4 de julio la temperatura promedio m\u00e1s alta jam\u00e1s registrada - Fuentes Fidedignas\" \/>\n<meta property=\"og:description\" content=\"El nuevo r\u00e9cord de temperatura, desde que comenzaron los registros en 1979, super\u00f3 el anterior de 17.01 Celsius registrado el lunes pasado. Ciudad de M\u00e9xico.- La temperatura global promedio sobre la superficie del planeta marc\u00f3 el martes 4 de julio el r\u00e9cord de 17.18 grados Celsius (62.92 Fahrenheit), inform\u00f3 este mi\u00e9rcoles la Administraci\u00f3n Nacional Oce\u00e1nica [&hellip;]\" \/>\n<meta property=\"og:url\" content=\"https:\/\/fuentesfidedignas.com.mx\/index.php\/2023\/07\/05\/el-planeta-tuvo-este-4-de-julio-la-temperatura-promedio-mas-alta-jamas-registrada\/\" \/>\n<meta property=\"og:site_name\" content=\"Fuentes Fidedignas\" \/>\n<meta property=\"article:publisher\" content=\"https:\/\/www.facebook.com\/Fuentes-Fidedignas-368234489921644\" \/>\n<meta property=\"article:published_time\" content=\"2023-07-05T15:46:48+00:00\" \/>\n<meta property=\"og:image\" content=\"https:\/\/fuentesfidedignas.com.mx\/wp-content\/uploads\/2023\/07\/TEMPERATURAS.jpg\" \/>\n\t<meta property=\"og:image:width\" content=\"1060\" \/>\n\t<meta property=\"og:image:height\" content=\"598\" \/>\n\t<meta property=\"og:image:type\" content=\"image\/jpeg\" \/>\n<meta name=\"author\" content=\"Forbes\" \/>\n<meta name=\"twitter:card\" content=\"summary_large_image\" \/>\n<meta name=\"twitter:creator\" content=\"@fidedignas\" \/>\n<meta name=\"twitter:site\" content=\"@fidedignas\" \/>\n<meta name=\"twitter:label1\" content=\"Escrito por\" \/>\n\t<meta name=\"twitter:data1\" content=\"Forbes\" \/>\n\t<meta name=\"twitter:label2\" content=\"Tiempo de lectura\" \/>\n\t<meta name=\"twitter:data2\" content=\"2 minutos\" \/>\n<script type=\"application\/ld+json\" class=\"yoast-schema-graph\">{\"@context\":\"https:\\\/\\\/schema.org\",\"@graph\":[{\"@type\":\"Article\",\"@id\":\"https:\\\/\\\/fuentesfidedignas.com.mx\\\/index.php\\\/2023\\\/07\\\/05\\\/el-planeta-tuvo-este-4-de-julio-la-temperatura-promedio-mas-alta-jamas-registrada\\\/#article\",\"isPartOf\":{\"@id\":\"https:\\\/\\\/fuentesfidedignas.com.mx\\\/index.php\\\/2023\\\/07\\\/05\\\/el-planeta-tuvo-este-4-de-julio-la-temperatura-promedio-mas-alta-jamas-registrada\\\/\"},\"author\":{\"name\":\"Forbes\",\"@id\":\"https:\\\/\\\/fuentesfidedignas.com.mx\\\/#\\\/schema\\\/person\\\/5623d53fe2e579d825b1679734abcc44\"},\"headline\":\"El planeta tuvo este 4 de julio la temperatura promedio m\u00e1s alta jam\u00e1s registrada\",\"datePublished\":\"2023-07-05T15:46:48+00:00\",\"mainEntityOfPage\":{\"@id\":\"https:\\\/\\\/fuentesfidedignas.com.mx\\\/index.php\\\/2023\\\/07\\\/05\\\/el-planeta-tuvo-este-4-de-julio-la-temperatura-promedio-mas-alta-jamas-registrada\\\/\"},\"wordCount\":334,\"commentCount\":0,\"publisher\":{\"@id\":\"https:\\\/\\\/fuentesfidedignas.com.mx\\\/#organization\"},\"image\":{\"@id\":\"https:\\\/\\\/fuentesfidedignas.com.mx\\\/index.php\\\/2023\\\/07\\\/05\\\/el-planeta-tuvo-este-4-de-julio-la-temperatura-promedio-mas-alta-jamas-registrada\\\/#primaryimage\"},\"thumbnailUrl\":\"https:\\\/\\\/fuentesfidedignas.com.mx\\\/wp-content\\\/uploads\\\/2023\\\/07\\\/TEMPERATURAS.jpg\",\"articleSection\":[\"NOTICIAS NACIONALES\"],\"inLanguage\":\"es\",\"potentialAction\":[{\"@type\":\"CommentAction\",\"name\":\"Comment\",\"target\":[\"https:\\\/\\\/fuentesfidedignas.com.mx\\\/index.php\\\/2023\\\/07\\\/05\\\/el-planeta-tuvo-este-4-de-julio-la-temperatura-promedio-mas-alta-jamas-registrada\\\/#respond\"]}]},{\"@type\":\"WebPage\",\"@id\":\"https:\\\/\\\/fuentesfidedignas.com.mx\\\/index.php\\\/2023\\\/07\\\/05\\\/el-planeta-tuvo-este-4-de-julio-la-temperatura-promedio-mas-alta-jamas-registrada\\\/\",\"url\":\"https:\\\/\\\/fuentesfidedignas.com.mx\\\/index.php\\\/2023\\\/07\\\/05\\\/el-planeta-tuvo-este-4-de-julio-la-temperatura-promedio-mas-alta-jamas-registrada\\\/\",\"name\":\"El planeta tuvo este 4 de julio la temperatura promedio m\u00e1s alta jam\u00e1s registrada - Fuentes Fidedignas\",\"isPartOf\":{\"@id\":\"https:\\\/\\\/fuentesfidedignas.com.mx\\\/#website\"},\"primaryImageOfPage\":{\"@id\":\"https:\\\/\\\/fuentesfidedignas.com.mx\\\/index.php\\\/2023\\\/07\\\/05\\\/el-planeta-tuvo-este-4-de-julio-la-temperatura-promedio-mas-alta-jamas-registrada\\\/#primaryimage\"},\"image\":{\"@id\":\"https:\\\/\\\/fuentesfidedignas.com.mx\\\/index.php\\\/2023\\\/07\\\/05\\\/el-planeta-tuvo-este-4-de-julio-la-temperatura-promedio-mas-alta-jamas-registrada\\\/#primaryimage\"},\"thumbnailUrl\":\"https:\\\/\\\/fuentesfidedignas.com.mx\\\/wp-content\\\/uploads\\\/2023\\\/07\\\/TEMPERATURAS.jpg\",\"datePublished\":\"2023-07-05T15:46:48+00:00\",\"breadcrumb\":{\"@id\":\"https:\\\/\\\/fuentesfidedignas.com.mx\\\/index.php\\\/2023\\\/07\\\/05\\\/el-planeta-tuvo-este-4-de-julio-la-temperatura-promedio-mas-alta-jamas-registrada\\\/#breadcrumb\"},\"inLanguage\":\"es\",\"potentialAction\":[{\"@type\":\"ReadAction\",\"target\":[\"https:\\\/\\\/fuentesfidedignas.com.mx\\\/index.php\\\/2023\\\/07\\\/05\\\/el-planeta-tuvo-este-4-de-julio-la-temperatura-promedio-mas-alta-jamas-registrada\\\/\"]}]},{\"@type\":\"ImageObject\",\"inLanguage\":\"es\",\"@id\":\"https:\\\/\\\/fuentesfidedignas.com.mx\\\/index.php\\\/2023\\\/07\\\/05\\\/el-planeta-tuvo-este-4-de-julio-la-temperatura-promedio-mas-alta-jamas-registrada\\\/#primaryimage\",\"url\":\"https:\\\/\\\/fuentesfidedignas.com.mx\\\/wp-content\\\/uploads\\\/2023\\\/07\\\/TEMPERATURAS.jpg\",\"contentUrl\":\"https:\\\/\\\/fuentesfidedignas.com.mx\\\/wp-content\\\/uploads\\\/2023\\\/07\\\/TEMPERATURAS.jpg\",\"width\":1060,\"height\":598},{\"@type\":\"BreadcrumbList\",\"@id\":\"https:\\\/\\\/fuentesfidedignas.com.mx\\\/index.php\\\/2023\\\/07\\\/05\\\/el-planeta-tuvo-este-4-de-julio-la-temperatura-promedio-mas-alta-jamas-registrada\\\/#breadcrumb\",\"itemListElement\":[{\"@type\":\"ListItem\",\"position\":1,\"name\":\"Inicio\",\"item\":\"https:\\\/\\\/fuentesfidedignas.com.mx\\\/\"},{\"@type\":\"ListItem\",\"position\":2,\"name\":\"El planeta tuvo este 4 de julio la temperatura promedio m\u00e1s alta jam\u00e1s registrada\"}]},{\"@type\":\"WebSite\",\"@id\":\"https:\\\/\\\/fuentesfidedignas.com.mx\\\/#website\",\"url\":\"https:\\\/\\\/fuentesfidedignas.com.mx\\\/\",\"name\":\"Fuentes Fidedignas\",\"description\":\"Otro sitio realizado con WordPress\",\"publisher\":{\"@id\":\"https:\\\/\\\/fuentesfidedignas.com.mx\\\/#organization\"},\"potentialAction\":[{\"@type\":\"SearchAction\",\"target\":{\"@type\":\"EntryPoint\",\"urlTemplate\":\"https:\\\/\\\/fuentesfidedignas.com.mx\\\/?s={search_term_string}\"},\"query-input\":{\"@type\":\"PropertyValueSpecification\",\"valueRequired\":true,\"valueName\":\"search_term_string\"}}],\"inLanguage\":\"es\"},{\"@type\":\"Organization\",\"@id\":\"https:\\\/\\\/fuentesfidedignas.com.mx\\\/#organization\",\"name\":\"Fuentes Fidedignas\",\"url\":\"https:\\\/\\\/fuentesfidedignas.com.mx\\\/\",\"logo\":{\"@type\":\"ImageObject\",\"inLanguage\":\"es\",\"@id\":\"https:\\\/\\\/fuentesfidedignas.com.mx\\\/#\\\/schema\\\/logo\\\/image\\\/\",\"url\":\"https:\\\/\\\/fuentesfidedignas.com.mx\\\/wp-content\\\/uploads\\\/2021\\\/04\\\/logo-retina.png\",\"contentUrl\":\"https:\\\/\\\/fuentesfidedignas.com.mx\\\/wp-content\\\/uploads\\\/2021\\\/04\\\/logo-retina.png\",\"width\":280,\"height\":51,\"caption\":\"Fuentes Fidedignas\"},\"image\":{\"@id\":\"https:\\\/\\\/fuentesfidedignas.com.mx\\\/#\\\/schema\\\/logo\\\/image\\\/\"},\"sameAs\":[\"https:\\\/\\\/www.facebook.com\\\/Fuentes-Fidedignas-368234489921644\",\"https:\\\/\\\/x.com\\\/fidedignas\"]},{\"@type\":\"Person\",\"@id\":\"https:\\\/\\\/fuentesfidedignas.com.mx\\\/#\\\/schema\\\/person\\\/5623d53fe2e579d825b1679734abcc44\",\"name\":\"Forbes\",\"image\":{\"@type\":\"ImageObject\",\"inLanguage\":\"es\",\"@id\":\"https:\\\/\\\/secure.gravatar.com\\\/avatar\\\/87ce3dd4e41e60c22a79c758614f01a6bc2469255fc936ec7b15efb9bb5cb66f?s=96&d=mm&r=g\",\"url\":\"https:\\\/\\\/secure.gravatar.com\\\/avatar\\\/87ce3dd4e41e60c22a79c758614f01a6bc2469255fc936ec7b15efb9bb5cb66f?s=96&d=mm&r=g\",\"contentUrl\":\"https:\\\/\\\/secure.gravatar.com\\\/avatar\\\/87ce3dd4e41e60c22a79c758614f01a6bc2469255fc936ec7b15efb9bb5cb66f?s=96&d=mm&r=g\",\"caption\":\"Forbes\"},\"url\":\"https:\\\/\\\/fuentesfidedignas.com.mx\\\/index.php\\\/author\\\/forbes\\\/\"}]}<\/script>\n<!-- \/ Yoast SEO plugin. -->","yoast_head_json":{"title":"El planeta tuvo este 4 de julio la temperatura promedio m\u00e1s alta jam\u00e1s registrada - Fuentes Fidedignas","robots":{"index":"index","follow":"follow","max-snippet":"max-snippet:-1","max-image-preview":"max-image-preview:large","max-video-preview":"max-video-preview:-1"},"canonical":"https:\/\/fuentesfidedignas.com.mx\/index.php\/2023\/07\/05\/el-planeta-tuvo-este-4-de-julio-la-temperatura-promedio-mas-alta-jamas-registrada\/","og_locale":"es_MX","og_type":"article","og_title":"El planeta tuvo este 4 de julio la temperatura promedio m\u00e1s alta jam\u00e1s registrada - Fuentes Fidedignas","og_description":"El nuevo r\u00e9cord de temperatura, desde que comenzaron los registros en 1979, super\u00f3 el anterior de 17.01 Celsius registrado el lunes pasado. Ciudad de M\u00e9xico.- La temperatura global promedio sobre la superficie del planeta marc\u00f3 el martes 4 de julio el r\u00e9cord de 17.18 grados Celsius (62.92 Fahrenheit), inform\u00f3 este mi\u00e9rcoles la Administraci\u00f3n Nacional Oce\u00e1nica [&hellip;]","og_url":"https:\/\/fuentesfidedignas.com.mx\/index.php\/2023\/07\/05\/el-planeta-tuvo-este-4-de-julio-la-temperatura-promedio-mas-alta-jamas-registrada\/","og_site_name":"Fuentes Fidedignas","article_publisher":"https:\/\/www.facebook.com\/Fuentes-Fidedignas-368234489921644","article_published_time":"2023-07-05T15:46:48+00:00","og_image":[{"width":1060,"height":598,"url":"https:\/\/fuentesfidedignas.com.mx\/wp-content\/uploads\/2023\/07\/TEMPERATURAS.jpg","type":"image\/jpeg"}],"author":"Forbes","twitter_card":"summary_large_image","twitter_creator":"@fidedignas","twitter_site":"@fidedignas","twitter_misc":{"Escrito por":"Forbes","Tiempo de lectura":"2 minutos"},"schema":{"@context":"https:\/\/schema.org","@graph":[{"@type":"Article","@id":"https:\/\/fuentesfidedignas.com.mx\/index.php\/2023\/07\/05\/el-planeta-tuvo-este-4-de-julio-la-temperatura-promedio-mas-alta-jamas-registrada\/#article","isPartOf":{"@id":"https:\/\/fuentesfidedignas.com.mx\/index.php\/2023\/07\/05\/el-planeta-tuvo-este-4-de-julio-la-temperatura-promedio-mas-alta-jamas-registrada\/"},"author":{"name":"Forbes","@id":"https:\/\/fuentesfidedignas.com.mx\/#\/schema\/person\/5623d53fe2e579d825b1679734abcc44"},"headline":"El planeta tuvo este 4 de julio la temperatura promedio m\u00e1s alta jam\u00e1s registrada","datePublished":"2023-07-05T15:46:48+00:00","mainEntityOfPage":{"@id":"https:\/\/fuentesfidedignas.com.mx\/index.php\/2023\/07\/05\/el-planeta-tuvo-este-4-de-julio-la-temperatura-promedio-mas-alta-jamas-registrada\/"},"wordCount":334,"commentCount":0,"publisher":{"@id":"https:\/\/fuentesfidedignas.com.mx\/#organization"},"image":{"@id":"https:\/\/fuentesfidedignas.com.mx\/index.php\/2023\/07\/05\/el-planeta-tuvo-este-4-de-julio-la-temperatura-promedio-mas-alta-jamas-registrada\/#primaryimage"},"thumbnailUrl":"https:\/\/fuentesfidedignas.com.mx\/wp-content\/uploads\/2023\/07\/TEMPERATURAS.jpg","articleSection":["NOTICIAS NACIONALES"],"inLanguage":"es","potentialAction":[{"@type":"CommentAction","name":"Comment","target":["https:\/\/fuentesfidedignas.com.mx\/index.php\/2023\/07\/05\/el-planeta-tuvo-este-4-de-julio-la-temperatura-promedio-mas-alta-jamas-registrada\/#respond"]}]},{"@type":"WebPage","@id":"https:\/\/fuentesfidedignas.com.mx\/index.php\/2023\/07\/05\/el-planeta-tuvo-este-4-de-julio-la-temperatura-promedio-mas-alta-jamas-registrada\/","url":"https:\/\/fuentesfidedignas.com.mx\/index.php\/2023\/07\/05\/el-planeta-tuvo-este-4-de-julio-la-temperatura-promedio-mas-alta-jamas-registrada\/","name":"El planeta tuvo este 4 de julio la temperatura promedio m\u00e1s alta jam\u00e1s registrada - Fuentes Fidedignas","isPartOf":{"@id":"https:\/\/fuentesfidedignas.com.mx\/#website"},"primaryImageOfPage":{"@id":"https:\/\/fuentesfidedignas.com.mx\/index.php\/2023\/07\/05\/el-planeta-tuvo-este-4-de-julio-la-temperatura-promedio-mas-alta-jamas-registrada\/#primaryimage"},"image":{"@id":"https:\/\/fuentesfidedignas.com.mx\/index.php\/2023\/07\/05\/el-planeta-tuvo-este-4-de-julio-la-temperatura-promedio-mas-alta-jamas-registrada\/#primaryimage"},"thumbnailUrl":"https:\/\/fuentesfidedignas.com.mx\/wp-content\/uploads\/2023\/07\/TEMPERATURAS.jpg","datePublished":"2023-07-05T15:46:48+00:00","breadcrumb":{"@id":"https:\/\/fuentesfidedignas.com.mx\/index.php\/2023\/07\/05\/el-planeta-tuvo-este-4-de-julio-la-temperatura-promedio-mas-alta-jamas-registrada\/#breadcrumb"},"inLanguage":"es","potentialAction":[{"@type":"ReadAction","target":["https:\/\/fuentesfidedignas.com.mx\/index.php\/2023\/07\/05\/el-planeta-tuvo-este-4-de-julio-la-temperatura-promedio-mas-alta-jamas-registrada\/"]}]},{"@type":"ImageObject","inLanguage":"es","@id":"https:\/\/fuentesfidedignas.com.mx\/index.php\/2023\/07\/05\/el-planeta-tuvo-este-4-de-julio-la-temperatura-promedio-mas-alta-jamas-registrada\/#primaryimage","url":"https:\/\/fuentesfidedignas.com.mx\/wp-content\/uploads\/2023\/07\/TEMPERATURAS.jpg","contentUrl":"https:\/\/fuentesfidedignas.com.mx\/wp-content\/uploads\/2023\/07\/TEMPERATURAS.jpg","width":1060,"height":598},{"@type":"BreadcrumbList","@id":"https:\/\/fuentesfidedignas.com.mx\/index.php\/2023\/07\/05\/el-planeta-tuvo-este-4-de-julio-la-temperatura-promedio-mas-alta-jamas-registrada\/#breadcrumb","itemListElement":[{"@type":"ListItem","position":1,"name":"Inicio","item":"https:\/\/fuentesfidedignas.com.mx\/"},{"@type":"ListItem","position":2,"name":"El planeta tuvo este 4 de julio la temperatura promedio m\u00e1s alta jam\u00e1s registrada"}]},{"@type":"WebSite","@id":"https:\/\/fuentesfidedignas.com.mx\/#website","url":"https:\/\/fuentesfidedignas.com.mx\/","name":"Fuentes Fidedignas","description":"Otro sitio realizado con WordPress","publisher":{"@id":"https:\/\/fuentesfidedignas.com.mx\/#organization"},"potentialAction":[{"@type":"SearchAction","target":{"@type":"EntryPoint","urlTemplate":"https:\/\/fuentesfidedignas.com.mx\/?s={search_term_string}"},"query-input":{"@type":"PropertyValueSpecification","valueRequired":true,"valueName":"search_term_string"}}],"inLanguage":"es"},{"@type":"Organization","@id":"https:\/\/fuentesfidedignas.com.mx\/#organization","name":"Fuentes Fidedignas","url":"https:\/\/fuentesfidedignas.com.mx\/","logo":{"@type":"ImageObject","inLanguage":"es","@id":"https:\/\/fuentesfidedignas.com.mx\/#\/schema\/logo\/image\/","url":"https:\/\/fuentesfidedignas.com.mx\/wp-content\/uploads\/2021\/04\/logo-retina.png","contentUrl":"https:\/\/fuentesfidedignas.com.mx\/wp-content\/uploads\/2021\/04\/logo-retina.png","width":280,"height":51,"caption":"Fuentes Fidedignas"},"image":{"@id":"https:\/\/fuentesfidedignas.com.mx\/#\/schema\/logo\/image\/"},"sameAs":["https:\/\/www.facebook.com\/Fuentes-Fidedignas-368234489921644","https:\/\/x.com\/fidedignas"]},{"@type":"Person","@id":"https:\/\/fuentesfidedignas.com.mx\/#\/schema\/person\/5623d53fe2e579d825b1679734abcc44","name":"Forbes","image":{"@type":"ImageObject","inLanguage":"es","@id":"https:\/\/secure.gravatar.com\/avatar\/87ce3dd4e41e60c22a79c758614f01a6bc2469255fc936ec7b15efb9bb5cb66f?s=96&d=mm&r=g","url":"https:\/\/secure.gravatar.com\/avatar\/87ce3dd4e41e60c22a79c758614f01a6bc2469255fc936ec7b15efb9bb5cb66f?s=96&d=mm&r=g","contentUrl":"https:\/\/secure.gravatar.com\/avatar\/87ce3dd4e41e60c22a79c758614f01a6bc2469255fc936ec7b15efb9bb5cb66f?s=96&d=mm&r=g","caption":"Forbes"},"url":"https:\/\/fuentesfidedignas.com.mx\/index.php\/author\/forbes\/"}]}},"_links":{"self":[{"href":"https:\/\/fuentesfidedignas.com.mx\/index.php\/wp-json\/wp\/v2\/posts\/51970","targetHints":{"allow":["GET"]}}],"collection":[{"href":"https:\/\/fuentesfidedignas.com.mx\/index.php\/wp-json\/wp\/v2\/posts"}],"about":[{"href":"https:\/\/fuentesfidedignas.com.mx\/index.php\/wp-json\/wp\/v2\/types\/post"}],"author":[{"embeddable":true,"href":"https:\/\/fuentesfidedignas.com.mx\/index.php\/wp-json\/wp\/v2\/users\/5"}],"replies":[{"embeddable":true,"href":"https:\/\/fuentesfidedignas.com.mx\/index.php\/wp-json\/wp\/v2\/comments?post=51970"}],"version-history":[{"count":1,"href":"https:\/\/fuentesfidedignas.com.mx\/index.php\/wp-json\/wp\/v2\/posts\/51970\/revisions"}],"predecessor-version":[{"id":51972,"href":"https:\/\/fuentesfidedignas.com.mx\/index.php\/wp-json\/wp\/v2\/posts\/51970\/revisions\/51972"}],"wp:featuredmedia":[{"embeddable":true,"href":"https:\/\/fuentesfidedignas.com.mx\/index.php\/wp-json\/wp\/v2\/media\/51971"}],"wp:attachment":[{"href":"https:\/\/fuentesfidedignas.com.mx\/index.php\/wp-json\/wp\/v2\/media?parent=51970"}],"wp:term":[{"taxonomy":"category","embeddable":true,"href":"https:\/\/fuentesfidedignas.com.mx\/index.php\/wp-json\/wp\/v2\/categories?post=51970"},{"taxonomy":"post_tag","embeddable":true,"href":"https:\/\/fuentesfidedignas.com.mx\/index.php\/wp-json\/wp\/v2\/tags?post=51970"}],"curies":[{"name":"wp","href":"https:\/\/api.w.org\/{rel}","templated":true}]}}