{"id":51870,"date":"2023-07-04T11:41:54","date_gmt":"2023-07-04T18:41:54","guid":{"rendered":"https:\/\/fuentesfidedignas.com.mx\/?p=51870"},"modified":"2023-07-04T11:55:44","modified_gmt":"2023-07-04T18:55:44","slug":"rocha-recibe-a-alumnos-del-cecyte-ganadores-del-encuentro-nacional-de-ciencias","status":"publish","type":"post","link":"https:\/\/fuentesfidedignas.com.mx\/index.php\/2023\/07\/04\/rocha-recibe-a-alumnos-del-cecyte-ganadores-del-encuentro-nacional-de-ciencias\/","title":{"rendered":"Rocha recibe a alumnos del CECyTE ganadores del Encuentro Nacional de Ciencias"},"content":{"rendered":"\n<p><em><strong>El mandatario estatal los felicit\u00f3 por poner en alto el nombre de Sinaloa en el \u00e1mbito de ciencia y tecnolog\u00eda<\/strong><\/em><\/p>\n\n\n\n<p>Culiac\u00e1n, Sin.- El gobernador Rub\u00e9n Rocha Moya recibi\u00f3 en su despacho a los j\u00f3venes ganadores del primer lugar del Encuentro Nacional de Ciencia e Innovaci\u00f3n Tecnol\u00f3gica, realizado en la ciudad de Puebla, en el cual participaron con un proyecto de elaboraci\u00f3n de papel org\u00e1nico a base de c\u00e1scaras de ajo para envolturas comestibles.<\/p>\n\n\n\n<p>Los j\u00f3venes galardonados fueron acompa\u00f1ados por la directora general del Centro de Estudios Cient\u00edficos y Tecnol\u00f3gicos de Sinaloa (CECyTE), Emma Karina Mill\u00e1n Bueno, quien agradeci\u00f3 el gesto del gobernador Rocha de reunirse con los j\u00f3venes Luna Getzamany Carrillo Rivera, Jos\u00e9 Manuel Garc\u00eda Gast\u00e9lum y Juan Carlos Ur\u00edas Hern\u00e1ndez, as\u00ed como con su maestra Dulce Mar\u00eda Muy Rangel.<\/p>\n\n\n\n<figure class=\"wp-block-gallery has-nested-images columns-default is-cropped wp-block-gallery-1 is-layout-flex wp-block-gallery-is-layout-flex\">\n<figure class=\"wp-block-image size-large\"><img decoding=\"async\" width=\"1024\" height=\"707\" data-id=\"51871\" src=\"https:\/\/fuentesfidedignas.com.mx\/wp-content\/uploads\/2023\/07\/1000087575.jpg\" alt=\"\" class=\"wp-image-51871\" srcset=\"https:\/\/fuentesfidedignas.com.mx\/wp-content\/uploads\/2023\/07\/1000087575.jpg 1024w, https:\/\/fuentesfidedignas.com.mx\/wp-content\/uploads\/2023\/07\/1000087575-300x207.jpg 300w, https:\/\/fuentesfidedignas.com.mx\/wp-content\/uploads\/2023\/07\/1000087575-768x530.jpg 768w\" sizes=\"(max-width: 1024px) 100vw, 1024px\" \/><\/figure>\n\n\n\n<figure class=\"wp-block-image size-large\"><img decoding=\"async\" width=\"614\" height=\"399\" data-id=\"51872\" src=\"https:\/\/fuentesfidedignas.com.mx\/wp-content\/uploads\/2023\/07\/1000087577.jpg\" alt=\"\" class=\"wp-image-51872\" srcset=\"https:\/\/fuentesfidedignas.com.mx\/wp-content\/uploads\/2023\/07\/1000087577.jpg 614w, https:\/\/fuentesfidedignas.com.mx\/wp-content\/uploads\/2023\/07\/1000087577-300x195.jpg 300w\" sizes=\"(max-width: 614px) 100vw, 614px\" \/><\/figure>\n\n\n\n<figure class=\"wp-block-image size-large\"><img decoding=\"async\" width=\"614\" height=\"379\" data-id=\"51873\" src=\"https:\/\/fuentesfidedignas.com.mx\/wp-content\/uploads\/2023\/07\/1000087578.jpg\" alt=\"\" class=\"wp-image-51873\" srcset=\"https:\/\/fuentesfidedignas.com.mx\/wp-content\/uploads\/2023\/07\/1000087578.jpg 614w, https:\/\/fuentesfidedignas.com.mx\/wp-content\/uploads\/2023\/07\/1000087578-300x185.jpg 300w\" sizes=\"(max-width: 614px) 100vw, 614px\" \/><\/figure>\n\n\n\n<figure class=\"wp-block-image size-large\"><img decoding=\"async\" width=\"614\" height=\"409\" data-id=\"51874\" src=\"https:\/\/fuentesfidedignas.com.mx\/wp-content\/uploads\/2023\/07\/1000087582.jpg\" alt=\"\" class=\"wp-image-51874\" srcset=\"https:\/\/fuentesfidedignas.com.mx\/wp-content\/uploads\/2023\/07\/1000087582.jpg 614w, https:\/\/fuentesfidedignas.com.mx\/wp-content\/uploads\/2023\/07\/1000087582-300x200.jpg 300w\" sizes=\"(max-width: 614px) 100vw, 614px\" \/><\/figure>\n\n\n\n<figure class=\"wp-block-image size-large\"><img decoding=\"async\" width=\"614\" height=\"405\" data-id=\"51876\" src=\"https:\/\/fuentesfidedignas.com.mx\/wp-content\/uploads\/2023\/07\/1000087584.jpg\" alt=\"\" class=\"wp-image-51876\" srcset=\"https:\/\/fuentesfidedignas.com.mx\/wp-content\/uploads\/2023\/07\/1000087584.jpg 614w, https:\/\/fuentesfidedignas.com.mx\/wp-content\/uploads\/2023\/07\/1000087584-300x198.jpg 300w\" sizes=\"(max-width: 614px) 100vw, 614px\" \/><\/figure>\n\n\n\n<figure class=\"wp-block-image size-large\"><img decoding=\"async\" width=\"614\" height=\"409\" data-id=\"51875\" src=\"https:\/\/fuentesfidedignas.com.mx\/wp-content\/uploads\/2023\/07\/1000087580.jpg\" alt=\"\" class=\"wp-image-51875\" srcset=\"https:\/\/fuentesfidedignas.com.mx\/wp-content\/uploads\/2023\/07\/1000087580.jpg 614w, https:\/\/fuentesfidedignas.com.mx\/wp-content\/uploads\/2023\/07\/1000087580-300x200.jpg 300w\" sizes=\"(max-width: 614px) 100vw, 614px\" \/><\/figure>\n<\/figure>\n\n\n\n<p>\u201c<strong>El objetivo del encuentro fue decirle al gobernador que en CECyTE Sinaloa capacitamos para hacer ciencia y tecnolog\u00eda a los j\u00f3venes emprendedores, hoy estamos hablando de un proyecto del ajo pero tambi\u00e9n en CECyTE Sinaloa se produce tortilla, totopos, bollitos a base de verdolaga, composta, jabones para la sarna a base de ajo, y hacemos mucha ciencia, se hacen APPS para el tema de la salud mental, porque nuestras dos capacitaciones son Programaci\u00f3n y Fuentes Alternas de Energ\u00eda<\/strong>\u201d, a\u00f1adi\u00f3.<\/p>\n\n\n\n<p>Mill\u00e1n Bueno destac\u00f3 que CECyTE es un bachillerato tecnol\u00f3gico donde se ofrece a los j\u00f3venes no s\u00f3lo el certificado de preparatoria, sino la posibilidad de obtener un t\u00edtulo que les d\u00e9 un perfil profesional, los acerque al mercado laboral, sin olvidar que deben de seguir prepar\u00e1ndose y estudiando.<\/p>\n\n\n\n<p>\u201c<strong>El gobernador est\u00e1 muy contento porque creo que lo que \u00e9l vio es a j\u00f3venes talentosos, a docentes comprometidos, a directivos que est\u00e1n pendientes de sus alumnos a\u00fan en la adversidad, porque estamos hablando de un plantel en Loma de Rodriguera, de gente con muchas necesidades, pero a la vez con muchas inquietudes, planes, proyectos e ideas, que capitalizados y equipados con el apoyo del gobierno creo que podemos ser un semillero de la ciencia y tecnolog\u00eda en el estado de Sinaloa<\/strong>\u201d, concluy\u00f3.<\/p>\n\n\n\n<p>Los j\u00f3venes sinaloenses obtuvieron el primer lugar en la categor\u00eda de prototipos de investigaci\u00f3n en el Concurso Nacional de Creatividad e Innovaci\u00f3n Tecnol\u00f3gica 2023, realizado en Puebla, con el Proyecto ABP denominado Elaboraci\u00f3n de papel org\u00e1nico a base de c\u00e1scara de ajo Allium Sativum para envoltura comestible, quienes se midieron con 30 CECyTES del pa\u00eds, resultando triunfadores y poniendo en alto el nombre de Sinaloa.<\/p>\n","protected":false},"excerpt":{"rendered":"<p>El mandatario estatal los felicit\u00f3 por poner en alto el nombre de Sinaloa en el \u00e1mbito de ciencia y tecnolog\u00eda Culiac\u00e1n, Sin.- El gobernador Rub\u00e9n Rocha Moya recibi\u00f3 en su despacho a los j\u00f3venes ganadores del primer lugar del Encuentro Nacional de Ciencia e Innovaci\u00f3n Tecnol\u00f3gica, realizado en la ciudad de Puebla, en el cual [&hellip;]<\/p>\n","protected":false},"author":4,"featured_media":51879,"comment_status":"open","ping_status":"open","sticky":false,"template":"","format":"standard","meta":{"tdm_status":"","tdm_grid_status":"","footnotes":""},"categories":[38,1],"tags":[],"class_list":{"0":"post-51870","1":"post","2":"type-post","3":"status-publish","4":"format-standard","5":"has-post-thumbnail","7":"category-noticias-locales","8":"category-sin-categoria"},"yoast_head":"<!-- This site is optimized with the Yoast SEO plugin v27.4 - https:\/\/yoast.com\/product\/yoast-seo-wordpress\/ -->\n<title>Rocha recibe a alumnos del CECyTE ganadores del Encuentro Nacional de Ciencias - Fuentes Fidedignas<\/title>\n<meta name=\"robots\" content=\"index, follow, max-snippet:-1, max-image-preview:large, max-video-preview:-1\" \/>\n<link rel=\"canonical\" href=\"https:\/\/fuentesfidedignas.com.mx\/index.php\/2023\/07\/04\/rocha-recibe-a-alumnos-del-cecyte-ganadores-del-encuentro-nacional-de-ciencias\/\" \/>\n<meta property=\"og:locale\" content=\"es_MX\" \/>\n<meta property=\"og:type\" content=\"article\" \/>\n<meta property=\"og:title\" content=\"Rocha recibe a alumnos del CECyTE ganadores del Encuentro Nacional de Ciencias - Fuentes Fidedignas\" \/>\n<meta property=\"og:description\" content=\"El mandatario estatal los felicit\u00f3 por poner en alto el nombre de Sinaloa en el \u00e1mbito de ciencia y tecnolog\u00eda Culiac\u00e1n, Sin.- El gobernador Rub\u00e9n Rocha Moya recibi\u00f3 en su despacho a los j\u00f3venes ganadores del primer lugar del Encuentro Nacional de Ciencia e Innovaci\u00f3n Tecnol\u00f3gica, realizado en la ciudad de Puebla, en el cual [&hellip;]\" \/>\n<meta property=\"og:url\" content=\"https:\/\/fuentesfidedignas.com.mx\/index.php\/2023\/07\/04\/rocha-recibe-a-alumnos-del-cecyte-ganadores-del-encuentro-nacional-de-ciencias\/\" \/>\n<meta property=\"og:site_name\" content=\"Fuentes Fidedignas\" \/>\n<meta property=\"article:publisher\" content=\"https:\/\/www.facebook.com\/Fuentes-Fidedignas-368234489921644\" \/>\n<meta property=\"article:published_time\" content=\"2023-07-04T18:41:54+00:00\" \/>\n<meta property=\"article:modified_time\" content=\"2023-07-04T18:55:44+00:00\" \/>\n<meta property=\"og:image\" content=\"https:\/\/fuentesfidedignas.com.mx\/wp-content\/uploads\/2023\/07\/IMG-20230704-WA0025.jpg\" \/>\n\t<meta property=\"og:image:width\" content=\"614\" \/>\n\t<meta property=\"og:image:height\" content=\"406\" \/>\n\t<meta property=\"og:image:type\" content=\"image\/jpeg\" \/>\n<meta name=\"author\" content=\"Redacci\u00f3n\" \/>\n<meta name=\"twitter:card\" content=\"summary_large_image\" \/>\n<meta name=\"twitter:creator\" content=\"@fidedignas\" \/>\n<meta name=\"twitter:site\" content=\"@fidedignas\" \/>\n<meta name=\"twitter:label1\" content=\"Escrito por\" \/>\n\t<meta name=\"twitter:data1\" content=\"Redacci\u00f3n\" \/>\n\t<meta name=\"twitter:label2\" content=\"Tiempo de lectura\" \/>\n\t<meta name=\"twitter:data2\" content=\"4 minutos\" \/>\n<script type=\"application\/ld+json\" class=\"yoast-schema-graph\">{\"@context\":\"https:\\\/\\\/schema.org\",\"@graph\":[{\"@type\":\"Article\",\"@id\":\"https:\\\/\\\/fuentesfidedignas.com.mx\\\/index.php\\\/2023\\\/07\\\/04\\\/rocha-recibe-a-alumnos-del-cecyte-ganadores-del-encuentro-nacional-de-ciencias\\\/#article\",\"isPartOf\":{\"@id\":\"https:\\\/\\\/fuentesfidedignas.com.mx\\\/index.php\\\/2023\\\/07\\\/04\\\/rocha-recibe-a-alumnos-del-cecyte-ganadores-del-encuentro-nacional-de-ciencias\\\/\"},\"author\":{\"name\":\"Redacci\u00f3n\",\"@id\":\"https:\\\/\\\/fuentesfidedignas.com.mx\\\/#\\\/schema\\\/person\\\/331be9283d37198e2acd5750279085b0\"},\"headline\":\"Rocha recibe a alumnos del CECyTE ganadores del Encuentro Nacional de Ciencias\",\"datePublished\":\"2023-07-04T18:41:54+00:00\",\"dateModified\":\"2023-07-04T18:55:44+00:00\",\"mainEntityOfPage\":{\"@id\":\"https:\\\/\\\/fuentesfidedignas.com.mx\\\/index.php\\\/2023\\\/07\\\/04\\\/rocha-recibe-a-alumnos-del-cecyte-ganadores-del-encuentro-nacional-de-ciencias\\\/\"},\"wordCount\":461,\"commentCount\":0,\"publisher\":{\"@id\":\"https:\\\/\\\/fuentesfidedignas.com.mx\\\/#organization\"},\"image\":{\"@id\":\"https:\\\/\\\/fuentesfidedignas.com.mx\\\/index.php\\\/2023\\\/07\\\/04\\\/rocha-recibe-a-alumnos-del-cecyte-ganadores-del-encuentro-nacional-de-ciencias\\\/#primaryimage\"},\"thumbnailUrl\":\"https:\\\/\\\/fuentesfidedignas.com.mx\\\/wp-content\\\/uploads\\\/2023\\\/07\\\/IMG-20230704-WA0025.jpg\",\"articleSection\":[\"NOTICIAS LOCALES\"],\"inLanguage\":\"es\",\"potentialAction\":[{\"@type\":\"CommentAction\",\"name\":\"Comment\",\"target\":[\"https:\\\/\\\/fuentesfidedignas.com.mx\\\/index.php\\\/2023\\\/07\\\/04\\\/rocha-recibe-a-alumnos-del-cecyte-ganadores-del-encuentro-nacional-de-ciencias\\\/#respond\"]}]},{\"@type\":\"WebPage\",\"@id\":\"https:\\\/\\\/fuentesfidedignas.com.mx\\\/index.php\\\/2023\\\/07\\\/04\\\/rocha-recibe-a-alumnos-del-cecyte-ganadores-del-encuentro-nacional-de-ciencias\\\/\",\"url\":\"https:\\\/\\\/fuentesfidedignas.com.mx\\\/index.php\\\/2023\\\/07\\\/04\\\/rocha-recibe-a-alumnos-del-cecyte-ganadores-del-encuentro-nacional-de-ciencias\\\/\",\"name\":\"Rocha recibe a alumnos del CECyTE ganadores del Encuentro Nacional de Ciencias - Fuentes Fidedignas\",\"isPartOf\":{\"@id\":\"https:\\\/\\\/fuentesfidedignas.com.mx\\\/#website\"},\"primaryImageOfPage\":{\"@id\":\"https:\\\/\\\/fuentesfidedignas.com.mx\\\/index.php\\\/2023\\\/07\\\/04\\\/rocha-recibe-a-alumnos-del-cecyte-ganadores-del-encuentro-nacional-de-ciencias\\\/#primaryimage\"},\"image\":{\"@id\":\"https:\\\/\\\/fuentesfidedignas.com.mx\\\/index.php\\\/2023\\\/07\\\/04\\\/rocha-recibe-a-alumnos-del-cecyte-ganadores-del-encuentro-nacional-de-ciencias\\\/#primaryimage\"},\"thumbnailUrl\":\"https:\\\/\\\/fuentesfidedignas.com.mx\\\/wp-content\\\/uploads\\\/2023\\\/07\\\/IMG-20230704-WA0025.jpg\",\"datePublished\":\"2023-07-04T18:41:54+00:00\",\"dateModified\":\"2023-07-04T18:55:44+00:00\",\"breadcrumb\":{\"@id\":\"https:\\\/\\\/fuentesfidedignas.com.mx\\\/index.php\\\/2023\\\/07\\\/04\\\/rocha-recibe-a-alumnos-del-cecyte-ganadores-del-encuentro-nacional-de-ciencias\\\/#breadcrumb\"},\"inLanguage\":\"es\",\"potentialAction\":[{\"@type\":\"ReadAction\",\"target\":[\"https:\\\/\\\/fuentesfidedignas.com.mx\\\/index.php\\\/2023\\\/07\\\/04\\\/rocha-recibe-a-alumnos-del-cecyte-ganadores-del-encuentro-nacional-de-ciencias\\\/\"]}]},{\"@type\":\"ImageObject\",\"inLanguage\":\"es\",\"@id\":\"https:\\\/\\\/fuentesfidedignas.com.mx\\\/index.php\\\/2023\\\/07\\\/04\\\/rocha-recibe-a-alumnos-del-cecyte-ganadores-del-encuentro-nacional-de-ciencias\\\/#primaryimage\",\"url\":\"https:\\\/\\\/fuentesfidedignas.com.mx\\\/wp-content\\\/uploads\\\/2023\\\/07\\\/IMG-20230704-WA0025.jpg\",\"contentUrl\":\"https:\\\/\\\/fuentesfidedignas.com.mx\\\/wp-content\\\/uploads\\\/2023\\\/07\\\/IMG-20230704-WA0025.jpg\",\"width\":614,\"height\":406},{\"@type\":\"BreadcrumbList\",\"@id\":\"https:\\\/\\\/fuentesfidedignas.com.mx\\\/index.php\\\/2023\\\/07\\\/04\\\/rocha-recibe-a-alumnos-del-cecyte-ganadores-del-encuentro-nacional-de-ciencias\\\/#breadcrumb\",\"itemListElement\":[{\"@type\":\"ListItem\",\"position\":1,\"name\":\"Inicio\",\"item\":\"https:\\\/\\\/fuentesfidedignas.com.mx\\\/\"},{\"@type\":\"ListItem\",\"position\":2,\"name\":\"Rocha recibe a alumnos del CECyTE ganadores del Encuentro Nacional de Ciencias\"}]},{\"@type\":\"WebSite\",\"@id\":\"https:\\\/\\\/fuentesfidedignas.com.mx\\\/#website\",\"url\":\"https:\\\/\\\/fuentesfidedignas.com.mx\\\/\",\"name\":\"Fuentes Fidedignas\",\"description\":\"Otro sitio realizado con WordPress\",\"publisher\":{\"@id\":\"https:\\\/\\\/fuentesfidedignas.com.mx\\\/#organization\"},\"potentialAction\":[{\"@type\":\"SearchAction\",\"target\":{\"@type\":\"EntryPoint\",\"urlTemplate\":\"https:\\\/\\\/fuentesfidedignas.com.mx\\\/?s={search_term_string}\"},\"query-input\":{\"@type\":\"PropertyValueSpecification\",\"valueRequired\":true,\"valueName\":\"search_term_string\"}}],\"inLanguage\":\"es\"},{\"@type\":\"Organization\",\"@id\":\"https:\\\/\\\/fuentesfidedignas.com.mx\\\/#organization\",\"name\":\"Fuentes Fidedignas\",\"url\":\"https:\\\/\\\/fuentesfidedignas.com.mx\\\/\",\"logo\":{\"@type\":\"ImageObject\",\"inLanguage\":\"es\",\"@id\":\"https:\\\/\\\/fuentesfidedignas.com.mx\\\/#\\\/schema\\\/logo\\\/image\\\/\",\"url\":\"https:\\\/\\\/fuentesfidedignas.com.mx\\\/wp-content\\\/uploads\\\/2021\\\/04\\\/logo-retina.png\",\"contentUrl\":\"https:\\\/\\\/fuentesfidedignas.com.mx\\\/wp-content\\\/uploads\\\/2021\\\/04\\\/logo-retina.png\",\"width\":280,\"height\":51,\"caption\":\"Fuentes Fidedignas\"},\"image\":{\"@id\":\"https:\\\/\\\/fuentesfidedignas.com.mx\\\/#\\\/schema\\\/logo\\\/image\\\/\"},\"sameAs\":[\"https:\\\/\\\/www.facebook.com\\\/Fuentes-Fidedignas-368234489921644\",\"https:\\\/\\\/x.com\\\/fidedignas\"]},{\"@type\":\"Person\",\"@id\":\"https:\\\/\\\/fuentesfidedignas.com.mx\\\/#\\\/schema\\\/person\\\/331be9283d37198e2acd5750279085b0\",\"name\":\"Redacci\u00f3n\",\"image\":{\"@type\":\"ImageObject\",\"inLanguage\":\"es\",\"@id\":\"https:\\\/\\\/secure.gravatar.com\\\/avatar\\\/f6d8782c11d12b2d4ad3fbb6931aeab5309937a4d6cd2fc9cfaa28a6396a5aec?s=96&d=mm&r=g\",\"url\":\"https:\\\/\\\/secure.gravatar.com\\\/avatar\\\/f6d8782c11d12b2d4ad3fbb6931aeab5309937a4d6cd2fc9cfaa28a6396a5aec?s=96&d=mm&r=g\",\"contentUrl\":\"https:\\\/\\\/secure.gravatar.com\\\/avatar\\\/f6d8782c11d12b2d4ad3fbb6931aeab5309937a4d6cd2fc9cfaa28a6396a5aec?s=96&d=mm&r=g\",\"caption\":\"Redacci\u00f3n\"},\"url\":\"https:\\\/\\\/fuentesfidedignas.com.mx\\\/index.php\\\/author\\\/redaccion\\\/\"}]}<\/script>\n<!-- \/ Yoast SEO plugin. -->","yoast_head_json":{"title":"Rocha recibe a alumnos del CECyTE ganadores del Encuentro Nacional de Ciencias - Fuentes Fidedignas","robots":{"index":"index","follow":"follow","max-snippet":"max-snippet:-1","max-image-preview":"max-image-preview:large","max-video-preview":"max-video-preview:-1"},"canonical":"https:\/\/fuentesfidedignas.com.mx\/index.php\/2023\/07\/04\/rocha-recibe-a-alumnos-del-cecyte-ganadores-del-encuentro-nacional-de-ciencias\/","og_locale":"es_MX","og_type":"article","og_title":"Rocha recibe a alumnos del CECyTE ganadores del Encuentro Nacional de Ciencias - Fuentes Fidedignas","og_description":"El mandatario estatal los felicit\u00f3 por poner en alto el nombre de Sinaloa en el \u00e1mbito de ciencia y tecnolog\u00eda Culiac\u00e1n, Sin.- El gobernador Rub\u00e9n Rocha Moya recibi\u00f3 en su despacho a los j\u00f3venes ganadores del primer lugar del Encuentro Nacional de Ciencia e Innovaci\u00f3n Tecnol\u00f3gica, realizado en la ciudad de Puebla, en el cual [&hellip;]","og_url":"https:\/\/fuentesfidedignas.com.mx\/index.php\/2023\/07\/04\/rocha-recibe-a-alumnos-del-cecyte-ganadores-del-encuentro-nacional-de-ciencias\/","og_site_name":"Fuentes Fidedignas","article_publisher":"https:\/\/www.facebook.com\/Fuentes-Fidedignas-368234489921644","article_published_time":"2023-07-04T18:41:54+00:00","article_modified_time":"2023-07-04T18:55:44+00:00","og_image":[{"width":614,"height":406,"url":"https:\/\/fuentesfidedignas.com.mx\/wp-content\/uploads\/2023\/07\/IMG-20230704-WA0025.jpg","type":"image\/jpeg"}],"author":"Redacci\u00f3n","twitter_card":"summary_large_image","twitter_creator":"@fidedignas","twitter_site":"@fidedignas","twitter_misc":{"Escrito por":"Redacci\u00f3n","Tiempo de lectura":"4 minutos"},"schema":{"@context":"https:\/\/schema.org","@graph":[{"@type":"Article","@id":"https:\/\/fuentesfidedignas.com.mx\/index.php\/2023\/07\/04\/rocha-recibe-a-alumnos-del-cecyte-ganadores-del-encuentro-nacional-de-ciencias\/#article","isPartOf":{"@id":"https:\/\/fuentesfidedignas.com.mx\/index.php\/2023\/07\/04\/rocha-recibe-a-alumnos-del-cecyte-ganadores-del-encuentro-nacional-de-ciencias\/"},"author":{"name":"Redacci\u00f3n","@id":"https:\/\/fuentesfidedignas.com.mx\/#\/schema\/person\/331be9283d37198e2acd5750279085b0"},"headline":"Rocha recibe a alumnos del CECyTE ganadores del Encuentro Nacional de Ciencias","datePublished":"2023-07-04T18:41:54+00:00","dateModified":"2023-07-04T18:55:44+00:00","mainEntityOfPage":{"@id":"https:\/\/fuentesfidedignas.com.mx\/index.php\/2023\/07\/04\/rocha-recibe-a-alumnos-del-cecyte-ganadores-del-encuentro-nacional-de-ciencias\/"},"wordCount":461,"commentCount":0,"publisher":{"@id":"https:\/\/fuentesfidedignas.com.mx\/#organization"},"image":{"@id":"https:\/\/fuentesfidedignas.com.mx\/index.php\/2023\/07\/04\/rocha-recibe-a-alumnos-del-cecyte-ganadores-del-encuentro-nacional-de-ciencias\/#primaryimage"},"thumbnailUrl":"https:\/\/fuentesfidedignas.com.mx\/wp-content\/uploads\/2023\/07\/IMG-20230704-WA0025.jpg","articleSection":["NOTICIAS LOCALES"],"inLanguage":"es","potentialAction":[{"@type":"CommentAction","name":"Comment","target":["https:\/\/fuentesfidedignas.com.mx\/index.php\/2023\/07\/04\/rocha-recibe-a-alumnos-del-cecyte-ganadores-del-encuentro-nacional-de-ciencias\/#respond"]}]},{"@type":"WebPage","@id":"https:\/\/fuentesfidedignas.com.mx\/index.php\/2023\/07\/04\/rocha-recibe-a-alumnos-del-cecyte-ganadores-del-encuentro-nacional-de-ciencias\/","url":"https:\/\/fuentesfidedignas.com.mx\/index.php\/2023\/07\/04\/rocha-recibe-a-alumnos-del-cecyte-ganadores-del-encuentro-nacional-de-ciencias\/","name":"Rocha recibe a alumnos del CECyTE ganadores del Encuentro Nacional de Ciencias - Fuentes Fidedignas","isPartOf":{"@id":"https:\/\/fuentesfidedignas.com.mx\/#website"},"primaryImageOfPage":{"@id":"https:\/\/fuentesfidedignas.com.mx\/index.php\/2023\/07\/04\/rocha-recibe-a-alumnos-del-cecyte-ganadores-del-encuentro-nacional-de-ciencias\/#primaryimage"},"image":{"@id":"https:\/\/fuentesfidedignas.com.mx\/index.php\/2023\/07\/04\/rocha-recibe-a-alumnos-del-cecyte-ganadores-del-encuentro-nacional-de-ciencias\/#primaryimage"},"thumbnailUrl":"https:\/\/fuentesfidedignas.com.mx\/wp-content\/uploads\/2023\/07\/IMG-20230704-WA0025.jpg","datePublished":"2023-07-04T18:41:54+00:00","dateModified":"2023-07-04T18:55:44+00:00","breadcrumb":{"@id":"https:\/\/fuentesfidedignas.com.mx\/index.php\/2023\/07\/04\/rocha-recibe-a-alumnos-del-cecyte-ganadores-del-encuentro-nacional-de-ciencias\/#breadcrumb"},"inLanguage":"es","potentialAction":[{"@type":"ReadAction","target":["https:\/\/fuentesfidedignas.com.mx\/index.php\/2023\/07\/04\/rocha-recibe-a-alumnos-del-cecyte-ganadores-del-encuentro-nacional-de-ciencias\/"]}]},{"@type":"ImageObject","inLanguage":"es","@id":"https:\/\/fuentesfidedignas.com.mx\/index.php\/2023\/07\/04\/rocha-recibe-a-alumnos-del-cecyte-ganadores-del-encuentro-nacional-de-ciencias\/#primaryimage","url":"https:\/\/fuentesfidedignas.com.mx\/wp-content\/uploads\/2023\/07\/IMG-20230704-WA0025.jpg","contentUrl":"https:\/\/fuentesfidedignas.com.mx\/wp-content\/uploads\/2023\/07\/IMG-20230704-WA0025.jpg","width":614,"height":406},{"@type":"BreadcrumbList","@id":"https:\/\/fuentesfidedignas.com.mx\/index.php\/2023\/07\/04\/rocha-recibe-a-alumnos-del-cecyte-ganadores-del-encuentro-nacional-de-ciencias\/#breadcrumb","itemListElement":[{"@type":"ListItem","position":1,"name":"Inicio","item":"https:\/\/fuentesfidedignas.com.mx\/"},{"@type":"ListItem","position":2,"name":"Rocha recibe a alumnos del CECyTE ganadores del Encuentro Nacional de Ciencias"}]},{"@type":"WebSite","@id":"https:\/\/fuentesfidedignas.com.mx\/#website","url":"https:\/\/fuentesfidedignas.com.mx\/","name":"Fuentes Fidedignas","description":"Otro sitio realizado con WordPress","publisher":{"@id":"https:\/\/fuentesfidedignas.com.mx\/#organization"},"potentialAction":[{"@type":"SearchAction","target":{"@type":"EntryPoint","urlTemplate":"https:\/\/fuentesfidedignas.com.mx\/?s={search_term_string}"},"query-input":{"@type":"PropertyValueSpecification","valueRequired":true,"valueName":"search_term_string"}}],"inLanguage":"es"},{"@type":"Organization","@id":"https:\/\/fuentesfidedignas.com.mx\/#organization","name":"Fuentes Fidedignas","url":"https:\/\/fuentesfidedignas.com.mx\/","logo":{"@type":"ImageObject","inLanguage":"es","@id":"https:\/\/fuentesfidedignas.com.mx\/#\/schema\/logo\/image\/","url":"https:\/\/fuentesfidedignas.com.mx\/wp-content\/uploads\/2021\/04\/logo-retina.png","contentUrl":"https:\/\/fuentesfidedignas.com.mx\/wp-content\/uploads\/2021\/04\/logo-retina.png","width":280,"height":51,"caption":"Fuentes Fidedignas"},"image":{"@id":"https:\/\/fuentesfidedignas.com.mx\/#\/schema\/logo\/image\/"},"sameAs":["https:\/\/www.facebook.com\/Fuentes-Fidedignas-368234489921644","https:\/\/x.com\/fidedignas"]},{"@type":"Person","@id":"https:\/\/fuentesfidedignas.com.mx\/#\/schema\/person\/331be9283d37198e2acd5750279085b0","name":"Redacci\u00f3n","image":{"@type":"ImageObject","inLanguage":"es","@id":"https:\/\/secure.gravatar.com\/avatar\/f6d8782c11d12b2d4ad3fbb6931aeab5309937a4d6cd2fc9cfaa28a6396a5aec?s=96&d=mm&r=g","url":"https:\/\/secure.gravatar.com\/avatar\/f6d8782c11d12b2d4ad3fbb6931aeab5309937a4d6cd2fc9cfaa28a6396a5aec?s=96&d=mm&r=g","contentUrl":"https:\/\/secure.gravatar.com\/avatar\/f6d8782c11d12b2d4ad3fbb6931aeab5309937a4d6cd2fc9cfaa28a6396a5aec?s=96&d=mm&r=g","caption":"Redacci\u00f3n"},"url":"https:\/\/fuentesfidedignas.com.mx\/index.php\/author\/redaccion\/"}]}},"_links":{"self":[{"href":"https:\/\/fuentesfidedignas.com.mx\/index.php\/wp-json\/wp\/v2\/posts\/51870","targetHints":{"allow":["GET"]}}],"collection":[{"href":"https:\/\/fuentesfidedignas.com.mx\/index.php\/wp-json\/wp\/v2\/posts"}],"about":[{"href":"https:\/\/fuentesfidedignas.com.mx\/index.php\/wp-json\/wp\/v2\/types\/post"}],"author":[{"embeddable":true,"href":"https:\/\/fuentesfidedignas.com.mx\/index.php\/wp-json\/wp\/v2\/users\/4"}],"replies":[{"embeddable":true,"href":"https:\/\/fuentesfidedignas.com.mx\/index.php\/wp-json\/wp\/v2\/comments?post=51870"}],"version-history":[{"count":1,"href":"https:\/\/fuentesfidedignas.com.mx\/index.php\/wp-json\/wp\/v2\/posts\/51870\/revisions"}],"predecessor-version":[{"id":51877,"href":"https:\/\/fuentesfidedignas.com.mx\/index.php\/wp-json\/wp\/v2\/posts\/51870\/revisions\/51877"}],"wp:featuredmedia":[{"embeddable":true,"href":"https:\/\/fuentesfidedignas.com.mx\/index.php\/wp-json\/wp\/v2\/media\/51879"}],"wp:attachment":[{"href":"https:\/\/fuentesfidedignas.com.mx\/index.php\/wp-json\/wp\/v2\/media?parent=51870"}],"wp:term":[{"taxonomy":"category","embeddable":true,"href":"https:\/\/fuentesfidedignas.com.mx\/index.php\/wp-json\/wp\/v2\/categories?post=51870"},{"taxonomy":"post_tag","embeddable":true,"href":"https:\/\/fuentesfidedignas.com.mx\/index.php\/wp-json\/wp\/v2\/tags?post=51870"}],"curies":[{"name":"wp","href":"https:\/\/api.w.org\/{rel}","templated":true}]}}