{"id":51843,"date":"2023-07-04T08:48:08","date_gmt":"2023-07-04T15:48:08","guid":{"rendered":"https:\/\/fuentesfidedignas.com.mx\/?p=51843"},"modified":"2023-07-04T09:32:01","modified_gmt":"2023-07-04T16:32:01","slug":"sinaloa-sin-equilibrio-de-poderes-el-gobernador-busca-controlar-todo-asegura-investigadora","status":"publish","type":"post","link":"https:\/\/fuentesfidedignas.com.mx\/index.php\/2023\/07\/04\/sinaloa-sin-equilibrio-de-poderes-el-gobernador-busca-controlar-todo-asegura-investigadora\/","title":{"rendered":"Sinaloa sin equilibrio de Poderes; el gobernador busca controlar todo, asegura investigadora"},"content":{"rendered":"\n<p><\/p>\n\n\n\n<p>Culiac\u00e1n, Sin.- Nancy Dom\u00ednguez Liz\u00e1rraga, acad\u00e9mica e investigadora de la Facultad de Estudios Internacionales y Pol\u00edticas P\u00fablicas de la UAS, advirti\u00f3 que en Sinaloa no se est\u00e1 observando un equilibrio de Poderes porque hay un claro control del titular del Ejecutivo Estatal sobre el Poder Legislativo y el Poder Judicial, como lo tuvo el PRI en los a\u00f1os 80 y 90.<\/p>\n\n\n\n<p>\u201c<strong>Morena vino a venderle a la ciudadan\u00eda que esto iba a ser diferente y al llegar al poder nos damos cuenta que siguen exactamente las mismas pr\u00e1cticas que el PRI, de buscar controlar primeramente el Poder Legislativo, porque de alguna u otra manera es el Poder Legislativo el que est\u00e1 al pendiente de la acci\u00f3n y el que puede revisar cuentas, proceso y malas pr\u00e1cticas del gobierno<\/strong>\u201d, abund\u00f3<\/p>\n\n\n\n<p>Dom\u00ednguez Liz\u00e1rraga, quien imparte las materias de Pol\u00edtica Comparada y Teor\u00eda de las Transiciones Pol\u00edticas, observ\u00f3 que este control absoluto del Ejecutivo Estatal se deja ver en las destituciones de presidentes municipales y como ejemplo puso el caso de Jes\u00fas Estrada Ferreiro, quien tuvo que dejar la alcald\u00eda de Culiac\u00e1n y en su lugar se asign\u00f3 a un nuevo Presidente Municipal, que m\u00e1s all\u00e1 si est\u00e1 haciendo las cosas bien o mal, al final del d\u00eda es un ahijado del Gobernador del Estado.<\/p>\n\n\n\n<p>\u00a0\u201c<strong>Aunque no est\u00e9 en una l\u00ednea familiar directa, no deja de tener un gran v\u00ednculo y el Congreso del Estado se prest\u00f3 a ese juego pol\u00edtico que el Gobernador tiene<\/strong>\u201d, subray\u00f3 al referirse concretamente a la imposici\u00f3n como alcalde de Culiac\u00e1n de Juan de Dios G\u00e1mez, quien result\u00f3 ser ahijado del gobernador de Sinaloa, Rub\u00e9n Rocha Moya.<\/p>\n\n\n\n<p>La acad\u00e9mica e investigadora universitaria anticip\u00f3 que este control absoluto que ejerce el Gobernador de los tres Poderes del Estado a la larga le terminar\u00e1 costando a la sociedad por las malas pr\u00e1cticas de Gobierno.<\/p>\n\n\n\n<p>\u201c<strong>Desde mi punto de vista y m\u00e1s para la \u00e9poca en la que nos encontramos, que se supone se le debe dar el peso suficiente a esa separaci\u00f3n de Poderes para tener mejores niveles en calidad de la democracia, en estos momentos en Sinaloa no se est\u00e1 teniendo, por el contrario, se busca controlar todo lo que se pueda<\/strong>\u201d, apunt\u00f3.<\/p>\n\n\n\n<p>Plante\u00f3 que en el Congreso del Estado de Sinaloa no se observan posturas firmes de oposici\u00f3n del Partido Acci\u00f3n Nacional, ni del PRI, ni de Movimiento Ciudadano ni de los diputados que se han declarado independientes.<\/p>\n\n\n\n<p>\u201c<strong>Para cualquier jefe del Ejecutivo es bien f\u00e1cil gobernar con un Legislativo a modo, con un Legislativo que te va a pasar las iniciativas que t\u00fa crees conveniente, que va analizar o va a castigar los presupuestos que t\u00fa crees conveniente, entonces eso es muy complejo y a la larga le va costar caro a Sinaloa<\/strong>\u201d, anticip\u00f3.<\/p>\n\n\n\n<p>Dom\u00ednguez Liz\u00e1rraga exhort\u00f3 a la ciudadan\u00eda a que en las pr\u00f3ximas elecciones de 2024 se fije bien por quien va a votar, que analice la actividad legislativa de los diputados que van a buscar reelegirse y que se fije bien en las trayectorias de quienes se van a postular por sus distritos.<\/p>\n","protected":false},"excerpt":{"rendered":"<p>Culiac\u00e1n, Sin.- Nancy Dom\u00ednguez Liz\u00e1rraga, acad\u00e9mica e investigadora de la Facultad de Estudios Internacionales y Pol\u00edticas P\u00fablicas de la UAS, advirti\u00f3 que en Sinaloa no se est\u00e1 observando un equilibrio de Poderes porque hay un claro control del titular del Ejecutivo Estatal sobre el Poder Legislativo y el Poder Judicial, como lo tuvo el PRI [&hellip;]<\/p>\n","protected":false},"author":4,"featured_media":51845,"comment_status":"open","ping_status":"open","sticky":false,"template":"","format":"standard","meta":{"tdm_status":"","tdm_grid_status":"","footnotes":""},"categories":[37,1],"tags":[],"class_list":{"0":"post-51843","1":"post","2":"type-post","3":"status-publish","4":"format-standard","5":"has-post-thumbnail","7":"category-nota-principal","8":"category-sin-categoria"},"yoast_head":"<!-- This site is optimized with the Yoast SEO plugin v27.4 - https:\/\/yoast.com\/product\/yoast-seo-wordpress\/ -->\n<title>Sinaloa sin equilibrio de Poderes; el gobernador busca controlar todo, asegura investigadora - Fuentes Fidedignas<\/title>\n<meta name=\"robots\" content=\"index, follow, max-snippet:-1, max-image-preview:large, max-video-preview:-1\" \/>\n<link rel=\"canonical\" href=\"https:\/\/fuentesfidedignas.com.mx\/index.php\/2023\/07\/04\/sinaloa-sin-equilibrio-de-poderes-el-gobernador-busca-controlar-todo-asegura-investigadora\/\" \/>\n<meta property=\"og:locale\" content=\"es_MX\" \/>\n<meta property=\"og:type\" content=\"article\" \/>\n<meta property=\"og:title\" content=\"Sinaloa sin equilibrio de Poderes; el gobernador busca controlar todo, asegura investigadora - Fuentes Fidedignas\" \/>\n<meta property=\"og:description\" content=\"Culiac\u00e1n, Sin.- Nancy Dom\u00ednguez Liz\u00e1rraga, acad\u00e9mica e investigadora de la Facultad de Estudios Internacionales y Pol\u00edticas P\u00fablicas de la UAS, advirti\u00f3 que en Sinaloa no se est\u00e1 observando un equilibrio de Poderes porque hay un claro control del titular del Ejecutivo Estatal sobre el Poder Legislativo y el Poder Judicial, como lo tuvo el PRI [&hellip;]\" \/>\n<meta property=\"og:url\" content=\"https:\/\/fuentesfidedignas.com.mx\/index.php\/2023\/07\/04\/sinaloa-sin-equilibrio-de-poderes-el-gobernador-busca-controlar-todo-asegura-investigadora\/\" \/>\n<meta property=\"og:site_name\" content=\"Fuentes Fidedignas\" \/>\n<meta property=\"article:publisher\" content=\"https:\/\/www.facebook.com\/Fuentes-Fidedignas-368234489921644\" \/>\n<meta property=\"article:published_time\" content=\"2023-07-04T15:48:08+00:00\" \/>\n<meta property=\"article:modified_time\" content=\"2023-07-04T16:32:01+00:00\" \/>\n<meta property=\"og:image\" content=\"https:\/\/fuentesfidedignas.com.mx\/wp-content\/uploads\/2023\/07\/images-17.jpeg\" \/>\n\t<meta property=\"og:image:width\" content=\"739\" \/>\n\t<meta property=\"og:image:height\" content=\"415\" \/>\n\t<meta property=\"og:image:type\" content=\"image\/jpeg\" \/>\n<meta name=\"author\" content=\"Redacci\u00f3n\" \/>\n<meta name=\"twitter:card\" content=\"summary_large_image\" \/>\n<meta name=\"twitter:creator\" content=\"@fidedignas\" \/>\n<meta name=\"twitter:site\" content=\"@fidedignas\" \/>\n<meta name=\"twitter:label1\" content=\"Escrito por\" \/>\n\t<meta name=\"twitter:data1\" content=\"Redacci\u00f3n\" \/>\n\t<meta name=\"twitter:label2\" content=\"Tiempo de lectura\" \/>\n\t<meta name=\"twitter:data2\" content=\"3 minutos\" \/>\n<script type=\"application\/ld+json\" class=\"yoast-schema-graph\">{\"@context\":\"https:\\\/\\\/schema.org\",\"@graph\":[{\"@type\":\"Article\",\"@id\":\"https:\\\/\\\/fuentesfidedignas.com.mx\\\/index.php\\\/2023\\\/07\\\/04\\\/sinaloa-sin-equilibrio-de-poderes-el-gobernador-busca-controlar-todo-asegura-investigadora\\\/#article\",\"isPartOf\":{\"@id\":\"https:\\\/\\\/fuentesfidedignas.com.mx\\\/index.php\\\/2023\\\/07\\\/04\\\/sinaloa-sin-equilibrio-de-poderes-el-gobernador-busca-controlar-todo-asegura-investigadora\\\/\"},\"author\":{\"name\":\"Redacci\u00f3n\",\"@id\":\"https:\\\/\\\/fuentesfidedignas.com.mx\\\/#\\\/schema\\\/person\\\/331be9283d37198e2acd5750279085b0\"},\"headline\":\"Sinaloa sin equilibrio de Poderes; el gobernador busca controlar todo, asegura investigadora\",\"datePublished\":\"2023-07-04T15:48:08+00:00\",\"dateModified\":\"2023-07-04T16:32:01+00:00\",\"mainEntityOfPage\":{\"@id\":\"https:\\\/\\\/fuentesfidedignas.com.mx\\\/index.php\\\/2023\\\/07\\\/04\\\/sinaloa-sin-equilibrio-de-poderes-el-gobernador-busca-controlar-todo-asegura-investigadora\\\/\"},\"wordCount\":558,\"commentCount\":0,\"publisher\":{\"@id\":\"https:\\\/\\\/fuentesfidedignas.com.mx\\\/#organization\"},\"image\":{\"@id\":\"https:\\\/\\\/fuentesfidedignas.com.mx\\\/index.php\\\/2023\\\/07\\\/04\\\/sinaloa-sin-equilibrio-de-poderes-el-gobernador-busca-controlar-todo-asegura-investigadora\\\/#primaryimage\"},\"thumbnailUrl\":\"https:\\\/\\\/fuentesfidedignas.com.mx\\\/wp-content\\\/uploads\\\/2023\\\/07\\\/images-17.jpeg\",\"articleSection\":[\"NOTA PRINCIPAL\"],\"inLanguage\":\"es\",\"potentialAction\":[{\"@type\":\"CommentAction\",\"name\":\"Comment\",\"target\":[\"https:\\\/\\\/fuentesfidedignas.com.mx\\\/index.php\\\/2023\\\/07\\\/04\\\/sinaloa-sin-equilibrio-de-poderes-el-gobernador-busca-controlar-todo-asegura-investigadora\\\/#respond\"]}]},{\"@type\":\"WebPage\",\"@id\":\"https:\\\/\\\/fuentesfidedignas.com.mx\\\/index.php\\\/2023\\\/07\\\/04\\\/sinaloa-sin-equilibrio-de-poderes-el-gobernador-busca-controlar-todo-asegura-investigadora\\\/\",\"url\":\"https:\\\/\\\/fuentesfidedignas.com.mx\\\/index.php\\\/2023\\\/07\\\/04\\\/sinaloa-sin-equilibrio-de-poderes-el-gobernador-busca-controlar-todo-asegura-investigadora\\\/\",\"name\":\"Sinaloa sin equilibrio de Poderes; el gobernador busca controlar todo, asegura investigadora - Fuentes Fidedignas\",\"isPartOf\":{\"@id\":\"https:\\\/\\\/fuentesfidedignas.com.mx\\\/#website\"},\"primaryImageOfPage\":{\"@id\":\"https:\\\/\\\/fuentesfidedignas.com.mx\\\/index.php\\\/2023\\\/07\\\/04\\\/sinaloa-sin-equilibrio-de-poderes-el-gobernador-busca-controlar-todo-asegura-investigadora\\\/#primaryimage\"},\"image\":{\"@id\":\"https:\\\/\\\/fuentesfidedignas.com.mx\\\/index.php\\\/2023\\\/07\\\/04\\\/sinaloa-sin-equilibrio-de-poderes-el-gobernador-busca-controlar-todo-asegura-investigadora\\\/#primaryimage\"},\"thumbnailUrl\":\"https:\\\/\\\/fuentesfidedignas.com.mx\\\/wp-content\\\/uploads\\\/2023\\\/07\\\/images-17.jpeg\",\"datePublished\":\"2023-07-04T15:48:08+00:00\",\"dateModified\":\"2023-07-04T16:32:01+00:00\",\"breadcrumb\":{\"@id\":\"https:\\\/\\\/fuentesfidedignas.com.mx\\\/index.php\\\/2023\\\/07\\\/04\\\/sinaloa-sin-equilibrio-de-poderes-el-gobernador-busca-controlar-todo-asegura-investigadora\\\/#breadcrumb\"},\"inLanguage\":\"es\",\"potentialAction\":[{\"@type\":\"ReadAction\",\"target\":[\"https:\\\/\\\/fuentesfidedignas.com.mx\\\/index.php\\\/2023\\\/07\\\/04\\\/sinaloa-sin-equilibrio-de-poderes-el-gobernador-busca-controlar-todo-asegura-investigadora\\\/\"]}]},{\"@type\":\"ImageObject\",\"inLanguage\":\"es\",\"@id\":\"https:\\\/\\\/fuentesfidedignas.com.mx\\\/index.php\\\/2023\\\/07\\\/04\\\/sinaloa-sin-equilibrio-de-poderes-el-gobernador-busca-controlar-todo-asegura-investigadora\\\/#primaryimage\",\"url\":\"https:\\\/\\\/fuentesfidedignas.com.mx\\\/wp-content\\\/uploads\\\/2023\\\/07\\\/images-17.jpeg\",\"contentUrl\":\"https:\\\/\\\/fuentesfidedignas.com.mx\\\/wp-content\\\/uploads\\\/2023\\\/07\\\/images-17.jpeg\",\"width\":739,\"height\":415},{\"@type\":\"BreadcrumbList\",\"@id\":\"https:\\\/\\\/fuentesfidedignas.com.mx\\\/index.php\\\/2023\\\/07\\\/04\\\/sinaloa-sin-equilibrio-de-poderes-el-gobernador-busca-controlar-todo-asegura-investigadora\\\/#breadcrumb\",\"itemListElement\":[{\"@type\":\"ListItem\",\"position\":1,\"name\":\"Inicio\",\"item\":\"https:\\\/\\\/fuentesfidedignas.com.mx\\\/\"},{\"@type\":\"ListItem\",\"position\":2,\"name\":\"Sinaloa sin equilibrio de Poderes; gobernador busca controlar todo, asegura investigadora\"}]},{\"@type\":\"WebSite\",\"@id\":\"https:\\\/\\\/fuentesfidedignas.com.mx\\\/#website\",\"url\":\"https:\\\/\\\/fuentesfidedignas.com.mx\\\/\",\"name\":\"Fuentes Fidedignas\",\"description\":\"Otro sitio realizado con WordPress\",\"publisher\":{\"@id\":\"https:\\\/\\\/fuentesfidedignas.com.mx\\\/#organization\"},\"potentialAction\":[{\"@type\":\"SearchAction\",\"target\":{\"@type\":\"EntryPoint\",\"urlTemplate\":\"https:\\\/\\\/fuentesfidedignas.com.mx\\\/?s={search_term_string}\"},\"query-input\":{\"@type\":\"PropertyValueSpecification\",\"valueRequired\":true,\"valueName\":\"search_term_string\"}}],\"inLanguage\":\"es\"},{\"@type\":\"Organization\",\"@id\":\"https:\\\/\\\/fuentesfidedignas.com.mx\\\/#organization\",\"name\":\"Fuentes Fidedignas\",\"url\":\"https:\\\/\\\/fuentesfidedignas.com.mx\\\/\",\"logo\":{\"@type\":\"ImageObject\",\"inLanguage\":\"es\",\"@id\":\"https:\\\/\\\/fuentesfidedignas.com.mx\\\/#\\\/schema\\\/logo\\\/image\\\/\",\"url\":\"https:\\\/\\\/fuentesfidedignas.com.mx\\\/wp-content\\\/uploads\\\/2021\\\/04\\\/logo-retina.png\",\"contentUrl\":\"https:\\\/\\\/fuentesfidedignas.com.mx\\\/wp-content\\\/uploads\\\/2021\\\/04\\\/logo-retina.png\",\"width\":280,\"height\":51,\"caption\":\"Fuentes Fidedignas\"},\"image\":{\"@id\":\"https:\\\/\\\/fuentesfidedignas.com.mx\\\/#\\\/schema\\\/logo\\\/image\\\/\"},\"sameAs\":[\"https:\\\/\\\/www.facebook.com\\\/Fuentes-Fidedignas-368234489921644\",\"https:\\\/\\\/x.com\\\/fidedignas\"]},{\"@type\":\"Person\",\"@id\":\"https:\\\/\\\/fuentesfidedignas.com.mx\\\/#\\\/schema\\\/person\\\/331be9283d37198e2acd5750279085b0\",\"name\":\"Redacci\u00f3n\",\"image\":{\"@type\":\"ImageObject\",\"inLanguage\":\"es\",\"@id\":\"https:\\\/\\\/secure.gravatar.com\\\/avatar\\\/f6d8782c11d12b2d4ad3fbb6931aeab5309937a4d6cd2fc9cfaa28a6396a5aec?s=96&d=mm&r=g\",\"url\":\"https:\\\/\\\/secure.gravatar.com\\\/avatar\\\/f6d8782c11d12b2d4ad3fbb6931aeab5309937a4d6cd2fc9cfaa28a6396a5aec?s=96&d=mm&r=g\",\"contentUrl\":\"https:\\\/\\\/secure.gravatar.com\\\/avatar\\\/f6d8782c11d12b2d4ad3fbb6931aeab5309937a4d6cd2fc9cfaa28a6396a5aec?s=96&d=mm&r=g\",\"caption\":\"Redacci\u00f3n\"},\"url\":\"https:\\\/\\\/fuentesfidedignas.com.mx\\\/index.php\\\/author\\\/redaccion\\\/\"}]}<\/script>\n<!-- \/ Yoast SEO plugin. -->","yoast_head_json":{"title":"Sinaloa sin equilibrio de Poderes; el gobernador busca controlar todo, asegura investigadora - Fuentes Fidedignas","robots":{"index":"index","follow":"follow","max-snippet":"max-snippet:-1","max-image-preview":"max-image-preview:large","max-video-preview":"max-video-preview:-1"},"canonical":"https:\/\/fuentesfidedignas.com.mx\/index.php\/2023\/07\/04\/sinaloa-sin-equilibrio-de-poderes-el-gobernador-busca-controlar-todo-asegura-investigadora\/","og_locale":"es_MX","og_type":"article","og_title":"Sinaloa sin equilibrio de Poderes; el gobernador busca controlar todo, asegura investigadora - Fuentes Fidedignas","og_description":"Culiac\u00e1n, Sin.- Nancy Dom\u00ednguez Liz\u00e1rraga, acad\u00e9mica e investigadora de la Facultad de Estudios Internacionales y Pol\u00edticas P\u00fablicas de la UAS, advirti\u00f3 que en Sinaloa no se est\u00e1 observando un equilibrio de Poderes porque hay un claro control del titular del Ejecutivo Estatal sobre el Poder Legislativo y el Poder Judicial, como lo tuvo el PRI [&hellip;]","og_url":"https:\/\/fuentesfidedignas.com.mx\/index.php\/2023\/07\/04\/sinaloa-sin-equilibrio-de-poderes-el-gobernador-busca-controlar-todo-asegura-investigadora\/","og_site_name":"Fuentes Fidedignas","article_publisher":"https:\/\/www.facebook.com\/Fuentes-Fidedignas-368234489921644","article_published_time":"2023-07-04T15:48:08+00:00","article_modified_time":"2023-07-04T16:32:01+00:00","og_image":[{"width":739,"height":415,"url":"https:\/\/fuentesfidedignas.com.mx\/wp-content\/uploads\/2023\/07\/images-17.jpeg","type":"image\/jpeg"}],"author":"Redacci\u00f3n","twitter_card":"summary_large_image","twitter_creator":"@fidedignas","twitter_site":"@fidedignas","twitter_misc":{"Escrito por":"Redacci\u00f3n","Tiempo de lectura":"3 minutos"},"schema":{"@context":"https:\/\/schema.org","@graph":[{"@type":"Article","@id":"https:\/\/fuentesfidedignas.com.mx\/index.php\/2023\/07\/04\/sinaloa-sin-equilibrio-de-poderes-el-gobernador-busca-controlar-todo-asegura-investigadora\/#article","isPartOf":{"@id":"https:\/\/fuentesfidedignas.com.mx\/index.php\/2023\/07\/04\/sinaloa-sin-equilibrio-de-poderes-el-gobernador-busca-controlar-todo-asegura-investigadora\/"},"author":{"name":"Redacci\u00f3n","@id":"https:\/\/fuentesfidedignas.com.mx\/#\/schema\/person\/331be9283d37198e2acd5750279085b0"},"headline":"Sinaloa sin equilibrio de Poderes; el gobernador busca controlar todo, asegura investigadora","datePublished":"2023-07-04T15:48:08+00:00","dateModified":"2023-07-04T16:32:01+00:00","mainEntityOfPage":{"@id":"https:\/\/fuentesfidedignas.com.mx\/index.php\/2023\/07\/04\/sinaloa-sin-equilibrio-de-poderes-el-gobernador-busca-controlar-todo-asegura-investigadora\/"},"wordCount":558,"commentCount":0,"publisher":{"@id":"https:\/\/fuentesfidedignas.com.mx\/#organization"},"image":{"@id":"https:\/\/fuentesfidedignas.com.mx\/index.php\/2023\/07\/04\/sinaloa-sin-equilibrio-de-poderes-el-gobernador-busca-controlar-todo-asegura-investigadora\/#primaryimage"},"thumbnailUrl":"https:\/\/fuentesfidedignas.com.mx\/wp-content\/uploads\/2023\/07\/images-17.jpeg","articleSection":["NOTA PRINCIPAL"],"inLanguage":"es","potentialAction":[{"@type":"CommentAction","name":"Comment","target":["https:\/\/fuentesfidedignas.com.mx\/index.php\/2023\/07\/04\/sinaloa-sin-equilibrio-de-poderes-el-gobernador-busca-controlar-todo-asegura-investigadora\/#respond"]}]},{"@type":"WebPage","@id":"https:\/\/fuentesfidedignas.com.mx\/index.php\/2023\/07\/04\/sinaloa-sin-equilibrio-de-poderes-el-gobernador-busca-controlar-todo-asegura-investigadora\/","url":"https:\/\/fuentesfidedignas.com.mx\/index.php\/2023\/07\/04\/sinaloa-sin-equilibrio-de-poderes-el-gobernador-busca-controlar-todo-asegura-investigadora\/","name":"Sinaloa sin equilibrio de Poderes; el gobernador busca controlar todo, asegura investigadora - Fuentes Fidedignas","isPartOf":{"@id":"https:\/\/fuentesfidedignas.com.mx\/#website"},"primaryImageOfPage":{"@id":"https:\/\/fuentesfidedignas.com.mx\/index.php\/2023\/07\/04\/sinaloa-sin-equilibrio-de-poderes-el-gobernador-busca-controlar-todo-asegura-investigadora\/#primaryimage"},"image":{"@id":"https:\/\/fuentesfidedignas.com.mx\/index.php\/2023\/07\/04\/sinaloa-sin-equilibrio-de-poderes-el-gobernador-busca-controlar-todo-asegura-investigadora\/#primaryimage"},"thumbnailUrl":"https:\/\/fuentesfidedignas.com.mx\/wp-content\/uploads\/2023\/07\/images-17.jpeg","datePublished":"2023-07-04T15:48:08+00:00","dateModified":"2023-07-04T16:32:01+00:00","breadcrumb":{"@id":"https:\/\/fuentesfidedignas.com.mx\/index.php\/2023\/07\/04\/sinaloa-sin-equilibrio-de-poderes-el-gobernador-busca-controlar-todo-asegura-investigadora\/#breadcrumb"},"inLanguage":"es","potentialAction":[{"@type":"ReadAction","target":["https:\/\/fuentesfidedignas.com.mx\/index.php\/2023\/07\/04\/sinaloa-sin-equilibrio-de-poderes-el-gobernador-busca-controlar-todo-asegura-investigadora\/"]}]},{"@type":"ImageObject","inLanguage":"es","@id":"https:\/\/fuentesfidedignas.com.mx\/index.php\/2023\/07\/04\/sinaloa-sin-equilibrio-de-poderes-el-gobernador-busca-controlar-todo-asegura-investigadora\/#primaryimage","url":"https:\/\/fuentesfidedignas.com.mx\/wp-content\/uploads\/2023\/07\/images-17.jpeg","contentUrl":"https:\/\/fuentesfidedignas.com.mx\/wp-content\/uploads\/2023\/07\/images-17.jpeg","width":739,"height":415},{"@type":"BreadcrumbList","@id":"https:\/\/fuentesfidedignas.com.mx\/index.php\/2023\/07\/04\/sinaloa-sin-equilibrio-de-poderes-el-gobernador-busca-controlar-todo-asegura-investigadora\/#breadcrumb","itemListElement":[{"@type":"ListItem","position":1,"name":"Inicio","item":"https:\/\/fuentesfidedignas.com.mx\/"},{"@type":"ListItem","position":2,"name":"Sinaloa sin equilibrio de Poderes; gobernador busca controlar todo, asegura investigadora"}]},{"@type":"WebSite","@id":"https:\/\/fuentesfidedignas.com.mx\/#website","url":"https:\/\/fuentesfidedignas.com.mx\/","name":"Fuentes Fidedignas","description":"Otro sitio realizado con WordPress","publisher":{"@id":"https:\/\/fuentesfidedignas.com.mx\/#organization"},"potentialAction":[{"@type":"SearchAction","target":{"@type":"EntryPoint","urlTemplate":"https:\/\/fuentesfidedignas.com.mx\/?s={search_term_string}"},"query-input":{"@type":"PropertyValueSpecification","valueRequired":true,"valueName":"search_term_string"}}],"inLanguage":"es"},{"@type":"Organization","@id":"https:\/\/fuentesfidedignas.com.mx\/#organization","name":"Fuentes Fidedignas","url":"https:\/\/fuentesfidedignas.com.mx\/","logo":{"@type":"ImageObject","inLanguage":"es","@id":"https:\/\/fuentesfidedignas.com.mx\/#\/schema\/logo\/image\/","url":"https:\/\/fuentesfidedignas.com.mx\/wp-content\/uploads\/2021\/04\/logo-retina.png","contentUrl":"https:\/\/fuentesfidedignas.com.mx\/wp-content\/uploads\/2021\/04\/logo-retina.png","width":280,"height":51,"caption":"Fuentes Fidedignas"},"image":{"@id":"https:\/\/fuentesfidedignas.com.mx\/#\/schema\/logo\/image\/"},"sameAs":["https:\/\/www.facebook.com\/Fuentes-Fidedignas-368234489921644","https:\/\/x.com\/fidedignas"]},{"@type":"Person","@id":"https:\/\/fuentesfidedignas.com.mx\/#\/schema\/person\/331be9283d37198e2acd5750279085b0","name":"Redacci\u00f3n","image":{"@type":"ImageObject","inLanguage":"es","@id":"https:\/\/secure.gravatar.com\/avatar\/f6d8782c11d12b2d4ad3fbb6931aeab5309937a4d6cd2fc9cfaa28a6396a5aec?s=96&d=mm&r=g","url":"https:\/\/secure.gravatar.com\/avatar\/f6d8782c11d12b2d4ad3fbb6931aeab5309937a4d6cd2fc9cfaa28a6396a5aec?s=96&d=mm&r=g","contentUrl":"https:\/\/secure.gravatar.com\/avatar\/f6d8782c11d12b2d4ad3fbb6931aeab5309937a4d6cd2fc9cfaa28a6396a5aec?s=96&d=mm&r=g","caption":"Redacci\u00f3n"},"url":"https:\/\/fuentesfidedignas.com.mx\/index.php\/author\/redaccion\/"}]}},"_links":{"self":[{"href":"https:\/\/fuentesfidedignas.com.mx\/index.php\/wp-json\/wp\/v2\/posts\/51843","targetHints":{"allow":["GET"]}}],"collection":[{"href":"https:\/\/fuentesfidedignas.com.mx\/index.php\/wp-json\/wp\/v2\/posts"}],"about":[{"href":"https:\/\/fuentesfidedignas.com.mx\/index.php\/wp-json\/wp\/v2\/types\/post"}],"author":[{"embeddable":true,"href":"https:\/\/fuentesfidedignas.com.mx\/index.php\/wp-json\/wp\/v2\/users\/4"}],"replies":[{"embeddable":true,"href":"https:\/\/fuentesfidedignas.com.mx\/index.php\/wp-json\/wp\/v2\/comments?post=51843"}],"version-history":[{"count":3,"href":"https:\/\/fuentesfidedignas.com.mx\/index.php\/wp-json\/wp\/v2\/posts\/51843\/revisions"}],"predecessor-version":[{"id":51849,"href":"https:\/\/fuentesfidedignas.com.mx\/index.php\/wp-json\/wp\/v2\/posts\/51843\/revisions\/51849"}],"wp:featuredmedia":[{"embeddable":true,"href":"https:\/\/fuentesfidedignas.com.mx\/index.php\/wp-json\/wp\/v2\/media\/51845"}],"wp:attachment":[{"href":"https:\/\/fuentesfidedignas.com.mx\/index.php\/wp-json\/wp\/v2\/media?parent=51843"}],"wp:term":[{"taxonomy":"category","embeddable":true,"href":"https:\/\/fuentesfidedignas.com.mx\/index.php\/wp-json\/wp\/v2\/categories?post=51843"},{"taxonomy":"post_tag","embeddable":true,"href":"https:\/\/fuentesfidedignas.com.mx\/index.php\/wp-json\/wp\/v2\/tags?post=51843"}],"curies":[{"name":"wp","href":"https:\/\/api.w.org\/{rel}","templated":true}]}}