{"id":51839,"date":"2023-07-04T07:12:13","date_gmt":"2023-07-04T14:12:13","guid":{"rendered":"https:\/\/fuentesfidedignas.com.mx\/?p=51839"},"modified":"2023-07-04T07:17:47","modified_gmt":"2023-07-04T14:17:47","slug":"ante-mas-de-mil-pasistas-cuen-da-banderazo-de-arranque-a-brigadas-de-seguimiento-en-culiacan","status":"publish","type":"post","link":"https:\/\/fuentesfidedignas.com.mx\/index.php\/2023\/07\/04\/ante-mas-de-mil-pasistas-cuen-da-banderazo-de-arranque-a-brigadas-de-seguimiento-en-culiacan\/","title":{"rendered":"Ante m\u00e1s de mil pasistas, Cu\u00e9n da banderazo de arranque a brigadas de seguimiento en Culiac\u00e1n"},"content":{"rendered":"\n<p><em><strong>Con iniciativas y trabajo diario, el PAS demuestra lo que es luchar en favor de la sociedad sinaloense<\/strong><\/em><\/p>\n\n\n\n<p>Culiac\u00e1n, Sin.- Ante la presencia de m\u00e1s de mil pasistas, el presidente del Partido Sinaloense, H\u00e9ctor Melesio Cu\u00e9n Ojeda, dio el banderazo de salida para dar inicio a la brigadas de seguimiento de los comit\u00e9s directivos municipales, que buscan hacer llegar a los m\u00e1s de 800 mil hogares del estado, todas las actividades y acciones que se estar\u00e1n llevando a cabo dentro del PAS para lograr un objetivo claro en beneficio siempre de los ciudadanos.<\/p>\n\n\n\n<p><em>\u201cEl objetivo se llama 2024, pero a m\u00ed me encanta el 2027, porque en ese es cuando vamos por la gubernatura, y como yo estoy a acostumbrado a trabajar con objetivos muy claros, y yo ya estoy viendo todo lo que vamos a encontrar, los obst\u00e1culos que nos vamos a enfrentar, pero tambi\u00e9n estamos viendo como lo vamos a sortear, porque claro que se pude\u201d,<\/em> dijo el pasista.<\/p>\n\n\n\n<p>Cu\u00e9n Ojeda, destac\u00f3 la necesidad de trabajar y redoblar esfuerzos con la finalidad de ver de primera mano las necesidades de la poblaci\u00f3n, y esto solo se lograr\u00e1 visitando casa por casa, familia por familia, para que personalmente los ciudadanos hagan llegar su peticiones, ya que, este es el \u00fanico modo de lograr un cambio verdadero en la sociedad sinaloense.<\/p>\n\n\n\n<p><em>\u201cVamos a seguir trabajando, \u00bfPor qu\u00e9? Porque queremos un mejor Sinaloa, ese es el \u00fanico motivo nada m\u00e1s, por ello mi agradecimiento a todos, por ese trabajo que se est\u00e1 haciendo, muchas gracias, \u00bfPor qu\u00e9? Porque por m\u00e1s que les dicen y ofrecen, ellos no se van\u201d,<\/em> festej\u00f3.<\/p>\n\n\n\n<p>Asimismo, el dirigente estatal del PAS, agradeci\u00f3 y record\u00f3 a todos los integrantes del instituto pol\u00edtico, que han logrado hacer crecer al PAS, en tan pocos a\u00f1os, prueba de ello, es que actualmente ya cuentan con 5 diputados locales, los cuales son egresados de la escuela de pol\u00edtica y buen gobierno del Partido Sinaloense.<\/p>\n\n\n\n<p><em>\u201cCuando naci\u00f3 esto (el Partido Sinaloense), cuando nos imagin\u00e1bamos que \u00edbamos a tener aqu\u00ed como presidentes del Congreso del Estado, a la presidente de la Comisi\u00f3n de Salud para atenderlos a todos ustedes, a los derechos humanos, al de Seguridad P\u00fablica y al primer presidente del Congreso, de un partido local, el Dr. V\u00edctor Antonio Corrales\u201d,<\/em> expres\u00f3.<\/p>\n\n\n\n<p>Demostrando de este modo que los pasistas son gente de lealtad y respeto, por lo que logran generar en la sociedad esa confianza, que por a\u00f1os se han ganado a trav\u00e9s del esfuerzo y trabajo por m\u00e1s de 10 a\u00f1os del Partido Sinaloense.<\/p>\n","protected":false},"excerpt":{"rendered":"<p>Con iniciativas y trabajo diario, el PAS demuestra lo que es luchar en favor de la sociedad sinaloense Culiac\u00e1n, Sin.- Ante la presencia de m\u00e1s de mil pasistas, el presidente del Partido Sinaloense, H\u00e9ctor Melesio Cu\u00e9n Ojeda, dio el banderazo de salida para dar inicio a la brigadas de seguimiento de los comit\u00e9s directivos municipales, [&hellip;]<\/p>\n","protected":false},"author":4,"featured_media":51841,"comment_status":"open","ping_status":"open","sticky":false,"template":"","format":"standard","meta":{"tdm_status":"","tdm_grid_status":"","footnotes":""},"categories":[37,1],"tags":[],"class_list":{"0":"post-51839","1":"post","2":"type-post","3":"status-publish","4":"format-standard","5":"has-post-thumbnail","7":"category-nota-principal","8":"category-sin-categoria"},"yoast_head":"<!-- This site is optimized with the Yoast SEO plugin v27.4 - https:\/\/yoast.com\/product\/yoast-seo-wordpress\/ -->\n<title>Ante m\u00e1s de mil pasistas, Cu\u00e9n da banderazo de arranque a brigadas de seguimiento en Culiac\u00e1n - Fuentes Fidedignas<\/title>\n<meta name=\"robots\" content=\"index, follow, max-snippet:-1, max-image-preview:large, max-video-preview:-1\" \/>\n<link rel=\"canonical\" href=\"https:\/\/fuentesfidedignas.com.mx\/index.php\/2023\/07\/04\/ante-mas-de-mil-pasistas-cuen-da-banderazo-de-arranque-a-brigadas-de-seguimiento-en-culiacan\/\" \/>\n<meta property=\"og:locale\" content=\"es_MX\" \/>\n<meta property=\"og:type\" content=\"article\" \/>\n<meta property=\"og:title\" content=\"Ante m\u00e1s de mil pasistas, Cu\u00e9n da banderazo de arranque a brigadas de seguimiento en Culiac\u00e1n - Fuentes Fidedignas\" \/>\n<meta property=\"og:description\" content=\"Con iniciativas y trabajo diario, el PAS demuestra lo que es luchar en favor de la sociedad sinaloense Culiac\u00e1n, Sin.- Ante la presencia de m\u00e1s de mil pasistas, el presidente del Partido Sinaloense, H\u00e9ctor Melesio Cu\u00e9n Ojeda, dio el banderazo de salida para dar inicio a la brigadas de seguimiento de los comit\u00e9s directivos municipales, [&hellip;]\" \/>\n<meta property=\"og:url\" content=\"https:\/\/fuentesfidedignas.com.mx\/index.php\/2023\/07\/04\/ante-mas-de-mil-pasistas-cuen-da-banderazo-de-arranque-a-brigadas-de-seguimiento-en-culiacan\/\" \/>\n<meta property=\"og:site_name\" content=\"Fuentes Fidedignas\" \/>\n<meta property=\"article:publisher\" content=\"https:\/\/www.facebook.com\/Fuentes-Fidedignas-368234489921644\" \/>\n<meta property=\"article:published_time\" content=\"2023-07-04T14:12:13+00:00\" \/>\n<meta property=\"article:modified_time\" content=\"2023-07-04T14:17:47+00:00\" \/>\n<meta property=\"og:image\" content=\"https:\/\/fuentesfidedignas.com.mx\/wp-content\/uploads\/2023\/07\/IMG-20230704-WA0001.jpg\" \/>\n\t<meta property=\"og:image:width\" content=\"1280\" \/>\n\t<meta property=\"og:image:height\" content=\"853\" \/>\n\t<meta property=\"og:image:type\" content=\"image\/jpeg\" \/>\n<meta name=\"author\" content=\"Redacci\u00f3n\" \/>\n<meta name=\"twitter:card\" content=\"summary_large_image\" \/>\n<meta name=\"twitter:creator\" content=\"@fidedignas\" \/>\n<meta name=\"twitter:site\" content=\"@fidedignas\" \/>\n<meta name=\"twitter:label1\" content=\"Escrito por\" \/>\n\t<meta name=\"twitter:data1\" content=\"Redacci\u00f3n\" \/>\n\t<meta name=\"twitter:label2\" content=\"Tiempo de lectura\" \/>\n\t<meta name=\"twitter:data2\" content=\"2 minutos\" \/>\n<script type=\"application\/ld+json\" class=\"yoast-schema-graph\">{\"@context\":\"https:\\\/\\\/schema.org\",\"@graph\":[{\"@type\":\"Article\",\"@id\":\"https:\\\/\\\/fuentesfidedignas.com.mx\\\/index.php\\\/2023\\\/07\\\/04\\\/ante-mas-de-mil-pasistas-cuen-da-banderazo-de-arranque-a-brigadas-de-seguimiento-en-culiacan\\\/#article\",\"isPartOf\":{\"@id\":\"https:\\\/\\\/fuentesfidedignas.com.mx\\\/index.php\\\/2023\\\/07\\\/04\\\/ante-mas-de-mil-pasistas-cuen-da-banderazo-de-arranque-a-brigadas-de-seguimiento-en-culiacan\\\/\"},\"author\":{\"name\":\"Redacci\u00f3n\",\"@id\":\"https:\\\/\\\/fuentesfidedignas.com.mx\\\/#\\\/schema\\\/person\\\/331be9283d37198e2acd5750279085b0\"},\"headline\":\"Ante m\u00e1s de mil pasistas, Cu\u00e9n da banderazo de arranque a brigadas de seguimiento en Culiac\u00e1n\",\"datePublished\":\"2023-07-04T14:12:13+00:00\",\"dateModified\":\"2023-07-04T14:17:47+00:00\",\"mainEntityOfPage\":{\"@id\":\"https:\\\/\\\/fuentesfidedignas.com.mx\\\/index.php\\\/2023\\\/07\\\/04\\\/ante-mas-de-mil-pasistas-cuen-da-banderazo-de-arranque-a-brigadas-de-seguimiento-en-culiacan\\\/\"},\"wordCount\":462,\"commentCount\":0,\"publisher\":{\"@id\":\"https:\\\/\\\/fuentesfidedignas.com.mx\\\/#organization\"},\"image\":{\"@id\":\"https:\\\/\\\/fuentesfidedignas.com.mx\\\/index.php\\\/2023\\\/07\\\/04\\\/ante-mas-de-mil-pasistas-cuen-da-banderazo-de-arranque-a-brigadas-de-seguimiento-en-culiacan\\\/#primaryimage\"},\"thumbnailUrl\":\"https:\\\/\\\/fuentesfidedignas.com.mx\\\/wp-content\\\/uploads\\\/2023\\\/07\\\/IMG-20230704-WA0001.jpg\",\"articleSection\":[\"NOTA PRINCIPAL\"],\"inLanguage\":\"es\",\"potentialAction\":[{\"@type\":\"CommentAction\",\"name\":\"Comment\",\"target\":[\"https:\\\/\\\/fuentesfidedignas.com.mx\\\/index.php\\\/2023\\\/07\\\/04\\\/ante-mas-de-mil-pasistas-cuen-da-banderazo-de-arranque-a-brigadas-de-seguimiento-en-culiacan\\\/#respond\"]}]},{\"@type\":\"WebPage\",\"@id\":\"https:\\\/\\\/fuentesfidedignas.com.mx\\\/index.php\\\/2023\\\/07\\\/04\\\/ante-mas-de-mil-pasistas-cuen-da-banderazo-de-arranque-a-brigadas-de-seguimiento-en-culiacan\\\/\",\"url\":\"https:\\\/\\\/fuentesfidedignas.com.mx\\\/index.php\\\/2023\\\/07\\\/04\\\/ante-mas-de-mil-pasistas-cuen-da-banderazo-de-arranque-a-brigadas-de-seguimiento-en-culiacan\\\/\",\"name\":\"Ante m\u00e1s de mil pasistas, Cu\u00e9n da banderazo de arranque a brigadas de seguimiento en Culiac\u00e1n - Fuentes Fidedignas\",\"isPartOf\":{\"@id\":\"https:\\\/\\\/fuentesfidedignas.com.mx\\\/#website\"},\"primaryImageOfPage\":{\"@id\":\"https:\\\/\\\/fuentesfidedignas.com.mx\\\/index.php\\\/2023\\\/07\\\/04\\\/ante-mas-de-mil-pasistas-cuen-da-banderazo-de-arranque-a-brigadas-de-seguimiento-en-culiacan\\\/#primaryimage\"},\"image\":{\"@id\":\"https:\\\/\\\/fuentesfidedignas.com.mx\\\/index.php\\\/2023\\\/07\\\/04\\\/ante-mas-de-mil-pasistas-cuen-da-banderazo-de-arranque-a-brigadas-de-seguimiento-en-culiacan\\\/#primaryimage\"},\"thumbnailUrl\":\"https:\\\/\\\/fuentesfidedignas.com.mx\\\/wp-content\\\/uploads\\\/2023\\\/07\\\/IMG-20230704-WA0001.jpg\",\"datePublished\":\"2023-07-04T14:12:13+00:00\",\"dateModified\":\"2023-07-04T14:17:47+00:00\",\"breadcrumb\":{\"@id\":\"https:\\\/\\\/fuentesfidedignas.com.mx\\\/index.php\\\/2023\\\/07\\\/04\\\/ante-mas-de-mil-pasistas-cuen-da-banderazo-de-arranque-a-brigadas-de-seguimiento-en-culiacan\\\/#breadcrumb\"},\"inLanguage\":\"es\",\"potentialAction\":[{\"@type\":\"ReadAction\",\"target\":[\"https:\\\/\\\/fuentesfidedignas.com.mx\\\/index.php\\\/2023\\\/07\\\/04\\\/ante-mas-de-mil-pasistas-cuen-da-banderazo-de-arranque-a-brigadas-de-seguimiento-en-culiacan\\\/\"]}]},{\"@type\":\"ImageObject\",\"inLanguage\":\"es\",\"@id\":\"https:\\\/\\\/fuentesfidedignas.com.mx\\\/index.php\\\/2023\\\/07\\\/04\\\/ante-mas-de-mil-pasistas-cuen-da-banderazo-de-arranque-a-brigadas-de-seguimiento-en-culiacan\\\/#primaryimage\",\"url\":\"https:\\\/\\\/fuentesfidedignas.com.mx\\\/wp-content\\\/uploads\\\/2023\\\/07\\\/IMG-20230704-WA0001.jpg\",\"contentUrl\":\"https:\\\/\\\/fuentesfidedignas.com.mx\\\/wp-content\\\/uploads\\\/2023\\\/07\\\/IMG-20230704-WA0001.jpg\",\"width\":1280,\"height\":853},{\"@type\":\"BreadcrumbList\",\"@id\":\"https:\\\/\\\/fuentesfidedignas.com.mx\\\/index.php\\\/2023\\\/07\\\/04\\\/ante-mas-de-mil-pasistas-cuen-da-banderazo-de-arranque-a-brigadas-de-seguimiento-en-culiacan\\\/#breadcrumb\",\"itemListElement\":[{\"@type\":\"ListItem\",\"position\":1,\"name\":\"Inicio\",\"item\":\"https:\\\/\\\/fuentesfidedignas.com.mx\\\/\"},{\"@type\":\"ListItem\",\"position\":2,\"name\":\"Ante m\u00e1s de mil pasistas, Cu\u00e9n da banderazo de arranque a brigadas de seguimiento en Culiac\u00e1n\"}]},{\"@type\":\"WebSite\",\"@id\":\"https:\\\/\\\/fuentesfidedignas.com.mx\\\/#website\",\"url\":\"https:\\\/\\\/fuentesfidedignas.com.mx\\\/\",\"name\":\"Fuentes Fidedignas\",\"description\":\"Otro sitio realizado con WordPress\",\"publisher\":{\"@id\":\"https:\\\/\\\/fuentesfidedignas.com.mx\\\/#organization\"},\"potentialAction\":[{\"@type\":\"SearchAction\",\"target\":{\"@type\":\"EntryPoint\",\"urlTemplate\":\"https:\\\/\\\/fuentesfidedignas.com.mx\\\/?s={search_term_string}\"},\"query-input\":{\"@type\":\"PropertyValueSpecification\",\"valueRequired\":true,\"valueName\":\"search_term_string\"}}],\"inLanguage\":\"es\"},{\"@type\":\"Organization\",\"@id\":\"https:\\\/\\\/fuentesfidedignas.com.mx\\\/#organization\",\"name\":\"Fuentes Fidedignas\",\"url\":\"https:\\\/\\\/fuentesfidedignas.com.mx\\\/\",\"logo\":{\"@type\":\"ImageObject\",\"inLanguage\":\"es\",\"@id\":\"https:\\\/\\\/fuentesfidedignas.com.mx\\\/#\\\/schema\\\/logo\\\/image\\\/\",\"url\":\"https:\\\/\\\/fuentesfidedignas.com.mx\\\/wp-content\\\/uploads\\\/2021\\\/04\\\/logo-retina.png\",\"contentUrl\":\"https:\\\/\\\/fuentesfidedignas.com.mx\\\/wp-content\\\/uploads\\\/2021\\\/04\\\/logo-retina.png\",\"width\":280,\"height\":51,\"caption\":\"Fuentes Fidedignas\"},\"image\":{\"@id\":\"https:\\\/\\\/fuentesfidedignas.com.mx\\\/#\\\/schema\\\/logo\\\/image\\\/\"},\"sameAs\":[\"https:\\\/\\\/www.facebook.com\\\/Fuentes-Fidedignas-368234489921644\",\"https:\\\/\\\/x.com\\\/fidedignas\"]},{\"@type\":\"Person\",\"@id\":\"https:\\\/\\\/fuentesfidedignas.com.mx\\\/#\\\/schema\\\/person\\\/331be9283d37198e2acd5750279085b0\",\"name\":\"Redacci\u00f3n\",\"image\":{\"@type\":\"ImageObject\",\"inLanguage\":\"es\",\"@id\":\"https:\\\/\\\/secure.gravatar.com\\\/avatar\\\/f6d8782c11d12b2d4ad3fbb6931aeab5309937a4d6cd2fc9cfaa28a6396a5aec?s=96&d=mm&r=g\",\"url\":\"https:\\\/\\\/secure.gravatar.com\\\/avatar\\\/f6d8782c11d12b2d4ad3fbb6931aeab5309937a4d6cd2fc9cfaa28a6396a5aec?s=96&d=mm&r=g\",\"contentUrl\":\"https:\\\/\\\/secure.gravatar.com\\\/avatar\\\/f6d8782c11d12b2d4ad3fbb6931aeab5309937a4d6cd2fc9cfaa28a6396a5aec?s=96&d=mm&r=g\",\"caption\":\"Redacci\u00f3n\"},\"url\":\"https:\\\/\\\/fuentesfidedignas.com.mx\\\/index.php\\\/author\\\/redaccion\\\/\"}]}<\/script>\n<!-- \/ Yoast SEO plugin. -->","yoast_head_json":{"title":"Ante m\u00e1s de mil pasistas, Cu\u00e9n da banderazo de arranque a brigadas de seguimiento en Culiac\u00e1n - Fuentes Fidedignas","robots":{"index":"index","follow":"follow","max-snippet":"max-snippet:-1","max-image-preview":"max-image-preview:large","max-video-preview":"max-video-preview:-1"},"canonical":"https:\/\/fuentesfidedignas.com.mx\/index.php\/2023\/07\/04\/ante-mas-de-mil-pasistas-cuen-da-banderazo-de-arranque-a-brigadas-de-seguimiento-en-culiacan\/","og_locale":"es_MX","og_type":"article","og_title":"Ante m\u00e1s de mil pasistas, Cu\u00e9n da banderazo de arranque a brigadas de seguimiento en Culiac\u00e1n - Fuentes Fidedignas","og_description":"Con iniciativas y trabajo diario, el PAS demuestra lo que es luchar en favor de la sociedad sinaloense Culiac\u00e1n, Sin.- Ante la presencia de m\u00e1s de mil pasistas, el presidente del Partido Sinaloense, H\u00e9ctor Melesio Cu\u00e9n Ojeda, dio el banderazo de salida para dar inicio a la brigadas de seguimiento de los comit\u00e9s directivos municipales, [&hellip;]","og_url":"https:\/\/fuentesfidedignas.com.mx\/index.php\/2023\/07\/04\/ante-mas-de-mil-pasistas-cuen-da-banderazo-de-arranque-a-brigadas-de-seguimiento-en-culiacan\/","og_site_name":"Fuentes Fidedignas","article_publisher":"https:\/\/www.facebook.com\/Fuentes-Fidedignas-368234489921644","article_published_time":"2023-07-04T14:12:13+00:00","article_modified_time":"2023-07-04T14:17:47+00:00","og_image":[{"width":1280,"height":853,"url":"https:\/\/fuentesfidedignas.com.mx\/wp-content\/uploads\/2023\/07\/IMG-20230704-WA0001.jpg","type":"image\/jpeg"}],"author":"Redacci\u00f3n","twitter_card":"summary_large_image","twitter_creator":"@fidedignas","twitter_site":"@fidedignas","twitter_misc":{"Escrito por":"Redacci\u00f3n","Tiempo de lectura":"2 minutos"},"schema":{"@context":"https:\/\/schema.org","@graph":[{"@type":"Article","@id":"https:\/\/fuentesfidedignas.com.mx\/index.php\/2023\/07\/04\/ante-mas-de-mil-pasistas-cuen-da-banderazo-de-arranque-a-brigadas-de-seguimiento-en-culiacan\/#article","isPartOf":{"@id":"https:\/\/fuentesfidedignas.com.mx\/index.php\/2023\/07\/04\/ante-mas-de-mil-pasistas-cuen-da-banderazo-de-arranque-a-brigadas-de-seguimiento-en-culiacan\/"},"author":{"name":"Redacci\u00f3n","@id":"https:\/\/fuentesfidedignas.com.mx\/#\/schema\/person\/331be9283d37198e2acd5750279085b0"},"headline":"Ante m\u00e1s de mil pasistas, Cu\u00e9n da banderazo de arranque a brigadas de seguimiento en Culiac\u00e1n","datePublished":"2023-07-04T14:12:13+00:00","dateModified":"2023-07-04T14:17:47+00:00","mainEntityOfPage":{"@id":"https:\/\/fuentesfidedignas.com.mx\/index.php\/2023\/07\/04\/ante-mas-de-mil-pasistas-cuen-da-banderazo-de-arranque-a-brigadas-de-seguimiento-en-culiacan\/"},"wordCount":462,"commentCount":0,"publisher":{"@id":"https:\/\/fuentesfidedignas.com.mx\/#organization"},"image":{"@id":"https:\/\/fuentesfidedignas.com.mx\/index.php\/2023\/07\/04\/ante-mas-de-mil-pasistas-cuen-da-banderazo-de-arranque-a-brigadas-de-seguimiento-en-culiacan\/#primaryimage"},"thumbnailUrl":"https:\/\/fuentesfidedignas.com.mx\/wp-content\/uploads\/2023\/07\/IMG-20230704-WA0001.jpg","articleSection":["NOTA PRINCIPAL"],"inLanguage":"es","potentialAction":[{"@type":"CommentAction","name":"Comment","target":["https:\/\/fuentesfidedignas.com.mx\/index.php\/2023\/07\/04\/ante-mas-de-mil-pasistas-cuen-da-banderazo-de-arranque-a-brigadas-de-seguimiento-en-culiacan\/#respond"]}]},{"@type":"WebPage","@id":"https:\/\/fuentesfidedignas.com.mx\/index.php\/2023\/07\/04\/ante-mas-de-mil-pasistas-cuen-da-banderazo-de-arranque-a-brigadas-de-seguimiento-en-culiacan\/","url":"https:\/\/fuentesfidedignas.com.mx\/index.php\/2023\/07\/04\/ante-mas-de-mil-pasistas-cuen-da-banderazo-de-arranque-a-brigadas-de-seguimiento-en-culiacan\/","name":"Ante m\u00e1s de mil pasistas, Cu\u00e9n da banderazo de arranque a brigadas de seguimiento en Culiac\u00e1n - Fuentes Fidedignas","isPartOf":{"@id":"https:\/\/fuentesfidedignas.com.mx\/#website"},"primaryImageOfPage":{"@id":"https:\/\/fuentesfidedignas.com.mx\/index.php\/2023\/07\/04\/ante-mas-de-mil-pasistas-cuen-da-banderazo-de-arranque-a-brigadas-de-seguimiento-en-culiacan\/#primaryimage"},"image":{"@id":"https:\/\/fuentesfidedignas.com.mx\/index.php\/2023\/07\/04\/ante-mas-de-mil-pasistas-cuen-da-banderazo-de-arranque-a-brigadas-de-seguimiento-en-culiacan\/#primaryimage"},"thumbnailUrl":"https:\/\/fuentesfidedignas.com.mx\/wp-content\/uploads\/2023\/07\/IMG-20230704-WA0001.jpg","datePublished":"2023-07-04T14:12:13+00:00","dateModified":"2023-07-04T14:17:47+00:00","breadcrumb":{"@id":"https:\/\/fuentesfidedignas.com.mx\/index.php\/2023\/07\/04\/ante-mas-de-mil-pasistas-cuen-da-banderazo-de-arranque-a-brigadas-de-seguimiento-en-culiacan\/#breadcrumb"},"inLanguage":"es","potentialAction":[{"@type":"ReadAction","target":["https:\/\/fuentesfidedignas.com.mx\/index.php\/2023\/07\/04\/ante-mas-de-mil-pasistas-cuen-da-banderazo-de-arranque-a-brigadas-de-seguimiento-en-culiacan\/"]}]},{"@type":"ImageObject","inLanguage":"es","@id":"https:\/\/fuentesfidedignas.com.mx\/index.php\/2023\/07\/04\/ante-mas-de-mil-pasistas-cuen-da-banderazo-de-arranque-a-brigadas-de-seguimiento-en-culiacan\/#primaryimage","url":"https:\/\/fuentesfidedignas.com.mx\/wp-content\/uploads\/2023\/07\/IMG-20230704-WA0001.jpg","contentUrl":"https:\/\/fuentesfidedignas.com.mx\/wp-content\/uploads\/2023\/07\/IMG-20230704-WA0001.jpg","width":1280,"height":853},{"@type":"BreadcrumbList","@id":"https:\/\/fuentesfidedignas.com.mx\/index.php\/2023\/07\/04\/ante-mas-de-mil-pasistas-cuen-da-banderazo-de-arranque-a-brigadas-de-seguimiento-en-culiacan\/#breadcrumb","itemListElement":[{"@type":"ListItem","position":1,"name":"Inicio","item":"https:\/\/fuentesfidedignas.com.mx\/"},{"@type":"ListItem","position":2,"name":"Ante m\u00e1s de mil pasistas, Cu\u00e9n da banderazo de arranque a brigadas de seguimiento en Culiac\u00e1n"}]},{"@type":"WebSite","@id":"https:\/\/fuentesfidedignas.com.mx\/#website","url":"https:\/\/fuentesfidedignas.com.mx\/","name":"Fuentes Fidedignas","description":"Otro sitio realizado con WordPress","publisher":{"@id":"https:\/\/fuentesfidedignas.com.mx\/#organization"},"potentialAction":[{"@type":"SearchAction","target":{"@type":"EntryPoint","urlTemplate":"https:\/\/fuentesfidedignas.com.mx\/?s={search_term_string}"},"query-input":{"@type":"PropertyValueSpecification","valueRequired":true,"valueName":"search_term_string"}}],"inLanguage":"es"},{"@type":"Organization","@id":"https:\/\/fuentesfidedignas.com.mx\/#organization","name":"Fuentes Fidedignas","url":"https:\/\/fuentesfidedignas.com.mx\/","logo":{"@type":"ImageObject","inLanguage":"es","@id":"https:\/\/fuentesfidedignas.com.mx\/#\/schema\/logo\/image\/","url":"https:\/\/fuentesfidedignas.com.mx\/wp-content\/uploads\/2021\/04\/logo-retina.png","contentUrl":"https:\/\/fuentesfidedignas.com.mx\/wp-content\/uploads\/2021\/04\/logo-retina.png","width":280,"height":51,"caption":"Fuentes Fidedignas"},"image":{"@id":"https:\/\/fuentesfidedignas.com.mx\/#\/schema\/logo\/image\/"},"sameAs":["https:\/\/www.facebook.com\/Fuentes-Fidedignas-368234489921644","https:\/\/x.com\/fidedignas"]},{"@type":"Person","@id":"https:\/\/fuentesfidedignas.com.mx\/#\/schema\/person\/331be9283d37198e2acd5750279085b0","name":"Redacci\u00f3n","image":{"@type":"ImageObject","inLanguage":"es","@id":"https:\/\/secure.gravatar.com\/avatar\/f6d8782c11d12b2d4ad3fbb6931aeab5309937a4d6cd2fc9cfaa28a6396a5aec?s=96&d=mm&r=g","url":"https:\/\/secure.gravatar.com\/avatar\/f6d8782c11d12b2d4ad3fbb6931aeab5309937a4d6cd2fc9cfaa28a6396a5aec?s=96&d=mm&r=g","contentUrl":"https:\/\/secure.gravatar.com\/avatar\/f6d8782c11d12b2d4ad3fbb6931aeab5309937a4d6cd2fc9cfaa28a6396a5aec?s=96&d=mm&r=g","caption":"Redacci\u00f3n"},"url":"https:\/\/fuentesfidedignas.com.mx\/index.php\/author\/redaccion\/"}]}},"_links":{"self":[{"href":"https:\/\/fuentesfidedignas.com.mx\/index.php\/wp-json\/wp\/v2\/posts\/51839","targetHints":{"allow":["GET"]}}],"collection":[{"href":"https:\/\/fuentesfidedignas.com.mx\/index.php\/wp-json\/wp\/v2\/posts"}],"about":[{"href":"https:\/\/fuentesfidedignas.com.mx\/index.php\/wp-json\/wp\/v2\/types\/post"}],"author":[{"embeddable":true,"href":"https:\/\/fuentesfidedignas.com.mx\/index.php\/wp-json\/wp\/v2\/users\/4"}],"replies":[{"embeddable":true,"href":"https:\/\/fuentesfidedignas.com.mx\/index.php\/wp-json\/wp\/v2\/comments?post=51839"}],"version-history":[{"count":1,"href":"https:\/\/fuentesfidedignas.com.mx\/index.php\/wp-json\/wp\/v2\/posts\/51839\/revisions"}],"predecessor-version":[{"id":51840,"href":"https:\/\/fuentesfidedignas.com.mx\/index.php\/wp-json\/wp\/v2\/posts\/51839\/revisions\/51840"}],"wp:featuredmedia":[{"embeddable":true,"href":"https:\/\/fuentesfidedignas.com.mx\/index.php\/wp-json\/wp\/v2\/media\/51841"}],"wp:attachment":[{"href":"https:\/\/fuentesfidedignas.com.mx\/index.php\/wp-json\/wp\/v2\/media?parent=51839"}],"wp:term":[{"taxonomy":"category","embeddable":true,"href":"https:\/\/fuentesfidedignas.com.mx\/index.php\/wp-json\/wp\/v2\/categories?post=51839"},{"taxonomy":"post_tag","embeddable":true,"href":"https:\/\/fuentesfidedignas.com.mx\/index.php\/wp-json\/wp\/v2\/tags?post=51839"}],"curies":[{"name":"wp","href":"https:\/\/api.w.org\/{rel}","templated":true}]}}