{"id":51826,"date":"2023-07-04T06:26:24","date_gmt":"2023-07-04T13:26:24","guid":{"rendered":"https:\/\/fuentesfidedignas.com.mx\/?p=51826"},"modified":"2023-07-04T07:06:22","modified_gmt":"2023-07-04T14:06:22","slug":"maiz-blanco-en-la-encrucijada-por-precios-y-transgenicos-autosuficientes-en-produccion","status":"publish","type":"post","link":"https:\/\/fuentesfidedignas.com.mx\/index.php\/2023\/07\/04\/maiz-blanco-en-la-encrucijada-por-precios-y-transgenicos-autosuficientes-en-produccion\/","title":{"rendered":"Ma\u00edz blanco, en la encrucijada por precios y transg\u00e9nicos; autosuficientes en producci\u00f3n"},"content":{"rendered":"\n<p><strong><em>Este a\u00f1o, M\u00e9xico va a producir alrededor de 28 millones de toneladas. Del total, 24.6 millones son del blanco y el resto son del amarillo<\/em><\/strong><\/p>\n\n\n\n<p>Ciudad de M\u00e9xico. En M\u00e9xico, somos autosuficientes en\u00a0<strong>producci\u00f3n de ma\u00edz blanco<\/strong>, ingrediente esencial de nuestra alimentaci\u00f3n, pero que, en \u00faltimas fechas se enfrenta a una encrucijada relacionada con la ca\u00edda en los precios, la entrada y salida del grano, as\u00ed como la presencia de producto transg\u00e9nico.<\/p>\n\n\n\n<blockquote class=\"wp-block-quote is-layout-flow wp-block-quote-is-layout-flow\">\n<p>Este a\u00f1o, M\u00e9xico va a producir alrededor de 28 millones de toneladas de ma\u00edz. Del total, 24.6 millones es del blanco y el resto es amarillo\u201d, estim\u00f3 Juan Carlos Anaya, director de general de Grupo Consultor de Mercados Agr\u00edcolas (GCMA), en entrevista con&nbsp;<strong>Exc\u00e9lsior<\/strong>.<\/p>\n<\/blockquote>\n\n\n\n<p>De esas 24.6 millones de toneladas, para el consumo humano se utilizan 19 millones. De ello, 10 millones de toneladas son para tortillas que se elaboran en las m\u00e1s de 100 mil tortiller\u00edas que operan en nuestro pa\u00eds y en el autoservicio, que representa 35% de dicho mercado.<\/p>\n\n\n\n<p>Otros cuatro millones de toneladas son para tamales, atoles y otros platillos; mientras que existen otros cinco millones de toneladas para autoconsumo, de gente que siembra su propia semilla.<\/p>\n\n\n\n<p><strong>PRECIOS Y ARANCELES<\/strong><\/p>\n\n\n\n<p>M\u00e9xico es el principal productor de ma\u00edz blanco en el mundo. Su granero est\u00e1 en Sinaloa. A nuestro pa\u00eds le siguen Estados Unidos y Sud\u00e1frica, pero estos dos \u00faltimos s\u00ed siembra semilla gen\u00e9ticamente modificada.<\/p>\n\n\n\n<p>A escala global, el precio del ma\u00edz se desplom\u00f3 27.04% durante el primer semestre del a\u00f1o; de acuerdo con Banco Base, y se trata de la mayor contracci\u00f3n semestral del grano desde la segunda mitad de 2008, cuando disminuy\u00f3 46.24%.<\/p>\n\n\n\n<p>La ca\u00edda en el precio del ma\u00edz ha afectado a los productores de Sinaloa. El principal temor de los agricultores es que no podr\u00e1n recuperar los costos de los insumos y pronto tendr\u00edan dificultades para pagar sus cr\u00e9ditos, lo que podr\u00eda poner en riesgo el abasto para 2024.<\/p>\n\n\n\n<p>Frente a dicho panorama, el pasado 23 de junio, en el&nbsp;<strong><em>Diario Oficial de la Federaci\u00f3n<\/em><\/strong>, se public\u00f3 un decreto para imponer un arancel del 50% a la importaci\u00f3n del ma\u00edz blanco y se mantuvo la imposici\u00f3n del 50% a la exportaci\u00f3n del ma\u00edz blanco harinero, ambos vigentes hasta el 31 de diciembre de 2023.<\/p>\n\n\n\n<p>Previamente, el 16 de enero de 2023 se public\u00f3 en el&nbsp;<em>DOF<\/em>&nbsp;un decreto que exentaba el pago de arancel de importaci\u00f3n y se otorgaban facilidades administrativas a diversas mercanc\u00edas de la canasta b\u00e1sica, lo que permiti\u00f3 la entrada de ma\u00edz de Sud\u00e1frica y de Estados Unidos.<\/p>\n\n\n\n<p>Ahora, con los aranceles, la idea es que el producto se consuma en M\u00e9xico y que, por ejemplo, las grandes harineras, que suelen ser las grandes importadoras, se abastezcan en nuestro territorio.<\/p>\n\n\n\n<h3 class=\"wp-block-heading\"><strong>DESCONOCEN SI HAY O NO MODIFICADAS<\/strong><\/h3>\n\n\n\n<p>Debido a que previamente se trajo ma\u00edz de Estados Unidos y Sud\u00e1frica, donde s\u00ed se genera del producto gen\u00e9ticamente modificado, es dif\u00edcil para los especialistas saber si en las tortiller\u00edas del pa\u00eds se est\u00e1 usando este grano o no en los diversos productos.<\/p>\n\n\n\n<p>Blanca Estela Mej\u00eda, presidenta de la Red de Ma\u00edz, revel\u00f3 que las tortiller\u00edas no consumen el ma\u00edz directamente. \u201cSon los molinos de nixtamal. Como Tortiller\u00eda no podemos saber si la harina o masa que nos est\u00e1n vendiendo tiene transg\u00e9nico. El molinero tampoco puede saberlo\u201d.<\/p>\n\n\n\n<p>Destac\u00f3 que las que s\u00ed pueden saberlo son las comercializadoras como Cargill y las harineras de la talla de Gruma o Minsa.<\/p>\n","protected":false},"excerpt":{"rendered":"<p>Este a\u00f1o, M\u00e9xico va a producir alrededor de 28 millones de toneladas. Del total, 24.6 millones son del blanco y el resto son del amarillo Ciudad de M\u00e9xico. En M\u00e9xico, somos autosuficientes en\u00a0producci\u00f3n de ma\u00edz blanco, ingrediente esencial de nuestra alimentaci\u00f3n, pero que, en \u00faltimas fechas se enfrenta a una encrucijada relacionada con la ca\u00edda [&hellip;]<\/p>\n","protected":false},"author":7,"featured_media":51828,"comment_status":"open","ping_status":"open","sticky":false,"template":"","format":"standard","meta":{"tdm_status":"","tdm_grid_status":"","footnotes":""},"categories":[39,1],"tags":[],"class_list":{"0":"post-51826","1":"post","2":"type-post","3":"status-publish","4":"format-standard","5":"has-post-thumbnail","7":"category-noticias-nacionales","8":"category-sin-categoria"},"yoast_head":"<!-- This site is optimized with the Yoast SEO plugin v27.4 - https:\/\/yoast.com\/product\/yoast-seo-wordpress\/ -->\n<title>Ma\u00edz blanco, en la encrucijada por precios y transg\u00e9nicos; autosuficientes en producci\u00f3n - Fuentes Fidedignas<\/title>\n<meta name=\"robots\" content=\"index, follow, max-snippet:-1, max-image-preview:large, max-video-preview:-1\" \/>\n<link rel=\"canonical\" href=\"https:\/\/fuentesfidedignas.com.mx\/index.php\/2023\/07\/04\/maiz-blanco-en-la-encrucijada-por-precios-y-transgenicos-autosuficientes-en-produccion\/\" \/>\n<meta property=\"og:locale\" content=\"es_MX\" \/>\n<meta property=\"og:type\" content=\"article\" \/>\n<meta property=\"og:title\" content=\"Ma\u00edz blanco, en la encrucijada por precios y transg\u00e9nicos; autosuficientes en producci\u00f3n - Fuentes Fidedignas\" \/>\n<meta property=\"og:description\" content=\"Este a\u00f1o, M\u00e9xico va a producir alrededor de 28 millones de toneladas. Del total, 24.6 millones son del blanco y el resto son del amarillo Ciudad de M\u00e9xico. En M\u00e9xico, somos autosuficientes en\u00a0producci\u00f3n de ma\u00edz blanco, ingrediente esencial de nuestra alimentaci\u00f3n, pero que, en \u00faltimas fechas se enfrenta a una encrucijada relacionada con la ca\u00edda [&hellip;]\" \/>\n<meta property=\"og:url\" content=\"https:\/\/fuentesfidedignas.com.mx\/index.php\/2023\/07\/04\/maiz-blanco-en-la-encrucijada-por-precios-y-transgenicos-autosuficientes-en-produccion\/\" \/>\n<meta property=\"og:site_name\" content=\"Fuentes Fidedignas\" \/>\n<meta property=\"article:publisher\" content=\"https:\/\/www.facebook.com\/Fuentes-Fidedignas-368234489921644\" \/>\n<meta property=\"article:published_time\" content=\"2023-07-04T13:26:24+00:00\" \/>\n<meta property=\"article:modified_time\" content=\"2023-07-04T14:06:22+00:00\" \/>\n<meta property=\"og:image\" content=\"https:\/\/fuentesfidedignas.com.mx\/wp-content\/uploads\/2023\/07\/images-16.jpeg\" \/>\n\t<meta property=\"og:image:width\" content=\"681\" \/>\n\t<meta property=\"og:image:height\" content=\"450\" \/>\n\t<meta property=\"og:image:type\" content=\"image\/jpeg\" \/>\n<meta name=\"author\" content=\"Exc\u00e9lsior\" \/>\n<meta name=\"twitter:card\" content=\"summary_large_image\" \/>\n<meta name=\"twitter:creator\" content=\"@fidedignas\" \/>\n<meta name=\"twitter:site\" content=\"@fidedignas\" \/>\n<meta name=\"twitter:label1\" content=\"Escrito por\" \/>\n\t<meta name=\"twitter:data1\" content=\"Exc\u00e9lsior\" \/>\n\t<meta name=\"twitter:label2\" content=\"Tiempo de lectura\" \/>\n\t<meta name=\"twitter:data2\" content=\"2 minutos\" \/>\n<script type=\"application\/ld+json\" class=\"yoast-schema-graph\">{\"@context\":\"https:\\\/\\\/schema.org\",\"@graph\":[{\"@type\":\"Article\",\"@id\":\"https:\\\/\\\/fuentesfidedignas.com.mx\\\/index.php\\\/2023\\\/07\\\/04\\\/maiz-blanco-en-la-encrucijada-por-precios-y-transgenicos-autosuficientes-en-produccion\\\/#article\",\"isPartOf\":{\"@id\":\"https:\\\/\\\/fuentesfidedignas.com.mx\\\/index.php\\\/2023\\\/07\\\/04\\\/maiz-blanco-en-la-encrucijada-por-precios-y-transgenicos-autosuficientes-en-produccion\\\/\"},\"author\":{\"name\":\"Exc\u00e9lsior\",\"@id\":\"https:\\\/\\\/fuentesfidedignas.com.mx\\\/#\\\/schema\\\/person\\\/ec4edd1fbf5efa3e44fce34fe2787780\"},\"headline\":\"Ma\u00edz blanco, en la encrucijada por precios y transg\u00e9nicos; autosuficientes en producci\u00f3n\",\"datePublished\":\"2023-07-04T13:26:24+00:00\",\"dateModified\":\"2023-07-04T14:06:22+00:00\",\"mainEntityOfPage\":{\"@id\":\"https:\\\/\\\/fuentesfidedignas.com.mx\\\/index.php\\\/2023\\\/07\\\/04\\\/maiz-blanco-en-la-encrucijada-por-precios-y-transgenicos-autosuficientes-en-produccion\\\/\"},\"wordCount\":622,\"commentCount\":0,\"publisher\":{\"@id\":\"https:\\\/\\\/fuentesfidedignas.com.mx\\\/#organization\"},\"image\":{\"@id\":\"https:\\\/\\\/fuentesfidedignas.com.mx\\\/index.php\\\/2023\\\/07\\\/04\\\/maiz-blanco-en-la-encrucijada-por-precios-y-transgenicos-autosuficientes-en-produccion\\\/#primaryimage\"},\"thumbnailUrl\":\"https:\\\/\\\/fuentesfidedignas.com.mx\\\/wp-content\\\/uploads\\\/2023\\\/07\\\/images-16.jpeg\",\"articleSection\":[\"NOTICIAS NACIONALES\"],\"inLanguage\":\"es\",\"potentialAction\":[{\"@type\":\"CommentAction\",\"name\":\"Comment\",\"target\":[\"https:\\\/\\\/fuentesfidedignas.com.mx\\\/index.php\\\/2023\\\/07\\\/04\\\/maiz-blanco-en-la-encrucijada-por-precios-y-transgenicos-autosuficientes-en-produccion\\\/#respond\"]}]},{\"@type\":\"WebPage\",\"@id\":\"https:\\\/\\\/fuentesfidedignas.com.mx\\\/index.php\\\/2023\\\/07\\\/04\\\/maiz-blanco-en-la-encrucijada-por-precios-y-transgenicos-autosuficientes-en-produccion\\\/\",\"url\":\"https:\\\/\\\/fuentesfidedignas.com.mx\\\/index.php\\\/2023\\\/07\\\/04\\\/maiz-blanco-en-la-encrucijada-por-precios-y-transgenicos-autosuficientes-en-produccion\\\/\",\"name\":\"Ma\u00edz blanco, en la encrucijada por precios y transg\u00e9nicos; autosuficientes en producci\u00f3n - Fuentes Fidedignas\",\"isPartOf\":{\"@id\":\"https:\\\/\\\/fuentesfidedignas.com.mx\\\/#website\"},\"primaryImageOfPage\":{\"@id\":\"https:\\\/\\\/fuentesfidedignas.com.mx\\\/index.php\\\/2023\\\/07\\\/04\\\/maiz-blanco-en-la-encrucijada-por-precios-y-transgenicos-autosuficientes-en-produccion\\\/#primaryimage\"},\"image\":{\"@id\":\"https:\\\/\\\/fuentesfidedignas.com.mx\\\/index.php\\\/2023\\\/07\\\/04\\\/maiz-blanco-en-la-encrucijada-por-precios-y-transgenicos-autosuficientes-en-produccion\\\/#primaryimage\"},\"thumbnailUrl\":\"https:\\\/\\\/fuentesfidedignas.com.mx\\\/wp-content\\\/uploads\\\/2023\\\/07\\\/images-16.jpeg\",\"datePublished\":\"2023-07-04T13:26:24+00:00\",\"dateModified\":\"2023-07-04T14:06:22+00:00\",\"breadcrumb\":{\"@id\":\"https:\\\/\\\/fuentesfidedignas.com.mx\\\/index.php\\\/2023\\\/07\\\/04\\\/maiz-blanco-en-la-encrucijada-por-precios-y-transgenicos-autosuficientes-en-produccion\\\/#breadcrumb\"},\"inLanguage\":\"es\",\"potentialAction\":[{\"@type\":\"ReadAction\",\"target\":[\"https:\\\/\\\/fuentesfidedignas.com.mx\\\/index.php\\\/2023\\\/07\\\/04\\\/maiz-blanco-en-la-encrucijada-por-precios-y-transgenicos-autosuficientes-en-produccion\\\/\"]}]},{\"@type\":\"ImageObject\",\"inLanguage\":\"es\",\"@id\":\"https:\\\/\\\/fuentesfidedignas.com.mx\\\/index.php\\\/2023\\\/07\\\/04\\\/maiz-blanco-en-la-encrucijada-por-precios-y-transgenicos-autosuficientes-en-produccion\\\/#primaryimage\",\"url\":\"https:\\\/\\\/fuentesfidedignas.com.mx\\\/wp-content\\\/uploads\\\/2023\\\/07\\\/images-16.jpeg\",\"contentUrl\":\"https:\\\/\\\/fuentesfidedignas.com.mx\\\/wp-content\\\/uploads\\\/2023\\\/07\\\/images-16.jpeg\",\"width\":681,\"height\":450},{\"@type\":\"BreadcrumbList\",\"@id\":\"https:\\\/\\\/fuentesfidedignas.com.mx\\\/index.php\\\/2023\\\/07\\\/04\\\/maiz-blanco-en-la-encrucijada-por-precios-y-transgenicos-autosuficientes-en-produccion\\\/#breadcrumb\",\"itemListElement\":[{\"@type\":\"ListItem\",\"position\":1,\"name\":\"Inicio\",\"item\":\"https:\\\/\\\/fuentesfidedignas.com.mx\\\/\"},{\"@type\":\"ListItem\",\"position\":2,\"name\":\"Ma\u00edz blanco, en la encrucijada por precios y transg\u00e9nicos; autosuficientes en producci\u00f3n\"}]},{\"@type\":\"WebSite\",\"@id\":\"https:\\\/\\\/fuentesfidedignas.com.mx\\\/#website\",\"url\":\"https:\\\/\\\/fuentesfidedignas.com.mx\\\/\",\"name\":\"Fuentes Fidedignas\",\"description\":\"Otro sitio realizado con WordPress\",\"publisher\":{\"@id\":\"https:\\\/\\\/fuentesfidedignas.com.mx\\\/#organization\"},\"potentialAction\":[{\"@type\":\"SearchAction\",\"target\":{\"@type\":\"EntryPoint\",\"urlTemplate\":\"https:\\\/\\\/fuentesfidedignas.com.mx\\\/?s={search_term_string}\"},\"query-input\":{\"@type\":\"PropertyValueSpecification\",\"valueRequired\":true,\"valueName\":\"search_term_string\"}}],\"inLanguage\":\"es\"},{\"@type\":\"Organization\",\"@id\":\"https:\\\/\\\/fuentesfidedignas.com.mx\\\/#organization\",\"name\":\"Fuentes Fidedignas\",\"url\":\"https:\\\/\\\/fuentesfidedignas.com.mx\\\/\",\"logo\":{\"@type\":\"ImageObject\",\"inLanguage\":\"es\",\"@id\":\"https:\\\/\\\/fuentesfidedignas.com.mx\\\/#\\\/schema\\\/logo\\\/image\\\/\",\"url\":\"https:\\\/\\\/fuentesfidedignas.com.mx\\\/wp-content\\\/uploads\\\/2021\\\/04\\\/logo-retina.png\",\"contentUrl\":\"https:\\\/\\\/fuentesfidedignas.com.mx\\\/wp-content\\\/uploads\\\/2021\\\/04\\\/logo-retina.png\",\"width\":280,\"height\":51,\"caption\":\"Fuentes Fidedignas\"},\"image\":{\"@id\":\"https:\\\/\\\/fuentesfidedignas.com.mx\\\/#\\\/schema\\\/logo\\\/image\\\/\"},\"sameAs\":[\"https:\\\/\\\/www.facebook.com\\\/Fuentes-Fidedignas-368234489921644\",\"https:\\\/\\\/x.com\\\/fidedignas\"]},{\"@type\":\"Person\",\"@id\":\"https:\\\/\\\/fuentesfidedignas.com.mx\\\/#\\\/schema\\\/person\\\/ec4edd1fbf5efa3e44fce34fe2787780\",\"name\":\"Exc\u00e9lsior\",\"image\":{\"@type\":\"ImageObject\",\"inLanguage\":\"es\",\"@id\":\"https:\\\/\\\/secure.gravatar.com\\\/avatar\\\/4b7ee9206b48be08447852b3f0814dbc7c0f3b51541b164f1464a2725614020b?s=96&d=mm&r=g\",\"url\":\"https:\\\/\\\/secure.gravatar.com\\\/avatar\\\/4b7ee9206b48be08447852b3f0814dbc7c0f3b51541b164f1464a2725614020b?s=96&d=mm&r=g\",\"contentUrl\":\"https:\\\/\\\/secure.gravatar.com\\\/avatar\\\/4b7ee9206b48be08447852b3f0814dbc7c0f3b51541b164f1464a2725614020b?s=96&d=mm&r=g\",\"caption\":\"Exc\u00e9lsior\"},\"url\":\"https:\\\/\\\/fuentesfidedignas.com.mx\\\/index.php\\\/author\\\/excelsior\\\/\"}]}<\/script>\n<!-- \/ Yoast SEO plugin. -->","yoast_head_json":{"title":"Ma\u00edz blanco, en la encrucijada por precios y transg\u00e9nicos; autosuficientes en producci\u00f3n - Fuentes Fidedignas","robots":{"index":"index","follow":"follow","max-snippet":"max-snippet:-1","max-image-preview":"max-image-preview:large","max-video-preview":"max-video-preview:-1"},"canonical":"https:\/\/fuentesfidedignas.com.mx\/index.php\/2023\/07\/04\/maiz-blanco-en-la-encrucijada-por-precios-y-transgenicos-autosuficientes-en-produccion\/","og_locale":"es_MX","og_type":"article","og_title":"Ma\u00edz blanco, en la encrucijada por precios y transg\u00e9nicos; autosuficientes en producci\u00f3n - Fuentes Fidedignas","og_description":"Este a\u00f1o, M\u00e9xico va a producir alrededor de 28 millones de toneladas. Del total, 24.6 millones son del blanco y el resto son del amarillo Ciudad de M\u00e9xico. En M\u00e9xico, somos autosuficientes en\u00a0producci\u00f3n de ma\u00edz blanco, ingrediente esencial de nuestra alimentaci\u00f3n, pero que, en \u00faltimas fechas se enfrenta a una encrucijada relacionada con la ca\u00edda [&hellip;]","og_url":"https:\/\/fuentesfidedignas.com.mx\/index.php\/2023\/07\/04\/maiz-blanco-en-la-encrucijada-por-precios-y-transgenicos-autosuficientes-en-produccion\/","og_site_name":"Fuentes Fidedignas","article_publisher":"https:\/\/www.facebook.com\/Fuentes-Fidedignas-368234489921644","article_published_time":"2023-07-04T13:26:24+00:00","article_modified_time":"2023-07-04T14:06:22+00:00","og_image":[{"width":681,"height":450,"url":"https:\/\/fuentesfidedignas.com.mx\/wp-content\/uploads\/2023\/07\/images-16.jpeg","type":"image\/jpeg"}],"author":"Exc\u00e9lsior","twitter_card":"summary_large_image","twitter_creator":"@fidedignas","twitter_site":"@fidedignas","twitter_misc":{"Escrito por":"Exc\u00e9lsior","Tiempo de lectura":"2 minutos"},"schema":{"@context":"https:\/\/schema.org","@graph":[{"@type":"Article","@id":"https:\/\/fuentesfidedignas.com.mx\/index.php\/2023\/07\/04\/maiz-blanco-en-la-encrucijada-por-precios-y-transgenicos-autosuficientes-en-produccion\/#article","isPartOf":{"@id":"https:\/\/fuentesfidedignas.com.mx\/index.php\/2023\/07\/04\/maiz-blanco-en-la-encrucijada-por-precios-y-transgenicos-autosuficientes-en-produccion\/"},"author":{"name":"Exc\u00e9lsior","@id":"https:\/\/fuentesfidedignas.com.mx\/#\/schema\/person\/ec4edd1fbf5efa3e44fce34fe2787780"},"headline":"Ma\u00edz blanco, en la encrucijada por precios y transg\u00e9nicos; autosuficientes en producci\u00f3n","datePublished":"2023-07-04T13:26:24+00:00","dateModified":"2023-07-04T14:06:22+00:00","mainEntityOfPage":{"@id":"https:\/\/fuentesfidedignas.com.mx\/index.php\/2023\/07\/04\/maiz-blanco-en-la-encrucijada-por-precios-y-transgenicos-autosuficientes-en-produccion\/"},"wordCount":622,"commentCount":0,"publisher":{"@id":"https:\/\/fuentesfidedignas.com.mx\/#organization"},"image":{"@id":"https:\/\/fuentesfidedignas.com.mx\/index.php\/2023\/07\/04\/maiz-blanco-en-la-encrucijada-por-precios-y-transgenicos-autosuficientes-en-produccion\/#primaryimage"},"thumbnailUrl":"https:\/\/fuentesfidedignas.com.mx\/wp-content\/uploads\/2023\/07\/images-16.jpeg","articleSection":["NOTICIAS NACIONALES"],"inLanguage":"es","potentialAction":[{"@type":"CommentAction","name":"Comment","target":["https:\/\/fuentesfidedignas.com.mx\/index.php\/2023\/07\/04\/maiz-blanco-en-la-encrucijada-por-precios-y-transgenicos-autosuficientes-en-produccion\/#respond"]}]},{"@type":"WebPage","@id":"https:\/\/fuentesfidedignas.com.mx\/index.php\/2023\/07\/04\/maiz-blanco-en-la-encrucijada-por-precios-y-transgenicos-autosuficientes-en-produccion\/","url":"https:\/\/fuentesfidedignas.com.mx\/index.php\/2023\/07\/04\/maiz-blanco-en-la-encrucijada-por-precios-y-transgenicos-autosuficientes-en-produccion\/","name":"Ma\u00edz blanco, en la encrucijada por precios y transg\u00e9nicos; autosuficientes en producci\u00f3n - Fuentes Fidedignas","isPartOf":{"@id":"https:\/\/fuentesfidedignas.com.mx\/#website"},"primaryImageOfPage":{"@id":"https:\/\/fuentesfidedignas.com.mx\/index.php\/2023\/07\/04\/maiz-blanco-en-la-encrucijada-por-precios-y-transgenicos-autosuficientes-en-produccion\/#primaryimage"},"image":{"@id":"https:\/\/fuentesfidedignas.com.mx\/index.php\/2023\/07\/04\/maiz-blanco-en-la-encrucijada-por-precios-y-transgenicos-autosuficientes-en-produccion\/#primaryimage"},"thumbnailUrl":"https:\/\/fuentesfidedignas.com.mx\/wp-content\/uploads\/2023\/07\/images-16.jpeg","datePublished":"2023-07-04T13:26:24+00:00","dateModified":"2023-07-04T14:06:22+00:00","breadcrumb":{"@id":"https:\/\/fuentesfidedignas.com.mx\/index.php\/2023\/07\/04\/maiz-blanco-en-la-encrucijada-por-precios-y-transgenicos-autosuficientes-en-produccion\/#breadcrumb"},"inLanguage":"es","potentialAction":[{"@type":"ReadAction","target":["https:\/\/fuentesfidedignas.com.mx\/index.php\/2023\/07\/04\/maiz-blanco-en-la-encrucijada-por-precios-y-transgenicos-autosuficientes-en-produccion\/"]}]},{"@type":"ImageObject","inLanguage":"es","@id":"https:\/\/fuentesfidedignas.com.mx\/index.php\/2023\/07\/04\/maiz-blanco-en-la-encrucijada-por-precios-y-transgenicos-autosuficientes-en-produccion\/#primaryimage","url":"https:\/\/fuentesfidedignas.com.mx\/wp-content\/uploads\/2023\/07\/images-16.jpeg","contentUrl":"https:\/\/fuentesfidedignas.com.mx\/wp-content\/uploads\/2023\/07\/images-16.jpeg","width":681,"height":450},{"@type":"BreadcrumbList","@id":"https:\/\/fuentesfidedignas.com.mx\/index.php\/2023\/07\/04\/maiz-blanco-en-la-encrucijada-por-precios-y-transgenicos-autosuficientes-en-produccion\/#breadcrumb","itemListElement":[{"@type":"ListItem","position":1,"name":"Inicio","item":"https:\/\/fuentesfidedignas.com.mx\/"},{"@type":"ListItem","position":2,"name":"Ma\u00edz blanco, en la encrucijada por precios y transg\u00e9nicos; autosuficientes en producci\u00f3n"}]},{"@type":"WebSite","@id":"https:\/\/fuentesfidedignas.com.mx\/#website","url":"https:\/\/fuentesfidedignas.com.mx\/","name":"Fuentes Fidedignas","description":"Otro sitio realizado con WordPress","publisher":{"@id":"https:\/\/fuentesfidedignas.com.mx\/#organization"},"potentialAction":[{"@type":"SearchAction","target":{"@type":"EntryPoint","urlTemplate":"https:\/\/fuentesfidedignas.com.mx\/?s={search_term_string}"},"query-input":{"@type":"PropertyValueSpecification","valueRequired":true,"valueName":"search_term_string"}}],"inLanguage":"es"},{"@type":"Organization","@id":"https:\/\/fuentesfidedignas.com.mx\/#organization","name":"Fuentes Fidedignas","url":"https:\/\/fuentesfidedignas.com.mx\/","logo":{"@type":"ImageObject","inLanguage":"es","@id":"https:\/\/fuentesfidedignas.com.mx\/#\/schema\/logo\/image\/","url":"https:\/\/fuentesfidedignas.com.mx\/wp-content\/uploads\/2021\/04\/logo-retina.png","contentUrl":"https:\/\/fuentesfidedignas.com.mx\/wp-content\/uploads\/2021\/04\/logo-retina.png","width":280,"height":51,"caption":"Fuentes Fidedignas"},"image":{"@id":"https:\/\/fuentesfidedignas.com.mx\/#\/schema\/logo\/image\/"},"sameAs":["https:\/\/www.facebook.com\/Fuentes-Fidedignas-368234489921644","https:\/\/x.com\/fidedignas"]},{"@type":"Person","@id":"https:\/\/fuentesfidedignas.com.mx\/#\/schema\/person\/ec4edd1fbf5efa3e44fce34fe2787780","name":"Exc\u00e9lsior","image":{"@type":"ImageObject","inLanguage":"es","@id":"https:\/\/secure.gravatar.com\/avatar\/4b7ee9206b48be08447852b3f0814dbc7c0f3b51541b164f1464a2725614020b?s=96&d=mm&r=g","url":"https:\/\/secure.gravatar.com\/avatar\/4b7ee9206b48be08447852b3f0814dbc7c0f3b51541b164f1464a2725614020b?s=96&d=mm&r=g","contentUrl":"https:\/\/secure.gravatar.com\/avatar\/4b7ee9206b48be08447852b3f0814dbc7c0f3b51541b164f1464a2725614020b?s=96&d=mm&r=g","caption":"Exc\u00e9lsior"},"url":"https:\/\/fuentesfidedignas.com.mx\/index.php\/author\/excelsior\/"}]}},"_links":{"self":[{"href":"https:\/\/fuentesfidedignas.com.mx\/index.php\/wp-json\/wp\/v2\/posts\/51826","targetHints":{"allow":["GET"]}}],"collection":[{"href":"https:\/\/fuentesfidedignas.com.mx\/index.php\/wp-json\/wp\/v2\/posts"}],"about":[{"href":"https:\/\/fuentesfidedignas.com.mx\/index.php\/wp-json\/wp\/v2\/types\/post"}],"author":[{"embeddable":true,"href":"https:\/\/fuentesfidedignas.com.mx\/index.php\/wp-json\/wp\/v2\/users\/7"}],"replies":[{"embeddable":true,"href":"https:\/\/fuentesfidedignas.com.mx\/index.php\/wp-json\/wp\/v2\/comments?post=51826"}],"version-history":[{"count":1,"href":"https:\/\/fuentesfidedignas.com.mx\/index.php\/wp-json\/wp\/v2\/posts\/51826\/revisions"}],"predecessor-version":[{"id":51827,"href":"https:\/\/fuentesfidedignas.com.mx\/index.php\/wp-json\/wp\/v2\/posts\/51826\/revisions\/51827"}],"wp:featuredmedia":[{"embeddable":true,"href":"https:\/\/fuentesfidedignas.com.mx\/index.php\/wp-json\/wp\/v2\/media\/51828"}],"wp:attachment":[{"href":"https:\/\/fuentesfidedignas.com.mx\/index.php\/wp-json\/wp\/v2\/media?parent=51826"}],"wp:term":[{"taxonomy":"category","embeddable":true,"href":"https:\/\/fuentesfidedignas.com.mx\/index.php\/wp-json\/wp\/v2\/categories?post=51826"},{"taxonomy":"post_tag","embeddable":true,"href":"https:\/\/fuentesfidedignas.com.mx\/index.php\/wp-json\/wp\/v2\/tags?post=51826"}],"curies":[{"name":"wp","href":"https:\/\/api.w.org\/{rel}","templated":true}]}}