{"id":51821,"date":"2023-07-03T20:15:27","date_gmt":"2023-07-04T03:15:27","guid":{"rendered":"https:\/\/fuentesfidedignas.com.mx\/?p=51821"},"modified":"2023-07-04T07:20:25","modified_gmt":"2023-07-04T14:20:25","slug":"inauguran-vuelo-cd-juarez-mazatlan-operara-3-veces-a-la-semana","status":"publish","type":"post","link":"https:\/\/fuentesfidedignas.com.mx\/index.php\/2023\/07\/03\/inauguran-vuelo-cd-juarez-mazatlan-operara-3-veces-a-la-semana\/","title":{"rendered":"Inauguran vuelo Cd. Ju\u00e1rez- Mazatl\u00e1n; operar\u00e1 tres veces a la semana"},"content":{"rendered":"\n<p><strong><em>El vuelo saldr\u00e1 de Cd. Ju\u00e1rez, Chihuahua, a las 16:20 horas y llegar\u00e1 a Mazatl\u00e1n a las 17:05 horas, con regreso a las 17:50 para llegar a su punto de origen a las 20:40 horas<\/em><\/strong><\/p>\n\n\n\n<p>Mazatl\u00e1n, Sin.- Con una frecuencia de tres vuelos a la semana, a partir de hoy, la aerol\u00ednea Viva Aerob\u00fas inici\u00f3 operaciones con la ruta Cd. Ju\u00e1rez-Mazatl\u00e1n, la cual estar\u00e1 en operaciones los d\u00edas lunes, mi\u00e9rcoles y viernes.<\/p>\n\n\n\n<p>El vuelo saldr\u00e1 de Cd. Ju\u00e1rez, Chihuahua, a las 16:20 horas y llegar\u00e1 a Mazatl\u00e1n a las 17:05 horas, con regreso a las 17:50 para llegar a su punto de origen a las 20:40 horas.<\/p>\n\n\n\n<p>Al participar en la ceremonia de inauguraci\u00f3n en el Aeropuerto Internacional \u201cRafael Buelna\u201d, y dar la bienvenida a los pasajeros, acompa\u00f1ada del Alcalde \u00c9dgar Gonz\u00e1les Zatar\u00e1in, la Secretaria de Turismo, Estrella Palacios Dom\u00ednguez, se\u00f1al\u00f3 que este primer viaje lleg\u00f3 con 203 pasajeros, y es parte de la nueva oferta de conectividad con la que contar\u00e1 el Estado a partir de julio.<\/p>\n\n\n\n<p>Palacios Dom\u00ednguez cit\u00f3 que en este 2023 han llegado a la entidad un 1,902,231 pasajeros a los tres aeropuertos del Estado (Mazatl\u00e1n-Culiac\u00e1n-Los Mochis), lo que representa un aumento de 11.70% respecto al mismo periodo del a\u00f1o anterior que llegaron un 1,702,992 de ellos.<\/p>\n\n\n\n<p>A la terminal a\u00e9rea de Mazatl\u00e1n este 2023 han arribado 681,467 pasajeros, lo que significa un aumento del 13.13% respecto al 2022, cuando se recibieron a 602,365 de estos.<\/p>\n\n\n\n<p>Mencion\u00f3 que de acuerdo con las instrucciones del Gobernador Rub\u00e9n Rocha Moya, de aumentar la conectividad en Sinaloa, en lo que va del a\u00f1o la Sectur ha concretado 12 nuevas rutas para los tres aeropuertos del Estado; adem\u00e1s del reinicio de operaciones de dos rutas que hab\u00edan sido suspendidas, dando una suma de alrededor de 280 mil asientos m\u00e1s al a\u00f1o.<br>Viva Aerob\u00fas tiene tres nuevas rutas en Mazatl\u00e1n a partir del mes de julio y sumar\u00e1n aproximadamente 61 mil asientos al a\u00f1o.<\/p>\n\n\n\n<p><em>SABOREANDO SINALOA<\/em><br>La titular de la Sectur tambi\u00e9n inform\u00f3 que en el vuelo de regreso de Viva Aerob\u00fas a Cd. Ju\u00e1rez, va una comitiva de Sinaloa a Chihuahua, donde har\u00e1n una gira de promoci\u00f3n que se llama \u201cSaboreando Sinaloa\u201d en el que estar\u00e1n funcionarios de la Secretar\u00eda de Turismo, del Ayuntamiento de Mazatl\u00e1n, hoteleros, las reinas del Carnaval Internacional de Mazatl\u00e1n y representantes del sector tur\u00edstico para estar con m\u00e1s de 300 agentes tur\u00edsticos de aquella entidad a los que se van a presentar todas las novedades y atractivos tur\u00edsticos que tenemos, \u201cvan a estar haciendo promociones, incluidos paquetes tur\u00edsticos y esperamos que sea una ruta totalmente exitosa\u201d, a\u00f1adi\u00f3.<\/p>\n\n\n\n<p>Tambi\u00e9n indic\u00f3 que se van a iniciar giras de promoci\u00f3n para aumentar frecuencias y la atracci\u00f3n de nuevos vuelos internacionales para Sinaloa, \u201cpr\u00f3ximamente les estaremos anunciando los trabajos que se hacen en este sentido; la estrategia es fortalecer lo que ya tenemos que es la conectividad con Estados Unidos y con Canad\u00e1, y lograr que no solo sean vuelos de temporadas sin que se queden fijos\u201d.<\/p>\n\n\n\n<p>En el corte del list\u00f3n simb\u00f3lico tambi\u00e9n estuvieron Edgar Gonz\u00e1les Zatarain, Presidente Municipal de Mazatl\u00e1n; Eduardo Galindo G\u00f3mez, administrador del Aeropuerto Internacional doe Mazatl\u00e1n; Ricardo Velarde C\u00e1rdenas, Subsecretario de Promoci\u00f3n, Industria de Reuniones y Operaci\u00f3n Tur\u00edstica; Mart\u00edn Ochoa, Secretario de Desarrollo Econ\u00f3mico, Turismo y Pesca de Mazatl\u00e1n, entre otros.<\/p>\n","protected":false},"excerpt":{"rendered":"<p>El vuelo saldr\u00e1 de Cd. Ju\u00e1rez, Chihuahua, a las 16:20 horas y llegar\u00e1 a Mazatl\u00e1n a las 17:05 horas, con regreso a las 17:50 para llegar a su punto de origen a las 20:40 horas Mazatl\u00e1n, Sin.- Con una frecuencia de tres vuelos a la semana, a partir de hoy, la aerol\u00ednea Viva Aerob\u00fas inici\u00f3 [&hellip;]<\/p>\n","protected":false},"author":4,"featured_media":51823,"comment_status":"open","ping_status":"open","sticky":false,"template":"","format":"standard","meta":{"tdm_status":"","tdm_grid_status":"","footnotes":""},"categories":[38,1],"tags":[],"class_list":{"0":"post-51821","1":"post","2":"type-post","3":"status-publish","4":"format-standard","5":"has-post-thumbnail","7":"category-noticias-locales","8":"category-sin-categoria"},"yoast_head":"<!-- This site is optimized with the Yoast SEO plugin v27.4 - https:\/\/yoast.com\/product\/yoast-seo-wordpress\/ -->\n<title>Inauguran vuelo Cd. Ju\u00e1rez- Mazatl\u00e1n; operar\u00e1 tres veces a la semana - Fuentes Fidedignas<\/title>\n<meta name=\"robots\" content=\"index, follow, max-snippet:-1, max-image-preview:large, max-video-preview:-1\" \/>\n<link rel=\"canonical\" href=\"https:\/\/fuentesfidedignas.com.mx\/index.php\/2023\/07\/03\/inauguran-vuelo-cd-juarez-mazatlan-operara-3-veces-a-la-semana\/\" \/>\n<meta property=\"og:locale\" content=\"es_MX\" \/>\n<meta property=\"og:type\" content=\"article\" \/>\n<meta property=\"og:title\" content=\"Inauguran vuelo Cd. Ju\u00e1rez- Mazatl\u00e1n; operar\u00e1 tres veces a la semana - Fuentes Fidedignas\" \/>\n<meta property=\"og:description\" content=\"El vuelo saldr\u00e1 de Cd. Ju\u00e1rez, Chihuahua, a las 16:20 horas y llegar\u00e1 a Mazatl\u00e1n a las 17:05 horas, con regreso a las 17:50 para llegar a su punto de origen a las 20:40 horas Mazatl\u00e1n, Sin.- Con una frecuencia de tres vuelos a la semana, a partir de hoy, la aerol\u00ednea Viva Aerob\u00fas inici\u00f3 [&hellip;]\" \/>\n<meta property=\"og:url\" content=\"https:\/\/fuentesfidedignas.com.mx\/index.php\/2023\/07\/03\/inauguran-vuelo-cd-juarez-mazatlan-operara-3-veces-a-la-semana\/\" \/>\n<meta property=\"og:site_name\" content=\"Fuentes Fidedignas\" \/>\n<meta property=\"article:publisher\" content=\"https:\/\/www.facebook.com\/Fuentes-Fidedignas-368234489921644\" \/>\n<meta property=\"article:published_time\" content=\"2023-07-04T03:15:27+00:00\" \/>\n<meta property=\"article:modified_time\" content=\"2023-07-04T14:20:25+00:00\" \/>\n<meta property=\"og:image\" content=\"https:\/\/fuentesfidedignas.com.mx\/wp-content\/uploads\/2023\/07\/IMG-20230703-WA0066.jpg\" \/>\n\t<meta property=\"og:image:width\" content=\"640\" \/>\n\t<meta property=\"og:image:height\" content=\"426\" \/>\n\t<meta property=\"og:image:type\" content=\"image\/jpeg\" \/>\n<meta name=\"author\" content=\"Redacci\u00f3n\" \/>\n<meta name=\"twitter:card\" content=\"summary_large_image\" \/>\n<meta name=\"twitter:creator\" content=\"@fidedignas\" \/>\n<meta name=\"twitter:site\" content=\"@fidedignas\" \/>\n<meta name=\"twitter:label1\" content=\"Escrito por\" \/>\n\t<meta name=\"twitter:data1\" content=\"Redacci\u00f3n\" \/>\n\t<meta name=\"twitter:label2\" content=\"Tiempo de lectura\" \/>\n\t<meta name=\"twitter:data2\" content=\"3 minutos\" \/>\n<script type=\"application\/ld+json\" class=\"yoast-schema-graph\">{\"@context\":\"https:\\\/\\\/schema.org\",\"@graph\":[{\"@type\":\"Article\",\"@id\":\"https:\\\/\\\/fuentesfidedignas.com.mx\\\/index.php\\\/2023\\\/07\\\/03\\\/inauguran-vuelo-cd-juarez-mazatlan-operara-3-veces-a-la-semana\\\/#article\",\"isPartOf\":{\"@id\":\"https:\\\/\\\/fuentesfidedignas.com.mx\\\/index.php\\\/2023\\\/07\\\/03\\\/inauguran-vuelo-cd-juarez-mazatlan-operara-3-veces-a-la-semana\\\/\"},\"author\":{\"name\":\"Redacci\u00f3n\",\"@id\":\"https:\\\/\\\/fuentesfidedignas.com.mx\\\/#\\\/schema\\\/person\\\/331be9283d37198e2acd5750279085b0\"},\"headline\":\"Inauguran vuelo Cd. Ju\u00e1rez- Mazatl\u00e1n; operar\u00e1 tres veces a la semana\",\"datePublished\":\"2023-07-04T03:15:27+00:00\",\"dateModified\":\"2023-07-04T14:20:25+00:00\",\"mainEntityOfPage\":{\"@id\":\"https:\\\/\\\/fuentesfidedignas.com.mx\\\/index.php\\\/2023\\\/07\\\/03\\\/inauguran-vuelo-cd-juarez-mazatlan-operara-3-veces-a-la-semana\\\/\"},\"wordCount\":605,\"commentCount\":0,\"publisher\":{\"@id\":\"https:\\\/\\\/fuentesfidedignas.com.mx\\\/#organization\"},\"image\":{\"@id\":\"https:\\\/\\\/fuentesfidedignas.com.mx\\\/index.php\\\/2023\\\/07\\\/03\\\/inauguran-vuelo-cd-juarez-mazatlan-operara-3-veces-a-la-semana\\\/#primaryimage\"},\"thumbnailUrl\":\"https:\\\/\\\/fuentesfidedignas.com.mx\\\/wp-content\\\/uploads\\\/2023\\\/07\\\/IMG-20230703-WA0066.jpg\",\"articleSection\":[\"NOTICIAS LOCALES\"],\"inLanguage\":\"es\",\"potentialAction\":[{\"@type\":\"CommentAction\",\"name\":\"Comment\",\"target\":[\"https:\\\/\\\/fuentesfidedignas.com.mx\\\/index.php\\\/2023\\\/07\\\/03\\\/inauguran-vuelo-cd-juarez-mazatlan-operara-3-veces-a-la-semana\\\/#respond\"]}]},{\"@type\":\"WebPage\",\"@id\":\"https:\\\/\\\/fuentesfidedignas.com.mx\\\/index.php\\\/2023\\\/07\\\/03\\\/inauguran-vuelo-cd-juarez-mazatlan-operara-3-veces-a-la-semana\\\/\",\"url\":\"https:\\\/\\\/fuentesfidedignas.com.mx\\\/index.php\\\/2023\\\/07\\\/03\\\/inauguran-vuelo-cd-juarez-mazatlan-operara-3-veces-a-la-semana\\\/\",\"name\":\"Inauguran vuelo Cd. Ju\u00e1rez- Mazatl\u00e1n; operar\u00e1 tres veces a la semana - Fuentes Fidedignas\",\"isPartOf\":{\"@id\":\"https:\\\/\\\/fuentesfidedignas.com.mx\\\/#website\"},\"primaryImageOfPage\":{\"@id\":\"https:\\\/\\\/fuentesfidedignas.com.mx\\\/index.php\\\/2023\\\/07\\\/03\\\/inauguran-vuelo-cd-juarez-mazatlan-operara-3-veces-a-la-semana\\\/#primaryimage\"},\"image\":{\"@id\":\"https:\\\/\\\/fuentesfidedignas.com.mx\\\/index.php\\\/2023\\\/07\\\/03\\\/inauguran-vuelo-cd-juarez-mazatlan-operara-3-veces-a-la-semana\\\/#primaryimage\"},\"thumbnailUrl\":\"https:\\\/\\\/fuentesfidedignas.com.mx\\\/wp-content\\\/uploads\\\/2023\\\/07\\\/IMG-20230703-WA0066.jpg\",\"datePublished\":\"2023-07-04T03:15:27+00:00\",\"dateModified\":\"2023-07-04T14:20:25+00:00\",\"breadcrumb\":{\"@id\":\"https:\\\/\\\/fuentesfidedignas.com.mx\\\/index.php\\\/2023\\\/07\\\/03\\\/inauguran-vuelo-cd-juarez-mazatlan-operara-3-veces-a-la-semana\\\/#breadcrumb\"},\"inLanguage\":\"es\",\"potentialAction\":[{\"@type\":\"ReadAction\",\"target\":[\"https:\\\/\\\/fuentesfidedignas.com.mx\\\/index.php\\\/2023\\\/07\\\/03\\\/inauguran-vuelo-cd-juarez-mazatlan-operara-3-veces-a-la-semana\\\/\"]}]},{\"@type\":\"ImageObject\",\"inLanguage\":\"es\",\"@id\":\"https:\\\/\\\/fuentesfidedignas.com.mx\\\/index.php\\\/2023\\\/07\\\/03\\\/inauguran-vuelo-cd-juarez-mazatlan-operara-3-veces-a-la-semana\\\/#primaryimage\",\"url\":\"https:\\\/\\\/fuentesfidedignas.com.mx\\\/wp-content\\\/uploads\\\/2023\\\/07\\\/IMG-20230703-WA0066.jpg\",\"contentUrl\":\"https:\\\/\\\/fuentesfidedignas.com.mx\\\/wp-content\\\/uploads\\\/2023\\\/07\\\/IMG-20230703-WA0066.jpg\",\"width\":640,\"height\":426},{\"@type\":\"BreadcrumbList\",\"@id\":\"https:\\\/\\\/fuentesfidedignas.com.mx\\\/index.php\\\/2023\\\/07\\\/03\\\/inauguran-vuelo-cd-juarez-mazatlan-operara-3-veces-a-la-semana\\\/#breadcrumb\",\"itemListElement\":[{\"@type\":\"ListItem\",\"position\":1,\"name\":\"Inicio\",\"item\":\"https:\\\/\\\/fuentesfidedignas.com.mx\\\/\"},{\"@type\":\"ListItem\",\"position\":2,\"name\":\"Inauguran vuelo Cd. Ju\u00e1rez- Mazatl\u00e1n; operar\u00e1 tres veces a la semana\"}]},{\"@type\":\"WebSite\",\"@id\":\"https:\\\/\\\/fuentesfidedignas.com.mx\\\/#website\",\"url\":\"https:\\\/\\\/fuentesfidedignas.com.mx\\\/\",\"name\":\"Fuentes Fidedignas\",\"description\":\"Otro sitio realizado con WordPress\",\"publisher\":{\"@id\":\"https:\\\/\\\/fuentesfidedignas.com.mx\\\/#organization\"},\"potentialAction\":[{\"@type\":\"SearchAction\",\"target\":{\"@type\":\"EntryPoint\",\"urlTemplate\":\"https:\\\/\\\/fuentesfidedignas.com.mx\\\/?s={search_term_string}\"},\"query-input\":{\"@type\":\"PropertyValueSpecification\",\"valueRequired\":true,\"valueName\":\"search_term_string\"}}],\"inLanguage\":\"es\"},{\"@type\":\"Organization\",\"@id\":\"https:\\\/\\\/fuentesfidedignas.com.mx\\\/#organization\",\"name\":\"Fuentes Fidedignas\",\"url\":\"https:\\\/\\\/fuentesfidedignas.com.mx\\\/\",\"logo\":{\"@type\":\"ImageObject\",\"inLanguage\":\"es\",\"@id\":\"https:\\\/\\\/fuentesfidedignas.com.mx\\\/#\\\/schema\\\/logo\\\/image\\\/\",\"url\":\"https:\\\/\\\/fuentesfidedignas.com.mx\\\/wp-content\\\/uploads\\\/2021\\\/04\\\/logo-retina.png\",\"contentUrl\":\"https:\\\/\\\/fuentesfidedignas.com.mx\\\/wp-content\\\/uploads\\\/2021\\\/04\\\/logo-retina.png\",\"width\":280,\"height\":51,\"caption\":\"Fuentes Fidedignas\"},\"image\":{\"@id\":\"https:\\\/\\\/fuentesfidedignas.com.mx\\\/#\\\/schema\\\/logo\\\/image\\\/\"},\"sameAs\":[\"https:\\\/\\\/www.facebook.com\\\/Fuentes-Fidedignas-368234489921644\",\"https:\\\/\\\/x.com\\\/fidedignas\"]},{\"@type\":\"Person\",\"@id\":\"https:\\\/\\\/fuentesfidedignas.com.mx\\\/#\\\/schema\\\/person\\\/331be9283d37198e2acd5750279085b0\",\"name\":\"Redacci\u00f3n\",\"image\":{\"@type\":\"ImageObject\",\"inLanguage\":\"es\",\"@id\":\"https:\\\/\\\/secure.gravatar.com\\\/avatar\\\/f6d8782c11d12b2d4ad3fbb6931aeab5309937a4d6cd2fc9cfaa28a6396a5aec?s=96&d=mm&r=g\",\"url\":\"https:\\\/\\\/secure.gravatar.com\\\/avatar\\\/f6d8782c11d12b2d4ad3fbb6931aeab5309937a4d6cd2fc9cfaa28a6396a5aec?s=96&d=mm&r=g\",\"contentUrl\":\"https:\\\/\\\/secure.gravatar.com\\\/avatar\\\/f6d8782c11d12b2d4ad3fbb6931aeab5309937a4d6cd2fc9cfaa28a6396a5aec?s=96&d=mm&r=g\",\"caption\":\"Redacci\u00f3n\"},\"url\":\"https:\\\/\\\/fuentesfidedignas.com.mx\\\/index.php\\\/author\\\/redaccion\\\/\"}]}<\/script>\n<!-- \/ Yoast SEO plugin. -->","yoast_head_json":{"title":"Inauguran vuelo Cd. Ju\u00e1rez- Mazatl\u00e1n; operar\u00e1 tres veces a la semana - Fuentes Fidedignas","robots":{"index":"index","follow":"follow","max-snippet":"max-snippet:-1","max-image-preview":"max-image-preview:large","max-video-preview":"max-video-preview:-1"},"canonical":"https:\/\/fuentesfidedignas.com.mx\/index.php\/2023\/07\/03\/inauguran-vuelo-cd-juarez-mazatlan-operara-3-veces-a-la-semana\/","og_locale":"es_MX","og_type":"article","og_title":"Inauguran vuelo Cd. Ju\u00e1rez- Mazatl\u00e1n; operar\u00e1 tres veces a la semana - Fuentes Fidedignas","og_description":"El vuelo saldr\u00e1 de Cd. Ju\u00e1rez, Chihuahua, a las 16:20 horas y llegar\u00e1 a Mazatl\u00e1n a las 17:05 horas, con regreso a las 17:50 para llegar a su punto de origen a las 20:40 horas Mazatl\u00e1n, Sin.- Con una frecuencia de tres vuelos a la semana, a partir de hoy, la aerol\u00ednea Viva Aerob\u00fas inici\u00f3 [&hellip;]","og_url":"https:\/\/fuentesfidedignas.com.mx\/index.php\/2023\/07\/03\/inauguran-vuelo-cd-juarez-mazatlan-operara-3-veces-a-la-semana\/","og_site_name":"Fuentes Fidedignas","article_publisher":"https:\/\/www.facebook.com\/Fuentes-Fidedignas-368234489921644","article_published_time":"2023-07-04T03:15:27+00:00","article_modified_time":"2023-07-04T14:20:25+00:00","og_image":[{"width":640,"height":426,"url":"https:\/\/fuentesfidedignas.com.mx\/wp-content\/uploads\/2023\/07\/IMG-20230703-WA0066.jpg","type":"image\/jpeg"}],"author":"Redacci\u00f3n","twitter_card":"summary_large_image","twitter_creator":"@fidedignas","twitter_site":"@fidedignas","twitter_misc":{"Escrito por":"Redacci\u00f3n","Tiempo de lectura":"3 minutos"},"schema":{"@context":"https:\/\/schema.org","@graph":[{"@type":"Article","@id":"https:\/\/fuentesfidedignas.com.mx\/index.php\/2023\/07\/03\/inauguran-vuelo-cd-juarez-mazatlan-operara-3-veces-a-la-semana\/#article","isPartOf":{"@id":"https:\/\/fuentesfidedignas.com.mx\/index.php\/2023\/07\/03\/inauguran-vuelo-cd-juarez-mazatlan-operara-3-veces-a-la-semana\/"},"author":{"name":"Redacci\u00f3n","@id":"https:\/\/fuentesfidedignas.com.mx\/#\/schema\/person\/331be9283d37198e2acd5750279085b0"},"headline":"Inauguran vuelo Cd. Ju\u00e1rez- Mazatl\u00e1n; operar\u00e1 tres veces a la semana","datePublished":"2023-07-04T03:15:27+00:00","dateModified":"2023-07-04T14:20:25+00:00","mainEntityOfPage":{"@id":"https:\/\/fuentesfidedignas.com.mx\/index.php\/2023\/07\/03\/inauguran-vuelo-cd-juarez-mazatlan-operara-3-veces-a-la-semana\/"},"wordCount":605,"commentCount":0,"publisher":{"@id":"https:\/\/fuentesfidedignas.com.mx\/#organization"},"image":{"@id":"https:\/\/fuentesfidedignas.com.mx\/index.php\/2023\/07\/03\/inauguran-vuelo-cd-juarez-mazatlan-operara-3-veces-a-la-semana\/#primaryimage"},"thumbnailUrl":"https:\/\/fuentesfidedignas.com.mx\/wp-content\/uploads\/2023\/07\/IMG-20230703-WA0066.jpg","articleSection":["NOTICIAS LOCALES"],"inLanguage":"es","potentialAction":[{"@type":"CommentAction","name":"Comment","target":["https:\/\/fuentesfidedignas.com.mx\/index.php\/2023\/07\/03\/inauguran-vuelo-cd-juarez-mazatlan-operara-3-veces-a-la-semana\/#respond"]}]},{"@type":"WebPage","@id":"https:\/\/fuentesfidedignas.com.mx\/index.php\/2023\/07\/03\/inauguran-vuelo-cd-juarez-mazatlan-operara-3-veces-a-la-semana\/","url":"https:\/\/fuentesfidedignas.com.mx\/index.php\/2023\/07\/03\/inauguran-vuelo-cd-juarez-mazatlan-operara-3-veces-a-la-semana\/","name":"Inauguran vuelo Cd. Ju\u00e1rez- Mazatl\u00e1n; operar\u00e1 tres veces a la semana - Fuentes Fidedignas","isPartOf":{"@id":"https:\/\/fuentesfidedignas.com.mx\/#website"},"primaryImageOfPage":{"@id":"https:\/\/fuentesfidedignas.com.mx\/index.php\/2023\/07\/03\/inauguran-vuelo-cd-juarez-mazatlan-operara-3-veces-a-la-semana\/#primaryimage"},"image":{"@id":"https:\/\/fuentesfidedignas.com.mx\/index.php\/2023\/07\/03\/inauguran-vuelo-cd-juarez-mazatlan-operara-3-veces-a-la-semana\/#primaryimage"},"thumbnailUrl":"https:\/\/fuentesfidedignas.com.mx\/wp-content\/uploads\/2023\/07\/IMG-20230703-WA0066.jpg","datePublished":"2023-07-04T03:15:27+00:00","dateModified":"2023-07-04T14:20:25+00:00","breadcrumb":{"@id":"https:\/\/fuentesfidedignas.com.mx\/index.php\/2023\/07\/03\/inauguran-vuelo-cd-juarez-mazatlan-operara-3-veces-a-la-semana\/#breadcrumb"},"inLanguage":"es","potentialAction":[{"@type":"ReadAction","target":["https:\/\/fuentesfidedignas.com.mx\/index.php\/2023\/07\/03\/inauguran-vuelo-cd-juarez-mazatlan-operara-3-veces-a-la-semana\/"]}]},{"@type":"ImageObject","inLanguage":"es","@id":"https:\/\/fuentesfidedignas.com.mx\/index.php\/2023\/07\/03\/inauguran-vuelo-cd-juarez-mazatlan-operara-3-veces-a-la-semana\/#primaryimage","url":"https:\/\/fuentesfidedignas.com.mx\/wp-content\/uploads\/2023\/07\/IMG-20230703-WA0066.jpg","contentUrl":"https:\/\/fuentesfidedignas.com.mx\/wp-content\/uploads\/2023\/07\/IMG-20230703-WA0066.jpg","width":640,"height":426},{"@type":"BreadcrumbList","@id":"https:\/\/fuentesfidedignas.com.mx\/index.php\/2023\/07\/03\/inauguran-vuelo-cd-juarez-mazatlan-operara-3-veces-a-la-semana\/#breadcrumb","itemListElement":[{"@type":"ListItem","position":1,"name":"Inicio","item":"https:\/\/fuentesfidedignas.com.mx\/"},{"@type":"ListItem","position":2,"name":"Inauguran vuelo Cd. Ju\u00e1rez- Mazatl\u00e1n; operar\u00e1 tres veces a la semana"}]},{"@type":"WebSite","@id":"https:\/\/fuentesfidedignas.com.mx\/#website","url":"https:\/\/fuentesfidedignas.com.mx\/","name":"Fuentes Fidedignas","description":"Otro sitio realizado con WordPress","publisher":{"@id":"https:\/\/fuentesfidedignas.com.mx\/#organization"},"potentialAction":[{"@type":"SearchAction","target":{"@type":"EntryPoint","urlTemplate":"https:\/\/fuentesfidedignas.com.mx\/?s={search_term_string}"},"query-input":{"@type":"PropertyValueSpecification","valueRequired":true,"valueName":"search_term_string"}}],"inLanguage":"es"},{"@type":"Organization","@id":"https:\/\/fuentesfidedignas.com.mx\/#organization","name":"Fuentes Fidedignas","url":"https:\/\/fuentesfidedignas.com.mx\/","logo":{"@type":"ImageObject","inLanguage":"es","@id":"https:\/\/fuentesfidedignas.com.mx\/#\/schema\/logo\/image\/","url":"https:\/\/fuentesfidedignas.com.mx\/wp-content\/uploads\/2021\/04\/logo-retina.png","contentUrl":"https:\/\/fuentesfidedignas.com.mx\/wp-content\/uploads\/2021\/04\/logo-retina.png","width":280,"height":51,"caption":"Fuentes Fidedignas"},"image":{"@id":"https:\/\/fuentesfidedignas.com.mx\/#\/schema\/logo\/image\/"},"sameAs":["https:\/\/www.facebook.com\/Fuentes-Fidedignas-368234489921644","https:\/\/x.com\/fidedignas"]},{"@type":"Person","@id":"https:\/\/fuentesfidedignas.com.mx\/#\/schema\/person\/331be9283d37198e2acd5750279085b0","name":"Redacci\u00f3n","image":{"@type":"ImageObject","inLanguage":"es","@id":"https:\/\/secure.gravatar.com\/avatar\/f6d8782c11d12b2d4ad3fbb6931aeab5309937a4d6cd2fc9cfaa28a6396a5aec?s=96&d=mm&r=g","url":"https:\/\/secure.gravatar.com\/avatar\/f6d8782c11d12b2d4ad3fbb6931aeab5309937a4d6cd2fc9cfaa28a6396a5aec?s=96&d=mm&r=g","contentUrl":"https:\/\/secure.gravatar.com\/avatar\/f6d8782c11d12b2d4ad3fbb6931aeab5309937a4d6cd2fc9cfaa28a6396a5aec?s=96&d=mm&r=g","caption":"Redacci\u00f3n"},"url":"https:\/\/fuentesfidedignas.com.mx\/index.php\/author\/redaccion\/"}]}},"_links":{"self":[{"href":"https:\/\/fuentesfidedignas.com.mx\/index.php\/wp-json\/wp\/v2\/posts\/51821","targetHints":{"allow":["GET"]}}],"collection":[{"href":"https:\/\/fuentesfidedignas.com.mx\/index.php\/wp-json\/wp\/v2\/posts"}],"about":[{"href":"https:\/\/fuentesfidedignas.com.mx\/index.php\/wp-json\/wp\/v2\/types\/post"}],"author":[{"embeddable":true,"href":"https:\/\/fuentesfidedignas.com.mx\/index.php\/wp-json\/wp\/v2\/users\/4"}],"replies":[{"embeddable":true,"href":"https:\/\/fuentesfidedignas.com.mx\/index.php\/wp-json\/wp\/v2\/comments?post=51821"}],"version-history":[{"count":4,"href":"https:\/\/fuentesfidedignas.com.mx\/index.php\/wp-json\/wp\/v2\/posts\/51821\/revisions"}],"predecessor-version":[{"id":51842,"href":"https:\/\/fuentesfidedignas.com.mx\/index.php\/wp-json\/wp\/v2\/posts\/51821\/revisions\/51842"}],"wp:featuredmedia":[{"embeddable":true,"href":"https:\/\/fuentesfidedignas.com.mx\/index.php\/wp-json\/wp\/v2\/media\/51823"}],"wp:attachment":[{"href":"https:\/\/fuentesfidedignas.com.mx\/index.php\/wp-json\/wp\/v2\/media?parent=51821"}],"wp:term":[{"taxonomy":"category","embeddable":true,"href":"https:\/\/fuentesfidedignas.com.mx\/index.php\/wp-json\/wp\/v2\/categories?post=51821"},{"taxonomy":"post_tag","embeddable":true,"href":"https:\/\/fuentesfidedignas.com.mx\/index.php\/wp-json\/wp\/v2\/tags?post=51821"}],"curies":[{"name":"wp","href":"https:\/\/api.w.org\/{rel}","templated":true}]}}