{"id":51779,"date":"2023-07-03T15:18:49","date_gmt":"2023-07-03T22:18:49","guid":{"rendered":"https:\/\/fuentesfidedignas.com.mx\/?p=51779"},"modified":"2023-07-03T15:22:51","modified_gmt":"2023-07-03T22:22:51","slug":"pas-esta-abierto-a-cualquier-alianza-pero-tambien-tenemos-con-que-ir-solos-cuen-ojeda","status":"publish","type":"post","link":"https:\/\/fuentesfidedignas.com.mx\/index.php\/2023\/07\/03\/pas-esta-abierto-a-cualquier-alianza-pero-tambien-tenemos-con-que-ir-solos-cuen-ojeda\/","title":{"rendered":"El PAS est\u00e1 abierto a cualquier alianza, pero tambi\u00e9n tenemos con qu\u00e9 ir solos: Cu\u00e9n Ojeda"},"content":{"rendered":"\n<p><em><strong>El trabajo del Partido Sinaloense siempre se ve reflejado en las urnas, con m\u00e1s de 164 mil afiliados, queda demostrada la confianza de los sinaloenses en el partido<\/strong><\/em><\/p>\n\n\n\n<p>Culiac\u00e1n, Sin.- El Dirigente Estatal del Partido Sinaloense, H\u00e9ctor Melesio Cu\u00e9n Ojeda, inform\u00f3 que seguir\u00e1n trabajando rumbo al 2024, esto al dar a conocer que ya son m\u00e1s de cien mil las consultas del Programa M\u00e9dico en l\u00ednea que se han ofrecido de manera gratuita a la ciudadan\u00eda.<\/p>\n\n\n\n<p>Entre otras de las acciones que se llevan a cabo dentro del partido Sinaloense, son las asesor\u00edas jur\u00eddicas, las cuales han tra\u00eddo certidumbre a miles de personas que por falta de recursos no han tenido la manera de contratar abogado para la consulta de problemas legales, los cuales actualmente se ofrecen de manera gratuita por medio del Programa de Asesor\u00edas Jur\u00eddicas.<\/p>\n\n\n\n<p><em>\u201cNosotros tenemos 164 700 afiliados, lo que se refleja en que este proyecto cada d\u00eda se consolida m\u00e1s, independientemente de lo que est\u00e9 pasando, es por ello el que el impact\u00f3 que se tuvo en el \u00faltimo proceso electoral donde nosotros ganamos la gubernatura del estado de Sinaloa, y esto se debe precisamente a esa alianza\u201d,<\/em> asegur\u00f3 el l\u00edder del partido.<\/p>\n\n\n\n<p>Cu\u00e9n Ojeda, inform\u00f3 que actualmente ya arrancaron las Jornadas casa por casa, en la zona norte, centro y sur del estado, donde se busca conocer de primera mano las necesidades de los hogares sinaloenses, para de este modo seguir promoviendo iniciativas que le brinden a la ciudadan\u00eda los resultados que en verdad esperan.<\/p>\n\n\n\n<p><em>\u201cYa estamos trabajando casa por casa, nosotros sabemos que hay m\u00e1s de ochocientos mil hogares casi los 900 mil, y la idea es visitar en la medida de lo posible la mayor parte de las familias sinaloenses\u201d,<\/em> asegur\u00f3 el dirigente.<\/p>\n\n\n\n<p>As\u00ed mismo, aprovech\u00f3 la oportunidad para hacer una atenta invitaci\u00f3n a poblaci\u00f3n sinaloense a participar en la Marcha Silenciosa de La paz y la Concordia, que se llevar\u00e1 a cabo este pr\u00f3ximo s\u00e1bado 08 de julio, partiendo de La Lomita, la cual tiene como finalidad, exigir a las autoridades se trabaje en mejorar las condiciones de seguridad que actualmente se viven en el estado.<\/p>\n","protected":false},"excerpt":{"rendered":"<p>El trabajo del Partido Sinaloense siempre se ve reflejado en las urnas, con m\u00e1s de 164 mil afiliados, queda demostrada la confianza de los sinaloenses en el partido Culiac\u00e1n, Sin.- El Dirigente Estatal del Partido Sinaloense, H\u00e9ctor Melesio Cu\u00e9n Ojeda, inform\u00f3 que seguir\u00e1n trabajando rumbo al 2024, esto al dar a conocer que ya son [&hellip;]<\/p>\n","protected":false},"author":4,"featured_media":51776,"comment_status":"open","ping_status":"open","sticky":false,"template":"","format":"standard","meta":{"tdm_status":"","tdm_grid_status":"","footnotes":""},"categories":[38,1],"tags":[],"class_list":{"0":"post-51779","1":"post","2":"type-post","3":"status-publish","4":"format-standard","5":"has-post-thumbnail","7":"category-noticias-locales","8":"category-sin-categoria"},"yoast_head":"<!-- This site is optimized with the Yoast SEO plugin v27.4 - https:\/\/yoast.com\/product\/yoast-seo-wordpress\/ -->\n<title>El PAS est\u00e1 abierto a cualquier alianza, pero tambi\u00e9n tenemos con qu\u00e9 ir solos: Cu\u00e9n Ojeda - Fuentes Fidedignas<\/title>\n<meta name=\"robots\" content=\"index, follow, max-snippet:-1, max-image-preview:large, max-video-preview:-1\" \/>\n<link rel=\"canonical\" href=\"https:\/\/fuentesfidedignas.com.mx\/index.php\/2023\/07\/03\/pas-esta-abierto-a-cualquier-alianza-pero-tambien-tenemos-con-que-ir-solos-cuen-ojeda\/\" \/>\n<meta property=\"og:locale\" content=\"es_MX\" \/>\n<meta property=\"og:type\" content=\"article\" \/>\n<meta property=\"og:title\" content=\"El PAS est\u00e1 abierto a cualquier alianza, pero tambi\u00e9n tenemos con qu\u00e9 ir solos: Cu\u00e9n Ojeda - Fuentes Fidedignas\" \/>\n<meta property=\"og:description\" content=\"El trabajo del Partido Sinaloense siempre se ve reflejado en las urnas, con m\u00e1s de 164 mil afiliados, queda demostrada la confianza de los sinaloenses en el partido Culiac\u00e1n, Sin.- El Dirigente Estatal del Partido Sinaloense, H\u00e9ctor Melesio Cu\u00e9n Ojeda, inform\u00f3 que seguir\u00e1n trabajando rumbo al 2024, esto al dar a conocer que ya son [&hellip;]\" \/>\n<meta property=\"og:url\" content=\"https:\/\/fuentesfidedignas.com.mx\/index.php\/2023\/07\/03\/pas-esta-abierto-a-cualquier-alianza-pero-tambien-tenemos-con-que-ir-solos-cuen-ojeda\/\" \/>\n<meta property=\"og:site_name\" content=\"Fuentes Fidedignas\" \/>\n<meta property=\"article:publisher\" content=\"https:\/\/www.facebook.com\/Fuentes-Fidedignas-368234489921644\" \/>\n<meta property=\"article:published_time\" content=\"2023-07-03T22:18:49+00:00\" \/>\n<meta property=\"article:modified_time\" content=\"2023-07-03T22:22:51+00:00\" \/>\n<meta property=\"og:image\" content=\"https:\/\/fuentesfidedignas.com.mx\/wp-content\/uploads\/2023\/07\/IMG-20230703-WA0044.jpg\" \/>\n\t<meta property=\"og:image:width\" content=\"591\" \/>\n\t<meta property=\"og:image:height\" content=\"443\" \/>\n\t<meta property=\"og:image:type\" content=\"image\/jpeg\" \/>\n<meta name=\"author\" content=\"Redacci\u00f3n\" \/>\n<meta name=\"twitter:card\" content=\"summary_large_image\" \/>\n<meta name=\"twitter:creator\" content=\"@fidedignas\" \/>\n<meta name=\"twitter:site\" content=\"@fidedignas\" \/>\n<meta name=\"twitter:label1\" content=\"Escrito por\" \/>\n\t<meta name=\"twitter:data1\" content=\"Redacci\u00f3n\" \/>\n\t<meta name=\"twitter:label2\" content=\"Tiempo de lectura\" \/>\n\t<meta name=\"twitter:data2\" content=\"2 minutos\" \/>\n<script type=\"application\/ld+json\" class=\"yoast-schema-graph\">{\"@context\":\"https:\\\/\\\/schema.org\",\"@graph\":[{\"@type\":\"Article\",\"@id\":\"https:\\\/\\\/fuentesfidedignas.com.mx\\\/index.php\\\/2023\\\/07\\\/03\\\/pas-esta-abierto-a-cualquier-alianza-pero-tambien-tenemos-con-que-ir-solos-cuen-ojeda\\\/#article\",\"isPartOf\":{\"@id\":\"https:\\\/\\\/fuentesfidedignas.com.mx\\\/index.php\\\/2023\\\/07\\\/03\\\/pas-esta-abierto-a-cualquier-alianza-pero-tambien-tenemos-con-que-ir-solos-cuen-ojeda\\\/\"},\"author\":{\"name\":\"Redacci\u00f3n\",\"@id\":\"https:\\\/\\\/fuentesfidedignas.com.mx\\\/#\\\/schema\\\/person\\\/331be9283d37198e2acd5750279085b0\"},\"headline\":\"El PAS est\u00e1 abierto a cualquier alianza, pero tambi\u00e9n tenemos con qu\u00e9 ir solos: Cu\u00e9n Ojeda\",\"datePublished\":\"2023-07-03T22:18:49+00:00\",\"dateModified\":\"2023-07-03T22:22:51+00:00\",\"mainEntityOfPage\":{\"@id\":\"https:\\\/\\\/fuentesfidedignas.com.mx\\\/index.php\\\/2023\\\/07\\\/03\\\/pas-esta-abierto-a-cualquier-alianza-pero-tambien-tenemos-con-que-ir-solos-cuen-ojeda\\\/\"},\"wordCount\":392,\"commentCount\":0,\"publisher\":{\"@id\":\"https:\\\/\\\/fuentesfidedignas.com.mx\\\/#organization\"},\"image\":{\"@id\":\"https:\\\/\\\/fuentesfidedignas.com.mx\\\/index.php\\\/2023\\\/07\\\/03\\\/pas-esta-abierto-a-cualquier-alianza-pero-tambien-tenemos-con-que-ir-solos-cuen-ojeda\\\/#primaryimage\"},\"thumbnailUrl\":\"https:\\\/\\\/fuentesfidedignas.com.mx\\\/wp-content\\\/uploads\\\/2023\\\/07\\\/IMG-20230703-WA0044.jpg\",\"articleSection\":[\"NOTICIAS LOCALES\"],\"inLanguage\":\"es\",\"potentialAction\":[{\"@type\":\"CommentAction\",\"name\":\"Comment\",\"target\":[\"https:\\\/\\\/fuentesfidedignas.com.mx\\\/index.php\\\/2023\\\/07\\\/03\\\/pas-esta-abierto-a-cualquier-alianza-pero-tambien-tenemos-con-que-ir-solos-cuen-ojeda\\\/#respond\"]}]},{\"@type\":\"WebPage\",\"@id\":\"https:\\\/\\\/fuentesfidedignas.com.mx\\\/index.php\\\/2023\\\/07\\\/03\\\/pas-esta-abierto-a-cualquier-alianza-pero-tambien-tenemos-con-que-ir-solos-cuen-ojeda\\\/\",\"url\":\"https:\\\/\\\/fuentesfidedignas.com.mx\\\/index.php\\\/2023\\\/07\\\/03\\\/pas-esta-abierto-a-cualquier-alianza-pero-tambien-tenemos-con-que-ir-solos-cuen-ojeda\\\/\",\"name\":\"El PAS est\u00e1 abierto a cualquier alianza, pero tambi\u00e9n tenemos con qu\u00e9 ir solos: Cu\u00e9n Ojeda - Fuentes Fidedignas\",\"isPartOf\":{\"@id\":\"https:\\\/\\\/fuentesfidedignas.com.mx\\\/#website\"},\"primaryImageOfPage\":{\"@id\":\"https:\\\/\\\/fuentesfidedignas.com.mx\\\/index.php\\\/2023\\\/07\\\/03\\\/pas-esta-abierto-a-cualquier-alianza-pero-tambien-tenemos-con-que-ir-solos-cuen-ojeda\\\/#primaryimage\"},\"image\":{\"@id\":\"https:\\\/\\\/fuentesfidedignas.com.mx\\\/index.php\\\/2023\\\/07\\\/03\\\/pas-esta-abierto-a-cualquier-alianza-pero-tambien-tenemos-con-que-ir-solos-cuen-ojeda\\\/#primaryimage\"},\"thumbnailUrl\":\"https:\\\/\\\/fuentesfidedignas.com.mx\\\/wp-content\\\/uploads\\\/2023\\\/07\\\/IMG-20230703-WA0044.jpg\",\"datePublished\":\"2023-07-03T22:18:49+00:00\",\"dateModified\":\"2023-07-03T22:22:51+00:00\",\"breadcrumb\":{\"@id\":\"https:\\\/\\\/fuentesfidedignas.com.mx\\\/index.php\\\/2023\\\/07\\\/03\\\/pas-esta-abierto-a-cualquier-alianza-pero-tambien-tenemos-con-que-ir-solos-cuen-ojeda\\\/#breadcrumb\"},\"inLanguage\":\"es\",\"potentialAction\":[{\"@type\":\"ReadAction\",\"target\":[\"https:\\\/\\\/fuentesfidedignas.com.mx\\\/index.php\\\/2023\\\/07\\\/03\\\/pas-esta-abierto-a-cualquier-alianza-pero-tambien-tenemos-con-que-ir-solos-cuen-ojeda\\\/\"]}]},{\"@type\":\"ImageObject\",\"inLanguage\":\"es\",\"@id\":\"https:\\\/\\\/fuentesfidedignas.com.mx\\\/index.php\\\/2023\\\/07\\\/03\\\/pas-esta-abierto-a-cualquier-alianza-pero-tambien-tenemos-con-que-ir-solos-cuen-ojeda\\\/#primaryimage\",\"url\":\"https:\\\/\\\/fuentesfidedignas.com.mx\\\/wp-content\\\/uploads\\\/2023\\\/07\\\/IMG-20230703-WA0044.jpg\",\"contentUrl\":\"https:\\\/\\\/fuentesfidedignas.com.mx\\\/wp-content\\\/uploads\\\/2023\\\/07\\\/IMG-20230703-WA0044.jpg\",\"width\":591,\"height\":443},{\"@type\":\"BreadcrumbList\",\"@id\":\"https:\\\/\\\/fuentesfidedignas.com.mx\\\/index.php\\\/2023\\\/07\\\/03\\\/pas-esta-abierto-a-cualquier-alianza-pero-tambien-tenemos-con-que-ir-solos-cuen-ojeda\\\/#breadcrumb\",\"itemListElement\":[{\"@type\":\"ListItem\",\"position\":1,\"name\":\"Inicio\",\"item\":\"https:\\\/\\\/fuentesfidedignas.com.mx\\\/\"},{\"@type\":\"ListItem\",\"position\":2,\"name\":\"El PAS est\u00e1 abierto a cualquier alianza, pero tambi\u00e9n tenemos con qu\u00e9 ir solos: Cu\u00e9n Ojeda\"}]},{\"@type\":\"WebSite\",\"@id\":\"https:\\\/\\\/fuentesfidedignas.com.mx\\\/#website\",\"url\":\"https:\\\/\\\/fuentesfidedignas.com.mx\\\/\",\"name\":\"Fuentes Fidedignas\",\"description\":\"Otro sitio realizado con WordPress\",\"publisher\":{\"@id\":\"https:\\\/\\\/fuentesfidedignas.com.mx\\\/#organization\"},\"potentialAction\":[{\"@type\":\"SearchAction\",\"target\":{\"@type\":\"EntryPoint\",\"urlTemplate\":\"https:\\\/\\\/fuentesfidedignas.com.mx\\\/?s={search_term_string}\"},\"query-input\":{\"@type\":\"PropertyValueSpecification\",\"valueRequired\":true,\"valueName\":\"search_term_string\"}}],\"inLanguage\":\"es\"},{\"@type\":\"Organization\",\"@id\":\"https:\\\/\\\/fuentesfidedignas.com.mx\\\/#organization\",\"name\":\"Fuentes Fidedignas\",\"url\":\"https:\\\/\\\/fuentesfidedignas.com.mx\\\/\",\"logo\":{\"@type\":\"ImageObject\",\"inLanguage\":\"es\",\"@id\":\"https:\\\/\\\/fuentesfidedignas.com.mx\\\/#\\\/schema\\\/logo\\\/image\\\/\",\"url\":\"https:\\\/\\\/fuentesfidedignas.com.mx\\\/wp-content\\\/uploads\\\/2021\\\/04\\\/logo-retina.png\",\"contentUrl\":\"https:\\\/\\\/fuentesfidedignas.com.mx\\\/wp-content\\\/uploads\\\/2021\\\/04\\\/logo-retina.png\",\"width\":280,\"height\":51,\"caption\":\"Fuentes Fidedignas\"},\"image\":{\"@id\":\"https:\\\/\\\/fuentesfidedignas.com.mx\\\/#\\\/schema\\\/logo\\\/image\\\/\"},\"sameAs\":[\"https:\\\/\\\/www.facebook.com\\\/Fuentes-Fidedignas-368234489921644\",\"https:\\\/\\\/x.com\\\/fidedignas\"]},{\"@type\":\"Person\",\"@id\":\"https:\\\/\\\/fuentesfidedignas.com.mx\\\/#\\\/schema\\\/person\\\/331be9283d37198e2acd5750279085b0\",\"name\":\"Redacci\u00f3n\",\"image\":{\"@type\":\"ImageObject\",\"inLanguage\":\"es\",\"@id\":\"https:\\\/\\\/secure.gravatar.com\\\/avatar\\\/f6d8782c11d12b2d4ad3fbb6931aeab5309937a4d6cd2fc9cfaa28a6396a5aec?s=96&d=mm&r=g\",\"url\":\"https:\\\/\\\/secure.gravatar.com\\\/avatar\\\/f6d8782c11d12b2d4ad3fbb6931aeab5309937a4d6cd2fc9cfaa28a6396a5aec?s=96&d=mm&r=g\",\"contentUrl\":\"https:\\\/\\\/secure.gravatar.com\\\/avatar\\\/f6d8782c11d12b2d4ad3fbb6931aeab5309937a4d6cd2fc9cfaa28a6396a5aec?s=96&d=mm&r=g\",\"caption\":\"Redacci\u00f3n\"},\"url\":\"https:\\\/\\\/fuentesfidedignas.com.mx\\\/index.php\\\/author\\\/redaccion\\\/\"}]}<\/script>\n<!-- \/ Yoast SEO plugin. -->","yoast_head_json":{"title":"El PAS est\u00e1 abierto a cualquier alianza, pero tambi\u00e9n tenemos con qu\u00e9 ir solos: Cu\u00e9n Ojeda - Fuentes Fidedignas","robots":{"index":"index","follow":"follow","max-snippet":"max-snippet:-1","max-image-preview":"max-image-preview:large","max-video-preview":"max-video-preview:-1"},"canonical":"https:\/\/fuentesfidedignas.com.mx\/index.php\/2023\/07\/03\/pas-esta-abierto-a-cualquier-alianza-pero-tambien-tenemos-con-que-ir-solos-cuen-ojeda\/","og_locale":"es_MX","og_type":"article","og_title":"El PAS est\u00e1 abierto a cualquier alianza, pero tambi\u00e9n tenemos con qu\u00e9 ir solos: Cu\u00e9n Ojeda - Fuentes Fidedignas","og_description":"El trabajo del Partido Sinaloense siempre se ve reflejado en las urnas, con m\u00e1s de 164 mil afiliados, queda demostrada la confianza de los sinaloenses en el partido Culiac\u00e1n, Sin.- El Dirigente Estatal del Partido Sinaloense, H\u00e9ctor Melesio Cu\u00e9n Ojeda, inform\u00f3 que seguir\u00e1n trabajando rumbo al 2024, esto al dar a conocer que ya son [&hellip;]","og_url":"https:\/\/fuentesfidedignas.com.mx\/index.php\/2023\/07\/03\/pas-esta-abierto-a-cualquier-alianza-pero-tambien-tenemos-con-que-ir-solos-cuen-ojeda\/","og_site_name":"Fuentes Fidedignas","article_publisher":"https:\/\/www.facebook.com\/Fuentes-Fidedignas-368234489921644","article_published_time":"2023-07-03T22:18:49+00:00","article_modified_time":"2023-07-03T22:22:51+00:00","og_image":[{"width":591,"height":443,"url":"https:\/\/fuentesfidedignas.com.mx\/wp-content\/uploads\/2023\/07\/IMG-20230703-WA0044.jpg","type":"image\/jpeg"}],"author":"Redacci\u00f3n","twitter_card":"summary_large_image","twitter_creator":"@fidedignas","twitter_site":"@fidedignas","twitter_misc":{"Escrito por":"Redacci\u00f3n","Tiempo de lectura":"2 minutos"},"schema":{"@context":"https:\/\/schema.org","@graph":[{"@type":"Article","@id":"https:\/\/fuentesfidedignas.com.mx\/index.php\/2023\/07\/03\/pas-esta-abierto-a-cualquier-alianza-pero-tambien-tenemos-con-que-ir-solos-cuen-ojeda\/#article","isPartOf":{"@id":"https:\/\/fuentesfidedignas.com.mx\/index.php\/2023\/07\/03\/pas-esta-abierto-a-cualquier-alianza-pero-tambien-tenemos-con-que-ir-solos-cuen-ojeda\/"},"author":{"name":"Redacci\u00f3n","@id":"https:\/\/fuentesfidedignas.com.mx\/#\/schema\/person\/331be9283d37198e2acd5750279085b0"},"headline":"El PAS est\u00e1 abierto a cualquier alianza, pero tambi\u00e9n tenemos con qu\u00e9 ir solos: Cu\u00e9n Ojeda","datePublished":"2023-07-03T22:18:49+00:00","dateModified":"2023-07-03T22:22:51+00:00","mainEntityOfPage":{"@id":"https:\/\/fuentesfidedignas.com.mx\/index.php\/2023\/07\/03\/pas-esta-abierto-a-cualquier-alianza-pero-tambien-tenemos-con-que-ir-solos-cuen-ojeda\/"},"wordCount":392,"commentCount":0,"publisher":{"@id":"https:\/\/fuentesfidedignas.com.mx\/#organization"},"image":{"@id":"https:\/\/fuentesfidedignas.com.mx\/index.php\/2023\/07\/03\/pas-esta-abierto-a-cualquier-alianza-pero-tambien-tenemos-con-que-ir-solos-cuen-ojeda\/#primaryimage"},"thumbnailUrl":"https:\/\/fuentesfidedignas.com.mx\/wp-content\/uploads\/2023\/07\/IMG-20230703-WA0044.jpg","articleSection":["NOTICIAS LOCALES"],"inLanguage":"es","potentialAction":[{"@type":"CommentAction","name":"Comment","target":["https:\/\/fuentesfidedignas.com.mx\/index.php\/2023\/07\/03\/pas-esta-abierto-a-cualquier-alianza-pero-tambien-tenemos-con-que-ir-solos-cuen-ojeda\/#respond"]}]},{"@type":"WebPage","@id":"https:\/\/fuentesfidedignas.com.mx\/index.php\/2023\/07\/03\/pas-esta-abierto-a-cualquier-alianza-pero-tambien-tenemos-con-que-ir-solos-cuen-ojeda\/","url":"https:\/\/fuentesfidedignas.com.mx\/index.php\/2023\/07\/03\/pas-esta-abierto-a-cualquier-alianza-pero-tambien-tenemos-con-que-ir-solos-cuen-ojeda\/","name":"El PAS est\u00e1 abierto a cualquier alianza, pero tambi\u00e9n tenemos con qu\u00e9 ir solos: Cu\u00e9n Ojeda - Fuentes Fidedignas","isPartOf":{"@id":"https:\/\/fuentesfidedignas.com.mx\/#website"},"primaryImageOfPage":{"@id":"https:\/\/fuentesfidedignas.com.mx\/index.php\/2023\/07\/03\/pas-esta-abierto-a-cualquier-alianza-pero-tambien-tenemos-con-que-ir-solos-cuen-ojeda\/#primaryimage"},"image":{"@id":"https:\/\/fuentesfidedignas.com.mx\/index.php\/2023\/07\/03\/pas-esta-abierto-a-cualquier-alianza-pero-tambien-tenemos-con-que-ir-solos-cuen-ojeda\/#primaryimage"},"thumbnailUrl":"https:\/\/fuentesfidedignas.com.mx\/wp-content\/uploads\/2023\/07\/IMG-20230703-WA0044.jpg","datePublished":"2023-07-03T22:18:49+00:00","dateModified":"2023-07-03T22:22:51+00:00","breadcrumb":{"@id":"https:\/\/fuentesfidedignas.com.mx\/index.php\/2023\/07\/03\/pas-esta-abierto-a-cualquier-alianza-pero-tambien-tenemos-con-que-ir-solos-cuen-ojeda\/#breadcrumb"},"inLanguage":"es","potentialAction":[{"@type":"ReadAction","target":["https:\/\/fuentesfidedignas.com.mx\/index.php\/2023\/07\/03\/pas-esta-abierto-a-cualquier-alianza-pero-tambien-tenemos-con-que-ir-solos-cuen-ojeda\/"]}]},{"@type":"ImageObject","inLanguage":"es","@id":"https:\/\/fuentesfidedignas.com.mx\/index.php\/2023\/07\/03\/pas-esta-abierto-a-cualquier-alianza-pero-tambien-tenemos-con-que-ir-solos-cuen-ojeda\/#primaryimage","url":"https:\/\/fuentesfidedignas.com.mx\/wp-content\/uploads\/2023\/07\/IMG-20230703-WA0044.jpg","contentUrl":"https:\/\/fuentesfidedignas.com.mx\/wp-content\/uploads\/2023\/07\/IMG-20230703-WA0044.jpg","width":591,"height":443},{"@type":"BreadcrumbList","@id":"https:\/\/fuentesfidedignas.com.mx\/index.php\/2023\/07\/03\/pas-esta-abierto-a-cualquier-alianza-pero-tambien-tenemos-con-que-ir-solos-cuen-ojeda\/#breadcrumb","itemListElement":[{"@type":"ListItem","position":1,"name":"Inicio","item":"https:\/\/fuentesfidedignas.com.mx\/"},{"@type":"ListItem","position":2,"name":"El PAS est\u00e1 abierto a cualquier alianza, pero tambi\u00e9n tenemos con qu\u00e9 ir solos: Cu\u00e9n Ojeda"}]},{"@type":"WebSite","@id":"https:\/\/fuentesfidedignas.com.mx\/#website","url":"https:\/\/fuentesfidedignas.com.mx\/","name":"Fuentes Fidedignas","description":"Otro sitio realizado con WordPress","publisher":{"@id":"https:\/\/fuentesfidedignas.com.mx\/#organization"},"potentialAction":[{"@type":"SearchAction","target":{"@type":"EntryPoint","urlTemplate":"https:\/\/fuentesfidedignas.com.mx\/?s={search_term_string}"},"query-input":{"@type":"PropertyValueSpecification","valueRequired":true,"valueName":"search_term_string"}}],"inLanguage":"es"},{"@type":"Organization","@id":"https:\/\/fuentesfidedignas.com.mx\/#organization","name":"Fuentes Fidedignas","url":"https:\/\/fuentesfidedignas.com.mx\/","logo":{"@type":"ImageObject","inLanguage":"es","@id":"https:\/\/fuentesfidedignas.com.mx\/#\/schema\/logo\/image\/","url":"https:\/\/fuentesfidedignas.com.mx\/wp-content\/uploads\/2021\/04\/logo-retina.png","contentUrl":"https:\/\/fuentesfidedignas.com.mx\/wp-content\/uploads\/2021\/04\/logo-retina.png","width":280,"height":51,"caption":"Fuentes Fidedignas"},"image":{"@id":"https:\/\/fuentesfidedignas.com.mx\/#\/schema\/logo\/image\/"},"sameAs":["https:\/\/www.facebook.com\/Fuentes-Fidedignas-368234489921644","https:\/\/x.com\/fidedignas"]},{"@type":"Person","@id":"https:\/\/fuentesfidedignas.com.mx\/#\/schema\/person\/331be9283d37198e2acd5750279085b0","name":"Redacci\u00f3n","image":{"@type":"ImageObject","inLanguage":"es","@id":"https:\/\/secure.gravatar.com\/avatar\/f6d8782c11d12b2d4ad3fbb6931aeab5309937a4d6cd2fc9cfaa28a6396a5aec?s=96&d=mm&r=g","url":"https:\/\/secure.gravatar.com\/avatar\/f6d8782c11d12b2d4ad3fbb6931aeab5309937a4d6cd2fc9cfaa28a6396a5aec?s=96&d=mm&r=g","contentUrl":"https:\/\/secure.gravatar.com\/avatar\/f6d8782c11d12b2d4ad3fbb6931aeab5309937a4d6cd2fc9cfaa28a6396a5aec?s=96&d=mm&r=g","caption":"Redacci\u00f3n"},"url":"https:\/\/fuentesfidedignas.com.mx\/index.php\/author\/redaccion\/"}]}},"_links":{"self":[{"href":"https:\/\/fuentesfidedignas.com.mx\/index.php\/wp-json\/wp\/v2\/posts\/51779","targetHints":{"allow":["GET"]}}],"collection":[{"href":"https:\/\/fuentesfidedignas.com.mx\/index.php\/wp-json\/wp\/v2\/posts"}],"about":[{"href":"https:\/\/fuentesfidedignas.com.mx\/index.php\/wp-json\/wp\/v2\/types\/post"}],"author":[{"embeddable":true,"href":"https:\/\/fuentesfidedignas.com.mx\/index.php\/wp-json\/wp\/v2\/users\/4"}],"replies":[{"embeddable":true,"href":"https:\/\/fuentesfidedignas.com.mx\/index.php\/wp-json\/wp\/v2\/comments?post=51779"}],"version-history":[{"count":1,"href":"https:\/\/fuentesfidedignas.com.mx\/index.php\/wp-json\/wp\/v2\/posts\/51779\/revisions"}],"predecessor-version":[{"id":51780,"href":"https:\/\/fuentesfidedignas.com.mx\/index.php\/wp-json\/wp\/v2\/posts\/51779\/revisions\/51780"}],"wp:featuredmedia":[{"embeddable":true,"href":"https:\/\/fuentesfidedignas.com.mx\/index.php\/wp-json\/wp\/v2\/media\/51776"}],"wp:attachment":[{"href":"https:\/\/fuentesfidedignas.com.mx\/index.php\/wp-json\/wp\/v2\/media?parent=51779"}],"wp:term":[{"taxonomy":"category","embeddable":true,"href":"https:\/\/fuentesfidedignas.com.mx\/index.php\/wp-json\/wp\/v2\/categories?post=51779"},{"taxonomy":"post_tag","embeddable":true,"href":"https:\/\/fuentesfidedignas.com.mx\/index.php\/wp-json\/wp\/v2\/tags?post=51779"}],"curies":[{"name":"wp","href":"https:\/\/api.w.org\/{rel}","templated":true}]}}