{"id":51773,"date":"2023-07-03T11:39:00","date_gmt":"2023-07-03T18:39:00","guid":{"rendered":"https:\/\/fuentesfidedignas.com.mx\/?p=51773"},"modified":"2023-07-04T07:12:47","modified_gmt":"2023-07-04T14:12:47","slug":"7272mantendre-margen-reacciona-cuen-a-proceso-legal-contra-su-hijo-y-la-uas","status":"publish","type":"post","link":"https:\/\/fuentesfidedignas.com.mx\/index.php\/2023\/07\/03\/7272mantendre-margen-reacciona-cuen-a-proceso-legal-contra-su-hijo-y-la-uas\/","title":{"rendered":"Me mantendr\u00e9 al margen, reacciona Cuen a proceso legal contra su hijo y la UAS"},"content":{"rendered":"\n<p><strong><em>Defendi\u00f3 la inocencia de su hijo H\u00e9ctor Melesio Cu\u00e9n D\u00edaz, a quien dijo que recomend\u00f3 solicitar un permiso sin goce de sueldo en la UAS para aclarar su situaci\u00f3n legal<\/em><\/strong><\/p>\n\n\n\n<p>Culiac\u00e1n, Sin.- Me mantengo al margen, pero mi hijo demostrar\u00e1 su inocencia durante el proceso legal que se inici\u00f3 en su contra como funcionario de la Universidad Aut\u00f3noma de Sinaloa, afirm\u00f3 H\u00e9ctor Melesio Cu\u00e9n Ojeda. <\/p>\n\n\n\n<p>En conferencia de prensa, el l\u00edder del Partido Sinaloense dijo que al no estar involucrado, ni mencionado, en dicho caso llevado por la Fiscal\u00eda General del Estado, no puede opinar al respecto. <\/p>\n\n\n\n<p>Asimismo, defendi\u00f3 la inocencia de su hijo H\u00e9ctor Melesio Cu\u00e9n D\u00edaz, a quien dijo que recomend\u00f3 solicitar un permiso sin goce de sueldo en la UAS para aclarar su situaci\u00f3n legal.<\/p>\n\n\n\n<p>El presidente estatal del PAS reiter\u00f3 que desde 2009, no tiene alg\u00fan tipo de relaci\u00f3n laboral con la Casa Rosalina.<\/p>\n\n\n\n<p>Por otro lado, coment\u00f3 que todo el patrimonio con el que el cuenta su familia, es resultado de su trabajo como empresario.<\/p>\n","protected":false},"excerpt":{"rendered":"<p>Defendi\u00f3 la inocencia de su hijo H\u00e9ctor Melesio Cu\u00e9n D\u00edaz, a quien dijo que recomend\u00f3 solicitar un permiso sin goce de sueldo en la UAS para aclarar su situaci\u00f3n legal Culiac\u00e1n, Sin.- Me mantengo al margen, pero mi hijo demostrar\u00e1 su inocencia durante el proceso legal que se inici\u00f3 en su contra como funcionario de [&hellip;]<\/p>\n","protected":false},"author":112,"featured_media":51782,"comment_status":"open","ping_status":"open","sticky":false,"template":"","format":"standard","meta":{"tdm_status":"","tdm_grid_status":"","footnotes":""},"categories":[37,1],"tags":[],"class_list":{"0":"post-51773","1":"post","2":"type-post","3":"status-publish","4":"format-standard","5":"has-post-thumbnail","7":"category-nota-principal","8":"category-sin-categoria"},"yoast_head":"<!-- This site is optimized with the Yoast SEO plugin v27.4 - https:\/\/yoast.com\/product\/yoast-seo-wordpress\/ -->\n<title>Me mantendr\u00e9 al margen, reacciona Cuen a proceso legal contra su hijo y la UAS - Fuentes Fidedignas<\/title>\n<meta name=\"robots\" content=\"index, follow, max-snippet:-1, max-image-preview:large, max-video-preview:-1\" \/>\n<link rel=\"canonical\" href=\"https:\/\/fuentesfidedignas.com.mx\/index.php\/2023\/07\/03\/7272mantendre-margen-reacciona-cuen-a-proceso-legal-contra-su-hijo-y-la-uas\/\" \/>\n<meta property=\"og:locale\" content=\"es_MX\" \/>\n<meta property=\"og:type\" content=\"article\" \/>\n<meta property=\"og:title\" content=\"Me mantendr\u00e9 al margen, reacciona Cuen a proceso legal contra su hijo y la UAS - Fuentes Fidedignas\" \/>\n<meta property=\"og:description\" content=\"Defendi\u00f3 la inocencia de su hijo H\u00e9ctor Melesio Cu\u00e9n D\u00edaz, a quien dijo que recomend\u00f3 solicitar un permiso sin goce de sueldo en la UAS para aclarar su situaci\u00f3n legal Culiac\u00e1n, Sin.- Me mantengo al margen, pero mi hijo demostrar\u00e1 su inocencia durante el proceso legal que se inici\u00f3 en su contra como funcionario de [&hellip;]\" \/>\n<meta property=\"og:url\" content=\"https:\/\/fuentesfidedignas.com.mx\/index.php\/2023\/07\/03\/7272mantendre-margen-reacciona-cuen-a-proceso-legal-contra-su-hijo-y-la-uas\/\" \/>\n<meta property=\"og:site_name\" content=\"Fuentes Fidedignas\" \/>\n<meta property=\"article:publisher\" content=\"https:\/\/www.facebook.com\/Fuentes-Fidedignas-368234489921644\" \/>\n<meta property=\"article:published_time\" content=\"2023-07-03T18:39:00+00:00\" \/>\n<meta property=\"article:modified_time\" content=\"2023-07-04T14:12:47+00:00\" \/>\n<meta property=\"og:image\" content=\"https:\/\/fuentesfidedignas.com.mx\/wp-content\/uploads\/2023\/07\/Screenshot_20230703_112748_Facebook.jpg\" \/>\n\t<meta property=\"og:image:width\" content=\"616\" \/>\n\t<meta property=\"og:image:height\" content=\"361\" \/>\n\t<meta property=\"og:image:type\" content=\"image\/jpeg\" \/>\n<meta name=\"author\" content=\"Leonardo Gutierrez\" \/>\n<meta name=\"twitter:card\" content=\"summary_large_image\" \/>\n<meta name=\"twitter:creator\" content=\"@fidedignas\" \/>\n<meta name=\"twitter:site\" content=\"@fidedignas\" \/>\n<meta name=\"twitter:label1\" content=\"Escrito por\" \/>\n\t<meta name=\"twitter:data1\" content=\"Leonardo Gutierrez\" \/>\n\t<meta name=\"twitter:label2\" content=\"Tiempo de lectura\" \/>\n\t<meta name=\"twitter:data2\" content=\"1 minuto\" \/>\n<script type=\"application\/ld+json\" class=\"yoast-schema-graph\">{\"@context\":\"https:\\\/\\\/schema.org\",\"@graph\":[{\"@type\":\"Article\",\"@id\":\"https:\\\/\\\/fuentesfidedignas.com.mx\\\/index.php\\\/2023\\\/07\\\/03\\\/7272mantendre-margen-reacciona-cuen-a-proceso-legal-contra-su-hijo-y-la-uas\\\/#article\",\"isPartOf\":{\"@id\":\"https:\\\/\\\/fuentesfidedignas.com.mx\\\/index.php\\\/2023\\\/07\\\/03\\\/7272mantendre-margen-reacciona-cuen-a-proceso-legal-contra-su-hijo-y-la-uas\\\/\"},\"author\":{\"name\":\"Leonardo Gutierrez\",\"@id\":\"https:\\\/\\\/fuentesfidedignas.com.mx\\\/#\\\/schema\\\/person\\\/c77df25c00baae1d4fdc0340db6f364c\"},\"headline\":\"Me mantendr\u00e9 al margen, reacciona Cuen a proceso legal contra su hijo y la UAS\",\"datePublished\":\"2023-07-03T18:39:00+00:00\",\"dateModified\":\"2023-07-04T14:12:47+00:00\",\"mainEntityOfPage\":{\"@id\":\"https:\\\/\\\/fuentesfidedignas.com.mx\\\/index.php\\\/2023\\\/07\\\/03\\\/7272mantendre-margen-reacciona-cuen-a-proceso-legal-contra-su-hijo-y-la-uas\\\/\"},\"wordCount\":201,\"commentCount\":0,\"publisher\":{\"@id\":\"https:\\\/\\\/fuentesfidedignas.com.mx\\\/#organization\"},\"image\":{\"@id\":\"https:\\\/\\\/fuentesfidedignas.com.mx\\\/index.php\\\/2023\\\/07\\\/03\\\/7272mantendre-margen-reacciona-cuen-a-proceso-legal-contra-su-hijo-y-la-uas\\\/#primaryimage\"},\"thumbnailUrl\":\"https:\\\/\\\/fuentesfidedignas.com.mx\\\/wp-content\\\/uploads\\\/2023\\\/07\\\/Screenshot_20230703_112748_Facebook.jpg\",\"articleSection\":[\"NOTA PRINCIPAL\"],\"inLanguage\":\"es\",\"potentialAction\":[{\"@type\":\"CommentAction\",\"name\":\"Comment\",\"target\":[\"https:\\\/\\\/fuentesfidedignas.com.mx\\\/index.php\\\/2023\\\/07\\\/03\\\/7272mantendre-margen-reacciona-cuen-a-proceso-legal-contra-su-hijo-y-la-uas\\\/#respond\"]}]},{\"@type\":\"WebPage\",\"@id\":\"https:\\\/\\\/fuentesfidedignas.com.mx\\\/index.php\\\/2023\\\/07\\\/03\\\/7272mantendre-margen-reacciona-cuen-a-proceso-legal-contra-su-hijo-y-la-uas\\\/\",\"url\":\"https:\\\/\\\/fuentesfidedignas.com.mx\\\/index.php\\\/2023\\\/07\\\/03\\\/7272mantendre-margen-reacciona-cuen-a-proceso-legal-contra-su-hijo-y-la-uas\\\/\",\"name\":\"Me mantendr\u00e9 al margen, reacciona Cuen a proceso legal contra su hijo y la UAS - Fuentes Fidedignas\",\"isPartOf\":{\"@id\":\"https:\\\/\\\/fuentesfidedignas.com.mx\\\/#website\"},\"primaryImageOfPage\":{\"@id\":\"https:\\\/\\\/fuentesfidedignas.com.mx\\\/index.php\\\/2023\\\/07\\\/03\\\/7272mantendre-margen-reacciona-cuen-a-proceso-legal-contra-su-hijo-y-la-uas\\\/#primaryimage\"},\"image\":{\"@id\":\"https:\\\/\\\/fuentesfidedignas.com.mx\\\/index.php\\\/2023\\\/07\\\/03\\\/7272mantendre-margen-reacciona-cuen-a-proceso-legal-contra-su-hijo-y-la-uas\\\/#primaryimage\"},\"thumbnailUrl\":\"https:\\\/\\\/fuentesfidedignas.com.mx\\\/wp-content\\\/uploads\\\/2023\\\/07\\\/Screenshot_20230703_112748_Facebook.jpg\",\"datePublished\":\"2023-07-03T18:39:00+00:00\",\"dateModified\":\"2023-07-04T14:12:47+00:00\",\"breadcrumb\":{\"@id\":\"https:\\\/\\\/fuentesfidedignas.com.mx\\\/index.php\\\/2023\\\/07\\\/03\\\/7272mantendre-margen-reacciona-cuen-a-proceso-legal-contra-su-hijo-y-la-uas\\\/#breadcrumb\"},\"inLanguage\":\"es\",\"potentialAction\":[{\"@type\":\"ReadAction\",\"target\":[\"https:\\\/\\\/fuentesfidedignas.com.mx\\\/index.php\\\/2023\\\/07\\\/03\\\/7272mantendre-margen-reacciona-cuen-a-proceso-legal-contra-su-hijo-y-la-uas\\\/\"]}]},{\"@type\":\"ImageObject\",\"inLanguage\":\"es\",\"@id\":\"https:\\\/\\\/fuentesfidedignas.com.mx\\\/index.php\\\/2023\\\/07\\\/03\\\/7272mantendre-margen-reacciona-cuen-a-proceso-legal-contra-su-hijo-y-la-uas\\\/#primaryimage\",\"url\":\"https:\\\/\\\/fuentesfidedignas.com.mx\\\/wp-content\\\/uploads\\\/2023\\\/07\\\/Screenshot_20230703_112748_Facebook.jpg\",\"contentUrl\":\"https:\\\/\\\/fuentesfidedignas.com.mx\\\/wp-content\\\/uploads\\\/2023\\\/07\\\/Screenshot_20230703_112748_Facebook.jpg\",\"width\":616,\"height\":361},{\"@type\":\"BreadcrumbList\",\"@id\":\"https:\\\/\\\/fuentesfidedignas.com.mx\\\/index.php\\\/2023\\\/07\\\/03\\\/7272mantendre-margen-reacciona-cuen-a-proceso-legal-contra-su-hijo-y-la-uas\\\/#breadcrumb\",\"itemListElement\":[{\"@type\":\"ListItem\",\"position\":1,\"name\":\"Inicio\",\"item\":\"https:\\\/\\\/fuentesfidedignas.com.mx\\\/\"},{\"@type\":\"ListItem\",\"position\":2,\"name\":\"Me mantendr\u00e9 al margen, reacciona Cuen a proceso legal contra su hijo y la UAS\"}]},{\"@type\":\"WebSite\",\"@id\":\"https:\\\/\\\/fuentesfidedignas.com.mx\\\/#website\",\"url\":\"https:\\\/\\\/fuentesfidedignas.com.mx\\\/\",\"name\":\"Fuentes Fidedignas\",\"description\":\"Otro sitio realizado con WordPress\",\"publisher\":{\"@id\":\"https:\\\/\\\/fuentesfidedignas.com.mx\\\/#organization\"},\"potentialAction\":[{\"@type\":\"SearchAction\",\"target\":{\"@type\":\"EntryPoint\",\"urlTemplate\":\"https:\\\/\\\/fuentesfidedignas.com.mx\\\/?s={search_term_string}\"},\"query-input\":{\"@type\":\"PropertyValueSpecification\",\"valueRequired\":true,\"valueName\":\"search_term_string\"}}],\"inLanguage\":\"es\"},{\"@type\":\"Organization\",\"@id\":\"https:\\\/\\\/fuentesfidedignas.com.mx\\\/#organization\",\"name\":\"Fuentes Fidedignas\",\"url\":\"https:\\\/\\\/fuentesfidedignas.com.mx\\\/\",\"logo\":{\"@type\":\"ImageObject\",\"inLanguage\":\"es\",\"@id\":\"https:\\\/\\\/fuentesfidedignas.com.mx\\\/#\\\/schema\\\/logo\\\/image\\\/\",\"url\":\"https:\\\/\\\/fuentesfidedignas.com.mx\\\/wp-content\\\/uploads\\\/2021\\\/04\\\/logo-retina.png\",\"contentUrl\":\"https:\\\/\\\/fuentesfidedignas.com.mx\\\/wp-content\\\/uploads\\\/2021\\\/04\\\/logo-retina.png\",\"width\":280,\"height\":51,\"caption\":\"Fuentes Fidedignas\"},\"image\":{\"@id\":\"https:\\\/\\\/fuentesfidedignas.com.mx\\\/#\\\/schema\\\/logo\\\/image\\\/\"},\"sameAs\":[\"https:\\\/\\\/www.facebook.com\\\/Fuentes-Fidedignas-368234489921644\",\"https:\\\/\\\/x.com\\\/fidedignas\"]},{\"@type\":\"Person\",\"@id\":\"https:\\\/\\\/fuentesfidedignas.com.mx\\\/#\\\/schema\\\/person\\\/c77df25c00baae1d4fdc0340db6f364c\",\"name\":\"Leonardo Gutierrez\",\"image\":{\"@type\":\"ImageObject\",\"inLanguage\":\"es\",\"@id\":\"https:\\\/\\\/secure.gravatar.com\\\/avatar\\\/17b13a7a986cc98ca4d7337340bcac5945cbae677961c354aefb3c7962c8cc1f?s=96&d=mm&r=g\",\"url\":\"https:\\\/\\\/secure.gravatar.com\\\/avatar\\\/17b13a7a986cc98ca4d7337340bcac5945cbae677961c354aefb3c7962c8cc1f?s=96&d=mm&r=g\",\"contentUrl\":\"https:\\\/\\\/secure.gravatar.com\\\/avatar\\\/17b13a7a986cc98ca4d7337340bcac5945cbae677961c354aefb3c7962c8cc1f?s=96&d=mm&r=g\",\"caption\":\"Leonardo Gutierrez\"},\"url\":\"https:\\\/\\\/fuentesfidedignas.com.mx\\\/index.php\\\/author\\\/leonardogut\\\/\"}]}<\/script>\n<!-- \/ Yoast SEO plugin. -->","yoast_head_json":{"title":"Me mantendr\u00e9 al margen, reacciona Cuen a proceso legal contra su hijo y la UAS - Fuentes Fidedignas","robots":{"index":"index","follow":"follow","max-snippet":"max-snippet:-1","max-image-preview":"max-image-preview:large","max-video-preview":"max-video-preview:-1"},"canonical":"https:\/\/fuentesfidedignas.com.mx\/index.php\/2023\/07\/03\/7272mantendre-margen-reacciona-cuen-a-proceso-legal-contra-su-hijo-y-la-uas\/","og_locale":"es_MX","og_type":"article","og_title":"Me mantendr\u00e9 al margen, reacciona Cuen a proceso legal contra su hijo y la UAS - Fuentes Fidedignas","og_description":"Defendi\u00f3 la inocencia de su hijo H\u00e9ctor Melesio Cu\u00e9n D\u00edaz, a quien dijo que recomend\u00f3 solicitar un permiso sin goce de sueldo en la UAS para aclarar su situaci\u00f3n legal Culiac\u00e1n, Sin.- Me mantengo al margen, pero mi hijo demostrar\u00e1 su inocencia durante el proceso legal que se inici\u00f3 en su contra como funcionario de [&hellip;]","og_url":"https:\/\/fuentesfidedignas.com.mx\/index.php\/2023\/07\/03\/7272mantendre-margen-reacciona-cuen-a-proceso-legal-contra-su-hijo-y-la-uas\/","og_site_name":"Fuentes Fidedignas","article_publisher":"https:\/\/www.facebook.com\/Fuentes-Fidedignas-368234489921644","article_published_time":"2023-07-03T18:39:00+00:00","article_modified_time":"2023-07-04T14:12:47+00:00","og_image":[{"width":616,"height":361,"url":"https:\/\/fuentesfidedignas.com.mx\/wp-content\/uploads\/2023\/07\/Screenshot_20230703_112748_Facebook.jpg","type":"image\/jpeg"}],"author":"Leonardo Gutierrez","twitter_card":"summary_large_image","twitter_creator":"@fidedignas","twitter_site":"@fidedignas","twitter_misc":{"Escrito por":"Leonardo Gutierrez","Tiempo de lectura":"1 minuto"},"schema":{"@context":"https:\/\/schema.org","@graph":[{"@type":"Article","@id":"https:\/\/fuentesfidedignas.com.mx\/index.php\/2023\/07\/03\/7272mantendre-margen-reacciona-cuen-a-proceso-legal-contra-su-hijo-y-la-uas\/#article","isPartOf":{"@id":"https:\/\/fuentesfidedignas.com.mx\/index.php\/2023\/07\/03\/7272mantendre-margen-reacciona-cuen-a-proceso-legal-contra-su-hijo-y-la-uas\/"},"author":{"name":"Leonardo Gutierrez","@id":"https:\/\/fuentesfidedignas.com.mx\/#\/schema\/person\/c77df25c00baae1d4fdc0340db6f364c"},"headline":"Me mantendr\u00e9 al margen, reacciona Cuen a proceso legal contra su hijo y la UAS","datePublished":"2023-07-03T18:39:00+00:00","dateModified":"2023-07-04T14:12:47+00:00","mainEntityOfPage":{"@id":"https:\/\/fuentesfidedignas.com.mx\/index.php\/2023\/07\/03\/7272mantendre-margen-reacciona-cuen-a-proceso-legal-contra-su-hijo-y-la-uas\/"},"wordCount":201,"commentCount":0,"publisher":{"@id":"https:\/\/fuentesfidedignas.com.mx\/#organization"},"image":{"@id":"https:\/\/fuentesfidedignas.com.mx\/index.php\/2023\/07\/03\/7272mantendre-margen-reacciona-cuen-a-proceso-legal-contra-su-hijo-y-la-uas\/#primaryimage"},"thumbnailUrl":"https:\/\/fuentesfidedignas.com.mx\/wp-content\/uploads\/2023\/07\/Screenshot_20230703_112748_Facebook.jpg","articleSection":["NOTA PRINCIPAL"],"inLanguage":"es","potentialAction":[{"@type":"CommentAction","name":"Comment","target":["https:\/\/fuentesfidedignas.com.mx\/index.php\/2023\/07\/03\/7272mantendre-margen-reacciona-cuen-a-proceso-legal-contra-su-hijo-y-la-uas\/#respond"]}]},{"@type":"WebPage","@id":"https:\/\/fuentesfidedignas.com.mx\/index.php\/2023\/07\/03\/7272mantendre-margen-reacciona-cuen-a-proceso-legal-contra-su-hijo-y-la-uas\/","url":"https:\/\/fuentesfidedignas.com.mx\/index.php\/2023\/07\/03\/7272mantendre-margen-reacciona-cuen-a-proceso-legal-contra-su-hijo-y-la-uas\/","name":"Me mantendr\u00e9 al margen, reacciona Cuen a proceso legal contra su hijo y la UAS - Fuentes Fidedignas","isPartOf":{"@id":"https:\/\/fuentesfidedignas.com.mx\/#website"},"primaryImageOfPage":{"@id":"https:\/\/fuentesfidedignas.com.mx\/index.php\/2023\/07\/03\/7272mantendre-margen-reacciona-cuen-a-proceso-legal-contra-su-hijo-y-la-uas\/#primaryimage"},"image":{"@id":"https:\/\/fuentesfidedignas.com.mx\/index.php\/2023\/07\/03\/7272mantendre-margen-reacciona-cuen-a-proceso-legal-contra-su-hijo-y-la-uas\/#primaryimage"},"thumbnailUrl":"https:\/\/fuentesfidedignas.com.mx\/wp-content\/uploads\/2023\/07\/Screenshot_20230703_112748_Facebook.jpg","datePublished":"2023-07-03T18:39:00+00:00","dateModified":"2023-07-04T14:12:47+00:00","breadcrumb":{"@id":"https:\/\/fuentesfidedignas.com.mx\/index.php\/2023\/07\/03\/7272mantendre-margen-reacciona-cuen-a-proceso-legal-contra-su-hijo-y-la-uas\/#breadcrumb"},"inLanguage":"es","potentialAction":[{"@type":"ReadAction","target":["https:\/\/fuentesfidedignas.com.mx\/index.php\/2023\/07\/03\/7272mantendre-margen-reacciona-cuen-a-proceso-legal-contra-su-hijo-y-la-uas\/"]}]},{"@type":"ImageObject","inLanguage":"es","@id":"https:\/\/fuentesfidedignas.com.mx\/index.php\/2023\/07\/03\/7272mantendre-margen-reacciona-cuen-a-proceso-legal-contra-su-hijo-y-la-uas\/#primaryimage","url":"https:\/\/fuentesfidedignas.com.mx\/wp-content\/uploads\/2023\/07\/Screenshot_20230703_112748_Facebook.jpg","contentUrl":"https:\/\/fuentesfidedignas.com.mx\/wp-content\/uploads\/2023\/07\/Screenshot_20230703_112748_Facebook.jpg","width":616,"height":361},{"@type":"BreadcrumbList","@id":"https:\/\/fuentesfidedignas.com.mx\/index.php\/2023\/07\/03\/7272mantendre-margen-reacciona-cuen-a-proceso-legal-contra-su-hijo-y-la-uas\/#breadcrumb","itemListElement":[{"@type":"ListItem","position":1,"name":"Inicio","item":"https:\/\/fuentesfidedignas.com.mx\/"},{"@type":"ListItem","position":2,"name":"Me mantendr\u00e9 al margen, reacciona Cuen a proceso legal contra su hijo y la UAS"}]},{"@type":"WebSite","@id":"https:\/\/fuentesfidedignas.com.mx\/#website","url":"https:\/\/fuentesfidedignas.com.mx\/","name":"Fuentes Fidedignas","description":"Otro sitio realizado con WordPress","publisher":{"@id":"https:\/\/fuentesfidedignas.com.mx\/#organization"},"potentialAction":[{"@type":"SearchAction","target":{"@type":"EntryPoint","urlTemplate":"https:\/\/fuentesfidedignas.com.mx\/?s={search_term_string}"},"query-input":{"@type":"PropertyValueSpecification","valueRequired":true,"valueName":"search_term_string"}}],"inLanguage":"es"},{"@type":"Organization","@id":"https:\/\/fuentesfidedignas.com.mx\/#organization","name":"Fuentes Fidedignas","url":"https:\/\/fuentesfidedignas.com.mx\/","logo":{"@type":"ImageObject","inLanguage":"es","@id":"https:\/\/fuentesfidedignas.com.mx\/#\/schema\/logo\/image\/","url":"https:\/\/fuentesfidedignas.com.mx\/wp-content\/uploads\/2021\/04\/logo-retina.png","contentUrl":"https:\/\/fuentesfidedignas.com.mx\/wp-content\/uploads\/2021\/04\/logo-retina.png","width":280,"height":51,"caption":"Fuentes Fidedignas"},"image":{"@id":"https:\/\/fuentesfidedignas.com.mx\/#\/schema\/logo\/image\/"},"sameAs":["https:\/\/www.facebook.com\/Fuentes-Fidedignas-368234489921644","https:\/\/x.com\/fidedignas"]},{"@type":"Person","@id":"https:\/\/fuentesfidedignas.com.mx\/#\/schema\/person\/c77df25c00baae1d4fdc0340db6f364c","name":"Leonardo Gutierrez","image":{"@type":"ImageObject","inLanguage":"es","@id":"https:\/\/secure.gravatar.com\/avatar\/17b13a7a986cc98ca4d7337340bcac5945cbae677961c354aefb3c7962c8cc1f?s=96&d=mm&r=g","url":"https:\/\/secure.gravatar.com\/avatar\/17b13a7a986cc98ca4d7337340bcac5945cbae677961c354aefb3c7962c8cc1f?s=96&d=mm&r=g","contentUrl":"https:\/\/secure.gravatar.com\/avatar\/17b13a7a986cc98ca4d7337340bcac5945cbae677961c354aefb3c7962c8cc1f?s=96&d=mm&r=g","caption":"Leonardo Gutierrez"},"url":"https:\/\/fuentesfidedignas.com.mx\/index.php\/author\/leonardogut\/"}]}},"_links":{"self":[{"href":"https:\/\/fuentesfidedignas.com.mx\/index.php\/wp-json\/wp\/v2\/posts\/51773","targetHints":{"allow":["GET"]}}],"collection":[{"href":"https:\/\/fuentesfidedignas.com.mx\/index.php\/wp-json\/wp\/v2\/posts"}],"about":[{"href":"https:\/\/fuentesfidedignas.com.mx\/index.php\/wp-json\/wp\/v2\/types\/post"}],"author":[{"embeddable":true,"href":"https:\/\/fuentesfidedignas.com.mx\/index.php\/wp-json\/wp\/v2\/users\/112"}],"replies":[{"embeddable":true,"href":"https:\/\/fuentesfidedignas.com.mx\/index.php\/wp-json\/wp\/v2\/comments?post=51773"}],"version-history":[{"count":3,"href":"https:\/\/fuentesfidedignas.com.mx\/index.php\/wp-json\/wp\/v2\/posts\/51773\/revisions"}],"predecessor-version":[{"id":51781,"href":"https:\/\/fuentesfidedignas.com.mx\/index.php\/wp-json\/wp\/v2\/posts\/51773\/revisions\/51781"}],"wp:featuredmedia":[{"embeddable":true,"href":"https:\/\/fuentesfidedignas.com.mx\/index.php\/wp-json\/wp\/v2\/media\/51782"}],"wp:attachment":[{"href":"https:\/\/fuentesfidedignas.com.mx\/index.php\/wp-json\/wp\/v2\/media?parent=51773"}],"wp:term":[{"taxonomy":"category","embeddable":true,"href":"https:\/\/fuentesfidedignas.com.mx\/index.php\/wp-json\/wp\/v2\/categories?post=51773"},{"taxonomy":"post_tag","embeddable":true,"href":"https:\/\/fuentesfidedignas.com.mx\/index.php\/wp-json\/wp\/v2\/tags?post=51773"}],"curies":[{"name":"wp","href":"https:\/\/api.w.org\/{rel}","templated":true}]}}