{"id":51765,"date":"2023-07-03T13:44:49","date_gmt":"2023-07-03T20:44:49","guid":{"rendered":"https:\/\/fuentesfidedignas.com.mx\/?p=51765"},"modified":"2023-07-03T14:42:47","modified_gmt":"2023-07-03T21:42:47","slug":"crisis-en-el-pri-un-grupo-de-senadores-y-mas-de-100-militantes-renuncian-al-partido","status":"publish","type":"post","link":"https:\/\/fuentesfidedignas.com.mx\/index.php\/2023\/07\/03\/crisis-en-el-pri-un-grupo-de-senadores-y-mas-de-100-militantes-renuncian-al-partido\/","title":{"rendered":"Crisis en el PRI: un grupo de senadores y m\u00e1s de 100 militantes renuncian al partido"},"content":{"rendered":"\n<p><strong><em>Osorio Chong deja la formaci\u00f3n junto a Claudia Ruiz Massieu, Nuvia Mayorga, Eruviel \u00c1vila y alrededor de un centenar de miembros<\/em><\/strong><\/p>\n\n\n\n<p>Ciudad de M\u00e9xico. El hist\u00f3rico Partido Revolucionario Institucional (PRI) est\u00e1 en crisis. La formaci\u00f3n tricolor que gobern\u00f3 durante m\u00e1s de 70 a\u00f1os atraviesa un momento de grave divisi\u00f3n bajo la dirigencia de Alejandro Alito Moreno. Cerca de un centenar de priistas, encabezados por el senador Miguel \u00c1ngel Osorio Chong, ha anunciado este lunes su renuncia al partido. Tambi\u00e9n han dejado la formaci\u00f3n los senadores Claudia Ruiz Massieu, Nuvia Mayorga y Eruviel \u00c1vila. \u201cHoy, con tristeza, pero con congruencia anuncio nuestra renuncia al PRI\u201d, ha dicho en una conferencia de prensa en Ciudad de M\u00e9xico Osorio Chong, entre lamentos y fuertes cr\u00edticas al presidente del partido, Alejandro Alito Moreno. \u201cRompi\u00f3 con la unidad de los priistas\u201d, ha agregado. Los que se han marchado del tricolor han lanzado adem\u00e1s una nueva plataforma pol\u00edtica llamada \u201cCongruencia por M\u00e9xico\u201d.<\/p>\n\n\n\n<figure class=\"wp-block-embed is-type-rich is-provider-twitter wp-block-embed-twitter\"><div class=\"wp-block-embed__wrapper\">\n<blockquote class=\"twitter-tweet\" data-width=\"550\" data-dnt=\"true\"><p lang=\"es\" dir=\"ltr\">\ud83d\udd35 <a href=\"https:\/\/twitter.com\/hashtag\/Ent%C3%A9rate?src=hash&amp;ref_src=twsrc%5Etfw\">#Ent\u00e9rate<\/a> | El senador Miguel \u00c1ngel Osorio Chong (<a href=\"https:\/\/twitter.com\/osoriochong?ref_src=twsrc%5Etfw\">@osoriochong<\/a>) habla sobre la postura de su hijo Miguel \u00c1ngel Osorio Vargas, quien tambi\u00e9n decidi\u00f3  retirarse del <a href=\"https:\/\/twitter.com\/hashtag\/PRI?src=hash&amp;ref_src=twsrc%5Etfw\">#PRI<\/a>. Osorio Vargas se encontraba entre la gente que present\u00f3 su renuncia<br> \ud83d\udcf9: <a href=\"https:\/\/twitter.com\/lula_walk?ref_src=twsrc%5Etfw\">@lula_walk<\/a> <a href=\"https:\/\/t.co\/T6B4pja954\">pic.twitter.com\/T6B4pja954<\/a><\/p>&mdash; Reporte \u00cdndigo (@Reporte_Indigo) <a href=\"https:\/\/twitter.com\/Reporte_Indigo\/status\/1675965548310540288?ref_src=twsrc%5Etfw\">July 3, 2023<\/a><\/blockquote><script async src=\"https:\/\/platform.twitter.com\/widgets.js\" charset=\"utf-8\"><\/script>\n<\/div><\/figure>\n\n\n\n<p>La crisis entre Osorio Chong y Moreno, en otro tiempo amigos cercanos, se desat\u00f3 el a\u00f1o pasado, cuando el senador se lanz\u00f3 contra el dirigente y pidi\u00f3 en varias ocasiones su renuncia. En diciembre escal\u00f3 a una nueva etapa cr\u00edtica cuando, acompa\u00f1ado de Ruiz Massieu, impugn\u00f3 la reforma del presidente del PRI para cambiar los estatutos y extender su dirigencia hasta 2024. Despu\u00e9s de eso, como una especie de represalia, Alito consigui\u00f3 remover a quien fuera secretario de Gobernaci\u00f3n con Enrique Pe\u00f1a Nieto de la coordinaci\u00f3n de la bancada tricolor en el Senado. Su salida de ese puesto le dej\u00f3 en una posici\u00f3n debilitada e inc\u00f3moda: decidi\u00f3 no irse del partido, pese a que especulaba con que le terminar\u00edan expulsado. Eso no pas\u00f3, pero la ruptura se hizo con los meses irreparable.<\/p>\n\n\n\n<p>Osorio Chong, el primero en tomar la palabra este lunes y dar el anuncio, asegur\u00f3 que la actual dirigencia era \u201cla peor de la historia\u201d del tricolor, que despu\u00e9s de perder las elecciones presidenciales de 2018, el partido se alej\u00f3 de la militancia y se ocup\u00f3 en hacer acuerdos que beneficiaban a unos pocos. \u201c<strong>Moreno mir\u00f3 solo para sus propios intereses, su ambici\u00f3n<\/strong>\u201d, ha se\u00f1alado el senador, \u201clo destruy\u00f3 todo, destruy\u00f3 la instituci\u00f3n que le entregamos, para hacerla pedazos\u201d. El exsecretario de Gobierno acus\u00f3 al presidente del partido de haber recurrido a las amenazas y a las trampas para prolongar su dirigencia. Consultado sobre el futuro de los cuatro senadores en la C\u00e1mara alta, Osorio Chong ha aclarado que no est\u00e1 definido c\u00f3mo seguir\u00e1n operando all\u00ed en los pr\u00f3ximos meses.<\/p>\n\n\n\n<p>Eruviel \u00c1vila, exgobernador del Estado de M\u00e9xico, ha lamentado su salida del PRI, pero ha asegurado que lo hace porque los principios de la formaci\u00f3n ya no coincide con lo que necesita la gente de su entidad. \u201c<strong>Dadas las circunstancias, hoy tomo la decision de mi vida pol\u00edtica. Lo hago consciente de que muchas veces las decisiones m\u00e1s dificiles son las correctas<\/strong>\u201d, ha dicho. El senador ha anunciado adem\u00e1s la formaci\u00f3n de la nueva plataforma, de la cual de momento no han dado m\u00e1s datos: \u201cDesde esta trinchera seguiremos trabajando para el bienestar de la gente\u201d.<\/p>\n\n\n\n<p>Ruiz Massieu ha sido la \u00faltima en posicionarse sobre la ruptura con el partido en el que ha militado toda su vida. \u201c<strong>Tiene que ver con una dirigencia que ha traicionado al PRI desde lo m\u00e1s profundo<\/strong>\u201d, ha comentado la senadora, \u201c<strong>nunca el PRI hab\u00eda gobernado tan poco, hab\u00eda influido tan poco y se hab\u00eda conformado con tan poco<\/strong>\u201d. La senadora se present\u00f3 la semana pasada junto a la c\u00fapula del partido en el anuncio del m\u00e9todo de selecci\u00f3n del candidato presidencial de Va por M\u00e9xico, la alianza que congrega al tricolor junto al Partido Acci\u00f3n Nacional (PAN), el Partido de la Revoluci\u00f3n Democr\u00e1tica (PRD) y organizaciones civiles. Unos d\u00edas despu\u00e9s, inform\u00f3 que no participar\u00eda del esquema de selecci\u00f3n \u201cpor congruencia\u201d, en alusi\u00f3n al nombre de la nueva plataforma.<\/p>\n\n\n\n<p>\u201c<strong>Desde donde estaba no era posible seguir sumando al cambio<\/strong>\u201d, ha se\u00f1alado Ruiz Massieu este lunes, respaldada por el centenar de priistas que han renunciado. La senadora, que tambi\u00e9n ocup\u00f3 el cargo de secretaria de Exteriores en el sexenio de Pe\u00f1a Nieto, ha asegurado que ya no comparte la visi\u00f3n ni las formas con la dirigencia del partido. \u201cPor encima de cualquier dirigencia, mi lealtad es con la ciudadan\u00eda\u201d. Ante las preguntas de la prensa, la senadora ha descartado buscar la candidatura presidencial con otro partido, como Movimiento Ciudadano.<\/p>\n\n\n\n<p><\/p>\n","protected":false},"excerpt":{"rendered":"<p>Osorio Chong deja la formaci\u00f3n junto a Claudia Ruiz Massieu, Nuvia Mayorga, Eruviel \u00c1vila y alrededor de un centenar de miembros Ciudad de M\u00e9xico. El hist\u00f3rico Partido Revolucionario Institucional (PRI) est\u00e1 en crisis. La formaci\u00f3n tricolor que gobern\u00f3 durante m\u00e1s de 70 a\u00f1os atraviesa un momento de grave divisi\u00f3n bajo la dirigencia de Alejandro Alito [&hellip;]<\/p>\n","protected":false},"author":43,"featured_media":51770,"comment_status":"open","ping_status":"open","sticky":false,"template":"","format":"standard","meta":{"tdm_status":"","tdm_grid_status":"","footnotes":""},"categories":[37,1],"tags":[],"class_list":{"0":"post-51765","1":"post","2":"type-post","3":"status-publish","4":"format-standard","5":"has-post-thumbnail","7":"category-nota-principal","8":"category-sin-categoria"},"yoast_head":"<!-- This site is optimized with the Yoast SEO plugin v27.4 - https:\/\/yoast.com\/product\/yoast-seo-wordpress\/ -->\n<title>Crisis en el PRI: un grupo de senadores y m\u00e1s de 100 militantes renuncian al partido - Fuentes Fidedignas<\/title>\n<meta name=\"robots\" content=\"index, follow, max-snippet:-1, max-image-preview:large, max-video-preview:-1\" \/>\n<link rel=\"canonical\" href=\"https:\/\/fuentesfidedignas.com.mx\/index.php\/2023\/07\/03\/crisis-en-el-pri-un-grupo-de-senadores-y-mas-de-100-militantes-renuncian-al-partido\/\" \/>\n<meta property=\"og:locale\" content=\"es_MX\" \/>\n<meta property=\"og:type\" content=\"article\" \/>\n<meta property=\"og:title\" content=\"Crisis en el PRI: un grupo de senadores y m\u00e1s de 100 militantes renuncian al partido - Fuentes Fidedignas\" \/>\n<meta property=\"og:description\" content=\"Osorio Chong deja la formaci\u00f3n junto a Claudia Ruiz Massieu, Nuvia Mayorga, Eruviel \u00c1vila y alrededor de un centenar de miembros Ciudad de M\u00e9xico. El hist\u00f3rico Partido Revolucionario Institucional (PRI) est\u00e1 en crisis. La formaci\u00f3n tricolor que gobern\u00f3 durante m\u00e1s de 70 a\u00f1os atraviesa un momento de grave divisi\u00f3n bajo la dirigencia de Alejandro Alito [&hellip;]\" \/>\n<meta property=\"og:url\" content=\"https:\/\/fuentesfidedignas.com.mx\/index.php\/2023\/07\/03\/crisis-en-el-pri-un-grupo-de-senadores-y-mas-de-100-militantes-renuncian-al-partido\/\" \/>\n<meta property=\"og:site_name\" content=\"Fuentes Fidedignas\" \/>\n<meta property=\"article:publisher\" content=\"https:\/\/www.facebook.com\/Fuentes-Fidedignas-368234489921644\" \/>\n<meta property=\"article:published_time\" content=\"2023-07-03T20:44:49+00:00\" \/>\n<meta property=\"article:modified_time\" content=\"2023-07-03T21:42:47+00:00\" \/>\n<meta property=\"og:image\" content=\"https:\/\/fuentesfidedignas.com.mx\/wp-content\/uploads\/2023\/07\/images-15-2.jpeg\" \/>\n\t<meta property=\"og:image:width\" content=\"739\" \/>\n\t<meta property=\"og:image:height\" content=\"415\" \/>\n\t<meta property=\"og:image:type\" content=\"image\/jpeg\" \/>\n<meta name=\"author\" content=\"El Pa\u00eds\" \/>\n<meta name=\"twitter:card\" content=\"summary_large_image\" \/>\n<meta name=\"twitter:creator\" content=\"@fidedignas\" \/>\n<meta name=\"twitter:site\" content=\"@fidedignas\" \/>\n<meta name=\"twitter:label1\" content=\"Escrito por\" \/>\n\t<meta name=\"twitter:data1\" content=\"El Pa\u00eds\" \/>\n\t<meta name=\"twitter:label2\" content=\"Tiempo de lectura\" \/>\n\t<meta name=\"twitter:data2\" content=\"4 minutos\" \/>\n<script type=\"application\/ld+json\" class=\"yoast-schema-graph\">{\"@context\":\"https:\\\/\\\/schema.org\",\"@graph\":[{\"@type\":\"Article\",\"@id\":\"https:\\\/\\\/fuentesfidedignas.com.mx\\\/index.php\\\/2023\\\/07\\\/03\\\/crisis-en-el-pri-un-grupo-de-senadores-y-mas-de-100-militantes-renuncian-al-partido\\\/#article\",\"isPartOf\":{\"@id\":\"https:\\\/\\\/fuentesfidedignas.com.mx\\\/index.php\\\/2023\\\/07\\\/03\\\/crisis-en-el-pri-un-grupo-de-senadores-y-mas-de-100-militantes-renuncian-al-partido\\\/\"},\"author\":{\"name\":\"El Pa\u00eds\",\"@id\":\"https:\\\/\\\/fuentesfidedignas.com.mx\\\/#\\\/schema\\\/person\\\/42bdf714e4f73e0780424244e8488f91\"},\"headline\":\"Crisis en el PRI: un grupo de senadores y m\u00e1s de 100 militantes renuncian al partido\",\"datePublished\":\"2023-07-03T20:44:49+00:00\",\"dateModified\":\"2023-07-03T21:42:47+00:00\",\"mainEntityOfPage\":{\"@id\":\"https:\\\/\\\/fuentesfidedignas.com.mx\\\/index.php\\\/2023\\\/07\\\/03\\\/crisis-en-el-pri-un-grupo-de-senadores-y-mas-de-100-militantes-renuncian-al-partido\\\/\"},\"wordCount\":819,\"commentCount\":0,\"publisher\":{\"@id\":\"https:\\\/\\\/fuentesfidedignas.com.mx\\\/#organization\"},\"image\":{\"@id\":\"https:\\\/\\\/fuentesfidedignas.com.mx\\\/index.php\\\/2023\\\/07\\\/03\\\/crisis-en-el-pri-un-grupo-de-senadores-y-mas-de-100-militantes-renuncian-al-partido\\\/#primaryimage\"},\"thumbnailUrl\":\"https:\\\/\\\/fuentesfidedignas.com.mx\\\/wp-content\\\/uploads\\\/2023\\\/07\\\/images-15-2.jpeg\",\"articleSection\":[\"NOTA PRINCIPAL\"],\"inLanguage\":\"es\",\"potentialAction\":[{\"@type\":\"CommentAction\",\"name\":\"Comment\",\"target\":[\"https:\\\/\\\/fuentesfidedignas.com.mx\\\/index.php\\\/2023\\\/07\\\/03\\\/crisis-en-el-pri-un-grupo-de-senadores-y-mas-de-100-militantes-renuncian-al-partido\\\/#respond\"]}]},{\"@type\":\"WebPage\",\"@id\":\"https:\\\/\\\/fuentesfidedignas.com.mx\\\/index.php\\\/2023\\\/07\\\/03\\\/crisis-en-el-pri-un-grupo-de-senadores-y-mas-de-100-militantes-renuncian-al-partido\\\/\",\"url\":\"https:\\\/\\\/fuentesfidedignas.com.mx\\\/index.php\\\/2023\\\/07\\\/03\\\/crisis-en-el-pri-un-grupo-de-senadores-y-mas-de-100-militantes-renuncian-al-partido\\\/\",\"name\":\"Crisis en el PRI: un grupo de senadores y m\u00e1s de 100 militantes renuncian al partido - Fuentes Fidedignas\",\"isPartOf\":{\"@id\":\"https:\\\/\\\/fuentesfidedignas.com.mx\\\/#website\"},\"primaryImageOfPage\":{\"@id\":\"https:\\\/\\\/fuentesfidedignas.com.mx\\\/index.php\\\/2023\\\/07\\\/03\\\/crisis-en-el-pri-un-grupo-de-senadores-y-mas-de-100-militantes-renuncian-al-partido\\\/#primaryimage\"},\"image\":{\"@id\":\"https:\\\/\\\/fuentesfidedignas.com.mx\\\/index.php\\\/2023\\\/07\\\/03\\\/crisis-en-el-pri-un-grupo-de-senadores-y-mas-de-100-militantes-renuncian-al-partido\\\/#primaryimage\"},\"thumbnailUrl\":\"https:\\\/\\\/fuentesfidedignas.com.mx\\\/wp-content\\\/uploads\\\/2023\\\/07\\\/images-15-2.jpeg\",\"datePublished\":\"2023-07-03T20:44:49+00:00\",\"dateModified\":\"2023-07-03T21:42:47+00:00\",\"breadcrumb\":{\"@id\":\"https:\\\/\\\/fuentesfidedignas.com.mx\\\/index.php\\\/2023\\\/07\\\/03\\\/crisis-en-el-pri-un-grupo-de-senadores-y-mas-de-100-militantes-renuncian-al-partido\\\/#breadcrumb\"},\"inLanguage\":\"es\",\"potentialAction\":[{\"@type\":\"ReadAction\",\"target\":[\"https:\\\/\\\/fuentesfidedignas.com.mx\\\/index.php\\\/2023\\\/07\\\/03\\\/crisis-en-el-pri-un-grupo-de-senadores-y-mas-de-100-militantes-renuncian-al-partido\\\/\"]}]},{\"@type\":\"ImageObject\",\"inLanguage\":\"es\",\"@id\":\"https:\\\/\\\/fuentesfidedignas.com.mx\\\/index.php\\\/2023\\\/07\\\/03\\\/crisis-en-el-pri-un-grupo-de-senadores-y-mas-de-100-militantes-renuncian-al-partido\\\/#primaryimage\",\"url\":\"https:\\\/\\\/fuentesfidedignas.com.mx\\\/wp-content\\\/uploads\\\/2023\\\/07\\\/images-15-2.jpeg\",\"contentUrl\":\"https:\\\/\\\/fuentesfidedignas.com.mx\\\/wp-content\\\/uploads\\\/2023\\\/07\\\/images-15-2.jpeg\",\"width\":739,\"height\":415},{\"@type\":\"BreadcrumbList\",\"@id\":\"https:\\\/\\\/fuentesfidedignas.com.mx\\\/index.php\\\/2023\\\/07\\\/03\\\/crisis-en-el-pri-un-grupo-de-senadores-y-mas-de-100-militantes-renuncian-al-partido\\\/#breadcrumb\",\"itemListElement\":[{\"@type\":\"ListItem\",\"position\":1,\"name\":\"Inicio\",\"item\":\"https:\\\/\\\/fuentesfidedignas.com.mx\\\/\"},{\"@type\":\"ListItem\",\"position\":2,\"name\":\"Crisis en el PRI: un grupo de senadores y m\u00e1s de 100 militantes renuncian al partido\"}]},{\"@type\":\"WebSite\",\"@id\":\"https:\\\/\\\/fuentesfidedignas.com.mx\\\/#website\",\"url\":\"https:\\\/\\\/fuentesfidedignas.com.mx\\\/\",\"name\":\"Fuentes Fidedignas\",\"description\":\"Otro sitio realizado con WordPress\",\"publisher\":{\"@id\":\"https:\\\/\\\/fuentesfidedignas.com.mx\\\/#organization\"},\"potentialAction\":[{\"@type\":\"SearchAction\",\"target\":{\"@type\":\"EntryPoint\",\"urlTemplate\":\"https:\\\/\\\/fuentesfidedignas.com.mx\\\/?s={search_term_string}\"},\"query-input\":{\"@type\":\"PropertyValueSpecification\",\"valueRequired\":true,\"valueName\":\"search_term_string\"}}],\"inLanguage\":\"es\"},{\"@type\":\"Organization\",\"@id\":\"https:\\\/\\\/fuentesfidedignas.com.mx\\\/#organization\",\"name\":\"Fuentes Fidedignas\",\"url\":\"https:\\\/\\\/fuentesfidedignas.com.mx\\\/\",\"logo\":{\"@type\":\"ImageObject\",\"inLanguage\":\"es\",\"@id\":\"https:\\\/\\\/fuentesfidedignas.com.mx\\\/#\\\/schema\\\/logo\\\/image\\\/\",\"url\":\"https:\\\/\\\/fuentesfidedignas.com.mx\\\/wp-content\\\/uploads\\\/2021\\\/04\\\/logo-retina.png\",\"contentUrl\":\"https:\\\/\\\/fuentesfidedignas.com.mx\\\/wp-content\\\/uploads\\\/2021\\\/04\\\/logo-retina.png\",\"width\":280,\"height\":51,\"caption\":\"Fuentes Fidedignas\"},\"image\":{\"@id\":\"https:\\\/\\\/fuentesfidedignas.com.mx\\\/#\\\/schema\\\/logo\\\/image\\\/\"},\"sameAs\":[\"https:\\\/\\\/www.facebook.com\\\/Fuentes-Fidedignas-368234489921644\",\"https:\\\/\\\/x.com\\\/fidedignas\"]},{\"@type\":\"Person\",\"@id\":\"https:\\\/\\\/fuentesfidedignas.com.mx\\\/#\\\/schema\\\/person\\\/42bdf714e4f73e0780424244e8488f91\",\"name\":\"El Pa\u00eds\",\"image\":{\"@type\":\"ImageObject\",\"inLanguage\":\"es\",\"@id\":\"https:\\\/\\\/secure.gravatar.com\\\/avatar\\\/6636c472d7bfdc69e13b0df7d51eabe5cc52061ae5c95fa7fab7e1bbc4a56a19?s=96&d=mm&r=g\",\"url\":\"https:\\\/\\\/secure.gravatar.com\\\/avatar\\\/6636c472d7bfdc69e13b0df7d51eabe5cc52061ae5c95fa7fab7e1bbc4a56a19?s=96&d=mm&r=g\",\"contentUrl\":\"https:\\\/\\\/secure.gravatar.com\\\/avatar\\\/6636c472d7bfdc69e13b0df7d51eabe5cc52061ae5c95fa7fab7e1bbc4a56a19?s=96&d=mm&r=g\",\"caption\":\"El Pa\u00eds\"},\"sameAs\":[\"https:\\\/\\\/elpais.com\"],\"url\":\"https:\\\/\\\/fuentesfidedignas.com.mx\\\/index.php\\\/author\\\/elpais\\\/\"}]}<\/script>\n<!-- \/ Yoast SEO plugin. -->","yoast_head_json":{"title":"Crisis en el PRI: un grupo de senadores y m\u00e1s de 100 militantes renuncian al partido - Fuentes Fidedignas","robots":{"index":"index","follow":"follow","max-snippet":"max-snippet:-1","max-image-preview":"max-image-preview:large","max-video-preview":"max-video-preview:-1"},"canonical":"https:\/\/fuentesfidedignas.com.mx\/index.php\/2023\/07\/03\/crisis-en-el-pri-un-grupo-de-senadores-y-mas-de-100-militantes-renuncian-al-partido\/","og_locale":"es_MX","og_type":"article","og_title":"Crisis en el PRI: un grupo de senadores y m\u00e1s de 100 militantes renuncian al partido - Fuentes Fidedignas","og_description":"Osorio Chong deja la formaci\u00f3n junto a Claudia Ruiz Massieu, Nuvia Mayorga, Eruviel \u00c1vila y alrededor de un centenar de miembros Ciudad de M\u00e9xico. El hist\u00f3rico Partido Revolucionario Institucional (PRI) est\u00e1 en crisis. La formaci\u00f3n tricolor que gobern\u00f3 durante m\u00e1s de 70 a\u00f1os atraviesa un momento de grave divisi\u00f3n bajo la dirigencia de Alejandro Alito [&hellip;]","og_url":"https:\/\/fuentesfidedignas.com.mx\/index.php\/2023\/07\/03\/crisis-en-el-pri-un-grupo-de-senadores-y-mas-de-100-militantes-renuncian-al-partido\/","og_site_name":"Fuentes Fidedignas","article_publisher":"https:\/\/www.facebook.com\/Fuentes-Fidedignas-368234489921644","article_published_time":"2023-07-03T20:44:49+00:00","article_modified_time":"2023-07-03T21:42:47+00:00","og_image":[{"width":739,"height":415,"url":"https:\/\/fuentesfidedignas.com.mx\/wp-content\/uploads\/2023\/07\/images-15-2.jpeg","type":"image\/jpeg"}],"author":"El Pa\u00eds","twitter_card":"summary_large_image","twitter_creator":"@fidedignas","twitter_site":"@fidedignas","twitter_misc":{"Escrito por":"El Pa\u00eds","Tiempo de lectura":"4 minutos"},"schema":{"@context":"https:\/\/schema.org","@graph":[{"@type":"Article","@id":"https:\/\/fuentesfidedignas.com.mx\/index.php\/2023\/07\/03\/crisis-en-el-pri-un-grupo-de-senadores-y-mas-de-100-militantes-renuncian-al-partido\/#article","isPartOf":{"@id":"https:\/\/fuentesfidedignas.com.mx\/index.php\/2023\/07\/03\/crisis-en-el-pri-un-grupo-de-senadores-y-mas-de-100-militantes-renuncian-al-partido\/"},"author":{"name":"El Pa\u00eds","@id":"https:\/\/fuentesfidedignas.com.mx\/#\/schema\/person\/42bdf714e4f73e0780424244e8488f91"},"headline":"Crisis en el PRI: un grupo de senadores y m\u00e1s de 100 militantes renuncian al partido","datePublished":"2023-07-03T20:44:49+00:00","dateModified":"2023-07-03T21:42:47+00:00","mainEntityOfPage":{"@id":"https:\/\/fuentesfidedignas.com.mx\/index.php\/2023\/07\/03\/crisis-en-el-pri-un-grupo-de-senadores-y-mas-de-100-militantes-renuncian-al-partido\/"},"wordCount":819,"commentCount":0,"publisher":{"@id":"https:\/\/fuentesfidedignas.com.mx\/#organization"},"image":{"@id":"https:\/\/fuentesfidedignas.com.mx\/index.php\/2023\/07\/03\/crisis-en-el-pri-un-grupo-de-senadores-y-mas-de-100-militantes-renuncian-al-partido\/#primaryimage"},"thumbnailUrl":"https:\/\/fuentesfidedignas.com.mx\/wp-content\/uploads\/2023\/07\/images-15-2.jpeg","articleSection":["NOTA PRINCIPAL"],"inLanguage":"es","potentialAction":[{"@type":"CommentAction","name":"Comment","target":["https:\/\/fuentesfidedignas.com.mx\/index.php\/2023\/07\/03\/crisis-en-el-pri-un-grupo-de-senadores-y-mas-de-100-militantes-renuncian-al-partido\/#respond"]}]},{"@type":"WebPage","@id":"https:\/\/fuentesfidedignas.com.mx\/index.php\/2023\/07\/03\/crisis-en-el-pri-un-grupo-de-senadores-y-mas-de-100-militantes-renuncian-al-partido\/","url":"https:\/\/fuentesfidedignas.com.mx\/index.php\/2023\/07\/03\/crisis-en-el-pri-un-grupo-de-senadores-y-mas-de-100-militantes-renuncian-al-partido\/","name":"Crisis en el PRI: un grupo de senadores y m\u00e1s de 100 militantes renuncian al partido - Fuentes Fidedignas","isPartOf":{"@id":"https:\/\/fuentesfidedignas.com.mx\/#website"},"primaryImageOfPage":{"@id":"https:\/\/fuentesfidedignas.com.mx\/index.php\/2023\/07\/03\/crisis-en-el-pri-un-grupo-de-senadores-y-mas-de-100-militantes-renuncian-al-partido\/#primaryimage"},"image":{"@id":"https:\/\/fuentesfidedignas.com.mx\/index.php\/2023\/07\/03\/crisis-en-el-pri-un-grupo-de-senadores-y-mas-de-100-militantes-renuncian-al-partido\/#primaryimage"},"thumbnailUrl":"https:\/\/fuentesfidedignas.com.mx\/wp-content\/uploads\/2023\/07\/images-15-2.jpeg","datePublished":"2023-07-03T20:44:49+00:00","dateModified":"2023-07-03T21:42:47+00:00","breadcrumb":{"@id":"https:\/\/fuentesfidedignas.com.mx\/index.php\/2023\/07\/03\/crisis-en-el-pri-un-grupo-de-senadores-y-mas-de-100-militantes-renuncian-al-partido\/#breadcrumb"},"inLanguage":"es","potentialAction":[{"@type":"ReadAction","target":["https:\/\/fuentesfidedignas.com.mx\/index.php\/2023\/07\/03\/crisis-en-el-pri-un-grupo-de-senadores-y-mas-de-100-militantes-renuncian-al-partido\/"]}]},{"@type":"ImageObject","inLanguage":"es","@id":"https:\/\/fuentesfidedignas.com.mx\/index.php\/2023\/07\/03\/crisis-en-el-pri-un-grupo-de-senadores-y-mas-de-100-militantes-renuncian-al-partido\/#primaryimage","url":"https:\/\/fuentesfidedignas.com.mx\/wp-content\/uploads\/2023\/07\/images-15-2.jpeg","contentUrl":"https:\/\/fuentesfidedignas.com.mx\/wp-content\/uploads\/2023\/07\/images-15-2.jpeg","width":739,"height":415},{"@type":"BreadcrumbList","@id":"https:\/\/fuentesfidedignas.com.mx\/index.php\/2023\/07\/03\/crisis-en-el-pri-un-grupo-de-senadores-y-mas-de-100-militantes-renuncian-al-partido\/#breadcrumb","itemListElement":[{"@type":"ListItem","position":1,"name":"Inicio","item":"https:\/\/fuentesfidedignas.com.mx\/"},{"@type":"ListItem","position":2,"name":"Crisis en el PRI: un grupo de senadores y m\u00e1s de 100 militantes renuncian al partido"}]},{"@type":"WebSite","@id":"https:\/\/fuentesfidedignas.com.mx\/#website","url":"https:\/\/fuentesfidedignas.com.mx\/","name":"Fuentes Fidedignas","description":"Otro sitio realizado con WordPress","publisher":{"@id":"https:\/\/fuentesfidedignas.com.mx\/#organization"},"potentialAction":[{"@type":"SearchAction","target":{"@type":"EntryPoint","urlTemplate":"https:\/\/fuentesfidedignas.com.mx\/?s={search_term_string}"},"query-input":{"@type":"PropertyValueSpecification","valueRequired":true,"valueName":"search_term_string"}}],"inLanguage":"es"},{"@type":"Organization","@id":"https:\/\/fuentesfidedignas.com.mx\/#organization","name":"Fuentes Fidedignas","url":"https:\/\/fuentesfidedignas.com.mx\/","logo":{"@type":"ImageObject","inLanguage":"es","@id":"https:\/\/fuentesfidedignas.com.mx\/#\/schema\/logo\/image\/","url":"https:\/\/fuentesfidedignas.com.mx\/wp-content\/uploads\/2021\/04\/logo-retina.png","contentUrl":"https:\/\/fuentesfidedignas.com.mx\/wp-content\/uploads\/2021\/04\/logo-retina.png","width":280,"height":51,"caption":"Fuentes Fidedignas"},"image":{"@id":"https:\/\/fuentesfidedignas.com.mx\/#\/schema\/logo\/image\/"},"sameAs":["https:\/\/www.facebook.com\/Fuentes-Fidedignas-368234489921644","https:\/\/x.com\/fidedignas"]},{"@type":"Person","@id":"https:\/\/fuentesfidedignas.com.mx\/#\/schema\/person\/42bdf714e4f73e0780424244e8488f91","name":"El Pa\u00eds","image":{"@type":"ImageObject","inLanguage":"es","@id":"https:\/\/secure.gravatar.com\/avatar\/6636c472d7bfdc69e13b0df7d51eabe5cc52061ae5c95fa7fab7e1bbc4a56a19?s=96&d=mm&r=g","url":"https:\/\/secure.gravatar.com\/avatar\/6636c472d7bfdc69e13b0df7d51eabe5cc52061ae5c95fa7fab7e1bbc4a56a19?s=96&d=mm&r=g","contentUrl":"https:\/\/secure.gravatar.com\/avatar\/6636c472d7bfdc69e13b0df7d51eabe5cc52061ae5c95fa7fab7e1bbc4a56a19?s=96&d=mm&r=g","caption":"El Pa\u00eds"},"sameAs":["https:\/\/elpais.com"],"url":"https:\/\/fuentesfidedignas.com.mx\/index.php\/author\/elpais\/"}]}},"_links":{"self":[{"href":"https:\/\/fuentesfidedignas.com.mx\/index.php\/wp-json\/wp\/v2\/posts\/51765","targetHints":{"allow":["GET"]}}],"collection":[{"href":"https:\/\/fuentesfidedignas.com.mx\/index.php\/wp-json\/wp\/v2\/posts"}],"about":[{"href":"https:\/\/fuentesfidedignas.com.mx\/index.php\/wp-json\/wp\/v2\/types\/post"}],"author":[{"embeddable":true,"href":"https:\/\/fuentesfidedignas.com.mx\/index.php\/wp-json\/wp\/v2\/users\/43"}],"replies":[{"embeddable":true,"href":"https:\/\/fuentesfidedignas.com.mx\/index.php\/wp-json\/wp\/v2\/comments?post=51765"}],"version-history":[{"count":5,"href":"https:\/\/fuentesfidedignas.com.mx\/index.php\/wp-json\/wp\/v2\/posts\/51765\/revisions"}],"predecessor-version":[{"id":51775,"href":"https:\/\/fuentesfidedignas.com.mx\/index.php\/wp-json\/wp\/v2\/posts\/51765\/revisions\/51775"}],"wp:featuredmedia":[{"embeddable":true,"href":"https:\/\/fuentesfidedignas.com.mx\/index.php\/wp-json\/wp\/v2\/media\/51770"}],"wp:attachment":[{"href":"https:\/\/fuentesfidedignas.com.mx\/index.php\/wp-json\/wp\/v2\/media?parent=51765"}],"wp:term":[{"taxonomy":"category","embeddable":true,"href":"https:\/\/fuentesfidedignas.com.mx\/index.php\/wp-json\/wp\/v2\/categories?post=51765"},{"taxonomy":"post_tag","embeddable":true,"href":"https:\/\/fuentesfidedignas.com.mx\/index.php\/wp-json\/wp\/v2\/tags?post=51765"}],"curies":[{"name":"wp","href":"https:\/\/api.w.org\/{rel}","templated":true}]}}