{"id":51762,"date":"2023-07-03T13:34:07","date_gmt":"2023-07-03T20:34:07","guid":{"rendered":"https:\/\/fuentesfidedignas.com.mx\/?p=51762"},"modified":"2023-07-03T13:51:28","modified_gmt":"2023-07-03T20:51:28","slug":"ayuntamiento-de-el-fuerte-avanza-en-pago-de-laudos-laborales","status":"publish","type":"post","link":"https:\/\/fuentesfidedignas.com.mx\/index.php\/2023\/07\/03\/ayuntamiento-de-el-fuerte-avanza-en-pago-de-laudos-laborales\/","title":{"rendered":"Ayuntamiento de El Fuerte avanza en pago de laudos laborales"},"content":{"rendered":"\n<p><strong><em>Mediante gestiones del alcalde y estrategias de ahorro en el \u00e1rea de tesorer\u00eda, se logr\u00f3 reunir el recurso para realizar pagos por concepto de finiquitos a ex trabajadores, correspondientes al ejercicio 2018 y parte del 2019<\/em><\/strong><\/p>\n\n\n\n<p>El Fuerte, Sin.- El Alcalde Gildardo Leyva Ortega, en un esfuerzo por cumplir con el compromiso realizado con los ex trabajadores del H. Ayuntamiento de El Fuerte, logr\u00f3 reunir el recurso econ\u00f3mico para efectuar el pago de estos laudos laborales, correspondientes al ejercicio 2018 y se realiz\u00f3 un abono a los del ejercicio 2019. Esto gracias a gestiones realizadas ante Gobierno del Estado y ahorros hechos en la administraci\u00f3n desde el \u00e1rea de Tesorer\u00eda.<\/p>\n\n\n\n<p>El Tesorero Municipal, Brian Gilberto Rom\u00e1n Gastelum, inform\u00f3 que fue aproximadamente un mill\u00f3n y medio lo que se destin\u00f3 para el pago de estos conceptos y que se encuentran trabajando para destinar un mill\u00f3n m\u00e1s la pr\u00f3xima semana, con la finalidad de cerrar con el a\u00f1o 2019 y para el pr\u00f3ximo mes iniciar con los adeudos del ejercicio 2020.<\/p>\n\n\n\n<p>\u201c<strong>Son compromisos que hizo el presidente desde la campa\u00f1a, incluso cuando era diputado se le manifestaban mucho en el Congreso por ese tema, la administraci\u00f3n anterior pidi\u00f3 dos cr\u00e9ditos para liquidar los laudos, pero no lo hicieron y ahorita ya el presidente con apoyo de gobierno del estado y ahorros que se han hecho aqu\u00ed en el municipio, se les ha podido estar abonando a los ex trabajadores<\/strong>\u201d, agreg\u00f3 el funcionario.<\/p>\n\n\n\n<p>Cabe aclarar que el pago de estas indemnizaciones no ha generado deuda al ayuntamiento, esto gracias al manejo eficiente del recurso p\u00fablico. La meta es sanear el tema de finiquitos en este a\u00f1o, lo cual brinda seguridad a los ex trabajadores y sus familias, quienes despu\u00e9s de a\u00f1os, finalmente pudieron hacer validos sus derechos laborales, derivados de tantos a\u00f1os de servicio al municipio<\/p>\n","protected":false},"excerpt":{"rendered":"<p>Mediante gestiones del alcalde y estrategias de ahorro en el \u00e1rea de tesorer\u00eda, se logr\u00f3 reunir el recurso para realizar pagos por concepto de finiquitos a ex trabajadores, correspondientes al ejercicio 2018 y parte del 2019 El Fuerte, Sin.- El Alcalde Gildardo Leyva Ortega, en un esfuerzo por cumplir con el compromiso realizado con los [&hellip;]<\/p>\n","protected":false},"author":4,"featured_media":51764,"comment_status":"open","ping_status":"open","sticky":false,"template":"","format":"standard","meta":{"tdm_status":"","tdm_grid_status":"","footnotes":""},"categories":[38,1],"tags":[],"class_list":{"0":"post-51762","1":"post","2":"type-post","3":"status-publish","4":"format-standard","5":"has-post-thumbnail","7":"category-noticias-locales","8":"category-sin-categoria"},"yoast_head":"<!-- This site is optimized with the Yoast SEO plugin v27.4 - https:\/\/yoast.com\/product\/yoast-seo-wordpress\/ -->\n<title>Ayuntamiento de El Fuerte avanza en pago de laudos laborales - Fuentes Fidedignas<\/title>\n<meta name=\"robots\" content=\"index, follow, max-snippet:-1, max-image-preview:large, max-video-preview:-1\" \/>\n<link rel=\"canonical\" href=\"https:\/\/fuentesfidedignas.com.mx\/index.php\/2023\/07\/03\/ayuntamiento-de-el-fuerte-avanza-en-pago-de-laudos-laborales\/\" \/>\n<meta property=\"og:locale\" content=\"es_MX\" \/>\n<meta property=\"og:type\" content=\"article\" \/>\n<meta property=\"og:title\" content=\"Ayuntamiento de El Fuerte avanza en pago de laudos laborales - Fuentes Fidedignas\" \/>\n<meta property=\"og:description\" content=\"Mediante gestiones del alcalde y estrategias de ahorro en el \u00e1rea de tesorer\u00eda, se logr\u00f3 reunir el recurso para realizar pagos por concepto de finiquitos a ex trabajadores, correspondientes al ejercicio 2018 y parte del 2019 El Fuerte, Sin.- El Alcalde Gildardo Leyva Ortega, en un esfuerzo por cumplir con el compromiso realizado con los [&hellip;]\" \/>\n<meta property=\"og:url\" content=\"https:\/\/fuentesfidedignas.com.mx\/index.php\/2023\/07\/03\/ayuntamiento-de-el-fuerte-avanza-en-pago-de-laudos-laborales\/\" \/>\n<meta property=\"og:site_name\" content=\"Fuentes Fidedignas\" \/>\n<meta property=\"article:publisher\" content=\"https:\/\/www.facebook.com\/Fuentes-Fidedignas-368234489921644\" \/>\n<meta property=\"article:published_time\" content=\"2023-07-03T20:34:07+00:00\" \/>\n<meta property=\"article:modified_time\" content=\"2023-07-03T20:51:28+00:00\" \/>\n<meta property=\"og:image\" content=\"https:\/\/fuentesfidedignas.com.mx\/wp-content\/uploads\/2023\/07\/IMG-20230703-WA0030.jpg\" \/>\n\t<meta property=\"og:image:width\" content=\"640\" \/>\n\t<meta property=\"og:image:height\" content=\"426\" \/>\n\t<meta property=\"og:image:type\" content=\"image\/jpeg\" \/>\n<meta name=\"author\" content=\"Redacci\u00f3n\" \/>\n<meta name=\"twitter:card\" content=\"summary_large_image\" \/>\n<meta name=\"twitter:creator\" content=\"@fidedignas\" \/>\n<meta name=\"twitter:site\" content=\"@fidedignas\" \/>\n<meta name=\"twitter:label1\" content=\"Escrito por\" \/>\n\t<meta name=\"twitter:data1\" content=\"Redacci\u00f3n\" \/>\n\t<meta name=\"twitter:label2\" content=\"Tiempo de lectura\" \/>\n\t<meta name=\"twitter:data2\" content=\"2 minutos\" \/>\n<script type=\"application\/ld+json\" class=\"yoast-schema-graph\">{\"@context\":\"https:\\\/\\\/schema.org\",\"@graph\":[{\"@type\":\"Article\",\"@id\":\"https:\\\/\\\/fuentesfidedignas.com.mx\\\/index.php\\\/2023\\\/07\\\/03\\\/ayuntamiento-de-el-fuerte-avanza-en-pago-de-laudos-laborales\\\/#article\",\"isPartOf\":{\"@id\":\"https:\\\/\\\/fuentesfidedignas.com.mx\\\/index.php\\\/2023\\\/07\\\/03\\\/ayuntamiento-de-el-fuerte-avanza-en-pago-de-laudos-laborales\\\/\"},\"author\":{\"name\":\"Redacci\u00f3n\",\"@id\":\"https:\\\/\\\/fuentesfidedignas.com.mx\\\/#\\\/schema\\\/person\\\/331be9283d37198e2acd5750279085b0\"},\"headline\":\"Ayuntamiento de El Fuerte avanza en pago de laudos laborales\",\"datePublished\":\"2023-07-03T20:34:07+00:00\",\"dateModified\":\"2023-07-03T20:51:28+00:00\",\"mainEntityOfPage\":{\"@id\":\"https:\\\/\\\/fuentesfidedignas.com.mx\\\/index.php\\\/2023\\\/07\\\/03\\\/ayuntamiento-de-el-fuerte-avanza-en-pago-de-laudos-laborales\\\/\"},\"wordCount\":327,\"commentCount\":0,\"publisher\":{\"@id\":\"https:\\\/\\\/fuentesfidedignas.com.mx\\\/#organization\"},\"image\":{\"@id\":\"https:\\\/\\\/fuentesfidedignas.com.mx\\\/index.php\\\/2023\\\/07\\\/03\\\/ayuntamiento-de-el-fuerte-avanza-en-pago-de-laudos-laborales\\\/#primaryimage\"},\"thumbnailUrl\":\"https:\\\/\\\/fuentesfidedignas.com.mx\\\/wp-content\\\/uploads\\\/2023\\\/07\\\/IMG-20230703-WA0030.jpg\",\"articleSection\":[\"NOTICIAS LOCALES\"],\"inLanguage\":\"es\",\"potentialAction\":[{\"@type\":\"CommentAction\",\"name\":\"Comment\",\"target\":[\"https:\\\/\\\/fuentesfidedignas.com.mx\\\/index.php\\\/2023\\\/07\\\/03\\\/ayuntamiento-de-el-fuerte-avanza-en-pago-de-laudos-laborales\\\/#respond\"]}]},{\"@type\":\"WebPage\",\"@id\":\"https:\\\/\\\/fuentesfidedignas.com.mx\\\/index.php\\\/2023\\\/07\\\/03\\\/ayuntamiento-de-el-fuerte-avanza-en-pago-de-laudos-laborales\\\/\",\"url\":\"https:\\\/\\\/fuentesfidedignas.com.mx\\\/index.php\\\/2023\\\/07\\\/03\\\/ayuntamiento-de-el-fuerte-avanza-en-pago-de-laudos-laborales\\\/\",\"name\":\"Ayuntamiento de El Fuerte avanza en pago de laudos laborales - Fuentes Fidedignas\",\"isPartOf\":{\"@id\":\"https:\\\/\\\/fuentesfidedignas.com.mx\\\/#website\"},\"primaryImageOfPage\":{\"@id\":\"https:\\\/\\\/fuentesfidedignas.com.mx\\\/index.php\\\/2023\\\/07\\\/03\\\/ayuntamiento-de-el-fuerte-avanza-en-pago-de-laudos-laborales\\\/#primaryimage\"},\"image\":{\"@id\":\"https:\\\/\\\/fuentesfidedignas.com.mx\\\/index.php\\\/2023\\\/07\\\/03\\\/ayuntamiento-de-el-fuerte-avanza-en-pago-de-laudos-laborales\\\/#primaryimage\"},\"thumbnailUrl\":\"https:\\\/\\\/fuentesfidedignas.com.mx\\\/wp-content\\\/uploads\\\/2023\\\/07\\\/IMG-20230703-WA0030.jpg\",\"datePublished\":\"2023-07-03T20:34:07+00:00\",\"dateModified\":\"2023-07-03T20:51:28+00:00\",\"breadcrumb\":{\"@id\":\"https:\\\/\\\/fuentesfidedignas.com.mx\\\/index.php\\\/2023\\\/07\\\/03\\\/ayuntamiento-de-el-fuerte-avanza-en-pago-de-laudos-laborales\\\/#breadcrumb\"},\"inLanguage\":\"es\",\"potentialAction\":[{\"@type\":\"ReadAction\",\"target\":[\"https:\\\/\\\/fuentesfidedignas.com.mx\\\/index.php\\\/2023\\\/07\\\/03\\\/ayuntamiento-de-el-fuerte-avanza-en-pago-de-laudos-laborales\\\/\"]}]},{\"@type\":\"ImageObject\",\"inLanguage\":\"es\",\"@id\":\"https:\\\/\\\/fuentesfidedignas.com.mx\\\/index.php\\\/2023\\\/07\\\/03\\\/ayuntamiento-de-el-fuerte-avanza-en-pago-de-laudos-laborales\\\/#primaryimage\",\"url\":\"https:\\\/\\\/fuentesfidedignas.com.mx\\\/wp-content\\\/uploads\\\/2023\\\/07\\\/IMG-20230703-WA0030.jpg\",\"contentUrl\":\"https:\\\/\\\/fuentesfidedignas.com.mx\\\/wp-content\\\/uploads\\\/2023\\\/07\\\/IMG-20230703-WA0030.jpg\",\"width\":640,\"height\":426},{\"@type\":\"BreadcrumbList\",\"@id\":\"https:\\\/\\\/fuentesfidedignas.com.mx\\\/index.php\\\/2023\\\/07\\\/03\\\/ayuntamiento-de-el-fuerte-avanza-en-pago-de-laudos-laborales\\\/#breadcrumb\",\"itemListElement\":[{\"@type\":\"ListItem\",\"position\":1,\"name\":\"Inicio\",\"item\":\"https:\\\/\\\/fuentesfidedignas.com.mx\\\/\"},{\"@type\":\"ListItem\",\"position\":2,\"name\":\"Ayuntamiento de El Fuerte avanza en pago de laudos laborales\"}]},{\"@type\":\"WebSite\",\"@id\":\"https:\\\/\\\/fuentesfidedignas.com.mx\\\/#website\",\"url\":\"https:\\\/\\\/fuentesfidedignas.com.mx\\\/\",\"name\":\"Fuentes Fidedignas\",\"description\":\"Otro sitio realizado con WordPress\",\"publisher\":{\"@id\":\"https:\\\/\\\/fuentesfidedignas.com.mx\\\/#organization\"},\"potentialAction\":[{\"@type\":\"SearchAction\",\"target\":{\"@type\":\"EntryPoint\",\"urlTemplate\":\"https:\\\/\\\/fuentesfidedignas.com.mx\\\/?s={search_term_string}\"},\"query-input\":{\"@type\":\"PropertyValueSpecification\",\"valueRequired\":true,\"valueName\":\"search_term_string\"}}],\"inLanguage\":\"es\"},{\"@type\":\"Organization\",\"@id\":\"https:\\\/\\\/fuentesfidedignas.com.mx\\\/#organization\",\"name\":\"Fuentes Fidedignas\",\"url\":\"https:\\\/\\\/fuentesfidedignas.com.mx\\\/\",\"logo\":{\"@type\":\"ImageObject\",\"inLanguage\":\"es\",\"@id\":\"https:\\\/\\\/fuentesfidedignas.com.mx\\\/#\\\/schema\\\/logo\\\/image\\\/\",\"url\":\"https:\\\/\\\/fuentesfidedignas.com.mx\\\/wp-content\\\/uploads\\\/2021\\\/04\\\/logo-retina.png\",\"contentUrl\":\"https:\\\/\\\/fuentesfidedignas.com.mx\\\/wp-content\\\/uploads\\\/2021\\\/04\\\/logo-retina.png\",\"width\":280,\"height\":51,\"caption\":\"Fuentes Fidedignas\"},\"image\":{\"@id\":\"https:\\\/\\\/fuentesfidedignas.com.mx\\\/#\\\/schema\\\/logo\\\/image\\\/\"},\"sameAs\":[\"https:\\\/\\\/www.facebook.com\\\/Fuentes-Fidedignas-368234489921644\",\"https:\\\/\\\/x.com\\\/fidedignas\"]},{\"@type\":\"Person\",\"@id\":\"https:\\\/\\\/fuentesfidedignas.com.mx\\\/#\\\/schema\\\/person\\\/331be9283d37198e2acd5750279085b0\",\"name\":\"Redacci\u00f3n\",\"image\":{\"@type\":\"ImageObject\",\"inLanguage\":\"es\",\"@id\":\"https:\\\/\\\/secure.gravatar.com\\\/avatar\\\/f6d8782c11d12b2d4ad3fbb6931aeab5309937a4d6cd2fc9cfaa28a6396a5aec?s=96&d=mm&r=g\",\"url\":\"https:\\\/\\\/secure.gravatar.com\\\/avatar\\\/f6d8782c11d12b2d4ad3fbb6931aeab5309937a4d6cd2fc9cfaa28a6396a5aec?s=96&d=mm&r=g\",\"contentUrl\":\"https:\\\/\\\/secure.gravatar.com\\\/avatar\\\/f6d8782c11d12b2d4ad3fbb6931aeab5309937a4d6cd2fc9cfaa28a6396a5aec?s=96&d=mm&r=g\",\"caption\":\"Redacci\u00f3n\"},\"url\":\"https:\\\/\\\/fuentesfidedignas.com.mx\\\/index.php\\\/author\\\/redaccion\\\/\"}]}<\/script>\n<!-- \/ Yoast SEO plugin. -->","yoast_head_json":{"title":"Ayuntamiento de El Fuerte avanza en pago de laudos laborales - Fuentes Fidedignas","robots":{"index":"index","follow":"follow","max-snippet":"max-snippet:-1","max-image-preview":"max-image-preview:large","max-video-preview":"max-video-preview:-1"},"canonical":"https:\/\/fuentesfidedignas.com.mx\/index.php\/2023\/07\/03\/ayuntamiento-de-el-fuerte-avanza-en-pago-de-laudos-laborales\/","og_locale":"es_MX","og_type":"article","og_title":"Ayuntamiento de El Fuerte avanza en pago de laudos laborales - Fuentes Fidedignas","og_description":"Mediante gestiones del alcalde y estrategias de ahorro en el \u00e1rea de tesorer\u00eda, se logr\u00f3 reunir el recurso para realizar pagos por concepto de finiquitos a ex trabajadores, correspondientes al ejercicio 2018 y parte del 2019 El Fuerte, Sin.- El Alcalde Gildardo Leyva Ortega, en un esfuerzo por cumplir con el compromiso realizado con los [&hellip;]","og_url":"https:\/\/fuentesfidedignas.com.mx\/index.php\/2023\/07\/03\/ayuntamiento-de-el-fuerte-avanza-en-pago-de-laudos-laborales\/","og_site_name":"Fuentes Fidedignas","article_publisher":"https:\/\/www.facebook.com\/Fuentes-Fidedignas-368234489921644","article_published_time":"2023-07-03T20:34:07+00:00","article_modified_time":"2023-07-03T20:51:28+00:00","og_image":[{"width":640,"height":426,"url":"https:\/\/fuentesfidedignas.com.mx\/wp-content\/uploads\/2023\/07\/IMG-20230703-WA0030.jpg","type":"image\/jpeg"}],"author":"Redacci\u00f3n","twitter_card":"summary_large_image","twitter_creator":"@fidedignas","twitter_site":"@fidedignas","twitter_misc":{"Escrito por":"Redacci\u00f3n","Tiempo de lectura":"2 minutos"},"schema":{"@context":"https:\/\/schema.org","@graph":[{"@type":"Article","@id":"https:\/\/fuentesfidedignas.com.mx\/index.php\/2023\/07\/03\/ayuntamiento-de-el-fuerte-avanza-en-pago-de-laudos-laborales\/#article","isPartOf":{"@id":"https:\/\/fuentesfidedignas.com.mx\/index.php\/2023\/07\/03\/ayuntamiento-de-el-fuerte-avanza-en-pago-de-laudos-laborales\/"},"author":{"name":"Redacci\u00f3n","@id":"https:\/\/fuentesfidedignas.com.mx\/#\/schema\/person\/331be9283d37198e2acd5750279085b0"},"headline":"Ayuntamiento de El Fuerte avanza en pago de laudos laborales","datePublished":"2023-07-03T20:34:07+00:00","dateModified":"2023-07-03T20:51:28+00:00","mainEntityOfPage":{"@id":"https:\/\/fuentesfidedignas.com.mx\/index.php\/2023\/07\/03\/ayuntamiento-de-el-fuerte-avanza-en-pago-de-laudos-laborales\/"},"wordCount":327,"commentCount":0,"publisher":{"@id":"https:\/\/fuentesfidedignas.com.mx\/#organization"},"image":{"@id":"https:\/\/fuentesfidedignas.com.mx\/index.php\/2023\/07\/03\/ayuntamiento-de-el-fuerte-avanza-en-pago-de-laudos-laborales\/#primaryimage"},"thumbnailUrl":"https:\/\/fuentesfidedignas.com.mx\/wp-content\/uploads\/2023\/07\/IMG-20230703-WA0030.jpg","articleSection":["NOTICIAS LOCALES"],"inLanguage":"es","potentialAction":[{"@type":"CommentAction","name":"Comment","target":["https:\/\/fuentesfidedignas.com.mx\/index.php\/2023\/07\/03\/ayuntamiento-de-el-fuerte-avanza-en-pago-de-laudos-laborales\/#respond"]}]},{"@type":"WebPage","@id":"https:\/\/fuentesfidedignas.com.mx\/index.php\/2023\/07\/03\/ayuntamiento-de-el-fuerte-avanza-en-pago-de-laudos-laborales\/","url":"https:\/\/fuentesfidedignas.com.mx\/index.php\/2023\/07\/03\/ayuntamiento-de-el-fuerte-avanza-en-pago-de-laudos-laborales\/","name":"Ayuntamiento de El Fuerte avanza en pago de laudos laborales - Fuentes Fidedignas","isPartOf":{"@id":"https:\/\/fuentesfidedignas.com.mx\/#website"},"primaryImageOfPage":{"@id":"https:\/\/fuentesfidedignas.com.mx\/index.php\/2023\/07\/03\/ayuntamiento-de-el-fuerte-avanza-en-pago-de-laudos-laborales\/#primaryimage"},"image":{"@id":"https:\/\/fuentesfidedignas.com.mx\/index.php\/2023\/07\/03\/ayuntamiento-de-el-fuerte-avanza-en-pago-de-laudos-laborales\/#primaryimage"},"thumbnailUrl":"https:\/\/fuentesfidedignas.com.mx\/wp-content\/uploads\/2023\/07\/IMG-20230703-WA0030.jpg","datePublished":"2023-07-03T20:34:07+00:00","dateModified":"2023-07-03T20:51:28+00:00","breadcrumb":{"@id":"https:\/\/fuentesfidedignas.com.mx\/index.php\/2023\/07\/03\/ayuntamiento-de-el-fuerte-avanza-en-pago-de-laudos-laborales\/#breadcrumb"},"inLanguage":"es","potentialAction":[{"@type":"ReadAction","target":["https:\/\/fuentesfidedignas.com.mx\/index.php\/2023\/07\/03\/ayuntamiento-de-el-fuerte-avanza-en-pago-de-laudos-laborales\/"]}]},{"@type":"ImageObject","inLanguage":"es","@id":"https:\/\/fuentesfidedignas.com.mx\/index.php\/2023\/07\/03\/ayuntamiento-de-el-fuerte-avanza-en-pago-de-laudos-laborales\/#primaryimage","url":"https:\/\/fuentesfidedignas.com.mx\/wp-content\/uploads\/2023\/07\/IMG-20230703-WA0030.jpg","contentUrl":"https:\/\/fuentesfidedignas.com.mx\/wp-content\/uploads\/2023\/07\/IMG-20230703-WA0030.jpg","width":640,"height":426},{"@type":"BreadcrumbList","@id":"https:\/\/fuentesfidedignas.com.mx\/index.php\/2023\/07\/03\/ayuntamiento-de-el-fuerte-avanza-en-pago-de-laudos-laborales\/#breadcrumb","itemListElement":[{"@type":"ListItem","position":1,"name":"Inicio","item":"https:\/\/fuentesfidedignas.com.mx\/"},{"@type":"ListItem","position":2,"name":"Ayuntamiento de El Fuerte avanza en pago de laudos laborales"}]},{"@type":"WebSite","@id":"https:\/\/fuentesfidedignas.com.mx\/#website","url":"https:\/\/fuentesfidedignas.com.mx\/","name":"Fuentes Fidedignas","description":"Otro sitio realizado con WordPress","publisher":{"@id":"https:\/\/fuentesfidedignas.com.mx\/#organization"},"potentialAction":[{"@type":"SearchAction","target":{"@type":"EntryPoint","urlTemplate":"https:\/\/fuentesfidedignas.com.mx\/?s={search_term_string}"},"query-input":{"@type":"PropertyValueSpecification","valueRequired":true,"valueName":"search_term_string"}}],"inLanguage":"es"},{"@type":"Organization","@id":"https:\/\/fuentesfidedignas.com.mx\/#organization","name":"Fuentes Fidedignas","url":"https:\/\/fuentesfidedignas.com.mx\/","logo":{"@type":"ImageObject","inLanguage":"es","@id":"https:\/\/fuentesfidedignas.com.mx\/#\/schema\/logo\/image\/","url":"https:\/\/fuentesfidedignas.com.mx\/wp-content\/uploads\/2021\/04\/logo-retina.png","contentUrl":"https:\/\/fuentesfidedignas.com.mx\/wp-content\/uploads\/2021\/04\/logo-retina.png","width":280,"height":51,"caption":"Fuentes Fidedignas"},"image":{"@id":"https:\/\/fuentesfidedignas.com.mx\/#\/schema\/logo\/image\/"},"sameAs":["https:\/\/www.facebook.com\/Fuentes-Fidedignas-368234489921644","https:\/\/x.com\/fidedignas"]},{"@type":"Person","@id":"https:\/\/fuentesfidedignas.com.mx\/#\/schema\/person\/331be9283d37198e2acd5750279085b0","name":"Redacci\u00f3n","image":{"@type":"ImageObject","inLanguage":"es","@id":"https:\/\/secure.gravatar.com\/avatar\/f6d8782c11d12b2d4ad3fbb6931aeab5309937a4d6cd2fc9cfaa28a6396a5aec?s=96&d=mm&r=g","url":"https:\/\/secure.gravatar.com\/avatar\/f6d8782c11d12b2d4ad3fbb6931aeab5309937a4d6cd2fc9cfaa28a6396a5aec?s=96&d=mm&r=g","contentUrl":"https:\/\/secure.gravatar.com\/avatar\/f6d8782c11d12b2d4ad3fbb6931aeab5309937a4d6cd2fc9cfaa28a6396a5aec?s=96&d=mm&r=g","caption":"Redacci\u00f3n"},"url":"https:\/\/fuentesfidedignas.com.mx\/index.php\/author\/redaccion\/"}]}},"_links":{"self":[{"href":"https:\/\/fuentesfidedignas.com.mx\/index.php\/wp-json\/wp\/v2\/posts\/51762","targetHints":{"allow":["GET"]}}],"collection":[{"href":"https:\/\/fuentesfidedignas.com.mx\/index.php\/wp-json\/wp\/v2\/posts"}],"about":[{"href":"https:\/\/fuentesfidedignas.com.mx\/index.php\/wp-json\/wp\/v2\/types\/post"}],"author":[{"embeddable":true,"href":"https:\/\/fuentesfidedignas.com.mx\/index.php\/wp-json\/wp\/v2\/users\/4"}],"replies":[{"embeddable":true,"href":"https:\/\/fuentesfidedignas.com.mx\/index.php\/wp-json\/wp\/v2\/comments?post=51762"}],"version-history":[{"count":1,"href":"https:\/\/fuentesfidedignas.com.mx\/index.php\/wp-json\/wp\/v2\/posts\/51762\/revisions"}],"predecessor-version":[{"id":51763,"href":"https:\/\/fuentesfidedignas.com.mx\/index.php\/wp-json\/wp\/v2\/posts\/51762\/revisions\/51763"}],"wp:featuredmedia":[{"embeddable":true,"href":"https:\/\/fuentesfidedignas.com.mx\/index.php\/wp-json\/wp\/v2\/media\/51764"}],"wp:attachment":[{"href":"https:\/\/fuentesfidedignas.com.mx\/index.php\/wp-json\/wp\/v2\/media?parent=51762"}],"wp:term":[{"taxonomy":"category","embeddable":true,"href":"https:\/\/fuentesfidedignas.com.mx\/index.php\/wp-json\/wp\/v2\/categories?post=51762"},{"taxonomy":"post_tag","embeddable":true,"href":"https:\/\/fuentesfidedignas.com.mx\/index.php\/wp-json\/wp\/v2\/tags?post=51762"}],"curies":[{"name":"wp","href":"https:\/\/api.w.org\/{rel}","templated":true}]}}