{"id":51759,"date":"2023-07-03T12:28:28","date_gmt":"2023-07-03T19:28:28","guid":{"rendered":"https:\/\/fuentesfidedignas.com.mx\/?p=51759"},"modified":"2023-07-03T12:33:52","modified_gmt":"2023-07-03T19:33:52","slug":"aportara-gobierno-del-estado-recursos-para-operacion-del-crit-teleton","status":"publish","type":"post","link":"https:\/\/fuentesfidedignas.com.mx\/index.php\/2023\/07\/03\/aportara-gobierno-del-estado-recursos-para-operacion-del-crit-teleton\/","title":{"rendered":"Aportar\u00e1 Gobierno del Estado recursos para operaci\u00f3n del CRIT Telet\u00f3n"},"content":{"rendered":"\n<p><em><strong>El gobernador Rub\u00e9n Rocha Moya se\u00f1al\u00f3 que se est\u00e1n analizando alternativas para ampliar la capacidad de atenci\u00f3n a efecto de tener cobertura en Culiac\u00e1n<\/strong><\/em><\/p>\n\n\n\n<p>Culiac\u00e1n, Sin.- Con el prop\u00f3sito de beneficiar al mayor n\u00famero posible de familias con alg\u00fan integrante que requiere apoyo para tratar autismo y discapacidad motriz, a trav\u00e9s del Centro de Rehabilitaci\u00f3n e Inclusi\u00f3n Infantil Telet\u00f3n que se inaugurar\u00e1 pr\u00f3ximamente en Mazatl\u00e1n, esta ma\u00f1ana el Gobernador Rub\u00e9n Rocha Moya durante su Conferencia Semanera, se\u00f1al\u00f3 que Gobierno del Estado aportar\u00e1 recursos para la adecuada operaci\u00f3n del CRIT.<\/p>\n\n\n\n<p>&#8220;<strong>Esto que est\u00e1 haciendo Telet\u00f3n no es solo costo para Telet\u00f3n, nosotros tambi\u00e9n vamos a participar con un aporte en el mantenimiento, en el desarrollo, en la operaci\u00f3n de los centros, tanto el de autismo como el de discapacidad, pero a\u00fan con ello vamos a ver nuestras capacidades para ampliarlo, particularmente lo quiero ampliar en Culiac\u00e1n<\/strong>&#8220;, precis\u00f3 el Gobernador.<\/p>\n\n\n\n<p>Rocha Moya se\u00f1al\u00f3 que en el caso de Culiac\u00e1n, surgi\u00f3 la inquietud de analizar alternativas para ampliar la capacidad de atenci\u00f3n ante la demanda que existe en la poblaci\u00f3n de este municipio, detallando que esto implicar\u00eda la necesidad de capacitar personal para que apoye en la capital del estado.<\/p>\n\n\n\n<p>&#8220;<strong>Ya lo he hablado incluso con el CRIT, necesito ver la manera de ampliar esto y no quito el dedo del rengl\u00f3n, la idea de capacitar gente y luego abrir, ampliar las posibilidades, particularmente en Culiac\u00e1n, por qu\u00e9 Culiac\u00e1n, porque tiene una demanda mayor, es una ciudad que tiene el doble de habitantes que Mazatl\u00e1n y eso lo indica todo<\/strong>&#8220;, expres\u00f3 el mandatario estatal.<\/p>\n\n\n\n<p>El CRIT Telet\u00f3n Mazatl\u00e1n, es un edificio que brindar\u00e1 atenci\u00f3n para ni\u00f1as y ni\u00f1os de todo el estado con capacidades especiales y tratamiento para el autismo, destacando que se invertir\u00e1n 200 millones de pesos y ser\u00e1 construido en 8 meses, en un \u00e1rea de 4 mil metros cuadrados, en una zona de f\u00e1cil acceso al transporte p\u00fablico, al ser paso de varias rutas de camiones urbanos, justo a un costado de las instalaciones de la Secretar\u00eda de Seguridad P\u00fablica y Tr\u00e1nsito Municipal, en la avenida Luis Donaldo Colosio.<\/p>\n\n\n\n<p>Este Centro beneficiar\u00e1 a m\u00e1s de 1,000 personas cada a\u00f1o, que ser\u00e1n 420 ni\u00f1as y ni\u00f1os con discapacidad motriz y 120 ni\u00f1as y ni\u00f1os con trastorno del espectro autista.<\/p>\n","protected":false},"excerpt":{"rendered":"<p>El gobernador Rub\u00e9n Rocha Moya se\u00f1al\u00f3 que se est\u00e1n analizando alternativas para ampliar la capacidad de atenci\u00f3n a efecto de tener cobertura en Culiac\u00e1n Culiac\u00e1n, Sin.- Con el prop\u00f3sito de beneficiar al mayor n\u00famero posible de familias con alg\u00fan integrante que requiere apoyo para tratar autismo y discapacidad motriz, a trav\u00e9s del Centro de Rehabilitaci\u00f3n [&hellip;]<\/p>\n","protected":false},"author":4,"featured_media":51761,"comment_status":"open","ping_status":"open","sticky":false,"template":"","format":"standard","meta":{"tdm_status":"","tdm_grid_status":"","footnotes":""},"categories":[38,1],"tags":[],"class_list":{"0":"post-51759","1":"post","2":"type-post","3":"status-publish","4":"format-standard","5":"has-post-thumbnail","7":"category-noticias-locales","8":"category-sin-categoria"},"yoast_head":"<!-- This site is optimized with the Yoast SEO plugin v27.4 - https:\/\/yoast.com\/product\/yoast-seo-wordpress\/ -->\n<title>Aportar\u00e1 Gobierno del Estado recursos para operaci\u00f3n del CRIT Telet\u00f3n - Fuentes Fidedignas<\/title>\n<meta name=\"robots\" content=\"index, follow, max-snippet:-1, max-image-preview:large, max-video-preview:-1\" \/>\n<link rel=\"canonical\" href=\"https:\/\/fuentesfidedignas.com.mx\/index.php\/2023\/07\/03\/aportara-gobierno-del-estado-recursos-para-operacion-del-crit-teleton\/\" \/>\n<meta property=\"og:locale\" content=\"es_MX\" \/>\n<meta property=\"og:type\" content=\"article\" \/>\n<meta property=\"og:title\" content=\"Aportar\u00e1 Gobierno del Estado recursos para operaci\u00f3n del CRIT Telet\u00f3n - Fuentes Fidedignas\" \/>\n<meta property=\"og:description\" content=\"El gobernador Rub\u00e9n Rocha Moya se\u00f1al\u00f3 que se est\u00e1n analizando alternativas para ampliar la capacidad de atenci\u00f3n a efecto de tener cobertura en Culiac\u00e1n Culiac\u00e1n, Sin.- Con el prop\u00f3sito de beneficiar al mayor n\u00famero posible de familias con alg\u00fan integrante que requiere apoyo para tratar autismo y discapacidad motriz, a trav\u00e9s del Centro de Rehabilitaci\u00f3n [&hellip;]\" \/>\n<meta property=\"og:url\" content=\"https:\/\/fuentesfidedignas.com.mx\/index.php\/2023\/07\/03\/aportara-gobierno-del-estado-recursos-para-operacion-del-crit-teleton\/\" \/>\n<meta property=\"og:site_name\" content=\"Fuentes Fidedignas\" \/>\n<meta property=\"article:publisher\" content=\"https:\/\/www.facebook.com\/Fuentes-Fidedignas-368234489921644\" \/>\n<meta property=\"article:published_time\" content=\"2023-07-03T19:28:28+00:00\" \/>\n<meta property=\"article:modified_time\" content=\"2023-07-03T19:33:52+00:00\" \/>\n<meta property=\"og:image\" content=\"https:\/\/fuentesfidedignas.com.mx\/wp-content\/uploads\/2023\/07\/images-13.jpeg\" \/>\n\t<meta property=\"og:image:width\" content=\"569\" \/>\n\t<meta property=\"og:image:height\" content=\"344\" \/>\n\t<meta property=\"og:image:type\" content=\"image\/jpeg\" \/>\n<meta name=\"author\" content=\"Redacci\u00f3n\" \/>\n<meta name=\"twitter:card\" content=\"summary_large_image\" \/>\n<meta name=\"twitter:creator\" content=\"@fidedignas\" \/>\n<meta name=\"twitter:site\" content=\"@fidedignas\" \/>\n<meta name=\"twitter:label1\" content=\"Escrito por\" \/>\n\t<meta name=\"twitter:data1\" content=\"Redacci\u00f3n\" \/>\n\t<meta name=\"twitter:label2\" content=\"Tiempo de lectura\" \/>\n\t<meta name=\"twitter:data2\" content=\"2 minutos\" \/>\n<script type=\"application\/ld+json\" class=\"yoast-schema-graph\">{\"@context\":\"https:\\\/\\\/schema.org\",\"@graph\":[{\"@type\":\"Article\",\"@id\":\"https:\\\/\\\/fuentesfidedignas.com.mx\\\/index.php\\\/2023\\\/07\\\/03\\\/aportara-gobierno-del-estado-recursos-para-operacion-del-crit-teleton\\\/#article\",\"isPartOf\":{\"@id\":\"https:\\\/\\\/fuentesfidedignas.com.mx\\\/index.php\\\/2023\\\/07\\\/03\\\/aportara-gobierno-del-estado-recursos-para-operacion-del-crit-teleton\\\/\"},\"author\":{\"name\":\"Redacci\u00f3n\",\"@id\":\"https:\\\/\\\/fuentesfidedignas.com.mx\\\/#\\\/schema\\\/person\\\/331be9283d37198e2acd5750279085b0\"},\"headline\":\"Aportar\u00e1 Gobierno del Estado recursos para operaci\u00f3n del CRIT Telet\u00f3n\",\"datePublished\":\"2023-07-03T19:28:28+00:00\",\"dateModified\":\"2023-07-03T19:33:52+00:00\",\"mainEntityOfPage\":{\"@id\":\"https:\\\/\\\/fuentesfidedignas.com.mx\\\/index.php\\\/2023\\\/07\\\/03\\\/aportara-gobierno-del-estado-recursos-para-operacion-del-crit-teleton\\\/\"},\"wordCount\":437,\"commentCount\":0,\"publisher\":{\"@id\":\"https:\\\/\\\/fuentesfidedignas.com.mx\\\/#organization\"},\"image\":{\"@id\":\"https:\\\/\\\/fuentesfidedignas.com.mx\\\/index.php\\\/2023\\\/07\\\/03\\\/aportara-gobierno-del-estado-recursos-para-operacion-del-crit-teleton\\\/#primaryimage\"},\"thumbnailUrl\":\"https:\\\/\\\/fuentesfidedignas.com.mx\\\/wp-content\\\/uploads\\\/2023\\\/07\\\/images-13.jpeg\",\"articleSection\":[\"NOTICIAS LOCALES\"],\"inLanguage\":\"es\",\"potentialAction\":[{\"@type\":\"CommentAction\",\"name\":\"Comment\",\"target\":[\"https:\\\/\\\/fuentesfidedignas.com.mx\\\/index.php\\\/2023\\\/07\\\/03\\\/aportara-gobierno-del-estado-recursos-para-operacion-del-crit-teleton\\\/#respond\"]}]},{\"@type\":\"WebPage\",\"@id\":\"https:\\\/\\\/fuentesfidedignas.com.mx\\\/index.php\\\/2023\\\/07\\\/03\\\/aportara-gobierno-del-estado-recursos-para-operacion-del-crit-teleton\\\/\",\"url\":\"https:\\\/\\\/fuentesfidedignas.com.mx\\\/index.php\\\/2023\\\/07\\\/03\\\/aportara-gobierno-del-estado-recursos-para-operacion-del-crit-teleton\\\/\",\"name\":\"Aportar\u00e1 Gobierno del Estado recursos para operaci\u00f3n del CRIT Telet\u00f3n - Fuentes Fidedignas\",\"isPartOf\":{\"@id\":\"https:\\\/\\\/fuentesfidedignas.com.mx\\\/#website\"},\"primaryImageOfPage\":{\"@id\":\"https:\\\/\\\/fuentesfidedignas.com.mx\\\/index.php\\\/2023\\\/07\\\/03\\\/aportara-gobierno-del-estado-recursos-para-operacion-del-crit-teleton\\\/#primaryimage\"},\"image\":{\"@id\":\"https:\\\/\\\/fuentesfidedignas.com.mx\\\/index.php\\\/2023\\\/07\\\/03\\\/aportara-gobierno-del-estado-recursos-para-operacion-del-crit-teleton\\\/#primaryimage\"},\"thumbnailUrl\":\"https:\\\/\\\/fuentesfidedignas.com.mx\\\/wp-content\\\/uploads\\\/2023\\\/07\\\/images-13.jpeg\",\"datePublished\":\"2023-07-03T19:28:28+00:00\",\"dateModified\":\"2023-07-03T19:33:52+00:00\",\"breadcrumb\":{\"@id\":\"https:\\\/\\\/fuentesfidedignas.com.mx\\\/index.php\\\/2023\\\/07\\\/03\\\/aportara-gobierno-del-estado-recursos-para-operacion-del-crit-teleton\\\/#breadcrumb\"},\"inLanguage\":\"es\",\"potentialAction\":[{\"@type\":\"ReadAction\",\"target\":[\"https:\\\/\\\/fuentesfidedignas.com.mx\\\/index.php\\\/2023\\\/07\\\/03\\\/aportara-gobierno-del-estado-recursos-para-operacion-del-crit-teleton\\\/\"]}]},{\"@type\":\"ImageObject\",\"inLanguage\":\"es\",\"@id\":\"https:\\\/\\\/fuentesfidedignas.com.mx\\\/index.php\\\/2023\\\/07\\\/03\\\/aportara-gobierno-del-estado-recursos-para-operacion-del-crit-teleton\\\/#primaryimage\",\"url\":\"https:\\\/\\\/fuentesfidedignas.com.mx\\\/wp-content\\\/uploads\\\/2023\\\/07\\\/images-13.jpeg\",\"contentUrl\":\"https:\\\/\\\/fuentesfidedignas.com.mx\\\/wp-content\\\/uploads\\\/2023\\\/07\\\/images-13.jpeg\",\"width\":569,\"height\":344},{\"@type\":\"BreadcrumbList\",\"@id\":\"https:\\\/\\\/fuentesfidedignas.com.mx\\\/index.php\\\/2023\\\/07\\\/03\\\/aportara-gobierno-del-estado-recursos-para-operacion-del-crit-teleton\\\/#breadcrumb\",\"itemListElement\":[{\"@type\":\"ListItem\",\"position\":1,\"name\":\"Inicio\",\"item\":\"https:\\\/\\\/fuentesfidedignas.com.mx\\\/\"},{\"@type\":\"ListItem\",\"position\":2,\"name\":\"Aportar\u00e1 Gobierno del Estado recursos para operaci\u00f3n del CRIT Telet\u00f3n\"}]},{\"@type\":\"WebSite\",\"@id\":\"https:\\\/\\\/fuentesfidedignas.com.mx\\\/#website\",\"url\":\"https:\\\/\\\/fuentesfidedignas.com.mx\\\/\",\"name\":\"Fuentes Fidedignas\",\"description\":\"Otro sitio realizado con WordPress\",\"publisher\":{\"@id\":\"https:\\\/\\\/fuentesfidedignas.com.mx\\\/#organization\"},\"potentialAction\":[{\"@type\":\"SearchAction\",\"target\":{\"@type\":\"EntryPoint\",\"urlTemplate\":\"https:\\\/\\\/fuentesfidedignas.com.mx\\\/?s={search_term_string}\"},\"query-input\":{\"@type\":\"PropertyValueSpecification\",\"valueRequired\":true,\"valueName\":\"search_term_string\"}}],\"inLanguage\":\"es\"},{\"@type\":\"Organization\",\"@id\":\"https:\\\/\\\/fuentesfidedignas.com.mx\\\/#organization\",\"name\":\"Fuentes Fidedignas\",\"url\":\"https:\\\/\\\/fuentesfidedignas.com.mx\\\/\",\"logo\":{\"@type\":\"ImageObject\",\"inLanguage\":\"es\",\"@id\":\"https:\\\/\\\/fuentesfidedignas.com.mx\\\/#\\\/schema\\\/logo\\\/image\\\/\",\"url\":\"https:\\\/\\\/fuentesfidedignas.com.mx\\\/wp-content\\\/uploads\\\/2021\\\/04\\\/logo-retina.png\",\"contentUrl\":\"https:\\\/\\\/fuentesfidedignas.com.mx\\\/wp-content\\\/uploads\\\/2021\\\/04\\\/logo-retina.png\",\"width\":280,\"height\":51,\"caption\":\"Fuentes Fidedignas\"},\"image\":{\"@id\":\"https:\\\/\\\/fuentesfidedignas.com.mx\\\/#\\\/schema\\\/logo\\\/image\\\/\"},\"sameAs\":[\"https:\\\/\\\/www.facebook.com\\\/Fuentes-Fidedignas-368234489921644\",\"https:\\\/\\\/x.com\\\/fidedignas\"]},{\"@type\":\"Person\",\"@id\":\"https:\\\/\\\/fuentesfidedignas.com.mx\\\/#\\\/schema\\\/person\\\/331be9283d37198e2acd5750279085b0\",\"name\":\"Redacci\u00f3n\",\"image\":{\"@type\":\"ImageObject\",\"inLanguage\":\"es\",\"@id\":\"https:\\\/\\\/secure.gravatar.com\\\/avatar\\\/f6d8782c11d12b2d4ad3fbb6931aeab5309937a4d6cd2fc9cfaa28a6396a5aec?s=96&d=mm&r=g\",\"url\":\"https:\\\/\\\/secure.gravatar.com\\\/avatar\\\/f6d8782c11d12b2d4ad3fbb6931aeab5309937a4d6cd2fc9cfaa28a6396a5aec?s=96&d=mm&r=g\",\"contentUrl\":\"https:\\\/\\\/secure.gravatar.com\\\/avatar\\\/f6d8782c11d12b2d4ad3fbb6931aeab5309937a4d6cd2fc9cfaa28a6396a5aec?s=96&d=mm&r=g\",\"caption\":\"Redacci\u00f3n\"},\"url\":\"https:\\\/\\\/fuentesfidedignas.com.mx\\\/index.php\\\/author\\\/redaccion\\\/\"}]}<\/script>\n<!-- \/ Yoast SEO plugin. -->","yoast_head_json":{"title":"Aportar\u00e1 Gobierno del Estado recursos para operaci\u00f3n del CRIT Telet\u00f3n - Fuentes Fidedignas","robots":{"index":"index","follow":"follow","max-snippet":"max-snippet:-1","max-image-preview":"max-image-preview:large","max-video-preview":"max-video-preview:-1"},"canonical":"https:\/\/fuentesfidedignas.com.mx\/index.php\/2023\/07\/03\/aportara-gobierno-del-estado-recursos-para-operacion-del-crit-teleton\/","og_locale":"es_MX","og_type":"article","og_title":"Aportar\u00e1 Gobierno del Estado recursos para operaci\u00f3n del CRIT Telet\u00f3n - Fuentes Fidedignas","og_description":"El gobernador Rub\u00e9n Rocha Moya se\u00f1al\u00f3 que se est\u00e1n analizando alternativas para ampliar la capacidad de atenci\u00f3n a efecto de tener cobertura en Culiac\u00e1n Culiac\u00e1n, Sin.- Con el prop\u00f3sito de beneficiar al mayor n\u00famero posible de familias con alg\u00fan integrante que requiere apoyo para tratar autismo y discapacidad motriz, a trav\u00e9s del Centro de Rehabilitaci\u00f3n [&hellip;]","og_url":"https:\/\/fuentesfidedignas.com.mx\/index.php\/2023\/07\/03\/aportara-gobierno-del-estado-recursos-para-operacion-del-crit-teleton\/","og_site_name":"Fuentes Fidedignas","article_publisher":"https:\/\/www.facebook.com\/Fuentes-Fidedignas-368234489921644","article_published_time":"2023-07-03T19:28:28+00:00","article_modified_time":"2023-07-03T19:33:52+00:00","og_image":[{"width":569,"height":344,"url":"https:\/\/fuentesfidedignas.com.mx\/wp-content\/uploads\/2023\/07\/images-13.jpeg","type":"image\/jpeg"}],"author":"Redacci\u00f3n","twitter_card":"summary_large_image","twitter_creator":"@fidedignas","twitter_site":"@fidedignas","twitter_misc":{"Escrito por":"Redacci\u00f3n","Tiempo de lectura":"2 minutos"},"schema":{"@context":"https:\/\/schema.org","@graph":[{"@type":"Article","@id":"https:\/\/fuentesfidedignas.com.mx\/index.php\/2023\/07\/03\/aportara-gobierno-del-estado-recursos-para-operacion-del-crit-teleton\/#article","isPartOf":{"@id":"https:\/\/fuentesfidedignas.com.mx\/index.php\/2023\/07\/03\/aportara-gobierno-del-estado-recursos-para-operacion-del-crit-teleton\/"},"author":{"name":"Redacci\u00f3n","@id":"https:\/\/fuentesfidedignas.com.mx\/#\/schema\/person\/331be9283d37198e2acd5750279085b0"},"headline":"Aportar\u00e1 Gobierno del Estado recursos para operaci\u00f3n del CRIT Telet\u00f3n","datePublished":"2023-07-03T19:28:28+00:00","dateModified":"2023-07-03T19:33:52+00:00","mainEntityOfPage":{"@id":"https:\/\/fuentesfidedignas.com.mx\/index.php\/2023\/07\/03\/aportara-gobierno-del-estado-recursos-para-operacion-del-crit-teleton\/"},"wordCount":437,"commentCount":0,"publisher":{"@id":"https:\/\/fuentesfidedignas.com.mx\/#organization"},"image":{"@id":"https:\/\/fuentesfidedignas.com.mx\/index.php\/2023\/07\/03\/aportara-gobierno-del-estado-recursos-para-operacion-del-crit-teleton\/#primaryimage"},"thumbnailUrl":"https:\/\/fuentesfidedignas.com.mx\/wp-content\/uploads\/2023\/07\/images-13.jpeg","articleSection":["NOTICIAS LOCALES"],"inLanguage":"es","potentialAction":[{"@type":"CommentAction","name":"Comment","target":["https:\/\/fuentesfidedignas.com.mx\/index.php\/2023\/07\/03\/aportara-gobierno-del-estado-recursos-para-operacion-del-crit-teleton\/#respond"]}]},{"@type":"WebPage","@id":"https:\/\/fuentesfidedignas.com.mx\/index.php\/2023\/07\/03\/aportara-gobierno-del-estado-recursos-para-operacion-del-crit-teleton\/","url":"https:\/\/fuentesfidedignas.com.mx\/index.php\/2023\/07\/03\/aportara-gobierno-del-estado-recursos-para-operacion-del-crit-teleton\/","name":"Aportar\u00e1 Gobierno del Estado recursos para operaci\u00f3n del CRIT Telet\u00f3n - Fuentes Fidedignas","isPartOf":{"@id":"https:\/\/fuentesfidedignas.com.mx\/#website"},"primaryImageOfPage":{"@id":"https:\/\/fuentesfidedignas.com.mx\/index.php\/2023\/07\/03\/aportara-gobierno-del-estado-recursos-para-operacion-del-crit-teleton\/#primaryimage"},"image":{"@id":"https:\/\/fuentesfidedignas.com.mx\/index.php\/2023\/07\/03\/aportara-gobierno-del-estado-recursos-para-operacion-del-crit-teleton\/#primaryimage"},"thumbnailUrl":"https:\/\/fuentesfidedignas.com.mx\/wp-content\/uploads\/2023\/07\/images-13.jpeg","datePublished":"2023-07-03T19:28:28+00:00","dateModified":"2023-07-03T19:33:52+00:00","breadcrumb":{"@id":"https:\/\/fuentesfidedignas.com.mx\/index.php\/2023\/07\/03\/aportara-gobierno-del-estado-recursos-para-operacion-del-crit-teleton\/#breadcrumb"},"inLanguage":"es","potentialAction":[{"@type":"ReadAction","target":["https:\/\/fuentesfidedignas.com.mx\/index.php\/2023\/07\/03\/aportara-gobierno-del-estado-recursos-para-operacion-del-crit-teleton\/"]}]},{"@type":"ImageObject","inLanguage":"es","@id":"https:\/\/fuentesfidedignas.com.mx\/index.php\/2023\/07\/03\/aportara-gobierno-del-estado-recursos-para-operacion-del-crit-teleton\/#primaryimage","url":"https:\/\/fuentesfidedignas.com.mx\/wp-content\/uploads\/2023\/07\/images-13.jpeg","contentUrl":"https:\/\/fuentesfidedignas.com.mx\/wp-content\/uploads\/2023\/07\/images-13.jpeg","width":569,"height":344},{"@type":"BreadcrumbList","@id":"https:\/\/fuentesfidedignas.com.mx\/index.php\/2023\/07\/03\/aportara-gobierno-del-estado-recursos-para-operacion-del-crit-teleton\/#breadcrumb","itemListElement":[{"@type":"ListItem","position":1,"name":"Inicio","item":"https:\/\/fuentesfidedignas.com.mx\/"},{"@type":"ListItem","position":2,"name":"Aportar\u00e1 Gobierno del Estado recursos para operaci\u00f3n del CRIT Telet\u00f3n"}]},{"@type":"WebSite","@id":"https:\/\/fuentesfidedignas.com.mx\/#website","url":"https:\/\/fuentesfidedignas.com.mx\/","name":"Fuentes Fidedignas","description":"Otro sitio realizado con WordPress","publisher":{"@id":"https:\/\/fuentesfidedignas.com.mx\/#organization"},"potentialAction":[{"@type":"SearchAction","target":{"@type":"EntryPoint","urlTemplate":"https:\/\/fuentesfidedignas.com.mx\/?s={search_term_string}"},"query-input":{"@type":"PropertyValueSpecification","valueRequired":true,"valueName":"search_term_string"}}],"inLanguage":"es"},{"@type":"Organization","@id":"https:\/\/fuentesfidedignas.com.mx\/#organization","name":"Fuentes Fidedignas","url":"https:\/\/fuentesfidedignas.com.mx\/","logo":{"@type":"ImageObject","inLanguage":"es","@id":"https:\/\/fuentesfidedignas.com.mx\/#\/schema\/logo\/image\/","url":"https:\/\/fuentesfidedignas.com.mx\/wp-content\/uploads\/2021\/04\/logo-retina.png","contentUrl":"https:\/\/fuentesfidedignas.com.mx\/wp-content\/uploads\/2021\/04\/logo-retina.png","width":280,"height":51,"caption":"Fuentes Fidedignas"},"image":{"@id":"https:\/\/fuentesfidedignas.com.mx\/#\/schema\/logo\/image\/"},"sameAs":["https:\/\/www.facebook.com\/Fuentes-Fidedignas-368234489921644","https:\/\/x.com\/fidedignas"]},{"@type":"Person","@id":"https:\/\/fuentesfidedignas.com.mx\/#\/schema\/person\/331be9283d37198e2acd5750279085b0","name":"Redacci\u00f3n","image":{"@type":"ImageObject","inLanguage":"es","@id":"https:\/\/secure.gravatar.com\/avatar\/f6d8782c11d12b2d4ad3fbb6931aeab5309937a4d6cd2fc9cfaa28a6396a5aec?s=96&d=mm&r=g","url":"https:\/\/secure.gravatar.com\/avatar\/f6d8782c11d12b2d4ad3fbb6931aeab5309937a4d6cd2fc9cfaa28a6396a5aec?s=96&d=mm&r=g","contentUrl":"https:\/\/secure.gravatar.com\/avatar\/f6d8782c11d12b2d4ad3fbb6931aeab5309937a4d6cd2fc9cfaa28a6396a5aec?s=96&d=mm&r=g","caption":"Redacci\u00f3n"},"url":"https:\/\/fuentesfidedignas.com.mx\/index.php\/author\/redaccion\/"}]}},"_links":{"self":[{"href":"https:\/\/fuentesfidedignas.com.mx\/index.php\/wp-json\/wp\/v2\/posts\/51759","targetHints":{"allow":["GET"]}}],"collection":[{"href":"https:\/\/fuentesfidedignas.com.mx\/index.php\/wp-json\/wp\/v2\/posts"}],"about":[{"href":"https:\/\/fuentesfidedignas.com.mx\/index.php\/wp-json\/wp\/v2\/types\/post"}],"author":[{"embeddable":true,"href":"https:\/\/fuentesfidedignas.com.mx\/index.php\/wp-json\/wp\/v2\/users\/4"}],"replies":[{"embeddable":true,"href":"https:\/\/fuentesfidedignas.com.mx\/index.php\/wp-json\/wp\/v2\/comments?post=51759"}],"version-history":[{"count":1,"href":"https:\/\/fuentesfidedignas.com.mx\/index.php\/wp-json\/wp\/v2\/posts\/51759\/revisions"}],"predecessor-version":[{"id":51760,"href":"https:\/\/fuentesfidedignas.com.mx\/index.php\/wp-json\/wp\/v2\/posts\/51759\/revisions\/51760"}],"wp:featuredmedia":[{"embeddable":true,"href":"https:\/\/fuentesfidedignas.com.mx\/index.php\/wp-json\/wp\/v2\/media\/51761"}],"wp:attachment":[{"href":"https:\/\/fuentesfidedignas.com.mx\/index.php\/wp-json\/wp\/v2\/media?parent=51759"}],"wp:term":[{"taxonomy":"category","embeddable":true,"href":"https:\/\/fuentesfidedignas.com.mx\/index.php\/wp-json\/wp\/v2\/categories?post=51759"},{"taxonomy":"post_tag","embeddable":true,"href":"https:\/\/fuentesfidedignas.com.mx\/index.php\/wp-json\/wp\/v2\/tags?post=51759"}],"curies":[{"name":"wp","href":"https:\/\/api.w.org\/{rel}","templated":true}]}}