{"id":51752,"date":"2023-07-03T12:11:41","date_gmt":"2023-07-03T19:11:41","guid":{"rendered":"https:\/\/fuentesfidedignas.com.mx\/?p=51752"},"modified":"2023-07-03T12:34:39","modified_gmt":"2023-07-03T19:34:39","slug":"el-viernes-se-presentara-el-mapa-de-riesgo-de-inundaciones-del-estado-rocha","status":"publish","type":"post","link":"https:\/\/fuentesfidedignas.com.mx\/index.php\/2023\/07\/03\/el-viernes-se-presentara-el-mapa-de-riesgo-de-inundaciones-del-estado-rocha\/","title":{"rendered":"El viernes se presentar\u00e1 el mapa de riesgo de inundaciones del estado: Rocha"},"content":{"rendered":"\n<p><em><strong>El gobernador mencion\u00f3 que se atender\u00e1n a todas las personas con riesgo de inundaci\u00f3n en esta temporada de lluvias<\/strong><\/em><\/p>\n\n\n\n<p>Culiac\u00e1n, Sin.- El gobernador Rub\u00e9n Rocha Moya inform\u00f3 esta ma\u00f1ana en su Conferencia Semanera que el viernes tendr\u00e1 una reuni\u00f3n con el Consejo Estatal de Protecci\u00f3n Civil en la que se presentar\u00e1 el mapeado de inundaciones de Sinaloa y de esta forma trabajar de manera m\u00e1s precisa en las acciones preventivas para evitar da\u00f1os mayores en esta temporada de lluvias.<\/p>\n\n\n\n<p>El ejecutivo estatal mencion\u00f3 que ya han comenzado algunas acciones preventivas para las inundaciones en algunas comunidades, tales como el dragado del arroyo en Rancho Viejo, la limpieza del arroyo de Los Mezcales, la pavimentaci\u00f3n en forma de \u201cL\u201d en Los Girasoles y el dragado y la elevaci\u00f3n de los bordes en Los Melones, Sinaloa.<\/p>\n\n\n\n<p>\u201cYa incluso tenemos remediaciones en varios lugares, ya dragamos y levantamos bordos ah\u00ed donde sal\u00eda el arroyo, les pongo de ejemplo el arroyo de rancho viejo, van ustedes a verlo y pasan por ah\u00ed, voltean a la izquierda que es por donde entr\u00f3 el agua y se drag\u00f3 y adem\u00e1s se elev\u00f3 el arroyo y estamos limpiando el arroyo de los mezcales, ese atraviesa varias colonias\u201d, dijo.<\/p>\n\n\n\n<p>Tambi\u00e9n mencion\u00f3 que otra de las acciones preventivas que su gobierno est\u00e1 tomando es el dragado del r\u00edo Las Ca\u00f1as el cual pasa por las comunidades de La Concha y el Tr\u00e9bol 2 y que desde el a\u00f1o pasado han podido anticiparse a que sufran da\u00f1os significativos en estas temporadas de lluvias.<\/p>\n\n\n\n<p>Rocha explic\u00f3 que, aunque se est\u00e9 trabajando en puntos espec\u00edficos para evitar las inundaciones, en su gobierno no dejar\u00e1n de estar atentos al llamado de las personas, por lo que pidi\u00f3 a cualquiera con un riesgo de inundaci\u00f3n, lo notifique y se atender\u00e1.<\/p>\n\n\n\n<p>\u201cNo vamos a dejar de estar atentos de ellos, de todos los que estoy mencionando les digo y toda la gente que tenga ese riesgo que nos diga, que nos mande decir y los vamos a atender, pero el viernes vamos a tener un mapa completo de este tema para atenderlos\u201d, aclar\u00f3.<\/p>\n","protected":false},"excerpt":{"rendered":"<p>El gobernador mencion\u00f3 que se atender\u00e1n a todas las personas con riesgo de inundaci\u00f3n en esta temporada de lluvias Culiac\u00e1n, Sin.- El gobernador Rub\u00e9n Rocha Moya inform\u00f3 esta ma\u00f1ana en su Conferencia Semanera que el viernes tendr\u00e1 una reuni\u00f3n con el Consejo Estatal de Protecci\u00f3n Civil en la que se presentar\u00e1 el mapeado de inundaciones [&hellip;]<\/p>\n","protected":false},"author":4,"featured_media":51754,"comment_status":"open","ping_status":"open","sticky":false,"template":"","format":"standard","meta":{"tdm_status":"","tdm_grid_status":"","footnotes":""},"categories":[37,1],"tags":[],"class_list":{"0":"post-51752","1":"post","2":"type-post","3":"status-publish","4":"format-standard","5":"has-post-thumbnail","7":"category-nota-principal","8":"category-sin-categoria"},"yoast_head":"<!-- This site is optimized with the Yoast SEO plugin v27.4 - https:\/\/yoast.com\/product\/yoast-seo-wordpress\/ -->\n<title>El viernes se presentar\u00e1 el mapa de riesgo de inundaciones del estado: Rocha - Fuentes Fidedignas<\/title>\n<meta name=\"robots\" content=\"index, follow, max-snippet:-1, max-image-preview:large, max-video-preview:-1\" \/>\n<link rel=\"canonical\" href=\"https:\/\/fuentesfidedignas.com.mx\/index.php\/2023\/07\/03\/el-viernes-se-presentara-el-mapa-de-riesgo-de-inundaciones-del-estado-rocha\/\" \/>\n<meta property=\"og:locale\" content=\"es_MX\" \/>\n<meta property=\"og:type\" content=\"article\" \/>\n<meta property=\"og:title\" content=\"El viernes se presentar\u00e1 el mapa de riesgo de inundaciones del estado: Rocha - Fuentes Fidedignas\" \/>\n<meta property=\"og:description\" content=\"El gobernador mencion\u00f3 que se atender\u00e1n a todas las personas con riesgo de inundaci\u00f3n en esta temporada de lluvias Culiac\u00e1n, Sin.- El gobernador Rub\u00e9n Rocha Moya inform\u00f3 esta ma\u00f1ana en su Conferencia Semanera que el viernes tendr\u00e1 una reuni\u00f3n con el Consejo Estatal de Protecci\u00f3n Civil en la que se presentar\u00e1 el mapeado de inundaciones [&hellip;]\" \/>\n<meta property=\"og:url\" content=\"https:\/\/fuentesfidedignas.com.mx\/index.php\/2023\/07\/03\/el-viernes-se-presentara-el-mapa-de-riesgo-de-inundaciones-del-estado-rocha\/\" \/>\n<meta property=\"og:site_name\" content=\"Fuentes Fidedignas\" \/>\n<meta property=\"article:publisher\" content=\"https:\/\/www.facebook.com\/Fuentes-Fidedignas-368234489921644\" \/>\n<meta property=\"article:published_time\" content=\"2023-07-03T19:11:41+00:00\" \/>\n<meta property=\"article:modified_time\" content=\"2023-07-03T19:34:39+00:00\" \/>\n<meta property=\"og:image\" content=\"https:\/\/fuentesfidedignas.com.mx\/wp-content\/uploads\/2023\/07\/IMG-20230703-WA0025.jpg\" \/>\n\t<meta property=\"og:image:width\" content=\"558\" \/>\n\t<meta property=\"og:image:height\" content=\"372\" \/>\n\t<meta property=\"og:image:type\" content=\"image\/jpeg\" \/>\n<meta name=\"author\" content=\"Redacci\u00f3n\" \/>\n<meta name=\"twitter:card\" content=\"summary_large_image\" \/>\n<meta name=\"twitter:creator\" content=\"@fidedignas\" \/>\n<meta name=\"twitter:site\" content=\"@fidedignas\" \/>\n<meta name=\"twitter:label1\" content=\"Escrito por\" \/>\n\t<meta name=\"twitter:data1\" content=\"Redacci\u00f3n\" \/>\n\t<meta name=\"twitter:label2\" content=\"Tiempo de lectura\" \/>\n\t<meta name=\"twitter:data2\" content=\"2 minutos\" \/>\n<script type=\"application\/ld+json\" class=\"yoast-schema-graph\">{\"@context\":\"https:\\\/\\\/schema.org\",\"@graph\":[{\"@type\":\"Article\",\"@id\":\"https:\\\/\\\/fuentesfidedignas.com.mx\\\/index.php\\\/2023\\\/07\\\/03\\\/el-viernes-se-presentara-el-mapa-de-riesgo-de-inundaciones-del-estado-rocha\\\/#article\",\"isPartOf\":{\"@id\":\"https:\\\/\\\/fuentesfidedignas.com.mx\\\/index.php\\\/2023\\\/07\\\/03\\\/el-viernes-se-presentara-el-mapa-de-riesgo-de-inundaciones-del-estado-rocha\\\/\"},\"author\":{\"name\":\"Redacci\u00f3n\",\"@id\":\"https:\\\/\\\/fuentesfidedignas.com.mx\\\/#\\\/schema\\\/person\\\/331be9283d37198e2acd5750279085b0\"},\"headline\":\"El viernes se presentar\u00e1 el mapa de riesgo de inundaciones del estado: Rocha\",\"datePublished\":\"2023-07-03T19:11:41+00:00\",\"dateModified\":\"2023-07-03T19:34:39+00:00\",\"mainEntityOfPage\":{\"@id\":\"https:\\\/\\\/fuentesfidedignas.com.mx\\\/index.php\\\/2023\\\/07\\\/03\\\/el-viernes-se-presentara-el-mapa-de-riesgo-de-inundaciones-del-estado-rocha\\\/\"},\"wordCount\":383,\"commentCount\":0,\"publisher\":{\"@id\":\"https:\\\/\\\/fuentesfidedignas.com.mx\\\/#organization\"},\"image\":{\"@id\":\"https:\\\/\\\/fuentesfidedignas.com.mx\\\/index.php\\\/2023\\\/07\\\/03\\\/el-viernes-se-presentara-el-mapa-de-riesgo-de-inundaciones-del-estado-rocha\\\/#primaryimage\"},\"thumbnailUrl\":\"https:\\\/\\\/fuentesfidedignas.com.mx\\\/wp-content\\\/uploads\\\/2023\\\/07\\\/IMG-20230703-WA0025.jpg\",\"articleSection\":[\"NOTA PRINCIPAL\"],\"inLanguage\":\"es\",\"potentialAction\":[{\"@type\":\"CommentAction\",\"name\":\"Comment\",\"target\":[\"https:\\\/\\\/fuentesfidedignas.com.mx\\\/index.php\\\/2023\\\/07\\\/03\\\/el-viernes-se-presentara-el-mapa-de-riesgo-de-inundaciones-del-estado-rocha\\\/#respond\"]}]},{\"@type\":\"WebPage\",\"@id\":\"https:\\\/\\\/fuentesfidedignas.com.mx\\\/index.php\\\/2023\\\/07\\\/03\\\/el-viernes-se-presentara-el-mapa-de-riesgo-de-inundaciones-del-estado-rocha\\\/\",\"url\":\"https:\\\/\\\/fuentesfidedignas.com.mx\\\/index.php\\\/2023\\\/07\\\/03\\\/el-viernes-se-presentara-el-mapa-de-riesgo-de-inundaciones-del-estado-rocha\\\/\",\"name\":\"El viernes se presentar\u00e1 el mapa de riesgo de inundaciones del estado: Rocha - Fuentes Fidedignas\",\"isPartOf\":{\"@id\":\"https:\\\/\\\/fuentesfidedignas.com.mx\\\/#website\"},\"primaryImageOfPage\":{\"@id\":\"https:\\\/\\\/fuentesfidedignas.com.mx\\\/index.php\\\/2023\\\/07\\\/03\\\/el-viernes-se-presentara-el-mapa-de-riesgo-de-inundaciones-del-estado-rocha\\\/#primaryimage\"},\"image\":{\"@id\":\"https:\\\/\\\/fuentesfidedignas.com.mx\\\/index.php\\\/2023\\\/07\\\/03\\\/el-viernes-se-presentara-el-mapa-de-riesgo-de-inundaciones-del-estado-rocha\\\/#primaryimage\"},\"thumbnailUrl\":\"https:\\\/\\\/fuentesfidedignas.com.mx\\\/wp-content\\\/uploads\\\/2023\\\/07\\\/IMG-20230703-WA0025.jpg\",\"datePublished\":\"2023-07-03T19:11:41+00:00\",\"dateModified\":\"2023-07-03T19:34:39+00:00\",\"breadcrumb\":{\"@id\":\"https:\\\/\\\/fuentesfidedignas.com.mx\\\/index.php\\\/2023\\\/07\\\/03\\\/el-viernes-se-presentara-el-mapa-de-riesgo-de-inundaciones-del-estado-rocha\\\/#breadcrumb\"},\"inLanguage\":\"es\",\"potentialAction\":[{\"@type\":\"ReadAction\",\"target\":[\"https:\\\/\\\/fuentesfidedignas.com.mx\\\/index.php\\\/2023\\\/07\\\/03\\\/el-viernes-se-presentara-el-mapa-de-riesgo-de-inundaciones-del-estado-rocha\\\/\"]}]},{\"@type\":\"ImageObject\",\"inLanguage\":\"es\",\"@id\":\"https:\\\/\\\/fuentesfidedignas.com.mx\\\/index.php\\\/2023\\\/07\\\/03\\\/el-viernes-se-presentara-el-mapa-de-riesgo-de-inundaciones-del-estado-rocha\\\/#primaryimage\",\"url\":\"https:\\\/\\\/fuentesfidedignas.com.mx\\\/wp-content\\\/uploads\\\/2023\\\/07\\\/IMG-20230703-WA0025.jpg\",\"contentUrl\":\"https:\\\/\\\/fuentesfidedignas.com.mx\\\/wp-content\\\/uploads\\\/2023\\\/07\\\/IMG-20230703-WA0025.jpg\",\"width\":558,\"height\":372},{\"@type\":\"BreadcrumbList\",\"@id\":\"https:\\\/\\\/fuentesfidedignas.com.mx\\\/index.php\\\/2023\\\/07\\\/03\\\/el-viernes-se-presentara-el-mapa-de-riesgo-de-inundaciones-del-estado-rocha\\\/#breadcrumb\",\"itemListElement\":[{\"@type\":\"ListItem\",\"position\":1,\"name\":\"Inicio\",\"item\":\"https:\\\/\\\/fuentesfidedignas.com.mx\\\/\"},{\"@type\":\"ListItem\",\"position\":2,\"name\":\"El viernes se presentar\u00e1 el mapa de riesgo de inundaciones del estado: Rocha\"}]},{\"@type\":\"WebSite\",\"@id\":\"https:\\\/\\\/fuentesfidedignas.com.mx\\\/#website\",\"url\":\"https:\\\/\\\/fuentesfidedignas.com.mx\\\/\",\"name\":\"Fuentes Fidedignas\",\"description\":\"Otro sitio realizado con WordPress\",\"publisher\":{\"@id\":\"https:\\\/\\\/fuentesfidedignas.com.mx\\\/#organization\"},\"potentialAction\":[{\"@type\":\"SearchAction\",\"target\":{\"@type\":\"EntryPoint\",\"urlTemplate\":\"https:\\\/\\\/fuentesfidedignas.com.mx\\\/?s={search_term_string}\"},\"query-input\":{\"@type\":\"PropertyValueSpecification\",\"valueRequired\":true,\"valueName\":\"search_term_string\"}}],\"inLanguage\":\"es\"},{\"@type\":\"Organization\",\"@id\":\"https:\\\/\\\/fuentesfidedignas.com.mx\\\/#organization\",\"name\":\"Fuentes Fidedignas\",\"url\":\"https:\\\/\\\/fuentesfidedignas.com.mx\\\/\",\"logo\":{\"@type\":\"ImageObject\",\"inLanguage\":\"es\",\"@id\":\"https:\\\/\\\/fuentesfidedignas.com.mx\\\/#\\\/schema\\\/logo\\\/image\\\/\",\"url\":\"https:\\\/\\\/fuentesfidedignas.com.mx\\\/wp-content\\\/uploads\\\/2021\\\/04\\\/logo-retina.png\",\"contentUrl\":\"https:\\\/\\\/fuentesfidedignas.com.mx\\\/wp-content\\\/uploads\\\/2021\\\/04\\\/logo-retina.png\",\"width\":280,\"height\":51,\"caption\":\"Fuentes Fidedignas\"},\"image\":{\"@id\":\"https:\\\/\\\/fuentesfidedignas.com.mx\\\/#\\\/schema\\\/logo\\\/image\\\/\"},\"sameAs\":[\"https:\\\/\\\/www.facebook.com\\\/Fuentes-Fidedignas-368234489921644\",\"https:\\\/\\\/x.com\\\/fidedignas\"]},{\"@type\":\"Person\",\"@id\":\"https:\\\/\\\/fuentesfidedignas.com.mx\\\/#\\\/schema\\\/person\\\/331be9283d37198e2acd5750279085b0\",\"name\":\"Redacci\u00f3n\",\"image\":{\"@type\":\"ImageObject\",\"inLanguage\":\"es\",\"@id\":\"https:\\\/\\\/secure.gravatar.com\\\/avatar\\\/f6d8782c11d12b2d4ad3fbb6931aeab5309937a4d6cd2fc9cfaa28a6396a5aec?s=96&d=mm&r=g\",\"url\":\"https:\\\/\\\/secure.gravatar.com\\\/avatar\\\/f6d8782c11d12b2d4ad3fbb6931aeab5309937a4d6cd2fc9cfaa28a6396a5aec?s=96&d=mm&r=g\",\"contentUrl\":\"https:\\\/\\\/secure.gravatar.com\\\/avatar\\\/f6d8782c11d12b2d4ad3fbb6931aeab5309937a4d6cd2fc9cfaa28a6396a5aec?s=96&d=mm&r=g\",\"caption\":\"Redacci\u00f3n\"},\"url\":\"https:\\\/\\\/fuentesfidedignas.com.mx\\\/index.php\\\/author\\\/redaccion\\\/\"}]}<\/script>\n<!-- \/ Yoast SEO plugin. -->","yoast_head_json":{"title":"El viernes se presentar\u00e1 el mapa de riesgo de inundaciones del estado: Rocha - Fuentes Fidedignas","robots":{"index":"index","follow":"follow","max-snippet":"max-snippet:-1","max-image-preview":"max-image-preview:large","max-video-preview":"max-video-preview:-1"},"canonical":"https:\/\/fuentesfidedignas.com.mx\/index.php\/2023\/07\/03\/el-viernes-se-presentara-el-mapa-de-riesgo-de-inundaciones-del-estado-rocha\/","og_locale":"es_MX","og_type":"article","og_title":"El viernes se presentar\u00e1 el mapa de riesgo de inundaciones del estado: Rocha - Fuentes Fidedignas","og_description":"El gobernador mencion\u00f3 que se atender\u00e1n a todas las personas con riesgo de inundaci\u00f3n en esta temporada de lluvias Culiac\u00e1n, Sin.- El gobernador Rub\u00e9n Rocha Moya inform\u00f3 esta ma\u00f1ana en su Conferencia Semanera que el viernes tendr\u00e1 una reuni\u00f3n con el Consejo Estatal de Protecci\u00f3n Civil en la que se presentar\u00e1 el mapeado de inundaciones [&hellip;]","og_url":"https:\/\/fuentesfidedignas.com.mx\/index.php\/2023\/07\/03\/el-viernes-se-presentara-el-mapa-de-riesgo-de-inundaciones-del-estado-rocha\/","og_site_name":"Fuentes Fidedignas","article_publisher":"https:\/\/www.facebook.com\/Fuentes-Fidedignas-368234489921644","article_published_time":"2023-07-03T19:11:41+00:00","article_modified_time":"2023-07-03T19:34:39+00:00","og_image":[{"width":558,"height":372,"url":"https:\/\/fuentesfidedignas.com.mx\/wp-content\/uploads\/2023\/07\/IMG-20230703-WA0025.jpg","type":"image\/jpeg"}],"author":"Redacci\u00f3n","twitter_card":"summary_large_image","twitter_creator":"@fidedignas","twitter_site":"@fidedignas","twitter_misc":{"Escrito por":"Redacci\u00f3n","Tiempo de lectura":"2 minutos"},"schema":{"@context":"https:\/\/schema.org","@graph":[{"@type":"Article","@id":"https:\/\/fuentesfidedignas.com.mx\/index.php\/2023\/07\/03\/el-viernes-se-presentara-el-mapa-de-riesgo-de-inundaciones-del-estado-rocha\/#article","isPartOf":{"@id":"https:\/\/fuentesfidedignas.com.mx\/index.php\/2023\/07\/03\/el-viernes-se-presentara-el-mapa-de-riesgo-de-inundaciones-del-estado-rocha\/"},"author":{"name":"Redacci\u00f3n","@id":"https:\/\/fuentesfidedignas.com.mx\/#\/schema\/person\/331be9283d37198e2acd5750279085b0"},"headline":"El viernes se presentar\u00e1 el mapa de riesgo de inundaciones del estado: Rocha","datePublished":"2023-07-03T19:11:41+00:00","dateModified":"2023-07-03T19:34:39+00:00","mainEntityOfPage":{"@id":"https:\/\/fuentesfidedignas.com.mx\/index.php\/2023\/07\/03\/el-viernes-se-presentara-el-mapa-de-riesgo-de-inundaciones-del-estado-rocha\/"},"wordCount":383,"commentCount":0,"publisher":{"@id":"https:\/\/fuentesfidedignas.com.mx\/#organization"},"image":{"@id":"https:\/\/fuentesfidedignas.com.mx\/index.php\/2023\/07\/03\/el-viernes-se-presentara-el-mapa-de-riesgo-de-inundaciones-del-estado-rocha\/#primaryimage"},"thumbnailUrl":"https:\/\/fuentesfidedignas.com.mx\/wp-content\/uploads\/2023\/07\/IMG-20230703-WA0025.jpg","articleSection":["NOTA PRINCIPAL"],"inLanguage":"es","potentialAction":[{"@type":"CommentAction","name":"Comment","target":["https:\/\/fuentesfidedignas.com.mx\/index.php\/2023\/07\/03\/el-viernes-se-presentara-el-mapa-de-riesgo-de-inundaciones-del-estado-rocha\/#respond"]}]},{"@type":"WebPage","@id":"https:\/\/fuentesfidedignas.com.mx\/index.php\/2023\/07\/03\/el-viernes-se-presentara-el-mapa-de-riesgo-de-inundaciones-del-estado-rocha\/","url":"https:\/\/fuentesfidedignas.com.mx\/index.php\/2023\/07\/03\/el-viernes-se-presentara-el-mapa-de-riesgo-de-inundaciones-del-estado-rocha\/","name":"El viernes se presentar\u00e1 el mapa de riesgo de inundaciones del estado: Rocha - Fuentes Fidedignas","isPartOf":{"@id":"https:\/\/fuentesfidedignas.com.mx\/#website"},"primaryImageOfPage":{"@id":"https:\/\/fuentesfidedignas.com.mx\/index.php\/2023\/07\/03\/el-viernes-se-presentara-el-mapa-de-riesgo-de-inundaciones-del-estado-rocha\/#primaryimage"},"image":{"@id":"https:\/\/fuentesfidedignas.com.mx\/index.php\/2023\/07\/03\/el-viernes-se-presentara-el-mapa-de-riesgo-de-inundaciones-del-estado-rocha\/#primaryimage"},"thumbnailUrl":"https:\/\/fuentesfidedignas.com.mx\/wp-content\/uploads\/2023\/07\/IMG-20230703-WA0025.jpg","datePublished":"2023-07-03T19:11:41+00:00","dateModified":"2023-07-03T19:34:39+00:00","breadcrumb":{"@id":"https:\/\/fuentesfidedignas.com.mx\/index.php\/2023\/07\/03\/el-viernes-se-presentara-el-mapa-de-riesgo-de-inundaciones-del-estado-rocha\/#breadcrumb"},"inLanguage":"es","potentialAction":[{"@type":"ReadAction","target":["https:\/\/fuentesfidedignas.com.mx\/index.php\/2023\/07\/03\/el-viernes-se-presentara-el-mapa-de-riesgo-de-inundaciones-del-estado-rocha\/"]}]},{"@type":"ImageObject","inLanguage":"es","@id":"https:\/\/fuentesfidedignas.com.mx\/index.php\/2023\/07\/03\/el-viernes-se-presentara-el-mapa-de-riesgo-de-inundaciones-del-estado-rocha\/#primaryimage","url":"https:\/\/fuentesfidedignas.com.mx\/wp-content\/uploads\/2023\/07\/IMG-20230703-WA0025.jpg","contentUrl":"https:\/\/fuentesfidedignas.com.mx\/wp-content\/uploads\/2023\/07\/IMG-20230703-WA0025.jpg","width":558,"height":372},{"@type":"BreadcrumbList","@id":"https:\/\/fuentesfidedignas.com.mx\/index.php\/2023\/07\/03\/el-viernes-se-presentara-el-mapa-de-riesgo-de-inundaciones-del-estado-rocha\/#breadcrumb","itemListElement":[{"@type":"ListItem","position":1,"name":"Inicio","item":"https:\/\/fuentesfidedignas.com.mx\/"},{"@type":"ListItem","position":2,"name":"El viernes se presentar\u00e1 el mapa de riesgo de inundaciones del estado: Rocha"}]},{"@type":"WebSite","@id":"https:\/\/fuentesfidedignas.com.mx\/#website","url":"https:\/\/fuentesfidedignas.com.mx\/","name":"Fuentes Fidedignas","description":"Otro sitio realizado con WordPress","publisher":{"@id":"https:\/\/fuentesfidedignas.com.mx\/#organization"},"potentialAction":[{"@type":"SearchAction","target":{"@type":"EntryPoint","urlTemplate":"https:\/\/fuentesfidedignas.com.mx\/?s={search_term_string}"},"query-input":{"@type":"PropertyValueSpecification","valueRequired":true,"valueName":"search_term_string"}}],"inLanguage":"es"},{"@type":"Organization","@id":"https:\/\/fuentesfidedignas.com.mx\/#organization","name":"Fuentes Fidedignas","url":"https:\/\/fuentesfidedignas.com.mx\/","logo":{"@type":"ImageObject","inLanguage":"es","@id":"https:\/\/fuentesfidedignas.com.mx\/#\/schema\/logo\/image\/","url":"https:\/\/fuentesfidedignas.com.mx\/wp-content\/uploads\/2021\/04\/logo-retina.png","contentUrl":"https:\/\/fuentesfidedignas.com.mx\/wp-content\/uploads\/2021\/04\/logo-retina.png","width":280,"height":51,"caption":"Fuentes Fidedignas"},"image":{"@id":"https:\/\/fuentesfidedignas.com.mx\/#\/schema\/logo\/image\/"},"sameAs":["https:\/\/www.facebook.com\/Fuentes-Fidedignas-368234489921644","https:\/\/x.com\/fidedignas"]},{"@type":"Person","@id":"https:\/\/fuentesfidedignas.com.mx\/#\/schema\/person\/331be9283d37198e2acd5750279085b0","name":"Redacci\u00f3n","image":{"@type":"ImageObject","inLanguage":"es","@id":"https:\/\/secure.gravatar.com\/avatar\/f6d8782c11d12b2d4ad3fbb6931aeab5309937a4d6cd2fc9cfaa28a6396a5aec?s=96&d=mm&r=g","url":"https:\/\/secure.gravatar.com\/avatar\/f6d8782c11d12b2d4ad3fbb6931aeab5309937a4d6cd2fc9cfaa28a6396a5aec?s=96&d=mm&r=g","contentUrl":"https:\/\/secure.gravatar.com\/avatar\/f6d8782c11d12b2d4ad3fbb6931aeab5309937a4d6cd2fc9cfaa28a6396a5aec?s=96&d=mm&r=g","caption":"Redacci\u00f3n"},"url":"https:\/\/fuentesfidedignas.com.mx\/index.php\/author\/redaccion\/"}]}},"_links":{"self":[{"href":"https:\/\/fuentesfidedignas.com.mx\/index.php\/wp-json\/wp\/v2\/posts\/51752","targetHints":{"allow":["GET"]}}],"collection":[{"href":"https:\/\/fuentesfidedignas.com.mx\/index.php\/wp-json\/wp\/v2\/posts"}],"about":[{"href":"https:\/\/fuentesfidedignas.com.mx\/index.php\/wp-json\/wp\/v2\/types\/post"}],"author":[{"embeddable":true,"href":"https:\/\/fuentesfidedignas.com.mx\/index.php\/wp-json\/wp\/v2\/users\/4"}],"replies":[{"embeddable":true,"href":"https:\/\/fuentesfidedignas.com.mx\/index.php\/wp-json\/wp\/v2\/comments?post=51752"}],"version-history":[{"count":1,"href":"https:\/\/fuentesfidedignas.com.mx\/index.php\/wp-json\/wp\/v2\/posts\/51752\/revisions"}],"predecessor-version":[{"id":51753,"href":"https:\/\/fuentesfidedignas.com.mx\/index.php\/wp-json\/wp\/v2\/posts\/51752\/revisions\/51753"}],"wp:featuredmedia":[{"embeddable":true,"href":"https:\/\/fuentesfidedignas.com.mx\/index.php\/wp-json\/wp\/v2\/media\/51754"}],"wp:attachment":[{"href":"https:\/\/fuentesfidedignas.com.mx\/index.php\/wp-json\/wp\/v2\/media?parent=51752"}],"wp:term":[{"taxonomy":"category","embeddable":true,"href":"https:\/\/fuentesfidedignas.com.mx\/index.php\/wp-json\/wp\/v2\/categories?post=51752"},{"taxonomy":"post_tag","embeddable":true,"href":"https:\/\/fuentesfidedignas.com.mx\/index.php\/wp-json\/wp\/v2\/tags?post=51752"}],"curies":[{"name":"wp","href":"https:\/\/api.w.org\/{rel}","templated":true}]}}