{"id":51749,"date":"2023-07-03T11:58:32","date_gmt":"2023-07-03T18:58:32","guid":{"rendered":"https:\/\/fuentesfidedignas.com.mx\/?p=51749"},"modified":"2023-07-03T12:17:21","modified_gmt":"2023-07-03T19:17:21","slug":"empieza-retiro-de-la-cosecha-de-maiz-en-bodegas-de-sinaloa","status":"publish","type":"post","link":"https:\/\/fuentesfidedignas.com.mx\/index.php\/2023\/07\/03\/empieza-retiro-de-la-cosecha-de-maiz-en-bodegas-de-sinaloa\/","title":{"rendered":"Empieza retiro de la cosecha de ma\u00edz en bodegas de Sinaloa"},"content":{"rendered":"\n<p><em><strong>Ya se tiene un avance del 30 por ciento en el programa de compra de SEGALMEX<\/strong><\/em><\/p>\n\n\n\n<p><em>Esta misma semana se liquidar\u00e1n las primeras 131 mil toneladas que compr\u00f3 a su vez el Gobierno del Estado<\/em><\/p>\n\n\n\n<p>Culiac\u00e1n, Sin.- El gobernador Rub\u00e9n Rocha Moya dio a conocer que este martes saldr\u00e1n las primeras 9 mil toneladas de ma\u00edz adquiridas en Sinaloa por SEGALMEX para ser distribuidas en las tiendas DICONSA en diferentes estados de la Rep\u00fablica, con lo cual se descongestionar\u00e1n algunas bodegas para recibir m\u00e1s volumen de ma\u00edz del programa de compra de 2 millones de toneladas a peque\u00f1os productores de hasta 15 hect\u00e1reas.<\/p>\n\n\n\n<p>As\u00ed lo adelant\u00f3 el propio mandatario estatal durante su Conferencia Semanera desde el Auditorio de Palacio de Gobierno, donde estuvo de nuevo acompa\u00f1ado como en la semana pasada, por la encargada del Programa de Adquisici\u00f3n de Ma\u00edz en Sinaloa por parte de Seguridad Alimentaria Mexicana (SEGALMEX), Ana Cristina Garc\u00eda Almanza, as\u00ed como por el subsecretario de Agricultura, Ram\u00f3n Gallegos Araiza, quien present\u00f3 tambi\u00e9n el avance del programa de compra de 500 mil toneladas de ma\u00edz del Gobierno del Estado.<\/p>\n\n\n\n<p>El gobernador Rocha anunci\u00f3 que este martes regresar\u00e1 a Sinaloa el director general de SEGALMEX, Leonel Cota Monta\u00f1o, para atestiguar el primer embarque por tren del desalojo de 9 mil toneladas de ma\u00edz desde Navolato, de la bodega Agrosilos, volumen que se distribuir\u00e1 al programa de reserva estrat\u00e9gica para las distintas tiendas DICONSA.<\/p>\n\n\n\n<p>\u201c<strong>Ma\u00f1ana viene Leonel Cota, vamos a hacer un acto, son 9 mil toneladas las que van a salir, en realidad son pocas con respecto al volumen total, sin embargo, vamos con ello a dar inicio, va a ser el primer tren que sale. Eso ayuda mucho porque va a descongestionar las bodegas, ma\u00f1ana va a empezar ya la retirada del ma\u00edz de aqu\u00ed, de las bodegas de aqu\u00ed para llev\u00e1rselas a otras bodegas del pa\u00eds, donde hay regiones que se atienden para el tema del programa de atenci\u00f3n a la gente pobre a trav\u00e9s de las tiendas DICONSA<\/strong>\u201d, adelant\u00f3 el gobernador.<\/p>\n\n\n\n<p>Tal como ocurri\u00f3 la semana pasada, la Conferencia Semanera del gobernador inici\u00f3 con el reporte del avance del programa de la compra conjunta de los 2 millones de toneladas por parte de SEGALMEX y del Gobierno del Estado, y al respecto, la doctora Ana Cristina Garc\u00eda Almanza inform\u00f3 que ya se tiene un avance del 30 por ciento por parte de la dependencia federal que representa.<\/p>\n\n\n\n<p>\u201c<strong>Ya hemos estado avanzando por lo cual es una buena noticia, ya pr\u00e1cticamente estamos llegando al 30 por ciento de avance, los productores que ya llevamos beneficiados son 3 mil 535 hasta el d\u00eda de hoy, que representa un 25.03 por ciento; en relaci\u00f3n al acopio ya documentado del ma\u00edz son 299 mil 715.33 toneladas<\/strong>\u201d, inform\u00f3 la funcionaria de SEGALMEX.<\/p>\n\n\n\n<p>Garc\u00eda Almanza explic\u00f3 que ello representa una derrama econ\u00f3mica de 2 mil 087 millones 517 mil 409.24 pesos, cantidad que en conjunto se ha pagado a los productores sin ning\u00fan inconveniente en un m\u00e1ximo de 72 horas a partir de que se concreta el tr\u00e1mite de recepci\u00f3n en las bodegas, operaciones que se hace a diario en todos los centros habilitados para ello.<\/p>\n\n\n\n<p>Enseguida, el gobernador Rocha le solicit\u00f3 al subsecretario de Agricultura, Ram\u00f3n Gallegos Araiza, que informara sobre el avance del programa de compra de las 500 mil toneladas de parte del Gobierno del Estado.<\/p>\n\n\n\n<p>Al respecto, el funcionario estatal dijo que el reporte que se tiene es la recepci\u00f3n en 30 bodegas de un volumen de 139 mil 998 toneladas de ma\u00edz de parte de 2 mil 372 productores, quienes sembraron una superficie de 20 mil 615 hect\u00e1reas, y todos ellos peque\u00f1os productores de hasta 15 hect\u00e1reas, quienes obtendr\u00e1n un pago de 6 mil 965 pesos por tonelada, que es el precio de garant\u00eda.<\/p>\n\n\n\n<p>\u201c<strong>En esta semana se concluye, por otra parte, el pago de las primeras 131 mil 400 toneladas programadas para pago ya el d\u00eda viernes por normativa de los certificados de dep\u00f3sito ante los centros de acopio se iniciaron los primeros pagos y el d\u00eda de hoy ya estar\u00e1n empezando a pagar a los productores las empresas acopiadoras<\/strong>\u201d, explic\u00f3.<\/p>\n\n\n\n<p>El subsecretario de Agricultura hizo un llamado a todos los peque\u00f1os productores de hasta 15 hect\u00e1reas que no se hayan registrado en el programa de compra de un mill\u00f3n y medio de toneladas por parte de SEGALMEX, que se registren en el programa de Gobierno del Estado para asegurar de esta manera el precio de garant\u00eda de 6 mil 965 pesos por tonelada.<\/p>\n","protected":false},"excerpt":{"rendered":"<p>Ya se tiene un avance del 30 por ciento en el programa de compra de SEGALMEX Esta misma semana se liquidar\u00e1n las primeras 131 mil toneladas que compr\u00f3 a su vez el Gobierno del Estado Culiac\u00e1n, Sin.- El gobernador Rub\u00e9n Rocha Moya dio a conocer que este martes saldr\u00e1n las primeras 9 mil toneladas de [&hellip;]<\/p>\n","protected":false},"author":4,"featured_media":51751,"comment_status":"open","ping_status":"open","sticky":false,"template":"","format":"standard","meta":{"tdm_status":"","tdm_grid_status":"","footnotes":""},"categories":[37,1],"tags":[],"class_list":{"0":"post-51749","1":"post","2":"type-post","3":"status-publish","4":"format-standard","5":"has-post-thumbnail","7":"category-nota-principal","8":"category-sin-categoria"},"yoast_head":"<!-- This site is optimized with the Yoast SEO plugin v27.4 - https:\/\/yoast.com\/product\/yoast-seo-wordpress\/ -->\n<title>Empieza retiro de la cosecha de ma\u00edz en bodegas de Sinaloa - Fuentes Fidedignas<\/title>\n<meta name=\"robots\" content=\"index, follow, max-snippet:-1, max-image-preview:large, max-video-preview:-1\" \/>\n<link rel=\"canonical\" href=\"https:\/\/fuentesfidedignas.com.mx\/index.php\/2023\/07\/03\/empieza-retiro-de-la-cosecha-de-maiz-en-bodegas-de-sinaloa\/\" \/>\n<meta property=\"og:locale\" content=\"es_MX\" \/>\n<meta property=\"og:type\" content=\"article\" \/>\n<meta property=\"og:title\" content=\"Empieza retiro de la cosecha de ma\u00edz en bodegas de Sinaloa - Fuentes Fidedignas\" \/>\n<meta property=\"og:description\" content=\"Ya se tiene un avance del 30 por ciento en el programa de compra de SEGALMEX Esta misma semana se liquidar\u00e1n las primeras 131 mil toneladas que compr\u00f3 a su vez el Gobierno del Estado Culiac\u00e1n, Sin.- El gobernador Rub\u00e9n Rocha Moya dio a conocer que este martes saldr\u00e1n las primeras 9 mil toneladas de [&hellip;]\" \/>\n<meta property=\"og:url\" content=\"https:\/\/fuentesfidedignas.com.mx\/index.php\/2023\/07\/03\/empieza-retiro-de-la-cosecha-de-maiz-en-bodegas-de-sinaloa\/\" \/>\n<meta property=\"og:site_name\" content=\"Fuentes Fidedignas\" \/>\n<meta property=\"article:publisher\" content=\"https:\/\/www.facebook.com\/Fuentes-Fidedignas-368234489921644\" \/>\n<meta property=\"article:published_time\" content=\"2023-07-03T18:58:32+00:00\" \/>\n<meta property=\"article:modified_time\" content=\"2023-07-03T19:17:21+00:00\" \/>\n<meta property=\"og:image\" content=\"https:\/\/fuentesfidedignas.com.mx\/wp-content\/uploads\/2023\/07\/images-12.jpeg\" \/>\n\t<meta property=\"og:image:width\" content=\"738\" \/>\n\t<meta property=\"og:image:height\" content=\"415\" \/>\n\t<meta property=\"og:image:type\" content=\"image\/jpeg\" \/>\n<meta name=\"author\" content=\"Redacci\u00f3n\" \/>\n<meta name=\"twitter:card\" content=\"summary_large_image\" \/>\n<meta name=\"twitter:creator\" content=\"@fidedignas\" \/>\n<meta name=\"twitter:site\" content=\"@fidedignas\" \/>\n<meta name=\"twitter:label1\" content=\"Escrito por\" \/>\n\t<meta name=\"twitter:data1\" content=\"Redacci\u00f3n\" \/>\n\t<meta name=\"twitter:label2\" content=\"Tiempo de lectura\" \/>\n\t<meta name=\"twitter:data2\" content=\"4 minutos\" \/>\n<script type=\"application\/ld+json\" class=\"yoast-schema-graph\">{\"@context\":\"https:\\\/\\\/schema.org\",\"@graph\":[{\"@type\":\"Article\",\"@id\":\"https:\\\/\\\/fuentesfidedignas.com.mx\\\/index.php\\\/2023\\\/07\\\/03\\\/empieza-retiro-de-la-cosecha-de-maiz-en-bodegas-de-sinaloa\\\/#article\",\"isPartOf\":{\"@id\":\"https:\\\/\\\/fuentesfidedignas.com.mx\\\/index.php\\\/2023\\\/07\\\/03\\\/empieza-retiro-de-la-cosecha-de-maiz-en-bodegas-de-sinaloa\\\/\"},\"author\":{\"name\":\"Redacci\u00f3n\",\"@id\":\"https:\\\/\\\/fuentesfidedignas.com.mx\\\/#\\\/schema\\\/person\\\/331be9283d37198e2acd5750279085b0\"},\"headline\":\"Empieza retiro de la cosecha de ma\u00edz en bodegas de Sinaloa\",\"datePublished\":\"2023-07-03T18:58:32+00:00\",\"dateModified\":\"2023-07-03T19:17:21+00:00\",\"mainEntityOfPage\":{\"@id\":\"https:\\\/\\\/fuentesfidedignas.com.mx\\\/index.php\\\/2023\\\/07\\\/03\\\/empieza-retiro-de-la-cosecha-de-maiz-en-bodegas-de-sinaloa\\\/\"},\"wordCount\":780,\"commentCount\":0,\"publisher\":{\"@id\":\"https:\\\/\\\/fuentesfidedignas.com.mx\\\/#organization\"},\"image\":{\"@id\":\"https:\\\/\\\/fuentesfidedignas.com.mx\\\/index.php\\\/2023\\\/07\\\/03\\\/empieza-retiro-de-la-cosecha-de-maiz-en-bodegas-de-sinaloa\\\/#primaryimage\"},\"thumbnailUrl\":\"https:\\\/\\\/fuentesfidedignas.com.mx\\\/wp-content\\\/uploads\\\/2023\\\/07\\\/images-12.jpeg\",\"articleSection\":[\"NOTA PRINCIPAL\"],\"inLanguage\":\"es\",\"potentialAction\":[{\"@type\":\"CommentAction\",\"name\":\"Comment\",\"target\":[\"https:\\\/\\\/fuentesfidedignas.com.mx\\\/index.php\\\/2023\\\/07\\\/03\\\/empieza-retiro-de-la-cosecha-de-maiz-en-bodegas-de-sinaloa\\\/#respond\"]}]},{\"@type\":\"WebPage\",\"@id\":\"https:\\\/\\\/fuentesfidedignas.com.mx\\\/index.php\\\/2023\\\/07\\\/03\\\/empieza-retiro-de-la-cosecha-de-maiz-en-bodegas-de-sinaloa\\\/\",\"url\":\"https:\\\/\\\/fuentesfidedignas.com.mx\\\/index.php\\\/2023\\\/07\\\/03\\\/empieza-retiro-de-la-cosecha-de-maiz-en-bodegas-de-sinaloa\\\/\",\"name\":\"Empieza retiro de la cosecha de ma\u00edz en bodegas de Sinaloa - Fuentes Fidedignas\",\"isPartOf\":{\"@id\":\"https:\\\/\\\/fuentesfidedignas.com.mx\\\/#website\"},\"primaryImageOfPage\":{\"@id\":\"https:\\\/\\\/fuentesfidedignas.com.mx\\\/index.php\\\/2023\\\/07\\\/03\\\/empieza-retiro-de-la-cosecha-de-maiz-en-bodegas-de-sinaloa\\\/#primaryimage\"},\"image\":{\"@id\":\"https:\\\/\\\/fuentesfidedignas.com.mx\\\/index.php\\\/2023\\\/07\\\/03\\\/empieza-retiro-de-la-cosecha-de-maiz-en-bodegas-de-sinaloa\\\/#primaryimage\"},\"thumbnailUrl\":\"https:\\\/\\\/fuentesfidedignas.com.mx\\\/wp-content\\\/uploads\\\/2023\\\/07\\\/images-12.jpeg\",\"datePublished\":\"2023-07-03T18:58:32+00:00\",\"dateModified\":\"2023-07-03T19:17:21+00:00\",\"breadcrumb\":{\"@id\":\"https:\\\/\\\/fuentesfidedignas.com.mx\\\/index.php\\\/2023\\\/07\\\/03\\\/empieza-retiro-de-la-cosecha-de-maiz-en-bodegas-de-sinaloa\\\/#breadcrumb\"},\"inLanguage\":\"es\",\"potentialAction\":[{\"@type\":\"ReadAction\",\"target\":[\"https:\\\/\\\/fuentesfidedignas.com.mx\\\/index.php\\\/2023\\\/07\\\/03\\\/empieza-retiro-de-la-cosecha-de-maiz-en-bodegas-de-sinaloa\\\/\"]}]},{\"@type\":\"ImageObject\",\"inLanguage\":\"es\",\"@id\":\"https:\\\/\\\/fuentesfidedignas.com.mx\\\/index.php\\\/2023\\\/07\\\/03\\\/empieza-retiro-de-la-cosecha-de-maiz-en-bodegas-de-sinaloa\\\/#primaryimage\",\"url\":\"https:\\\/\\\/fuentesfidedignas.com.mx\\\/wp-content\\\/uploads\\\/2023\\\/07\\\/images-12.jpeg\",\"contentUrl\":\"https:\\\/\\\/fuentesfidedignas.com.mx\\\/wp-content\\\/uploads\\\/2023\\\/07\\\/images-12.jpeg\",\"width\":738,\"height\":415},{\"@type\":\"BreadcrumbList\",\"@id\":\"https:\\\/\\\/fuentesfidedignas.com.mx\\\/index.php\\\/2023\\\/07\\\/03\\\/empieza-retiro-de-la-cosecha-de-maiz-en-bodegas-de-sinaloa\\\/#breadcrumb\",\"itemListElement\":[{\"@type\":\"ListItem\",\"position\":1,\"name\":\"Inicio\",\"item\":\"https:\\\/\\\/fuentesfidedignas.com.mx\\\/\"},{\"@type\":\"ListItem\",\"position\":2,\"name\":\"Empieza retiro de la cosecha de ma\u00edz en bodegas de Sinaloa\"}]},{\"@type\":\"WebSite\",\"@id\":\"https:\\\/\\\/fuentesfidedignas.com.mx\\\/#website\",\"url\":\"https:\\\/\\\/fuentesfidedignas.com.mx\\\/\",\"name\":\"Fuentes Fidedignas\",\"description\":\"Otro sitio realizado con WordPress\",\"publisher\":{\"@id\":\"https:\\\/\\\/fuentesfidedignas.com.mx\\\/#organization\"},\"potentialAction\":[{\"@type\":\"SearchAction\",\"target\":{\"@type\":\"EntryPoint\",\"urlTemplate\":\"https:\\\/\\\/fuentesfidedignas.com.mx\\\/?s={search_term_string}\"},\"query-input\":{\"@type\":\"PropertyValueSpecification\",\"valueRequired\":true,\"valueName\":\"search_term_string\"}}],\"inLanguage\":\"es\"},{\"@type\":\"Organization\",\"@id\":\"https:\\\/\\\/fuentesfidedignas.com.mx\\\/#organization\",\"name\":\"Fuentes Fidedignas\",\"url\":\"https:\\\/\\\/fuentesfidedignas.com.mx\\\/\",\"logo\":{\"@type\":\"ImageObject\",\"inLanguage\":\"es\",\"@id\":\"https:\\\/\\\/fuentesfidedignas.com.mx\\\/#\\\/schema\\\/logo\\\/image\\\/\",\"url\":\"https:\\\/\\\/fuentesfidedignas.com.mx\\\/wp-content\\\/uploads\\\/2021\\\/04\\\/logo-retina.png\",\"contentUrl\":\"https:\\\/\\\/fuentesfidedignas.com.mx\\\/wp-content\\\/uploads\\\/2021\\\/04\\\/logo-retina.png\",\"width\":280,\"height\":51,\"caption\":\"Fuentes Fidedignas\"},\"image\":{\"@id\":\"https:\\\/\\\/fuentesfidedignas.com.mx\\\/#\\\/schema\\\/logo\\\/image\\\/\"},\"sameAs\":[\"https:\\\/\\\/www.facebook.com\\\/Fuentes-Fidedignas-368234489921644\",\"https:\\\/\\\/x.com\\\/fidedignas\"]},{\"@type\":\"Person\",\"@id\":\"https:\\\/\\\/fuentesfidedignas.com.mx\\\/#\\\/schema\\\/person\\\/331be9283d37198e2acd5750279085b0\",\"name\":\"Redacci\u00f3n\",\"image\":{\"@type\":\"ImageObject\",\"inLanguage\":\"es\",\"@id\":\"https:\\\/\\\/secure.gravatar.com\\\/avatar\\\/f6d8782c11d12b2d4ad3fbb6931aeab5309937a4d6cd2fc9cfaa28a6396a5aec?s=96&d=mm&r=g\",\"url\":\"https:\\\/\\\/secure.gravatar.com\\\/avatar\\\/f6d8782c11d12b2d4ad3fbb6931aeab5309937a4d6cd2fc9cfaa28a6396a5aec?s=96&d=mm&r=g\",\"contentUrl\":\"https:\\\/\\\/secure.gravatar.com\\\/avatar\\\/f6d8782c11d12b2d4ad3fbb6931aeab5309937a4d6cd2fc9cfaa28a6396a5aec?s=96&d=mm&r=g\",\"caption\":\"Redacci\u00f3n\"},\"url\":\"https:\\\/\\\/fuentesfidedignas.com.mx\\\/index.php\\\/author\\\/redaccion\\\/\"}]}<\/script>\n<!-- \/ Yoast SEO plugin. -->","yoast_head_json":{"title":"Empieza retiro de la cosecha de ma\u00edz en bodegas de Sinaloa - Fuentes Fidedignas","robots":{"index":"index","follow":"follow","max-snippet":"max-snippet:-1","max-image-preview":"max-image-preview:large","max-video-preview":"max-video-preview:-1"},"canonical":"https:\/\/fuentesfidedignas.com.mx\/index.php\/2023\/07\/03\/empieza-retiro-de-la-cosecha-de-maiz-en-bodegas-de-sinaloa\/","og_locale":"es_MX","og_type":"article","og_title":"Empieza retiro de la cosecha de ma\u00edz en bodegas de Sinaloa - Fuentes Fidedignas","og_description":"Ya se tiene un avance del 30 por ciento en el programa de compra de SEGALMEX Esta misma semana se liquidar\u00e1n las primeras 131 mil toneladas que compr\u00f3 a su vez el Gobierno del Estado Culiac\u00e1n, Sin.- El gobernador Rub\u00e9n Rocha Moya dio a conocer que este martes saldr\u00e1n las primeras 9 mil toneladas de [&hellip;]","og_url":"https:\/\/fuentesfidedignas.com.mx\/index.php\/2023\/07\/03\/empieza-retiro-de-la-cosecha-de-maiz-en-bodegas-de-sinaloa\/","og_site_name":"Fuentes Fidedignas","article_publisher":"https:\/\/www.facebook.com\/Fuentes-Fidedignas-368234489921644","article_published_time":"2023-07-03T18:58:32+00:00","article_modified_time":"2023-07-03T19:17:21+00:00","og_image":[{"width":738,"height":415,"url":"https:\/\/fuentesfidedignas.com.mx\/wp-content\/uploads\/2023\/07\/images-12.jpeg","type":"image\/jpeg"}],"author":"Redacci\u00f3n","twitter_card":"summary_large_image","twitter_creator":"@fidedignas","twitter_site":"@fidedignas","twitter_misc":{"Escrito por":"Redacci\u00f3n","Tiempo de lectura":"4 minutos"},"schema":{"@context":"https:\/\/schema.org","@graph":[{"@type":"Article","@id":"https:\/\/fuentesfidedignas.com.mx\/index.php\/2023\/07\/03\/empieza-retiro-de-la-cosecha-de-maiz-en-bodegas-de-sinaloa\/#article","isPartOf":{"@id":"https:\/\/fuentesfidedignas.com.mx\/index.php\/2023\/07\/03\/empieza-retiro-de-la-cosecha-de-maiz-en-bodegas-de-sinaloa\/"},"author":{"name":"Redacci\u00f3n","@id":"https:\/\/fuentesfidedignas.com.mx\/#\/schema\/person\/331be9283d37198e2acd5750279085b0"},"headline":"Empieza retiro de la cosecha de ma\u00edz en bodegas de Sinaloa","datePublished":"2023-07-03T18:58:32+00:00","dateModified":"2023-07-03T19:17:21+00:00","mainEntityOfPage":{"@id":"https:\/\/fuentesfidedignas.com.mx\/index.php\/2023\/07\/03\/empieza-retiro-de-la-cosecha-de-maiz-en-bodegas-de-sinaloa\/"},"wordCount":780,"commentCount":0,"publisher":{"@id":"https:\/\/fuentesfidedignas.com.mx\/#organization"},"image":{"@id":"https:\/\/fuentesfidedignas.com.mx\/index.php\/2023\/07\/03\/empieza-retiro-de-la-cosecha-de-maiz-en-bodegas-de-sinaloa\/#primaryimage"},"thumbnailUrl":"https:\/\/fuentesfidedignas.com.mx\/wp-content\/uploads\/2023\/07\/images-12.jpeg","articleSection":["NOTA PRINCIPAL"],"inLanguage":"es","potentialAction":[{"@type":"CommentAction","name":"Comment","target":["https:\/\/fuentesfidedignas.com.mx\/index.php\/2023\/07\/03\/empieza-retiro-de-la-cosecha-de-maiz-en-bodegas-de-sinaloa\/#respond"]}]},{"@type":"WebPage","@id":"https:\/\/fuentesfidedignas.com.mx\/index.php\/2023\/07\/03\/empieza-retiro-de-la-cosecha-de-maiz-en-bodegas-de-sinaloa\/","url":"https:\/\/fuentesfidedignas.com.mx\/index.php\/2023\/07\/03\/empieza-retiro-de-la-cosecha-de-maiz-en-bodegas-de-sinaloa\/","name":"Empieza retiro de la cosecha de ma\u00edz en bodegas de Sinaloa - Fuentes Fidedignas","isPartOf":{"@id":"https:\/\/fuentesfidedignas.com.mx\/#website"},"primaryImageOfPage":{"@id":"https:\/\/fuentesfidedignas.com.mx\/index.php\/2023\/07\/03\/empieza-retiro-de-la-cosecha-de-maiz-en-bodegas-de-sinaloa\/#primaryimage"},"image":{"@id":"https:\/\/fuentesfidedignas.com.mx\/index.php\/2023\/07\/03\/empieza-retiro-de-la-cosecha-de-maiz-en-bodegas-de-sinaloa\/#primaryimage"},"thumbnailUrl":"https:\/\/fuentesfidedignas.com.mx\/wp-content\/uploads\/2023\/07\/images-12.jpeg","datePublished":"2023-07-03T18:58:32+00:00","dateModified":"2023-07-03T19:17:21+00:00","breadcrumb":{"@id":"https:\/\/fuentesfidedignas.com.mx\/index.php\/2023\/07\/03\/empieza-retiro-de-la-cosecha-de-maiz-en-bodegas-de-sinaloa\/#breadcrumb"},"inLanguage":"es","potentialAction":[{"@type":"ReadAction","target":["https:\/\/fuentesfidedignas.com.mx\/index.php\/2023\/07\/03\/empieza-retiro-de-la-cosecha-de-maiz-en-bodegas-de-sinaloa\/"]}]},{"@type":"ImageObject","inLanguage":"es","@id":"https:\/\/fuentesfidedignas.com.mx\/index.php\/2023\/07\/03\/empieza-retiro-de-la-cosecha-de-maiz-en-bodegas-de-sinaloa\/#primaryimage","url":"https:\/\/fuentesfidedignas.com.mx\/wp-content\/uploads\/2023\/07\/images-12.jpeg","contentUrl":"https:\/\/fuentesfidedignas.com.mx\/wp-content\/uploads\/2023\/07\/images-12.jpeg","width":738,"height":415},{"@type":"BreadcrumbList","@id":"https:\/\/fuentesfidedignas.com.mx\/index.php\/2023\/07\/03\/empieza-retiro-de-la-cosecha-de-maiz-en-bodegas-de-sinaloa\/#breadcrumb","itemListElement":[{"@type":"ListItem","position":1,"name":"Inicio","item":"https:\/\/fuentesfidedignas.com.mx\/"},{"@type":"ListItem","position":2,"name":"Empieza retiro de la cosecha de ma\u00edz en bodegas de Sinaloa"}]},{"@type":"WebSite","@id":"https:\/\/fuentesfidedignas.com.mx\/#website","url":"https:\/\/fuentesfidedignas.com.mx\/","name":"Fuentes Fidedignas","description":"Otro sitio realizado con WordPress","publisher":{"@id":"https:\/\/fuentesfidedignas.com.mx\/#organization"},"potentialAction":[{"@type":"SearchAction","target":{"@type":"EntryPoint","urlTemplate":"https:\/\/fuentesfidedignas.com.mx\/?s={search_term_string}"},"query-input":{"@type":"PropertyValueSpecification","valueRequired":true,"valueName":"search_term_string"}}],"inLanguage":"es"},{"@type":"Organization","@id":"https:\/\/fuentesfidedignas.com.mx\/#organization","name":"Fuentes Fidedignas","url":"https:\/\/fuentesfidedignas.com.mx\/","logo":{"@type":"ImageObject","inLanguage":"es","@id":"https:\/\/fuentesfidedignas.com.mx\/#\/schema\/logo\/image\/","url":"https:\/\/fuentesfidedignas.com.mx\/wp-content\/uploads\/2021\/04\/logo-retina.png","contentUrl":"https:\/\/fuentesfidedignas.com.mx\/wp-content\/uploads\/2021\/04\/logo-retina.png","width":280,"height":51,"caption":"Fuentes Fidedignas"},"image":{"@id":"https:\/\/fuentesfidedignas.com.mx\/#\/schema\/logo\/image\/"},"sameAs":["https:\/\/www.facebook.com\/Fuentes-Fidedignas-368234489921644","https:\/\/x.com\/fidedignas"]},{"@type":"Person","@id":"https:\/\/fuentesfidedignas.com.mx\/#\/schema\/person\/331be9283d37198e2acd5750279085b0","name":"Redacci\u00f3n","image":{"@type":"ImageObject","inLanguage":"es","@id":"https:\/\/secure.gravatar.com\/avatar\/f6d8782c11d12b2d4ad3fbb6931aeab5309937a4d6cd2fc9cfaa28a6396a5aec?s=96&d=mm&r=g","url":"https:\/\/secure.gravatar.com\/avatar\/f6d8782c11d12b2d4ad3fbb6931aeab5309937a4d6cd2fc9cfaa28a6396a5aec?s=96&d=mm&r=g","contentUrl":"https:\/\/secure.gravatar.com\/avatar\/f6d8782c11d12b2d4ad3fbb6931aeab5309937a4d6cd2fc9cfaa28a6396a5aec?s=96&d=mm&r=g","caption":"Redacci\u00f3n"},"url":"https:\/\/fuentesfidedignas.com.mx\/index.php\/author\/redaccion\/"}]}},"_links":{"self":[{"href":"https:\/\/fuentesfidedignas.com.mx\/index.php\/wp-json\/wp\/v2\/posts\/51749","targetHints":{"allow":["GET"]}}],"collection":[{"href":"https:\/\/fuentesfidedignas.com.mx\/index.php\/wp-json\/wp\/v2\/posts"}],"about":[{"href":"https:\/\/fuentesfidedignas.com.mx\/index.php\/wp-json\/wp\/v2\/types\/post"}],"author":[{"embeddable":true,"href":"https:\/\/fuentesfidedignas.com.mx\/index.php\/wp-json\/wp\/v2\/users\/4"}],"replies":[{"embeddable":true,"href":"https:\/\/fuentesfidedignas.com.mx\/index.php\/wp-json\/wp\/v2\/comments?post=51749"}],"version-history":[{"count":1,"href":"https:\/\/fuentesfidedignas.com.mx\/index.php\/wp-json\/wp\/v2\/posts\/51749\/revisions"}],"predecessor-version":[{"id":51750,"href":"https:\/\/fuentesfidedignas.com.mx\/index.php\/wp-json\/wp\/v2\/posts\/51749\/revisions\/51750"}],"wp:featuredmedia":[{"embeddable":true,"href":"https:\/\/fuentesfidedignas.com.mx\/index.php\/wp-json\/wp\/v2\/media\/51751"}],"wp:attachment":[{"href":"https:\/\/fuentesfidedignas.com.mx\/index.php\/wp-json\/wp\/v2\/media?parent=51749"}],"wp:term":[{"taxonomy":"category","embeddable":true,"href":"https:\/\/fuentesfidedignas.com.mx\/index.php\/wp-json\/wp\/v2\/categories?post=51749"},{"taxonomy":"post_tag","embeddable":true,"href":"https:\/\/fuentesfidedignas.com.mx\/index.php\/wp-json\/wp\/v2\/tags?post=51749"}],"curies":[{"name":"wp","href":"https:\/\/api.w.org\/{rel}","templated":true}]}}