{"id":51734,"date":"2023-07-03T09:46:52","date_gmt":"2023-07-03T16:46:52","guid":{"rendered":"https:\/\/fuentesfidedignas.com.mx\/?p=51734"},"modified":"2023-07-03T10:47:02","modified_gmt":"2023-07-03T17:47:02","slug":"xochitl-galvez-sera-la-candidata-de-la-oposicion-en-2024-asegura-amlo","status":"publish","type":"post","link":"https:\/\/fuentesfidedignas.com.mx\/index.php\/2023\/07\/03\/xochitl-galvez-sera-la-candidata-de-la-oposicion-en-2024-asegura-amlo\/","title":{"rendered":"X\u00f3chitl G\u00e1lvez ser\u00e1 la candidata de la oposici\u00f3n en 2024, asegura AMLO"},"content":{"rendered":"\n<p><strong><em>L\u00f3pez Obrador explic\u00f3 que el empresario Claudio X. Gonz\u00e1lez realiz\u00f3 las consultas para que X\u00f3chitl G\u00e1lvez sea la abanderada de la oposici\u00f3n<\/em><\/strong><\/p>\n\n\n\n<p>Ciudad de M\u00e9xico. Andr\u00e9s Manuel L\u00f3pez Obrador, presidente de M\u00e9xico, revel\u00f3 que la senadora X\u00f3chitl G\u00e1lvez ser\u00e1 la candidata presidencial de la oposici\u00f3n, agrupada en el Frente Amplio por M\u00e9xico.<\/p>\n\n\n\n<figure class=\"wp-block-embed is-type-rich is-provider-twitter wp-block-embed-twitter\"><div class=\"wp-block-embed__wrapper\">\n<blockquote class=\"twitter-tweet\" data-width=\"550\" data-dnt=\"true\"><p lang=\"es\" dir=\"ltr\">Ser\u00e1 X\u00f3chitl G\u00e1lvez la candidata presidencial de la oposici\u00f3n, agrupada en el Frente Amplio por M\u00e9xico, anunci\u00f3 el presidente L\u00f3pez Obrador. <br><br>Que la decisi\u00f3n se tom\u00f3 tras &quot;un proceso de consultas arriba&quot; con los que &quot;aportan dinero&quot; y con &quot;due\u00f1os de los medios&quot; <a href=\"https:\/\/t.co\/1i2tyVgW68\">pic.twitter.com\/1i2tyVgW68<\/a><\/p>&mdash; Joaqu\u00edn L\u00f3pez-D\u00f3riga (@lopezdoriga) <a href=\"https:\/\/twitter.com\/lopezdoriga\/status\/1675883824377483264?ref_src=twsrc%5Etfw\">July 3, 2023<\/a><\/blockquote><script async src=\"https:\/\/platform.twitter.com\/widgets.js\" charset=\"utf-8\"><\/script>\n<\/div><\/figure>\n\n\n\n<p>En la conferencia matutina de&nbsp;<strong>Palacio Nacional<\/strong>,&nbsp;<strong>L\u00f3pez Obrador<\/strong>&nbsp;explic\u00f3 que fue el empresario&nbsp;<strong>Claudio X. Gonz\u00e1lez<\/strong>&nbsp;quien llev\u00f3 a cabo las consultas para que&nbsp;<strong>G\u00e1lvez Ruiz<\/strong>&nbsp;sea la abanderada del bloque opositor de cara a los comicios de junio 2024.<\/p>\n\n\n\n<blockquote class=\"wp-block-quote is-layout-flow wp-block-quote-is-layout-flow\">\n<p>Tengo toda la informaci\u00f3n de que \u00e9l (Claudio X. Gonz\u00e1lez) llev\u00f3 a cabo las consultas para que los represente a este grupo X\u00f3chitl (G\u00e1lvez), Hace como 15 d\u00edas a un mes me enter\u00e9, mis gargantas profundas\u201d, dijo.<\/p>\n<\/blockquote>\n\n\n\n<p>\u201cFue un proceso de consulta arriba, con los que no dan la cara pero s\u00ed act\u00faan y son los que aportan dinero para la campa\u00f1a, la guerra sucia, consultas tambi\u00e9n con los due\u00f1os de los medios, consultas con los intelectuales.<\/p>\n\n\n\n<p>El mandatario mexicano asever\u00f3 que algunos aspirantes de la oposici\u00f3n ya se dieron cuenta de esta situaci\u00f3n y comienzan a declinar porque \u201cno quieren ser comparsa\u201d.<\/p>\n\n\n\n<p>\u201c\u00bfPor qu\u00e9 deciden a favor de la se\u00f1ora X\u00f3chitl? Ellos suponen que si naci\u00f3 en un pueblo va a tener el apoyo del pueblo, y adem\u00e1s es en realidad parte de ellos, no del pueblo, sino que ella forma parte&nbsp; de los conservadores, desde luego no es de los de arriba, pero s\u00ed forma parte del mismo agrupamiento, porque tambi\u00e9n en el bloque conservador hay nivelitos\u201d, subray\u00f3.<\/p>\n\n\n\n<p>\u201c\u00bfPor qu\u00e9 X\u00f3chitl? Es que trabaj\u00f3 con Fox, fue directora de el Instituto Indigenista y al mismo tiempo, porque pues tiene convicciones muy definidas en favor del pueblo obre, la \u00fanica elecci\u00f3n que ha ganado, no s\u00e9 si otra, fue la de jefa delegacional en Miguel Hidalgo, donde viven los m\u00e1s ricos de M\u00e9xico, porque ah\u00ed est\u00e1n Las Lomas, y son los que ahora esT\u00e1n apoyando\u201d, manifest\u00f3.<\/p>\n","protected":false},"excerpt":{"rendered":"<p>L\u00f3pez Obrador explic\u00f3 que el empresario Claudio X. Gonz\u00e1lez realiz\u00f3 las consultas para que X\u00f3chitl G\u00e1lvez sea la abanderada de la oposici\u00f3n Ciudad de M\u00e9xico. Andr\u00e9s Manuel L\u00f3pez Obrador, presidente de M\u00e9xico, revel\u00f3 que la senadora X\u00f3chitl G\u00e1lvez ser\u00e1 la candidata presidencial de la oposici\u00f3n, agrupada en el Frente Amplio por M\u00e9xico. En la conferencia [&hellip;]<\/p>\n","protected":false},"author":47,"featured_media":51736,"comment_status":"open","ping_status":"open","sticky":false,"template":"","format":"standard","meta":{"tdm_status":"","tdm_grid_status":"","footnotes":""},"categories":[39,1],"tags":[],"class_list":{"0":"post-51734","1":"post","2":"type-post","3":"status-publish","4":"format-standard","5":"has-post-thumbnail","7":"category-noticias-nacionales","8":"category-sin-categoria"},"yoast_head":"<!-- This site is optimized with the Yoast SEO plugin v27.4 - https:\/\/yoast.com\/product\/yoast-seo-wordpress\/ -->\n<title>X\u00f3chitl G\u00e1lvez ser\u00e1 la candidata de la oposici\u00f3n en 2024, asegura AMLO - Fuentes Fidedignas<\/title>\n<meta name=\"robots\" content=\"index, follow, max-snippet:-1, max-image-preview:large, max-video-preview:-1\" \/>\n<link rel=\"canonical\" href=\"https:\/\/fuentesfidedignas.com.mx\/index.php\/2023\/07\/03\/xochitl-galvez-sera-la-candidata-de-la-oposicion-en-2024-asegura-amlo\/\" \/>\n<meta property=\"og:locale\" content=\"es_MX\" \/>\n<meta property=\"og:type\" content=\"article\" \/>\n<meta property=\"og:title\" content=\"X\u00f3chitl G\u00e1lvez ser\u00e1 la candidata de la oposici\u00f3n en 2024, asegura AMLO - Fuentes Fidedignas\" \/>\n<meta property=\"og:description\" content=\"L\u00f3pez Obrador explic\u00f3 que el empresario Claudio X. Gonz\u00e1lez realiz\u00f3 las consultas para que X\u00f3chitl G\u00e1lvez sea la abanderada de la oposici\u00f3n Ciudad de M\u00e9xico. Andr\u00e9s Manuel L\u00f3pez Obrador, presidente de M\u00e9xico, revel\u00f3 que la senadora X\u00f3chitl G\u00e1lvez ser\u00e1 la candidata presidencial de la oposici\u00f3n, agrupada en el Frente Amplio por M\u00e9xico. En la conferencia [&hellip;]\" \/>\n<meta property=\"og:url\" content=\"https:\/\/fuentesfidedignas.com.mx\/index.php\/2023\/07\/03\/xochitl-galvez-sera-la-candidata-de-la-oposicion-en-2024-asegura-amlo\/\" \/>\n<meta property=\"og:site_name\" content=\"Fuentes Fidedignas\" \/>\n<meta property=\"article:publisher\" content=\"https:\/\/www.facebook.com\/Fuentes-Fidedignas-368234489921644\" \/>\n<meta property=\"article:published_time\" content=\"2023-07-03T16:46:52+00:00\" \/>\n<meta property=\"article:modified_time\" content=\"2023-07-03T17:47:02+00:00\" \/>\n<meta property=\"og:image\" content=\"https:\/\/fuentesfidedignas.com.mx\/wp-content\/uploads\/2023\/07\/xochitl-galvez.jpg\" \/>\n\t<meta property=\"og:image:width\" content=\"1920\" \/>\n\t<meta property=\"og:image:height\" content=\"1280\" \/>\n\t<meta property=\"og:image:type\" content=\"image\/jpeg\" \/>\n<meta name=\"author\" content=\"L\u00f3pez D\u00f3riga\" \/>\n<meta name=\"twitter:card\" content=\"summary_large_image\" \/>\n<meta name=\"twitter:creator\" content=\"@fidedignas\" \/>\n<meta name=\"twitter:site\" content=\"@fidedignas\" \/>\n<meta name=\"twitter:label1\" content=\"Escrito por\" \/>\n\t<meta name=\"twitter:data1\" content=\"L\u00f3pez D\u00f3riga\" \/>\n\t<meta name=\"twitter:label2\" content=\"Tiempo de lectura\" \/>\n\t<meta name=\"twitter:data2\" content=\"2 minutos\" \/>\n<script type=\"application\/ld+json\" class=\"yoast-schema-graph\">{\"@context\":\"https:\\\/\\\/schema.org\",\"@graph\":[{\"@type\":\"Article\",\"@id\":\"https:\\\/\\\/fuentesfidedignas.com.mx\\\/index.php\\\/2023\\\/07\\\/03\\\/xochitl-galvez-sera-la-candidata-de-la-oposicion-en-2024-asegura-amlo\\\/#article\",\"isPartOf\":{\"@id\":\"https:\\\/\\\/fuentesfidedignas.com.mx\\\/index.php\\\/2023\\\/07\\\/03\\\/xochitl-galvez-sera-la-candidata-de-la-oposicion-en-2024-asegura-amlo\\\/\"},\"author\":{\"name\":\"L\u00f3pez D\u00f3riga\",\"@id\":\"https:\\\/\\\/fuentesfidedignas.com.mx\\\/#\\\/schema\\\/person\\\/67d852f0557c8509146a4b9ddebd543a\"},\"headline\":\"X\u00f3chitl G\u00e1lvez ser\u00e1 la candidata de la oposici\u00f3n en 2024, asegura AMLO\",\"datePublished\":\"2023-07-03T16:46:52+00:00\",\"dateModified\":\"2023-07-03T17:47:02+00:00\",\"mainEntityOfPage\":{\"@id\":\"https:\\\/\\\/fuentesfidedignas.com.mx\\\/index.php\\\/2023\\\/07\\\/03\\\/xochitl-galvez-sera-la-candidata-de-la-oposicion-en-2024-asegura-amlo\\\/\"},\"wordCount\":396,\"commentCount\":0,\"publisher\":{\"@id\":\"https:\\\/\\\/fuentesfidedignas.com.mx\\\/#organization\"},\"image\":{\"@id\":\"https:\\\/\\\/fuentesfidedignas.com.mx\\\/index.php\\\/2023\\\/07\\\/03\\\/xochitl-galvez-sera-la-candidata-de-la-oposicion-en-2024-asegura-amlo\\\/#primaryimage\"},\"thumbnailUrl\":\"https:\\\/\\\/fuentesfidedignas.com.mx\\\/wp-content\\\/uploads\\\/2023\\\/07\\\/xochitl-galvez.jpg\",\"articleSection\":[\"NOTICIAS NACIONALES\"],\"inLanguage\":\"es\",\"potentialAction\":[{\"@type\":\"CommentAction\",\"name\":\"Comment\",\"target\":[\"https:\\\/\\\/fuentesfidedignas.com.mx\\\/index.php\\\/2023\\\/07\\\/03\\\/xochitl-galvez-sera-la-candidata-de-la-oposicion-en-2024-asegura-amlo\\\/#respond\"]}]},{\"@type\":\"WebPage\",\"@id\":\"https:\\\/\\\/fuentesfidedignas.com.mx\\\/index.php\\\/2023\\\/07\\\/03\\\/xochitl-galvez-sera-la-candidata-de-la-oposicion-en-2024-asegura-amlo\\\/\",\"url\":\"https:\\\/\\\/fuentesfidedignas.com.mx\\\/index.php\\\/2023\\\/07\\\/03\\\/xochitl-galvez-sera-la-candidata-de-la-oposicion-en-2024-asegura-amlo\\\/\",\"name\":\"X\u00f3chitl G\u00e1lvez ser\u00e1 la candidata de la oposici\u00f3n en 2024, asegura AMLO - Fuentes Fidedignas\",\"isPartOf\":{\"@id\":\"https:\\\/\\\/fuentesfidedignas.com.mx\\\/#website\"},\"primaryImageOfPage\":{\"@id\":\"https:\\\/\\\/fuentesfidedignas.com.mx\\\/index.php\\\/2023\\\/07\\\/03\\\/xochitl-galvez-sera-la-candidata-de-la-oposicion-en-2024-asegura-amlo\\\/#primaryimage\"},\"image\":{\"@id\":\"https:\\\/\\\/fuentesfidedignas.com.mx\\\/index.php\\\/2023\\\/07\\\/03\\\/xochitl-galvez-sera-la-candidata-de-la-oposicion-en-2024-asegura-amlo\\\/#primaryimage\"},\"thumbnailUrl\":\"https:\\\/\\\/fuentesfidedignas.com.mx\\\/wp-content\\\/uploads\\\/2023\\\/07\\\/xochitl-galvez.jpg\",\"datePublished\":\"2023-07-03T16:46:52+00:00\",\"dateModified\":\"2023-07-03T17:47:02+00:00\",\"breadcrumb\":{\"@id\":\"https:\\\/\\\/fuentesfidedignas.com.mx\\\/index.php\\\/2023\\\/07\\\/03\\\/xochitl-galvez-sera-la-candidata-de-la-oposicion-en-2024-asegura-amlo\\\/#breadcrumb\"},\"inLanguage\":\"es\",\"potentialAction\":[{\"@type\":\"ReadAction\",\"target\":[\"https:\\\/\\\/fuentesfidedignas.com.mx\\\/index.php\\\/2023\\\/07\\\/03\\\/xochitl-galvez-sera-la-candidata-de-la-oposicion-en-2024-asegura-amlo\\\/\"]}]},{\"@type\":\"ImageObject\",\"inLanguage\":\"es\",\"@id\":\"https:\\\/\\\/fuentesfidedignas.com.mx\\\/index.php\\\/2023\\\/07\\\/03\\\/xochitl-galvez-sera-la-candidata-de-la-oposicion-en-2024-asegura-amlo\\\/#primaryimage\",\"url\":\"https:\\\/\\\/fuentesfidedignas.com.mx\\\/wp-content\\\/uploads\\\/2023\\\/07\\\/xochitl-galvez.jpg\",\"contentUrl\":\"https:\\\/\\\/fuentesfidedignas.com.mx\\\/wp-content\\\/uploads\\\/2023\\\/07\\\/xochitl-galvez.jpg\",\"width\":1920,\"height\":1280},{\"@type\":\"BreadcrumbList\",\"@id\":\"https:\\\/\\\/fuentesfidedignas.com.mx\\\/index.php\\\/2023\\\/07\\\/03\\\/xochitl-galvez-sera-la-candidata-de-la-oposicion-en-2024-asegura-amlo\\\/#breadcrumb\",\"itemListElement\":[{\"@type\":\"ListItem\",\"position\":1,\"name\":\"Inicio\",\"item\":\"https:\\\/\\\/fuentesfidedignas.com.mx\\\/\"},{\"@type\":\"ListItem\",\"position\":2,\"name\":\"X\u00f3chitl G\u00e1lvez ser\u00e1 la candidata de la oposici\u00f3n en 2024, asegura AMLO\"}]},{\"@type\":\"WebSite\",\"@id\":\"https:\\\/\\\/fuentesfidedignas.com.mx\\\/#website\",\"url\":\"https:\\\/\\\/fuentesfidedignas.com.mx\\\/\",\"name\":\"Fuentes Fidedignas\",\"description\":\"Otro sitio realizado con WordPress\",\"publisher\":{\"@id\":\"https:\\\/\\\/fuentesfidedignas.com.mx\\\/#organization\"},\"potentialAction\":[{\"@type\":\"SearchAction\",\"target\":{\"@type\":\"EntryPoint\",\"urlTemplate\":\"https:\\\/\\\/fuentesfidedignas.com.mx\\\/?s={search_term_string}\"},\"query-input\":{\"@type\":\"PropertyValueSpecification\",\"valueRequired\":true,\"valueName\":\"search_term_string\"}}],\"inLanguage\":\"es\"},{\"@type\":\"Organization\",\"@id\":\"https:\\\/\\\/fuentesfidedignas.com.mx\\\/#organization\",\"name\":\"Fuentes Fidedignas\",\"url\":\"https:\\\/\\\/fuentesfidedignas.com.mx\\\/\",\"logo\":{\"@type\":\"ImageObject\",\"inLanguage\":\"es\",\"@id\":\"https:\\\/\\\/fuentesfidedignas.com.mx\\\/#\\\/schema\\\/logo\\\/image\\\/\",\"url\":\"https:\\\/\\\/fuentesfidedignas.com.mx\\\/wp-content\\\/uploads\\\/2021\\\/04\\\/logo-retina.png\",\"contentUrl\":\"https:\\\/\\\/fuentesfidedignas.com.mx\\\/wp-content\\\/uploads\\\/2021\\\/04\\\/logo-retina.png\",\"width\":280,\"height\":51,\"caption\":\"Fuentes Fidedignas\"},\"image\":{\"@id\":\"https:\\\/\\\/fuentesfidedignas.com.mx\\\/#\\\/schema\\\/logo\\\/image\\\/\"},\"sameAs\":[\"https:\\\/\\\/www.facebook.com\\\/Fuentes-Fidedignas-368234489921644\",\"https:\\\/\\\/x.com\\\/fidedignas\"]},{\"@type\":\"Person\",\"@id\":\"https:\\\/\\\/fuentesfidedignas.com.mx\\\/#\\\/schema\\\/person\\\/67d852f0557c8509146a4b9ddebd543a\",\"name\":\"L\u00f3pez D\u00f3riga\",\"image\":{\"@type\":\"ImageObject\",\"inLanguage\":\"es\",\"@id\":\"https:\\\/\\\/secure.gravatar.com\\\/avatar\\\/e525b06574ca18b33cded59dfe5778d6c823b9513154eff47da551b0551bdd1e?s=96&d=mm&r=g\",\"url\":\"https:\\\/\\\/secure.gravatar.com\\\/avatar\\\/e525b06574ca18b33cded59dfe5778d6c823b9513154eff47da551b0551bdd1e?s=96&d=mm&r=g\",\"contentUrl\":\"https:\\\/\\\/secure.gravatar.com\\\/avatar\\\/e525b06574ca18b33cded59dfe5778d6c823b9513154eff47da551b0551bdd1e?s=96&d=mm&r=g\",\"caption\":\"L\u00f3pez D\u00f3riga\"},\"url\":\"https:\\\/\\\/fuentesfidedignas.com.mx\\\/index.php\\\/author\\\/doriga\\\/\"}]}<\/script>\n<!-- \/ Yoast SEO plugin. -->","yoast_head_json":{"title":"X\u00f3chitl G\u00e1lvez ser\u00e1 la candidata de la oposici\u00f3n en 2024, asegura AMLO - Fuentes Fidedignas","robots":{"index":"index","follow":"follow","max-snippet":"max-snippet:-1","max-image-preview":"max-image-preview:large","max-video-preview":"max-video-preview:-1"},"canonical":"https:\/\/fuentesfidedignas.com.mx\/index.php\/2023\/07\/03\/xochitl-galvez-sera-la-candidata-de-la-oposicion-en-2024-asegura-amlo\/","og_locale":"es_MX","og_type":"article","og_title":"X\u00f3chitl G\u00e1lvez ser\u00e1 la candidata de la oposici\u00f3n en 2024, asegura AMLO - Fuentes Fidedignas","og_description":"L\u00f3pez Obrador explic\u00f3 que el empresario Claudio X. Gonz\u00e1lez realiz\u00f3 las consultas para que X\u00f3chitl G\u00e1lvez sea la abanderada de la oposici\u00f3n Ciudad de M\u00e9xico. Andr\u00e9s Manuel L\u00f3pez Obrador, presidente de M\u00e9xico, revel\u00f3 que la senadora X\u00f3chitl G\u00e1lvez ser\u00e1 la candidata presidencial de la oposici\u00f3n, agrupada en el Frente Amplio por M\u00e9xico. En la conferencia [&hellip;]","og_url":"https:\/\/fuentesfidedignas.com.mx\/index.php\/2023\/07\/03\/xochitl-galvez-sera-la-candidata-de-la-oposicion-en-2024-asegura-amlo\/","og_site_name":"Fuentes Fidedignas","article_publisher":"https:\/\/www.facebook.com\/Fuentes-Fidedignas-368234489921644","article_published_time":"2023-07-03T16:46:52+00:00","article_modified_time":"2023-07-03T17:47:02+00:00","og_image":[{"width":1920,"height":1280,"url":"https:\/\/fuentesfidedignas.com.mx\/wp-content\/uploads\/2023\/07\/xochitl-galvez.jpg","type":"image\/jpeg"}],"author":"L\u00f3pez D\u00f3riga","twitter_card":"summary_large_image","twitter_creator":"@fidedignas","twitter_site":"@fidedignas","twitter_misc":{"Escrito por":"L\u00f3pez D\u00f3riga","Tiempo de lectura":"2 minutos"},"schema":{"@context":"https:\/\/schema.org","@graph":[{"@type":"Article","@id":"https:\/\/fuentesfidedignas.com.mx\/index.php\/2023\/07\/03\/xochitl-galvez-sera-la-candidata-de-la-oposicion-en-2024-asegura-amlo\/#article","isPartOf":{"@id":"https:\/\/fuentesfidedignas.com.mx\/index.php\/2023\/07\/03\/xochitl-galvez-sera-la-candidata-de-la-oposicion-en-2024-asegura-amlo\/"},"author":{"name":"L\u00f3pez D\u00f3riga","@id":"https:\/\/fuentesfidedignas.com.mx\/#\/schema\/person\/67d852f0557c8509146a4b9ddebd543a"},"headline":"X\u00f3chitl G\u00e1lvez ser\u00e1 la candidata de la oposici\u00f3n en 2024, asegura AMLO","datePublished":"2023-07-03T16:46:52+00:00","dateModified":"2023-07-03T17:47:02+00:00","mainEntityOfPage":{"@id":"https:\/\/fuentesfidedignas.com.mx\/index.php\/2023\/07\/03\/xochitl-galvez-sera-la-candidata-de-la-oposicion-en-2024-asegura-amlo\/"},"wordCount":396,"commentCount":0,"publisher":{"@id":"https:\/\/fuentesfidedignas.com.mx\/#organization"},"image":{"@id":"https:\/\/fuentesfidedignas.com.mx\/index.php\/2023\/07\/03\/xochitl-galvez-sera-la-candidata-de-la-oposicion-en-2024-asegura-amlo\/#primaryimage"},"thumbnailUrl":"https:\/\/fuentesfidedignas.com.mx\/wp-content\/uploads\/2023\/07\/xochitl-galvez.jpg","articleSection":["NOTICIAS NACIONALES"],"inLanguage":"es","potentialAction":[{"@type":"CommentAction","name":"Comment","target":["https:\/\/fuentesfidedignas.com.mx\/index.php\/2023\/07\/03\/xochitl-galvez-sera-la-candidata-de-la-oposicion-en-2024-asegura-amlo\/#respond"]}]},{"@type":"WebPage","@id":"https:\/\/fuentesfidedignas.com.mx\/index.php\/2023\/07\/03\/xochitl-galvez-sera-la-candidata-de-la-oposicion-en-2024-asegura-amlo\/","url":"https:\/\/fuentesfidedignas.com.mx\/index.php\/2023\/07\/03\/xochitl-galvez-sera-la-candidata-de-la-oposicion-en-2024-asegura-amlo\/","name":"X\u00f3chitl G\u00e1lvez ser\u00e1 la candidata de la oposici\u00f3n en 2024, asegura AMLO - Fuentes Fidedignas","isPartOf":{"@id":"https:\/\/fuentesfidedignas.com.mx\/#website"},"primaryImageOfPage":{"@id":"https:\/\/fuentesfidedignas.com.mx\/index.php\/2023\/07\/03\/xochitl-galvez-sera-la-candidata-de-la-oposicion-en-2024-asegura-amlo\/#primaryimage"},"image":{"@id":"https:\/\/fuentesfidedignas.com.mx\/index.php\/2023\/07\/03\/xochitl-galvez-sera-la-candidata-de-la-oposicion-en-2024-asegura-amlo\/#primaryimage"},"thumbnailUrl":"https:\/\/fuentesfidedignas.com.mx\/wp-content\/uploads\/2023\/07\/xochitl-galvez.jpg","datePublished":"2023-07-03T16:46:52+00:00","dateModified":"2023-07-03T17:47:02+00:00","breadcrumb":{"@id":"https:\/\/fuentesfidedignas.com.mx\/index.php\/2023\/07\/03\/xochitl-galvez-sera-la-candidata-de-la-oposicion-en-2024-asegura-amlo\/#breadcrumb"},"inLanguage":"es","potentialAction":[{"@type":"ReadAction","target":["https:\/\/fuentesfidedignas.com.mx\/index.php\/2023\/07\/03\/xochitl-galvez-sera-la-candidata-de-la-oposicion-en-2024-asegura-amlo\/"]}]},{"@type":"ImageObject","inLanguage":"es","@id":"https:\/\/fuentesfidedignas.com.mx\/index.php\/2023\/07\/03\/xochitl-galvez-sera-la-candidata-de-la-oposicion-en-2024-asegura-amlo\/#primaryimage","url":"https:\/\/fuentesfidedignas.com.mx\/wp-content\/uploads\/2023\/07\/xochitl-galvez.jpg","contentUrl":"https:\/\/fuentesfidedignas.com.mx\/wp-content\/uploads\/2023\/07\/xochitl-galvez.jpg","width":1920,"height":1280},{"@type":"BreadcrumbList","@id":"https:\/\/fuentesfidedignas.com.mx\/index.php\/2023\/07\/03\/xochitl-galvez-sera-la-candidata-de-la-oposicion-en-2024-asegura-amlo\/#breadcrumb","itemListElement":[{"@type":"ListItem","position":1,"name":"Inicio","item":"https:\/\/fuentesfidedignas.com.mx\/"},{"@type":"ListItem","position":2,"name":"X\u00f3chitl G\u00e1lvez ser\u00e1 la candidata de la oposici\u00f3n en 2024, asegura AMLO"}]},{"@type":"WebSite","@id":"https:\/\/fuentesfidedignas.com.mx\/#website","url":"https:\/\/fuentesfidedignas.com.mx\/","name":"Fuentes Fidedignas","description":"Otro sitio realizado con WordPress","publisher":{"@id":"https:\/\/fuentesfidedignas.com.mx\/#organization"},"potentialAction":[{"@type":"SearchAction","target":{"@type":"EntryPoint","urlTemplate":"https:\/\/fuentesfidedignas.com.mx\/?s={search_term_string}"},"query-input":{"@type":"PropertyValueSpecification","valueRequired":true,"valueName":"search_term_string"}}],"inLanguage":"es"},{"@type":"Organization","@id":"https:\/\/fuentesfidedignas.com.mx\/#organization","name":"Fuentes Fidedignas","url":"https:\/\/fuentesfidedignas.com.mx\/","logo":{"@type":"ImageObject","inLanguage":"es","@id":"https:\/\/fuentesfidedignas.com.mx\/#\/schema\/logo\/image\/","url":"https:\/\/fuentesfidedignas.com.mx\/wp-content\/uploads\/2021\/04\/logo-retina.png","contentUrl":"https:\/\/fuentesfidedignas.com.mx\/wp-content\/uploads\/2021\/04\/logo-retina.png","width":280,"height":51,"caption":"Fuentes Fidedignas"},"image":{"@id":"https:\/\/fuentesfidedignas.com.mx\/#\/schema\/logo\/image\/"},"sameAs":["https:\/\/www.facebook.com\/Fuentes-Fidedignas-368234489921644","https:\/\/x.com\/fidedignas"]},{"@type":"Person","@id":"https:\/\/fuentesfidedignas.com.mx\/#\/schema\/person\/67d852f0557c8509146a4b9ddebd543a","name":"L\u00f3pez D\u00f3riga","image":{"@type":"ImageObject","inLanguage":"es","@id":"https:\/\/secure.gravatar.com\/avatar\/e525b06574ca18b33cded59dfe5778d6c823b9513154eff47da551b0551bdd1e?s=96&d=mm&r=g","url":"https:\/\/secure.gravatar.com\/avatar\/e525b06574ca18b33cded59dfe5778d6c823b9513154eff47da551b0551bdd1e?s=96&d=mm&r=g","contentUrl":"https:\/\/secure.gravatar.com\/avatar\/e525b06574ca18b33cded59dfe5778d6c823b9513154eff47da551b0551bdd1e?s=96&d=mm&r=g","caption":"L\u00f3pez D\u00f3riga"},"url":"https:\/\/fuentesfidedignas.com.mx\/index.php\/author\/doriga\/"}]}},"_links":{"self":[{"href":"https:\/\/fuentesfidedignas.com.mx\/index.php\/wp-json\/wp\/v2\/posts\/51734","targetHints":{"allow":["GET"]}}],"collection":[{"href":"https:\/\/fuentesfidedignas.com.mx\/index.php\/wp-json\/wp\/v2\/posts"}],"about":[{"href":"https:\/\/fuentesfidedignas.com.mx\/index.php\/wp-json\/wp\/v2\/types\/post"}],"author":[{"embeddable":true,"href":"https:\/\/fuentesfidedignas.com.mx\/index.php\/wp-json\/wp\/v2\/users\/47"}],"replies":[{"embeddable":true,"href":"https:\/\/fuentesfidedignas.com.mx\/index.php\/wp-json\/wp\/v2\/comments?post=51734"}],"version-history":[{"count":1,"href":"https:\/\/fuentesfidedignas.com.mx\/index.php\/wp-json\/wp\/v2\/posts\/51734\/revisions"}],"predecessor-version":[{"id":51735,"href":"https:\/\/fuentesfidedignas.com.mx\/index.php\/wp-json\/wp\/v2\/posts\/51734\/revisions\/51735"}],"wp:featuredmedia":[{"embeddable":true,"href":"https:\/\/fuentesfidedignas.com.mx\/index.php\/wp-json\/wp\/v2\/media\/51736"}],"wp:attachment":[{"href":"https:\/\/fuentesfidedignas.com.mx\/index.php\/wp-json\/wp\/v2\/media?parent=51734"}],"wp:term":[{"taxonomy":"category","embeddable":true,"href":"https:\/\/fuentesfidedignas.com.mx\/index.php\/wp-json\/wp\/v2\/categories?post=51734"},{"taxonomy":"post_tag","embeddable":true,"href":"https:\/\/fuentesfidedignas.com.mx\/index.php\/wp-json\/wp\/v2\/tags?post=51734"}],"curies":[{"name":"wp","href":"https:\/\/api.w.org\/{rel}","templated":true}]}}