{"id":51637,"date":"2023-07-01T20:08:58","date_gmt":"2023-07-02T03:08:58","guid":{"rendered":"https:\/\/fuentesfidedignas.com.mx\/?p=51637"},"modified":"2023-07-01T20:22:57","modified_gmt":"2023-07-02T03:22:57","slug":"amlo-fest-2023-que-dijo-el-presidente-desde-el-zocalo","status":"publish","type":"post","link":"https:\/\/fuentesfidedignas.com.mx\/index.php\/2023\/07\/01\/amlo-fest-2023-que-dijo-el-presidente-desde-el-zocalo\/","title":{"rendered":"AMLO Fest 2023: \u00bfQu\u00e9 dijo el presidente desde el Z\u00f3calo?"},"content":{"rendered":"\n<figure class=\"wp-block-embed is-type-video is-provider-youtube wp-block-embed-youtube wp-embed-aspect-16-9 wp-has-aspect-ratio\"><div class=\"wp-block-embed__wrapper\">\n<div class=\"youtube-embed\" data-video_id=\"\"><iframe loading=\"lazy\" title=\"5 a\u00f1os del triunfo hist\u00f3rico democr\u00e1tico del pueblo de M\u00e9xico\" width=\"696\" height=\"392\" src=\"https:\/\/www.youtube.com\/embed\/gSZpCAF5Tig?feature=oembed&#038;enablejsapi=1\" frameborder=\"0\" allow=\"accelerometer; autoplay; clipboard-write; encrypted-media; gyroscope; picture-in-picture; web-share\" allowfullscreen><\/iframe><\/div>\n<\/div><\/figure>\n\n\n\n<p><strong><em>Cientos de personas acompa\u00f1aron a L\u00f3pez Obrador en el Z\u00f3calo, donde rindi\u00f3 un discurso este s\u00e1bado<\/em><\/strong><\/p>\n\n\n\n<p>Ciudad de M\u00e9xico. El presidente\u00a0<strong>Andr\u00e9s Manuel L\u00f3pez Obrador<\/strong>\u00a0rindi\u00f3 un discurso este s\u00e1bado 1 de julio, como parte del festejo por el quinto aniversario de su triunfo en las elecciones presidenciales de 2018.<\/p>\n\n\n\n<p>El evento ocurri\u00f3 en el Z\u00f3calo capitalino. La plancha de la plaza p\u00fablica estuvo llena desde al menos dos horas antes de que comenzara el discurso presidencial.<\/p>\n\n\n\n<figure class=\"wp-block-image\"><img decoding=\"async\" src=\"https:\/\/www.elfinanciero.com.mx\/resizer\/y5mJeOb7jgpEgf6e3rQqmSxzeOw=\/400x267\/filters:format(jpg):quality(70)\/cloudfront-us-east-1.images.arcpublishing.com\/elfinanciero\/LKVTVLPAEFBMVDBZ5CBNCLMJFI.jpg\" alt=\"As\u00ed luce el Z\u00f3calo de la CDMX este s\u00e1bado.\"\/><figcaption class=\"wp-element-caption\">As\u00ed luce el Z\u00f3calo de la CDMX este s\u00e1bado.&nbsp;(Presidencia)<\/figcaption><\/figure>\n\n\n\n<h2 class=\"wp-block-heading\">Esto dijo AMLO desde el Z\u00f3calo de la CDMX<\/h2>\n\n\n\n<p><strong>19:06 horas.<\/strong>&nbsp;Suena el himno nacional mexicano en el Z\u00f3calo capitalino, al finalizar el discurso de&nbsp;<a href=\"https:\/\/www.elfinanciero.com.mx\/tags\/amlo\/\">L\u00f3pez Obrador.<\/a><\/p>\n\n\n\n<p><strong>19:00 horas.\u00a0<\/strong>AMLO critic\u00f3 a la oposici\u00f3n: \u201cEn vez de aceptar que\u00a0<strong>el pueblo de M\u00e9xico se ha empoderado<\/strong>\u00a0y no quiere seguir siendo vasallo de nadie, los reaccionarios cada vez ense\u00f1an m\u00e1s el cobre (&#8230;)<strong>.\u00a0<\/strong>Tan sencillo que ser\u00eda que ofrecieran disculpas por sus fechor\u00edas y se comprometieran a no discriminar, a no enga\u00f1ar y a no robar a los dem\u00e1s\u201d.<\/p>\n\n\n\n<p>Adem\u00e1s, hizo un llamado a no apartarse de los ideales del movimiento.<\/p>\n\n\n\n<p><strong>18:56 horas.<\/strong>&nbsp;Agradeci\u00f3 a los servidores p\u00fablicos que lo han acompa\u00f1ado en su gobierno \u201cpara lograr una sociedad mejor\u201d. Tambi\u00e9n se disculp\u00f3 por alargar su discurso \u201ctengo muchas cosas qu\u00e9 decirles\u201d. Coment\u00f3 que la transformaci\u00f3n ha creado una oposici\u00f3n conservadora que no acepta que \u201cahora se gobierna para todas y todos y no solo en beneficio de una minor\u00eda\u201d.<\/p>\n\n\n\n<p><strong>18:51 horas.<\/strong>&nbsp;AMLO hace un recuento sobre la violencia en el pa\u00eds: \u201cLos delitos del fuero federal se han reducido en 22 por ciento; el homicidio, en 17 por ciento; el robo, en 25 por ciento; el feminicidio, en 38 por ciento; el robo de veh\u00edculos, en 43 por ciento; y el secuestro en 79 por ciento\u201d. No indic\u00f3 en qu\u00e9 periodo o c\u00f3mo fue la comparativa para obtener estas cifras.<\/p>\n\n\n\n<p><strong>18:45 horas.\u00a0<\/strong>\u201cBuylla me dec\u00eda ayer que en la creaci\u00f3n de la\u00a0<strong>nueva tecnolog\u00eda para la explotaci\u00f3n de litio<\/strong>\u00a0ya llevamos un avance del 95 por ciento. Y solo les recuerdo que<a href=\"https:\/\/www.elfinanciero.com.mx\/nacional\/2023\/02\/18\/amlo-firma-decreto-para-que-el-litio-no-sea-explotado-por-rusia-china-o-eu-es-de-la-nacion\/\">\u00a0el litio es de la naci\u00f3n<\/a>\u201d, afirm\u00f3 AMLO.<\/p>\n\n\n\n<p><strong>18:41 horas.&nbsp;<\/strong>\u201cTenemos una campa\u00f1a permanente contra las drogas, no se ha autorizado&nbsp;<a href=\"https:\/\/www.elfinanciero.com.mx\/salud\/2023\/04\/25\/denunciaton-asi-puedes-denunciar-la-venta-ilegal-de-vapeadores-y-cigarrillos-electronicos\/\">la venta de vapeadores,<\/a>&nbsp;no hemos permitido la importaci\u00f3n de ma\u00edz transg\u00e9nico ni la explotaci\u00f3n energ\u00e9tica mediante el&nbsp;<em>fracking\u201d,<\/em>&nbsp;se\u00f1al\u00f3 L\u00f3pez Obrador.<\/p>\n\n\n\n<p><strong>18:27 horas.<\/strong>&nbsp;El presidente habl\u00f3 sobre el fortalecimiento de la Comisi\u00f3n Federal de Electricidad (CFE): \u201cEl programa de ampliaci\u00f3n de la CFE incluye la construcci\u00f3n de 12 plantas de ciclo combinado, una central solar, y la modernizaci\u00f3n de 20 hidroel\u00e9ctricas, con una inversi\u00f3n de 9 mil 500 mdd. As\u00ed, este a\u00f1o la CFE pasar\u00e1 de producir 38 a 51 % de la demanda nacional, porque compramos 13 plantas a la planta&nbsp;<a href=\"https:\/\/www.elfinanciero.com.mx\/tags\/iberdrola\/\">Iberdrola<\/a>\u201d.<\/p>\n\n\n\n<p><strong>18:19 horas<\/strong>. AMLO recuerda sus grandes proyectos p\u00fablicos. Afirm\u00f3 que en diciembre ser\u00e1 inaugurado el\u00a0<a href=\"https:\/\/www.elfinanciero.com.mx\/nacional\/2023\/06\/27\/tren-maya-gobierno-mexicano-expropia-terrenos-en-bacalar-y-otros-municipios\/\">Tren Maya.<\/a>\u00a0\u201cEstamos rehabilitando las v\u00edas f\u00e9rreas\u201d, apunt\u00f3.<\/p>\n\n\n\n<p><strong>18:16 horas.&nbsp;<\/strong>\u201cEn el poder ejecutivo no hay sueldos elevad\u00edsimos para servidores p\u00fablicos como era antes, ya no hay&nbsp;<a href=\"https:\/\/www.elfinanciero.com.mx\/nacional\/2023\/06\/28\/otra-vez-fernandez-norona-propone-pension-para-expresidentes-empezando-por-amlo\/\">pensiones millonarias a expresidentes<\/a>, ni servicio m\u00e9dico privado, ni vi\u00e1ticos, ni turismo pol\u00edtico al extranjero\u201d, apunt\u00f3.<\/p>\n\n\n\n<p>Y presumi\u00f3 que ya se ha logrado la venta del avi\u00f3n presidencial, que prometi\u00f3 desde su campa\u00f1a presidencial. La aeronave&nbsp;<a href=\"https:\/\/www.elfinanciero.com.mx\/nacional\/2023\/05\/14\/avion-presidencial-tayikistan-mexico-boeing-787-8-dreamliner\/\">fue vendida al gobierno de Tayikist\u00e1n<\/a>&nbsp;este a\u00f1o.<\/p>\n\n\n\n<p><strong>18:09 horas.&nbsp;<\/strong>Tambi\u00e9n record\u00f3 algunos datos econ\u00f3micos importantes sobre el alza del salario m\u00ednimo y las&nbsp;<a href=\"https:\/\/www.elfinanciero.com.mx\/tags\/remesas\/\">remesas&nbsp;<\/a>que paisanos env\u00edan de Estados Unidos a sus familias en M\u00e9xico. Y destac\u00f3 que la deuda p\u00fablica no ha aumentado en relaci\u00f3n con el PIB, pese a la pandemia de COVID-19 y la guerra en Ucrania.<\/p>\n\n\n\n<p><strong>18:06 horas.\u00a0<\/strong>AMLO asegur\u00f3 que se ha avanzado hacia la erradicaci\u00f3n de la violencia en el pa\u00eds. Afirma que hay justicia y tranquilidad.<\/p>\n\n\n\n<p><strong>18:00 horas.&nbsp;<\/strong>El presidente L\u00f3pez Obrador inicia con su discurso en el evento.<\/p>\n\n\n\n<p>\u201cEs un timbre de orgullo poder decir a los cuatro vientos, desde la principal plaza de la rep\u00fablica, que nuestro movimiento est\u00e1 m\u00e1s fuerte que nunca. Que existe una amplia mayor\u00eda apoyando al 4T de la vida p\u00fablica de M\u00e9xico\u201d.<\/p>\n\n\n\n<figure class=\"wp-block-image\"><img decoding=\"async\" src=\"https:\/\/www.elfinanciero.com.mx\/resizer\/lLVriWqzr9GoumGmKr_wEQzMSLg=\/400x267\/filters:format(jpg):quality(70)\/cloudfront-us-east-1.images.arcpublishing.com\/elfinanciero\/7MAEIZSHOJFKFB4U3Q676DIRXQ.jpeg\" alt=\"El presidente L\u00f3pez Obrador saluda a los miles de asistentes a la Plaza de la Constituci\u00f3n.\"\/><figcaption class=\"wp-element-caption\">El presidente L\u00f3pez Obrador saluda a los miles de asistentes a la Plaza de la Constituci\u00f3n.&nbsp;(Presidencia)<\/figcaption><\/figure>\n\n\n\n<p><strong>17:50 horas.\u00a0<\/strong>La gobernadora electa del Estado de M\u00e9xico,\u00a0<a href=\"https:\/\/www.elfinanciero.com.mx\/estados\/2023\/06\/28\/elecciones-edomex-morena-pide-constancia-de-mayoria-para-delfina-gomez\/\">Delfina G\u00f3me<\/a>z, tambi\u00e9n habla en este evento conmemorativa. Se\u00f1al\u00f3 que se encuentra contenta y agradecida por estar en el Z\u00f3calo. \u201cM\u00e9xico encontr\u00f3 su camino en la regeneraci\u00f3n, porque la gente se decidieron al renacer moral de nuestro pa\u00eds (&#8230;) Han pasado cinco a\u00f1os y\u00a0<strong>la transformaci\u00f3n ech\u00f3 ra\u00edces en los hogares<\/strong>\u201d, dijo.<\/p>\n\n\n\n<p><strong>17:40 horas.&nbsp;<\/strong>La Secretaria de Gobernaci\u00f3n, Luisa Mar\u00eda Alcalde, rinde un discurso.&nbsp;<strong>\u201cLa transformaci\u00f3n no se va, no se va, no se va\u201d<\/strong>, dijo al citar a&nbsp;<a href=\"https:\/\/www.elfinanciero.com.mx\/entretenimiento\/2023\/04\/16\/bad-bunny-anuncia-nueva-cancion-con-grupo-frontera\/\">Grupo Frontera.<\/a><\/p>\n\n\n\n<p><strong>17:26 horas.<\/strong>&nbsp;Andr\u00e9s Manuel&nbsp;<a href=\"https:\/\/www.elfinanciero.com.mx\/opinion\/pablo-hiriart\/2023\/06\/29\/el-fraude-de-lopez-obrador\/\">L\u00f3pez Obrador<\/a>&nbsp;y Beatriz Guti\u00e9rrez Muller, escritora y esposa del presidente, salen de Palacio Nacional rumbo a la tarima donde dar\u00e1 su discurso el mandatario, mientras simpatizantes gritan consignas como \u201cEs un honor estar con Obrador\u201d.<\/p>\n\n\n\n<p>Acompa\u00f1an al presidente los secretarios y secretarias de Estado. As\u00ed como gobernadoras y gobernadores de Morena.<\/p>\n\n\n\n<h2 class=\"wp-block-heading\">\u00bfHay estaciones cerradas del Metro este s\u00e1bado?<\/h2>\n\n\n\n<p>El\u00a0<strong>Metro\u00a0<\/strong>ha\u00a0<a href=\"https:\/\/www.elfinanciero.com.mx\/cdmx\/2023\/07\/01\/amlo-fest-2023-que-calles-y-estaciones-del-metro-estaran-cerradas-en-cdmx\/\">modificado rutas y horarios<\/a>\u00a0para este s\u00e1bado: la estaci\u00f3n\u00a0<strong>Z\u00f3calo\u00a0<\/strong>de la L\u00ednea 2 (Azul) estar\u00e1 cerrada hasta nuevo aviso.<\/p>\n\n\n\n<p>Si vas hacia el Z\u00f3calo, las estaciones m\u00e1s cercanas son Pino Su\u00e1rez, Allende, San Juan de Letr\u00e1n y Bellas Artes.<\/p>\n\n\n\n<h2 class=\"wp-block-heading\">Los\u2019 AMLO Fest\u2019 del presidente en el Z\u00f3calo<\/h2>\n\n\n\n<p>Esta no es la primera ocasi\u00f3n en que L\u00f3pez Obrador realiza eventos p\u00fablicos en el Z\u00f3calo capitalino.<\/p>\n\n\n\n<p>El evento anterior m\u00e1s reciente&nbsp;<a href=\"https:\/\/www.elfinanciero.com.mx\/nacional\/2023\/03\/19\/marcha-ine-vs-marcha-amlo-cual-tuvo-mas-asistentes\/\">ocurri\u00f3 en marzo<\/a>, por el aniversario n\u00famero 85 de la Expropiaci\u00f3n Petrolera. Tambi\u00e9n ocurri\u00f3 justo despu\u00e9s de que pol\u00edticos y ciudadanos opositores marcharan contra una reforma electoral que modificar\u00eda al INE.<\/p>\n\n\n\n<p>Antes de eso, el presidente llev\u00f3 una caminata sobre Paseo de la Reforma el&nbsp;<a href=\"https:\/\/www.elfinanciero.com.mx\/nacional\/2022\/11\/27\/marcha-de-amlo-zocalo-cdmx-27-de-noviembre-2022-fotos\/\">27 de noviembre.<\/a><\/p>\n","protected":false},"excerpt":{"rendered":"<p>Cientos de personas acompa\u00f1aron a L\u00f3pez Obrador en el Z\u00f3calo, donde rindi\u00f3 un discurso este s\u00e1bado Ciudad de M\u00e9xico. El presidente\u00a0Andr\u00e9s Manuel L\u00f3pez Obrador\u00a0rindi\u00f3 un discurso este s\u00e1bado 1 de julio, como parte del festejo por el quinto aniversario de su triunfo en las elecciones presidenciales de 2018. El evento ocurri\u00f3 en el Z\u00f3calo capitalino. [&hellip;]<\/p>\n","protected":false},"author":21,"featured_media":51639,"comment_status":"open","ping_status":"open","sticky":false,"template":"","format":"standard","meta":{"tdm_status":"","tdm_grid_status":"","footnotes":""},"categories":[37,1],"tags":[],"class_list":{"0":"post-51637","1":"post","2":"type-post","3":"status-publish","4":"format-standard","5":"has-post-thumbnail","7":"category-nota-principal","8":"category-sin-categoria"},"yoast_head":"<!-- This site is optimized with the Yoast SEO plugin v27.4 - https:\/\/yoast.com\/product\/yoast-seo-wordpress\/ -->\n<title>AMLO Fest 2023: \u00bfQu\u00e9 dijo el presidente desde el Z\u00f3calo? - Fuentes Fidedignas<\/title>\n<meta name=\"robots\" content=\"index, follow, max-snippet:-1, max-image-preview:large, max-video-preview:-1\" \/>\n<link rel=\"canonical\" href=\"https:\/\/fuentesfidedignas.com.mx\/index.php\/2023\/07\/01\/amlo-fest-2023-que-dijo-el-presidente-desde-el-zocalo\/\" \/>\n<meta property=\"og:locale\" content=\"es_MX\" \/>\n<meta property=\"og:type\" content=\"article\" \/>\n<meta property=\"og:title\" content=\"AMLO Fest 2023: \u00bfQu\u00e9 dijo el presidente desde el Z\u00f3calo? - Fuentes Fidedignas\" \/>\n<meta property=\"og:description\" content=\"Cientos de personas acompa\u00f1aron a L\u00f3pez Obrador en el Z\u00f3calo, donde rindi\u00f3 un discurso este s\u00e1bado Ciudad de M\u00e9xico. El presidente\u00a0Andr\u00e9s Manuel L\u00f3pez Obrador\u00a0rindi\u00f3 un discurso este s\u00e1bado 1 de julio, como parte del festejo por el quinto aniversario de su triunfo en las elecciones presidenciales de 2018. El evento ocurri\u00f3 en el Z\u00f3calo capitalino. [&hellip;]\" \/>\n<meta property=\"og:url\" content=\"https:\/\/fuentesfidedignas.com.mx\/index.php\/2023\/07\/01\/amlo-fest-2023-que-dijo-el-presidente-desde-el-zocalo\/\" \/>\n<meta property=\"og:site_name\" content=\"Fuentes Fidedignas\" \/>\n<meta property=\"article:publisher\" content=\"https:\/\/www.facebook.com\/Fuentes-Fidedignas-368234489921644\" \/>\n<meta property=\"article:published_time\" content=\"2023-07-02T03:08:58+00:00\" \/>\n<meta property=\"article:modified_time\" content=\"2023-07-02T03:22:57+00:00\" \/>\n<meta property=\"og:image\" content=\"https:\/\/www.elfinanciero.com.mx\/resizer\/y5mJeOb7jgpEgf6e3rQqmSxzeOw=\/400x267\/filters:format(jpg):quality(70)\/cloudfront-us-east-1.images.arcpublishing.com\/elfinanciero\/LKVTVLPAEFBMVDBZ5CBNCLMJFI.jpg\" \/>\n<meta name=\"author\" content=\"El Financiero\" \/>\n<meta name=\"twitter:card\" content=\"summary_large_image\" \/>\n<meta name=\"twitter:creator\" content=\"@fidedignas\" \/>\n<meta name=\"twitter:site\" content=\"@fidedignas\" \/>\n<meta name=\"twitter:label1\" content=\"Escrito por\" \/>\n\t<meta name=\"twitter:data1\" content=\"El Financiero\" \/>\n\t<meta name=\"twitter:label2\" content=\"Tiempo de lectura\" \/>\n\t<meta name=\"twitter:data2\" content=\"5 minutos\" \/>\n<script type=\"application\/ld+json\" class=\"yoast-schema-graph\">{\"@context\":\"https:\\\/\\\/schema.org\",\"@graph\":[{\"@type\":\"Article\",\"@id\":\"https:\\\/\\\/fuentesfidedignas.com.mx\\\/index.php\\\/2023\\\/07\\\/01\\\/amlo-fest-2023-que-dijo-el-presidente-desde-el-zocalo\\\/#article\",\"isPartOf\":{\"@id\":\"https:\\\/\\\/fuentesfidedignas.com.mx\\\/index.php\\\/2023\\\/07\\\/01\\\/amlo-fest-2023-que-dijo-el-presidente-desde-el-zocalo\\\/\"},\"author\":{\"name\":\"El Financiero\",\"@id\":\"https:\\\/\\\/fuentesfidedignas.com.mx\\\/#\\\/schema\\\/person\\\/494f7e0dce8dfaaec5b64f16615b78e9\"},\"headline\":\"AMLO Fest 2023: \u00bfQu\u00e9 dijo el presidente desde el Z\u00f3calo?\",\"datePublished\":\"2023-07-02T03:08:58+00:00\",\"dateModified\":\"2023-07-02T03:22:57+00:00\",\"mainEntityOfPage\":{\"@id\":\"https:\\\/\\\/fuentesfidedignas.com.mx\\\/index.php\\\/2023\\\/07\\\/01\\\/amlo-fest-2023-que-dijo-el-presidente-desde-el-zocalo\\\/\"},\"wordCount\":1103,\"commentCount\":0,\"publisher\":{\"@id\":\"https:\\\/\\\/fuentesfidedignas.com.mx\\\/#organization\"},\"image\":{\"@id\":\"https:\\\/\\\/fuentesfidedignas.com.mx\\\/index.php\\\/2023\\\/07\\\/01\\\/amlo-fest-2023-que-dijo-el-presidente-desde-el-zocalo\\\/#primaryimage\"},\"thumbnailUrl\":\"https:\\\/\\\/fuentesfidedignas.com.mx\\\/wp-content\\\/uploads\\\/2023\\\/07\\\/G5ZMQPS67NHOREA6NFTUFW3FEQ.jpg\",\"articleSection\":[\"NOTA PRINCIPAL\"],\"inLanguage\":\"es\",\"potentialAction\":[{\"@type\":\"CommentAction\",\"name\":\"Comment\",\"target\":[\"https:\\\/\\\/fuentesfidedignas.com.mx\\\/index.php\\\/2023\\\/07\\\/01\\\/amlo-fest-2023-que-dijo-el-presidente-desde-el-zocalo\\\/#respond\"]}]},{\"@type\":\"WebPage\",\"@id\":\"https:\\\/\\\/fuentesfidedignas.com.mx\\\/index.php\\\/2023\\\/07\\\/01\\\/amlo-fest-2023-que-dijo-el-presidente-desde-el-zocalo\\\/\",\"url\":\"https:\\\/\\\/fuentesfidedignas.com.mx\\\/index.php\\\/2023\\\/07\\\/01\\\/amlo-fest-2023-que-dijo-el-presidente-desde-el-zocalo\\\/\",\"name\":\"AMLO Fest 2023: \u00bfQu\u00e9 dijo el presidente desde el Z\u00f3calo? - Fuentes Fidedignas\",\"isPartOf\":{\"@id\":\"https:\\\/\\\/fuentesfidedignas.com.mx\\\/#website\"},\"primaryImageOfPage\":{\"@id\":\"https:\\\/\\\/fuentesfidedignas.com.mx\\\/index.php\\\/2023\\\/07\\\/01\\\/amlo-fest-2023-que-dijo-el-presidente-desde-el-zocalo\\\/#primaryimage\"},\"image\":{\"@id\":\"https:\\\/\\\/fuentesfidedignas.com.mx\\\/index.php\\\/2023\\\/07\\\/01\\\/amlo-fest-2023-que-dijo-el-presidente-desde-el-zocalo\\\/#primaryimage\"},\"thumbnailUrl\":\"https:\\\/\\\/fuentesfidedignas.com.mx\\\/wp-content\\\/uploads\\\/2023\\\/07\\\/G5ZMQPS67NHOREA6NFTUFW3FEQ.jpg\",\"datePublished\":\"2023-07-02T03:08:58+00:00\",\"dateModified\":\"2023-07-02T03:22:57+00:00\",\"breadcrumb\":{\"@id\":\"https:\\\/\\\/fuentesfidedignas.com.mx\\\/index.php\\\/2023\\\/07\\\/01\\\/amlo-fest-2023-que-dijo-el-presidente-desde-el-zocalo\\\/#breadcrumb\"},\"inLanguage\":\"es\",\"potentialAction\":[{\"@type\":\"ReadAction\",\"target\":[\"https:\\\/\\\/fuentesfidedignas.com.mx\\\/index.php\\\/2023\\\/07\\\/01\\\/amlo-fest-2023-que-dijo-el-presidente-desde-el-zocalo\\\/\"]}]},{\"@type\":\"ImageObject\",\"inLanguage\":\"es\",\"@id\":\"https:\\\/\\\/fuentesfidedignas.com.mx\\\/index.php\\\/2023\\\/07\\\/01\\\/amlo-fest-2023-que-dijo-el-presidente-desde-el-zocalo\\\/#primaryimage\",\"url\":\"https:\\\/\\\/fuentesfidedignas.com.mx\\\/wp-content\\\/uploads\\\/2023\\\/07\\\/G5ZMQPS67NHOREA6NFTUFW3FEQ.jpg\",\"contentUrl\":\"https:\\\/\\\/fuentesfidedignas.com.mx\\\/wp-content\\\/uploads\\\/2023\\\/07\\\/G5ZMQPS67NHOREA6NFTUFW3FEQ.jpg\",\"width\":800,\"height\":450},{\"@type\":\"BreadcrumbList\",\"@id\":\"https:\\\/\\\/fuentesfidedignas.com.mx\\\/index.php\\\/2023\\\/07\\\/01\\\/amlo-fest-2023-que-dijo-el-presidente-desde-el-zocalo\\\/#breadcrumb\",\"itemListElement\":[{\"@type\":\"ListItem\",\"position\":1,\"name\":\"Inicio\",\"item\":\"https:\\\/\\\/fuentesfidedignas.com.mx\\\/\"},{\"@type\":\"ListItem\",\"position\":2,\"name\":\"AMLO Fest 2023: \u00bfQu\u00e9 dijo el presidente desde el Z\u00f3calo?\"}]},{\"@type\":\"WebSite\",\"@id\":\"https:\\\/\\\/fuentesfidedignas.com.mx\\\/#website\",\"url\":\"https:\\\/\\\/fuentesfidedignas.com.mx\\\/\",\"name\":\"Fuentes Fidedignas\",\"description\":\"Otro sitio realizado con WordPress\",\"publisher\":{\"@id\":\"https:\\\/\\\/fuentesfidedignas.com.mx\\\/#organization\"},\"potentialAction\":[{\"@type\":\"SearchAction\",\"target\":{\"@type\":\"EntryPoint\",\"urlTemplate\":\"https:\\\/\\\/fuentesfidedignas.com.mx\\\/?s={search_term_string}\"},\"query-input\":{\"@type\":\"PropertyValueSpecification\",\"valueRequired\":true,\"valueName\":\"search_term_string\"}}],\"inLanguage\":\"es\"},{\"@type\":\"Organization\",\"@id\":\"https:\\\/\\\/fuentesfidedignas.com.mx\\\/#organization\",\"name\":\"Fuentes Fidedignas\",\"url\":\"https:\\\/\\\/fuentesfidedignas.com.mx\\\/\",\"logo\":{\"@type\":\"ImageObject\",\"inLanguage\":\"es\",\"@id\":\"https:\\\/\\\/fuentesfidedignas.com.mx\\\/#\\\/schema\\\/logo\\\/image\\\/\",\"url\":\"https:\\\/\\\/fuentesfidedignas.com.mx\\\/wp-content\\\/uploads\\\/2021\\\/04\\\/logo-retina.png\",\"contentUrl\":\"https:\\\/\\\/fuentesfidedignas.com.mx\\\/wp-content\\\/uploads\\\/2021\\\/04\\\/logo-retina.png\",\"width\":280,\"height\":51,\"caption\":\"Fuentes Fidedignas\"},\"image\":{\"@id\":\"https:\\\/\\\/fuentesfidedignas.com.mx\\\/#\\\/schema\\\/logo\\\/image\\\/\"},\"sameAs\":[\"https:\\\/\\\/www.facebook.com\\\/Fuentes-Fidedignas-368234489921644\",\"https:\\\/\\\/x.com\\\/fidedignas\"]},{\"@type\":\"Person\",\"@id\":\"https:\\\/\\\/fuentesfidedignas.com.mx\\\/#\\\/schema\\\/person\\\/494f7e0dce8dfaaec5b64f16615b78e9\",\"name\":\"El Financiero\",\"image\":{\"@type\":\"ImageObject\",\"inLanguage\":\"es\",\"@id\":\"https:\\\/\\\/secure.gravatar.com\\\/avatar\\\/88c0f3f2079389318ef8dd35c22cb997212aa89646e357ba59b318db26ed91a9?s=96&d=mm&r=g\",\"url\":\"https:\\\/\\\/secure.gravatar.com\\\/avatar\\\/88c0f3f2079389318ef8dd35c22cb997212aa89646e357ba59b318db26ed91a9?s=96&d=mm&r=g\",\"contentUrl\":\"https:\\\/\\\/secure.gravatar.com\\\/avatar\\\/88c0f3f2079389318ef8dd35c22cb997212aa89646e357ba59b318db26ed91a9?s=96&d=mm&r=g\",\"caption\":\"El Financiero\"},\"url\":\"https:\\\/\\\/fuentesfidedignas.com.mx\\\/index.php\\\/author\\\/financiero\\\/\"}]}<\/script>\n<!-- \/ Yoast SEO plugin. -->","yoast_head_json":{"title":"AMLO Fest 2023: \u00bfQu\u00e9 dijo el presidente desde el Z\u00f3calo? - Fuentes Fidedignas","robots":{"index":"index","follow":"follow","max-snippet":"max-snippet:-1","max-image-preview":"max-image-preview:large","max-video-preview":"max-video-preview:-1"},"canonical":"https:\/\/fuentesfidedignas.com.mx\/index.php\/2023\/07\/01\/amlo-fest-2023-que-dijo-el-presidente-desde-el-zocalo\/","og_locale":"es_MX","og_type":"article","og_title":"AMLO Fest 2023: \u00bfQu\u00e9 dijo el presidente desde el Z\u00f3calo? - Fuentes Fidedignas","og_description":"Cientos de personas acompa\u00f1aron a L\u00f3pez Obrador en el Z\u00f3calo, donde rindi\u00f3 un discurso este s\u00e1bado Ciudad de M\u00e9xico. El presidente\u00a0Andr\u00e9s Manuel L\u00f3pez Obrador\u00a0rindi\u00f3 un discurso este s\u00e1bado 1 de julio, como parte del festejo por el quinto aniversario de su triunfo en las elecciones presidenciales de 2018. El evento ocurri\u00f3 en el Z\u00f3calo capitalino. [&hellip;]","og_url":"https:\/\/fuentesfidedignas.com.mx\/index.php\/2023\/07\/01\/amlo-fest-2023-que-dijo-el-presidente-desde-el-zocalo\/","og_site_name":"Fuentes Fidedignas","article_publisher":"https:\/\/www.facebook.com\/Fuentes-Fidedignas-368234489921644","article_published_time":"2023-07-02T03:08:58+00:00","article_modified_time":"2023-07-02T03:22:57+00:00","og_image":[{"url":"https:\/\/www.elfinanciero.com.mx\/resizer\/y5mJeOb7jgpEgf6e3rQqmSxzeOw=\/400x267\/filters:format(jpg):quality(70)\/cloudfront-us-east-1.images.arcpublishing.com\/elfinanciero\/LKVTVLPAEFBMVDBZ5CBNCLMJFI.jpg","type":"","width":"","height":""}],"author":"El Financiero","twitter_card":"summary_large_image","twitter_creator":"@fidedignas","twitter_site":"@fidedignas","twitter_misc":{"Escrito por":"El Financiero","Tiempo de lectura":"5 minutos"},"schema":{"@context":"https:\/\/schema.org","@graph":[{"@type":"Article","@id":"https:\/\/fuentesfidedignas.com.mx\/index.php\/2023\/07\/01\/amlo-fest-2023-que-dijo-el-presidente-desde-el-zocalo\/#article","isPartOf":{"@id":"https:\/\/fuentesfidedignas.com.mx\/index.php\/2023\/07\/01\/amlo-fest-2023-que-dijo-el-presidente-desde-el-zocalo\/"},"author":{"name":"El Financiero","@id":"https:\/\/fuentesfidedignas.com.mx\/#\/schema\/person\/494f7e0dce8dfaaec5b64f16615b78e9"},"headline":"AMLO Fest 2023: \u00bfQu\u00e9 dijo el presidente desde el Z\u00f3calo?","datePublished":"2023-07-02T03:08:58+00:00","dateModified":"2023-07-02T03:22:57+00:00","mainEntityOfPage":{"@id":"https:\/\/fuentesfidedignas.com.mx\/index.php\/2023\/07\/01\/amlo-fest-2023-que-dijo-el-presidente-desde-el-zocalo\/"},"wordCount":1103,"commentCount":0,"publisher":{"@id":"https:\/\/fuentesfidedignas.com.mx\/#organization"},"image":{"@id":"https:\/\/fuentesfidedignas.com.mx\/index.php\/2023\/07\/01\/amlo-fest-2023-que-dijo-el-presidente-desde-el-zocalo\/#primaryimage"},"thumbnailUrl":"https:\/\/fuentesfidedignas.com.mx\/wp-content\/uploads\/2023\/07\/G5ZMQPS67NHOREA6NFTUFW3FEQ.jpg","articleSection":["NOTA PRINCIPAL"],"inLanguage":"es","potentialAction":[{"@type":"CommentAction","name":"Comment","target":["https:\/\/fuentesfidedignas.com.mx\/index.php\/2023\/07\/01\/amlo-fest-2023-que-dijo-el-presidente-desde-el-zocalo\/#respond"]}]},{"@type":"WebPage","@id":"https:\/\/fuentesfidedignas.com.mx\/index.php\/2023\/07\/01\/amlo-fest-2023-que-dijo-el-presidente-desde-el-zocalo\/","url":"https:\/\/fuentesfidedignas.com.mx\/index.php\/2023\/07\/01\/amlo-fest-2023-que-dijo-el-presidente-desde-el-zocalo\/","name":"AMLO Fest 2023: \u00bfQu\u00e9 dijo el presidente desde el Z\u00f3calo? - Fuentes Fidedignas","isPartOf":{"@id":"https:\/\/fuentesfidedignas.com.mx\/#website"},"primaryImageOfPage":{"@id":"https:\/\/fuentesfidedignas.com.mx\/index.php\/2023\/07\/01\/amlo-fest-2023-que-dijo-el-presidente-desde-el-zocalo\/#primaryimage"},"image":{"@id":"https:\/\/fuentesfidedignas.com.mx\/index.php\/2023\/07\/01\/amlo-fest-2023-que-dijo-el-presidente-desde-el-zocalo\/#primaryimage"},"thumbnailUrl":"https:\/\/fuentesfidedignas.com.mx\/wp-content\/uploads\/2023\/07\/G5ZMQPS67NHOREA6NFTUFW3FEQ.jpg","datePublished":"2023-07-02T03:08:58+00:00","dateModified":"2023-07-02T03:22:57+00:00","breadcrumb":{"@id":"https:\/\/fuentesfidedignas.com.mx\/index.php\/2023\/07\/01\/amlo-fest-2023-que-dijo-el-presidente-desde-el-zocalo\/#breadcrumb"},"inLanguage":"es","potentialAction":[{"@type":"ReadAction","target":["https:\/\/fuentesfidedignas.com.mx\/index.php\/2023\/07\/01\/amlo-fest-2023-que-dijo-el-presidente-desde-el-zocalo\/"]}]},{"@type":"ImageObject","inLanguage":"es","@id":"https:\/\/fuentesfidedignas.com.mx\/index.php\/2023\/07\/01\/amlo-fest-2023-que-dijo-el-presidente-desde-el-zocalo\/#primaryimage","url":"https:\/\/fuentesfidedignas.com.mx\/wp-content\/uploads\/2023\/07\/G5ZMQPS67NHOREA6NFTUFW3FEQ.jpg","contentUrl":"https:\/\/fuentesfidedignas.com.mx\/wp-content\/uploads\/2023\/07\/G5ZMQPS67NHOREA6NFTUFW3FEQ.jpg","width":800,"height":450},{"@type":"BreadcrumbList","@id":"https:\/\/fuentesfidedignas.com.mx\/index.php\/2023\/07\/01\/amlo-fest-2023-que-dijo-el-presidente-desde-el-zocalo\/#breadcrumb","itemListElement":[{"@type":"ListItem","position":1,"name":"Inicio","item":"https:\/\/fuentesfidedignas.com.mx\/"},{"@type":"ListItem","position":2,"name":"AMLO Fest 2023: \u00bfQu\u00e9 dijo el presidente desde el Z\u00f3calo?"}]},{"@type":"WebSite","@id":"https:\/\/fuentesfidedignas.com.mx\/#website","url":"https:\/\/fuentesfidedignas.com.mx\/","name":"Fuentes Fidedignas","description":"Otro sitio realizado con WordPress","publisher":{"@id":"https:\/\/fuentesfidedignas.com.mx\/#organization"},"potentialAction":[{"@type":"SearchAction","target":{"@type":"EntryPoint","urlTemplate":"https:\/\/fuentesfidedignas.com.mx\/?s={search_term_string}"},"query-input":{"@type":"PropertyValueSpecification","valueRequired":true,"valueName":"search_term_string"}}],"inLanguage":"es"},{"@type":"Organization","@id":"https:\/\/fuentesfidedignas.com.mx\/#organization","name":"Fuentes Fidedignas","url":"https:\/\/fuentesfidedignas.com.mx\/","logo":{"@type":"ImageObject","inLanguage":"es","@id":"https:\/\/fuentesfidedignas.com.mx\/#\/schema\/logo\/image\/","url":"https:\/\/fuentesfidedignas.com.mx\/wp-content\/uploads\/2021\/04\/logo-retina.png","contentUrl":"https:\/\/fuentesfidedignas.com.mx\/wp-content\/uploads\/2021\/04\/logo-retina.png","width":280,"height":51,"caption":"Fuentes Fidedignas"},"image":{"@id":"https:\/\/fuentesfidedignas.com.mx\/#\/schema\/logo\/image\/"},"sameAs":["https:\/\/www.facebook.com\/Fuentes-Fidedignas-368234489921644","https:\/\/x.com\/fidedignas"]},{"@type":"Person","@id":"https:\/\/fuentesfidedignas.com.mx\/#\/schema\/person\/494f7e0dce8dfaaec5b64f16615b78e9","name":"El Financiero","image":{"@type":"ImageObject","inLanguage":"es","@id":"https:\/\/secure.gravatar.com\/avatar\/88c0f3f2079389318ef8dd35c22cb997212aa89646e357ba59b318db26ed91a9?s=96&d=mm&r=g","url":"https:\/\/secure.gravatar.com\/avatar\/88c0f3f2079389318ef8dd35c22cb997212aa89646e357ba59b318db26ed91a9?s=96&d=mm&r=g","contentUrl":"https:\/\/secure.gravatar.com\/avatar\/88c0f3f2079389318ef8dd35c22cb997212aa89646e357ba59b318db26ed91a9?s=96&d=mm&r=g","caption":"El Financiero"},"url":"https:\/\/fuentesfidedignas.com.mx\/index.php\/author\/financiero\/"}]}},"_links":{"self":[{"href":"https:\/\/fuentesfidedignas.com.mx\/index.php\/wp-json\/wp\/v2\/posts\/51637","targetHints":{"allow":["GET"]}}],"collection":[{"href":"https:\/\/fuentesfidedignas.com.mx\/index.php\/wp-json\/wp\/v2\/posts"}],"about":[{"href":"https:\/\/fuentesfidedignas.com.mx\/index.php\/wp-json\/wp\/v2\/types\/post"}],"author":[{"embeddable":true,"href":"https:\/\/fuentesfidedignas.com.mx\/index.php\/wp-json\/wp\/v2\/users\/21"}],"replies":[{"embeddable":true,"href":"https:\/\/fuentesfidedignas.com.mx\/index.php\/wp-json\/wp\/v2\/comments?post=51637"}],"version-history":[{"count":1,"href":"https:\/\/fuentesfidedignas.com.mx\/index.php\/wp-json\/wp\/v2\/posts\/51637\/revisions"}],"predecessor-version":[{"id":51638,"href":"https:\/\/fuentesfidedignas.com.mx\/index.php\/wp-json\/wp\/v2\/posts\/51637\/revisions\/51638"}],"wp:featuredmedia":[{"embeddable":true,"href":"https:\/\/fuentesfidedignas.com.mx\/index.php\/wp-json\/wp\/v2\/media\/51639"}],"wp:attachment":[{"href":"https:\/\/fuentesfidedignas.com.mx\/index.php\/wp-json\/wp\/v2\/media?parent=51637"}],"wp:term":[{"taxonomy":"category","embeddable":true,"href":"https:\/\/fuentesfidedignas.com.mx\/index.php\/wp-json\/wp\/v2\/categories?post=51637"},{"taxonomy":"post_tag","embeddable":true,"href":"https:\/\/fuentesfidedignas.com.mx\/index.php\/wp-json\/wp\/v2\/tags?post=51637"}],"curies":[{"name":"wp","href":"https:\/\/api.w.org\/{rel}","templated":true}]}}