{"id":51633,"date":"2023-07-01T17:45:19","date_gmt":"2023-07-02T00:45:19","guid":{"rendered":"https:\/\/fuentesfidedignas.com.mx\/?p=51633"},"modified":"2023-07-01T20:11:08","modified_gmt":"2023-07-02T03:11:08","slug":"el-mexico-que-queremos-y-merecemos-empieza-a-construirse-hoy-aqui-y-ahora-paola-garate","status":"publish","type":"post","link":"https:\/\/fuentesfidedignas.com.mx\/index.php\/2023\/07\/01\/el-mexico-que-queremos-y-merecemos-empieza-a-construirse-hoy-aqui-y-ahora-paola-garate\/","title":{"rendered":"\u201cEl M\u00e9xico que queremos y merecemos empieza a construirse hoy, aqu\u00ed y ahora\u201d: Paola G\u00e1rate"},"content":{"rendered":"\n<p><em><strong>Realiz\u00f3 PRI Sinaloa, mesas de di\u00e1logos \u201cEl M\u00e9xico que queremos\u201d<\/strong><\/em><\/p>\n\n\n\n<p>Culiac\u00e1n, Sin.- De manera simult\u00e1nea en las 32 entidades de la Rep\u00fablica Mexicana, el Partido Revolucionario Institucional arranc\u00f3 con las mesas de di\u00e1logos \u201cEl M\u00e9xico que queremos\u201d, cuyo objetivo es dar voz a los militantes, simpatizantes y ciudadanos, para escuchar sus causas y construir las plataformas electorales con las que se trabajar\u00e1 para el periodo 2024\u20132030.<\/p>\n\n\n\n<p>Paola G\u00e1rate Valenzuela, presidenta del PRI en Sinaloa ante un auditorio \u201cBenito Ju\u00e1rez\u201d, lleno, agradeci\u00f3 a todos los presentes y puntualiz\u00f3 que este es un importante ejercicio c\u00edvico y participativo, en donde todas las voces ser\u00e1n escuchadas y quedar\u00e1 registros de las m\u00e1s plurales y diversas expresiones.<\/p>\n\n\n\n<p>\u201c<strong>Los partidos estamos obligados a conectar nuestra agenda con los reclamos de la ciudadan\u00eda. La mejor forma de alcanzar el apoyo de la sociedad, es involucrarlo a los sectores de nuestras acciones. Los acuerdos y la alianza m\u00e1s importante que un partido puede construir, son aquellos que se realizan de la mano de los ciudadanos y deben fundarse en la mejora constante de la calidad de vida de las comunidades<\/strong>\u201d, dijo.<\/p>\n\n\n\n<figure class=\"wp-block-image size-full\"><img decoding=\"async\" width=\"1024\" height=\"569\" src=\"https:\/\/fuentesfidedignas.com.mx\/wp-content\/uploads\/2023\/07\/1000085609.jpg\" alt=\"\" class=\"wp-image-51634\" srcset=\"https:\/\/fuentesfidedignas.com.mx\/wp-content\/uploads\/2023\/07\/1000085609.jpg 1024w, https:\/\/fuentesfidedignas.com.mx\/wp-content\/uploads\/2023\/07\/1000085609-300x167.jpg 300w, https:\/\/fuentesfidedignas.com.mx\/wp-content\/uploads\/2023\/07\/1000085609-768x427.jpg 768w\" sizes=\"(max-width: 1024px) 100vw, 1024px\" \/><\/figure>\n\n\n\n<p>En su intervenci\u00f3n, Bernardino Antelo Esper, secretario general del PRI en Sinaloa y quien tambi\u00e9n fungi\u00f3 como secretario t\u00e9cnico del foro, reiter\u00f3 que, \u201cestamos en el momento donde los ciudadanos, tienen la oportunidad de decidir qui\u00e9n podr\u00e1 gobernarnos en los pr\u00f3ximos seis a\u00f1os.<\/p>\n\n\n\n<p>A su vez, en su mensaje, el senador Mario Zamora Gast\u00e9lum&nbsp; resalt\u00f3 que la realidad que hoy vive M\u00e9xico obliga a ser diferentes y a replantear el esquema de participaci\u00f3n, construyendo con este foro estatal \u201cEl M\u00e9xico que queremos\u201d, ya que es un espacio de reflexi\u00f3n e intercambio de ideas.<\/p>\n\n\n\n<p>La conferencia magistral a cargo del expositor Fernando Belaunzar\u00e1n, pol\u00edtico y fil\u00f3sofo mexicano, quien enfatiz\u00f3 la forma en la que trabaja el gobierno actual y sus deficiencias, \u201clos grandes problemas de M\u00e9xico, se resuelven en conjunto y pluralmente, incluyendo a todo sector de la poblaci\u00f3n\u201d, dijo.<\/p>\n\n\n\n<p>Presentes tambi\u00e9n, el diputado local y presidente de la Fundaci\u00f3n Colosio, Sergio Mario Arredondo; el dirigente del PRD en el estado, Oner Lazcano; de la Comisi\u00f3n Coordinadora del Frente C\u00edvico Nacional, cap\u00edtulo Sinaloa, Ra\u00fal Ib\u00e1\u00f1ez; los presidentes de las mesas de trabajo: el exsenador Aar\u00f3n Ir\u00edzar; \u00c9rika S\u00e1nchez; Geovani Escobar; Liliana C\u00e1rdenas; Maribel Chollet y el delegado del CEN en Sinaloa, \u00c1lvaro Ruelas Echave.<\/p>\n\n\n\n<p>Correspondi\u00f3 a \u00c1lvaro Ruelas, clausurar estos foros, quien puntualiz\u00f3 que, \u201cEl M\u00e9xico que queremos\u201d no sin antes reconocer la palabra cumplida por parte del dirigente nacional Alejandro Moreno C\u00e1rdenas, ya que el desarrollo de estas mesas de di\u00e1logo representan la construcci\u00f3n de una parte fundamental del PRI como oposici\u00f3n y que genera las condiciones para un gobierno de coalici\u00f3n y con base legislativa.<\/p>\n\n\n\n<p><\/p>\n","protected":false},"excerpt":{"rendered":"<p>Realiz\u00f3 PRI Sinaloa, mesas de di\u00e1logos \u201cEl M\u00e9xico que queremos\u201d Culiac\u00e1n, Sin.- De manera simult\u00e1nea en las 32 entidades de la Rep\u00fablica Mexicana, el Partido Revolucionario Institucional arranc\u00f3 con las mesas de di\u00e1logos \u201cEl M\u00e9xico que queremos\u201d, cuyo objetivo es dar voz a los militantes, simpatizantes y ciudadanos, para escuchar sus causas y construir las [&hellip;]<\/p>\n","protected":false},"author":4,"featured_media":51636,"comment_status":"open","ping_status":"open","sticky":false,"template":"","format":"standard","meta":{"tdm_status":"","tdm_grid_status":"","footnotes":""},"categories":[38,1],"tags":[],"class_list":{"0":"post-51633","1":"post","2":"type-post","3":"status-publish","4":"format-standard","5":"has-post-thumbnail","7":"category-noticias-locales","8":"category-sin-categoria"},"yoast_head":"<!-- This site is optimized with the Yoast SEO plugin v27.5 - https:\/\/yoast.com\/product\/yoast-seo-wordpress\/ -->\n<title>\u201cEl M\u00e9xico que queremos y merecemos empieza a construirse hoy, aqu\u00ed y ahora\u201d: Paola G\u00e1rate - Fuentes Fidedignas<\/title>\n<meta name=\"robots\" content=\"index, follow, max-snippet:-1, max-image-preview:large, max-video-preview:-1\" \/>\n<link rel=\"canonical\" href=\"https:\/\/fuentesfidedignas.com.mx\/index.php\/2023\/07\/01\/el-mexico-que-queremos-y-merecemos-empieza-a-construirse-hoy-aqui-y-ahora-paola-garate\/\" \/>\n<meta property=\"og:locale\" content=\"es_MX\" \/>\n<meta property=\"og:type\" content=\"article\" \/>\n<meta property=\"og:title\" content=\"\u201cEl M\u00e9xico que queremos y merecemos empieza a construirse hoy, aqu\u00ed y ahora\u201d: Paola G\u00e1rate - Fuentes Fidedignas\" \/>\n<meta property=\"og:description\" content=\"Realiz\u00f3 PRI Sinaloa, mesas de di\u00e1logos \u201cEl M\u00e9xico que queremos\u201d Culiac\u00e1n, Sin.- De manera simult\u00e1nea en las 32 entidades de la Rep\u00fablica Mexicana, el Partido Revolucionario Institucional arranc\u00f3 con las mesas de di\u00e1logos \u201cEl M\u00e9xico que queremos\u201d, cuyo objetivo es dar voz a los militantes, simpatizantes y ciudadanos, para escuchar sus causas y construir las [&hellip;]\" \/>\n<meta property=\"og:url\" content=\"https:\/\/fuentesfidedignas.com.mx\/index.php\/2023\/07\/01\/el-mexico-que-queremos-y-merecemos-empieza-a-construirse-hoy-aqui-y-ahora-paola-garate\/\" \/>\n<meta property=\"og:site_name\" content=\"Fuentes Fidedignas\" \/>\n<meta property=\"article:publisher\" content=\"https:\/\/www.facebook.com\/Fuentes-Fidedignas-368234489921644\" \/>\n<meta property=\"article:published_time\" content=\"2023-07-02T00:45:19+00:00\" \/>\n<meta property=\"article:modified_time\" content=\"2023-07-02T03:11:08+00:00\" \/>\n<meta property=\"og:image\" content=\"https:\/\/fuentesfidedignas.com.mx\/wp-content\/uploads\/2023\/07\/1000085609.jpg\" \/>\n<meta name=\"author\" content=\"Redacci\u00f3n\" \/>\n<meta name=\"twitter:card\" content=\"summary_large_image\" \/>\n<meta name=\"twitter:creator\" content=\"@fidedignas\" \/>\n<meta name=\"twitter:site\" content=\"@fidedignas\" \/>\n<meta name=\"twitter:label1\" content=\"Escrito por\" \/>\n\t<meta name=\"twitter:data1\" content=\"Redacci\u00f3n\" \/>\n\t<meta name=\"twitter:label2\" content=\"Tiempo de lectura\" \/>\n\t<meta name=\"twitter:data2\" content=\"3 minutos\" \/>\n<script type=\"application\/ld+json\" class=\"yoast-schema-graph\">{\"@context\":\"https:\\\/\\\/schema.org\",\"@graph\":[{\"@type\":\"Article\",\"@id\":\"https:\\\/\\\/fuentesfidedignas.com.mx\\\/index.php\\\/2023\\\/07\\\/01\\\/el-mexico-que-queremos-y-merecemos-empieza-a-construirse-hoy-aqui-y-ahora-paola-garate\\\/#article\",\"isPartOf\":{\"@id\":\"https:\\\/\\\/fuentesfidedignas.com.mx\\\/index.php\\\/2023\\\/07\\\/01\\\/el-mexico-que-queremos-y-merecemos-empieza-a-construirse-hoy-aqui-y-ahora-paola-garate\\\/\"},\"author\":{\"name\":\"Redacci\u00f3n\",\"@id\":\"https:\\\/\\\/fuentesfidedignas.com.mx\\\/#\\\/schema\\\/person\\\/331be9283d37198e2acd5750279085b0\"},\"headline\":\"\u201cEl M\u00e9xico que queremos y merecemos empieza a construirse hoy, aqu\u00ed y ahora\u201d: Paola G\u00e1rate\",\"datePublished\":\"2023-07-02T00:45:19+00:00\",\"dateModified\":\"2023-07-02T03:11:08+00:00\",\"mainEntityOfPage\":{\"@id\":\"https:\\\/\\\/fuentesfidedignas.com.mx\\\/index.php\\\/2023\\\/07\\\/01\\\/el-mexico-que-queremos-y-merecemos-empieza-a-construirse-hoy-aqui-y-ahora-paola-garate\\\/\"},\"wordCount\":514,\"commentCount\":0,\"publisher\":{\"@id\":\"https:\\\/\\\/fuentesfidedignas.com.mx\\\/#organization\"},\"image\":{\"@id\":\"https:\\\/\\\/fuentesfidedignas.com.mx\\\/index.php\\\/2023\\\/07\\\/01\\\/el-mexico-que-queremos-y-merecemos-empieza-a-construirse-hoy-aqui-y-ahora-paola-garate\\\/#primaryimage\"},\"thumbnailUrl\":\"https:\\\/\\\/fuentesfidedignas.com.mx\\\/wp-content\\\/uploads\\\/2023\\\/07\\\/WhatsApp-Image-2023-07-01-at-4.05.55-PM.jpeg\",\"articleSection\":[\"NOTICIAS LOCALES\"],\"inLanguage\":\"es\",\"potentialAction\":[{\"@type\":\"CommentAction\",\"name\":\"Comment\",\"target\":[\"https:\\\/\\\/fuentesfidedignas.com.mx\\\/index.php\\\/2023\\\/07\\\/01\\\/el-mexico-que-queremos-y-merecemos-empieza-a-construirse-hoy-aqui-y-ahora-paola-garate\\\/#respond\"]}]},{\"@type\":\"WebPage\",\"@id\":\"https:\\\/\\\/fuentesfidedignas.com.mx\\\/index.php\\\/2023\\\/07\\\/01\\\/el-mexico-que-queremos-y-merecemos-empieza-a-construirse-hoy-aqui-y-ahora-paola-garate\\\/\",\"url\":\"https:\\\/\\\/fuentesfidedignas.com.mx\\\/index.php\\\/2023\\\/07\\\/01\\\/el-mexico-que-queremos-y-merecemos-empieza-a-construirse-hoy-aqui-y-ahora-paola-garate\\\/\",\"name\":\"\u201cEl M\u00e9xico que queremos y merecemos empieza a construirse hoy, aqu\u00ed y ahora\u201d: Paola G\u00e1rate - Fuentes Fidedignas\",\"isPartOf\":{\"@id\":\"https:\\\/\\\/fuentesfidedignas.com.mx\\\/#website\"},\"primaryImageOfPage\":{\"@id\":\"https:\\\/\\\/fuentesfidedignas.com.mx\\\/index.php\\\/2023\\\/07\\\/01\\\/el-mexico-que-queremos-y-merecemos-empieza-a-construirse-hoy-aqui-y-ahora-paola-garate\\\/#primaryimage\"},\"image\":{\"@id\":\"https:\\\/\\\/fuentesfidedignas.com.mx\\\/index.php\\\/2023\\\/07\\\/01\\\/el-mexico-que-queremos-y-merecemos-empieza-a-construirse-hoy-aqui-y-ahora-paola-garate\\\/#primaryimage\"},\"thumbnailUrl\":\"https:\\\/\\\/fuentesfidedignas.com.mx\\\/wp-content\\\/uploads\\\/2023\\\/07\\\/WhatsApp-Image-2023-07-01-at-4.05.55-PM.jpeg\",\"datePublished\":\"2023-07-02T00:45:19+00:00\",\"dateModified\":\"2023-07-02T03:11:08+00:00\",\"breadcrumb\":{\"@id\":\"https:\\\/\\\/fuentesfidedignas.com.mx\\\/index.php\\\/2023\\\/07\\\/01\\\/el-mexico-que-queremos-y-merecemos-empieza-a-construirse-hoy-aqui-y-ahora-paola-garate\\\/#breadcrumb\"},\"inLanguage\":\"es\",\"potentialAction\":[{\"@type\":\"ReadAction\",\"target\":[\"https:\\\/\\\/fuentesfidedignas.com.mx\\\/index.php\\\/2023\\\/07\\\/01\\\/el-mexico-que-queremos-y-merecemos-empieza-a-construirse-hoy-aqui-y-ahora-paola-garate\\\/\"]}]},{\"@type\":\"ImageObject\",\"inLanguage\":\"es\",\"@id\":\"https:\\\/\\\/fuentesfidedignas.com.mx\\\/index.php\\\/2023\\\/07\\\/01\\\/el-mexico-que-queremos-y-merecemos-empieza-a-construirse-hoy-aqui-y-ahora-paola-garate\\\/#primaryimage\",\"url\":\"https:\\\/\\\/fuentesfidedignas.com.mx\\\/wp-content\\\/uploads\\\/2023\\\/07\\\/WhatsApp-Image-2023-07-01-at-4.05.55-PM.jpeg\",\"contentUrl\":\"https:\\\/\\\/fuentesfidedignas.com.mx\\\/wp-content\\\/uploads\\\/2023\\\/07\\\/WhatsApp-Image-2023-07-01-at-4.05.55-PM.jpeg\",\"width\":1024,\"height\":577},{\"@type\":\"BreadcrumbList\",\"@id\":\"https:\\\/\\\/fuentesfidedignas.com.mx\\\/index.php\\\/2023\\\/07\\\/01\\\/el-mexico-que-queremos-y-merecemos-empieza-a-construirse-hoy-aqui-y-ahora-paola-garate\\\/#breadcrumb\",\"itemListElement\":[{\"@type\":\"ListItem\",\"position\":1,\"name\":\"Inicio\",\"item\":\"https:\\\/\\\/fuentesfidedignas.com.mx\\\/\"},{\"@type\":\"ListItem\",\"position\":2,\"name\":\"\u201cEl M\u00e9xico que queremos y merecemos empieza a construirse hoy, aqu\u00ed y ahora\u201d: Paola G\u00e1rate\"}]},{\"@type\":\"WebSite\",\"@id\":\"https:\\\/\\\/fuentesfidedignas.com.mx\\\/#website\",\"url\":\"https:\\\/\\\/fuentesfidedignas.com.mx\\\/\",\"name\":\"Fuentes Fidedignas\",\"description\":\"Otro sitio realizado con WordPress\",\"publisher\":{\"@id\":\"https:\\\/\\\/fuentesfidedignas.com.mx\\\/#organization\"},\"potentialAction\":[{\"@type\":\"SearchAction\",\"target\":{\"@type\":\"EntryPoint\",\"urlTemplate\":\"https:\\\/\\\/fuentesfidedignas.com.mx\\\/?s={search_term_string}\"},\"query-input\":{\"@type\":\"PropertyValueSpecification\",\"valueRequired\":true,\"valueName\":\"search_term_string\"}}],\"inLanguage\":\"es\"},{\"@type\":\"Organization\",\"@id\":\"https:\\\/\\\/fuentesfidedignas.com.mx\\\/#organization\",\"name\":\"Fuentes Fidedignas\",\"url\":\"https:\\\/\\\/fuentesfidedignas.com.mx\\\/\",\"logo\":{\"@type\":\"ImageObject\",\"inLanguage\":\"es\",\"@id\":\"https:\\\/\\\/fuentesfidedignas.com.mx\\\/#\\\/schema\\\/logo\\\/image\\\/\",\"url\":\"https:\\\/\\\/fuentesfidedignas.com.mx\\\/wp-content\\\/uploads\\\/2021\\\/04\\\/logo-retina.png\",\"contentUrl\":\"https:\\\/\\\/fuentesfidedignas.com.mx\\\/wp-content\\\/uploads\\\/2021\\\/04\\\/logo-retina.png\",\"width\":280,\"height\":51,\"caption\":\"Fuentes Fidedignas\"},\"image\":{\"@id\":\"https:\\\/\\\/fuentesfidedignas.com.mx\\\/#\\\/schema\\\/logo\\\/image\\\/\"},\"sameAs\":[\"https:\\\/\\\/www.facebook.com\\\/Fuentes-Fidedignas-368234489921644\",\"https:\\\/\\\/x.com\\\/fidedignas\"]},{\"@type\":\"Person\",\"@id\":\"https:\\\/\\\/fuentesfidedignas.com.mx\\\/#\\\/schema\\\/person\\\/331be9283d37198e2acd5750279085b0\",\"name\":\"Redacci\u00f3n\",\"image\":{\"@type\":\"ImageObject\",\"inLanguage\":\"es\",\"@id\":\"https:\\\/\\\/secure.gravatar.com\\\/avatar\\\/f6d8782c11d12b2d4ad3fbb6931aeab5309937a4d6cd2fc9cfaa28a6396a5aec?s=96&d=mm&r=g\",\"url\":\"https:\\\/\\\/secure.gravatar.com\\\/avatar\\\/f6d8782c11d12b2d4ad3fbb6931aeab5309937a4d6cd2fc9cfaa28a6396a5aec?s=96&d=mm&r=g\",\"contentUrl\":\"https:\\\/\\\/secure.gravatar.com\\\/avatar\\\/f6d8782c11d12b2d4ad3fbb6931aeab5309937a4d6cd2fc9cfaa28a6396a5aec?s=96&d=mm&r=g\",\"caption\":\"Redacci\u00f3n\"},\"url\":\"https:\\\/\\\/fuentesfidedignas.com.mx\\\/index.php\\\/author\\\/redaccion\\\/\"}]}<\/script>\n<!-- \/ Yoast SEO plugin. -->","yoast_head_json":{"title":"\u201cEl M\u00e9xico que queremos y merecemos empieza a construirse hoy, aqu\u00ed y ahora\u201d: Paola G\u00e1rate - Fuentes Fidedignas","robots":{"index":"index","follow":"follow","max-snippet":"max-snippet:-1","max-image-preview":"max-image-preview:large","max-video-preview":"max-video-preview:-1"},"canonical":"https:\/\/fuentesfidedignas.com.mx\/index.php\/2023\/07\/01\/el-mexico-que-queremos-y-merecemos-empieza-a-construirse-hoy-aqui-y-ahora-paola-garate\/","og_locale":"es_MX","og_type":"article","og_title":"\u201cEl M\u00e9xico que queremos y merecemos empieza a construirse hoy, aqu\u00ed y ahora\u201d: Paola G\u00e1rate - Fuentes Fidedignas","og_description":"Realiz\u00f3 PRI Sinaloa, mesas de di\u00e1logos \u201cEl M\u00e9xico que queremos\u201d Culiac\u00e1n, Sin.- De manera simult\u00e1nea en las 32 entidades de la Rep\u00fablica Mexicana, el Partido Revolucionario Institucional arranc\u00f3 con las mesas de di\u00e1logos \u201cEl M\u00e9xico que queremos\u201d, cuyo objetivo es dar voz a los militantes, simpatizantes y ciudadanos, para escuchar sus causas y construir las [&hellip;]","og_url":"https:\/\/fuentesfidedignas.com.mx\/index.php\/2023\/07\/01\/el-mexico-que-queremos-y-merecemos-empieza-a-construirse-hoy-aqui-y-ahora-paola-garate\/","og_site_name":"Fuentes Fidedignas","article_publisher":"https:\/\/www.facebook.com\/Fuentes-Fidedignas-368234489921644","article_published_time":"2023-07-02T00:45:19+00:00","article_modified_time":"2023-07-02T03:11:08+00:00","og_image":[{"url":"https:\/\/fuentesfidedignas.com.mx\/wp-content\/uploads\/2023\/07\/1000085609.jpg","type":"","width":"","height":""}],"author":"Redacci\u00f3n","twitter_card":"summary_large_image","twitter_creator":"@fidedignas","twitter_site":"@fidedignas","twitter_misc":{"Escrito por":"Redacci\u00f3n","Tiempo de lectura":"3 minutos"},"schema":{"@context":"https:\/\/schema.org","@graph":[{"@type":"Article","@id":"https:\/\/fuentesfidedignas.com.mx\/index.php\/2023\/07\/01\/el-mexico-que-queremos-y-merecemos-empieza-a-construirse-hoy-aqui-y-ahora-paola-garate\/#article","isPartOf":{"@id":"https:\/\/fuentesfidedignas.com.mx\/index.php\/2023\/07\/01\/el-mexico-que-queremos-y-merecemos-empieza-a-construirse-hoy-aqui-y-ahora-paola-garate\/"},"author":{"name":"Redacci\u00f3n","@id":"https:\/\/fuentesfidedignas.com.mx\/#\/schema\/person\/331be9283d37198e2acd5750279085b0"},"headline":"\u201cEl M\u00e9xico que queremos y merecemos empieza a construirse hoy, aqu\u00ed y ahora\u201d: Paola G\u00e1rate","datePublished":"2023-07-02T00:45:19+00:00","dateModified":"2023-07-02T03:11:08+00:00","mainEntityOfPage":{"@id":"https:\/\/fuentesfidedignas.com.mx\/index.php\/2023\/07\/01\/el-mexico-que-queremos-y-merecemos-empieza-a-construirse-hoy-aqui-y-ahora-paola-garate\/"},"wordCount":514,"commentCount":0,"publisher":{"@id":"https:\/\/fuentesfidedignas.com.mx\/#organization"},"image":{"@id":"https:\/\/fuentesfidedignas.com.mx\/index.php\/2023\/07\/01\/el-mexico-que-queremos-y-merecemos-empieza-a-construirse-hoy-aqui-y-ahora-paola-garate\/#primaryimage"},"thumbnailUrl":"https:\/\/fuentesfidedignas.com.mx\/wp-content\/uploads\/2023\/07\/WhatsApp-Image-2023-07-01-at-4.05.55-PM.jpeg","articleSection":["NOTICIAS LOCALES"],"inLanguage":"es","potentialAction":[{"@type":"CommentAction","name":"Comment","target":["https:\/\/fuentesfidedignas.com.mx\/index.php\/2023\/07\/01\/el-mexico-que-queremos-y-merecemos-empieza-a-construirse-hoy-aqui-y-ahora-paola-garate\/#respond"]}]},{"@type":"WebPage","@id":"https:\/\/fuentesfidedignas.com.mx\/index.php\/2023\/07\/01\/el-mexico-que-queremos-y-merecemos-empieza-a-construirse-hoy-aqui-y-ahora-paola-garate\/","url":"https:\/\/fuentesfidedignas.com.mx\/index.php\/2023\/07\/01\/el-mexico-que-queremos-y-merecemos-empieza-a-construirse-hoy-aqui-y-ahora-paola-garate\/","name":"\u201cEl M\u00e9xico que queremos y merecemos empieza a construirse hoy, aqu\u00ed y ahora\u201d: Paola G\u00e1rate - Fuentes Fidedignas","isPartOf":{"@id":"https:\/\/fuentesfidedignas.com.mx\/#website"},"primaryImageOfPage":{"@id":"https:\/\/fuentesfidedignas.com.mx\/index.php\/2023\/07\/01\/el-mexico-que-queremos-y-merecemos-empieza-a-construirse-hoy-aqui-y-ahora-paola-garate\/#primaryimage"},"image":{"@id":"https:\/\/fuentesfidedignas.com.mx\/index.php\/2023\/07\/01\/el-mexico-que-queremos-y-merecemos-empieza-a-construirse-hoy-aqui-y-ahora-paola-garate\/#primaryimage"},"thumbnailUrl":"https:\/\/fuentesfidedignas.com.mx\/wp-content\/uploads\/2023\/07\/WhatsApp-Image-2023-07-01-at-4.05.55-PM.jpeg","datePublished":"2023-07-02T00:45:19+00:00","dateModified":"2023-07-02T03:11:08+00:00","breadcrumb":{"@id":"https:\/\/fuentesfidedignas.com.mx\/index.php\/2023\/07\/01\/el-mexico-que-queremos-y-merecemos-empieza-a-construirse-hoy-aqui-y-ahora-paola-garate\/#breadcrumb"},"inLanguage":"es","potentialAction":[{"@type":"ReadAction","target":["https:\/\/fuentesfidedignas.com.mx\/index.php\/2023\/07\/01\/el-mexico-que-queremos-y-merecemos-empieza-a-construirse-hoy-aqui-y-ahora-paola-garate\/"]}]},{"@type":"ImageObject","inLanguage":"es","@id":"https:\/\/fuentesfidedignas.com.mx\/index.php\/2023\/07\/01\/el-mexico-que-queremos-y-merecemos-empieza-a-construirse-hoy-aqui-y-ahora-paola-garate\/#primaryimage","url":"https:\/\/fuentesfidedignas.com.mx\/wp-content\/uploads\/2023\/07\/WhatsApp-Image-2023-07-01-at-4.05.55-PM.jpeg","contentUrl":"https:\/\/fuentesfidedignas.com.mx\/wp-content\/uploads\/2023\/07\/WhatsApp-Image-2023-07-01-at-4.05.55-PM.jpeg","width":1024,"height":577},{"@type":"BreadcrumbList","@id":"https:\/\/fuentesfidedignas.com.mx\/index.php\/2023\/07\/01\/el-mexico-que-queremos-y-merecemos-empieza-a-construirse-hoy-aqui-y-ahora-paola-garate\/#breadcrumb","itemListElement":[{"@type":"ListItem","position":1,"name":"Inicio","item":"https:\/\/fuentesfidedignas.com.mx\/"},{"@type":"ListItem","position":2,"name":"\u201cEl M\u00e9xico que queremos y merecemos empieza a construirse hoy, aqu\u00ed y ahora\u201d: Paola G\u00e1rate"}]},{"@type":"WebSite","@id":"https:\/\/fuentesfidedignas.com.mx\/#website","url":"https:\/\/fuentesfidedignas.com.mx\/","name":"Fuentes Fidedignas","description":"Otro sitio realizado con WordPress","publisher":{"@id":"https:\/\/fuentesfidedignas.com.mx\/#organization"},"potentialAction":[{"@type":"SearchAction","target":{"@type":"EntryPoint","urlTemplate":"https:\/\/fuentesfidedignas.com.mx\/?s={search_term_string}"},"query-input":{"@type":"PropertyValueSpecification","valueRequired":true,"valueName":"search_term_string"}}],"inLanguage":"es"},{"@type":"Organization","@id":"https:\/\/fuentesfidedignas.com.mx\/#organization","name":"Fuentes Fidedignas","url":"https:\/\/fuentesfidedignas.com.mx\/","logo":{"@type":"ImageObject","inLanguage":"es","@id":"https:\/\/fuentesfidedignas.com.mx\/#\/schema\/logo\/image\/","url":"https:\/\/fuentesfidedignas.com.mx\/wp-content\/uploads\/2021\/04\/logo-retina.png","contentUrl":"https:\/\/fuentesfidedignas.com.mx\/wp-content\/uploads\/2021\/04\/logo-retina.png","width":280,"height":51,"caption":"Fuentes Fidedignas"},"image":{"@id":"https:\/\/fuentesfidedignas.com.mx\/#\/schema\/logo\/image\/"},"sameAs":["https:\/\/www.facebook.com\/Fuentes-Fidedignas-368234489921644","https:\/\/x.com\/fidedignas"]},{"@type":"Person","@id":"https:\/\/fuentesfidedignas.com.mx\/#\/schema\/person\/331be9283d37198e2acd5750279085b0","name":"Redacci\u00f3n","image":{"@type":"ImageObject","inLanguage":"es","@id":"https:\/\/secure.gravatar.com\/avatar\/f6d8782c11d12b2d4ad3fbb6931aeab5309937a4d6cd2fc9cfaa28a6396a5aec?s=96&d=mm&r=g","url":"https:\/\/secure.gravatar.com\/avatar\/f6d8782c11d12b2d4ad3fbb6931aeab5309937a4d6cd2fc9cfaa28a6396a5aec?s=96&d=mm&r=g","contentUrl":"https:\/\/secure.gravatar.com\/avatar\/f6d8782c11d12b2d4ad3fbb6931aeab5309937a4d6cd2fc9cfaa28a6396a5aec?s=96&d=mm&r=g","caption":"Redacci\u00f3n"},"url":"https:\/\/fuentesfidedignas.com.mx\/index.php\/author\/redaccion\/"}]}},"_links":{"self":[{"href":"https:\/\/fuentesfidedignas.com.mx\/index.php\/wp-json\/wp\/v2\/posts\/51633","targetHints":{"allow":["GET"]}}],"collection":[{"href":"https:\/\/fuentesfidedignas.com.mx\/index.php\/wp-json\/wp\/v2\/posts"}],"about":[{"href":"https:\/\/fuentesfidedignas.com.mx\/index.php\/wp-json\/wp\/v2\/types\/post"}],"author":[{"embeddable":true,"href":"https:\/\/fuentesfidedignas.com.mx\/index.php\/wp-json\/wp\/v2\/users\/4"}],"replies":[{"embeddable":true,"href":"https:\/\/fuentesfidedignas.com.mx\/index.php\/wp-json\/wp\/v2\/comments?post=51633"}],"version-history":[{"count":1,"href":"https:\/\/fuentesfidedignas.com.mx\/index.php\/wp-json\/wp\/v2\/posts\/51633\/revisions"}],"predecessor-version":[{"id":51635,"href":"https:\/\/fuentesfidedignas.com.mx\/index.php\/wp-json\/wp\/v2\/posts\/51633\/revisions\/51635"}],"wp:featuredmedia":[{"embeddable":true,"href":"https:\/\/fuentesfidedignas.com.mx\/index.php\/wp-json\/wp\/v2\/media\/51636"}],"wp:attachment":[{"href":"https:\/\/fuentesfidedignas.com.mx\/index.php\/wp-json\/wp\/v2\/media?parent=51633"}],"wp:term":[{"taxonomy":"category","embeddable":true,"href":"https:\/\/fuentesfidedignas.com.mx\/index.php\/wp-json\/wp\/v2\/categories?post=51633"},{"taxonomy":"post_tag","embeddable":true,"href":"https:\/\/fuentesfidedignas.com.mx\/index.php\/wp-json\/wp\/v2\/tags?post=51633"}],"curies":[{"name":"wp","href":"https:\/\/api.w.org\/{rel}","templated":true}]}}