{"id":51628,"date":"2023-07-01T16:20:52","date_gmt":"2023-07-01T23:20:52","guid":{"rendered":"https:\/\/fuentesfidedignas.com.mx\/?p=51628"},"modified":"2023-07-01T20:10:15","modified_gmt":"2023-07-02T03:10:15","slug":"sur-del-sinaloa-es-afectado-por-fuertes-lluvias-pc-activa-rescates-y-apoyos","status":"publish","type":"post","link":"https:\/\/fuentesfidedignas.com.mx\/index.php\/2023\/07\/01\/sur-del-sinaloa-es-afectado-por-fuertes-lluvias-pc-activa-rescates-y-apoyos\/","title":{"rendered":"Sur del Sinaloa es afectado por fuertes lluvias; PC activa rescates y apoyos"},"content":{"rendered":"\n<p><em><strong>Tras degradarse a baja presi\u00f3n remanente, Beatriz deja fuertes lluvias a su paso, en los municipios de Escuinapa, Rosario, Concordia y Mazatl\u00e1n<\/strong><\/em><\/p>\n\n\n\n<p><em>Culiac\u00e1n, Sin.-<\/em> Como parte del monitoreo de fen\u00f3menos naturales instruida por el Gobernador Rub\u00e9n Rocha Moya, el Instituto Estatal de Protecci\u00f3n Civil de Sinaloa que dirige Aurelio Roy Navarrete Cuevas, realiz\u00f3 actividades de rescate y apoyo a ciudadanos afectados por las precipitaciones que se est\u00e1n presentando principalmente en la zona sur, derivado de Beatriz, ahora convertida en baja presi\u00f3n remanente.<\/p>\n\n\n\n<p>Entre los municipios m\u00e1s afectados se encuentra Mazatl\u00e1n, donde debido a la acumulaci\u00f3n de cuerpos de agua en las principales avenidas del puerto fue necesario auxiliar a diversas familias en sus traslados a sus destinos, adem\u00e1s de atender emergencias de veh\u00edculos que cayeron a canales.<\/p>\n\n\n\n<figure class=\"wp-block-image size-large\"><img decoding=\"async\" width=\"1024\" height=\"576\" src=\"https:\/\/fuentesfidedignas.com.mx\/wp-content\/uploads\/2023\/07\/1000085575-1024x576.jpg\" alt=\"\" class=\"wp-image-51629\" srcset=\"https:\/\/fuentesfidedignas.com.mx\/wp-content\/uploads\/2023\/07\/1000085575-1024x576.jpg 1024w, https:\/\/fuentesfidedignas.com.mx\/wp-content\/uploads\/2023\/07\/1000085575-300x169.jpg 300w, https:\/\/fuentesfidedignas.com.mx\/wp-content\/uploads\/2023\/07\/1000085575-768x432.jpg 768w, https:\/\/fuentesfidedignas.com.mx\/wp-content\/uploads\/2023\/07\/1000085575.jpg 1280w\" sizes=\"(max-width: 1024px) 100vw, 1024px\" \/><\/figure>\n\n\n\n<p>\u201cLa tormenta tropical Beatriz se ha disipado, es la informaci\u00f3n que nos env\u00eda el servicio meteorol\u00f3gico nacional y la informaci\u00f3n que tenemos desde del instituto Estatal de Protecci\u00f3n Civil por parte de nuestro meteor\u00f3logo el maestro Juan Pablo Cer\u00f3n. Estaremos atentos porque aunque se haya disipado esta tormenta tropical el pron\u00f3stico de lluvias para el sur del estado de Sinaloa contin\u00faa&#8221;, inform\u00f3 el Director del Instituto.<\/p>\n\n\n\n<p>Por otra parte, el titular de Protecci\u00f3n Civil Estatal precis\u00f3 que se est\u00e1 monitoreando las lluvias que se han estado presentado en la zona sur del Estado de Sinaloa y se continuar\u00e1 con la observaci\u00f3n como medida preventiva.<\/p>\n\n\n\n<p>Por \u00faltimo, invito a estar atentos a las fuentes oficiales, enfatizando que se informar\u00e1 cualquier situaci\u00f3n que as\u00ed lo amerite, por lo que pidi\u00f3 evitar difundir informaci\u00f3n falsa.<\/p>\n\n\n\n<figure class=\"wp-block-image size-large\"><img decoding=\"async\" width=\"1024\" height=\"576\" src=\"https:\/\/fuentesfidedignas.com.mx\/wp-content\/uploads\/2023\/07\/1000085584-1024x576.jpg\" alt=\"\" class=\"wp-image-51630\" srcset=\"https:\/\/fuentesfidedignas.com.mx\/wp-content\/uploads\/2023\/07\/1000085584-1024x576.jpg 1024w, https:\/\/fuentesfidedignas.com.mx\/wp-content\/uploads\/2023\/07\/1000085584-300x169.jpg 300w, https:\/\/fuentesfidedignas.com.mx\/wp-content\/uploads\/2023\/07\/1000085584-768x432.jpg 768w, https:\/\/fuentesfidedignas.com.mx\/wp-content\/uploads\/2023\/07\/1000085584.jpg 1280w\" sizes=\"(max-width: 1024px) 100vw, 1024px\" \/><\/figure>\n","protected":false},"excerpt":{"rendered":"<p>Tras degradarse a baja presi\u00f3n remanente, Beatriz deja fuertes lluvias a su paso, en los municipios de Escuinapa, Rosario, Concordia y Mazatl\u00e1n Culiac\u00e1n, Sin.- Como parte del monitoreo de fen\u00f3menos naturales instruida por el Gobernador Rub\u00e9n Rocha Moya, el Instituto Estatal de Protecci\u00f3n Civil de Sinaloa que dirige Aurelio Roy Navarrete Cuevas, realiz\u00f3 actividades de [&hellip;]<\/p>\n","protected":false},"author":4,"featured_media":51632,"comment_status":"open","ping_status":"open","sticky":false,"template":"","format":"standard","meta":{"tdm_status":"","tdm_grid_status":"","footnotes":""},"categories":[37,1],"tags":[],"class_list":{"0":"post-51628","1":"post","2":"type-post","3":"status-publish","4":"format-standard","5":"has-post-thumbnail","7":"category-nota-principal","8":"category-sin-categoria"},"yoast_head":"<!-- This site is optimized with the Yoast SEO plugin v27.4 - https:\/\/yoast.com\/product\/yoast-seo-wordpress\/ -->\n<title>Sur del Sinaloa es afectado por fuertes lluvias; PC activa rescates y apoyos - Fuentes Fidedignas<\/title>\n<meta name=\"robots\" content=\"index, follow, max-snippet:-1, max-image-preview:large, max-video-preview:-1\" \/>\n<link rel=\"canonical\" href=\"https:\/\/fuentesfidedignas.com.mx\/index.php\/2023\/07\/01\/sur-del-sinaloa-es-afectado-por-fuertes-lluvias-pc-activa-rescates-y-apoyos\/\" \/>\n<meta property=\"og:locale\" content=\"es_MX\" \/>\n<meta property=\"og:type\" content=\"article\" \/>\n<meta property=\"og:title\" content=\"Sur del Sinaloa es afectado por fuertes lluvias; PC activa rescates y apoyos - Fuentes Fidedignas\" \/>\n<meta property=\"og:description\" content=\"Tras degradarse a baja presi\u00f3n remanente, Beatriz deja fuertes lluvias a su paso, en los municipios de Escuinapa, Rosario, Concordia y Mazatl\u00e1n Culiac\u00e1n, Sin.- Como parte del monitoreo de fen\u00f3menos naturales instruida por el Gobernador Rub\u00e9n Rocha Moya, el Instituto Estatal de Protecci\u00f3n Civil de Sinaloa que dirige Aurelio Roy Navarrete Cuevas, realiz\u00f3 actividades de [&hellip;]\" \/>\n<meta property=\"og:url\" content=\"https:\/\/fuentesfidedignas.com.mx\/index.php\/2023\/07\/01\/sur-del-sinaloa-es-afectado-por-fuertes-lluvias-pc-activa-rescates-y-apoyos\/\" \/>\n<meta property=\"og:site_name\" content=\"Fuentes Fidedignas\" \/>\n<meta property=\"article:publisher\" content=\"https:\/\/www.facebook.com\/Fuentes-Fidedignas-368234489921644\" \/>\n<meta property=\"article:published_time\" content=\"2023-07-01T23:20:52+00:00\" \/>\n<meta property=\"article:modified_time\" content=\"2023-07-02T03:10:15+00:00\" \/>\n<meta property=\"og:image\" content=\"https:\/\/fuentesfidedignas.com.mx\/wp-content\/uploads\/2023\/07\/IMG-20230701-WA0042.jpg\" \/>\n\t<meta property=\"og:image:width\" content=\"1280\" \/>\n\t<meta property=\"og:image:height\" content=\"720\" \/>\n\t<meta property=\"og:image:type\" content=\"image\/jpeg\" \/>\n<meta name=\"author\" content=\"Redacci\u00f3n\" \/>\n<meta name=\"twitter:card\" content=\"summary_large_image\" \/>\n<meta name=\"twitter:creator\" content=\"@fidedignas\" \/>\n<meta name=\"twitter:site\" content=\"@fidedignas\" \/>\n<meta name=\"twitter:label1\" content=\"Escrito por\" \/>\n\t<meta name=\"twitter:data1\" content=\"Redacci\u00f3n\" \/>\n\t<meta name=\"twitter:label2\" content=\"Tiempo de lectura\" \/>\n\t<meta name=\"twitter:data2\" content=\"2 minutos\" \/>\n<script type=\"application\/ld+json\" class=\"yoast-schema-graph\">{\"@context\":\"https:\\\/\\\/schema.org\",\"@graph\":[{\"@type\":\"Article\",\"@id\":\"https:\\\/\\\/fuentesfidedignas.com.mx\\\/index.php\\\/2023\\\/07\\\/01\\\/sur-del-sinaloa-es-afectado-por-fuertes-lluvias-pc-activa-rescates-y-apoyos\\\/#article\",\"isPartOf\":{\"@id\":\"https:\\\/\\\/fuentesfidedignas.com.mx\\\/index.php\\\/2023\\\/07\\\/01\\\/sur-del-sinaloa-es-afectado-por-fuertes-lluvias-pc-activa-rescates-y-apoyos\\\/\"},\"author\":{\"name\":\"Redacci\u00f3n\",\"@id\":\"https:\\\/\\\/fuentesfidedignas.com.mx\\\/#\\\/schema\\\/person\\\/331be9283d37198e2acd5750279085b0\"},\"headline\":\"Sur del Sinaloa es afectado por fuertes lluvias; PC activa rescates y apoyos\",\"datePublished\":\"2023-07-01T23:20:52+00:00\",\"dateModified\":\"2023-07-02T03:10:15+00:00\",\"mainEntityOfPage\":{\"@id\":\"https:\\\/\\\/fuentesfidedignas.com.mx\\\/index.php\\\/2023\\\/07\\\/01\\\/sur-del-sinaloa-es-afectado-por-fuertes-lluvias-pc-activa-rescates-y-apoyos\\\/\"},\"wordCount\":299,\"commentCount\":0,\"publisher\":{\"@id\":\"https:\\\/\\\/fuentesfidedignas.com.mx\\\/#organization\"},\"image\":{\"@id\":\"https:\\\/\\\/fuentesfidedignas.com.mx\\\/index.php\\\/2023\\\/07\\\/01\\\/sur-del-sinaloa-es-afectado-por-fuertes-lluvias-pc-activa-rescates-y-apoyos\\\/#primaryimage\"},\"thumbnailUrl\":\"https:\\\/\\\/fuentesfidedignas.com.mx\\\/wp-content\\\/uploads\\\/2023\\\/07\\\/IMG-20230701-WA0042.jpg\",\"articleSection\":[\"NOTA PRINCIPAL\"],\"inLanguage\":\"es\",\"potentialAction\":[{\"@type\":\"CommentAction\",\"name\":\"Comment\",\"target\":[\"https:\\\/\\\/fuentesfidedignas.com.mx\\\/index.php\\\/2023\\\/07\\\/01\\\/sur-del-sinaloa-es-afectado-por-fuertes-lluvias-pc-activa-rescates-y-apoyos\\\/#respond\"]}]},{\"@type\":\"WebPage\",\"@id\":\"https:\\\/\\\/fuentesfidedignas.com.mx\\\/index.php\\\/2023\\\/07\\\/01\\\/sur-del-sinaloa-es-afectado-por-fuertes-lluvias-pc-activa-rescates-y-apoyos\\\/\",\"url\":\"https:\\\/\\\/fuentesfidedignas.com.mx\\\/index.php\\\/2023\\\/07\\\/01\\\/sur-del-sinaloa-es-afectado-por-fuertes-lluvias-pc-activa-rescates-y-apoyos\\\/\",\"name\":\"Sur del Sinaloa es afectado por fuertes lluvias; PC activa rescates y apoyos - Fuentes Fidedignas\",\"isPartOf\":{\"@id\":\"https:\\\/\\\/fuentesfidedignas.com.mx\\\/#website\"},\"primaryImageOfPage\":{\"@id\":\"https:\\\/\\\/fuentesfidedignas.com.mx\\\/index.php\\\/2023\\\/07\\\/01\\\/sur-del-sinaloa-es-afectado-por-fuertes-lluvias-pc-activa-rescates-y-apoyos\\\/#primaryimage\"},\"image\":{\"@id\":\"https:\\\/\\\/fuentesfidedignas.com.mx\\\/index.php\\\/2023\\\/07\\\/01\\\/sur-del-sinaloa-es-afectado-por-fuertes-lluvias-pc-activa-rescates-y-apoyos\\\/#primaryimage\"},\"thumbnailUrl\":\"https:\\\/\\\/fuentesfidedignas.com.mx\\\/wp-content\\\/uploads\\\/2023\\\/07\\\/IMG-20230701-WA0042.jpg\",\"datePublished\":\"2023-07-01T23:20:52+00:00\",\"dateModified\":\"2023-07-02T03:10:15+00:00\",\"breadcrumb\":{\"@id\":\"https:\\\/\\\/fuentesfidedignas.com.mx\\\/index.php\\\/2023\\\/07\\\/01\\\/sur-del-sinaloa-es-afectado-por-fuertes-lluvias-pc-activa-rescates-y-apoyos\\\/#breadcrumb\"},\"inLanguage\":\"es\",\"potentialAction\":[{\"@type\":\"ReadAction\",\"target\":[\"https:\\\/\\\/fuentesfidedignas.com.mx\\\/index.php\\\/2023\\\/07\\\/01\\\/sur-del-sinaloa-es-afectado-por-fuertes-lluvias-pc-activa-rescates-y-apoyos\\\/\"]}]},{\"@type\":\"ImageObject\",\"inLanguage\":\"es\",\"@id\":\"https:\\\/\\\/fuentesfidedignas.com.mx\\\/index.php\\\/2023\\\/07\\\/01\\\/sur-del-sinaloa-es-afectado-por-fuertes-lluvias-pc-activa-rescates-y-apoyos\\\/#primaryimage\",\"url\":\"https:\\\/\\\/fuentesfidedignas.com.mx\\\/wp-content\\\/uploads\\\/2023\\\/07\\\/IMG-20230701-WA0042.jpg\",\"contentUrl\":\"https:\\\/\\\/fuentesfidedignas.com.mx\\\/wp-content\\\/uploads\\\/2023\\\/07\\\/IMG-20230701-WA0042.jpg\",\"width\":1280,\"height\":720},{\"@type\":\"BreadcrumbList\",\"@id\":\"https:\\\/\\\/fuentesfidedignas.com.mx\\\/index.php\\\/2023\\\/07\\\/01\\\/sur-del-sinaloa-es-afectado-por-fuertes-lluvias-pc-activa-rescates-y-apoyos\\\/#breadcrumb\",\"itemListElement\":[{\"@type\":\"ListItem\",\"position\":1,\"name\":\"Inicio\",\"item\":\"https:\\\/\\\/fuentesfidedignas.com.mx\\\/\"},{\"@type\":\"ListItem\",\"position\":2,\"name\":\"Sur del Sinaloa es afectado por fuertes lluvias; PC activa rescates y apoyos\"}]},{\"@type\":\"WebSite\",\"@id\":\"https:\\\/\\\/fuentesfidedignas.com.mx\\\/#website\",\"url\":\"https:\\\/\\\/fuentesfidedignas.com.mx\\\/\",\"name\":\"Fuentes Fidedignas\",\"description\":\"Otro sitio realizado con WordPress\",\"publisher\":{\"@id\":\"https:\\\/\\\/fuentesfidedignas.com.mx\\\/#organization\"},\"potentialAction\":[{\"@type\":\"SearchAction\",\"target\":{\"@type\":\"EntryPoint\",\"urlTemplate\":\"https:\\\/\\\/fuentesfidedignas.com.mx\\\/?s={search_term_string}\"},\"query-input\":{\"@type\":\"PropertyValueSpecification\",\"valueRequired\":true,\"valueName\":\"search_term_string\"}}],\"inLanguage\":\"es\"},{\"@type\":\"Organization\",\"@id\":\"https:\\\/\\\/fuentesfidedignas.com.mx\\\/#organization\",\"name\":\"Fuentes Fidedignas\",\"url\":\"https:\\\/\\\/fuentesfidedignas.com.mx\\\/\",\"logo\":{\"@type\":\"ImageObject\",\"inLanguage\":\"es\",\"@id\":\"https:\\\/\\\/fuentesfidedignas.com.mx\\\/#\\\/schema\\\/logo\\\/image\\\/\",\"url\":\"https:\\\/\\\/fuentesfidedignas.com.mx\\\/wp-content\\\/uploads\\\/2021\\\/04\\\/logo-retina.png\",\"contentUrl\":\"https:\\\/\\\/fuentesfidedignas.com.mx\\\/wp-content\\\/uploads\\\/2021\\\/04\\\/logo-retina.png\",\"width\":280,\"height\":51,\"caption\":\"Fuentes Fidedignas\"},\"image\":{\"@id\":\"https:\\\/\\\/fuentesfidedignas.com.mx\\\/#\\\/schema\\\/logo\\\/image\\\/\"},\"sameAs\":[\"https:\\\/\\\/www.facebook.com\\\/Fuentes-Fidedignas-368234489921644\",\"https:\\\/\\\/x.com\\\/fidedignas\"]},{\"@type\":\"Person\",\"@id\":\"https:\\\/\\\/fuentesfidedignas.com.mx\\\/#\\\/schema\\\/person\\\/331be9283d37198e2acd5750279085b0\",\"name\":\"Redacci\u00f3n\",\"image\":{\"@type\":\"ImageObject\",\"inLanguage\":\"es\",\"@id\":\"https:\\\/\\\/secure.gravatar.com\\\/avatar\\\/f6d8782c11d12b2d4ad3fbb6931aeab5309937a4d6cd2fc9cfaa28a6396a5aec?s=96&d=mm&r=g\",\"url\":\"https:\\\/\\\/secure.gravatar.com\\\/avatar\\\/f6d8782c11d12b2d4ad3fbb6931aeab5309937a4d6cd2fc9cfaa28a6396a5aec?s=96&d=mm&r=g\",\"contentUrl\":\"https:\\\/\\\/secure.gravatar.com\\\/avatar\\\/f6d8782c11d12b2d4ad3fbb6931aeab5309937a4d6cd2fc9cfaa28a6396a5aec?s=96&d=mm&r=g\",\"caption\":\"Redacci\u00f3n\"},\"url\":\"https:\\\/\\\/fuentesfidedignas.com.mx\\\/index.php\\\/author\\\/redaccion\\\/\"}]}<\/script>\n<!-- \/ Yoast SEO plugin. -->","yoast_head_json":{"title":"Sur del Sinaloa es afectado por fuertes lluvias; PC activa rescates y apoyos - Fuentes Fidedignas","robots":{"index":"index","follow":"follow","max-snippet":"max-snippet:-1","max-image-preview":"max-image-preview:large","max-video-preview":"max-video-preview:-1"},"canonical":"https:\/\/fuentesfidedignas.com.mx\/index.php\/2023\/07\/01\/sur-del-sinaloa-es-afectado-por-fuertes-lluvias-pc-activa-rescates-y-apoyos\/","og_locale":"es_MX","og_type":"article","og_title":"Sur del Sinaloa es afectado por fuertes lluvias; PC activa rescates y apoyos - Fuentes Fidedignas","og_description":"Tras degradarse a baja presi\u00f3n remanente, Beatriz deja fuertes lluvias a su paso, en los municipios de Escuinapa, Rosario, Concordia y Mazatl\u00e1n Culiac\u00e1n, Sin.- Como parte del monitoreo de fen\u00f3menos naturales instruida por el Gobernador Rub\u00e9n Rocha Moya, el Instituto Estatal de Protecci\u00f3n Civil de Sinaloa que dirige Aurelio Roy Navarrete Cuevas, realiz\u00f3 actividades de [&hellip;]","og_url":"https:\/\/fuentesfidedignas.com.mx\/index.php\/2023\/07\/01\/sur-del-sinaloa-es-afectado-por-fuertes-lluvias-pc-activa-rescates-y-apoyos\/","og_site_name":"Fuentes Fidedignas","article_publisher":"https:\/\/www.facebook.com\/Fuentes-Fidedignas-368234489921644","article_published_time":"2023-07-01T23:20:52+00:00","article_modified_time":"2023-07-02T03:10:15+00:00","og_image":[{"width":1280,"height":720,"url":"https:\/\/fuentesfidedignas.com.mx\/wp-content\/uploads\/2023\/07\/IMG-20230701-WA0042.jpg","type":"image\/jpeg"}],"author":"Redacci\u00f3n","twitter_card":"summary_large_image","twitter_creator":"@fidedignas","twitter_site":"@fidedignas","twitter_misc":{"Escrito por":"Redacci\u00f3n","Tiempo de lectura":"2 minutos"},"schema":{"@context":"https:\/\/schema.org","@graph":[{"@type":"Article","@id":"https:\/\/fuentesfidedignas.com.mx\/index.php\/2023\/07\/01\/sur-del-sinaloa-es-afectado-por-fuertes-lluvias-pc-activa-rescates-y-apoyos\/#article","isPartOf":{"@id":"https:\/\/fuentesfidedignas.com.mx\/index.php\/2023\/07\/01\/sur-del-sinaloa-es-afectado-por-fuertes-lluvias-pc-activa-rescates-y-apoyos\/"},"author":{"name":"Redacci\u00f3n","@id":"https:\/\/fuentesfidedignas.com.mx\/#\/schema\/person\/331be9283d37198e2acd5750279085b0"},"headline":"Sur del Sinaloa es afectado por fuertes lluvias; PC activa rescates y apoyos","datePublished":"2023-07-01T23:20:52+00:00","dateModified":"2023-07-02T03:10:15+00:00","mainEntityOfPage":{"@id":"https:\/\/fuentesfidedignas.com.mx\/index.php\/2023\/07\/01\/sur-del-sinaloa-es-afectado-por-fuertes-lluvias-pc-activa-rescates-y-apoyos\/"},"wordCount":299,"commentCount":0,"publisher":{"@id":"https:\/\/fuentesfidedignas.com.mx\/#organization"},"image":{"@id":"https:\/\/fuentesfidedignas.com.mx\/index.php\/2023\/07\/01\/sur-del-sinaloa-es-afectado-por-fuertes-lluvias-pc-activa-rescates-y-apoyos\/#primaryimage"},"thumbnailUrl":"https:\/\/fuentesfidedignas.com.mx\/wp-content\/uploads\/2023\/07\/IMG-20230701-WA0042.jpg","articleSection":["NOTA PRINCIPAL"],"inLanguage":"es","potentialAction":[{"@type":"CommentAction","name":"Comment","target":["https:\/\/fuentesfidedignas.com.mx\/index.php\/2023\/07\/01\/sur-del-sinaloa-es-afectado-por-fuertes-lluvias-pc-activa-rescates-y-apoyos\/#respond"]}]},{"@type":"WebPage","@id":"https:\/\/fuentesfidedignas.com.mx\/index.php\/2023\/07\/01\/sur-del-sinaloa-es-afectado-por-fuertes-lluvias-pc-activa-rescates-y-apoyos\/","url":"https:\/\/fuentesfidedignas.com.mx\/index.php\/2023\/07\/01\/sur-del-sinaloa-es-afectado-por-fuertes-lluvias-pc-activa-rescates-y-apoyos\/","name":"Sur del Sinaloa es afectado por fuertes lluvias; PC activa rescates y apoyos - Fuentes Fidedignas","isPartOf":{"@id":"https:\/\/fuentesfidedignas.com.mx\/#website"},"primaryImageOfPage":{"@id":"https:\/\/fuentesfidedignas.com.mx\/index.php\/2023\/07\/01\/sur-del-sinaloa-es-afectado-por-fuertes-lluvias-pc-activa-rescates-y-apoyos\/#primaryimage"},"image":{"@id":"https:\/\/fuentesfidedignas.com.mx\/index.php\/2023\/07\/01\/sur-del-sinaloa-es-afectado-por-fuertes-lluvias-pc-activa-rescates-y-apoyos\/#primaryimage"},"thumbnailUrl":"https:\/\/fuentesfidedignas.com.mx\/wp-content\/uploads\/2023\/07\/IMG-20230701-WA0042.jpg","datePublished":"2023-07-01T23:20:52+00:00","dateModified":"2023-07-02T03:10:15+00:00","breadcrumb":{"@id":"https:\/\/fuentesfidedignas.com.mx\/index.php\/2023\/07\/01\/sur-del-sinaloa-es-afectado-por-fuertes-lluvias-pc-activa-rescates-y-apoyos\/#breadcrumb"},"inLanguage":"es","potentialAction":[{"@type":"ReadAction","target":["https:\/\/fuentesfidedignas.com.mx\/index.php\/2023\/07\/01\/sur-del-sinaloa-es-afectado-por-fuertes-lluvias-pc-activa-rescates-y-apoyos\/"]}]},{"@type":"ImageObject","inLanguage":"es","@id":"https:\/\/fuentesfidedignas.com.mx\/index.php\/2023\/07\/01\/sur-del-sinaloa-es-afectado-por-fuertes-lluvias-pc-activa-rescates-y-apoyos\/#primaryimage","url":"https:\/\/fuentesfidedignas.com.mx\/wp-content\/uploads\/2023\/07\/IMG-20230701-WA0042.jpg","contentUrl":"https:\/\/fuentesfidedignas.com.mx\/wp-content\/uploads\/2023\/07\/IMG-20230701-WA0042.jpg","width":1280,"height":720},{"@type":"BreadcrumbList","@id":"https:\/\/fuentesfidedignas.com.mx\/index.php\/2023\/07\/01\/sur-del-sinaloa-es-afectado-por-fuertes-lluvias-pc-activa-rescates-y-apoyos\/#breadcrumb","itemListElement":[{"@type":"ListItem","position":1,"name":"Inicio","item":"https:\/\/fuentesfidedignas.com.mx\/"},{"@type":"ListItem","position":2,"name":"Sur del Sinaloa es afectado por fuertes lluvias; PC activa rescates y apoyos"}]},{"@type":"WebSite","@id":"https:\/\/fuentesfidedignas.com.mx\/#website","url":"https:\/\/fuentesfidedignas.com.mx\/","name":"Fuentes Fidedignas","description":"Otro sitio realizado con WordPress","publisher":{"@id":"https:\/\/fuentesfidedignas.com.mx\/#organization"},"potentialAction":[{"@type":"SearchAction","target":{"@type":"EntryPoint","urlTemplate":"https:\/\/fuentesfidedignas.com.mx\/?s={search_term_string}"},"query-input":{"@type":"PropertyValueSpecification","valueRequired":true,"valueName":"search_term_string"}}],"inLanguage":"es"},{"@type":"Organization","@id":"https:\/\/fuentesfidedignas.com.mx\/#organization","name":"Fuentes Fidedignas","url":"https:\/\/fuentesfidedignas.com.mx\/","logo":{"@type":"ImageObject","inLanguage":"es","@id":"https:\/\/fuentesfidedignas.com.mx\/#\/schema\/logo\/image\/","url":"https:\/\/fuentesfidedignas.com.mx\/wp-content\/uploads\/2021\/04\/logo-retina.png","contentUrl":"https:\/\/fuentesfidedignas.com.mx\/wp-content\/uploads\/2021\/04\/logo-retina.png","width":280,"height":51,"caption":"Fuentes Fidedignas"},"image":{"@id":"https:\/\/fuentesfidedignas.com.mx\/#\/schema\/logo\/image\/"},"sameAs":["https:\/\/www.facebook.com\/Fuentes-Fidedignas-368234489921644","https:\/\/x.com\/fidedignas"]},{"@type":"Person","@id":"https:\/\/fuentesfidedignas.com.mx\/#\/schema\/person\/331be9283d37198e2acd5750279085b0","name":"Redacci\u00f3n","image":{"@type":"ImageObject","inLanguage":"es","@id":"https:\/\/secure.gravatar.com\/avatar\/f6d8782c11d12b2d4ad3fbb6931aeab5309937a4d6cd2fc9cfaa28a6396a5aec?s=96&d=mm&r=g","url":"https:\/\/secure.gravatar.com\/avatar\/f6d8782c11d12b2d4ad3fbb6931aeab5309937a4d6cd2fc9cfaa28a6396a5aec?s=96&d=mm&r=g","contentUrl":"https:\/\/secure.gravatar.com\/avatar\/f6d8782c11d12b2d4ad3fbb6931aeab5309937a4d6cd2fc9cfaa28a6396a5aec?s=96&d=mm&r=g","caption":"Redacci\u00f3n"},"url":"https:\/\/fuentesfidedignas.com.mx\/index.php\/author\/redaccion\/"}]}},"_links":{"self":[{"href":"https:\/\/fuentesfidedignas.com.mx\/index.php\/wp-json\/wp\/v2\/posts\/51628","targetHints":{"allow":["GET"]}}],"collection":[{"href":"https:\/\/fuentesfidedignas.com.mx\/index.php\/wp-json\/wp\/v2\/posts"}],"about":[{"href":"https:\/\/fuentesfidedignas.com.mx\/index.php\/wp-json\/wp\/v2\/types\/post"}],"author":[{"embeddable":true,"href":"https:\/\/fuentesfidedignas.com.mx\/index.php\/wp-json\/wp\/v2\/users\/4"}],"replies":[{"embeddable":true,"href":"https:\/\/fuentesfidedignas.com.mx\/index.php\/wp-json\/wp\/v2\/comments?post=51628"}],"version-history":[{"count":1,"href":"https:\/\/fuentesfidedignas.com.mx\/index.php\/wp-json\/wp\/v2\/posts\/51628\/revisions"}],"predecessor-version":[{"id":51631,"href":"https:\/\/fuentesfidedignas.com.mx\/index.php\/wp-json\/wp\/v2\/posts\/51628\/revisions\/51631"}],"wp:featuredmedia":[{"embeddable":true,"href":"https:\/\/fuentesfidedignas.com.mx\/index.php\/wp-json\/wp\/v2\/media\/51632"}],"wp:attachment":[{"href":"https:\/\/fuentesfidedignas.com.mx\/index.php\/wp-json\/wp\/v2\/media?parent=51628"}],"wp:term":[{"taxonomy":"category","embeddable":true,"href":"https:\/\/fuentesfidedignas.com.mx\/index.php\/wp-json\/wp\/v2\/categories?post=51628"},{"taxonomy":"post_tag","embeddable":true,"href":"https:\/\/fuentesfidedignas.com.mx\/index.php\/wp-json\/wp\/v2\/tags?post=51628"}],"curies":[{"name":"wp","href":"https:\/\/api.w.org\/{rel}","templated":true}]}}