{"id":51603,"date":"2023-07-01T11:38:46","date_gmt":"2023-07-01T18:38:46","guid":{"rendered":"https:\/\/fuentesfidedignas.com.mx\/?p=51603"},"modified":"2023-07-01T20:10:25","modified_gmt":"2023-07-02T03:10:25","slug":"se-evidencia-el-revanchismo-y-el-rencor-politico-de-morena-pas87","status":"publish","type":"post","link":"https:\/\/fuentesfidedignas.com.mx\/index.php\/2023\/07\/01\/se-evidencia-el-revanchismo-y-el-rencor-politico-de-morena-pas87\/","title":{"rendered":"Se evidencia el revanchismo y el rencor pol\u00edtico de Morena: PAS"},"content":{"rendered":"\n<p><strong><em><br>\u201cCon los mismos argumentos usados para rechazar 15 iniciativas del PAS, se aprueban propuestas de MORENA y aliados\u201d<\/em><\/strong><\/p>\n\n\n\n<p>Culiac\u00e1n, Sin. Una vez m\u00e1s el Grupo Parlamentario del Partido Sinaloense muestra que existe la orden del presidente de la Junta de Coordinaci\u00f3n Pol\u00edtica, Feliciano Castro Mel\u00e9ndrez, de bloquear todas las propuestas\u00a0 del PAS en este Congreso, as\u00ed qued\u00f3 demostrado hoy en la reuni\u00f3n de Comisiones Unidas de Igualdad de G\u00e9nero y Familia; de Justicia y de Salud y Asistencia Social, al no aceptar una solicitud del PAS para un Parlamento Abierto y as\u00ed escuchar a los especialistas en la aprobaci\u00f3n de diversas reformas a la Ley de Salud, al C\u00f3digo Penal, a Ley de Salud Mental y Ley para Prevenir y Eliminar la Discriminaci\u00f3n,\u00a0 todas del Estado de Sinaloa, denunciaron las diputadas del PAS Viridiana Camacho Mill\u00e1n y Mar\u00eda del Rosario Osuna Gonz\u00e1lez.<\/p>\n\n\n\n<p>El Dictamen que se aprob\u00f3 en Comisiones Unidas son dos iniciativas de los legisladores de Morena, con el fin de prohibir las terapias de conversi\u00f3n, consistentes en pr\u00e1cticas de sesiones psicol\u00f3gicas, psiqui\u00e1tricas, m\u00e9todos o tratamientos que tengan por objeto anular, obstaculizar, modificar o menoscabar la expresi\u00f3n o identidad de g\u00e9nero, as\u00ed como la orientaci\u00f3n sexual de la persona denominadas \u201cesfuerzos para corregir la orientaci\u00f3n sexual e identidad de g\u00e9nero&#8221; (ECOSIG), en las que se emplea violencia f\u00edsica, moral o psicoemocional que atentan contra la dignidad humana.<\/p>\n\n\n\n<p>Las diputadas del PAS dejaron el precedente en la reuni\u00f3n de la Comisiones Unidas que est\u00e1n de acuerdo con el contenido de las iniciativas aprobadas, el desacuerdo implica en la forma en que se aprueban, donde se deja pasar la oportunidad de atender a las personas con perfil, experiencia y capacidad suficiente para enriquecer el tema, refiri\u00e9ndose a la posibilidad de realizar los Parlamentos Ciudadanos.<\/p>\n\n\n\n<p>\u201cEn esta sesi\u00f3n de Comisiones Unidas, la diputada Mar\u00eda del Rosario Osuna Guti\u00e9rrez, present\u00f3 como argumentos que estas iniciativas son \u201ccopias\u201d de una iniciativa presentada en el Congreso Federal por la Senadora Citlaly Hern\u00e1ndez Mora de Morena y que es presentada aqu\u00ed en nuestro\u00a0 estado sin cambiarle una \u201ccoma\u201d, por lo que solicitamos que se realizaran Parlamentos Abiertos para su an\u00e1lisis y su modificaci\u00f3n a las condiciones de nuestro estado, lo cual fue rechazado por los legisladores de Morena y sus aliados, utilizando los mismos argumentos que nosotros expresamos en tribuna al defender las 15 iniciativas que nos fueron desechadas en el pleno\u201d, expres\u00f3 la diputada Viridiana Camacho Mill\u00e1n.<\/p>\n\n\n\n<p>\u201cDenunciamos la intransigencia contra el Partido Sinaloense tan s\u00f3lo porque tenemos pensamientos diferentes, cuestionamos los argumentos que se presentan y las \u00f3rdenes del presidente de la JUCOPO, Feliciano Castro Mel\u00e9ndrez; en el Grupo parlamentario del PAS estamos seguros que la democracia se fortalece escuchando todas las voces; con la participaci\u00f3n de las diferentes opiniones y de ellas llegar a un consenso\u201d, fundament\u00f3 la diputada Mar\u00eda del Rosario Osuna.<\/p>\n\n\n\n<p>Por otro lado, desconocemos la ocurrencia del presidente de la JUCOPO, Feliciano Castro Mel\u00e9ndrez, del \u201cAbatimiento del Rezago Legislativo\u201d ya que las \u00fanicas iniciativas que ha sacado de la \u201ccongeladora\u201d son las iniciativas del PAS y para que los diputados de Morena y sus aliados la rechacen en el pleno sin que estas sean analizadas y discutidas, evidenciando as\u00ed el odio y el rencor pol\u00edtico contra el Partido Sinaloense por el gran avance que se ha tenido en la poblaci\u00f3n sinaloense.<\/p>\n","protected":false},"excerpt":{"rendered":"<p>\u201cCon los mismos argumentos usados para rechazar 15 iniciativas del PAS, se aprueban propuestas de MORENA y aliados\u201d Culiac\u00e1n, Sin. Una vez m\u00e1s el Grupo Parlamentario del Partido Sinaloense muestra que existe la orden del presidente de la Junta de Coordinaci\u00f3n Pol\u00edtica, Feliciano Castro Mel\u00e9ndrez, de bloquear todas las propuestas\u00a0 del PAS en este Congreso, [&hellip;]<\/p>\n","protected":false},"author":4,"featured_media":51605,"comment_status":"open","ping_status":"open","sticky":false,"template":"","format":"standard","meta":{"tdm_status":"","tdm_grid_status":"","footnotes":""},"categories":[38,1],"tags":[],"class_list":{"0":"post-51603","1":"post","2":"type-post","3":"status-publish","4":"format-standard","5":"has-post-thumbnail","7":"category-noticias-locales","8":"category-sin-categoria"},"yoast_head":"<!-- This site is optimized with the Yoast SEO plugin v27.4 - https:\/\/yoast.com\/product\/yoast-seo-wordpress\/ -->\n<title>Se evidencia el revanchismo y el rencor pol\u00edtico de Morena: PAS - Fuentes Fidedignas<\/title>\n<meta name=\"robots\" content=\"index, follow, max-snippet:-1, max-image-preview:large, max-video-preview:-1\" \/>\n<link rel=\"canonical\" href=\"https:\/\/fuentesfidedignas.com.mx\/index.php\/2023\/07\/01\/se-evidencia-el-revanchismo-y-el-rencor-politico-de-morena-pas87\/\" \/>\n<meta property=\"og:locale\" content=\"es_MX\" \/>\n<meta property=\"og:type\" content=\"article\" \/>\n<meta property=\"og:title\" content=\"Se evidencia el revanchismo y el rencor pol\u00edtico de Morena: PAS - Fuentes Fidedignas\" \/>\n<meta property=\"og:description\" content=\"\u201cCon los mismos argumentos usados para rechazar 15 iniciativas del PAS, se aprueban propuestas de MORENA y aliados\u201d Culiac\u00e1n, Sin. Una vez m\u00e1s el Grupo Parlamentario del Partido Sinaloense muestra que existe la orden del presidente de la Junta de Coordinaci\u00f3n Pol\u00edtica, Feliciano Castro Mel\u00e9ndrez, de bloquear todas las propuestas\u00a0 del PAS en este Congreso, [&hellip;]\" \/>\n<meta property=\"og:url\" content=\"https:\/\/fuentesfidedignas.com.mx\/index.php\/2023\/07\/01\/se-evidencia-el-revanchismo-y-el-rencor-politico-de-morena-pas87\/\" \/>\n<meta property=\"og:site_name\" content=\"Fuentes Fidedignas\" \/>\n<meta property=\"article:publisher\" content=\"https:\/\/www.facebook.com\/Fuentes-Fidedignas-368234489921644\" \/>\n<meta property=\"article:published_time\" content=\"2023-07-01T18:38:46+00:00\" \/>\n<meta property=\"article:modified_time\" content=\"2023-07-02T03:10:25+00:00\" \/>\n<meta property=\"og:image\" content=\"https:\/\/fuentesfidedignas.com.mx\/wp-content\/uploads\/2023\/07\/IMG-20230701-WA0007.jpg\" \/>\n\t<meta property=\"og:image:width\" content=\"640\" \/>\n\t<meta property=\"og:image:height\" content=\"426\" \/>\n\t<meta property=\"og:image:type\" content=\"image\/jpeg\" \/>\n<meta name=\"author\" content=\"Redacci\u00f3n\" \/>\n<meta name=\"twitter:card\" content=\"summary_large_image\" \/>\n<meta name=\"twitter:creator\" content=\"@fidedignas\" \/>\n<meta name=\"twitter:site\" content=\"@fidedignas\" \/>\n<meta name=\"twitter:label1\" content=\"Escrito por\" \/>\n\t<meta name=\"twitter:data1\" content=\"Redacci\u00f3n\" \/>\n\t<meta name=\"twitter:label2\" content=\"Tiempo de lectura\" \/>\n\t<meta name=\"twitter:data2\" content=\"3 minutos\" \/>\n<script type=\"application\/ld+json\" class=\"yoast-schema-graph\">{\"@context\":\"https:\\\/\\\/schema.org\",\"@graph\":[{\"@type\":\"Article\",\"@id\":\"https:\\\/\\\/fuentesfidedignas.com.mx\\\/index.php\\\/2023\\\/07\\\/01\\\/se-evidencia-el-revanchismo-y-el-rencor-politico-de-morena-pas87\\\/#article\",\"isPartOf\":{\"@id\":\"https:\\\/\\\/fuentesfidedignas.com.mx\\\/index.php\\\/2023\\\/07\\\/01\\\/se-evidencia-el-revanchismo-y-el-rencor-politico-de-morena-pas87\\\/\"},\"author\":{\"name\":\"Redacci\u00f3n\",\"@id\":\"https:\\\/\\\/fuentesfidedignas.com.mx\\\/#\\\/schema\\\/person\\\/331be9283d37198e2acd5750279085b0\"},\"headline\":\"Se evidencia el revanchismo y el rencor pol\u00edtico de Morena: PAS\",\"datePublished\":\"2023-07-01T18:38:46+00:00\",\"dateModified\":\"2023-07-02T03:10:25+00:00\",\"mainEntityOfPage\":{\"@id\":\"https:\\\/\\\/fuentesfidedignas.com.mx\\\/index.php\\\/2023\\\/07\\\/01\\\/se-evidencia-el-revanchismo-y-el-rencor-politico-de-morena-pas87\\\/\"},\"wordCount\":602,\"commentCount\":0,\"publisher\":{\"@id\":\"https:\\\/\\\/fuentesfidedignas.com.mx\\\/#organization\"},\"image\":{\"@id\":\"https:\\\/\\\/fuentesfidedignas.com.mx\\\/index.php\\\/2023\\\/07\\\/01\\\/se-evidencia-el-revanchismo-y-el-rencor-politico-de-morena-pas87\\\/#primaryimage\"},\"thumbnailUrl\":\"https:\\\/\\\/fuentesfidedignas.com.mx\\\/wp-content\\\/uploads\\\/2023\\\/07\\\/IMG-20230701-WA0007.jpg\",\"articleSection\":[\"NOTICIAS LOCALES\"],\"inLanguage\":\"es\",\"potentialAction\":[{\"@type\":\"CommentAction\",\"name\":\"Comment\",\"target\":[\"https:\\\/\\\/fuentesfidedignas.com.mx\\\/index.php\\\/2023\\\/07\\\/01\\\/se-evidencia-el-revanchismo-y-el-rencor-politico-de-morena-pas87\\\/#respond\"]}]},{\"@type\":\"WebPage\",\"@id\":\"https:\\\/\\\/fuentesfidedignas.com.mx\\\/index.php\\\/2023\\\/07\\\/01\\\/se-evidencia-el-revanchismo-y-el-rencor-politico-de-morena-pas87\\\/\",\"url\":\"https:\\\/\\\/fuentesfidedignas.com.mx\\\/index.php\\\/2023\\\/07\\\/01\\\/se-evidencia-el-revanchismo-y-el-rencor-politico-de-morena-pas87\\\/\",\"name\":\"Se evidencia el revanchismo y el rencor pol\u00edtico de Morena: PAS - Fuentes Fidedignas\",\"isPartOf\":{\"@id\":\"https:\\\/\\\/fuentesfidedignas.com.mx\\\/#website\"},\"primaryImageOfPage\":{\"@id\":\"https:\\\/\\\/fuentesfidedignas.com.mx\\\/index.php\\\/2023\\\/07\\\/01\\\/se-evidencia-el-revanchismo-y-el-rencor-politico-de-morena-pas87\\\/#primaryimage\"},\"image\":{\"@id\":\"https:\\\/\\\/fuentesfidedignas.com.mx\\\/index.php\\\/2023\\\/07\\\/01\\\/se-evidencia-el-revanchismo-y-el-rencor-politico-de-morena-pas87\\\/#primaryimage\"},\"thumbnailUrl\":\"https:\\\/\\\/fuentesfidedignas.com.mx\\\/wp-content\\\/uploads\\\/2023\\\/07\\\/IMG-20230701-WA0007.jpg\",\"datePublished\":\"2023-07-01T18:38:46+00:00\",\"dateModified\":\"2023-07-02T03:10:25+00:00\",\"breadcrumb\":{\"@id\":\"https:\\\/\\\/fuentesfidedignas.com.mx\\\/index.php\\\/2023\\\/07\\\/01\\\/se-evidencia-el-revanchismo-y-el-rencor-politico-de-morena-pas87\\\/#breadcrumb\"},\"inLanguage\":\"es\",\"potentialAction\":[{\"@type\":\"ReadAction\",\"target\":[\"https:\\\/\\\/fuentesfidedignas.com.mx\\\/index.php\\\/2023\\\/07\\\/01\\\/se-evidencia-el-revanchismo-y-el-rencor-politico-de-morena-pas87\\\/\"]}]},{\"@type\":\"ImageObject\",\"inLanguage\":\"es\",\"@id\":\"https:\\\/\\\/fuentesfidedignas.com.mx\\\/index.php\\\/2023\\\/07\\\/01\\\/se-evidencia-el-revanchismo-y-el-rencor-politico-de-morena-pas87\\\/#primaryimage\",\"url\":\"https:\\\/\\\/fuentesfidedignas.com.mx\\\/wp-content\\\/uploads\\\/2023\\\/07\\\/IMG-20230701-WA0007.jpg\",\"contentUrl\":\"https:\\\/\\\/fuentesfidedignas.com.mx\\\/wp-content\\\/uploads\\\/2023\\\/07\\\/IMG-20230701-WA0007.jpg\",\"width\":640,\"height\":426},{\"@type\":\"BreadcrumbList\",\"@id\":\"https:\\\/\\\/fuentesfidedignas.com.mx\\\/index.php\\\/2023\\\/07\\\/01\\\/se-evidencia-el-revanchismo-y-el-rencor-politico-de-morena-pas87\\\/#breadcrumb\",\"itemListElement\":[{\"@type\":\"ListItem\",\"position\":1,\"name\":\"Inicio\",\"item\":\"https:\\\/\\\/fuentesfidedignas.com.mx\\\/\"},{\"@type\":\"ListItem\",\"position\":2,\"name\":\"Se evidencia el revanchismo y el rencor pol\u00edtico de Morena: PAS\"}]},{\"@type\":\"WebSite\",\"@id\":\"https:\\\/\\\/fuentesfidedignas.com.mx\\\/#website\",\"url\":\"https:\\\/\\\/fuentesfidedignas.com.mx\\\/\",\"name\":\"Fuentes Fidedignas\",\"description\":\"Otro sitio realizado con WordPress\",\"publisher\":{\"@id\":\"https:\\\/\\\/fuentesfidedignas.com.mx\\\/#organization\"},\"potentialAction\":[{\"@type\":\"SearchAction\",\"target\":{\"@type\":\"EntryPoint\",\"urlTemplate\":\"https:\\\/\\\/fuentesfidedignas.com.mx\\\/?s={search_term_string}\"},\"query-input\":{\"@type\":\"PropertyValueSpecification\",\"valueRequired\":true,\"valueName\":\"search_term_string\"}}],\"inLanguage\":\"es\"},{\"@type\":\"Organization\",\"@id\":\"https:\\\/\\\/fuentesfidedignas.com.mx\\\/#organization\",\"name\":\"Fuentes Fidedignas\",\"url\":\"https:\\\/\\\/fuentesfidedignas.com.mx\\\/\",\"logo\":{\"@type\":\"ImageObject\",\"inLanguage\":\"es\",\"@id\":\"https:\\\/\\\/fuentesfidedignas.com.mx\\\/#\\\/schema\\\/logo\\\/image\\\/\",\"url\":\"https:\\\/\\\/fuentesfidedignas.com.mx\\\/wp-content\\\/uploads\\\/2021\\\/04\\\/logo-retina.png\",\"contentUrl\":\"https:\\\/\\\/fuentesfidedignas.com.mx\\\/wp-content\\\/uploads\\\/2021\\\/04\\\/logo-retina.png\",\"width\":280,\"height\":51,\"caption\":\"Fuentes Fidedignas\"},\"image\":{\"@id\":\"https:\\\/\\\/fuentesfidedignas.com.mx\\\/#\\\/schema\\\/logo\\\/image\\\/\"},\"sameAs\":[\"https:\\\/\\\/www.facebook.com\\\/Fuentes-Fidedignas-368234489921644\",\"https:\\\/\\\/x.com\\\/fidedignas\"]},{\"@type\":\"Person\",\"@id\":\"https:\\\/\\\/fuentesfidedignas.com.mx\\\/#\\\/schema\\\/person\\\/331be9283d37198e2acd5750279085b0\",\"name\":\"Redacci\u00f3n\",\"image\":{\"@type\":\"ImageObject\",\"inLanguage\":\"es\",\"@id\":\"https:\\\/\\\/secure.gravatar.com\\\/avatar\\\/f6d8782c11d12b2d4ad3fbb6931aeab5309937a4d6cd2fc9cfaa28a6396a5aec?s=96&d=mm&r=g\",\"url\":\"https:\\\/\\\/secure.gravatar.com\\\/avatar\\\/f6d8782c11d12b2d4ad3fbb6931aeab5309937a4d6cd2fc9cfaa28a6396a5aec?s=96&d=mm&r=g\",\"contentUrl\":\"https:\\\/\\\/secure.gravatar.com\\\/avatar\\\/f6d8782c11d12b2d4ad3fbb6931aeab5309937a4d6cd2fc9cfaa28a6396a5aec?s=96&d=mm&r=g\",\"caption\":\"Redacci\u00f3n\"},\"url\":\"https:\\\/\\\/fuentesfidedignas.com.mx\\\/index.php\\\/author\\\/redaccion\\\/\"}]}<\/script>\n<!-- \/ Yoast SEO plugin. -->","yoast_head_json":{"title":"Se evidencia el revanchismo y el rencor pol\u00edtico de Morena: PAS - Fuentes Fidedignas","robots":{"index":"index","follow":"follow","max-snippet":"max-snippet:-1","max-image-preview":"max-image-preview:large","max-video-preview":"max-video-preview:-1"},"canonical":"https:\/\/fuentesfidedignas.com.mx\/index.php\/2023\/07\/01\/se-evidencia-el-revanchismo-y-el-rencor-politico-de-morena-pas87\/","og_locale":"es_MX","og_type":"article","og_title":"Se evidencia el revanchismo y el rencor pol\u00edtico de Morena: PAS - Fuentes Fidedignas","og_description":"\u201cCon los mismos argumentos usados para rechazar 15 iniciativas del PAS, se aprueban propuestas de MORENA y aliados\u201d Culiac\u00e1n, Sin. Una vez m\u00e1s el Grupo Parlamentario del Partido Sinaloense muestra que existe la orden del presidente de la Junta de Coordinaci\u00f3n Pol\u00edtica, Feliciano Castro Mel\u00e9ndrez, de bloquear todas las propuestas\u00a0 del PAS en este Congreso, [&hellip;]","og_url":"https:\/\/fuentesfidedignas.com.mx\/index.php\/2023\/07\/01\/se-evidencia-el-revanchismo-y-el-rencor-politico-de-morena-pas87\/","og_site_name":"Fuentes Fidedignas","article_publisher":"https:\/\/www.facebook.com\/Fuentes-Fidedignas-368234489921644","article_published_time":"2023-07-01T18:38:46+00:00","article_modified_time":"2023-07-02T03:10:25+00:00","og_image":[{"width":640,"height":426,"url":"https:\/\/fuentesfidedignas.com.mx\/wp-content\/uploads\/2023\/07\/IMG-20230701-WA0007.jpg","type":"image\/jpeg"}],"author":"Redacci\u00f3n","twitter_card":"summary_large_image","twitter_creator":"@fidedignas","twitter_site":"@fidedignas","twitter_misc":{"Escrito por":"Redacci\u00f3n","Tiempo de lectura":"3 minutos"},"schema":{"@context":"https:\/\/schema.org","@graph":[{"@type":"Article","@id":"https:\/\/fuentesfidedignas.com.mx\/index.php\/2023\/07\/01\/se-evidencia-el-revanchismo-y-el-rencor-politico-de-morena-pas87\/#article","isPartOf":{"@id":"https:\/\/fuentesfidedignas.com.mx\/index.php\/2023\/07\/01\/se-evidencia-el-revanchismo-y-el-rencor-politico-de-morena-pas87\/"},"author":{"name":"Redacci\u00f3n","@id":"https:\/\/fuentesfidedignas.com.mx\/#\/schema\/person\/331be9283d37198e2acd5750279085b0"},"headline":"Se evidencia el revanchismo y el rencor pol\u00edtico de Morena: PAS","datePublished":"2023-07-01T18:38:46+00:00","dateModified":"2023-07-02T03:10:25+00:00","mainEntityOfPage":{"@id":"https:\/\/fuentesfidedignas.com.mx\/index.php\/2023\/07\/01\/se-evidencia-el-revanchismo-y-el-rencor-politico-de-morena-pas87\/"},"wordCount":602,"commentCount":0,"publisher":{"@id":"https:\/\/fuentesfidedignas.com.mx\/#organization"},"image":{"@id":"https:\/\/fuentesfidedignas.com.mx\/index.php\/2023\/07\/01\/se-evidencia-el-revanchismo-y-el-rencor-politico-de-morena-pas87\/#primaryimage"},"thumbnailUrl":"https:\/\/fuentesfidedignas.com.mx\/wp-content\/uploads\/2023\/07\/IMG-20230701-WA0007.jpg","articleSection":["NOTICIAS LOCALES"],"inLanguage":"es","potentialAction":[{"@type":"CommentAction","name":"Comment","target":["https:\/\/fuentesfidedignas.com.mx\/index.php\/2023\/07\/01\/se-evidencia-el-revanchismo-y-el-rencor-politico-de-morena-pas87\/#respond"]}]},{"@type":"WebPage","@id":"https:\/\/fuentesfidedignas.com.mx\/index.php\/2023\/07\/01\/se-evidencia-el-revanchismo-y-el-rencor-politico-de-morena-pas87\/","url":"https:\/\/fuentesfidedignas.com.mx\/index.php\/2023\/07\/01\/se-evidencia-el-revanchismo-y-el-rencor-politico-de-morena-pas87\/","name":"Se evidencia el revanchismo y el rencor pol\u00edtico de Morena: PAS - Fuentes Fidedignas","isPartOf":{"@id":"https:\/\/fuentesfidedignas.com.mx\/#website"},"primaryImageOfPage":{"@id":"https:\/\/fuentesfidedignas.com.mx\/index.php\/2023\/07\/01\/se-evidencia-el-revanchismo-y-el-rencor-politico-de-morena-pas87\/#primaryimage"},"image":{"@id":"https:\/\/fuentesfidedignas.com.mx\/index.php\/2023\/07\/01\/se-evidencia-el-revanchismo-y-el-rencor-politico-de-morena-pas87\/#primaryimage"},"thumbnailUrl":"https:\/\/fuentesfidedignas.com.mx\/wp-content\/uploads\/2023\/07\/IMG-20230701-WA0007.jpg","datePublished":"2023-07-01T18:38:46+00:00","dateModified":"2023-07-02T03:10:25+00:00","breadcrumb":{"@id":"https:\/\/fuentesfidedignas.com.mx\/index.php\/2023\/07\/01\/se-evidencia-el-revanchismo-y-el-rencor-politico-de-morena-pas87\/#breadcrumb"},"inLanguage":"es","potentialAction":[{"@type":"ReadAction","target":["https:\/\/fuentesfidedignas.com.mx\/index.php\/2023\/07\/01\/se-evidencia-el-revanchismo-y-el-rencor-politico-de-morena-pas87\/"]}]},{"@type":"ImageObject","inLanguage":"es","@id":"https:\/\/fuentesfidedignas.com.mx\/index.php\/2023\/07\/01\/se-evidencia-el-revanchismo-y-el-rencor-politico-de-morena-pas87\/#primaryimage","url":"https:\/\/fuentesfidedignas.com.mx\/wp-content\/uploads\/2023\/07\/IMG-20230701-WA0007.jpg","contentUrl":"https:\/\/fuentesfidedignas.com.mx\/wp-content\/uploads\/2023\/07\/IMG-20230701-WA0007.jpg","width":640,"height":426},{"@type":"BreadcrumbList","@id":"https:\/\/fuentesfidedignas.com.mx\/index.php\/2023\/07\/01\/se-evidencia-el-revanchismo-y-el-rencor-politico-de-morena-pas87\/#breadcrumb","itemListElement":[{"@type":"ListItem","position":1,"name":"Inicio","item":"https:\/\/fuentesfidedignas.com.mx\/"},{"@type":"ListItem","position":2,"name":"Se evidencia el revanchismo y el rencor pol\u00edtico de Morena: PAS"}]},{"@type":"WebSite","@id":"https:\/\/fuentesfidedignas.com.mx\/#website","url":"https:\/\/fuentesfidedignas.com.mx\/","name":"Fuentes Fidedignas","description":"Otro sitio realizado con WordPress","publisher":{"@id":"https:\/\/fuentesfidedignas.com.mx\/#organization"},"potentialAction":[{"@type":"SearchAction","target":{"@type":"EntryPoint","urlTemplate":"https:\/\/fuentesfidedignas.com.mx\/?s={search_term_string}"},"query-input":{"@type":"PropertyValueSpecification","valueRequired":true,"valueName":"search_term_string"}}],"inLanguage":"es"},{"@type":"Organization","@id":"https:\/\/fuentesfidedignas.com.mx\/#organization","name":"Fuentes Fidedignas","url":"https:\/\/fuentesfidedignas.com.mx\/","logo":{"@type":"ImageObject","inLanguage":"es","@id":"https:\/\/fuentesfidedignas.com.mx\/#\/schema\/logo\/image\/","url":"https:\/\/fuentesfidedignas.com.mx\/wp-content\/uploads\/2021\/04\/logo-retina.png","contentUrl":"https:\/\/fuentesfidedignas.com.mx\/wp-content\/uploads\/2021\/04\/logo-retina.png","width":280,"height":51,"caption":"Fuentes Fidedignas"},"image":{"@id":"https:\/\/fuentesfidedignas.com.mx\/#\/schema\/logo\/image\/"},"sameAs":["https:\/\/www.facebook.com\/Fuentes-Fidedignas-368234489921644","https:\/\/x.com\/fidedignas"]},{"@type":"Person","@id":"https:\/\/fuentesfidedignas.com.mx\/#\/schema\/person\/331be9283d37198e2acd5750279085b0","name":"Redacci\u00f3n","image":{"@type":"ImageObject","inLanguage":"es","@id":"https:\/\/secure.gravatar.com\/avatar\/f6d8782c11d12b2d4ad3fbb6931aeab5309937a4d6cd2fc9cfaa28a6396a5aec?s=96&d=mm&r=g","url":"https:\/\/secure.gravatar.com\/avatar\/f6d8782c11d12b2d4ad3fbb6931aeab5309937a4d6cd2fc9cfaa28a6396a5aec?s=96&d=mm&r=g","contentUrl":"https:\/\/secure.gravatar.com\/avatar\/f6d8782c11d12b2d4ad3fbb6931aeab5309937a4d6cd2fc9cfaa28a6396a5aec?s=96&d=mm&r=g","caption":"Redacci\u00f3n"},"url":"https:\/\/fuentesfidedignas.com.mx\/index.php\/author\/redaccion\/"}]}},"_links":{"self":[{"href":"https:\/\/fuentesfidedignas.com.mx\/index.php\/wp-json\/wp\/v2\/posts\/51603","targetHints":{"allow":["GET"]}}],"collection":[{"href":"https:\/\/fuentesfidedignas.com.mx\/index.php\/wp-json\/wp\/v2\/posts"}],"about":[{"href":"https:\/\/fuentesfidedignas.com.mx\/index.php\/wp-json\/wp\/v2\/types\/post"}],"author":[{"embeddable":true,"href":"https:\/\/fuentesfidedignas.com.mx\/index.php\/wp-json\/wp\/v2\/users\/4"}],"replies":[{"embeddable":true,"href":"https:\/\/fuentesfidedignas.com.mx\/index.php\/wp-json\/wp\/v2\/comments?post=51603"}],"version-history":[{"count":1,"href":"https:\/\/fuentesfidedignas.com.mx\/index.php\/wp-json\/wp\/v2\/posts\/51603\/revisions"}],"predecessor-version":[{"id":51604,"href":"https:\/\/fuentesfidedignas.com.mx\/index.php\/wp-json\/wp\/v2\/posts\/51603\/revisions\/51604"}],"wp:featuredmedia":[{"embeddable":true,"href":"https:\/\/fuentesfidedignas.com.mx\/index.php\/wp-json\/wp\/v2\/media\/51605"}],"wp:attachment":[{"href":"https:\/\/fuentesfidedignas.com.mx\/index.php\/wp-json\/wp\/v2\/media?parent=51603"}],"wp:term":[{"taxonomy":"category","embeddable":true,"href":"https:\/\/fuentesfidedignas.com.mx\/index.php\/wp-json\/wp\/v2\/categories?post=51603"},{"taxonomy":"post_tag","embeddable":true,"href":"https:\/\/fuentesfidedignas.com.mx\/index.php\/wp-json\/wp\/v2\/tags?post=51603"}],"curies":[{"name":"wp","href":"https:\/\/api.w.org\/{rel}","templated":true}]}}