{"id":51592,"date":"2023-07-01T08:02:34","date_gmt":"2023-07-01T15:02:34","guid":{"rendered":"https:\/\/fuentesfidedignas.com.mx\/?p=51592"},"modified":"2023-07-01T09:39:34","modified_gmt":"2023-07-01T16:39:34","slug":"sat-2023-hay-nueva-prorroga-para-uso-de-e-firma-a-personas-fisicas","status":"publish","type":"post","link":"https:\/\/fuentesfidedignas.com.mx\/index.php\/2023\/07\/01\/sat-2023-hay-nueva-prorroga-para-uso-de-e-firma-a-personas-fisicas\/","title":{"rendered":"SAT 2023: Hay nueva pr\u00f3rroga para uso de e.firma a personas f\u00edsicas"},"content":{"rendered":"\n<p><strong><em>El SAT ha postergado en varias ocasiones en 2022 y en 2023 la obligaci\u00f3n de tener la e.firma, por fallas en el aplicativo o por problemas de escasez de citas<\/em><\/strong><\/p>\n\n\n\n<p>Ciudad de M\u00e9xico. El Servicio de Administraci\u00f3n Tributaria (SAT) inform\u00f3 este viernes que otorg\u00f3 una nueva pr\u00f3rroga, hasta el 2 de octubre, para que los contribuyentes que tributan en el R\u00e9gimen Simplificado de Confianza (Resico) puedan hacer sus declaraciones fiscales sin la e.firma activa.<\/p>\n\n\n\n<p>\u201cCon el fin de que los contribuyentes puedan cumplir con sus obligaciones fiscales tambi\u00e9n se ampl\u00eda el plazo, al 2 de octubre de 2023, tengan activo su Buz\u00f3n Tributario\u201d, a\u00f1adi\u00f3.<\/p>\n\n\n\n<p>Y se posterga el plazo para que puedan seguir emitiendo facturas electr\u00f3nicas con las aplicaciones \u201cFactura f\u00e1cil\u201d y \u201cMi n\u00f3mina\u201d de \u201cMis cuentas\u201d.<\/p>\n\n\n\n<p>\u201cEn este r\u00e9gimen, para contribuyentes con ingresos hasta de 3.5 millones de pesos, la tasa del impuesto sobre la renta (ISR) es desde 1 por ciento hasta 2.5 por ciento\u201d, explic\u00f3 el SAT.<\/p>\n\n\n\n<p>Pueden acceder a dicho beneficio los contribuyentes que realizan las siguientes actividades:<\/p>\n\n\n\n<p>\u25cf&nbsp;<strong>Actividades empresariales y profesionales<\/strong>&nbsp;como talleres mec\u00e1nicos, imprentas, restaurantes, cafeter\u00edas, cocinas econ\u00f3micas, cantinas, bares, tiendas de abarrotes, miscel\u00e1neas, minis\u00faper, escuelas, guarder\u00edas, ferreter\u00edas y refaccionarias; as\u00ed como abogados, contadores, m\u00e9dicos, odont\u00f3logos, entre otros servicios profesionales, entre otros.<\/p>\n\n\n\n<p>\u25cf Uso o goce de bienes inmuebles (arrendamiento de departamentos, casas y locales comerciales).<\/p>\n\n\n\n<p>\u25cf Actividades agr\u00edcolas, ganaderas, silv\u00edcolas y pesqueras (Agapes).<\/p>\n\n\n\n<p>Adicionalmente, pueden obtener ingresos por salarios e intereses, siempre que la totalidad de los ingresos no supere el monto de los 3.5 millones de pesos al a\u00f1o.<\/p>\n\n\n\n<p>Especialistas fiscales comentaron que en el caso del\u00a0Resico\u00a0hab\u00eda la amenaza de que si no ten\u00edan la firma electr\u00f3nica podr\u00edan quedar fuera de este r\u00e9gimen y no podr\u00edan facturar.<\/p>\n\n\n\n<p>El&nbsp;SAT ha postergado en varias ocasiones en 2022 y en 2023 la obligaci\u00f3n de tener la&nbsp;<a href=\"https:\/\/www.elfinanciero.com.mx\/mis-finanzas\/2023\/01\/14\/sat-2023-como-saber-si-tu-firma-electronica-ya-vencio\/\">e.firma<\/a>, por fallas en el aplicativo o por problemas de escasez de citas.<\/p>\n\n\n\n<p>Por ejemplo, el a\u00f1o pasado hab\u00eda una fecha l\u00edmite el 30 de junio y se pas\u00f3 al 31 de diciembre y luego en este a\u00f1o se prorrog\u00f3 al 31 de marzo de 2023, luego al 30 de junio y ahora al 2 de octubre.<\/p>\n\n\n\n<p>Los expertos explican que con estas pr\u00f3rrogas el&nbsp;<a href=\"https:\/\/www.elfinanciero.com.mx\/mis-finanzas\/2023\/06\/22\/cfdi-40-del-sat-2023-a-partir-de-cuando-sera-ahora-si-obligatorio\/\">SAT&nbsp;<\/a>da un respiro a los contribuyentes, pero tambi\u00e9n la propia autoridad se lo da, porque no se daba abasto atender a todos los causantes para emitirles su firma electr\u00f3nica y el certificado de sello digital.<\/p>\n","protected":false},"excerpt":{"rendered":"<p>El SAT ha postergado en varias ocasiones en 2022 y en 2023 la obligaci\u00f3n de tener la e.firma, por fallas en el aplicativo o por problemas de escasez de citas Ciudad de M\u00e9xico. El Servicio de Administraci\u00f3n Tributaria (SAT) inform\u00f3 este viernes que otorg\u00f3 una nueva pr\u00f3rroga, hasta el 2 de octubre, para que los [&hellip;]<\/p>\n","protected":false},"author":21,"featured_media":51594,"comment_status":"open","ping_status":"open","sticky":false,"template":"","format":"standard","meta":{"tdm_status":"","tdm_grid_status":"","footnotes":""},"categories":[39,1],"tags":[],"class_list":{"0":"post-51592","1":"post","2":"type-post","3":"status-publish","4":"format-standard","5":"has-post-thumbnail","7":"category-noticias-nacionales","8":"category-sin-categoria"},"yoast_head":"<!-- This site is optimized with the Yoast SEO plugin v27.4 - https:\/\/yoast.com\/product\/yoast-seo-wordpress\/ -->\n<title>SAT 2023: Hay nueva pr\u00f3rroga para uso de e.firma a personas f\u00edsicas - Fuentes Fidedignas<\/title>\n<meta name=\"robots\" content=\"index, follow, max-snippet:-1, max-image-preview:large, max-video-preview:-1\" \/>\n<link rel=\"canonical\" href=\"https:\/\/fuentesfidedignas.com.mx\/index.php\/2023\/07\/01\/sat-2023-hay-nueva-prorroga-para-uso-de-e-firma-a-personas-fisicas\/\" \/>\n<meta property=\"og:locale\" content=\"es_MX\" \/>\n<meta property=\"og:type\" content=\"article\" \/>\n<meta property=\"og:title\" content=\"SAT 2023: Hay nueva pr\u00f3rroga para uso de e.firma a personas f\u00edsicas - Fuentes Fidedignas\" \/>\n<meta property=\"og:description\" content=\"El SAT ha postergado en varias ocasiones en 2022 y en 2023 la obligaci\u00f3n de tener la e.firma, por fallas en el aplicativo o por problemas de escasez de citas Ciudad de M\u00e9xico. El Servicio de Administraci\u00f3n Tributaria (SAT) inform\u00f3 este viernes que otorg\u00f3 una nueva pr\u00f3rroga, hasta el 2 de octubre, para que los [&hellip;]\" \/>\n<meta property=\"og:url\" content=\"https:\/\/fuentesfidedignas.com.mx\/index.php\/2023\/07\/01\/sat-2023-hay-nueva-prorroga-para-uso-de-e-firma-a-personas-fisicas\/\" \/>\n<meta property=\"og:site_name\" content=\"Fuentes Fidedignas\" \/>\n<meta property=\"article:publisher\" content=\"https:\/\/www.facebook.com\/Fuentes-Fidedignas-368234489921644\" \/>\n<meta property=\"article:published_time\" content=\"2023-07-01T15:02:34+00:00\" \/>\n<meta property=\"article:modified_time\" content=\"2023-07-01T16:39:34+00:00\" \/>\n<meta property=\"og:image\" content=\"https:\/\/fuentesfidedignas.com.mx\/wp-content\/uploads\/2021\/04\/logo-retina.png\" \/>\n\t<meta property=\"og:image:width\" content=\"280\" \/>\n\t<meta property=\"og:image:height\" content=\"51\" \/>\n\t<meta property=\"og:image:type\" content=\"image\/png\" \/>\n<meta name=\"author\" content=\"El Financiero\" \/>\n<meta name=\"twitter:card\" content=\"summary_large_image\" \/>\n<meta name=\"twitter:creator\" content=\"@fidedignas\" \/>\n<meta name=\"twitter:site\" content=\"@fidedignas\" \/>\n<meta name=\"twitter:label1\" content=\"Escrito por\" \/>\n\t<meta name=\"twitter:data1\" content=\"El Financiero\" \/>\n\t<meta name=\"twitter:label2\" content=\"Tiempo de lectura\" \/>\n\t<meta name=\"twitter:data2\" content=\"2 minutos\" \/>\n<script type=\"application\/ld+json\" class=\"yoast-schema-graph\">{\"@context\":\"https:\\\/\\\/schema.org\",\"@graph\":[{\"@type\":\"Article\",\"@id\":\"https:\\\/\\\/fuentesfidedignas.com.mx\\\/index.php\\\/2023\\\/07\\\/01\\\/sat-2023-hay-nueva-prorroga-para-uso-de-e-firma-a-personas-fisicas\\\/#article\",\"isPartOf\":{\"@id\":\"https:\\\/\\\/fuentesfidedignas.com.mx\\\/index.php\\\/2023\\\/07\\\/01\\\/sat-2023-hay-nueva-prorroga-para-uso-de-e-firma-a-personas-fisicas\\\/\"},\"author\":{\"name\":\"El Financiero\",\"@id\":\"https:\\\/\\\/fuentesfidedignas.com.mx\\\/#\\\/schema\\\/person\\\/494f7e0dce8dfaaec5b64f16615b78e9\"},\"headline\":\"SAT 2023: Hay nueva pr\u00f3rroga para uso de e.firma a personas f\u00edsicas\",\"datePublished\":\"2023-07-01T15:02:34+00:00\",\"dateModified\":\"2023-07-01T16:39:34+00:00\",\"mainEntityOfPage\":{\"@id\":\"https:\\\/\\\/fuentesfidedignas.com.mx\\\/index.php\\\/2023\\\/07\\\/01\\\/sat-2023-hay-nueva-prorroga-para-uso-de-e-firma-a-personas-fisicas\\\/\"},\"wordCount\":448,\"commentCount\":0,\"publisher\":{\"@id\":\"https:\\\/\\\/fuentesfidedignas.com.mx\\\/#organization\"},\"image\":{\"@id\":\"https:\\\/\\\/fuentesfidedignas.com.mx\\\/index.php\\\/2023\\\/07\\\/01\\\/sat-2023-hay-nueva-prorroga-para-uso-de-e-firma-a-personas-fisicas\\\/#primaryimage\"},\"thumbnailUrl\":\"https:\\\/\\\/fuentesfidedignas.com.mx\\\/wp-content\\\/uploads\\\/2023\\\/07\\\/47P6T42HCFCILJ4VNGVI7G3DQY.jpg\",\"articleSection\":[\"NOTICIAS NACIONALES\"],\"inLanguage\":\"es\",\"potentialAction\":[{\"@type\":\"CommentAction\",\"name\":\"Comment\",\"target\":[\"https:\\\/\\\/fuentesfidedignas.com.mx\\\/index.php\\\/2023\\\/07\\\/01\\\/sat-2023-hay-nueva-prorroga-para-uso-de-e-firma-a-personas-fisicas\\\/#respond\"]}]},{\"@type\":\"WebPage\",\"@id\":\"https:\\\/\\\/fuentesfidedignas.com.mx\\\/index.php\\\/2023\\\/07\\\/01\\\/sat-2023-hay-nueva-prorroga-para-uso-de-e-firma-a-personas-fisicas\\\/\",\"url\":\"https:\\\/\\\/fuentesfidedignas.com.mx\\\/index.php\\\/2023\\\/07\\\/01\\\/sat-2023-hay-nueva-prorroga-para-uso-de-e-firma-a-personas-fisicas\\\/\",\"name\":\"SAT 2023: Hay nueva pr\u00f3rroga para uso de e.firma a personas f\u00edsicas - Fuentes Fidedignas\",\"isPartOf\":{\"@id\":\"https:\\\/\\\/fuentesfidedignas.com.mx\\\/#website\"},\"primaryImageOfPage\":{\"@id\":\"https:\\\/\\\/fuentesfidedignas.com.mx\\\/index.php\\\/2023\\\/07\\\/01\\\/sat-2023-hay-nueva-prorroga-para-uso-de-e-firma-a-personas-fisicas\\\/#primaryimage\"},\"image\":{\"@id\":\"https:\\\/\\\/fuentesfidedignas.com.mx\\\/index.php\\\/2023\\\/07\\\/01\\\/sat-2023-hay-nueva-prorroga-para-uso-de-e-firma-a-personas-fisicas\\\/#primaryimage\"},\"thumbnailUrl\":\"https:\\\/\\\/fuentesfidedignas.com.mx\\\/wp-content\\\/uploads\\\/2023\\\/07\\\/47P6T42HCFCILJ4VNGVI7G3DQY.jpg\",\"datePublished\":\"2023-07-01T15:02:34+00:00\",\"dateModified\":\"2023-07-01T16:39:34+00:00\",\"breadcrumb\":{\"@id\":\"https:\\\/\\\/fuentesfidedignas.com.mx\\\/index.php\\\/2023\\\/07\\\/01\\\/sat-2023-hay-nueva-prorroga-para-uso-de-e-firma-a-personas-fisicas\\\/#breadcrumb\"},\"inLanguage\":\"es\",\"potentialAction\":[{\"@type\":\"ReadAction\",\"target\":[\"https:\\\/\\\/fuentesfidedignas.com.mx\\\/index.php\\\/2023\\\/07\\\/01\\\/sat-2023-hay-nueva-prorroga-para-uso-de-e-firma-a-personas-fisicas\\\/\"]}]},{\"@type\":\"ImageObject\",\"inLanguage\":\"es\",\"@id\":\"https:\\\/\\\/fuentesfidedignas.com.mx\\\/index.php\\\/2023\\\/07\\\/01\\\/sat-2023-hay-nueva-prorroga-para-uso-de-e-firma-a-personas-fisicas\\\/#primaryimage\",\"url\":\"https:\\\/\\\/fuentesfidedignas.com.mx\\\/wp-content\\\/uploads\\\/2023\\\/07\\\/47P6T42HCFCILJ4VNGVI7G3DQY.jpg\",\"contentUrl\":\"https:\\\/\\\/fuentesfidedignas.com.mx\\\/wp-content\\\/uploads\\\/2023\\\/07\\\/47P6T42HCFCILJ4VNGVI7G3DQY.jpg\",\"width\":800,\"height\":450},{\"@type\":\"BreadcrumbList\",\"@id\":\"https:\\\/\\\/fuentesfidedignas.com.mx\\\/index.php\\\/2023\\\/07\\\/01\\\/sat-2023-hay-nueva-prorroga-para-uso-de-e-firma-a-personas-fisicas\\\/#breadcrumb\",\"itemListElement\":[{\"@type\":\"ListItem\",\"position\":1,\"name\":\"Inicio\",\"item\":\"https:\\\/\\\/fuentesfidedignas.com.mx\\\/\"},{\"@type\":\"ListItem\",\"position\":2,\"name\":\"SAT 2023: Hay nueva pr\u00f3rroga para uso de e.firma a personas f\u00edsicas\"}]},{\"@type\":\"WebSite\",\"@id\":\"https:\\\/\\\/fuentesfidedignas.com.mx\\\/#website\",\"url\":\"https:\\\/\\\/fuentesfidedignas.com.mx\\\/\",\"name\":\"Fuentes Fidedignas\",\"description\":\"Otro sitio realizado con WordPress\",\"publisher\":{\"@id\":\"https:\\\/\\\/fuentesfidedignas.com.mx\\\/#organization\"},\"potentialAction\":[{\"@type\":\"SearchAction\",\"target\":{\"@type\":\"EntryPoint\",\"urlTemplate\":\"https:\\\/\\\/fuentesfidedignas.com.mx\\\/?s={search_term_string}\"},\"query-input\":{\"@type\":\"PropertyValueSpecification\",\"valueRequired\":true,\"valueName\":\"search_term_string\"}}],\"inLanguage\":\"es\"},{\"@type\":\"Organization\",\"@id\":\"https:\\\/\\\/fuentesfidedignas.com.mx\\\/#organization\",\"name\":\"Fuentes Fidedignas\",\"url\":\"https:\\\/\\\/fuentesfidedignas.com.mx\\\/\",\"logo\":{\"@type\":\"ImageObject\",\"inLanguage\":\"es\",\"@id\":\"https:\\\/\\\/fuentesfidedignas.com.mx\\\/#\\\/schema\\\/logo\\\/image\\\/\",\"url\":\"https:\\\/\\\/fuentesfidedignas.com.mx\\\/wp-content\\\/uploads\\\/2021\\\/04\\\/logo-retina.png\",\"contentUrl\":\"https:\\\/\\\/fuentesfidedignas.com.mx\\\/wp-content\\\/uploads\\\/2021\\\/04\\\/logo-retina.png\",\"width\":280,\"height\":51,\"caption\":\"Fuentes Fidedignas\"},\"image\":{\"@id\":\"https:\\\/\\\/fuentesfidedignas.com.mx\\\/#\\\/schema\\\/logo\\\/image\\\/\"},\"sameAs\":[\"https:\\\/\\\/www.facebook.com\\\/Fuentes-Fidedignas-368234489921644\",\"https:\\\/\\\/x.com\\\/fidedignas\"]},{\"@type\":\"Person\",\"@id\":\"https:\\\/\\\/fuentesfidedignas.com.mx\\\/#\\\/schema\\\/person\\\/494f7e0dce8dfaaec5b64f16615b78e9\",\"name\":\"El Financiero\",\"image\":{\"@type\":\"ImageObject\",\"inLanguage\":\"es\",\"@id\":\"https:\\\/\\\/secure.gravatar.com\\\/avatar\\\/88c0f3f2079389318ef8dd35c22cb997212aa89646e357ba59b318db26ed91a9?s=96&d=mm&r=g\",\"url\":\"https:\\\/\\\/secure.gravatar.com\\\/avatar\\\/88c0f3f2079389318ef8dd35c22cb997212aa89646e357ba59b318db26ed91a9?s=96&d=mm&r=g\",\"contentUrl\":\"https:\\\/\\\/secure.gravatar.com\\\/avatar\\\/88c0f3f2079389318ef8dd35c22cb997212aa89646e357ba59b318db26ed91a9?s=96&d=mm&r=g\",\"caption\":\"El Financiero\"},\"url\":\"https:\\\/\\\/fuentesfidedignas.com.mx\\\/index.php\\\/author\\\/financiero\\\/\"}]}<\/script>\n<!-- \/ Yoast SEO plugin. -->","yoast_head_json":{"title":"SAT 2023: Hay nueva pr\u00f3rroga para uso de e.firma a personas f\u00edsicas - Fuentes Fidedignas","robots":{"index":"index","follow":"follow","max-snippet":"max-snippet:-1","max-image-preview":"max-image-preview:large","max-video-preview":"max-video-preview:-1"},"canonical":"https:\/\/fuentesfidedignas.com.mx\/index.php\/2023\/07\/01\/sat-2023-hay-nueva-prorroga-para-uso-de-e-firma-a-personas-fisicas\/","og_locale":"es_MX","og_type":"article","og_title":"SAT 2023: Hay nueva pr\u00f3rroga para uso de e.firma a personas f\u00edsicas - Fuentes Fidedignas","og_description":"El SAT ha postergado en varias ocasiones en 2022 y en 2023 la obligaci\u00f3n de tener la e.firma, por fallas en el aplicativo o por problemas de escasez de citas Ciudad de M\u00e9xico. El Servicio de Administraci\u00f3n Tributaria (SAT) inform\u00f3 este viernes que otorg\u00f3 una nueva pr\u00f3rroga, hasta el 2 de octubre, para que los [&hellip;]","og_url":"https:\/\/fuentesfidedignas.com.mx\/index.php\/2023\/07\/01\/sat-2023-hay-nueva-prorroga-para-uso-de-e-firma-a-personas-fisicas\/","og_site_name":"Fuentes Fidedignas","article_publisher":"https:\/\/www.facebook.com\/Fuentes-Fidedignas-368234489921644","article_published_time":"2023-07-01T15:02:34+00:00","article_modified_time":"2023-07-01T16:39:34+00:00","og_image":[{"width":280,"height":51,"url":"https:\/\/fuentesfidedignas.com.mx\/wp-content\/uploads\/2021\/04\/logo-retina.png","type":"image\/png"}],"author":"El Financiero","twitter_card":"summary_large_image","twitter_creator":"@fidedignas","twitter_site":"@fidedignas","twitter_misc":{"Escrito por":"El Financiero","Tiempo de lectura":"2 minutos"},"schema":{"@context":"https:\/\/schema.org","@graph":[{"@type":"Article","@id":"https:\/\/fuentesfidedignas.com.mx\/index.php\/2023\/07\/01\/sat-2023-hay-nueva-prorroga-para-uso-de-e-firma-a-personas-fisicas\/#article","isPartOf":{"@id":"https:\/\/fuentesfidedignas.com.mx\/index.php\/2023\/07\/01\/sat-2023-hay-nueva-prorroga-para-uso-de-e-firma-a-personas-fisicas\/"},"author":{"name":"El Financiero","@id":"https:\/\/fuentesfidedignas.com.mx\/#\/schema\/person\/494f7e0dce8dfaaec5b64f16615b78e9"},"headline":"SAT 2023: Hay nueva pr\u00f3rroga para uso de e.firma a personas f\u00edsicas","datePublished":"2023-07-01T15:02:34+00:00","dateModified":"2023-07-01T16:39:34+00:00","mainEntityOfPage":{"@id":"https:\/\/fuentesfidedignas.com.mx\/index.php\/2023\/07\/01\/sat-2023-hay-nueva-prorroga-para-uso-de-e-firma-a-personas-fisicas\/"},"wordCount":448,"commentCount":0,"publisher":{"@id":"https:\/\/fuentesfidedignas.com.mx\/#organization"},"image":{"@id":"https:\/\/fuentesfidedignas.com.mx\/index.php\/2023\/07\/01\/sat-2023-hay-nueva-prorroga-para-uso-de-e-firma-a-personas-fisicas\/#primaryimage"},"thumbnailUrl":"https:\/\/fuentesfidedignas.com.mx\/wp-content\/uploads\/2023\/07\/47P6T42HCFCILJ4VNGVI7G3DQY.jpg","articleSection":["NOTICIAS NACIONALES"],"inLanguage":"es","potentialAction":[{"@type":"CommentAction","name":"Comment","target":["https:\/\/fuentesfidedignas.com.mx\/index.php\/2023\/07\/01\/sat-2023-hay-nueva-prorroga-para-uso-de-e-firma-a-personas-fisicas\/#respond"]}]},{"@type":"WebPage","@id":"https:\/\/fuentesfidedignas.com.mx\/index.php\/2023\/07\/01\/sat-2023-hay-nueva-prorroga-para-uso-de-e-firma-a-personas-fisicas\/","url":"https:\/\/fuentesfidedignas.com.mx\/index.php\/2023\/07\/01\/sat-2023-hay-nueva-prorroga-para-uso-de-e-firma-a-personas-fisicas\/","name":"SAT 2023: Hay nueva pr\u00f3rroga para uso de e.firma a personas f\u00edsicas - Fuentes Fidedignas","isPartOf":{"@id":"https:\/\/fuentesfidedignas.com.mx\/#website"},"primaryImageOfPage":{"@id":"https:\/\/fuentesfidedignas.com.mx\/index.php\/2023\/07\/01\/sat-2023-hay-nueva-prorroga-para-uso-de-e-firma-a-personas-fisicas\/#primaryimage"},"image":{"@id":"https:\/\/fuentesfidedignas.com.mx\/index.php\/2023\/07\/01\/sat-2023-hay-nueva-prorroga-para-uso-de-e-firma-a-personas-fisicas\/#primaryimage"},"thumbnailUrl":"https:\/\/fuentesfidedignas.com.mx\/wp-content\/uploads\/2023\/07\/47P6T42HCFCILJ4VNGVI7G3DQY.jpg","datePublished":"2023-07-01T15:02:34+00:00","dateModified":"2023-07-01T16:39:34+00:00","breadcrumb":{"@id":"https:\/\/fuentesfidedignas.com.mx\/index.php\/2023\/07\/01\/sat-2023-hay-nueva-prorroga-para-uso-de-e-firma-a-personas-fisicas\/#breadcrumb"},"inLanguage":"es","potentialAction":[{"@type":"ReadAction","target":["https:\/\/fuentesfidedignas.com.mx\/index.php\/2023\/07\/01\/sat-2023-hay-nueva-prorroga-para-uso-de-e-firma-a-personas-fisicas\/"]}]},{"@type":"ImageObject","inLanguage":"es","@id":"https:\/\/fuentesfidedignas.com.mx\/index.php\/2023\/07\/01\/sat-2023-hay-nueva-prorroga-para-uso-de-e-firma-a-personas-fisicas\/#primaryimage","url":"https:\/\/fuentesfidedignas.com.mx\/wp-content\/uploads\/2023\/07\/47P6T42HCFCILJ4VNGVI7G3DQY.jpg","contentUrl":"https:\/\/fuentesfidedignas.com.mx\/wp-content\/uploads\/2023\/07\/47P6T42HCFCILJ4VNGVI7G3DQY.jpg","width":800,"height":450},{"@type":"BreadcrumbList","@id":"https:\/\/fuentesfidedignas.com.mx\/index.php\/2023\/07\/01\/sat-2023-hay-nueva-prorroga-para-uso-de-e-firma-a-personas-fisicas\/#breadcrumb","itemListElement":[{"@type":"ListItem","position":1,"name":"Inicio","item":"https:\/\/fuentesfidedignas.com.mx\/"},{"@type":"ListItem","position":2,"name":"SAT 2023: Hay nueva pr\u00f3rroga para uso de e.firma a personas f\u00edsicas"}]},{"@type":"WebSite","@id":"https:\/\/fuentesfidedignas.com.mx\/#website","url":"https:\/\/fuentesfidedignas.com.mx\/","name":"Fuentes Fidedignas","description":"Otro sitio realizado con WordPress","publisher":{"@id":"https:\/\/fuentesfidedignas.com.mx\/#organization"},"potentialAction":[{"@type":"SearchAction","target":{"@type":"EntryPoint","urlTemplate":"https:\/\/fuentesfidedignas.com.mx\/?s={search_term_string}"},"query-input":{"@type":"PropertyValueSpecification","valueRequired":true,"valueName":"search_term_string"}}],"inLanguage":"es"},{"@type":"Organization","@id":"https:\/\/fuentesfidedignas.com.mx\/#organization","name":"Fuentes Fidedignas","url":"https:\/\/fuentesfidedignas.com.mx\/","logo":{"@type":"ImageObject","inLanguage":"es","@id":"https:\/\/fuentesfidedignas.com.mx\/#\/schema\/logo\/image\/","url":"https:\/\/fuentesfidedignas.com.mx\/wp-content\/uploads\/2021\/04\/logo-retina.png","contentUrl":"https:\/\/fuentesfidedignas.com.mx\/wp-content\/uploads\/2021\/04\/logo-retina.png","width":280,"height":51,"caption":"Fuentes Fidedignas"},"image":{"@id":"https:\/\/fuentesfidedignas.com.mx\/#\/schema\/logo\/image\/"},"sameAs":["https:\/\/www.facebook.com\/Fuentes-Fidedignas-368234489921644","https:\/\/x.com\/fidedignas"]},{"@type":"Person","@id":"https:\/\/fuentesfidedignas.com.mx\/#\/schema\/person\/494f7e0dce8dfaaec5b64f16615b78e9","name":"El Financiero","image":{"@type":"ImageObject","inLanguage":"es","@id":"https:\/\/secure.gravatar.com\/avatar\/88c0f3f2079389318ef8dd35c22cb997212aa89646e357ba59b318db26ed91a9?s=96&d=mm&r=g","url":"https:\/\/secure.gravatar.com\/avatar\/88c0f3f2079389318ef8dd35c22cb997212aa89646e357ba59b318db26ed91a9?s=96&d=mm&r=g","contentUrl":"https:\/\/secure.gravatar.com\/avatar\/88c0f3f2079389318ef8dd35c22cb997212aa89646e357ba59b318db26ed91a9?s=96&d=mm&r=g","caption":"El Financiero"},"url":"https:\/\/fuentesfidedignas.com.mx\/index.php\/author\/financiero\/"}]}},"_links":{"self":[{"href":"https:\/\/fuentesfidedignas.com.mx\/index.php\/wp-json\/wp\/v2\/posts\/51592","targetHints":{"allow":["GET"]}}],"collection":[{"href":"https:\/\/fuentesfidedignas.com.mx\/index.php\/wp-json\/wp\/v2\/posts"}],"about":[{"href":"https:\/\/fuentesfidedignas.com.mx\/index.php\/wp-json\/wp\/v2\/types\/post"}],"author":[{"embeddable":true,"href":"https:\/\/fuentesfidedignas.com.mx\/index.php\/wp-json\/wp\/v2\/users\/21"}],"replies":[{"embeddable":true,"href":"https:\/\/fuentesfidedignas.com.mx\/index.php\/wp-json\/wp\/v2\/comments?post=51592"}],"version-history":[{"count":1,"href":"https:\/\/fuentesfidedignas.com.mx\/index.php\/wp-json\/wp\/v2\/posts\/51592\/revisions"}],"predecessor-version":[{"id":51593,"href":"https:\/\/fuentesfidedignas.com.mx\/index.php\/wp-json\/wp\/v2\/posts\/51592\/revisions\/51593"}],"wp:featuredmedia":[{"embeddable":true,"href":"https:\/\/fuentesfidedignas.com.mx\/index.php\/wp-json\/wp\/v2\/media\/51594"}],"wp:attachment":[{"href":"https:\/\/fuentesfidedignas.com.mx\/index.php\/wp-json\/wp\/v2\/media?parent=51592"}],"wp:term":[{"taxonomy":"category","embeddable":true,"href":"https:\/\/fuentesfidedignas.com.mx\/index.php\/wp-json\/wp\/v2\/categories?post=51592"},{"taxonomy":"post_tag","embeddable":true,"href":"https:\/\/fuentesfidedignas.com.mx\/index.php\/wp-json\/wp\/v2\/tags?post=51592"}],"curies":[{"name":"wp","href":"https:\/\/api.w.org\/{rel}","templated":true}]}}