{"id":51586,"date":"2023-07-01T07:45:41","date_gmt":"2023-07-01T14:45:41","guid":{"rendered":"https:\/\/fuentesfidedignas.com.mx\/?p=51586"},"modified":"2023-07-01T11:42:45","modified_gmt":"2023-07-01T18:42:45","slug":"maria-luisa-victima-de-omisiones-y-abuso-de-poder-de-autoridades-estatales-acusa-academica","status":"publish","type":"post","link":"https:\/\/fuentesfidedignas.com.mx\/index.php\/2023\/07\/01\/maria-luisa-victima-de-omisiones-y-abuso-de-poder-de-autoridades-estatales-acusa-academica\/","title":{"rendered":"Mar\u00eda Luisa, v\u00edctima de omisiones y abuso de poder de autoridades estatales, acusa acad\u00e9mica"},"content":{"rendered":"\n<p><\/p>\n\n\n\n<p>Culiac\u00e1n, Sin. Mar\u00eda Luisa, la joven tarahumara que presuntamente se suicid\u00f3 en el penal de Angostura despu\u00e9s de haber sido recluida por el feminicidio de su hija, no es la mujer maldita que pretenden presentar las autoridades, sino m\u00e1s bien la victima de todo un sistema de discriminaci\u00f3n, racismo y abusos de poder donde participaron distintas instancias del Gobierno de Sinaloa, sostuvo Elizabeth \u00c1vila Carrancio.<\/p>\n\n\n\n<p>La acad\u00e9mica de la Universidad Aut\u00f3noma de Sinaloa y Doctora en Derecho, revel\u00f3 que como parte de la revictimizaci\u00f3n de la que ha sido objeto Mar\u00eda Luisa, su cuerpo permanece en una funeraria de la localidad para ser enviado a la fosa com\u00fan.<\/p>\n\n\n\n<p>\u201c<strong>Mar\u00eda Luisa no es el monstruo que nos quieren presentar las autoridades de este estado, no es el chivo expiatorio que quieren vender como aquel monstruo, como aquella mujer maldita que asesin\u00f3 a su hija; es una jovencita que matern\u00f3 muy chiquita, con discapacidad evidente, con problemas psiqui\u00e1tricos evidentes y que trajeron a trabajar en esto llamado la esclavitud moderna en los jornales<\/strong>\u201d, subray\u00f3.<\/p>\n\n\n\n<p>Entre quienes participaron en la cadena de omisiones, negligencias, racismo y abuso de poder contra la joven ind\u00edgena con evidentes problemas psiqui\u00e1tricos, la Doctora en Derecho por el Instituto Nacional de Ciencias Penales, mencion\u00f3 a la Fiscal General del Estado y a la Secretar\u00eda de las Mujeres.<\/p>\n\n\n\n<p>\u201c<strong>En primer lugar est\u00e1 la Polic\u00eda Municipal del pueblo donde ella estaba en el jornal; la Fiscal\u00eda con sus polic\u00edas investigadores que la retuvieron m\u00e1s de 23 d\u00edas; una traductora que era mayo yoreme, no era tarahumara y que fue muy violenta con ella; la Secretar\u00eda de las Mujeres, a la que se le pidi\u00f3 ayuda y no respondi\u00f3; la Fiscal, que estuvo dici\u00e9ndole a los medios\u00a0\u00a0y narrando como si ella fuera un monstruo y creemos que hasta el Gobernador que fue el que, en \u00faltima instancia, conoci\u00f3 del caso y probablemente dio la instrucci\u00f3n de que no se la ayudara<\/strong>\u201d, abund\u00f3.<\/p>\n\n\n\n<p>\u00c1vila Carrancio detall\u00f3 que, en estos momentos, ella y dos abogadas est\u00e1n buscando que alguien ayude a financiar el traslado del cuerpo de Mar\u00eda Luisa a su pueblo de Urique, Chihuahua, para que reciba cristiana sepultura.<\/p>\n\n\n\n<p>\u201cHablamos con el Gobierno&nbsp;&nbsp;de Chihuahua al ver la negatividad del Gobierno Estatal y la forma en que fue crucificada Mar\u00eda Luisa; nos dijeron que s\u00ed que era probable que la llevaran&nbsp;&nbsp;a Urique, que era su pueblito de origen&nbsp;&nbsp;para enterrarla, ella est\u00e1 todav\u00eda aqu\u00ed en la funeraria, lo que s\u00ed nosotros queremos es que nos permitan a una de las abogadas&nbsp;&nbsp;acompa\u00f1ar al cuerpo de Mar\u00eda Luisa , que alguien nos ayude a financiar esto para ir a ver a la familia de Mar\u00eda Luisa\u201d, destac\u00f3 la acad\u00e9mica universitaria<\/p>\n\n\n\n<p>La tambi\u00e9n presidenta de la Red X por la Igualdad Sustantiva, sostuvo que Mar\u00eda Luisa es el caso de una joven madre de origen tarahumara de 26 a\u00f1os que, todo parece indicar, vivi\u00f3 en una situaci\u00f3n de esclavitud, en una casa sin techo, sin paredes y sin puertas junto con su hija que muri\u00f3 de neumon\u00eda en medio de un hambre absoluta.<\/p>\n","protected":false},"excerpt":{"rendered":"<p>Culiac\u00e1n, Sin. Mar\u00eda Luisa, la joven tarahumara que presuntamente se suicid\u00f3 en el penal de Angostura despu\u00e9s de haber sido recluida por el feminicidio de su hija, no es la mujer maldita que pretenden presentar las autoridades, sino m\u00e1s bien la victima de todo un sistema de discriminaci\u00f3n, racismo y abusos de poder donde participaron [&hellip;]<\/p>\n","protected":false},"author":4,"featured_media":51588,"comment_status":"open","ping_status":"open","sticky":false,"template":"","format":"standard","meta":{"tdm_status":"","tdm_grid_status":"","footnotes":""},"categories":[38,1],"tags":[],"class_list":{"0":"post-51586","1":"post","2":"type-post","3":"status-publish","4":"format-standard","5":"has-post-thumbnail","7":"category-noticias-locales","8":"category-sin-categoria"},"yoast_head":"<!-- This site is optimized with the Yoast SEO plugin v27.4 - https:\/\/yoast.com\/product\/yoast-seo-wordpress\/ -->\n<title>Mar\u00eda Luisa, v\u00edctima de omisiones y abuso de poder de autoridades estatales, acusa acad\u00e9mica - Fuentes Fidedignas<\/title>\n<meta name=\"robots\" content=\"index, follow, max-snippet:-1, max-image-preview:large, max-video-preview:-1\" \/>\n<link rel=\"canonical\" href=\"https:\/\/fuentesfidedignas.com.mx\/index.php\/2023\/07\/01\/maria-luisa-victima-de-omisiones-y-abuso-de-poder-de-autoridades-estatales-acusa-academica\/\" \/>\n<meta property=\"og:locale\" content=\"es_MX\" \/>\n<meta property=\"og:type\" content=\"article\" \/>\n<meta property=\"og:title\" content=\"Mar\u00eda Luisa, v\u00edctima de omisiones y abuso de poder de autoridades estatales, acusa acad\u00e9mica - Fuentes Fidedignas\" \/>\n<meta property=\"og:description\" content=\"Culiac\u00e1n, Sin. Mar\u00eda Luisa, la joven tarahumara que presuntamente se suicid\u00f3 en el penal de Angostura despu\u00e9s de haber sido recluida por el feminicidio de su hija, no es la mujer maldita que pretenden presentar las autoridades, sino m\u00e1s bien la victima de todo un sistema de discriminaci\u00f3n, racismo y abusos de poder donde participaron [&hellip;]\" \/>\n<meta property=\"og:url\" content=\"https:\/\/fuentesfidedignas.com.mx\/index.php\/2023\/07\/01\/maria-luisa-victima-de-omisiones-y-abuso-de-poder-de-autoridades-estatales-acusa-academica\/\" \/>\n<meta property=\"og:site_name\" content=\"Fuentes Fidedignas\" \/>\n<meta property=\"article:publisher\" content=\"https:\/\/www.facebook.com\/Fuentes-Fidedignas-368234489921644\" \/>\n<meta property=\"article:published_time\" content=\"2023-07-01T14:45:41+00:00\" \/>\n<meta property=\"article:modified_time\" content=\"2023-07-01T18:42:45+00:00\" \/>\n<meta property=\"og:image\" content=\"https:\/\/fuentesfidedignas.com.mx\/wp-content\/uploads\/2023\/07\/FOTO-ELIZABETH-AVILA.jpeg\" \/>\n\t<meta property=\"og:image:width\" content=\"660\" \/>\n\t<meta property=\"og:image:height\" content=\"423\" \/>\n\t<meta property=\"og:image:type\" content=\"image\/jpeg\" \/>\n<meta name=\"author\" content=\"Redacci\u00f3n\" \/>\n<meta name=\"twitter:card\" content=\"summary_large_image\" \/>\n<meta name=\"twitter:creator\" content=\"@fidedignas\" \/>\n<meta name=\"twitter:site\" content=\"@fidedignas\" \/>\n<meta name=\"twitter:label1\" content=\"Escrito por\" \/>\n\t<meta name=\"twitter:data1\" content=\"Redacci\u00f3n\" \/>\n\t<meta name=\"twitter:label2\" content=\"Tiempo de lectura\" \/>\n\t<meta name=\"twitter:data2\" content=\"3 minutos\" \/>\n<script type=\"application\/ld+json\" class=\"yoast-schema-graph\">{\"@context\":\"https:\\\/\\\/schema.org\",\"@graph\":[{\"@type\":\"Article\",\"@id\":\"https:\\\/\\\/fuentesfidedignas.com.mx\\\/index.php\\\/2023\\\/07\\\/01\\\/maria-luisa-victima-de-omisiones-y-abuso-de-poder-de-autoridades-estatales-acusa-academica\\\/#article\",\"isPartOf\":{\"@id\":\"https:\\\/\\\/fuentesfidedignas.com.mx\\\/index.php\\\/2023\\\/07\\\/01\\\/maria-luisa-victima-de-omisiones-y-abuso-de-poder-de-autoridades-estatales-acusa-academica\\\/\"},\"author\":{\"name\":\"Redacci\u00f3n\",\"@id\":\"https:\\\/\\\/fuentesfidedignas.com.mx\\\/#\\\/schema\\\/person\\\/331be9283d37198e2acd5750279085b0\"},\"headline\":\"Mar\u00eda Luisa, v\u00edctima de omisiones y abuso de poder de autoridades estatales, acusa acad\u00e9mica\",\"datePublished\":\"2023-07-01T14:45:41+00:00\",\"dateModified\":\"2023-07-01T18:42:45+00:00\",\"mainEntityOfPage\":{\"@id\":\"https:\\\/\\\/fuentesfidedignas.com.mx\\\/index.php\\\/2023\\\/07\\\/01\\\/maria-luisa-victima-de-omisiones-y-abuso-de-poder-de-autoridades-estatales-acusa-academica\\\/\"},\"wordCount\":569,\"commentCount\":0,\"publisher\":{\"@id\":\"https:\\\/\\\/fuentesfidedignas.com.mx\\\/#organization\"},\"image\":{\"@id\":\"https:\\\/\\\/fuentesfidedignas.com.mx\\\/index.php\\\/2023\\\/07\\\/01\\\/maria-luisa-victima-de-omisiones-y-abuso-de-poder-de-autoridades-estatales-acusa-academica\\\/#primaryimage\"},\"thumbnailUrl\":\"https:\\\/\\\/fuentesfidedignas.com.mx\\\/wp-content\\\/uploads\\\/2023\\\/07\\\/FOTO-ELIZABETH-AVILA.jpeg\",\"articleSection\":[\"NOTICIAS LOCALES\"],\"inLanguage\":\"es\",\"potentialAction\":[{\"@type\":\"CommentAction\",\"name\":\"Comment\",\"target\":[\"https:\\\/\\\/fuentesfidedignas.com.mx\\\/index.php\\\/2023\\\/07\\\/01\\\/maria-luisa-victima-de-omisiones-y-abuso-de-poder-de-autoridades-estatales-acusa-academica\\\/#respond\"]}]},{\"@type\":\"WebPage\",\"@id\":\"https:\\\/\\\/fuentesfidedignas.com.mx\\\/index.php\\\/2023\\\/07\\\/01\\\/maria-luisa-victima-de-omisiones-y-abuso-de-poder-de-autoridades-estatales-acusa-academica\\\/\",\"url\":\"https:\\\/\\\/fuentesfidedignas.com.mx\\\/index.php\\\/2023\\\/07\\\/01\\\/maria-luisa-victima-de-omisiones-y-abuso-de-poder-de-autoridades-estatales-acusa-academica\\\/\",\"name\":\"Mar\u00eda Luisa, v\u00edctima de omisiones y abuso de poder de autoridades estatales, acusa acad\u00e9mica - Fuentes Fidedignas\",\"isPartOf\":{\"@id\":\"https:\\\/\\\/fuentesfidedignas.com.mx\\\/#website\"},\"primaryImageOfPage\":{\"@id\":\"https:\\\/\\\/fuentesfidedignas.com.mx\\\/index.php\\\/2023\\\/07\\\/01\\\/maria-luisa-victima-de-omisiones-y-abuso-de-poder-de-autoridades-estatales-acusa-academica\\\/#primaryimage\"},\"image\":{\"@id\":\"https:\\\/\\\/fuentesfidedignas.com.mx\\\/index.php\\\/2023\\\/07\\\/01\\\/maria-luisa-victima-de-omisiones-y-abuso-de-poder-de-autoridades-estatales-acusa-academica\\\/#primaryimage\"},\"thumbnailUrl\":\"https:\\\/\\\/fuentesfidedignas.com.mx\\\/wp-content\\\/uploads\\\/2023\\\/07\\\/FOTO-ELIZABETH-AVILA.jpeg\",\"datePublished\":\"2023-07-01T14:45:41+00:00\",\"dateModified\":\"2023-07-01T18:42:45+00:00\",\"breadcrumb\":{\"@id\":\"https:\\\/\\\/fuentesfidedignas.com.mx\\\/index.php\\\/2023\\\/07\\\/01\\\/maria-luisa-victima-de-omisiones-y-abuso-de-poder-de-autoridades-estatales-acusa-academica\\\/#breadcrumb\"},\"inLanguage\":\"es\",\"potentialAction\":[{\"@type\":\"ReadAction\",\"target\":[\"https:\\\/\\\/fuentesfidedignas.com.mx\\\/index.php\\\/2023\\\/07\\\/01\\\/maria-luisa-victima-de-omisiones-y-abuso-de-poder-de-autoridades-estatales-acusa-academica\\\/\"]}]},{\"@type\":\"ImageObject\",\"inLanguage\":\"es\",\"@id\":\"https:\\\/\\\/fuentesfidedignas.com.mx\\\/index.php\\\/2023\\\/07\\\/01\\\/maria-luisa-victima-de-omisiones-y-abuso-de-poder-de-autoridades-estatales-acusa-academica\\\/#primaryimage\",\"url\":\"https:\\\/\\\/fuentesfidedignas.com.mx\\\/wp-content\\\/uploads\\\/2023\\\/07\\\/FOTO-ELIZABETH-AVILA.jpeg\",\"contentUrl\":\"https:\\\/\\\/fuentesfidedignas.com.mx\\\/wp-content\\\/uploads\\\/2023\\\/07\\\/FOTO-ELIZABETH-AVILA.jpeg\",\"width\":660,\"height\":423},{\"@type\":\"BreadcrumbList\",\"@id\":\"https:\\\/\\\/fuentesfidedignas.com.mx\\\/index.php\\\/2023\\\/07\\\/01\\\/maria-luisa-victima-de-omisiones-y-abuso-de-poder-de-autoridades-estatales-acusa-academica\\\/#breadcrumb\",\"itemListElement\":[{\"@type\":\"ListItem\",\"position\":1,\"name\":\"Inicio\",\"item\":\"https:\\\/\\\/fuentesfidedignas.com.mx\\\/\"},{\"@type\":\"ListItem\",\"position\":2,\"name\":\"Mar\u00eda Luisa, v\u00edctima de omisiones y abuso de poder de autoridades estatales, acusa acad\u00e9mica\"}]},{\"@type\":\"WebSite\",\"@id\":\"https:\\\/\\\/fuentesfidedignas.com.mx\\\/#website\",\"url\":\"https:\\\/\\\/fuentesfidedignas.com.mx\\\/\",\"name\":\"Fuentes Fidedignas\",\"description\":\"Otro sitio realizado con WordPress\",\"publisher\":{\"@id\":\"https:\\\/\\\/fuentesfidedignas.com.mx\\\/#organization\"},\"potentialAction\":[{\"@type\":\"SearchAction\",\"target\":{\"@type\":\"EntryPoint\",\"urlTemplate\":\"https:\\\/\\\/fuentesfidedignas.com.mx\\\/?s={search_term_string}\"},\"query-input\":{\"@type\":\"PropertyValueSpecification\",\"valueRequired\":true,\"valueName\":\"search_term_string\"}}],\"inLanguage\":\"es\"},{\"@type\":\"Organization\",\"@id\":\"https:\\\/\\\/fuentesfidedignas.com.mx\\\/#organization\",\"name\":\"Fuentes Fidedignas\",\"url\":\"https:\\\/\\\/fuentesfidedignas.com.mx\\\/\",\"logo\":{\"@type\":\"ImageObject\",\"inLanguage\":\"es\",\"@id\":\"https:\\\/\\\/fuentesfidedignas.com.mx\\\/#\\\/schema\\\/logo\\\/image\\\/\",\"url\":\"https:\\\/\\\/fuentesfidedignas.com.mx\\\/wp-content\\\/uploads\\\/2021\\\/04\\\/logo-retina.png\",\"contentUrl\":\"https:\\\/\\\/fuentesfidedignas.com.mx\\\/wp-content\\\/uploads\\\/2021\\\/04\\\/logo-retina.png\",\"width\":280,\"height\":51,\"caption\":\"Fuentes Fidedignas\"},\"image\":{\"@id\":\"https:\\\/\\\/fuentesfidedignas.com.mx\\\/#\\\/schema\\\/logo\\\/image\\\/\"},\"sameAs\":[\"https:\\\/\\\/www.facebook.com\\\/Fuentes-Fidedignas-368234489921644\",\"https:\\\/\\\/x.com\\\/fidedignas\"]},{\"@type\":\"Person\",\"@id\":\"https:\\\/\\\/fuentesfidedignas.com.mx\\\/#\\\/schema\\\/person\\\/331be9283d37198e2acd5750279085b0\",\"name\":\"Redacci\u00f3n\",\"image\":{\"@type\":\"ImageObject\",\"inLanguage\":\"es\",\"@id\":\"https:\\\/\\\/secure.gravatar.com\\\/avatar\\\/f6d8782c11d12b2d4ad3fbb6931aeab5309937a4d6cd2fc9cfaa28a6396a5aec?s=96&d=mm&r=g\",\"url\":\"https:\\\/\\\/secure.gravatar.com\\\/avatar\\\/f6d8782c11d12b2d4ad3fbb6931aeab5309937a4d6cd2fc9cfaa28a6396a5aec?s=96&d=mm&r=g\",\"contentUrl\":\"https:\\\/\\\/secure.gravatar.com\\\/avatar\\\/f6d8782c11d12b2d4ad3fbb6931aeab5309937a4d6cd2fc9cfaa28a6396a5aec?s=96&d=mm&r=g\",\"caption\":\"Redacci\u00f3n\"},\"url\":\"https:\\\/\\\/fuentesfidedignas.com.mx\\\/index.php\\\/author\\\/redaccion\\\/\"}]}<\/script>\n<!-- \/ Yoast SEO plugin. -->","yoast_head_json":{"title":"Mar\u00eda Luisa, v\u00edctima de omisiones y abuso de poder de autoridades estatales, acusa acad\u00e9mica - Fuentes Fidedignas","robots":{"index":"index","follow":"follow","max-snippet":"max-snippet:-1","max-image-preview":"max-image-preview:large","max-video-preview":"max-video-preview:-1"},"canonical":"https:\/\/fuentesfidedignas.com.mx\/index.php\/2023\/07\/01\/maria-luisa-victima-de-omisiones-y-abuso-de-poder-de-autoridades-estatales-acusa-academica\/","og_locale":"es_MX","og_type":"article","og_title":"Mar\u00eda Luisa, v\u00edctima de omisiones y abuso de poder de autoridades estatales, acusa acad\u00e9mica - Fuentes Fidedignas","og_description":"Culiac\u00e1n, Sin. Mar\u00eda Luisa, la joven tarahumara que presuntamente se suicid\u00f3 en el penal de Angostura despu\u00e9s de haber sido recluida por el feminicidio de su hija, no es la mujer maldita que pretenden presentar las autoridades, sino m\u00e1s bien la victima de todo un sistema de discriminaci\u00f3n, racismo y abusos de poder donde participaron [&hellip;]","og_url":"https:\/\/fuentesfidedignas.com.mx\/index.php\/2023\/07\/01\/maria-luisa-victima-de-omisiones-y-abuso-de-poder-de-autoridades-estatales-acusa-academica\/","og_site_name":"Fuentes Fidedignas","article_publisher":"https:\/\/www.facebook.com\/Fuentes-Fidedignas-368234489921644","article_published_time":"2023-07-01T14:45:41+00:00","article_modified_time":"2023-07-01T18:42:45+00:00","og_image":[{"width":660,"height":423,"url":"https:\/\/fuentesfidedignas.com.mx\/wp-content\/uploads\/2023\/07\/FOTO-ELIZABETH-AVILA.jpeg","type":"image\/jpeg"}],"author":"Redacci\u00f3n","twitter_card":"summary_large_image","twitter_creator":"@fidedignas","twitter_site":"@fidedignas","twitter_misc":{"Escrito por":"Redacci\u00f3n","Tiempo de lectura":"3 minutos"},"schema":{"@context":"https:\/\/schema.org","@graph":[{"@type":"Article","@id":"https:\/\/fuentesfidedignas.com.mx\/index.php\/2023\/07\/01\/maria-luisa-victima-de-omisiones-y-abuso-de-poder-de-autoridades-estatales-acusa-academica\/#article","isPartOf":{"@id":"https:\/\/fuentesfidedignas.com.mx\/index.php\/2023\/07\/01\/maria-luisa-victima-de-omisiones-y-abuso-de-poder-de-autoridades-estatales-acusa-academica\/"},"author":{"name":"Redacci\u00f3n","@id":"https:\/\/fuentesfidedignas.com.mx\/#\/schema\/person\/331be9283d37198e2acd5750279085b0"},"headline":"Mar\u00eda Luisa, v\u00edctima de omisiones y abuso de poder de autoridades estatales, acusa acad\u00e9mica","datePublished":"2023-07-01T14:45:41+00:00","dateModified":"2023-07-01T18:42:45+00:00","mainEntityOfPage":{"@id":"https:\/\/fuentesfidedignas.com.mx\/index.php\/2023\/07\/01\/maria-luisa-victima-de-omisiones-y-abuso-de-poder-de-autoridades-estatales-acusa-academica\/"},"wordCount":569,"commentCount":0,"publisher":{"@id":"https:\/\/fuentesfidedignas.com.mx\/#organization"},"image":{"@id":"https:\/\/fuentesfidedignas.com.mx\/index.php\/2023\/07\/01\/maria-luisa-victima-de-omisiones-y-abuso-de-poder-de-autoridades-estatales-acusa-academica\/#primaryimage"},"thumbnailUrl":"https:\/\/fuentesfidedignas.com.mx\/wp-content\/uploads\/2023\/07\/FOTO-ELIZABETH-AVILA.jpeg","articleSection":["NOTICIAS LOCALES"],"inLanguage":"es","potentialAction":[{"@type":"CommentAction","name":"Comment","target":["https:\/\/fuentesfidedignas.com.mx\/index.php\/2023\/07\/01\/maria-luisa-victima-de-omisiones-y-abuso-de-poder-de-autoridades-estatales-acusa-academica\/#respond"]}]},{"@type":"WebPage","@id":"https:\/\/fuentesfidedignas.com.mx\/index.php\/2023\/07\/01\/maria-luisa-victima-de-omisiones-y-abuso-de-poder-de-autoridades-estatales-acusa-academica\/","url":"https:\/\/fuentesfidedignas.com.mx\/index.php\/2023\/07\/01\/maria-luisa-victima-de-omisiones-y-abuso-de-poder-de-autoridades-estatales-acusa-academica\/","name":"Mar\u00eda Luisa, v\u00edctima de omisiones y abuso de poder de autoridades estatales, acusa acad\u00e9mica - Fuentes Fidedignas","isPartOf":{"@id":"https:\/\/fuentesfidedignas.com.mx\/#website"},"primaryImageOfPage":{"@id":"https:\/\/fuentesfidedignas.com.mx\/index.php\/2023\/07\/01\/maria-luisa-victima-de-omisiones-y-abuso-de-poder-de-autoridades-estatales-acusa-academica\/#primaryimage"},"image":{"@id":"https:\/\/fuentesfidedignas.com.mx\/index.php\/2023\/07\/01\/maria-luisa-victima-de-omisiones-y-abuso-de-poder-de-autoridades-estatales-acusa-academica\/#primaryimage"},"thumbnailUrl":"https:\/\/fuentesfidedignas.com.mx\/wp-content\/uploads\/2023\/07\/FOTO-ELIZABETH-AVILA.jpeg","datePublished":"2023-07-01T14:45:41+00:00","dateModified":"2023-07-01T18:42:45+00:00","breadcrumb":{"@id":"https:\/\/fuentesfidedignas.com.mx\/index.php\/2023\/07\/01\/maria-luisa-victima-de-omisiones-y-abuso-de-poder-de-autoridades-estatales-acusa-academica\/#breadcrumb"},"inLanguage":"es","potentialAction":[{"@type":"ReadAction","target":["https:\/\/fuentesfidedignas.com.mx\/index.php\/2023\/07\/01\/maria-luisa-victima-de-omisiones-y-abuso-de-poder-de-autoridades-estatales-acusa-academica\/"]}]},{"@type":"ImageObject","inLanguage":"es","@id":"https:\/\/fuentesfidedignas.com.mx\/index.php\/2023\/07\/01\/maria-luisa-victima-de-omisiones-y-abuso-de-poder-de-autoridades-estatales-acusa-academica\/#primaryimage","url":"https:\/\/fuentesfidedignas.com.mx\/wp-content\/uploads\/2023\/07\/FOTO-ELIZABETH-AVILA.jpeg","contentUrl":"https:\/\/fuentesfidedignas.com.mx\/wp-content\/uploads\/2023\/07\/FOTO-ELIZABETH-AVILA.jpeg","width":660,"height":423},{"@type":"BreadcrumbList","@id":"https:\/\/fuentesfidedignas.com.mx\/index.php\/2023\/07\/01\/maria-luisa-victima-de-omisiones-y-abuso-de-poder-de-autoridades-estatales-acusa-academica\/#breadcrumb","itemListElement":[{"@type":"ListItem","position":1,"name":"Inicio","item":"https:\/\/fuentesfidedignas.com.mx\/"},{"@type":"ListItem","position":2,"name":"Mar\u00eda Luisa, v\u00edctima de omisiones y abuso de poder de autoridades estatales, acusa acad\u00e9mica"}]},{"@type":"WebSite","@id":"https:\/\/fuentesfidedignas.com.mx\/#website","url":"https:\/\/fuentesfidedignas.com.mx\/","name":"Fuentes Fidedignas","description":"Otro sitio realizado con WordPress","publisher":{"@id":"https:\/\/fuentesfidedignas.com.mx\/#organization"},"potentialAction":[{"@type":"SearchAction","target":{"@type":"EntryPoint","urlTemplate":"https:\/\/fuentesfidedignas.com.mx\/?s={search_term_string}"},"query-input":{"@type":"PropertyValueSpecification","valueRequired":true,"valueName":"search_term_string"}}],"inLanguage":"es"},{"@type":"Organization","@id":"https:\/\/fuentesfidedignas.com.mx\/#organization","name":"Fuentes Fidedignas","url":"https:\/\/fuentesfidedignas.com.mx\/","logo":{"@type":"ImageObject","inLanguage":"es","@id":"https:\/\/fuentesfidedignas.com.mx\/#\/schema\/logo\/image\/","url":"https:\/\/fuentesfidedignas.com.mx\/wp-content\/uploads\/2021\/04\/logo-retina.png","contentUrl":"https:\/\/fuentesfidedignas.com.mx\/wp-content\/uploads\/2021\/04\/logo-retina.png","width":280,"height":51,"caption":"Fuentes Fidedignas"},"image":{"@id":"https:\/\/fuentesfidedignas.com.mx\/#\/schema\/logo\/image\/"},"sameAs":["https:\/\/www.facebook.com\/Fuentes-Fidedignas-368234489921644","https:\/\/x.com\/fidedignas"]},{"@type":"Person","@id":"https:\/\/fuentesfidedignas.com.mx\/#\/schema\/person\/331be9283d37198e2acd5750279085b0","name":"Redacci\u00f3n","image":{"@type":"ImageObject","inLanguage":"es","@id":"https:\/\/secure.gravatar.com\/avatar\/f6d8782c11d12b2d4ad3fbb6931aeab5309937a4d6cd2fc9cfaa28a6396a5aec?s=96&d=mm&r=g","url":"https:\/\/secure.gravatar.com\/avatar\/f6d8782c11d12b2d4ad3fbb6931aeab5309937a4d6cd2fc9cfaa28a6396a5aec?s=96&d=mm&r=g","contentUrl":"https:\/\/secure.gravatar.com\/avatar\/f6d8782c11d12b2d4ad3fbb6931aeab5309937a4d6cd2fc9cfaa28a6396a5aec?s=96&d=mm&r=g","caption":"Redacci\u00f3n"},"url":"https:\/\/fuentesfidedignas.com.mx\/index.php\/author\/redaccion\/"}]}},"_links":{"self":[{"href":"https:\/\/fuentesfidedignas.com.mx\/index.php\/wp-json\/wp\/v2\/posts\/51586","targetHints":{"allow":["GET"]}}],"collection":[{"href":"https:\/\/fuentesfidedignas.com.mx\/index.php\/wp-json\/wp\/v2\/posts"}],"about":[{"href":"https:\/\/fuentesfidedignas.com.mx\/index.php\/wp-json\/wp\/v2\/types\/post"}],"author":[{"embeddable":true,"href":"https:\/\/fuentesfidedignas.com.mx\/index.php\/wp-json\/wp\/v2\/users\/4"}],"replies":[{"embeddable":true,"href":"https:\/\/fuentesfidedignas.com.mx\/index.php\/wp-json\/wp\/v2\/comments?post=51586"}],"version-history":[{"count":1,"href":"https:\/\/fuentesfidedignas.com.mx\/index.php\/wp-json\/wp\/v2\/posts\/51586\/revisions"}],"predecessor-version":[{"id":51587,"href":"https:\/\/fuentesfidedignas.com.mx\/index.php\/wp-json\/wp\/v2\/posts\/51586\/revisions\/51587"}],"wp:featuredmedia":[{"embeddable":true,"href":"https:\/\/fuentesfidedignas.com.mx\/index.php\/wp-json\/wp\/v2\/media\/51588"}],"wp:attachment":[{"href":"https:\/\/fuentesfidedignas.com.mx\/index.php\/wp-json\/wp\/v2\/media?parent=51586"}],"wp:term":[{"taxonomy":"category","embeddable":true,"href":"https:\/\/fuentesfidedignas.com.mx\/index.php\/wp-json\/wp\/v2\/categories?post=51586"},{"taxonomy":"post_tag","embeddable":true,"href":"https:\/\/fuentesfidedignas.com.mx\/index.php\/wp-json\/wp\/v2\/tags?post=51586"}],"curies":[{"name":"wp","href":"https:\/\/api.w.org\/{rel}","templated":true}]}}