{"id":51583,"date":"2023-06-30T19:12:02","date_gmt":"2023-07-01T02:12:02","guid":{"rendered":"https:\/\/fuentesfidedignas.com.mx\/?p=51583"},"modified":"2023-07-01T07:46:28","modified_gmt":"2023-07-01T14:46:28","slug":"ceaip-lleva-jornadas-de-acompanamiento-a-sinaloa-y-san-ignacio","status":"publish","type":"post","link":"https:\/\/fuentesfidedignas.com.mx\/index.php\/2023\/06\/30\/ceaip-lleva-jornadas-de-acompanamiento-a-sinaloa-y-san-ignacio\/","title":{"rendered":"Ceaip lleva Jornadas de Acompa\u00f1amiento a Sinaloa y San Ignacio"},"content":{"rendered":"\n<p><\/p>\n\n\n\n<p><em>Culiac\u00e1n, Sin.<\/em> La Comisi\u00f3n Estatal para el Acceso a la Informaci\u00f3n P\u00fablica de Sinaloa (CEAIP) llev\u00f3 las Jornadas de Acompa\u00f1amiento en Transparencia a los \u00faltimos Ayuntamientos que faltaban por ser visitados en la zona norte y sur del estado, los de Sinaloa y San Ignacio, ciclo en el que la y los Comisionados integrantes del Pleno, se han encargado de llevar a cada uno de los municipios de Sinaloa la labor de capacitaci\u00f3n y orientaci\u00f3n.<\/p>\n\n\n\n<p>La Comisionada Liliana Margarita Campuzano, encargada de coordinar los trabajos en la regi\u00f3n norte, acudi\u00f3 al Ayuntamiento de Sinaloa, mientras que el Comisionado Jos\u00e9 Alfredo Beltr\u00e1n Estrada, hizo lo propio en San Ignacio.<\/p>\n\n\n\n<p>En Sinaloa, la Comisionada brind\u00f3 capacitaci\u00f3n sobre el derecho de acceso a la informaci\u00f3n p\u00fablica, atenci\u00f3n de solicitudes de informaci\u00f3n, recursos de revisi\u00f3n y obligaciones de transparencia de sus sujetos obligados, entre ellos el Ayuntamiento, la Junta Municipal de Agua Potable y Alcantarillado, el DIF Municipal y sindicatos.<\/p>\n\n\n\n<p>Margarita Campuzano resalt\u00f3, sobre las obligaciones de transparencia, que en la \u00faltima verificaci\u00f3n al municipio realizada en el 2020, el Ayuntamiento obtuvo un resultado sobresaliente, haciendo un exhorto a revisar, corregir y mejorar los contenidos publicados en la Plataforma Nacional de Transparencia, de cara a la verificaci\u00f3n que se realizar\u00e1 en pr\u00f3ximas fechas.<\/p>\n\n\n\n<p>La Comisionada mencion\u00f3 que los recursos de revisi\u00f3n son resueltos por el Pleno conforme a derecho, se analizan y valoran los motivos de inconformidad, contra la respuesta del sujeto obligado, siendo la mayor\u00eda a favor de los solicitantes.<\/p>\n\n\n\n<p>Estuvo presente el Presidente Municipal, el Doctor Rolando Mercado Araujo, quien subray\u00f3 la importancia de las capacitaciones en estos temas y dijo que son clave para mejorar el servicio p\u00fablico.<\/p>\n\n\n\n<p>Dijo que su administraci\u00f3n, y quienes la conforman, est\u00e1n dispuestos a dar el mayor esfuerzo para avanzar en los temas de transparencia.<\/p>\n\n\n\n<p>Del Ayuntamiento de Sinaloa participaron en la capacitaci\u00f3n 15 funcionarias y funcionarios municipales.<\/p>\n\n\n\n<p>Mientras, en San Ignacio el Comisionado Jos\u00e9 Alfredo Beltr\u00e1n Estrada ofreci\u00f3 trabajar en equipo con el Presidente Municipal Octavio Bastidas Manjarrez para que, as\u00ed como este municipio logr\u00f3 el reconocimiento de Pueblo M\u00e1gico, tambi\u00e9n obtenga el distintivo como uno de los municipios m\u00e1s transparentes en Sinaloa.<\/p>\n\n\n\n<p>\u201c<strong>Que San Ignacio salga de los focos rojos en materia de transparencia, \u00bfy c\u00f3mo lo vamos a hacer?, trabajando en equipo<\/strong>\u201d, destac\u00f3 Beltr\u00e1n Estrada.<\/p>\n\n\n\n<p>Tambi\u00e9n estuvo presente el Presidente Municipal Octavio Bastidas Manjarrez, quien refiri\u00f3 que estos talleres son relevantes porque fomentan el desarrollo y mejora de la administraci\u00f3n p\u00fablica.<\/p>\n\n\n\n<p>Manifest\u00f3 su contento por haber obtenido la distinci\u00f3n de Pueblo M\u00e1gico, y resalt\u00f3 que esto, y los proyectos futuros que tienen para el municipio, son igual de relevantes que trabajar en la mejora de la transparencia.<\/p>\n\n\n\n<p>Del Ayuntamiento de San Ignacio estuvieron presentes en la capacitaci\u00f3n 16 servidoras y servidores p\u00fablicos.<\/p>\n","protected":false},"excerpt":{"rendered":"<p>Culiac\u00e1n, Sin. La Comisi\u00f3n Estatal para el Acceso a la Informaci\u00f3n P\u00fablica de Sinaloa (CEAIP) llev\u00f3 las Jornadas de Acompa\u00f1amiento en Transparencia a los \u00faltimos Ayuntamientos que faltaban por ser visitados en la zona norte y sur del estado, los de Sinaloa y San Ignacio, ciclo en el que la y los Comisionados integrantes del [&hellip;]<\/p>\n","protected":false},"author":4,"featured_media":51585,"comment_status":"open","ping_status":"open","sticky":false,"template":"","format":"standard","meta":{"tdm_status":"","tdm_grid_status":"","footnotes":""},"categories":[38,1],"tags":[],"class_list":{"0":"post-51583","1":"post","2":"type-post","3":"status-publish","4":"format-standard","5":"has-post-thumbnail","7":"category-noticias-locales","8":"category-sin-categoria"},"yoast_head":"<!-- This site is optimized with the Yoast SEO plugin v27.4 - https:\/\/yoast.com\/product\/yoast-seo-wordpress\/ -->\n<title>Ceaip lleva Jornadas de Acompa\u00f1amiento a Sinaloa y San Ignacio - Fuentes Fidedignas<\/title>\n<meta name=\"robots\" content=\"index, follow, max-snippet:-1, max-image-preview:large, max-video-preview:-1\" \/>\n<link rel=\"canonical\" href=\"https:\/\/fuentesfidedignas.com.mx\/index.php\/2023\/06\/30\/ceaip-lleva-jornadas-de-acompanamiento-a-sinaloa-y-san-ignacio\/\" \/>\n<meta property=\"og:locale\" content=\"es_MX\" \/>\n<meta property=\"og:type\" content=\"article\" \/>\n<meta property=\"og:title\" content=\"Ceaip lleva Jornadas de Acompa\u00f1amiento a Sinaloa y San Ignacio - Fuentes Fidedignas\" \/>\n<meta property=\"og:description\" content=\"Culiac\u00e1n, Sin. La Comisi\u00f3n Estatal para el Acceso a la Informaci\u00f3n P\u00fablica de Sinaloa (CEAIP) llev\u00f3 las Jornadas de Acompa\u00f1amiento en Transparencia a los \u00faltimos Ayuntamientos que faltaban por ser visitados en la zona norte y sur del estado, los de Sinaloa y San Ignacio, ciclo en el que la y los Comisionados integrantes del [&hellip;]\" \/>\n<meta property=\"og:url\" content=\"https:\/\/fuentesfidedignas.com.mx\/index.php\/2023\/06\/30\/ceaip-lleva-jornadas-de-acompanamiento-a-sinaloa-y-san-ignacio\/\" \/>\n<meta property=\"og:site_name\" content=\"Fuentes Fidedignas\" \/>\n<meta property=\"article:publisher\" content=\"https:\/\/www.facebook.com\/Fuentes-Fidedignas-368234489921644\" \/>\n<meta property=\"article:published_time\" content=\"2023-07-01T02:12:02+00:00\" \/>\n<meta property=\"article:modified_time\" content=\"2023-07-01T14:46:28+00:00\" \/>\n<meta property=\"og:image\" content=\"https:\/\/fuentesfidedignas.com.mx\/wp-content\/uploads\/2023\/06\/IMG-20230630-WA0053.jpg\" \/>\n\t<meta property=\"og:image:width\" content=\"981\" \/>\n\t<meta property=\"og:image:height\" content=\"758\" \/>\n\t<meta property=\"og:image:type\" content=\"image\/jpeg\" \/>\n<meta name=\"author\" content=\"Redacci\u00f3n\" \/>\n<meta name=\"twitter:card\" content=\"summary_large_image\" \/>\n<meta name=\"twitter:creator\" content=\"@fidedignas\" \/>\n<meta name=\"twitter:site\" content=\"@fidedignas\" \/>\n<meta name=\"twitter:label1\" content=\"Escrito por\" \/>\n\t<meta name=\"twitter:data1\" content=\"Redacci\u00f3n\" \/>\n\t<meta name=\"twitter:label2\" content=\"Tiempo de lectura\" \/>\n\t<meta name=\"twitter:data2\" content=\"3 minutos\" \/>\n<script type=\"application\/ld+json\" class=\"yoast-schema-graph\">{\"@context\":\"https:\\\/\\\/schema.org\",\"@graph\":[{\"@type\":\"Article\",\"@id\":\"https:\\\/\\\/fuentesfidedignas.com.mx\\\/index.php\\\/2023\\\/06\\\/30\\\/ceaip-lleva-jornadas-de-acompanamiento-a-sinaloa-y-san-ignacio\\\/#article\",\"isPartOf\":{\"@id\":\"https:\\\/\\\/fuentesfidedignas.com.mx\\\/index.php\\\/2023\\\/06\\\/30\\\/ceaip-lleva-jornadas-de-acompanamiento-a-sinaloa-y-san-ignacio\\\/\"},\"author\":{\"name\":\"Redacci\u00f3n\",\"@id\":\"https:\\\/\\\/fuentesfidedignas.com.mx\\\/#\\\/schema\\\/person\\\/331be9283d37198e2acd5750279085b0\"},\"headline\":\"Ceaip lleva Jornadas de Acompa\u00f1amiento a Sinaloa y San Ignacio\",\"datePublished\":\"2023-07-01T02:12:02+00:00\",\"dateModified\":\"2023-07-01T14:46:28+00:00\",\"mainEntityOfPage\":{\"@id\":\"https:\\\/\\\/fuentesfidedignas.com.mx\\\/index.php\\\/2023\\\/06\\\/30\\\/ceaip-lleva-jornadas-de-acompanamiento-a-sinaloa-y-san-ignacio\\\/\"},\"wordCount\":504,\"commentCount\":0,\"publisher\":{\"@id\":\"https:\\\/\\\/fuentesfidedignas.com.mx\\\/#organization\"},\"image\":{\"@id\":\"https:\\\/\\\/fuentesfidedignas.com.mx\\\/index.php\\\/2023\\\/06\\\/30\\\/ceaip-lleva-jornadas-de-acompanamiento-a-sinaloa-y-san-ignacio\\\/#primaryimage\"},\"thumbnailUrl\":\"https:\\\/\\\/fuentesfidedignas.com.mx\\\/wp-content\\\/uploads\\\/2023\\\/06\\\/IMG-20230630-WA0053.jpg\",\"articleSection\":[\"NOTICIAS LOCALES\"],\"inLanguage\":\"es\",\"potentialAction\":[{\"@type\":\"CommentAction\",\"name\":\"Comment\",\"target\":[\"https:\\\/\\\/fuentesfidedignas.com.mx\\\/index.php\\\/2023\\\/06\\\/30\\\/ceaip-lleva-jornadas-de-acompanamiento-a-sinaloa-y-san-ignacio\\\/#respond\"]}]},{\"@type\":\"WebPage\",\"@id\":\"https:\\\/\\\/fuentesfidedignas.com.mx\\\/index.php\\\/2023\\\/06\\\/30\\\/ceaip-lleva-jornadas-de-acompanamiento-a-sinaloa-y-san-ignacio\\\/\",\"url\":\"https:\\\/\\\/fuentesfidedignas.com.mx\\\/index.php\\\/2023\\\/06\\\/30\\\/ceaip-lleva-jornadas-de-acompanamiento-a-sinaloa-y-san-ignacio\\\/\",\"name\":\"Ceaip lleva Jornadas de Acompa\u00f1amiento a Sinaloa y San Ignacio - Fuentes Fidedignas\",\"isPartOf\":{\"@id\":\"https:\\\/\\\/fuentesfidedignas.com.mx\\\/#website\"},\"primaryImageOfPage\":{\"@id\":\"https:\\\/\\\/fuentesfidedignas.com.mx\\\/index.php\\\/2023\\\/06\\\/30\\\/ceaip-lleva-jornadas-de-acompanamiento-a-sinaloa-y-san-ignacio\\\/#primaryimage\"},\"image\":{\"@id\":\"https:\\\/\\\/fuentesfidedignas.com.mx\\\/index.php\\\/2023\\\/06\\\/30\\\/ceaip-lleva-jornadas-de-acompanamiento-a-sinaloa-y-san-ignacio\\\/#primaryimage\"},\"thumbnailUrl\":\"https:\\\/\\\/fuentesfidedignas.com.mx\\\/wp-content\\\/uploads\\\/2023\\\/06\\\/IMG-20230630-WA0053.jpg\",\"datePublished\":\"2023-07-01T02:12:02+00:00\",\"dateModified\":\"2023-07-01T14:46:28+00:00\",\"breadcrumb\":{\"@id\":\"https:\\\/\\\/fuentesfidedignas.com.mx\\\/index.php\\\/2023\\\/06\\\/30\\\/ceaip-lleva-jornadas-de-acompanamiento-a-sinaloa-y-san-ignacio\\\/#breadcrumb\"},\"inLanguage\":\"es\",\"potentialAction\":[{\"@type\":\"ReadAction\",\"target\":[\"https:\\\/\\\/fuentesfidedignas.com.mx\\\/index.php\\\/2023\\\/06\\\/30\\\/ceaip-lleva-jornadas-de-acompanamiento-a-sinaloa-y-san-ignacio\\\/\"]}]},{\"@type\":\"ImageObject\",\"inLanguage\":\"es\",\"@id\":\"https:\\\/\\\/fuentesfidedignas.com.mx\\\/index.php\\\/2023\\\/06\\\/30\\\/ceaip-lleva-jornadas-de-acompanamiento-a-sinaloa-y-san-ignacio\\\/#primaryimage\",\"url\":\"https:\\\/\\\/fuentesfidedignas.com.mx\\\/wp-content\\\/uploads\\\/2023\\\/06\\\/IMG-20230630-WA0053.jpg\",\"contentUrl\":\"https:\\\/\\\/fuentesfidedignas.com.mx\\\/wp-content\\\/uploads\\\/2023\\\/06\\\/IMG-20230630-WA0053.jpg\",\"width\":981,\"height\":758},{\"@type\":\"BreadcrumbList\",\"@id\":\"https:\\\/\\\/fuentesfidedignas.com.mx\\\/index.php\\\/2023\\\/06\\\/30\\\/ceaip-lleva-jornadas-de-acompanamiento-a-sinaloa-y-san-ignacio\\\/#breadcrumb\",\"itemListElement\":[{\"@type\":\"ListItem\",\"position\":1,\"name\":\"Inicio\",\"item\":\"https:\\\/\\\/fuentesfidedignas.com.mx\\\/\"},{\"@type\":\"ListItem\",\"position\":2,\"name\":\"Ceaip lleva Jornadas de Acompa\u00f1amiento a Sinaloa y San Ignacio\"}]},{\"@type\":\"WebSite\",\"@id\":\"https:\\\/\\\/fuentesfidedignas.com.mx\\\/#website\",\"url\":\"https:\\\/\\\/fuentesfidedignas.com.mx\\\/\",\"name\":\"Fuentes Fidedignas\",\"description\":\"Otro sitio realizado con WordPress\",\"publisher\":{\"@id\":\"https:\\\/\\\/fuentesfidedignas.com.mx\\\/#organization\"},\"potentialAction\":[{\"@type\":\"SearchAction\",\"target\":{\"@type\":\"EntryPoint\",\"urlTemplate\":\"https:\\\/\\\/fuentesfidedignas.com.mx\\\/?s={search_term_string}\"},\"query-input\":{\"@type\":\"PropertyValueSpecification\",\"valueRequired\":true,\"valueName\":\"search_term_string\"}}],\"inLanguage\":\"es\"},{\"@type\":\"Organization\",\"@id\":\"https:\\\/\\\/fuentesfidedignas.com.mx\\\/#organization\",\"name\":\"Fuentes Fidedignas\",\"url\":\"https:\\\/\\\/fuentesfidedignas.com.mx\\\/\",\"logo\":{\"@type\":\"ImageObject\",\"inLanguage\":\"es\",\"@id\":\"https:\\\/\\\/fuentesfidedignas.com.mx\\\/#\\\/schema\\\/logo\\\/image\\\/\",\"url\":\"https:\\\/\\\/fuentesfidedignas.com.mx\\\/wp-content\\\/uploads\\\/2021\\\/04\\\/logo-retina.png\",\"contentUrl\":\"https:\\\/\\\/fuentesfidedignas.com.mx\\\/wp-content\\\/uploads\\\/2021\\\/04\\\/logo-retina.png\",\"width\":280,\"height\":51,\"caption\":\"Fuentes Fidedignas\"},\"image\":{\"@id\":\"https:\\\/\\\/fuentesfidedignas.com.mx\\\/#\\\/schema\\\/logo\\\/image\\\/\"},\"sameAs\":[\"https:\\\/\\\/www.facebook.com\\\/Fuentes-Fidedignas-368234489921644\",\"https:\\\/\\\/x.com\\\/fidedignas\"]},{\"@type\":\"Person\",\"@id\":\"https:\\\/\\\/fuentesfidedignas.com.mx\\\/#\\\/schema\\\/person\\\/331be9283d37198e2acd5750279085b0\",\"name\":\"Redacci\u00f3n\",\"image\":{\"@type\":\"ImageObject\",\"inLanguage\":\"es\",\"@id\":\"https:\\\/\\\/secure.gravatar.com\\\/avatar\\\/f6d8782c11d12b2d4ad3fbb6931aeab5309937a4d6cd2fc9cfaa28a6396a5aec?s=96&d=mm&r=g\",\"url\":\"https:\\\/\\\/secure.gravatar.com\\\/avatar\\\/f6d8782c11d12b2d4ad3fbb6931aeab5309937a4d6cd2fc9cfaa28a6396a5aec?s=96&d=mm&r=g\",\"contentUrl\":\"https:\\\/\\\/secure.gravatar.com\\\/avatar\\\/f6d8782c11d12b2d4ad3fbb6931aeab5309937a4d6cd2fc9cfaa28a6396a5aec?s=96&d=mm&r=g\",\"caption\":\"Redacci\u00f3n\"},\"url\":\"https:\\\/\\\/fuentesfidedignas.com.mx\\\/index.php\\\/author\\\/redaccion\\\/\"}]}<\/script>\n<!-- \/ Yoast SEO plugin. -->","yoast_head_json":{"title":"Ceaip lleva Jornadas de Acompa\u00f1amiento a Sinaloa y San Ignacio - Fuentes Fidedignas","robots":{"index":"index","follow":"follow","max-snippet":"max-snippet:-1","max-image-preview":"max-image-preview:large","max-video-preview":"max-video-preview:-1"},"canonical":"https:\/\/fuentesfidedignas.com.mx\/index.php\/2023\/06\/30\/ceaip-lleva-jornadas-de-acompanamiento-a-sinaloa-y-san-ignacio\/","og_locale":"es_MX","og_type":"article","og_title":"Ceaip lleva Jornadas de Acompa\u00f1amiento a Sinaloa y San Ignacio - Fuentes Fidedignas","og_description":"Culiac\u00e1n, Sin. La Comisi\u00f3n Estatal para el Acceso a la Informaci\u00f3n P\u00fablica de Sinaloa (CEAIP) llev\u00f3 las Jornadas de Acompa\u00f1amiento en Transparencia a los \u00faltimos Ayuntamientos que faltaban por ser visitados en la zona norte y sur del estado, los de Sinaloa y San Ignacio, ciclo en el que la y los Comisionados integrantes del [&hellip;]","og_url":"https:\/\/fuentesfidedignas.com.mx\/index.php\/2023\/06\/30\/ceaip-lleva-jornadas-de-acompanamiento-a-sinaloa-y-san-ignacio\/","og_site_name":"Fuentes Fidedignas","article_publisher":"https:\/\/www.facebook.com\/Fuentes-Fidedignas-368234489921644","article_published_time":"2023-07-01T02:12:02+00:00","article_modified_time":"2023-07-01T14:46:28+00:00","og_image":[{"width":981,"height":758,"url":"https:\/\/fuentesfidedignas.com.mx\/wp-content\/uploads\/2023\/06\/IMG-20230630-WA0053.jpg","type":"image\/jpeg"}],"author":"Redacci\u00f3n","twitter_card":"summary_large_image","twitter_creator":"@fidedignas","twitter_site":"@fidedignas","twitter_misc":{"Escrito por":"Redacci\u00f3n","Tiempo de lectura":"3 minutos"},"schema":{"@context":"https:\/\/schema.org","@graph":[{"@type":"Article","@id":"https:\/\/fuentesfidedignas.com.mx\/index.php\/2023\/06\/30\/ceaip-lleva-jornadas-de-acompanamiento-a-sinaloa-y-san-ignacio\/#article","isPartOf":{"@id":"https:\/\/fuentesfidedignas.com.mx\/index.php\/2023\/06\/30\/ceaip-lleva-jornadas-de-acompanamiento-a-sinaloa-y-san-ignacio\/"},"author":{"name":"Redacci\u00f3n","@id":"https:\/\/fuentesfidedignas.com.mx\/#\/schema\/person\/331be9283d37198e2acd5750279085b0"},"headline":"Ceaip lleva Jornadas de Acompa\u00f1amiento a Sinaloa y San Ignacio","datePublished":"2023-07-01T02:12:02+00:00","dateModified":"2023-07-01T14:46:28+00:00","mainEntityOfPage":{"@id":"https:\/\/fuentesfidedignas.com.mx\/index.php\/2023\/06\/30\/ceaip-lleva-jornadas-de-acompanamiento-a-sinaloa-y-san-ignacio\/"},"wordCount":504,"commentCount":0,"publisher":{"@id":"https:\/\/fuentesfidedignas.com.mx\/#organization"},"image":{"@id":"https:\/\/fuentesfidedignas.com.mx\/index.php\/2023\/06\/30\/ceaip-lleva-jornadas-de-acompanamiento-a-sinaloa-y-san-ignacio\/#primaryimage"},"thumbnailUrl":"https:\/\/fuentesfidedignas.com.mx\/wp-content\/uploads\/2023\/06\/IMG-20230630-WA0053.jpg","articleSection":["NOTICIAS LOCALES"],"inLanguage":"es","potentialAction":[{"@type":"CommentAction","name":"Comment","target":["https:\/\/fuentesfidedignas.com.mx\/index.php\/2023\/06\/30\/ceaip-lleva-jornadas-de-acompanamiento-a-sinaloa-y-san-ignacio\/#respond"]}]},{"@type":"WebPage","@id":"https:\/\/fuentesfidedignas.com.mx\/index.php\/2023\/06\/30\/ceaip-lleva-jornadas-de-acompanamiento-a-sinaloa-y-san-ignacio\/","url":"https:\/\/fuentesfidedignas.com.mx\/index.php\/2023\/06\/30\/ceaip-lleva-jornadas-de-acompanamiento-a-sinaloa-y-san-ignacio\/","name":"Ceaip lleva Jornadas de Acompa\u00f1amiento a Sinaloa y San Ignacio - Fuentes Fidedignas","isPartOf":{"@id":"https:\/\/fuentesfidedignas.com.mx\/#website"},"primaryImageOfPage":{"@id":"https:\/\/fuentesfidedignas.com.mx\/index.php\/2023\/06\/30\/ceaip-lleva-jornadas-de-acompanamiento-a-sinaloa-y-san-ignacio\/#primaryimage"},"image":{"@id":"https:\/\/fuentesfidedignas.com.mx\/index.php\/2023\/06\/30\/ceaip-lleva-jornadas-de-acompanamiento-a-sinaloa-y-san-ignacio\/#primaryimage"},"thumbnailUrl":"https:\/\/fuentesfidedignas.com.mx\/wp-content\/uploads\/2023\/06\/IMG-20230630-WA0053.jpg","datePublished":"2023-07-01T02:12:02+00:00","dateModified":"2023-07-01T14:46:28+00:00","breadcrumb":{"@id":"https:\/\/fuentesfidedignas.com.mx\/index.php\/2023\/06\/30\/ceaip-lleva-jornadas-de-acompanamiento-a-sinaloa-y-san-ignacio\/#breadcrumb"},"inLanguage":"es","potentialAction":[{"@type":"ReadAction","target":["https:\/\/fuentesfidedignas.com.mx\/index.php\/2023\/06\/30\/ceaip-lleva-jornadas-de-acompanamiento-a-sinaloa-y-san-ignacio\/"]}]},{"@type":"ImageObject","inLanguage":"es","@id":"https:\/\/fuentesfidedignas.com.mx\/index.php\/2023\/06\/30\/ceaip-lleva-jornadas-de-acompanamiento-a-sinaloa-y-san-ignacio\/#primaryimage","url":"https:\/\/fuentesfidedignas.com.mx\/wp-content\/uploads\/2023\/06\/IMG-20230630-WA0053.jpg","contentUrl":"https:\/\/fuentesfidedignas.com.mx\/wp-content\/uploads\/2023\/06\/IMG-20230630-WA0053.jpg","width":981,"height":758},{"@type":"BreadcrumbList","@id":"https:\/\/fuentesfidedignas.com.mx\/index.php\/2023\/06\/30\/ceaip-lleva-jornadas-de-acompanamiento-a-sinaloa-y-san-ignacio\/#breadcrumb","itemListElement":[{"@type":"ListItem","position":1,"name":"Inicio","item":"https:\/\/fuentesfidedignas.com.mx\/"},{"@type":"ListItem","position":2,"name":"Ceaip lleva Jornadas de Acompa\u00f1amiento a Sinaloa y San Ignacio"}]},{"@type":"WebSite","@id":"https:\/\/fuentesfidedignas.com.mx\/#website","url":"https:\/\/fuentesfidedignas.com.mx\/","name":"Fuentes Fidedignas","description":"Otro sitio realizado con WordPress","publisher":{"@id":"https:\/\/fuentesfidedignas.com.mx\/#organization"},"potentialAction":[{"@type":"SearchAction","target":{"@type":"EntryPoint","urlTemplate":"https:\/\/fuentesfidedignas.com.mx\/?s={search_term_string}"},"query-input":{"@type":"PropertyValueSpecification","valueRequired":true,"valueName":"search_term_string"}}],"inLanguage":"es"},{"@type":"Organization","@id":"https:\/\/fuentesfidedignas.com.mx\/#organization","name":"Fuentes Fidedignas","url":"https:\/\/fuentesfidedignas.com.mx\/","logo":{"@type":"ImageObject","inLanguage":"es","@id":"https:\/\/fuentesfidedignas.com.mx\/#\/schema\/logo\/image\/","url":"https:\/\/fuentesfidedignas.com.mx\/wp-content\/uploads\/2021\/04\/logo-retina.png","contentUrl":"https:\/\/fuentesfidedignas.com.mx\/wp-content\/uploads\/2021\/04\/logo-retina.png","width":280,"height":51,"caption":"Fuentes Fidedignas"},"image":{"@id":"https:\/\/fuentesfidedignas.com.mx\/#\/schema\/logo\/image\/"},"sameAs":["https:\/\/www.facebook.com\/Fuentes-Fidedignas-368234489921644","https:\/\/x.com\/fidedignas"]},{"@type":"Person","@id":"https:\/\/fuentesfidedignas.com.mx\/#\/schema\/person\/331be9283d37198e2acd5750279085b0","name":"Redacci\u00f3n","image":{"@type":"ImageObject","inLanguage":"es","@id":"https:\/\/secure.gravatar.com\/avatar\/f6d8782c11d12b2d4ad3fbb6931aeab5309937a4d6cd2fc9cfaa28a6396a5aec?s=96&d=mm&r=g","url":"https:\/\/secure.gravatar.com\/avatar\/f6d8782c11d12b2d4ad3fbb6931aeab5309937a4d6cd2fc9cfaa28a6396a5aec?s=96&d=mm&r=g","contentUrl":"https:\/\/secure.gravatar.com\/avatar\/f6d8782c11d12b2d4ad3fbb6931aeab5309937a4d6cd2fc9cfaa28a6396a5aec?s=96&d=mm&r=g","caption":"Redacci\u00f3n"},"url":"https:\/\/fuentesfidedignas.com.mx\/index.php\/author\/redaccion\/"}]}},"_links":{"self":[{"href":"https:\/\/fuentesfidedignas.com.mx\/index.php\/wp-json\/wp\/v2\/posts\/51583","targetHints":{"allow":["GET"]}}],"collection":[{"href":"https:\/\/fuentesfidedignas.com.mx\/index.php\/wp-json\/wp\/v2\/posts"}],"about":[{"href":"https:\/\/fuentesfidedignas.com.mx\/index.php\/wp-json\/wp\/v2\/types\/post"}],"author":[{"embeddable":true,"href":"https:\/\/fuentesfidedignas.com.mx\/index.php\/wp-json\/wp\/v2\/users\/4"}],"replies":[{"embeddable":true,"href":"https:\/\/fuentesfidedignas.com.mx\/index.php\/wp-json\/wp\/v2\/comments?post=51583"}],"version-history":[{"count":1,"href":"https:\/\/fuentesfidedignas.com.mx\/index.php\/wp-json\/wp\/v2\/posts\/51583\/revisions"}],"predecessor-version":[{"id":51584,"href":"https:\/\/fuentesfidedignas.com.mx\/index.php\/wp-json\/wp\/v2\/posts\/51583\/revisions\/51584"}],"wp:featuredmedia":[{"embeddable":true,"href":"https:\/\/fuentesfidedignas.com.mx\/index.php\/wp-json\/wp\/v2\/media\/51585"}],"wp:attachment":[{"href":"https:\/\/fuentesfidedignas.com.mx\/index.php\/wp-json\/wp\/v2\/media?parent=51583"}],"wp:term":[{"taxonomy":"category","embeddable":true,"href":"https:\/\/fuentesfidedignas.com.mx\/index.php\/wp-json\/wp\/v2\/categories?post=51583"},{"taxonomy":"post_tag","embeddable":true,"href":"https:\/\/fuentesfidedignas.com.mx\/index.php\/wp-json\/wp\/v2\/tags?post=51583"}],"curies":[{"name":"wp","href":"https:\/\/api.w.org\/{rel}","templated":true}]}}