{"id":51558,"date":"2023-06-30T18:00:32","date_gmt":"2023-07-01T01:00:32","guid":{"rendered":"https:\/\/fuentesfidedignas.com.mx\/?p=51558"},"modified":"2023-07-01T07:54:28","modified_gmt":"2023-07-01T14:54:28","slug":"liga-mx-donde-y-cuando-ver-america-vs-juarez-y-toda-la-jornada-1-del-apertura-2023","status":"publish","type":"post","link":"https:\/\/fuentesfidedignas.com.mx\/index.php\/2023\/06\/30\/liga-mx-donde-y-cuando-ver-america-vs-juarez-y-toda-la-jornada-1-del-apertura-2023\/","title":{"rendered":"Liga MX: \u00bfD\u00f3nde y cu\u00e1ndo ver Am\u00e9rica vs. Ju\u00e1rez y toda la jornada 1 del Apertura\u00a02023?"},"content":{"rendered":"\n<p><strong><em>Las \u2018Aguilas\u2019 reciben a Bravos en el debut de su nuevo entrenador y el inicio del torneo Apertura 2023.<\/em><\/strong><\/p>\n\n\n\n<p>Ciudad de M\u00e9xico.- Andr\u00e9 Jardine ya carga en sus hombros con el peso de los sue\u00f1os de campeonato del Am\u00e9rica. El entrenador brasile\u00f1o y las \u00c1guilas buscar\u00e1n dar el primer paso rumbo a esa meta a partir del viernes cuando reciban a Bravos de Ju\u00e1rez en la jornada 1 del Apertura 2023 de la Liga MX.<\/p>\n\n\n\n<p>\u201cLa meta principal es llegar a la liguilla con un equipo consistente y robusto para jugar un torneo donde es a matar o morir\u201d, dijo Andr\u00e9 Jardine. \u201cMe encanta estar en una instituci\u00f3n grande donde los jugadores est\u00e1n molestos por la falta de t\u00edtulos, hay que hacer de eso una obsesi\u00f3n y trabajar d\u00eda y noche para conseguirlo\u201d.<\/p>\n\n\n\n<p>Jardine, de 43 a\u00f1os, fue campe\u00f3n en los Juegos Ol\u00edmpicos de Tokio, dirigiendo a la selecci\u00f3n de su pa\u00eds. Desembarc\u00f3 en M\u00e9xico tras ser fichado por el Atl\u00e9tico San Luis el verano pasado.<\/p>\n\n\n\n<p>Con una plantilla modesta, el brasile\u00f1o logr\u00f3 desarrollar un estilo ofensivo y los meti\u00f3 a la liguilla el torneo anterior donde puso en apuros precisamente al Am\u00e9rica en los cuartos de final.<\/p>\n\n\n\n<p>Ahora, con una de las n\u00f3minas m\u00e1s elevadas del pa\u00eds, Jardine espera replicar la f\u00f3rmula de \u00e9xito y darle al equipo una corona que se le niega desde el Apertura 2018.<\/p>\n\n\n\n<p>Ante Bravos, Jardine deber\u00e1 sortear las ausencias de tres seleccionados mexicanos que est\u00e1n en la Copa de Oro, adem\u00e1s de las salidas del colombiano Roger Mart\u00ednez, que termin\u00f3 acuerdo, de los uruguayos Federico Vi\u00f1as (Le\u00f3n) y Jonathan Rodr\u00edguez (rodilla).<\/p>\n\n\n\n<p>El problema mayor en la primera fecha es que la ausencia de Henry Mart\u00edn por estar con el Tricolor y la salida de Vi\u00f1as dejan al equipo sin un centrodelantero; el equipo s\u00f3lo tiene disponible al canterano Rom\u00e1n Mart\u00ednez.<\/p>\n\n\n\n<h2 class=\"wp-block-heading\">D\u00edas, horarios y canales de transmisi\u00f3n de la Jornada 1<\/h2>\n\n\n\n<p>Los Tigres UANL iniciar\u00e1n este s\u00e1bado el camino hacia la conquista del bicampeonato de la Liga MX al recibir al Puebla en la primera jornada del torneo Apertura 2023.<\/p>\n\n\n\n<h3 class=\"wp-block-heading\">Am\u00e9rica vs. Ju\u00e1rez<\/h3>\n\n\n\n<ul class=\"wp-block-list\">\n<li><strong>Fecha:&nbsp;<\/strong>Viernes 30 de junio<\/li>\n\n\n\n<li><strong>Hora:&nbsp;<\/strong>19:00 horas<\/li>\n\n\n\n<li><strong>Transmisi\u00f3n:&nbsp;<\/strong>Vix+<\/li>\n<\/ul>\n\n\n\n<h3 class=\"wp-block-heading\">Mazatl\u00e1n vs. Pachuca<\/h3>\n\n\n\n<ul class=\"wp-block-list\">\n<li><strong>Fecha:&nbsp;<\/strong>Viernes 30 de junio<\/li>\n\n\n\n<li><strong>Hora:&nbsp;<\/strong>19:00 horas<\/li>\n\n\n\n<li><strong>Transmisi\u00f3n:&nbsp;<\/strong>TV Azteca (Canal 7)<\/li>\n<\/ul>\n\n\n\n<h3 class=\"wp-block-heading\">Tijuana vs. Pumas<\/h3>\n\n\n\n<ul class=\"wp-block-list\">\n<li><strong>Fecha:&nbsp;<\/strong>Viernes 30 de junio<\/li>\n\n\n\n<li><strong>Hora:&nbsp;<\/strong>21:00 horas<\/li>\n\n\n\n<li><strong>Transmisi\u00f3n:&nbsp;<\/strong>Fox Sports<\/li>\n<\/ul>\n\n\n\n<h3 class=\"wp-block-heading\">San Luis vs. Monterrey<\/h3>\n\n\n\n<ul class=\"wp-block-list\">\n<li><strong>Fecha:&nbsp;<\/strong>S\u00e1bado 1 julio<\/li>\n\n\n\n<li><strong>Hora:&nbsp;<\/strong>17:00 horas<\/li>\n\n\n\n<li><strong>Transmisi\u00f3n:&nbsp;<\/strong>ESPN \/ Star+<\/li>\n<\/ul>\n\n\n\n<h3 class=\"wp-block-heading\">Tigres vs. Puebla<\/h3>\n\n\n\n<ul class=\"wp-block-list\">\n<li><strong>Fecha:&nbsp;<\/strong>S\u00e1bado 1 julio<\/li>\n\n\n\n<li><strong>Hora:&nbsp;<\/strong>19:00 horas<\/li>\n\n\n\n<li><strong>Transmisi\u00f3n:&nbsp;<\/strong>Vix+ \/ Izzi<\/li>\n<\/ul>\n\n\n\n<h3 class=\"wp-block-heading\">Atlas vs. Cruz Azul<\/h3>\n\n\n\n<ul class=\"wp-block-list\">\n<li><strong>Fecha:&nbsp;<\/strong>S\u00e1bado 1 julio<\/li>\n\n\n\n<li><strong>Hora:&nbsp;<\/strong>21:00 horas<\/li>\n\n\n\n<li><strong>Transmisi\u00f3n:&nbsp;<\/strong>Televisa (Canal 5) \/ TUDN \/ Vix+ \/ Izzi<\/li>\n<\/ul>\n\n\n\n<h3 class=\"wp-block-heading\">Toluca vs. Necaxa<\/h3>\n\n\n\n<ul class=\"wp-block-list\">\n<li><strong>Fecha:&nbsp;<\/strong>Domingo 2 julio<\/li>\n\n\n\n<li><strong>Hora:&nbsp;<\/strong>12:00 horas<\/li>\n\n\n\n<li><strong>Transmisi\u00f3n:&nbsp;<\/strong>Televisa (Las Estrellas) \/ TUDN \/ Vix+<\/li>\n<\/ul>\n\n\n\n<h3 class=\"wp-block-heading\">Santos vs. Quer\u00e9taro<\/h3>\n\n\n\n<ul class=\"wp-block-list\">\n<li><strong>Fecha:&nbsp;<\/strong>Domingo 2 julio<\/li>\n\n\n\n<li><strong>Hora:&nbsp;<\/strong>19:05 horas<\/li>\n\n\n\n<li><strong>Transmisi\u00f3n:&nbsp;<\/strong>Vix+<\/li>\n<\/ul>\n\n\n\n<h3 class=\"wp-block-heading\">Le\u00f3n vs. Chivas<\/h3>\n\n\n\n<ul class=\"wp-block-list\">\n<li><strong>Fecha:&nbsp;<\/strong>Lunes 3 julio<\/li>\n\n\n\n<li><strong>Hora:&nbsp;<\/strong>20:00 horas<\/li>\n\n\n\n<li><strong>Transmisi\u00f3n:&nbsp;<\/strong>Fox Sports \/ Claro Sports<\/li>\n<\/ul>\n","protected":false},"excerpt":{"rendered":"<p>Las \u2018Aguilas\u2019 reciben a Bravos en el debut de su nuevo entrenador y el inicio del torneo Apertura 2023. Ciudad de M\u00e9xico.- Andr\u00e9 Jardine ya carga en sus hombros con el peso de los sue\u00f1os de campeonato del Am\u00e9rica. El entrenador brasile\u00f1o y las \u00c1guilas buscar\u00e1n dar el primer paso rumbo a esa meta a [&hellip;]<\/p>\n","protected":false},"author":21,"featured_media":51559,"comment_status":"open","ping_status":"open","sticky":false,"template":"","format":"standard","meta":{"tdm_status":"","tdm_grid_status":"","footnotes":""},"categories":[1],"tags":[],"class_list":{"0":"post-51558","1":"post","2":"type-post","3":"status-publish","4":"format-standard","5":"has-post-thumbnail","7":"category-sin-categoria"},"yoast_head":"<!-- This site is optimized with the Yoast SEO plugin v27.4 - https:\/\/yoast.com\/product\/yoast-seo-wordpress\/ -->\n<title>Liga MX: \u00bfD\u00f3nde y cu\u00e1ndo ver Am\u00e9rica vs. Ju\u00e1rez y toda la jornada 1 del Apertura\u00a02023? - Fuentes Fidedignas<\/title>\n<meta name=\"robots\" content=\"index, follow, max-snippet:-1, max-image-preview:large, max-video-preview:-1\" \/>\n<link rel=\"canonical\" href=\"https:\/\/fuentesfidedignas.com.mx\/index.php\/2023\/06\/30\/liga-mx-donde-y-cuando-ver-america-vs-juarez-y-toda-la-jornada-1-del-apertura-2023\/\" \/>\n<meta property=\"og:locale\" content=\"es_MX\" \/>\n<meta property=\"og:type\" content=\"article\" \/>\n<meta property=\"og:title\" content=\"Liga MX: \u00bfD\u00f3nde y cu\u00e1ndo ver Am\u00e9rica vs. Ju\u00e1rez y toda la jornada 1 del Apertura\u00a02023? - Fuentes Fidedignas\" \/>\n<meta property=\"og:description\" content=\"Las \u2018Aguilas\u2019 reciben a Bravos en el debut de su nuevo entrenador y el inicio del torneo Apertura 2023. Ciudad de M\u00e9xico.- Andr\u00e9 Jardine ya carga en sus hombros con el peso de los sue\u00f1os de campeonato del Am\u00e9rica. El entrenador brasile\u00f1o y las \u00c1guilas buscar\u00e1n dar el primer paso rumbo a esa meta a [&hellip;]\" \/>\n<meta property=\"og:url\" content=\"https:\/\/fuentesfidedignas.com.mx\/index.php\/2023\/06\/30\/liga-mx-donde-y-cuando-ver-america-vs-juarez-y-toda-la-jornada-1-del-apertura-2023\/\" \/>\n<meta property=\"og:site_name\" content=\"Fuentes Fidedignas\" \/>\n<meta property=\"article:publisher\" content=\"https:\/\/www.facebook.com\/Fuentes-Fidedignas-368234489921644\" \/>\n<meta property=\"article:published_time\" content=\"2023-07-01T01:00:32+00:00\" \/>\n<meta property=\"article:modified_time\" content=\"2023-07-01T14:54:28+00:00\" \/>\n<meta property=\"og:image\" content=\"https:\/\/fuentesfidedignas.com.mx\/wp-content\/uploads\/2023\/06\/AMERICA_JUAREZ.jpg\" \/>\n\t<meta property=\"og:image:width\" content=\"850\" \/>\n\t<meta property=\"og:image:height\" content=\"475\" \/>\n\t<meta property=\"og:image:type\" content=\"image\/jpeg\" \/>\n<meta name=\"author\" content=\"El Financiero\" \/>\n<meta name=\"twitter:card\" content=\"summary_large_image\" \/>\n<meta name=\"twitter:creator\" content=\"@fidedignas\" \/>\n<meta name=\"twitter:site\" content=\"@fidedignas\" \/>\n<meta name=\"twitter:label1\" content=\"Escrito por\" \/>\n\t<meta name=\"twitter:data1\" content=\"El Financiero\" \/>\n\t<meta name=\"twitter:label2\" content=\"Tiempo de lectura\" \/>\n\t<meta name=\"twitter:data2\" content=\"3 minutos\" \/>\n<script type=\"application\/ld+json\" class=\"yoast-schema-graph\">{\"@context\":\"https:\\\/\\\/schema.org\",\"@graph\":[{\"@type\":\"Article\",\"@id\":\"https:\\\/\\\/fuentesfidedignas.com.mx\\\/index.php\\\/2023\\\/06\\\/30\\\/liga-mx-donde-y-cuando-ver-america-vs-juarez-y-toda-la-jornada-1-del-apertura-2023\\\/#article\",\"isPartOf\":{\"@id\":\"https:\\\/\\\/fuentesfidedignas.com.mx\\\/index.php\\\/2023\\\/06\\\/30\\\/liga-mx-donde-y-cuando-ver-america-vs-juarez-y-toda-la-jornada-1-del-apertura-2023\\\/\"},\"author\":{\"name\":\"El Financiero\",\"@id\":\"https:\\\/\\\/fuentesfidedignas.com.mx\\\/#\\\/schema\\\/person\\\/494f7e0dce8dfaaec5b64f16615b78e9\"},\"headline\":\"Liga MX: \u00bfD\u00f3nde y cu\u00e1ndo ver Am\u00e9rica vs. Ju\u00e1rez y toda la jornada 1 del Apertura\u00a02023?\",\"datePublished\":\"2023-07-01T01:00:32+00:00\",\"dateModified\":\"2023-07-01T14:54:28+00:00\",\"mainEntityOfPage\":{\"@id\":\"https:\\\/\\\/fuentesfidedignas.com.mx\\\/index.php\\\/2023\\\/06\\\/30\\\/liga-mx-donde-y-cuando-ver-america-vs-juarez-y-toda-la-jornada-1-del-apertura-2023\\\/\"},\"wordCount\":553,\"commentCount\":0,\"publisher\":{\"@id\":\"https:\\\/\\\/fuentesfidedignas.com.mx\\\/#organization\"},\"image\":{\"@id\":\"https:\\\/\\\/fuentesfidedignas.com.mx\\\/index.php\\\/2023\\\/06\\\/30\\\/liga-mx-donde-y-cuando-ver-america-vs-juarez-y-toda-la-jornada-1-del-apertura-2023\\\/#primaryimage\"},\"thumbnailUrl\":\"https:\\\/\\\/fuentesfidedignas.com.mx\\\/wp-content\\\/uploads\\\/2023\\\/06\\\/AMERICA_JUAREZ.jpg\",\"inLanguage\":\"es\",\"potentialAction\":[{\"@type\":\"CommentAction\",\"name\":\"Comment\",\"target\":[\"https:\\\/\\\/fuentesfidedignas.com.mx\\\/index.php\\\/2023\\\/06\\\/30\\\/liga-mx-donde-y-cuando-ver-america-vs-juarez-y-toda-la-jornada-1-del-apertura-2023\\\/#respond\"]}]},{\"@type\":\"WebPage\",\"@id\":\"https:\\\/\\\/fuentesfidedignas.com.mx\\\/index.php\\\/2023\\\/06\\\/30\\\/liga-mx-donde-y-cuando-ver-america-vs-juarez-y-toda-la-jornada-1-del-apertura-2023\\\/\",\"url\":\"https:\\\/\\\/fuentesfidedignas.com.mx\\\/index.php\\\/2023\\\/06\\\/30\\\/liga-mx-donde-y-cuando-ver-america-vs-juarez-y-toda-la-jornada-1-del-apertura-2023\\\/\",\"name\":\"Liga MX: \u00bfD\u00f3nde y cu\u00e1ndo ver Am\u00e9rica vs. Ju\u00e1rez y toda la jornada 1 del Apertura\u00a02023? - Fuentes Fidedignas\",\"isPartOf\":{\"@id\":\"https:\\\/\\\/fuentesfidedignas.com.mx\\\/#website\"},\"primaryImageOfPage\":{\"@id\":\"https:\\\/\\\/fuentesfidedignas.com.mx\\\/index.php\\\/2023\\\/06\\\/30\\\/liga-mx-donde-y-cuando-ver-america-vs-juarez-y-toda-la-jornada-1-del-apertura-2023\\\/#primaryimage\"},\"image\":{\"@id\":\"https:\\\/\\\/fuentesfidedignas.com.mx\\\/index.php\\\/2023\\\/06\\\/30\\\/liga-mx-donde-y-cuando-ver-america-vs-juarez-y-toda-la-jornada-1-del-apertura-2023\\\/#primaryimage\"},\"thumbnailUrl\":\"https:\\\/\\\/fuentesfidedignas.com.mx\\\/wp-content\\\/uploads\\\/2023\\\/06\\\/AMERICA_JUAREZ.jpg\",\"datePublished\":\"2023-07-01T01:00:32+00:00\",\"dateModified\":\"2023-07-01T14:54:28+00:00\",\"breadcrumb\":{\"@id\":\"https:\\\/\\\/fuentesfidedignas.com.mx\\\/index.php\\\/2023\\\/06\\\/30\\\/liga-mx-donde-y-cuando-ver-america-vs-juarez-y-toda-la-jornada-1-del-apertura-2023\\\/#breadcrumb\"},\"inLanguage\":\"es\",\"potentialAction\":[{\"@type\":\"ReadAction\",\"target\":[\"https:\\\/\\\/fuentesfidedignas.com.mx\\\/index.php\\\/2023\\\/06\\\/30\\\/liga-mx-donde-y-cuando-ver-america-vs-juarez-y-toda-la-jornada-1-del-apertura-2023\\\/\"]}]},{\"@type\":\"ImageObject\",\"inLanguage\":\"es\",\"@id\":\"https:\\\/\\\/fuentesfidedignas.com.mx\\\/index.php\\\/2023\\\/06\\\/30\\\/liga-mx-donde-y-cuando-ver-america-vs-juarez-y-toda-la-jornada-1-del-apertura-2023\\\/#primaryimage\",\"url\":\"https:\\\/\\\/fuentesfidedignas.com.mx\\\/wp-content\\\/uploads\\\/2023\\\/06\\\/AMERICA_JUAREZ.jpg\",\"contentUrl\":\"https:\\\/\\\/fuentesfidedignas.com.mx\\\/wp-content\\\/uploads\\\/2023\\\/06\\\/AMERICA_JUAREZ.jpg\",\"width\":850,\"height\":475},{\"@type\":\"BreadcrumbList\",\"@id\":\"https:\\\/\\\/fuentesfidedignas.com.mx\\\/index.php\\\/2023\\\/06\\\/30\\\/liga-mx-donde-y-cuando-ver-america-vs-juarez-y-toda-la-jornada-1-del-apertura-2023\\\/#breadcrumb\",\"itemListElement\":[{\"@type\":\"ListItem\",\"position\":1,\"name\":\"Inicio\",\"item\":\"https:\\\/\\\/fuentesfidedignas.com.mx\\\/\"},{\"@type\":\"ListItem\",\"position\":2,\"name\":\"Liga MX: \u00bfD\u00f3nde y cu\u00e1ndo ver Am\u00e9rica vs. Ju\u00e1rez y toda la jornada 1 del Apertura\u00a02023?\"}]},{\"@type\":\"WebSite\",\"@id\":\"https:\\\/\\\/fuentesfidedignas.com.mx\\\/#website\",\"url\":\"https:\\\/\\\/fuentesfidedignas.com.mx\\\/\",\"name\":\"Fuentes Fidedignas\",\"description\":\"Otro sitio realizado con WordPress\",\"publisher\":{\"@id\":\"https:\\\/\\\/fuentesfidedignas.com.mx\\\/#organization\"},\"potentialAction\":[{\"@type\":\"SearchAction\",\"target\":{\"@type\":\"EntryPoint\",\"urlTemplate\":\"https:\\\/\\\/fuentesfidedignas.com.mx\\\/?s={search_term_string}\"},\"query-input\":{\"@type\":\"PropertyValueSpecification\",\"valueRequired\":true,\"valueName\":\"search_term_string\"}}],\"inLanguage\":\"es\"},{\"@type\":\"Organization\",\"@id\":\"https:\\\/\\\/fuentesfidedignas.com.mx\\\/#organization\",\"name\":\"Fuentes Fidedignas\",\"url\":\"https:\\\/\\\/fuentesfidedignas.com.mx\\\/\",\"logo\":{\"@type\":\"ImageObject\",\"inLanguage\":\"es\",\"@id\":\"https:\\\/\\\/fuentesfidedignas.com.mx\\\/#\\\/schema\\\/logo\\\/image\\\/\",\"url\":\"https:\\\/\\\/fuentesfidedignas.com.mx\\\/wp-content\\\/uploads\\\/2021\\\/04\\\/logo-retina.png\",\"contentUrl\":\"https:\\\/\\\/fuentesfidedignas.com.mx\\\/wp-content\\\/uploads\\\/2021\\\/04\\\/logo-retina.png\",\"width\":280,\"height\":51,\"caption\":\"Fuentes Fidedignas\"},\"image\":{\"@id\":\"https:\\\/\\\/fuentesfidedignas.com.mx\\\/#\\\/schema\\\/logo\\\/image\\\/\"},\"sameAs\":[\"https:\\\/\\\/www.facebook.com\\\/Fuentes-Fidedignas-368234489921644\",\"https:\\\/\\\/x.com\\\/fidedignas\"]},{\"@type\":\"Person\",\"@id\":\"https:\\\/\\\/fuentesfidedignas.com.mx\\\/#\\\/schema\\\/person\\\/494f7e0dce8dfaaec5b64f16615b78e9\",\"name\":\"El Financiero\",\"image\":{\"@type\":\"ImageObject\",\"inLanguage\":\"es\",\"@id\":\"https:\\\/\\\/secure.gravatar.com\\\/avatar\\\/88c0f3f2079389318ef8dd35c22cb997212aa89646e357ba59b318db26ed91a9?s=96&d=mm&r=g\",\"url\":\"https:\\\/\\\/secure.gravatar.com\\\/avatar\\\/88c0f3f2079389318ef8dd35c22cb997212aa89646e357ba59b318db26ed91a9?s=96&d=mm&r=g\",\"contentUrl\":\"https:\\\/\\\/secure.gravatar.com\\\/avatar\\\/88c0f3f2079389318ef8dd35c22cb997212aa89646e357ba59b318db26ed91a9?s=96&d=mm&r=g\",\"caption\":\"El Financiero\"},\"url\":\"https:\\\/\\\/fuentesfidedignas.com.mx\\\/index.php\\\/author\\\/financiero\\\/\"}]}<\/script>\n<!-- \/ Yoast SEO plugin. -->","yoast_head_json":{"title":"Liga MX: \u00bfD\u00f3nde y cu\u00e1ndo ver Am\u00e9rica vs. Ju\u00e1rez y toda la jornada 1 del Apertura\u00a02023? - Fuentes Fidedignas","robots":{"index":"index","follow":"follow","max-snippet":"max-snippet:-1","max-image-preview":"max-image-preview:large","max-video-preview":"max-video-preview:-1"},"canonical":"https:\/\/fuentesfidedignas.com.mx\/index.php\/2023\/06\/30\/liga-mx-donde-y-cuando-ver-america-vs-juarez-y-toda-la-jornada-1-del-apertura-2023\/","og_locale":"es_MX","og_type":"article","og_title":"Liga MX: \u00bfD\u00f3nde y cu\u00e1ndo ver Am\u00e9rica vs. Ju\u00e1rez y toda la jornada 1 del Apertura\u00a02023? - Fuentes Fidedignas","og_description":"Las \u2018Aguilas\u2019 reciben a Bravos en el debut de su nuevo entrenador y el inicio del torneo Apertura 2023. Ciudad de M\u00e9xico.- Andr\u00e9 Jardine ya carga en sus hombros con el peso de los sue\u00f1os de campeonato del Am\u00e9rica. El entrenador brasile\u00f1o y las \u00c1guilas buscar\u00e1n dar el primer paso rumbo a esa meta a [&hellip;]","og_url":"https:\/\/fuentesfidedignas.com.mx\/index.php\/2023\/06\/30\/liga-mx-donde-y-cuando-ver-america-vs-juarez-y-toda-la-jornada-1-del-apertura-2023\/","og_site_name":"Fuentes Fidedignas","article_publisher":"https:\/\/www.facebook.com\/Fuentes-Fidedignas-368234489921644","article_published_time":"2023-07-01T01:00:32+00:00","article_modified_time":"2023-07-01T14:54:28+00:00","og_image":[{"width":850,"height":475,"url":"https:\/\/fuentesfidedignas.com.mx\/wp-content\/uploads\/2023\/06\/AMERICA_JUAREZ.jpg","type":"image\/jpeg"}],"author":"El Financiero","twitter_card":"summary_large_image","twitter_creator":"@fidedignas","twitter_site":"@fidedignas","twitter_misc":{"Escrito por":"El Financiero","Tiempo de lectura":"3 minutos"},"schema":{"@context":"https:\/\/schema.org","@graph":[{"@type":"Article","@id":"https:\/\/fuentesfidedignas.com.mx\/index.php\/2023\/06\/30\/liga-mx-donde-y-cuando-ver-america-vs-juarez-y-toda-la-jornada-1-del-apertura-2023\/#article","isPartOf":{"@id":"https:\/\/fuentesfidedignas.com.mx\/index.php\/2023\/06\/30\/liga-mx-donde-y-cuando-ver-america-vs-juarez-y-toda-la-jornada-1-del-apertura-2023\/"},"author":{"name":"El Financiero","@id":"https:\/\/fuentesfidedignas.com.mx\/#\/schema\/person\/494f7e0dce8dfaaec5b64f16615b78e9"},"headline":"Liga MX: \u00bfD\u00f3nde y cu\u00e1ndo ver Am\u00e9rica vs. Ju\u00e1rez y toda la jornada 1 del Apertura\u00a02023?","datePublished":"2023-07-01T01:00:32+00:00","dateModified":"2023-07-01T14:54:28+00:00","mainEntityOfPage":{"@id":"https:\/\/fuentesfidedignas.com.mx\/index.php\/2023\/06\/30\/liga-mx-donde-y-cuando-ver-america-vs-juarez-y-toda-la-jornada-1-del-apertura-2023\/"},"wordCount":553,"commentCount":0,"publisher":{"@id":"https:\/\/fuentesfidedignas.com.mx\/#organization"},"image":{"@id":"https:\/\/fuentesfidedignas.com.mx\/index.php\/2023\/06\/30\/liga-mx-donde-y-cuando-ver-america-vs-juarez-y-toda-la-jornada-1-del-apertura-2023\/#primaryimage"},"thumbnailUrl":"https:\/\/fuentesfidedignas.com.mx\/wp-content\/uploads\/2023\/06\/AMERICA_JUAREZ.jpg","inLanguage":"es","potentialAction":[{"@type":"CommentAction","name":"Comment","target":["https:\/\/fuentesfidedignas.com.mx\/index.php\/2023\/06\/30\/liga-mx-donde-y-cuando-ver-america-vs-juarez-y-toda-la-jornada-1-del-apertura-2023\/#respond"]}]},{"@type":"WebPage","@id":"https:\/\/fuentesfidedignas.com.mx\/index.php\/2023\/06\/30\/liga-mx-donde-y-cuando-ver-america-vs-juarez-y-toda-la-jornada-1-del-apertura-2023\/","url":"https:\/\/fuentesfidedignas.com.mx\/index.php\/2023\/06\/30\/liga-mx-donde-y-cuando-ver-america-vs-juarez-y-toda-la-jornada-1-del-apertura-2023\/","name":"Liga MX: \u00bfD\u00f3nde y cu\u00e1ndo ver Am\u00e9rica vs. Ju\u00e1rez y toda la jornada 1 del Apertura\u00a02023? - Fuentes Fidedignas","isPartOf":{"@id":"https:\/\/fuentesfidedignas.com.mx\/#website"},"primaryImageOfPage":{"@id":"https:\/\/fuentesfidedignas.com.mx\/index.php\/2023\/06\/30\/liga-mx-donde-y-cuando-ver-america-vs-juarez-y-toda-la-jornada-1-del-apertura-2023\/#primaryimage"},"image":{"@id":"https:\/\/fuentesfidedignas.com.mx\/index.php\/2023\/06\/30\/liga-mx-donde-y-cuando-ver-america-vs-juarez-y-toda-la-jornada-1-del-apertura-2023\/#primaryimage"},"thumbnailUrl":"https:\/\/fuentesfidedignas.com.mx\/wp-content\/uploads\/2023\/06\/AMERICA_JUAREZ.jpg","datePublished":"2023-07-01T01:00:32+00:00","dateModified":"2023-07-01T14:54:28+00:00","breadcrumb":{"@id":"https:\/\/fuentesfidedignas.com.mx\/index.php\/2023\/06\/30\/liga-mx-donde-y-cuando-ver-america-vs-juarez-y-toda-la-jornada-1-del-apertura-2023\/#breadcrumb"},"inLanguage":"es","potentialAction":[{"@type":"ReadAction","target":["https:\/\/fuentesfidedignas.com.mx\/index.php\/2023\/06\/30\/liga-mx-donde-y-cuando-ver-america-vs-juarez-y-toda-la-jornada-1-del-apertura-2023\/"]}]},{"@type":"ImageObject","inLanguage":"es","@id":"https:\/\/fuentesfidedignas.com.mx\/index.php\/2023\/06\/30\/liga-mx-donde-y-cuando-ver-america-vs-juarez-y-toda-la-jornada-1-del-apertura-2023\/#primaryimage","url":"https:\/\/fuentesfidedignas.com.mx\/wp-content\/uploads\/2023\/06\/AMERICA_JUAREZ.jpg","contentUrl":"https:\/\/fuentesfidedignas.com.mx\/wp-content\/uploads\/2023\/06\/AMERICA_JUAREZ.jpg","width":850,"height":475},{"@type":"BreadcrumbList","@id":"https:\/\/fuentesfidedignas.com.mx\/index.php\/2023\/06\/30\/liga-mx-donde-y-cuando-ver-america-vs-juarez-y-toda-la-jornada-1-del-apertura-2023\/#breadcrumb","itemListElement":[{"@type":"ListItem","position":1,"name":"Inicio","item":"https:\/\/fuentesfidedignas.com.mx\/"},{"@type":"ListItem","position":2,"name":"Liga MX: \u00bfD\u00f3nde y cu\u00e1ndo ver Am\u00e9rica vs. Ju\u00e1rez y toda la jornada 1 del Apertura\u00a02023?"}]},{"@type":"WebSite","@id":"https:\/\/fuentesfidedignas.com.mx\/#website","url":"https:\/\/fuentesfidedignas.com.mx\/","name":"Fuentes Fidedignas","description":"Otro sitio realizado con WordPress","publisher":{"@id":"https:\/\/fuentesfidedignas.com.mx\/#organization"},"potentialAction":[{"@type":"SearchAction","target":{"@type":"EntryPoint","urlTemplate":"https:\/\/fuentesfidedignas.com.mx\/?s={search_term_string}"},"query-input":{"@type":"PropertyValueSpecification","valueRequired":true,"valueName":"search_term_string"}}],"inLanguage":"es"},{"@type":"Organization","@id":"https:\/\/fuentesfidedignas.com.mx\/#organization","name":"Fuentes Fidedignas","url":"https:\/\/fuentesfidedignas.com.mx\/","logo":{"@type":"ImageObject","inLanguage":"es","@id":"https:\/\/fuentesfidedignas.com.mx\/#\/schema\/logo\/image\/","url":"https:\/\/fuentesfidedignas.com.mx\/wp-content\/uploads\/2021\/04\/logo-retina.png","contentUrl":"https:\/\/fuentesfidedignas.com.mx\/wp-content\/uploads\/2021\/04\/logo-retina.png","width":280,"height":51,"caption":"Fuentes Fidedignas"},"image":{"@id":"https:\/\/fuentesfidedignas.com.mx\/#\/schema\/logo\/image\/"},"sameAs":["https:\/\/www.facebook.com\/Fuentes-Fidedignas-368234489921644","https:\/\/x.com\/fidedignas"]},{"@type":"Person","@id":"https:\/\/fuentesfidedignas.com.mx\/#\/schema\/person\/494f7e0dce8dfaaec5b64f16615b78e9","name":"El Financiero","image":{"@type":"ImageObject","inLanguage":"es","@id":"https:\/\/secure.gravatar.com\/avatar\/88c0f3f2079389318ef8dd35c22cb997212aa89646e357ba59b318db26ed91a9?s=96&d=mm&r=g","url":"https:\/\/secure.gravatar.com\/avatar\/88c0f3f2079389318ef8dd35c22cb997212aa89646e357ba59b318db26ed91a9?s=96&d=mm&r=g","contentUrl":"https:\/\/secure.gravatar.com\/avatar\/88c0f3f2079389318ef8dd35c22cb997212aa89646e357ba59b318db26ed91a9?s=96&d=mm&r=g","caption":"El Financiero"},"url":"https:\/\/fuentesfidedignas.com.mx\/index.php\/author\/financiero\/"}]}},"_links":{"self":[{"href":"https:\/\/fuentesfidedignas.com.mx\/index.php\/wp-json\/wp\/v2\/posts\/51558","targetHints":{"allow":["GET"]}}],"collection":[{"href":"https:\/\/fuentesfidedignas.com.mx\/index.php\/wp-json\/wp\/v2\/posts"}],"about":[{"href":"https:\/\/fuentesfidedignas.com.mx\/index.php\/wp-json\/wp\/v2\/types\/post"}],"author":[{"embeddable":true,"href":"https:\/\/fuentesfidedignas.com.mx\/index.php\/wp-json\/wp\/v2\/users\/21"}],"replies":[{"embeddable":true,"href":"https:\/\/fuentesfidedignas.com.mx\/index.php\/wp-json\/wp\/v2\/comments?post=51558"}],"version-history":[{"count":1,"href":"https:\/\/fuentesfidedignas.com.mx\/index.php\/wp-json\/wp\/v2\/posts\/51558\/revisions"}],"predecessor-version":[{"id":51560,"href":"https:\/\/fuentesfidedignas.com.mx\/index.php\/wp-json\/wp\/v2\/posts\/51558\/revisions\/51560"}],"wp:featuredmedia":[{"embeddable":true,"href":"https:\/\/fuentesfidedignas.com.mx\/index.php\/wp-json\/wp\/v2\/media\/51559"}],"wp:attachment":[{"href":"https:\/\/fuentesfidedignas.com.mx\/index.php\/wp-json\/wp\/v2\/media?parent=51558"}],"wp:term":[{"taxonomy":"category","embeddable":true,"href":"https:\/\/fuentesfidedignas.com.mx\/index.php\/wp-json\/wp\/v2\/categories?post=51558"},{"taxonomy":"post_tag","embeddable":true,"href":"https:\/\/fuentesfidedignas.com.mx\/index.php\/wp-json\/wp\/v2\/tags?post=51558"}],"curies":[{"name":"wp","href":"https:\/\/api.w.org\/{rel}","templated":true}]}}