{"id":51538,"date":"2023-06-30T16:10:07","date_gmt":"2023-06-30T23:10:07","guid":{"rendered":"https:\/\/fuentesfidedignas.com.mx\/?p=51538"},"modified":"2023-06-30T19:12:13","modified_gmt":"2023-07-01T02:12:13","slug":"ayuntamiento-de-el-fuerte-realiza-septima-sesion-de-cabildo-abierto-en-san-blas","status":"publish","type":"post","link":"https:\/\/fuentesfidedignas.com.mx\/index.php\/2023\/06\/30\/ayuntamiento-de-el-fuerte-realiza-septima-sesion-de-cabildo-abierto-en-san-blas\/","title":{"rendered":"Ayuntamiento de El Fuerte realiza s\u00e9ptima sesi\u00f3n de Cabildo Abierto en San Blas"},"content":{"rendered":"\n<p><strong><em>Con el objetivo de establecer un dialogo cercano con la poblaci\u00f3n, el mandatario municipal y el gobierno en pleno acudieron a esta s\u00e9ptima edici\u00f3n, que cont\u00f3 con m\u00e1s de treinta ciudadanos interesados en mejorar sus comunidades<\/em><\/strong><\/p>\n\n\n\n<p>El Fuerte, Sin.- La sindicatura de San Blas, fue la s\u00e9ptima sede del Cabildo Abierto en el municipio, el Alcalde Gildardo Leyva Ortega, cuerpo de Regidores y Directores de \u00e1rea, llegaron ante la ciudadan\u00eda con la finalidad de atender las necesidades que con m\u00e1s urgencia demandan. Ante una gran audiencia y m\u00e1s de treinta participaciones registradas, todos los representantes del gobierno municipal se sentaron a escuchar a los habitantes de las localidades cercanas.<\/p>\n\n\n\n<p>Se realizaron peticiones para mejora de alumbrado p\u00fablico, mejoras en drenajes, ampliaciones de electricidad y agua, as\u00ed como techumbres y mejoramiento de aulas, con pintura y equipamiento. Al igual que en las dem\u00e1s ediciones de Cabildo Abierto, todas las peticiones recibieron respuestas positivas por parte del mandatario municipal y colaboradores, de igual forma se hicieron los compromisos de gesti\u00f3n ante las dependencias correspondientes, para peticiones que est\u00e9n fuera de las facultades del municipio. Tal es el caso de los sistemas de agua potable que ya fueron rehabilitados pero a\u00fan se espera las conexiones por parte de CFE para poner a funcionar los equipos de bombeo.<\/p>\n\n\n\n<figure class=\"wp-block-gallery has-nested-images columns-default is-cropped wp-block-gallery-1 is-layout-flex wp-block-gallery-is-layout-flex\">\n<figure class=\"wp-block-image size-large\"><img decoding=\"async\" width=\"640\" height=\"426\" data-id=\"51540\" src=\"https:\/\/fuentesfidedignas.com.mx\/wp-content\/uploads\/2023\/06\/1000085136.jpg\" alt=\"\" class=\"wp-image-51540\" srcset=\"https:\/\/fuentesfidedignas.com.mx\/wp-content\/uploads\/2023\/06\/1000085136.jpg 640w, https:\/\/fuentesfidedignas.com.mx\/wp-content\/uploads\/2023\/06\/1000085136-300x200.jpg 300w\" sizes=\"(max-width: 640px) 100vw, 640px\" \/><\/figure>\n\n\n\n<figure class=\"wp-block-image size-large\"><img decoding=\"async\" width=\"640\" height=\"426\" data-id=\"51539\" src=\"https:\/\/fuentesfidedignas.com.mx\/wp-content\/uploads\/2023\/06\/1000085135.jpg\" alt=\"\" class=\"wp-image-51539\" srcset=\"https:\/\/fuentesfidedignas.com.mx\/wp-content\/uploads\/2023\/06\/1000085135.jpg 640w, https:\/\/fuentesfidedignas.com.mx\/wp-content\/uploads\/2023\/06\/1000085135-300x200.jpg 300w\" sizes=\"(max-width: 640px) 100vw, 640px\" \/><\/figure>\n\n\n\n<figure class=\"wp-block-image size-large\"><img decoding=\"async\" width=\"640\" height=\"426\" data-id=\"51541\" src=\"https:\/\/fuentesfidedignas.com.mx\/wp-content\/uploads\/2023\/06\/1000085134.jpg\" alt=\"\" class=\"wp-image-51541\" srcset=\"https:\/\/fuentesfidedignas.com.mx\/wp-content\/uploads\/2023\/06\/1000085134.jpg 640w, https:\/\/fuentesfidedignas.com.mx\/wp-content\/uploads\/2023\/06\/1000085134-300x200.jpg 300w\" sizes=\"(max-width: 640px) 100vw, 640px\" \/><\/figure>\n\n\n\n<figure class=\"wp-block-image size-large\"><img decoding=\"async\" width=\"640\" height=\"426\" data-id=\"51542\" src=\"https:\/\/fuentesfidedignas.com.mx\/wp-content\/uploads\/2023\/06\/1000085129.jpg\" alt=\"\" class=\"wp-image-51542\" srcset=\"https:\/\/fuentesfidedignas.com.mx\/wp-content\/uploads\/2023\/06\/1000085129.jpg 640w, https:\/\/fuentesfidedignas.com.mx\/wp-content\/uploads\/2023\/06\/1000085129-300x200.jpg 300w\" sizes=\"(max-width: 640px) 100vw, 640px\" \/><\/figure>\n<\/figure>\n\n\n\n<p>Por su parte, el alcalde Gildardo Leyva Ortega, agradeci\u00f3 por la gran participaci\u00f3n de los ciudadanos y asegurando que todas las problem\u00e1ticas ser\u00e1n atendidas por su equipo de trabajo. Reiter\u00f3 su compromiso para continuar colaborando con el S\u00edndico de San Blas, el Ing. Jes\u00fas Uriarte Ram\u00edrez, para sanear las demandas de la ciudadan\u00eda. Adem\u00e1s, el mun\u00edcipe se comprometi\u00f3 a continuar con esta din\u00e1mica, empezando de nueva cuenta por todas las sindicaturas.<\/p>\n\n\n\n<p>\u201c<em>Con toda la buena voluntad acudimos a la sindicatura de San Blas, estuvimos frente a la gente para escuchar sus necesidades. Quiero que est\u00e9n seguros de que cada solicitud que recibimos este d\u00eda, ser\u00e1 atendida por mi equipo de trabajo. Mi respeto para todas y todos los participantes, gracias por ser personas preocupadas por mejorar sus localidades. Los Cabildos Abiertos son ejercicios de participaci\u00f3n ciudadana, que por ley, se tienen que realizar en todos los municipios y nosotros hemos sido ejemplo de eso. Hemos concluido la primera ronda por todas las sindicaturas, pero volveremos por m\u00e1s, por m\u00e1s encuentros con la gente, por m\u00e1s di\u00e1logo, por m\u00e1s soluciones. Porque somos pueblo hecho gobierno y el pueblo es el mejor gestor<\/em>\u201d, manifest\u00f3 el mandatario.<\/p>\n\n\n\n<p>La ciudadan\u00eda manifest\u00f3 su respaldo al alcalde y agradeci\u00f3 la disposici\u00f3n de acudir hasta la sindicatura y poner a disposici\u00f3n a todas las dependencias del gobierno municipal a su servicio. Los pobladores tambien fueron atendidos con consultas m\u00e9dicas gratuitas, cortes de cabello, fisioterapia, tratamiento dental y muchos servicios m\u00e1s.<\/p>\n\n\n\n<figure class=\"wp-block-gallery has-nested-images columns-default is-cropped wp-block-gallery-2 is-layout-flex wp-block-gallery-is-layout-flex\">\n<figure class=\"wp-block-image size-large\"><img decoding=\"async\" width=\"640\" height=\"426\" data-id=\"51543\" src=\"https:\/\/fuentesfidedignas.com.mx\/wp-content\/uploads\/2023\/06\/1000085133.jpg\" alt=\"\" class=\"wp-image-51543\" srcset=\"https:\/\/fuentesfidedignas.com.mx\/wp-content\/uploads\/2023\/06\/1000085133.jpg 640w, https:\/\/fuentesfidedignas.com.mx\/wp-content\/uploads\/2023\/06\/1000085133-300x200.jpg 300w\" sizes=\"(max-width: 640px) 100vw, 640px\" \/><\/figure>\n\n\n\n<figure class=\"wp-block-image size-large\"><img decoding=\"async\" width=\"640\" height=\"426\" data-id=\"51544\" src=\"https:\/\/fuentesfidedignas.com.mx\/wp-content\/uploads\/2023\/06\/1000085128.jpg\" alt=\"\" class=\"wp-image-51544\" srcset=\"https:\/\/fuentesfidedignas.com.mx\/wp-content\/uploads\/2023\/06\/1000085128.jpg 640w, https:\/\/fuentesfidedignas.com.mx\/wp-content\/uploads\/2023\/06\/1000085128-300x200.jpg 300w\" sizes=\"(max-width: 640px) 100vw, 640px\" \/><\/figure>\n\n\n\n<figure class=\"wp-block-image size-large\"><img decoding=\"async\" width=\"640\" height=\"426\" data-id=\"51545\" src=\"https:\/\/fuentesfidedignas.com.mx\/wp-content\/uploads\/2023\/06\/1000085126.jpg\" alt=\"\" class=\"wp-image-51545\" srcset=\"https:\/\/fuentesfidedignas.com.mx\/wp-content\/uploads\/2023\/06\/1000085126.jpg 640w, https:\/\/fuentesfidedignas.com.mx\/wp-content\/uploads\/2023\/06\/1000085126-300x200.jpg 300w\" sizes=\"(max-width: 640px) 100vw, 640px\" \/><\/figure>\n\n\n\n<figure class=\"wp-block-image size-large\"><img decoding=\"async\" width=\"1024\" height=\"682\" data-id=\"51547\" src=\"https:\/\/fuentesfidedignas.com.mx\/wp-content\/uploads\/2023\/06\/1000085131-1024x682.jpg\" alt=\"\" class=\"wp-image-51547\" srcset=\"https:\/\/fuentesfidedignas.com.mx\/wp-content\/uploads\/2023\/06\/1000085131-1024x682.jpg 1024w, https:\/\/fuentesfidedignas.com.mx\/wp-content\/uploads\/2023\/06\/1000085131-300x200.jpg 300w, https:\/\/fuentesfidedignas.com.mx\/wp-content\/uploads\/2023\/06\/1000085131-768x512.jpg 768w, https:\/\/fuentesfidedignas.com.mx\/wp-content\/uploads\/2023\/06\/1000085131-1536x1023.jpg 1536w, https:\/\/fuentesfidedignas.com.mx\/wp-content\/uploads\/2023\/06\/1000085131.jpg 1600w\" sizes=\"(max-width: 1024px) 100vw, 1024px\" \/><\/figure>\n\n\n\n<figure class=\"wp-block-image size-large\"><img decoding=\"async\" width=\"640\" height=\"426\" data-id=\"51546\" src=\"https:\/\/fuentesfidedignas.com.mx\/wp-content\/uploads\/2023\/06\/1000085130.jpg\" alt=\"\" class=\"wp-image-51546\" srcset=\"https:\/\/fuentesfidedignas.com.mx\/wp-content\/uploads\/2023\/06\/1000085130.jpg 640w, https:\/\/fuentesfidedignas.com.mx\/wp-content\/uploads\/2023\/06\/1000085130-300x200.jpg 300w\" sizes=\"(max-width: 640px) 100vw, 640px\" \/><\/figure>\n<\/figure>\n","protected":false},"excerpt":{"rendered":"<p>Con el objetivo de establecer un dialogo cercano con la poblaci\u00f3n, el mandatario municipal y el gobierno en pleno acudieron a esta s\u00e9ptima edici\u00f3n, que cont\u00f3 con m\u00e1s de treinta ciudadanos interesados en mejorar sus comunidades El Fuerte, Sin.- La sindicatura de San Blas, fue la s\u00e9ptima sede del Cabildo Abierto en el municipio, el [&hellip;]<\/p>\n","protected":false},"author":4,"featured_media":51549,"comment_status":"open","ping_status":"open","sticky":false,"template":"","format":"standard","meta":{"tdm_status":"","tdm_grid_status":"","footnotes":""},"categories":[38,1],"tags":[],"class_list":{"0":"post-51538","1":"post","2":"type-post","3":"status-publish","4":"format-standard","5":"has-post-thumbnail","7":"category-noticias-locales","8":"category-sin-categoria"},"yoast_head":"<!-- This site is optimized with the Yoast SEO plugin v27.4 - https:\/\/yoast.com\/product\/yoast-seo-wordpress\/ -->\n<title>Ayuntamiento de El Fuerte realiza s\u00e9ptima sesi\u00f3n de Cabildo Abierto en San Blas - Fuentes Fidedignas<\/title>\n<meta name=\"robots\" content=\"index, follow, max-snippet:-1, max-image-preview:large, max-video-preview:-1\" \/>\n<link rel=\"canonical\" href=\"https:\/\/fuentesfidedignas.com.mx\/index.php\/2023\/06\/30\/ayuntamiento-de-el-fuerte-realiza-septima-sesion-de-cabildo-abierto-en-san-blas\/\" \/>\n<meta property=\"og:locale\" content=\"es_MX\" \/>\n<meta property=\"og:type\" content=\"article\" \/>\n<meta property=\"og:title\" content=\"Ayuntamiento de El Fuerte realiza s\u00e9ptima sesi\u00f3n de Cabildo Abierto en San Blas - Fuentes Fidedignas\" \/>\n<meta property=\"og:description\" content=\"Con el objetivo de establecer un dialogo cercano con la poblaci\u00f3n, el mandatario municipal y el gobierno en pleno acudieron a esta s\u00e9ptima edici\u00f3n, que cont\u00f3 con m\u00e1s de treinta ciudadanos interesados en mejorar sus comunidades El Fuerte, Sin.- La sindicatura de San Blas, fue la s\u00e9ptima sede del Cabildo Abierto en el municipio, el [&hellip;]\" \/>\n<meta property=\"og:url\" content=\"https:\/\/fuentesfidedignas.com.mx\/index.php\/2023\/06\/30\/ayuntamiento-de-el-fuerte-realiza-septima-sesion-de-cabildo-abierto-en-san-blas\/\" \/>\n<meta property=\"og:site_name\" content=\"Fuentes Fidedignas\" \/>\n<meta property=\"article:publisher\" content=\"https:\/\/www.facebook.com\/Fuentes-Fidedignas-368234489921644\" \/>\n<meta property=\"article:published_time\" content=\"2023-06-30T23:10:07+00:00\" \/>\n<meta property=\"article:modified_time\" content=\"2023-07-01T02:12:13+00:00\" \/>\n<meta property=\"og:image\" content=\"https:\/\/fuentesfidedignas.com.mx\/wp-content\/uploads\/2023\/06\/1000085136.jpg\" \/>\n<meta name=\"author\" content=\"Redacci\u00f3n\" \/>\n<meta name=\"twitter:card\" content=\"summary_large_image\" \/>\n<meta name=\"twitter:creator\" content=\"@fidedignas\" \/>\n<meta name=\"twitter:site\" content=\"@fidedignas\" \/>\n<meta name=\"twitter:label1\" content=\"Escrito por\" \/>\n\t<meta name=\"twitter:data1\" content=\"Redacci\u00f3n\" \/>\n\t<meta name=\"twitter:label2\" content=\"Tiempo de lectura\" \/>\n\t<meta name=\"twitter:data2\" content=\"4 minutos\" \/>\n<script type=\"application\/ld+json\" class=\"yoast-schema-graph\">{\"@context\":\"https:\\\/\\\/schema.org\",\"@graph\":[{\"@type\":\"Article\",\"@id\":\"https:\\\/\\\/fuentesfidedignas.com.mx\\\/index.php\\\/2023\\\/06\\\/30\\\/ayuntamiento-de-el-fuerte-realiza-septima-sesion-de-cabildo-abierto-en-san-blas\\\/#article\",\"isPartOf\":{\"@id\":\"https:\\\/\\\/fuentesfidedignas.com.mx\\\/index.php\\\/2023\\\/06\\\/30\\\/ayuntamiento-de-el-fuerte-realiza-septima-sesion-de-cabildo-abierto-en-san-blas\\\/\"},\"author\":{\"name\":\"Redacci\u00f3n\",\"@id\":\"https:\\\/\\\/fuentesfidedignas.com.mx\\\/#\\\/schema\\\/person\\\/331be9283d37198e2acd5750279085b0\"},\"headline\":\"Ayuntamiento de El Fuerte realiza s\u00e9ptima sesi\u00f3n de Cabildo Abierto en San Blas\",\"datePublished\":\"2023-06-30T23:10:07+00:00\",\"dateModified\":\"2023-07-01T02:12:13+00:00\",\"mainEntityOfPage\":{\"@id\":\"https:\\\/\\\/fuentesfidedignas.com.mx\\\/index.php\\\/2023\\\/06\\\/30\\\/ayuntamiento-de-el-fuerte-realiza-septima-sesion-de-cabildo-abierto-en-san-blas\\\/\"},\"wordCount\":509,\"commentCount\":0,\"publisher\":{\"@id\":\"https:\\\/\\\/fuentesfidedignas.com.mx\\\/#organization\"},\"image\":{\"@id\":\"https:\\\/\\\/fuentesfidedignas.com.mx\\\/index.php\\\/2023\\\/06\\\/30\\\/ayuntamiento-de-el-fuerte-realiza-septima-sesion-de-cabildo-abierto-en-san-blas\\\/#primaryimage\"},\"thumbnailUrl\":\"https:\\\/\\\/fuentesfidedignas.com.mx\\\/wp-content\\\/uploads\\\/2023\\\/06\\\/IMG-20230630-WA0039.jpg\",\"articleSection\":[\"NOTICIAS LOCALES\"],\"inLanguage\":\"es\",\"potentialAction\":[{\"@type\":\"CommentAction\",\"name\":\"Comment\",\"target\":[\"https:\\\/\\\/fuentesfidedignas.com.mx\\\/index.php\\\/2023\\\/06\\\/30\\\/ayuntamiento-de-el-fuerte-realiza-septima-sesion-de-cabildo-abierto-en-san-blas\\\/#respond\"]}]},{\"@type\":\"WebPage\",\"@id\":\"https:\\\/\\\/fuentesfidedignas.com.mx\\\/index.php\\\/2023\\\/06\\\/30\\\/ayuntamiento-de-el-fuerte-realiza-septima-sesion-de-cabildo-abierto-en-san-blas\\\/\",\"url\":\"https:\\\/\\\/fuentesfidedignas.com.mx\\\/index.php\\\/2023\\\/06\\\/30\\\/ayuntamiento-de-el-fuerte-realiza-septima-sesion-de-cabildo-abierto-en-san-blas\\\/\",\"name\":\"Ayuntamiento de El Fuerte realiza s\u00e9ptima sesi\u00f3n de Cabildo Abierto en San Blas - Fuentes Fidedignas\",\"isPartOf\":{\"@id\":\"https:\\\/\\\/fuentesfidedignas.com.mx\\\/#website\"},\"primaryImageOfPage\":{\"@id\":\"https:\\\/\\\/fuentesfidedignas.com.mx\\\/index.php\\\/2023\\\/06\\\/30\\\/ayuntamiento-de-el-fuerte-realiza-septima-sesion-de-cabildo-abierto-en-san-blas\\\/#primaryimage\"},\"image\":{\"@id\":\"https:\\\/\\\/fuentesfidedignas.com.mx\\\/index.php\\\/2023\\\/06\\\/30\\\/ayuntamiento-de-el-fuerte-realiza-septima-sesion-de-cabildo-abierto-en-san-blas\\\/#primaryimage\"},\"thumbnailUrl\":\"https:\\\/\\\/fuentesfidedignas.com.mx\\\/wp-content\\\/uploads\\\/2023\\\/06\\\/IMG-20230630-WA0039.jpg\",\"datePublished\":\"2023-06-30T23:10:07+00:00\",\"dateModified\":\"2023-07-01T02:12:13+00:00\",\"breadcrumb\":{\"@id\":\"https:\\\/\\\/fuentesfidedignas.com.mx\\\/index.php\\\/2023\\\/06\\\/30\\\/ayuntamiento-de-el-fuerte-realiza-septima-sesion-de-cabildo-abierto-en-san-blas\\\/#breadcrumb\"},\"inLanguage\":\"es\",\"potentialAction\":[{\"@type\":\"ReadAction\",\"target\":[\"https:\\\/\\\/fuentesfidedignas.com.mx\\\/index.php\\\/2023\\\/06\\\/30\\\/ayuntamiento-de-el-fuerte-realiza-septima-sesion-de-cabildo-abierto-en-san-blas\\\/\"]}]},{\"@type\":\"ImageObject\",\"inLanguage\":\"es\",\"@id\":\"https:\\\/\\\/fuentesfidedignas.com.mx\\\/index.php\\\/2023\\\/06\\\/30\\\/ayuntamiento-de-el-fuerte-realiza-septima-sesion-de-cabildo-abierto-en-san-blas\\\/#primaryimage\",\"url\":\"https:\\\/\\\/fuentesfidedignas.com.mx\\\/wp-content\\\/uploads\\\/2023\\\/06\\\/IMG-20230630-WA0039.jpg\",\"contentUrl\":\"https:\\\/\\\/fuentesfidedignas.com.mx\\\/wp-content\\\/uploads\\\/2023\\\/06\\\/IMG-20230630-WA0039.jpg\",\"width\":640,\"height\":426},{\"@type\":\"BreadcrumbList\",\"@id\":\"https:\\\/\\\/fuentesfidedignas.com.mx\\\/index.php\\\/2023\\\/06\\\/30\\\/ayuntamiento-de-el-fuerte-realiza-septima-sesion-de-cabildo-abierto-en-san-blas\\\/#breadcrumb\",\"itemListElement\":[{\"@type\":\"ListItem\",\"position\":1,\"name\":\"Inicio\",\"item\":\"https:\\\/\\\/fuentesfidedignas.com.mx\\\/\"},{\"@type\":\"ListItem\",\"position\":2,\"name\":\"Ayuntamiento de El Fuerte realiza s\u00e9ptima sesi\u00f3n de Cabildo Abierto en San Blas\"}]},{\"@type\":\"WebSite\",\"@id\":\"https:\\\/\\\/fuentesfidedignas.com.mx\\\/#website\",\"url\":\"https:\\\/\\\/fuentesfidedignas.com.mx\\\/\",\"name\":\"Fuentes Fidedignas\",\"description\":\"Otro sitio realizado con WordPress\",\"publisher\":{\"@id\":\"https:\\\/\\\/fuentesfidedignas.com.mx\\\/#organization\"},\"potentialAction\":[{\"@type\":\"SearchAction\",\"target\":{\"@type\":\"EntryPoint\",\"urlTemplate\":\"https:\\\/\\\/fuentesfidedignas.com.mx\\\/?s={search_term_string}\"},\"query-input\":{\"@type\":\"PropertyValueSpecification\",\"valueRequired\":true,\"valueName\":\"search_term_string\"}}],\"inLanguage\":\"es\"},{\"@type\":\"Organization\",\"@id\":\"https:\\\/\\\/fuentesfidedignas.com.mx\\\/#organization\",\"name\":\"Fuentes Fidedignas\",\"url\":\"https:\\\/\\\/fuentesfidedignas.com.mx\\\/\",\"logo\":{\"@type\":\"ImageObject\",\"inLanguage\":\"es\",\"@id\":\"https:\\\/\\\/fuentesfidedignas.com.mx\\\/#\\\/schema\\\/logo\\\/image\\\/\",\"url\":\"https:\\\/\\\/fuentesfidedignas.com.mx\\\/wp-content\\\/uploads\\\/2021\\\/04\\\/logo-retina.png\",\"contentUrl\":\"https:\\\/\\\/fuentesfidedignas.com.mx\\\/wp-content\\\/uploads\\\/2021\\\/04\\\/logo-retina.png\",\"width\":280,\"height\":51,\"caption\":\"Fuentes Fidedignas\"},\"image\":{\"@id\":\"https:\\\/\\\/fuentesfidedignas.com.mx\\\/#\\\/schema\\\/logo\\\/image\\\/\"},\"sameAs\":[\"https:\\\/\\\/www.facebook.com\\\/Fuentes-Fidedignas-368234489921644\",\"https:\\\/\\\/x.com\\\/fidedignas\"]},{\"@type\":\"Person\",\"@id\":\"https:\\\/\\\/fuentesfidedignas.com.mx\\\/#\\\/schema\\\/person\\\/331be9283d37198e2acd5750279085b0\",\"name\":\"Redacci\u00f3n\",\"image\":{\"@type\":\"ImageObject\",\"inLanguage\":\"es\",\"@id\":\"https:\\\/\\\/secure.gravatar.com\\\/avatar\\\/f6d8782c11d12b2d4ad3fbb6931aeab5309937a4d6cd2fc9cfaa28a6396a5aec?s=96&d=mm&r=g\",\"url\":\"https:\\\/\\\/secure.gravatar.com\\\/avatar\\\/f6d8782c11d12b2d4ad3fbb6931aeab5309937a4d6cd2fc9cfaa28a6396a5aec?s=96&d=mm&r=g\",\"contentUrl\":\"https:\\\/\\\/secure.gravatar.com\\\/avatar\\\/f6d8782c11d12b2d4ad3fbb6931aeab5309937a4d6cd2fc9cfaa28a6396a5aec?s=96&d=mm&r=g\",\"caption\":\"Redacci\u00f3n\"},\"url\":\"https:\\\/\\\/fuentesfidedignas.com.mx\\\/index.php\\\/author\\\/redaccion\\\/\"}]}<\/script>\n<!-- \/ Yoast SEO plugin. -->","yoast_head_json":{"title":"Ayuntamiento de El Fuerte realiza s\u00e9ptima sesi\u00f3n de Cabildo Abierto en San Blas - Fuentes Fidedignas","robots":{"index":"index","follow":"follow","max-snippet":"max-snippet:-1","max-image-preview":"max-image-preview:large","max-video-preview":"max-video-preview:-1"},"canonical":"https:\/\/fuentesfidedignas.com.mx\/index.php\/2023\/06\/30\/ayuntamiento-de-el-fuerte-realiza-septima-sesion-de-cabildo-abierto-en-san-blas\/","og_locale":"es_MX","og_type":"article","og_title":"Ayuntamiento de El Fuerte realiza s\u00e9ptima sesi\u00f3n de Cabildo Abierto en San Blas - Fuentes Fidedignas","og_description":"Con el objetivo de establecer un dialogo cercano con la poblaci\u00f3n, el mandatario municipal y el gobierno en pleno acudieron a esta s\u00e9ptima edici\u00f3n, que cont\u00f3 con m\u00e1s de treinta ciudadanos interesados en mejorar sus comunidades El Fuerte, Sin.- La sindicatura de San Blas, fue la s\u00e9ptima sede del Cabildo Abierto en el municipio, el [&hellip;]","og_url":"https:\/\/fuentesfidedignas.com.mx\/index.php\/2023\/06\/30\/ayuntamiento-de-el-fuerte-realiza-septima-sesion-de-cabildo-abierto-en-san-blas\/","og_site_name":"Fuentes Fidedignas","article_publisher":"https:\/\/www.facebook.com\/Fuentes-Fidedignas-368234489921644","article_published_time":"2023-06-30T23:10:07+00:00","article_modified_time":"2023-07-01T02:12:13+00:00","og_image":[{"url":"https:\/\/fuentesfidedignas.com.mx\/wp-content\/uploads\/2023\/06\/1000085136.jpg","type":"","width":"","height":""}],"author":"Redacci\u00f3n","twitter_card":"summary_large_image","twitter_creator":"@fidedignas","twitter_site":"@fidedignas","twitter_misc":{"Escrito por":"Redacci\u00f3n","Tiempo de lectura":"4 minutos"},"schema":{"@context":"https:\/\/schema.org","@graph":[{"@type":"Article","@id":"https:\/\/fuentesfidedignas.com.mx\/index.php\/2023\/06\/30\/ayuntamiento-de-el-fuerte-realiza-septima-sesion-de-cabildo-abierto-en-san-blas\/#article","isPartOf":{"@id":"https:\/\/fuentesfidedignas.com.mx\/index.php\/2023\/06\/30\/ayuntamiento-de-el-fuerte-realiza-septima-sesion-de-cabildo-abierto-en-san-blas\/"},"author":{"name":"Redacci\u00f3n","@id":"https:\/\/fuentesfidedignas.com.mx\/#\/schema\/person\/331be9283d37198e2acd5750279085b0"},"headline":"Ayuntamiento de El Fuerte realiza s\u00e9ptima sesi\u00f3n de Cabildo Abierto en San Blas","datePublished":"2023-06-30T23:10:07+00:00","dateModified":"2023-07-01T02:12:13+00:00","mainEntityOfPage":{"@id":"https:\/\/fuentesfidedignas.com.mx\/index.php\/2023\/06\/30\/ayuntamiento-de-el-fuerte-realiza-septima-sesion-de-cabildo-abierto-en-san-blas\/"},"wordCount":509,"commentCount":0,"publisher":{"@id":"https:\/\/fuentesfidedignas.com.mx\/#organization"},"image":{"@id":"https:\/\/fuentesfidedignas.com.mx\/index.php\/2023\/06\/30\/ayuntamiento-de-el-fuerte-realiza-septima-sesion-de-cabildo-abierto-en-san-blas\/#primaryimage"},"thumbnailUrl":"https:\/\/fuentesfidedignas.com.mx\/wp-content\/uploads\/2023\/06\/IMG-20230630-WA0039.jpg","articleSection":["NOTICIAS LOCALES"],"inLanguage":"es","potentialAction":[{"@type":"CommentAction","name":"Comment","target":["https:\/\/fuentesfidedignas.com.mx\/index.php\/2023\/06\/30\/ayuntamiento-de-el-fuerte-realiza-septima-sesion-de-cabildo-abierto-en-san-blas\/#respond"]}]},{"@type":"WebPage","@id":"https:\/\/fuentesfidedignas.com.mx\/index.php\/2023\/06\/30\/ayuntamiento-de-el-fuerte-realiza-septima-sesion-de-cabildo-abierto-en-san-blas\/","url":"https:\/\/fuentesfidedignas.com.mx\/index.php\/2023\/06\/30\/ayuntamiento-de-el-fuerte-realiza-septima-sesion-de-cabildo-abierto-en-san-blas\/","name":"Ayuntamiento de El Fuerte realiza s\u00e9ptima sesi\u00f3n de Cabildo Abierto en San Blas - Fuentes Fidedignas","isPartOf":{"@id":"https:\/\/fuentesfidedignas.com.mx\/#website"},"primaryImageOfPage":{"@id":"https:\/\/fuentesfidedignas.com.mx\/index.php\/2023\/06\/30\/ayuntamiento-de-el-fuerte-realiza-septima-sesion-de-cabildo-abierto-en-san-blas\/#primaryimage"},"image":{"@id":"https:\/\/fuentesfidedignas.com.mx\/index.php\/2023\/06\/30\/ayuntamiento-de-el-fuerte-realiza-septima-sesion-de-cabildo-abierto-en-san-blas\/#primaryimage"},"thumbnailUrl":"https:\/\/fuentesfidedignas.com.mx\/wp-content\/uploads\/2023\/06\/IMG-20230630-WA0039.jpg","datePublished":"2023-06-30T23:10:07+00:00","dateModified":"2023-07-01T02:12:13+00:00","breadcrumb":{"@id":"https:\/\/fuentesfidedignas.com.mx\/index.php\/2023\/06\/30\/ayuntamiento-de-el-fuerte-realiza-septima-sesion-de-cabildo-abierto-en-san-blas\/#breadcrumb"},"inLanguage":"es","potentialAction":[{"@type":"ReadAction","target":["https:\/\/fuentesfidedignas.com.mx\/index.php\/2023\/06\/30\/ayuntamiento-de-el-fuerte-realiza-septima-sesion-de-cabildo-abierto-en-san-blas\/"]}]},{"@type":"ImageObject","inLanguage":"es","@id":"https:\/\/fuentesfidedignas.com.mx\/index.php\/2023\/06\/30\/ayuntamiento-de-el-fuerte-realiza-septima-sesion-de-cabildo-abierto-en-san-blas\/#primaryimage","url":"https:\/\/fuentesfidedignas.com.mx\/wp-content\/uploads\/2023\/06\/IMG-20230630-WA0039.jpg","contentUrl":"https:\/\/fuentesfidedignas.com.mx\/wp-content\/uploads\/2023\/06\/IMG-20230630-WA0039.jpg","width":640,"height":426},{"@type":"BreadcrumbList","@id":"https:\/\/fuentesfidedignas.com.mx\/index.php\/2023\/06\/30\/ayuntamiento-de-el-fuerte-realiza-septima-sesion-de-cabildo-abierto-en-san-blas\/#breadcrumb","itemListElement":[{"@type":"ListItem","position":1,"name":"Inicio","item":"https:\/\/fuentesfidedignas.com.mx\/"},{"@type":"ListItem","position":2,"name":"Ayuntamiento de El Fuerte realiza s\u00e9ptima sesi\u00f3n de Cabildo Abierto en San Blas"}]},{"@type":"WebSite","@id":"https:\/\/fuentesfidedignas.com.mx\/#website","url":"https:\/\/fuentesfidedignas.com.mx\/","name":"Fuentes Fidedignas","description":"Otro sitio realizado con WordPress","publisher":{"@id":"https:\/\/fuentesfidedignas.com.mx\/#organization"},"potentialAction":[{"@type":"SearchAction","target":{"@type":"EntryPoint","urlTemplate":"https:\/\/fuentesfidedignas.com.mx\/?s={search_term_string}"},"query-input":{"@type":"PropertyValueSpecification","valueRequired":true,"valueName":"search_term_string"}}],"inLanguage":"es"},{"@type":"Organization","@id":"https:\/\/fuentesfidedignas.com.mx\/#organization","name":"Fuentes Fidedignas","url":"https:\/\/fuentesfidedignas.com.mx\/","logo":{"@type":"ImageObject","inLanguage":"es","@id":"https:\/\/fuentesfidedignas.com.mx\/#\/schema\/logo\/image\/","url":"https:\/\/fuentesfidedignas.com.mx\/wp-content\/uploads\/2021\/04\/logo-retina.png","contentUrl":"https:\/\/fuentesfidedignas.com.mx\/wp-content\/uploads\/2021\/04\/logo-retina.png","width":280,"height":51,"caption":"Fuentes Fidedignas"},"image":{"@id":"https:\/\/fuentesfidedignas.com.mx\/#\/schema\/logo\/image\/"},"sameAs":["https:\/\/www.facebook.com\/Fuentes-Fidedignas-368234489921644","https:\/\/x.com\/fidedignas"]},{"@type":"Person","@id":"https:\/\/fuentesfidedignas.com.mx\/#\/schema\/person\/331be9283d37198e2acd5750279085b0","name":"Redacci\u00f3n","image":{"@type":"ImageObject","inLanguage":"es","@id":"https:\/\/secure.gravatar.com\/avatar\/f6d8782c11d12b2d4ad3fbb6931aeab5309937a4d6cd2fc9cfaa28a6396a5aec?s=96&d=mm&r=g","url":"https:\/\/secure.gravatar.com\/avatar\/f6d8782c11d12b2d4ad3fbb6931aeab5309937a4d6cd2fc9cfaa28a6396a5aec?s=96&d=mm&r=g","contentUrl":"https:\/\/secure.gravatar.com\/avatar\/f6d8782c11d12b2d4ad3fbb6931aeab5309937a4d6cd2fc9cfaa28a6396a5aec?s=96&d=mm&r=g","caption":"Redacci\u00f3n"},"url":"https:\/\/fuentesfidedignas.com.mx\/index.php\/author\/redaccion\/"}]}},"_links":{"self":[{"href":"https:\/\/fuentesfidedignas.com.mx\/index.php\/wp-json\/wp\/v2\/posts\/51538","targetHints":{"allow":["GET"]}}],"collection":[{"href":"https:\/\/fuentesfidedignas.com.mx\/index.php\/wp-json\/wp\/v2\/posts"}],"about":[{"href":"https:\/\/fuentesfidedignas.com.mx\/index.php\/wp-json\/wp\/v2\/types\/post"}],"author":[{"embeddable":true,"href":"https:\/\/fuentesfidedignas.com.mx\/index.php\/wp-json\/wp\/v2\/users\/4"}],"replies":[{"embeddable":true,"href":"https:\/\/fuentesfidedignas.com.mx\/index.php\/wp-json\/wp\/v2\/comments?post=51538"}],"version-history":[{"count":1,"href":"https:\/\/fuentesfidedignas.com.mx\/index.php\/wp-json\/wp\/v2\/posts\/51538\/revisions"}],"predecessor-version":[{"id":51548,"href":"https:\/\/fuentesfidedignas.com.mx\/index.php\/wp-json\/wp\/v2\/posts\/51538\/revisions\/51548"}],"wp:featuredmedia":[{"embeddable":true,"href":"https:\/\/fuentesfidedignas.com.mx\/index.php\/wp-json\/wp\/v2\/media\/51549"}],"wp:attachment":[{"href":"https:\/\/fuentesfidedignas.com.mx\/index.php\/wp-json\/wp\/v2\/media?parent=51538"}],"wp:term":[{"taxonomy":"category","embeddable":true,"href":"https:\/\/fuentesfidedignas.com.mx\/index.php\/wp-json\/wp\/v2\/categories?post=51538"},{"taxonomy":"post_tag","embeddable":true,"href":"https:\/\/fuentesfidedignas.com.mx\/index.php\/wp-json\/wp\/v2\/tags?post=51538"}],"curies":[{"name":"wp","href":"https:\/\/api.w.org\/{rel}","templated":true}]}}