{"id":51532,"date":"2023-06-30T13:31:05","date_gmt":"2023-06-30T20:31:05","guid":{"rendered":"https:\/\/fuentesfidedignas.com.mx\/?p=51532"},"modified":"2023-06-30T16:10:39","modified_gmt":"2023-06-30T23:10:39","slug":"checo-perez-estalla-contra-el-sistema-de-la-f1-tan-malo","status":"publish","type":"post","link":"https:\/\/fuentesfidedignas.com.mx\/index.php\/2023\/06\/30\/checo-perez-estalla-contra-el-sistema-de-la-f1-tan-malo\/","title":{"rendered":"&#8216;Checo&#8217; P\u00e9rez estalla contra el sistema de la F1: \u2018tan malo\u2019"},"content":{"rendered":"\n<p><strong><em>El mexicano no se guard\u00f3 nada tras quedar eliminado en la Q2 del Gran Premio de Austria 2023. Por otro lado, revel\u00f3 que no est\u00e1 al cien por ciento<\/em><\/strong><\/p>\n\n\n\n<p>Tras quedar eliminado en la Q2, el piloto mexicano\u00a0<strong>Sergio \u2018Checo\u2019 P\u00e9rez<\/strong>\u00a0estall\u00f3 contra el sistema de la F1 sobre los l\u00edmites de pista y asegur\u00f3 que \u201ces tan malo\u201d que no consideraron algunas circunstancias que sucedieron en la calificaci\u00f3n del\u00a0<strong>Gran Premio de Austria 2023<\/strong>.<\/p>\n\n\n\n<p>\u201cTen\u00edamos un problema de comunicaci\u00f3n porque pens\u00e1bamos que era en el 9, pero de hecho era en la entrada a la 10. Una vez que nos lo dijeron tom\u00e9 mis precauciones y en la \u00faltima parte de la calificaci\u00f3n ven\u00eda en una muy buena vuelta y de repente me sale (Alexander) Albon y pierdo todo el agarre y me voy derecho y no pudieron considerar.\u00a0<strong>Su sistema tan malo que tienen para poder considerar lo que pas\u00f3\u201d,\u00a0<\/strong>dijo\u00a0<strong>\u2018Checo\u2019 P\u00e9rez<\/strong>\u00a0a los micr\u00f3fonos de\u00a0<em>Fox Sports<\/em>.<\/p>\n\n\n\n<figure class=\"wp-block-embed is-type-rich is-provider-twitter wp-block-embed-twitter\"><div class=\"wp-block-embed__wrapper\">\n<blockquote class=\"twitter-tweet\" data-width=\"550\" data-dnt=\"true\"><p lang=\"en\" dir=\"ltr\">Perez has his lap time deleted again \ud83d\udc40<br><br>The Mexican driver is out in Q2 \u274c<a href=\"https:\/\/twitter.com\/hashtag\/AustrianGP?src=hash&amp;ref_src=twsrc%5Etfw\">#AustrianGP<\/a> <a href=\"https:\/\/twitter.com\/hashtag\/F1?src=hash&amp;ref_src=twsrc%5Etfw\">#F1<\/a> <a href=\"https:\/\/t.co\/uYpLmE4Rq2\">pic.twitter.com\/uYpLmE4Rq2<\/a><\/p>&mdash; Formula 1 (@F1) <a href=\"https:\/\/twitter.com\/F1\/status\/1674807669725491200?ref_src=twsrc%5Etfw\">June 30, 2023<\/a><\/blockquote><script async src=\"https:\/\/platform.twitter.com\/widgets.js\" charset=\"utf-8\"><\/script>\n<\/div><\/figure>\n\n\n\n<p>El tapat\u00edo reiter\u00f3 su molestia con el sistema, luego que en la Q2 le quitaron tres vueltas por exceder el l\u00edmite de la pista, por lo que el pr\u00f3ximo domingo saldr\u00e1 en la posici\u00f3n 15.<\/p>\n\n\n\n<p>\u201cEs un sistema, hay una persona en la computadora viendo, a puro tacto visual, y no consideran nada absolutamente. Perd\u00ed tiempo, me fui derecho, me bloquearon en mi vuelta y al final me sacan de la Q3\u201d, agreg\u00f3.<\/p>\n\n\n\n<p>Sergio P\u00e9rez se ausent\u00f3 ayer por un problema de salud, aunque no se revel\u00f3 su padecimiento. Este viernes, el\u00a0<strong>mexicano asegur\u00f3 que no se encuentra al cien por ciento<\/strong>.<\/p>\n\n\n\n<p>\u201cNo me siento muy bien, no estoy al cien por ciento, pero a\u00fan as\u00ed ten\u00edamos un gran auto para tener una muy buena calificaci\u00f3n y desafortunadamente este sistema que no considera nada\u201d, apunt\u00f3.<\/p>\n","protected":false},"excerpt":{"rendered":"<p>El mexicano no se guard\u00f3 nada tras quedar eliminado en la Q2 del Gran Premio de Austria 2023. Por otro lado, revel\u00f3 que no est\u00e1 al cien por ciento Tras quedar eliminado en la Q2, el piloto mexicano\u00a0Sergio \u2018Checo\u2019 P\u00e9rez\u00a0estall\u00f3 contra el sistema de la F1 sobre los l\u00edmites de pista y asegur\u00f3 que \u201ces [&hellip;]<\/p>\n","protected":false},"author":7,"featured_media":51534,"comment_status":"open","ping_status":"open","sticky":false,"template":"","format":"standard","meta":{"tdm_status":"","tdm_grid_status":"","footnotes":""},"categories":[39,1],"tags":[],"class_list":{"0":"post-51532","1":"post","2":"type-post","3":"status-publish","4":"format-standard","5":"has-post-thumbnail","7":"category-noticias-nacionales","8":"category-sin-categoria"},"yoast_head":"<!-- This site is optimized with the Yoast SEO plugin v27.4 - https:\/\/yoast.com\/product\/yoast-seo-wordpress\/ -->\n<title>&#039;Checo&#039; P\u00e9rez estalla contra el sistema de la F1: \u2018tan malo\u2019 - Fuentes Fidedignas<\/title>\n<meta name=\"robots\" content=\"index, follow, max-snippet:-1, max-image-preview:large, max-video-preview:-1\" \/>\n<link rel=\"canonical\" href=\"https:\/\/fuentesfidedignas.com.mx\/index.php\/2023\/06\/30\/checo-perez-estalla-contra-el-sistema-de-la-f1-tan-malo\/\" \/>\n<meta property=\"og:locale\" content=\"es_MX\" \/>\n<meta property=\"og:type\" content=\"article\" \/>\n<meta property=\"og:title\" content=\"&#039;Checo&#039; P\u00e9rez estalla contra el sistema de la F1: \u2018tan malo\u2019 - Fuentes Fidedignas\" \/>\n<meta property=\"og:description\" content=\"El mexicano no se guard\u00f3 nada tras quedar eliminado en la Q2 del Gran Premio de Austria 2023. Por otro lado, revel\u00f3 que no est\u00e1 al cien por ciento Tras quedar eliminado en la Q2, el piloto mexicano\u00a0Sergio \u2018Checo\u2019 P\u00e9rez\u00a0estall\u00f3 contra el sistema de la F1 sobre los l\u00edmites de pista y asegur\u00f3 que \u201ces [&hellip;]\" \/>\n<meta property=\"og:url\" content=\"https:\/\/fuentesfidedignas.com.mx\/index.php\/2023\/06\/30\/checo-perez-estalla-contra-el-sistema-de-la-f1-tan-malo\/\" \/>\n<meta property=\"og:site_name\" content=\"Fuentes Fidedignas\" \/>\n<meta property=\"article:publisher\" content=\"https:\/\/www.facebook.com\/Fuentes-Fidedignas-368234489921644\" \/>\n<meta property=\"article:published_time\" content=\"2023-06-30T20:31:05+00:00\" \/>\n<meta property=\"article:modified_time\" content=\"2023-06-30T23:10:39+00:00\" \/>\n<meta property=\"og:image\" content=\"https:\/\/fuentesfidedignas.com.mx\/wp-content\/uploads\/2023\/06\/2971444.jpg\" \/>\n\t<meta property=\"og:image:width\" content=\"664\" \/>\n\t<meta property=\"og:image:height\" content=\"498\" \/>\n\t<meta property=\"og:image:type\" content=\"image\/jpeg\" \/>\n<meta name=\"author\" content=\"Exc\u00e9lsior\" \/>\n<meta name=\"twitter:card\" content=\"summary_large_image\" \/>\n<meta name=\"twitter:creator\" content=\"@fidedignas\" \/>\n<meta name=\"twitter:site\" content=\"@fidedignas\" \/>\n<meta name=\"twitter:label1\" content=\"Escrito por\" \/>\n\t<meta name=\"twitter:data1\" content=\"Exc\u00e9lsior\" \/>\n\t<meta name=\"twitter:label2\" content=\"Tiempo de lectura\" \/>\n\t<meta name=\"twitter:data2\" content=\"2 minutos\" \/>\n<script type=\"application\/ld+json\" class=\"yoast-schema-graph\">{\"@context\":\"https:\\\/\\\/schema.org\",\"@graph\":[{\"@type\":\"Article\",\"@id\":\"https:\\\/\\\/fuentesfidedignas.com.mx\\\/index.php\\\/2023\\\/06\\\/30\\\/checo-perez-estalla-contra-el-sistema-de-la-f1-tan-malo\\\/#article\",\"isPartOf\":{\"@id\":\"https:\\\/\\\/fuentesfidedignas.com.mx\\\/index.php\\\/2023\\\/06\\\/30\\\/checo-perez-estalla-contra-el-sistema-de-la-f1-tan-malo\\\/\"},\"author\":{\"name\":\"Exc\u00e9lsior\",\"@id\":\"https:\\\/\\\/fuentesfidedignas.com.mx\\\/#\\\/schema\\\/person\\\/ec4edd1fbf5efa3e44fce34fe2787780\"},\"headline\":\"&#8216;Checo&#8217; P\u00e9rez estalla contra el sistema de la F1: \u2018tan malo\u2019\",\"datePublished\":\"2023-06-30T20:31:05+00:00\",\"dateModified\":\"2023-06-30T23:10:39+00:00\",\"mainEntityOfPage\":{\"@id\":\"https:\\\/\\\/fuentesfidedignas.com.mx\\\/index.php\\\/2023\\\/06\\\/30\\\/checo-perez-estalla-contra-el-sistema-de-la-f1-tan-malo\\\/\"},\"wordCount\":332,\"commentCount\":0,\"publisher\":{\"@id\":\"https:\\\/\\\/fuentesfidedignas.com.mx\\\/#organization\"},\"image\":{\"@id\":\"https:\\\/\\\/fuentesfidedignas.com.mx\\\/index.php\\\/2023\\\/06\\\/30\\\/checo-perez-estalla-contra-el-sistema-de-la-f1-tan-malo\\\/#primaryimage\"},\"thumbnailUrl\":\"https:\\\/\\\/fuentesfidedignas.com.mx\\\/wp-content\\\/uploads\\\/2023\\\/06\\\/2971444.jpg\",\"articleSection\":[\"NOTICIAS NACIONALES\"],\"inLanguage\":\"es\",\"potentialAction\":[{\"@type\":\"CommentAction\",\"name\":\"Comment\",\"target\":[\"https:\\\/\\\/fuentesfidedignas.com.mx\\\/index.php\\\/2023\\\/06\\\/30\\\/checo-perez-estalla-contra-el-sistema-de-la-f1-tan-malo\\\/#respond\"]}]},{\"@type\":\"WebPage\",\"@id\":\"https:\\\/\\\/fuentesfidedignas.com.mx\\\/index.php\\\/2023\\\/06\\\/30\\\/checo-perez-estalla-contra-el-sistema-de-la-f1-tan-malo\\\/\",\"url\":\"https:\\\/\\\/fuentesfidedignas.com.mx\\\/index.php\\\/2023\\\/06\\\/30\\\/checo-perez-estalla-contra-el-sistema-de-la-f1-tan-malo\\\/\",\"name\":\"'Checo' P\u00e9rez estalla contra el sistema de la F1: \u2018tan malo\u2019 - Fuentes Fidedignas\",\"isPartOf\":{\"@id\":\"https:\\\/\\\/fuentesfidedignas.com.mx\\\/#website\"},\"primaryImageOfPage\":{\"@id\":\"https:\\\/\\\/fuentesfidedignas.com.mx\\\/index.php\\\/2023\\\/06\\\/30\\\/checo-perez-estalla-contra-el-sistema-de-la-f1-tan-malo\\\/#primaryimage\"},\"image\":{\"@id\":\"https:\\\/\\\/fuentesfidedignas.com.mx\\\/index.php\\\/2023\\\/06\\\/30\\\/checo-perez-estalla-contra-el-sistema-de-la-f1-tan-malo\\\/#primaryimage\"},\"thumbnailUrl\":\"https:\\\/\\\/fuentesfidedignas.com.mx\\\/wp-content\\\/uploads\\\/2023\\\/06\\\/2971444.jpg\",\"datePublished\":\"2023-06-30T20:31:05+00:00\",\"dateModified\":\"2023-06-30T23:10:39+00:00\",\"breadcrumb\":{\"@id\":\"https:\\\/\\\/fuentesfidedignas.com.mx\\\/index.php\\\/2023\\\/06\\\/30\\\/checo-perez-estalla-contra-el-sistema-de-la-f1-tan-malo\\\/#breadcrumb\"},\"inLanguage\":\"es\",\"potentialAction\":[{\"@type\":\"ReadAction\",\"target\":[\"https:\\\/\\\/fuentesfidedignas.com.mx\\\/index.php\\\/2023\\\/06\\\/30\\\/checo-perez-estalla-contra-el-sistema-de-la-f1-tan-malo\\\/\"]}]},{\"@type\":\"ImageObject\",\"inLanguage\":\"es\",\"@id\":\"https:\\\/\\\/fuentesfidedignas.com.mx\\\/index.php\\\/2023\\\/06\\\/30\\\/checo-perez-estalla-contra-el-sistema-de-la-f1-tan-malo\\\/#primaryimage\",\"url\":\"https:\\\/\\\/fuentesfidedignas.com.mx\\\/wp-content\\\/uploads\\\/2023\\\/06\\\/2971444.jpg\",\"contentUrl\":\"https:\\\/\\\/fuentesfidedignas.com.mx\\\/wp-content\\\/uploads\\\/2023\\\/06\\\/2971444.jpg\",\"width\":664,\"height\":498},{\"@type\":\"BreadcrumbList\",\"@id\":\"https:\\\/\\\/fuentesfidedignas.com.mx\\\/index.php\\\/2023\\\/06\\\/30\\\/checo-perez-estalla-contra-el-sistema-de-la-f1-tan-malo\\\/#breadcrumb\",\"itemListElement\":[{\"@type\":\"ListItem\",\"position\":1,\"name\":\"Inicio\",\"item\":\"https:\\\/\\\/fuentesfidedignas.com.mx\\\/\"},{\"@type\":\"ListItem\",\"position\":2,\"name\":\"&#8216;Checo&#8217; P\u00e9rez estalla contra el sistema de la F1: \u2018tan malo\u2019\"}]},{\"@type\":\"WebSite\",\"@id\":\"https:\\\/\\\/fuentesfidedignas.com.mx\\\/#website\",\"url\":\"https:\\\/\\\/fuentesfidedignas.com.mx\\\/\",\"name\":\"Fuentes Fidedignas\",\"description\":\"Otro sitio realizado con WordPress\",\"publisher\":{\"@id\":\"https:\\\/\\\/fuentesfidedignas.com.mx\\\/#organization\"},\"potentialAction\":[{\"@type\":\"SearchAction\",\"target\":{\"@type\":\"EntryPoint\",\"urlTemplate\":\"https:\\\/\\\/fuentesfidedignas.com.mx\\\/?s={search_term_string}\"},\"query-input\":{\"@type\":\"PropertyValueSpecification\",\"valueRequired\":true,\"valueName\":\"search_term_string\"}}],\"inLanguage\":\"es\"},{\"@type\":\"Organization\",\"@id\":\"https:\\\/\\\/fuentesfidedignas.com.mx\\\/#organization\",\"name\":\"Fuentes Fidedignas\",\"url\":\"https:\\\/\\\/fuentesfidedignas.com.mx\\\/\",\"logo\":{\"@type\":\"ImageObject\",\"inLanguage\":\"es\",\"@id\":\"https:\\\/\\\/fuentesfidedignas.com.mx\\\/#\\\/schema\\\/logo\\\/image\\\/\",\"url\":\"https:\\\/\\\/fuentesfidedignas.com.mx\\\/wp-content\\\/uploads\\\/2021\\\/04\\\/logo-retina.png\",\"contentUrl\":\"https:\\\/\\\/fuentesfidedignas.com.mx\\\/wp-content\\\/uploads\\\/2021\\\/04\\\/logo-retina.png\",\"width\":280,\"height\":51,\"caption\":\"Fuentes Fidedignas\"},\"image\":{\"@id\":\"https:\\\/\\\/fuentesfidedignas.com.mx\\\/#\\\/schema\\\/logo\\\/image\\\/\"},\"sameAs\":[\"https:\\\/\\\/www.facebook.com\\\/Fuentes-Fidedignas-368234489921644\",\"https:\\\/\\\/x.com\\\/fidedignas\"]},{\"@type\":\"Person\",\"@id\":\"https:\\\/\\\/fuentesfidedignas.com.mx\\\/#\\\/schema\\\/person\\\/ec4edd1fbf5efa3e44fce34fe2787780\",\"name\":\"Exc\u00e9lsior\",\"image\":{\"@type\":\"ImageObject\",\"inLanguage\":\"es\",\"@id\":\"https:\\\/\\\/secure.gravatar.com\\\/avatar\\\/4b7ee9206b48be08447852b3f0814dbc7c0f3b51541b164f1464a2725614020b?s=96&d=mm&r=g\",\"url\":\"https:\\\/\\\/secure.gravatar.com\\\/avatar\\\/4b7ee9206b48be08447852b3f0814dbc7c0f3b51541b164f1464a2725614020b?s=96&d=mm&r=g\",\"contentUrl\":\"https:\\\/\\\/secure.gravatar.com\\\/avatar\\\/4b7ee9206b48be08447852b3f0814dbc7c0f3b51541b164f1464a2725614020b?s=96&d=mm&r=g\",\"caption\":\"Exc\u00e9lsior\"},\"url\":\"https:\\\/\\\/fuentesfidedignas.com.mx\\\/index.php\\\/author\\\/excelsior\\\/\"}]}<\/script>\n<!-- \/ Yoast SEO plugin. -->","yoast_head_json":{"title":"'Checo' P\u00e9rez estalla contra el sistema de la F1: \u2018tan malo\u2019 - Fuentes Fidedignas","robots":{"index":"index","follow":"follow","max-snippet":"max-snippet:-1","max-image-preview":"max-image-preview:large","max-video-preview":"max-video-preview:-1"},"canonical":"https:\/\/fuentesfidedignas.com.mx\/index.php\/2023\/06\/30\/checo-perez-estalla-contra-el-sistema-de-la-f1-tan-malo\/","og_locale":"es_MX","og_type":"article","og_title":"'Checo' P\u00e9rez estalla contra el sistema de la F1: \u2018tan malo\u2019 - Fuentes Fidedignas","og_description":"El mexicano no se guard\u00f3 nada tras quedar eliminado en la Q2 del Gran Premio de Austria 2023. Por otro lado, revel\u00f3 que no est\u00e1 al cien por ciento Tras quedar eliminado en la Q2, el piloto mexicano\u00a0Sergio \u2018Checo\u2019 P\u00e9rez\u00a0estall\u00f3 contra el sistema de la F1 sobre los l\u00edmites de pista y asegur\u00f3 que \u201ces [&hellip;]","og_url":"https:\/\/fuentesfidedignas.com.mx\/index.php\/2023\/06\/30\/checo-perez-estalla-contra-el-sistema-de-la-f1-tan-malo\/","og_site_name":"Fuentes Fidedignas","article_publisher":"https:\/\/www.facebook.com\/Fuentes-Fidedignas-368234489921644","article_published_time":"2023-06-30T20:31:05+00:00","article_modified_time":"2023-06-30T23:10:39+00:00","og_image":[{"width":664,"height":498,"url":"https:\/\/fuentesfidedignas.com.mx\/wp-content\/uploads\/2023\/06\/2971444.jpg","type":"image\/jpeg"}],"author":"Exc\u00e9lsior","twitter_card":"summary_large_image","twitter_creator":"@fidedignas","twitter_site":"@fidedignas","twitter_misc":{"Escrito por":"Exc\u00e9lsior","Tiempo de lectura":"2 minutos"},"schema":{"@context":"https:\/\/schema.org","@graph":[{"@type":"Article","@id":"https:\/\/fuentesfidedignas.com.mx\/index.php\/2023\/06\/30\/checo-perez-estalla-contra-el-sistema-de-la-f1-tan-malo\/#article","isPartOf":{"@id":"https:\/\/fuentesfidedignas.com.mx\/index.php\/2023\/06\/30\/checo-perez-estalla-contra-el-sistema-de-la-f1-tan-malo\/"},"author":{"name":"Exc\u00e9lsior","@id":"https:\/\/fuentesfidedignas.com.mx\/#\/schema\/person\/ec4edd1fbf5efa3e44fce34fe2787780"},"headline":"&#8216;Checo&#8217; P\u00e9rez estalla contra el sistema de la F1: \u2018tan malo\u2019","datePublished":"2023-06-30T20:31:05+00:00","dateModified":"2023-06-30T23:10:39+00:00","mainEntityOfPage":{"@id":"https:\/\/fuentesfidedignas.com.mx\/index.php\/2023\/06\/30\/checo-perez-estalla-contra-el-sistema-de-la-f1-tan-malo\/"},"wordCount":332,"commentCount":0,"publisher":{"@id":"https:\/\/fuentesfidedignas.com.mx\/#organization"},"image":{"@id":"https:\/\/fuentesfidedignas.com.mx\/index.php\/2023\/06\/30\/checo-perez-estalla-contra-el-sistema-de-la-f1-tan-malo\/#primaryimage"},"thumbnailUrl":"https:\/\/fuentesfidedignas.com.mx\/wp-content\/uploads\/2023\/06\/2971444.jpg","articleSection":["NOTICIAS NACIONALES"],"inLanguage":"es","potentialAction":[{"@type":"CommentAction","name":"Comment","target":["https:\/\/fuentesfidedignas.com.mx\/index.php\/2023\/06\/30\/checo-perez-estalla-contra-el-sistema-de-la-f1-tan-malo\/#respond"]}]},{"@type":"WebPage","@id":"https:\/\/fuentesfidedignas.com.mx\/index.php\/2023\/06\/30\/checo-perez-estalla-contra-el-sistema-de-la-f1-tan-malo\/","url":"https:\/\/fuentesfidedignas.com.mx\/index.php\/2023\/06\/30\/checo-perez-estalla-contra-el-sistema-de-la-f1-tan-malo\/","name":"'Checo' P\u00e9rez estalla contra el sistema de la F1: \u2018tan malo\u2019 - Fuentes Fidedignas","isPartOf":{"@id":"https:\/\/fuentesfidedignas.com.mx\/#website"},"primaryImageOfPage":{"@id":"https:\/\/fuentesfidedignas.com.mx\/index.php\/2023\/06\/30\/checo-perez-estalla-contra-el-sistema-de-la-f1-tan-malo\/#primaryimage"},"image":{"@id":"https:\/\/fuentesfidedignas.com.mx\/index.php\/2023\/06\/30\/checo-perez-estalla-contra-el-sistema-de-la-f1-tan-malo\/#primaryimage"},"thumbnailUrl":"https:\/\/fuentesfidedignas.com.mx\/wp-content\/uploads\/2023\/06\/2971444.jpg","datePublished":"2023-06-30T20:31:05+00:00","dateModified":"2023-06-30T23:10:39+00:00","breadcrumb":{"@id":"https:\/\/fuentesfidedignas.com.mx\/index.php\/2023\/06\/30\/checo-perez-estalla-contra-el-sistema-de-la-f1-tan-malo\/#breadcrumb"},"inLanguage":"es","potentialAction":[{"@type":"ReadAction","target":["https:\/\/fuentesfidedignas.com.mx\/index.php\/2023\/06\/30\/checo-perez-estalla-contra-el-sistema-de-la-f1-tan-malo\/"]}]},{"@type":"ImageObject","inLanguage":"es","@id":"https:\/\/fuentesfidedignas.com.mx\/index.php\/2023\/06\/30\/checo-perez-estalla-contra-el-sistema-de-la-f1-tan-malo\/#primaryimage","url":"https:\/\/fuentesfidedignas.com.mx\/wp-content\/uploads\/2023\/06\/2971444.jpg","contentUrl":"https:\/\/fuentesfidedignas.com.mx\/wp-content\/uploads\/2023\/06\/2971444.jpg","width":664,"height":498},{"@type":"BreadcrumbList","@id":"https:\/\/fuentesfidedignas.com.mx\/index.php\/2023\/06\/30\/checo-perez-estalla-contra-el-sistema-de-la-f1-tan-malo\/#breadcrumb","itemListElement":[{"@type":"ListItem","position":1,"name":"Inicio","item":"https:\/\/fuentesfidedignas.com.mx\/"},{"@type":"ListItem","position":2,"name":"&#8216;Checo&#8217; P\u00e9rez estalla contra el sistema de la F1: \u2018tan malo\u2019"}]},{"@type":"WebSite","@id":"https:\/\/fuentesfidedignas.com.mx\/#website","url":"https:\/\/fuentesfidedignas.com.mx\/","name":"Fuentes Fidedignas","description":"Otro sitio realizado con WordPress","publisher":{"@id":"https:\/\/fuentesfidedignas.com.mx\/#organization"},"potentialAction":[{"@type":"SearchAction","target":{"@type":"EntryPoint","urlTemplate":"https:\/\/fuentesfidedignas.com.mx\/?s={search_term_string}"},"query-input":{"@type":"PropertyValueSpecification","valueRequired":true,"valueName":"search_term_string"}}],"inLanguage":"es"},{"@type":"Organization","@id":"https:\/\/fuentesfidedignas.com.mx\/#organization","name":"Fuentes Fidedignas","url":"https:\/\/fuentesfidedignas.com.mx\/","logo":{"@type":"ImageObject","inLanguage":"es","@id":"https:\/\/fuentesfidedignas.com.mx\/#\/schema\/logo\/image\/","url":"https:\/\/fuentesfidedignas.com.mx\/wp-content\/uploads\/2021\/04\/logo-retina.png","contentUrl":"https:\/\/fuentesfidedignas.com.mx\/wp-content\/uploads\/2021\/04\/logo-retina.png","width":280,"height":51,"caption":"Fuentes Fidedignas"},"image":{"@id":"https:\/\/fuentesfidedignas.com.mx\/#\/schema\/logo\/image\/"},"sameAs":["https:\/\/www.facebook.com\/Fuentes-Fidedignas-368234489921644","https:\/\/x.com\/fidedignas"]},{"@type":"Person","@id":"https:\/\/fuentesfidedignas.com.mx\/#\/schema\/person\/ec4edd1fbf5efa3e44fce34fe2787780","name":"Exc\u00e9lsior","image":{"@type":"ImageObject","inLanguage":"es","@id":"https:\/\/secure.gravatar.com\/avatar\/4b7ee9206b48be08447852b3f0814dbc7c0f3b51541b164f1464a2725614020b?s=96&d=mm&r=g","url":"https:\/\/secure.gravatar.com\/avatar\/4b7ee9206b48be08447852b3f0814dbc7c0f3b51541b164f1464a2725614020b?s=96&d=mm&r=g","contentUrl":"https:\/\/secure.gravatar.com\/avatar\/4b7ee9206b48be08447852b3f0814dbc7c0f3b51541b164f1464a2725614020b?s=96&d=mm&r=g","caption":"Exc\u00e9lsior"},"url":"https:\/\/fuentesfidedignas.com.mx\/index.php\/author\/excelsior\/"}]}},"_links":{"self":[{"href":"https:\/\/fuentesfidedignas.com.mx\/index.php\/wp-json\/wp\/v2\/posts\/51532","targetHints":{"allow":["GET"]}}],"collection":[{"href":"https:\/\/fuentesfidedignas.com.mx\/index.php\/wp-json\/wp\/v2\/posts"}],"about":[{"href":"https:\/\/fuentesfidedignas.com.mx\/index.php\/wp-json\/wp\/v2\/types\/post"}],"author":[{"embeddable":true,"href":"https:\/\/fuentesfidedignas.com.mx\/index.php\/wp-json\/wp\/v2\/users\/7"}],"replies":[{"embeddable":true,"href":"https:\/\/fuentesfidedignas.com.mx\/index.php\/wp-json\/wp\/v2\/comments?post=51532"}],"version-history":[{"count":1,"href":"https:\/\/fuentesfidedignas.com.mx\/index.php\/wp-json\/wp\/v2\/posts\/51532\/revisions"}],"predecessor-version":[{"id":51533,"href":"https:\/\/fuentesfidedignas.com.mx\/index.php\/wp-json\/wp\/v2\/posts\/51532\/revisions\/51533"}],"wp:featuredmedia":[{"embeddable":true,"href":"https:\/\/fuentesfidedignas.com.mx\/index.php\/wp-json\/wp\/v2\/media\/51534"}],"wp:attachment":[{"href":"https:\/\/fuentesfidedignas.com.mx\/index.php\/wp-json\/wp\/v2\/media?parent=51532"}],"wp:term":[{"taxonomy":"category","embeddable":true,"href":"https:\/\/fuentesfidedignas.com.mx\/index.php\/wp-json\/wp\/v2\/categories?post=51532"},{"taxonomy":"post_tag","embeddable":true,"href":"https:\/\/fuentesfidedignas.com.mx\/index.php\/wp-json\/wp\/v2\/tags?post=51532"}],"curies":[{"name":"wp","href":"https:\/\/api.w.org\/{rel}","templated":true}]}}