{"id":51528,"date":"2023-06-30T13:16:12","date_gmt":"2023-06-30T20:16:12","guid":{"rendered":"https:\/\/fuentesfidedignas.com.mx\/?p=51528"},"modified":"2023-06-30T13:19:05","modified_gmt":"2023-06-30T20:19:05","slug":"inicia-la-captura-de-la-jaiba-macho-en-sinaloa","status":"publish","type":"post","link":"https:\/\/fuentesfidedignas.com.mx\/index.php\/2023\/06\/30\/inicia-la-captura-de-la-jaiba-macho-en-sinaloa\/","title":{"rendered":"Inicia la captura de la jaiba macho en Sinaloa"},"content":{"rendered":"\n<p><em><strong>A partir del primer minuto de este s\u00e1bado 1 de julio se podr\u00e1 capturar esta especie en los litorales de Sinaloa y Sonora<\/strong><\/em><\/p>\n\n\n\n<p>Culiac\u00e1n, Sin.- El subsecretario de Pesca del Gobierno del Estado, Rub\u00e9n \u00c1lvarez L\u00f3pez dio a conocer sobre la conclusi\u00f3n de la veda a la jaiba macho, cuya captura podr\u00e1 realizarse desde las 00:00 horas de este s\u00e1bado 1 de julio, mientras que para la jaiba hembra, el levantamiento de la veda ser\u00e1 el primer minuto del d\u00eda 10 de julio, y ambas especies volver\u00e1n a entrar en veda el 1 de mayo del 2024, para preservar su reproducci\u00f3n.<\/p>\n\n\n\n<p>El funcionario de la Secretar\u00eda de Pesca y Acuacultura, que dirige la secretaria Flor Emilia Guerra Mena, se\u00f1al\u00f3 que se espera buena temporada de captura de jaiba, gracias a la implementaci\u00f3n y seguimiento del Programa de Inspecci\u00f3n y Vigilancia que se realiz\u00f3 durante los meses de veda, en el cual participaron los propios pescadores, a quienes se le provey\u00f3 de los insumos necesarios, como el combustible para las embarcaciones y avituallamiento.<\/p>\n\n\n\n<p>\u201c<strong>En s\u00ed ha habido muy buena colaboraci\u00f3n de las Federaciones de las cooperativas pesqueras, del sector pesquero, de los pescadores, porque ellos ya est\u00e1n muy concientizados que hay que preservar el medio y cuidar la veda, ellos hacen la acci\u00f3n, nosotros les damos el recurso para que tengan proveedur\u00eda de gasolina<\/strong>\u201d, explic\u00f3.<\/p>\n\n\n\n<figure class=\"wp-block-image size-full\"><img decoding=\"async\" width=\"1024\" height=\"768\" src=\"https:\/\/fuentesfidedignas.com.mx\/wp-content\/uploads\/2023\/06\/1000085056.jpg\" alt=\"\" class=\"wp-image-51529\" srcset=\"https:\/\/fuentesfidedignas.com.mx\/wp-content\/uploads\/2023\/06\/1000085056.jpg 1024w, https:\/\/fuentesfidedignas.com.mx\/wp-content\/uploads\/2023\/06\/1000085056-300x225.jpg 300w, https:\/\/fuentesfidedignas.com.mx\/wp-content\/uploads\/2023\/06\/1000085056-768x576.jpg 768w\" sizes=\"(max-width: 1024px) 100vw, 1024px\" \/><\/figure>\n\n\n\n<p>Gracias a estas tareas, el subsecretario de Pesca dijo que se vislumbra una buena temporada de captura de jaiba en los meses subsecuentes, por lo que se esperan capturas superiores a las 13 mil 500 toneladas, dado a que se tuvo a trav\u00e9s de este programa de Gobierno del Estado, una absoluta y precisa inspecci\u00f3n y vigilancia, tanto de la jaiba como del camar\u00f3n y otras especies, que han sido un \u00e9xito en coordinaci\u00f3n con las Federaciones pesqueras y las cooperativas.<\/p>\n\n\n\n<p>El subsecretario \u00c1lvarez L\u00f3pez dio a conocer que se registraron algunos decomisos m\u00ednimos, dado que la gente que trabaja en el sector pesquero ya est\u00e1 muy concientizada, asegur\u00e1ndose algunas artes de pesca como fueron 700 aros de captura en las distintas bah\u00edas del estado.<\/p>\n\n\n\n<p><strong>\u201cLa Secretar\u00eda de Pesca, conjuntamente con el gobierno federal, a trav\u00e9s de las instituciones como es Marina y Conapesca, hicieron acciones muy importantes de inspecci\u00f3n y vigilancia, y esto trajo consigo preservar y conservar el h\u00e1bitat de la jaiba, y tendr\u00e1 resultados muy positivos para futuras capturas, dado que se dio el cuidado preciso para su conservaci\u00f3n y desarrollo<\/strong>\u201d, concluy\u00f3.<\/p>\n","protected":false},"excerpt":{"rendered":"<p>A partir del primer minuto de este s\u00e1bado 1 de julio se podr\u00e1 capturar esta especie en los litorales de Sinaloa y Sonora Culiac\u00e1n, Sin.- El subsecretario de Pesca del Gobierno del Estado, Rub\u00e9n \u00c1lvarez L\u00f3pez dio a conocer sobre la conclusi\u00f3n de la veda a la jaiba macho, cuya captura podr\u00e1 realizarse desde las [&hellip;]<\/p>\n","protected":false},"author":4,"featured_media":51531,"comment_status":"open","ping_status":"open","sticky":false,"template":"","format":"standard","meta":{"tdm_status":"","tdm_grid_status":"","footnotes":""},"categories":[38,1],"tags":[],"class_list":{"0":"post-51528","1":"post","2":"type-post","3":"status-publish","4":"format-standard","5":"has-post-thumbnail","7":"category-noticias-locales","8":"category-sin-categoria"},"yoast_head":"<!-- This site is optimized with the Yoast SEO plugin v27.4 - https:\/\/yoast.com\/product\/yoast-seo-wordpress\/ -->\n<title>Inicia la captura de la jaiba macho en Sinaloa - Fuentes Fidedignas<\/title>\n<meta name=\"robots\" content=\"index, follow, max-snippet:-1, max-image-preview:large, max-video-preview:-1\" \/>\n<link rel=\"canonical\" href=\"https:\/\/fuentesfidedignas.com.mx\/index.php\/2023\/06\/30\/inicia-la-captura-de-la-jaiba-macho-en-sinaloa\/\" \/>\n<meta property=\"og:locale\" content=\"es_MX\" \/>\n<meta property=\"og:type\" content=\"article\" \/>\n<meta property=\"og:title\" content=\"Inicia la captura de la jaiba macho en Sinaloa - Fuentes Fidedignas\" \/>\n<meta property=\"og:description\" content=\"A partir del primer minuto de este s\u00e1bado 1 de julio se podr\u00e1 capturar esta especie en los litorales de Sinaloa y Sonora Culiac\u00e1n, Sin.- El subsecretario de Pesca del Gobierno del Estado, Rub\u00e9n \u00c1lvarez L\u00f3pez dio a conocer sobre la conclusi\u00f3n de la veda a la jaiba macho, cuya captura podr\u00e1 realizarse desde las [&hellip;]\" \/>\n<meta property=\"og:url\" content=\"https:\/\/fuentesfidedignas.com.mx\/index.php\/2023\/06\/30\/inicia-la-captura-de-la-jaiba-macho-en-sinaloa\/\" \/>\n<meta property=\"og:site_name\" content=\"Fuentes Fidedignas\" \/>\n<meta property=\"article:publisher\" content=\"https:\/\/www.facebook.com\/Fuentes-Fidedignas-368234489921644\" \/>\n<meta property=\"article:published_time\" content=\"2023-06-30T20:16:12+00:00\" \/>\n<meta property=\"article:modified_time\" content=\"2023-06-30T20:19:05+00:00\" \/>\n<meta property=\"og:image\" content=\"https:\/\/fuentesfidedignas.com.mx\/wp-content\/uploads\/2023\/06\/1000085056.jpg\" \/>\n<meta name=\"author\" content=\"Redacci\u00f3n\" \/>\n<meta name=\"twitter:card\" content=\"summary_large_image\" \/>\n<meta name=\"twitter:creator\" content=\"@fidedignas\" \/>\n<meta name=\"twitter:site\" content=\"@fidedignas\" \/>\n<meta name=\"twitter:label1\" content=\"Escrito por\" \/>\n\t<meta name=\"twitter:data1\" content=\"Redacci\u00f3n\" \/>\n\t<meta name=\"twitter:label2\" content=\"Tiempo de lectura\" \/>\n\t<meta name=\"twitter:data2\" content=\"3 minutos\" \/>\n<script type=\"application\/ld+json\" class=\"yoast-schema-graph\">{\"@context\":\"https:\\\/\\\/schema.org\",\"@graph\":[{\"@type\":\"Article\",\"@id\":\"https:\\\/\\\/fuentesfidedignas.com.mx\\\/index.php\\\/2023\\\/06\\\/30\\\/inicia-la-captura-de-la-jaiba-macho-en-sinaloa\\\/#article\",\"isPartOf\":{\"@id\":\"https:\\\/\\\/fuentesfidedignas.com.mx\\\/index.php\\\/2023\\\/06\\\/30\\\/inicia-la-captura-de-la-jaiba-macho-en-sinaloa\\\/\"},\"author\":{\"name\":\"Redacci\u00f3n\",\"@id\":\"https:\\\/\\\/fuentesfidedignas.com.mx\\\/#\\\/schema\\\/person\\\/331be9283d37198e2acd5750279085b0\"},\"headline\":\"Inicia la captura de la jaiba macho en Sinaloa\",\"datePublished\":\"2023-06-30T20:16:12+00:00\",\"dateModified\":\"2023-06-30T20:19:05+00:00\",\"mainEntityOfPage\":{\"@id\":\"https:\\\/\\\/fuentesfidedignas.com.mx\\\/index.php\\\/2023\\\/06\\\/30\\\/inicia-la-captura-de-la-jaiba-macho-en-sinaloa\\\/\"},\"wordCount\":440,\"commentCount\":0,\"publisher\":{\"@id\":\"https:\\\/\\\/fuentesfidedignas.com.mx\\\/#organization\"},\"image\":{\"@id\":\"https:\\\/\\\/fuentesfidedignas.com.mx\\\/index.php\\\/2023\\\/06\\\/30\\\/inicia-la-captura-de-la-jaiba-macho-en-sinaloa\\\/#primaryimage\"},\"thumbnailUrl\":\"https:\\\/\\\/fuentesfidedignas.com.mx\\\/wp-content\\\/uploads\\\/2023\\\/06\\\/IMG-20230630-WA0023.jpg\",\"articleSection\":[\"NOTICIAS LOCALES\"],\"inLanguage\":\"es\",\"potentialAction\":[{\"@type\":\"CommentAction\",\"name\":\"Comment\",\"target\":[\"https:\\\/\\\/fuentesfidedignas.com.mx\\\/index.php\\\/2023\\\/06\\\/30\\\/inicia-la-captura-de-la-jaiba-macho-en-sinaloa\\\/#respond\"]}]},{\"@type\":\"WebPage\",\"@id\":\"https:\\\/\\\/fuentesfidedignas.com.mx\\\/index.php\\\/2023\\\/06\\\/30\\\/inicia-la-captura-de-la-jaiba-macho-en-sinaloa\\\/\",\"url\":\"https:\\\/\\\/fuentesfidedignas.com.mx\\\/index.php\\\/2023\\\/06\\\/30\\\/inicia-la-captura-de-la-jaiba-macho-en-sinaloa\\\/\",\"name\":\"Inicia la captura de la jaiba macho en Sinaloa - Fuentes Fidedignas\",\"isPartOf\":{\"@id\":\"https:\\\/\\\/fuentesfidedignas.com.mx\\\/#website\"},\"primaryImageOfPage\":{\"@id\":\"https:\\\/\\\/fuentesfidedignas.com.mx\\\/index.php\\\/2023\\\/06\\\/30\\\/inicia-la-captura-de-la-jaiba-macho-en-sinaloa\\\/#primaryimage\"},\"image\":{\"@id\":\"https:\\\/\\\/fuentesfidedignas.com.mx\\\/index.php\\\/2023\\\/06\\\/30\\\/inicia-la-captura-de-la-jaiba-macho-en-sinaloa\\\/#primaryimage\"},\"thumbnailUrl\":\"https:\\\/\\\/fuentesfidedignas.com.mx\\\/wp-content\\\/uploads\\\/2023\\\/06\\\/IMG-20230630-WA0023.jpg\",\"datePublished\":\"2023-06-30T20:16:12+00:00\",\"dateModified\":\"2023-06-30T20:19:05+00:00\",\"breadcrumb\":{\"@id\":\"https:\\\/\\\/fuentesfidedignas.com.mx\\\/index.php\\\/2023\\\/06\\\/30\\\/inicia-la-captura-de-la-jaiba-macho-en-sinaloa\\\/#breadcrumb\"},\"inLanguage\":\"es\",\"potentialAction\":[{\"@type\":\"ReadAction\",\"target\":[\"https:\\\/\\\/fuentesfidedignas.com.mx\\\/index.php\\\/2023\\\/06\\\/30\\\/inicia-la-captura-de-la-jaiba-macho-en-sinaloa\\\/\"]}]},{\"@type\":\"ImageObject\",\"inLanguage\":\"es\",\"@id\":\"https:\\\/\\\/fuentesfidedignas.com.mx\\\/index.php\\\/2023\\\/06\\\/30\\\/inicia-la-captura-de-la-jaiba-macho-en-sinaloa\\\/#primaryimage\",\"url\":\"https:\\\/\\\/fuentesfidedignas.com.mx\\\/wp-content\\\/uploads\\\/2023\\\/06\\\/IMG-20230630-WA0023.jpg\",\"contentUrl\":\"https:\\\/\\\/fuentesfidedignas.com.mx\\\/wp-content\\\/uploads\\\/2023\\\/06\\\/IMG-20230630-WA0023.jpg\",\"width\":1024,\"height\":768},{\"@type\":\"BreadcrumbList\",\"@id\":\"https:\\\/\\\/fuentesfidedignas.com.mx\\\/index.php\\\/2023\\\/06\\\/30\\\/inicia-la-captura-de-la-jaiba-macho-en-sinaloa\\\/#breadcrumb\",\"itemListElement\":[{\"@type\":\"ListItem\",\"position\":1,\"name\":\"Inicio\",\"item\":\"https:\\\/\\\/fuentesfidedignas.com.mx\\\/\"},{\"@type\":\"ListItem\",\"position\":2,\"name\":\"Inicia la captura de la jaiba macho en Sinaloa\"}]},{\"@type\":\"WebSite\",\"@id\":\"https:\\\/\\\/fuentesfidedignas.com.mx\\\/#website\",\"url\":\"https:\\\/\\\/fuentesfidedignas.com.mx\\\/\",\"name\":\"Fuentes Fidedignas\",\"description\":\"Otro sitio realizado con WordPress\",\"publisher\":{\"@id\":\"https:\\\/\\\/fuentesfidedignas.com.mx\\\/#organization\"},\"potentialAction\":[{\"@type\":\"SearchAction\",\"target\":{\"@type\":\"EntryPoint\",\"urlTemplate\":\"https:\\\/\\\/fuentesfidedignas.com.mx\\\/?s={search_term_string}\"},\"query-input\":{\"@type\":\"PropertyValueSpecification\",\"valueRequired\":true,\"valueName\":\"search_term_string\"}}],\"inLanguage\":\"es\"},{\"@type\":\"Organization\",\"@id\":\"https:\\\/\\\/fuentesfidedignas.com.mx\\\/#organization\",\"name\":\"Fuentes Fidedignas\",\"url\":\"https:\\\/\\\/fuentesfidedignas.com.mx\\\/\",\"logo\":{\"@type\":\"ImageObject\",\"inLanguage\":\"es\",\"@id\":\"https:\\\/\\\/fuentesfidedignas.com.mx\\\/#\\\/schema\\\/logo\\\/image\\\/\",\"url\":\"https:\\\/\\\/fuentesfidedignas.com.mx\\\/wp-content\\\/uploads\\\/2021\\\/04\\\/logo-retina.png\",\"contentUrl\":\"https:\\\/\\\/fuentesfidedignas.com.mx\\\/wp-content\\\/uploads\\\/2021\\\/04\\\/logo-retina.png\",\"width\":280,\"height\":51,\"caption\":\"Fuentes Fidedignas\"},\"image\":{\"@id\":\"https:\\\/\\\/fuentesfidedignas.com.mx\\\/#\\\/schema\\\/logo\\\/image\\\/\"},\"sameAs\":[\"https:\\\/\\\/www.facebook.com\\\/Fuentes-Fidedignas-368234489921644\",\"https:\\\/\\\/x.com\\\/fidedignas\"]},{\"@type\":\"Person\",\"@id\":\"https:\\\/\\\/fuentesfidedignas.com.mx\\\/#\\\/schema\\\/person\\\/331be9283d37198e2acd5750279085b0\",\"name\":\"Redacci\u00f3n\",\"image\":{\"@type\":\"ImageObject\",\"inLanguage\":\"es\",\"@id\":\"https:\\\/\\\/secure.gravatar.com\\\/avatar\\\/f6d8782c11d12b2d4ad3fbb6931aeab5309937a4d6cd2fc9cfaa28a6396a5aec?s=96&d=mm&r=g\",\"url\":\"https:\\\/\\\/secure.gravatar.com\\\/avatar\\\/f6d8782c11d12b2d4ad3fbb6931aeab5309937a4d6cd2fc9cfaa28a6396a5aec?s=96&d=mm&r=g\",\"contentUrl\":\"https:\\\/\\\/secure.gravatar.com\\\/avatar\\\/f6d8782c11d12b2d4ad3fbb6931aeab5309937a4d6cd2fc9cfaa28a6396a5aec?s=96&d=mm&r=g\",\"caption\":\"Redacci\u00f3n\"},\"url\":\"https:\\\/\\\/fuentesfidedignas.com.mx\\\/index.php\\\/author\\\/redaccion\\\/\"}]}<\/script>\n<!-- \/ Yoast SEO plugin. -->","yoast_head_json":{"title":"Inicia la captura de la jaiba macho en Sinaloa - Fuentes Fidedignas","robots":{"index":"index","follow":"follow","max-snippet":"max-snippet:-1","max-image-preview":"max-image-preview:large","max-video-preview":"max-video-preview:-1"},"canonical":"https:\/\/fuentesfidedignas.com.mx\/index.php\/2023\/06\/30\/inicia-la-captura-de-la-jaiba-macho-en-sinaloa\/","og_locale":"es_MX","og_type":"article","og_title":"Inicia la captura de la jaiba macho en Sinaloa - Fuentes Fidedignas","og_description":"A partir del primer minuto de este s\u00e1bado 1 de julio se podr\u00e1 capturar esta especie en los litorales de Sinaloa y Sonora Culiac\u00e1n, Sin.- El subsecretario de Pesca del Gobierno del Estado, Rub\u00e9n \u00c1lvarez L\u00f3pez dio a conocer sobre la conclusi\u00f3n de la veda a la jaiba macho, cuya captura podr\u00e1 realizarse desde las [&hellip;]","og_url":"https:\/\/fuentesfidedignas.com.mx\/index.php\/2023\/06\/30\/inicia-la-captura-de-la-jaiba-macho-en-sinaloa\/","og_site_name":"Fuentes Fidedignas","article_publisher":"https:\/\/www.facebook.com\/Fuentes-Fidedignas-368234489921644","article_published_time":"2023-06-30T20:16:12+00:00","article_modified_time":"2023-06-30T20:19:05+00:00","og_image":[{"url":"https:\/\/fuentesfidedignas.com.mx\/wp-content\/uploads\/2023\/06\/1000085056.jpg","type":"","width":"","height":""}],"author":"Redacci\u00f3n","twitter_card":"summary_large_image","twitter_creator":"@fidedignas","twitter_site":"@fidedignas","twitter_misc":{"Escrito por":"Redacci\u00f3n","Tiempo de lectura":"3 minutos"},"schema":{"@context":"https:\/\/schema.org","@graph":[{"@type":"Article","@id":"https:\/\/fuentesfidedignas.com.mx\/index.php\/2023\/06\/30\/inicia-la-captura-de-la-jaiba-macho-en-sinaloa\/#article","isPartOf":{"@id":"https:\/\/fuentesfidedignas.com.mx\/index.php\/2023\/06\/30\/inicia-la-captura-de-la-jaiba-macho-en-sinaloa\/"},"author":{"name":"Redacci\u00f3n","@id":"https:\/\/fuentesfidedignas.com.mx\/#\/schema\/person\/331be9283d37198e2acd5750279085b0"},"headline":"Inicia la captura de la jaiba macho en Sinaloa","datePublished":"2023-06-30T20:16:12+00:00","dateModified":"2023-06-30T20:19:05+00:00","mainEntityOfPage":{"@id":"https:\/\/fuentesfidedignas.com.mx\/index.php\/2023\/06\/30\/inicia-la-captura-de-la-jaiba-macho-en-sinaloa\/"},"wordCount":440,"commentCount":0,"publisher":{"@id":"https:\/\/fuentesfidedignas.com.mx\/#organization"},"image":{"@id":"https:\/\/fuentesfidedignas.com.mx\/index.php\/2023\/06\/30\/inicia-la-captura-de-la-jaiba-macho-en-sinaloa\/#primaryimage"},"thumbnailUrl":"https:\/\/fuentesfidedignas.com.mx\/wp-content\/uploads\/2023\/06\/IMG-20230630-WA0023.jpg","articleSection":["NOTICIAS LOCALES"],"inLanguage":"es","potentialAction":[{"@type":"CommentAction","name":"Comment","target":["https:\/\/fuentesfidedignas.com.mx\/index.php\/2023\/06\/30\/inicia-la-captura-de-la-jaiba-macho-en-sinaloa\/#respond"]}]},{"@type":"WebPage","@id":"https:\/\/fuentesfidedignas.com.mx\/index.php\/2023\/06\/30\/inicia-la-captura-de-la-jaiba-macho-en-sinaloa\/","url":"https:\/\/fuentesfidedignas.com.mx\/index.php\/2023\/06\/30\/inicia-la-captura-de-la-jaiba-macho-en-sinaloa\/","name":"Inicia la captura de la jaiba macho en Sinaloa - Fuentes Fidedignas","isPartOf":{"@id":"https:\/\/fuentesfidedignas.com.mx\/#website"},"primaryImageOfPage":{"@id":"https:\/\/fuentesfidedignas.com.mx\/index.php\/2023\/06\/30\/inicia-la-captura-de-la-jaiba-macho-en-sinaloa\/#primaryimage"},"image":{"@id":"https:\/\/fuentesfidedignas.com.mx\/index.php\/2023\/06\/30\/inicia-la-captura-de-la-jaiba-macho-en-sinaloa\/#primaryimage"},"thumbnailUrl":"https:\/\/fuentesfidedignas.com.mx\/wp-content\/uploads\/2023\/06\/IMG-20230630-WA0023.jpg","datePublished":"2023-06-30T20:16:12+00:00","dateModified":"2023-06-30T20:19:05+00:00","breadcrumb":{"@id":"https:\/\/fuentesfidedignas.com.mx\/index.php\/2023\/06\/30\/inicia-la-captura-de-la-jaiba-macho-en-sinaloa\/#breadcrumb"},"inLanguage":"es","potentialAction":[{"@type":"ReadAction","target":["https:\/\/fuentesfidedignas.com.mx\/index.php\/2023\/06\/30\/inicia-la-captura-de-la-jaiba-macho-en-sinaloa\/"]}]},{"@type":"ImageObject","inLanguage":"es","@id":"https:\/\/fuentesfidedignas.com.mx\/index.php\/2023\/06\/30\/inicia-la-captura-de-la-jaiba-macho-en-sinaloa\/#primaryimage","url":"https:\/\/fuentesfidedignas.com.mx\/wp-content\/uploads\/2023\/06\/IMG-20230630-WA0023.jpg","contentUrl":"https:\/\/fuentesfidedignas.com.mx\/wp-content\/uploads\/2023\/06\/IMG-20230630-WA0023.jpg","width":1024,"height":768},{"@type":"BreadcrumbList","@id":"https:\/\/fuentesfidedignas.com.mx\/index.php\/2023\/06\/30\/inicia-la-captura-de-la-jaiba-macho-en-sinaloa\/#breadcrumb","itemListElement":[{"@type":"ListItem","position":1,"name":"Inicio","item":"https:\/\/fuentesfidedignas.com.mx\/"},{"@type":"ListItem","position":2,"name":"Inicia la captura de la jaiba macho en Sinaloa"}]},{"@type":"WebSite","@id":"https:\/\/fuentesfidedignas.com.mx\/#website","url":"https:\/\/fuentesfidedignas.com.mx\/","name":"Fuentes Fidedignas","description":"Otro sitio realizado con WordPress","publisher":{"@id":"https:\/\/fuentesfidedignas.com.mx\/#organization"},"potentialAction":[{"@type":"SearchAction","target":{"@type":"EntryPoint","urlTemplate":"https:\/\/fuentesfidedignas.com.mx\/?s={search_term_string}"},"query-input":{"@type":"PropertyValueSpecification","valueRequired":true,"valueName":"search_term_string"}}],"inLanguage":"es"},{"@type":"Organization","@id":"https:\/\/fuentesfidedignas.com.mx\/#organization","name":"Fuentes Fidedignas","url":"https:\/\/fuentesfidedignas.com.mx\/","logo":{"@type":"ImageObject","inLanguage":"es","@id":"https:\/\/fuentesfidedignas.com.mx\/#\/schema\/logo\/image\/","url":"https:\/\/fuentesfidedignas.com.mx\/wp-content\/uploads\/2021\/04\/logo-retina.png","contentUrl":"https:\/\/fuentesfidedignas.com.mx\/wp-content\/uploads\/2021\/04\/logo-retina.png","width":280,"height":51,"caption":"Fuentes Fidedignas"},"image":{"@id":"https:\/\/fuentesfidedignas.com.mx\/#\/schema\/logo\/image\/"},"sameAs":["https:\/\/www.facebook.com\/Fuentes-Fidedignas-368234489921644","https:\/\/x.com\/fidedignas"]},{"@type":"Person","@id":"https:\/\/fuentesfidedignas.com.mx\/#\/schema\/person\/331be9283d37198e2acd5750279085b0","name":"Redacci\u00f3n","image":{"@type":"ImageObject","inLanguage":"es","@id":"https:\/\/secure.gravatar.com\/avatar\/f6d8782c11d12b2d4ad3fbb6931aeab5309937a4d6cd2fc9cfaa28a6396a5aec?s=96&d=mm&r=g","url":"https:\/\/secure.gravatar.com\/avatar\/f6d8782c11d12b2d4ad3fbb6931aeab5309937a4d6cd2fc9cfaa28a6396a5aec?s=96&d=mm&r=g","contentUrl":"https:\/\/secure.gravatar.com\/avatar\/f6d8782c11d12b2d4ad3fbb6931aeab5309937a4d6cd2fc9cfaa28a6396a5aec?s=96&d=mm&r=g","caption":"Redacci\u00f3n"},"url":"https:\/\/fuentesfidedignas.com.mx\/index.php\/author\/redaccion\/"}]}},"_links":{"self":[{"href":"https:\/\/fuentesfidedignas.com.mx\/index.php\/wp-json\/wp\/v2\/posts\/51528","targetHints":{"allow":["GET"]}}],"collection":[{"href":"https:\/\/fuentesfidedignas.com.mx\/index.php\/wp-json\/wp\/v2\/posts"}],"about":[{"href":"https:\/\/fuentesfidedignas.com.mx\/index.php\/wp-json\/wp\/v2\/types\/post"}],"author":[{"embeddable":true,"href":"https:\/\/fuentesfidedignas.com.mx\/index.php\/wp-json\/wp\/v2\/users\/4"}],"replies":[{"embeddable":true,"href":"https:\/\/fuentesfidedignas.com.mx\/index.php\/wp-json\/wp\/v2\/comments?post=51528"}],"version-history":[{"count":1,"href":"https:\/\/fuentesfidedignas.com.mx\/index.php\/wp-json\/wp\/v2\/posts\/51528\/revisions"}],"predecessor-version":[{"id":51530,"href":"https:\/\/fuentesfidedignas.com.mx\/index.php\/wp-json\/wp\/v2\/posts\/51528\/revisions\/51530"}],"wp:featuredmedia":[{"embeddable":true,"href":"https:\/\/fuentesfidedignas.com.mx\/index.php\/wp-json\/wp\/v2\/media\/51531"}],"wp:attachment":[{"href":"https:\/\/fuentesfidedignas.com.mx\/index.php\/wp-json\/wp\/v2\/media?parent=51528"}],"wp:term":[{"taxonomy":"category","embeddable":true,"href":"https:\/\/fuentesfidedignas.com.mx\/index.php\/wp-json\/wp\/v2\/categories?post=51528"},{"taxonomy":"post_tag","embeddable":true,"href":"https:\/\/fuentesfidedignas.com.mx\/index.php\/wp-json\/wp\/v2\/tags?post=51528"}],"curies":[{"name":"wp","href":"https:\/\/api.w.org\/{rel}","templated":true}]}}