{"id":51520,"date":"2023-06-30T10:35:41","date_gmt":"2023-06-30T17:35:41","guid":{"rendered":"https:\/\/fuentesfidedignas.com.mx\/?p=51520"},"modified":"2023-06-30T12:45:08","modified_gmt":"2023-06-30T19:45:08","slug":"culpable-quitan-a-bolsonaro-sus-derechos-politicos-8-anos-por-abuso-de-poder","status":"publish","type":"post","link":"https:\/\/fuentesfidedignas.com.mx\/index.php\/2023\/06\/30\/culpable-quitan-a-bolsonaro-sus-derechos-politicos-8-anos-por-abuso-de-poder\/","title":{"rendered":"\u00a1Culpable! Quitan a Bolsonaro sus derechos pol\u00edticos 8 a\u00f1os por abuso de poder"},"content":{"rendered":"\n<p><strong><em><br>El Tribunal Electoral brasile\u00f1o decidi\u00f3 impedir que Jair Bolsonaro participe en cualquier elecci\u00f3n hasta 2030<\/em><\/strong><\/p>\n\n\n\n<p>Brasil. El Tribunal Superior Electoral de\u00a0<a href=\"https:\/\/www.elfinanciero.com.mx\/opinion\/juan-pablo-spinetto1\/2023\/06\/15\/economia-de-brasil-esta-mejor-aun-de-lo-que-parece\/\">Brasil\u00a0<\/a>(TSE) declar\u00f3\u00a0<strong>inelegible\u00a0<\/strong>al expresidente\u00a0<a href=\"https:\/\/www.elfinanciero.com.mx\/mundo\/2023\/06\/27\/si-lo-inhabilitan-bolsonaro-afirma-que-tiene-ofertas-para-trabajar-como-chico-propaganda-en-eu\/\">Jair Bolsonaro<\/a>\u00a0para postularse nuevamente como mandatario del pa\u00eds sudamericano, luego de concluir que\u00a0<strong>abus\u00f3 de su poder<\/strong>\u00a0y arroj\u00f3\u00a0<strong>dudas infundadas\u00a0<\/strong>sobre el sistema de votaci\u00f3n electr\u00f3nica de dicho pa\u00eds.<\/p>\n\n\n\n<p>La decisi\u00f3n -tomada el viernes 30 de junio de 2023- proh\u00edbe al pol\u00edtico de extrema derecha postularse a cualquier cargo p\u00fablico hasta\u00a0<strong>2030<\/strong>, lo que probablemente<strong>\u00a0borrar\u00e1 cualquier posibilidad de que recupere el poder<\/strong>.<\/p>\n\n\n\n<p><strong>Cuatro de los siete jueces<\/strong>&nbsp;del m\u00e1ximo tribunal electoral del pa\u00eds coincidieron en que Bolsonaro abus\u00f3 de su autoridad al utilizar los canales de comunicaci\u00f3n del gobierno para promover su campa\u00f1a y sembrar dudas sobre la votaci\u00f3n.<\/p>\n\n\n\n<p>\u201c<strong>Esta decisi\u00f3n acabar\u00e1 con las posibilidades de Bolsonaro de volver a ser presidente<\/strong>,\u00a0<strong>y \u00e9l lo sabe<\/strong>\u201d, dijo\u00a0<strong>Carlos Melo<\/strong>, profesor de ciencias pol\u00edticas en la Universidad Insper de Sao Paulo.<\/p>\n\n\n\n<p>\u201cDespu\u00e9s de esto, intentar\u00e1&nbsp;<strong>mantenerse fuera de la c\u00e1rcel<\/strong>, elegir a algunos de sus aliados para mantener su capital pol\u00edtico, pero es muy poco probable que alguna vez regrese a la presidencia\u201d, afirm\u00f3.https:\/\/d-5444987231254049908.ampproject.net\/2306202201000\/frame.html<\/p>\n\n\n\n<h2 class=\"wp-block-heading\">\u00bfDe qu\u00e9 se le acusa a Bolsonaro?<\/h2>\n\n\n\n<p>El caso se centra en una reuni\u00f3n de<strong>&nbsp;18 de julio de 2022<\/strong>&nbsp;en&nbsp;la que Bolsonaro utiliz\u00f3 personal del gobierno, el canal de televisi\u00f3n estatal y el palacio presidencial en Brasilia para decirle a&nbsp;<strong>embajadores extranjeros<\/strong>&nbsp;que el sistema de&nbsp;votaci\u00f3n electr\u00f3nica del pa\u00eds estaba&nbsp;<strong>manipulado<\/strong>.<\/p>\n\n\n\n<p>\u201cBolsonaro abus\u00f3 de los poderes de su cargo al convocar la reuni\u00f3n:&nbsp;<strong>jaque<\/strong>. Utiliz\u00f3 personal del gobierno y edificios con un objetivo electoral: check. Y mezcl\u00f3 los intereses del pa\u00eds con los de su campa\u00f1a: mate\u201d, dijo<strong>&nbsp;M\u00e1rlon Reis<\/strong>, un experto en derecho electoral que ayud\u00f3 a redactar las disposiciones de inelegibilidad.<\/p>\n\n\n\n<p>Bolsonaro a\u00fan puede apelar la decisi\u00f3n ante la Corte Suprema. Sin embargo, enfrenta otros problemas legales,&nbsp;<a href=\"https:\/\/apnews.com\/article\/brazil-bolsonaro-diamonds-saudi-arabia-8e5e516e86d4e025350d03d45ace0c28\">incluidas investigaciones criminales<\/a>.<\/p>\n\n\n\n<p>En declaraciones el jueves a periodistas en Brasilia, Bolsonaro se mostr\u00f3 desafiante.<\/p>\n\n\n\n<p>\u201c\u00a1<strong>Esta es una injusticia contra m\u00ed<\/strong>,&nbsp;<strong>mi Dios en el cielo<\/strong>! Mu\u00e9strame algo concreto que he hecho contra la democracia\u201d, dijo. \u201c<strong>Tal vez mi crimen fue hacer lo correcto durante cuatro a\u00f1os<\/strong>\u201d.<\/p>\n","protected":false},"excerpt":{"rendered":"<p>El Tribunal Electoral brasile\u00f1o decidi\u00f3 impedir que Jair Bolsonaro participe en cualquier elecci\u00f3n hasta 2030 Brasil. El Tribunal Superior Electoral de\u00a0Brasil\u00a0(TSE) declar\u00f3\u00a0inelegible\u00a0al expresidente\u00a0Jair Bolsonaro\u00a0para postularse nuevamente como mandatario del pa\u00eds sudamericano, luego de concluir que\u00a0abus\u00f3 de su poder\u00a0y arroj\u00f3\u00a0dudas infundadas\u00a0sobre el sistema de votaci\u00f3n electr\u00f3nica de dicho pa\u00eds. La decisi\u00f3n -tomada el viernes 30 de [&hellip;]<\/p>\n","protected":false},"author":21,"featured_media":51522,"comment_status":"open","ping_status":"open","sticky":false,"template":"","format":"standard","meta":{"tdm_status":"","tdm_grid_status":"","footnotes":""},"categories":[39,1],"tags":[],"class_list":{"0":"post-51520","1":"post","2":"type-post","3":"status-publish","4":"format-standard","5":"has-post-thumbnail","7":"category-noticias-nacionales","8":"category-sin-categoria"},"yoast_head":"<!-- This site is optimized with the Yoast SEO plugin v27.4 - https:\/\/yoast.com\/product\/yoast-seo-wordpress\/ -->\n<title>\u00a1Culpable! Quitan a Bolsonaro sus derechos pol\u00edticos 8 a\u00f1os por abuso de poder - Fuentes Fidedignas<\/title>\n<meta name=\"robots\" content=\"index, follow, max-snippet:-1, max-image-preview:large, max-video-preview:-1\" \/>\n<link rel=\"canonical\" href=\"https:\/\/fuentesfidedignas.com.mx\/index.php\/2023\/06\/30\/culpable-quitan-a-bolsonaro-sus-derechos-politicos-por-abuso-de-poder\/\" \/>\n<meta property=\"og:locale\" content=\"es_MX\" \/>\n<meta property=\"og:type\" content=\"article\" \/>\n<meta property=\"og:title\" content=\"\u00a1Culpable! Quitan a Bolsonaro sus derechos pol\u00edticos 8 a\u00f1os por abuso de poder - Fuentes Fidedignas\" \/>\n<meta property=\"og:description\" content=\"El Tribunal Electoral brasile\u00f1o decidi\u00f3 impedir que Jair Bolsonaro participe en cualquier elecci\u00f3n hasta 2030 Brasil. El Tribunal Superior Electoral de\u00a0Brasil\u00a0(TSE) declar\u00f3\u00a0inelegible\u00a0al expresidente\u00a0Jair Bolsonaro\u00a0para postularse nuevamente como mandatario del pa\u00eds sudamericano, luego de concluir que\u00a0abus\u00f3 de su poder\u00a0y arroj\u00f3\u00a0dudas infundadas\u00a0sobre el sistema de votaci\u00f3n electr\u00f3nica de dicho pa\u00eds. La decisi\u00f3n -tomada el viernes 30 de [&hellip;]\" \/>\n<meta property=\"og:url\" content=\"https:\/\/fuentesfidedignas.com.mx\/index.php\/2023\/06\/30\/culpable-quitan-a-bolsonaro-sus-derechos-politicos-por-abuso-de-poder\/\" \/>\n<meta property=\"og:site_name\" content=\"Fuentes Fidedignas\" \/>\n<meta property=\"article:publisher\" content=\"https:\/\/www.facebook.com\/Fuentes-Fidedignas-368234489921644\" \/>\n<meta property=\"article:published_time\" content=\"2023-06-30T17:35:41+00:00\" \/>\n<meta property=\"article:modified_time\" content=\"2023-06-30T19:45:08+00:00\" \/>\n<meta property=\"og:image\" content=\"https:\/\/fuentesfidedignas.com.mx\/wp-content\/uploads\/2023\/06\/ESRON7J7DVBXFJQZKHCZZM7AJE.jpg\" \/>\n\t<meta property=\"og:image:width\" content=\"800\" \/>\n\t<meta property=\"og:image:height\" content=\"450\" \/>\n\t<meta property=\"og:image:type\" content=\"image\/jpeg\" \/>\n<meta name=\"author\" content=\"El Financiero\" \/>\n<meta name=\"twitter:card\" content=\"summary_large_image\" \/>\n<meta name=\"twitter:creator\" content=\"@fidedignas\" \/>\n<meta name=\"twitter:site\" content=\"@fidedignas\" \/>\n<meta name=\"twitter:label1\" content=\"Escrito por\" \/>\n\t<meta name=\"twitter:data1\" content=\"El Financiero\" \/>\n\t<meta name=\"twitter:label2\" content=\"Tiempo de lectura\" \/>\n\t<meta name=\"twitter:data2\" content=\"2 minutos\" \/>\n<script type=\"application\/ld+json\" class=\"yoast-schema-graph\">{\"@context\":\"https:\\\/\\\/schema.org\",\"@graph\":[{\"@type\":\"Article\",\"@id\":\"https:\\\/\\\/fuentesfidedignas.com.mx\\\/index.php\\\/2023\\\/06\\\/30\\\/culpable-quitan-a-bolsonaro-sus-derechos-politicos-por-abuso-de-poder\\\/#article\",\"isPartOf\":{\"@id\":\"https:\\\/\\\/fuentesfidedignas.com.mx\\\/index.php\\\/2023\\\/06\\\/30\\\/culpable-quitan-a-bolsonaro-sus-derechos-politicos-por-abuso-de-poder\\\/\"},\"author\":{\"name\":\"El Financiero\",\"@id\":\"https:\\\/\\\/fuentesfidedignas.com.mx\\\/#\\\/schema\\\/person\\\/494f7e0dce8dfaaec5b64f16615b78e9\"},\"headline\":\"\u00a1Culpable! Quitan a Bolsonaro sus derechos pol\u00edticos 8 a\u00f1os por abuso de poder\",\"datePublished\":\"2023-06-30T17:35:41+00:00\",\"dateModified\":\"2023-06-30T19:45:08+00:00\",\"mainEntityOfPage\":{\"@id\":\"https:\\\/\\\/fuentesfidedignas.com.mx\\\/index.php\\\/2023\\\/06\\\/30\\\/culpable-quitan-a-bolsonaro-sus-derechos-politicos-por-abuso-de-poder\\\/\"},\"wordCount\":423,\"commentCount\":0,\"publisher\":{\"@id\":\"https:\\\/\\\/fuentesfidedignas.com.mx\\\/#organization\"},\"image\":{\"@id\":\"https:\\\/\\\/fuentesfidedignas.com.mx\\\/index.php\\\/2023\\\/06\\\/30\\\/culpable-quitan-a-bolsonaro-sus-derechos-politicos-por-abuso-de-poder\\\/#primaryimage\"},\"thumbnailUrl\":\"https:\\\/\\\/fuentesfidedignas.com.mx\\\/wp-content\\\/uploads\\\/2023\\\/06\\\/ESRON7J7DVBXFJQZKHCZZM7AJE.jpg\",\"articleSection\":[\"NOTICIAS NACIONALES\"],\"inLanguage\":\"es\",\"potentialAction\":[{\"@type\":\"CommentAction\",\"name\":\"Comment\",\"target\":[\"https:\\\/\\\/fuentesfidedignas.com.mx\\\/index.php\\\/2023\\\/06\\\/30\\\/culpable-quitan-a-bolsonaro-sus-derechos-politicos-por-abuso-de-poder\\\/#respond\"]}]},{\"@type\":\"WebPage\",\"@id\":\"https:\\\/\\\/fuentesfidedignas.com.mx\\\/index.php\\\/2023\\\/06\\\/30\\\/culpable-quitan-a-bolsonaro-sus-derechos-politicos-por-abuso-de-poder\\\/\",\"url\":\"https:\\\/\\\/fuentesfidedignas.com.mx\\\/index.php\\\/2023\\\/06\\\/30\\\/culpable-quitan-a-bolsonaro-sus-derechos-politicos-por-abuso-de-poder\\\/\",\"name\":\"\u00a1Culpable! Quitan a Bolsonaro sus derechos pol\u00edticos 8 a\u00f1os por abuso de poder - Fuentes Fidedignas\",\"isPartOf\":{\"@id\":\"https:\\\/\\\/fuentesfidedignas.com.mx\\\/#website\"},\"primaryImageOfPage\":{\"@id\":\"https:\\\/\\\/fuentesfidedignas.com.mx\\\/index.php\\\/2023\\\/06\\\/30\\\/culpable-quitan-a-bolsonaro-sus-derechos-politicos-por-abuso-de-poder\\\/#primaryimage\"},\"image\":{\"@id\":\"https:\\\/\\\/fuentesfidedignas.com.mx\\\/index.php\\\/2023\\\/06\\\/30\\\/culpable-quitan-a-bolsonaro-sus-derechos-politicos-por-abuso-de-poder\\\/#primaryimage\"},\"thumbnailUrl\":\"https:\\\/\\\/fuentesfidedignas.com.mx\\\/wp-content\\\/uploads\\\/2023\\\/06\\\/ESRON7J7DVBXFJQZKHCZZM7AJE.jpg\",\"datePublished\":\"2023-06-30T17:35:41+00:00\",\"dateModified\":\"2023-06-30T19:45:08+00:00\",\"breadcrumb\":{\"@id\":\"https:\\\/\\\/fuentesfidedignas.com.mx\\\/index.php\\\/2023\\\/06\\\/30\\\/culpable-quitan-a-bolsonaro-sus-derechos-politicos-por-abuso-de-poder\\\/#breadcrumb\"},\"inLanguage\":\"es\",\"potentialAction\":[{\"@type\":\"ReadAction\",\"target\":[\"https:\\\/\\\/fuentesfidedignas.com.mx\\\/index.php\\\/2023\\\/06\\\/30\\\/culpable-quitan-a-bolsonaro-sus-derechos-politicos-por-abuso-de-poder\\\/\"]}]},{\"@type\":\"ImageObject\",\"inLanguage\":\"es\",\"@id\":\"https:\\\/\\\/fuentesfidedignas.com.mx\\\/index.php\\\/2023\\\/06\\\/30\\\/culpable-quitan-a-bolsonaro-sus-derechos-politicos-por-abuso-de-poder\\\/#primaryimage\",\"url\":\"https:\\\/\\\/fuentesfidedignas.com.mx\\\/wp-content\\\/uploads\\\/2023\\\/06\\\/ESRON7J7DVBXFJQZKHCZZM7AJE.jpg\",\"contentUrl\":\"https:\\\/\\\/fuentesfidedignas.com.mx\\\/wp-content\\\/uploads\\\/2023\\\/06\\\/ESRON7J7DVBXFJQZKHCZZM7AJE.jpg\",\"width\":800,\"height\":450},{\"@type\":\"BreadcrumbList\",\"@id\":\"https:\\\/\\\/fuentesfidedignas.com.mx\\\/index.php\\\/2023\\\/06\\\/30\\\/culpable-quitan-a-bolsonaro-sus-derechos-politicos-por-abuso-de-poder\\\/#breadcrumb\",\"itemListElement\":[{\"@type\":\"ListItem\",\"position\":1,\"name\":\"Inicio\",\"item\":\"https:\\\/\\\/fuentesfidedignas.com.mx\\\/\"},{\"@type\":\"ListItem\",\"position\":2,\"name\":\"\u00a1Culpable! Quitan a Bolsonaro sus derechos pol\u00edticos 8 a\u00f1os por abuso de poder\"}]},{\"@type\":\"WebSite\",\"@id\":\"https:\\\/\\\/fuentesfidedignas.com.mx\\\/#website\",\"url\":\"https:\\\/\\\/fuentesfidedignas.com.mx\\\/\",\"name\":\"Fuentes Fidedignas\",\"description\":\"Otro sitio realizado con WordPress\",\"publisher\":{\"@id\":\"https:\\\/\\\/fuentesfidedignas.com.mx\\\/#organization\"},\"potentialAction\":[{\"@type\":\"SearchAction\",\"target\":{\"@type\":\"EntryPoint\",\"urlTemplate\":\"https:\\\/\\\/fuentesfidedignas.com.mx\\\/?s={search_term_string}\"},\"query-input\":{\"@type\":\"PropertyValueSpecification\",\"valueRequired\":true,\"valueName\":\"search_term_string\"}}],\"inLanguage\":\"es\"},{\"@type\":\"Organization\",\"@id\":\"https:\\\/\\\/fuentesfidedignas.com.mx\\\/#organization\",\"name\":\"Fuentes Fidedignas\",\"url\":\"https:\\\/\\\/fuentesfidedignas.com.mx\\\/\",\"logo\":{\"@type\":\"ImageObject\",\"inLanguage\":\"es\",\"@id\":\"https:\\\/\\\/fuentesfidedignas.com.mx\\\/#\\\/schema\\\/logo\\\/image\\\/\",\"url\":\"https:\\\/\\\/fuentesfidedignas.com.mx\\\/wp-content\\\/uploads\\\/2021\\\/04\\\/logo-retina.png\",\"contentUrl\":\"https:\\\/\\\/fuentesfidedignas.com.mx\\\/wp-content\\\/uploads\\\/2021\\\/04\\\/logo-retina.png\",\"width\":280,\"height\":51,\"caption\":\"Fuentes Fidedignas\"},\"image\":{\"@id\":\"https:\\\/\\\/fuentesfidedignas.com.mx\\\/#\\\/schema\\\/logo\\\/image\\\/\"},\"sameAs\":[\"https:\\\/\\\/www.facebook.com\\\/Fuentes-Fidedignas-368234489921644\",\"https:\\\/\\\/x.com\\\/fidedignas\"]},{\"@type\":\"Person\",\"@id\":\"https:\\\/\\\/fuentesfidedignas.com.mx\\\/#\\\/schema\\\/person\\\/494f7e0dce8dfaaec5b64f16615b78e9\",\"name\":\"El Financiero\",\"image\":{\"@type\":\"ImageObject\",\"inLanguage\":\"es\",\"@id\":\"https:\\\/\\\/secure.gravatar.com\\\/avatar\\\/88c0f3f2079389318ef8dd35c22cb997212aa89646e357ba59b318db26ed91a9?s=96&d=mm&r=g\",\"url\":\"https:\\\/\\\/secure.gravatar.com\\\/avatar\\\/88c0f3f2079389318ef8dd35c22cb997212aa89646e357ba59b318db26ed91a9?s=96&d=mm&r=g\",\"contentUrl\":\"https:\\\/\\\/secure.gravatar.com\\\/avatar\\\/88c0f3f2079389318ef8dd35c22cb997212aa89646e357ba59b318db26ed91a9?s=96&d=mm&r=g\",\"caption\":\"El Financiero\"},\"url\":\"https:\\\/\\\/fuentesfidedignas.com.mx\\\/index.php\\\/author\\\/financiero\\\/\"}]}<\/script>\n<!-- \/ Yoast SEO plugin. -->","yoast_head_json":{"title":"\u00a1Culpable! Quitan a Bolsonaro sus derechos pol\u00edticos 8 a\u00f1os por abuso de poder - Fuentes Fidedignas","robots":{"index":"index","follow":"follow","max-snippet":"max-snippet:-1","max-image-preview":"max-image-preview:large","max-video-preview":"max-video-preview:-1"},"canonical":"https:\/\/fuentesfidedignas.com.mx\/index.php\/2023\/06\/30\/culpable-quitan-a-bolsonaro-sus-derechos-politicos-por-abuso-de-poder\/","og_locale":"es_MX","og_type":"article","og_title":"\u00a1Culpable! Quitan a Bolsonaro sus derechos pol\u00edticos 8 a\u00f1os por abuso de poder - Fuentes Fidedignas","og_description":"El Tribunal Electoral brasile\u00f1o decidi\u00f3 impedir que Jair Bolsonaro participe en cualquier elecci\u00f3n hasta 2030 Brasil. El Tribunal Superior Electoral de\u00a0Brasil\u00a0(TSE) declar\u00f3\u00a0inelegible\u00a0al expresidente\u00a0Jair Bolsonaro\u00a0para postularse nuevamente como mandatario del pa\u00eds sudamericano, luego de concluir que\u00a0abus\u00f3 de su poder\u00a0y arroj\u00f3\u00a0dudas infundadas\u00a0sobre el sistema de votaci\u00f3n electr\u00f3nica de dicho pa\u00eds. La decisi\u00f3n -tomada el viernes 30 de [&hellip;]","og_url":"https:\/\/fuentesfidedignas.com.mx\/index.php\/2023\/06\/30\/culpable-quitan-a-bolsonaro-sus-derechos-politicos-por-abuso-de-poder\/","og_site_name":"Fuentes Fidedignas","article_publisher":"https:\/\/www.facebook.com\/Fuentes-Fidedignas-368234489921644","article_published_time":"2023-06-30T17:35:41+00:00","article_modified_time":"2023-06-30T19:45:08+00:00","og_image":[{"width":800,"height":450,"url":"https:\/\/fuentesfidedignas.com.mx\/wp-content\/uploads\/2023\/06\/ESRON7J7DVBXFJQZKHCZZM7AJE.jpg","type":"image\/jpeg"}],"author":"El Financiero","twitter_card":"summary_large_image","twitter_creator":"@fidedignas","twitter_site":"@fidedignas","twitter_misc":{"Escrito por":"El Financiero","Tiempo de lectura":"2 minutos"},"schema":{"@context":"https:\/\/schema.org","@graph":[{"@type":"Article","@id":"https:\/\/fuentesfidedignas.com.mx\/index.php\/2023\/06\/30\/culpable-quitan-a-bolsonaro-sus-derechos-politicos-por-abuso-de-poder\/#article","isPartOf":{"@id":"https:\/\/fuentesfidedignas.com.mx\/index.php\/2023\/06\/30\/culpable-quitan-a-bolsonaro-sus-derechos-politicos-por-abuso-de-poder\/"},"author":{"name":"El Financiero","@id":"https:\/\/fuentesfidedignas.com.mx\/#\/schema\/person\/494f7e0dce8dfaaec5b64f16615b78e9"},"headline":"\u00a1Culpable! Quitan a Bolsonaro sus derechos pol\u00edticos 8 a\u00f1os por abuso de poder","datePublished":"2023-06-30T17:35:41+00:00","dateModified":"2023-06-30T19:45:08+00:00","mainEntityOfPage":{"@id":"https:\/\/fuentesfidedignas.com.mx\/index.php\/2023\/06\/30\/culpable-quitan-a-bolsonaro-sus-derechos-politicos-por-abuso-de-poder\/"},"wordCount":423,"commentCount":0,"publisher":{"@id":"https:\/\/fuentesfidedignas.com.mx\/#organization"},"image":{"@id":"https:\/\/fuentesfidedignas.com.mx\/index.php\/2023\/06\/30\/culpable-quitan-a-bolsonaro-sus-derechos-politicos-por-abuso-de-poder\/#primaryimage"},"thumbnailUrl":"https:\/\/fuentesfidedignas.com.mx\/wp-content\/uploads\/2023\/06\/ESRON7J7DVBXFJQZKHCZZM7AJE.jpg","articleSection":["NOTICIAS NACIONALES"],"inLanguage":"es","potentialAction":[{"@type":"CommentAction","name":"Comment","target":["https:\/\/fuentesfidedignas.com.mx\/index.php\/2023\/06\/30\/culpable-quitan-a-bolsonaro-sus-derechos-politicos-por-abuso-de-poder\/#respond"]}]},{"@type":"WebPage","@id":"https:\/\/fuentesfidedignas.com.mx\/index.php\/2023\/06\/30\/culpable-quitan-a-bolsonaro-sus-derechos-politicos-por-abuso-de-poder\/","url":"https:\/\/fuentesfidedignas.com.mx\/index.php\/2023\/06\/30\/culpable-quitan-a-bolsonaro-sus-derechos-politicos-por-abuso-de-poder\/","name":"\u00a1Culpable! Quitan a Bolsonaro sus derechos pol\u00edticos 8 a\u00f1os por abuso de poder - Fuentes Fidedignas","isPartOf":{"@id":"https:\/\/fuentesfidedignas.com.mx\/#website"},"primaryImageOfPage":{"@id":"https:\/\/fuentesfidedignas.com.mx\/index.php\/2023\/06\/30\/culpable-quitan-a-bolsonaro-sus-derechos-politicos-por-abuso-de-poder\/#primaryimage"},"image":{"@id":"https:\/\/fuentesfidedignas.com.mx\/index.php\/2023\/06\/30\/culpable-quitan-a-bolsonaro-sus-derechos-politicos-por-abuso-de-poder\/#primaryimage"},"thumbnailUrl":"https:\/\/fuentesfidedignas.com.mx\/wp-content\/uploads\/2023\/06\/ESRON7J7DVBXFJQZKHCZZM7AJE.jpg","datePublished":"2023-06-30T17:35:41+00:00","dateModified":"2023-06-30T19:45:08+00:00","breadcrumb":{"@id":"https:\/\/fuentesfidedignas.com.mx\/index.php\/2023\/06\/30\/culpable-quitan-a-bolsonaro-sus-derechos-politicos-por-abuso-de-poder\/#breadcrumb"},"inLanguage":"es","potentialAction":[{"@type":"ReadAction","target":["https:\/\/fuentesfidedignas.com.mx\/index.php\/2023\/06\/30\/culpable-quitan-a-bolsonaro-sus-derechos-politicos-por-abuso-de-poder\/"]}]},{"@type":"ImageObject","inLanguage":"es","@id":"https:\/\/fuentesfidedignas.com.mx\/index.php\/2023\/06\/30\/culpable-quitan-a-bolsonaro-sus-derechos-politicos-por-abuso-de-poder\/#primaryimage","url":"https:\/\/fuentesfidedignas.com.mx\/wp-content\/uploads\/2023\/06\/ESRON7J7DVBXFJQZKHCZZM7AJE.jpg","contentUrl":"https:\/\/fuentesfidedignas.com.mx\/wp-content\/uploads\/2023\/06\/ESRON7J7DVBXFJQZKHCZZM7AJE.jpg","width":800,"height":450},{"@type":"BreadcrumbList","@id":"https:\/\/fuentesfidedignas.com.mx\/index.php\/2023\/06\/30\/culpable-quitan-a-bolsonaro-sus-derechos-politicos-por-abuso-de-poder\/#breadcrumb","itemListElement":[{"@type":"ListItem","position":1,"name":"Inicio","item":"https:\/\/fuentesfidedignas.com.mx\/"},{"@type":"ListItem","position":2,"name":"\u00a1Culpable! Quitan a Bolsonaro sus derechos pol\u00edticos 8 a\u00f1os por abuso de poder"}]},{"@type":"WebSite","@id":"https:\/\/fuentesfidedignas.com.mx\/#website","url":"https:\/\/fuentesfidedignas.com.mx\/","name":"Fuentes Fidedignas","description":"Otro sitio realizado con WordPress","publisher":{"@id":"https:\/\/fuentesfidedignas.com.mx\/#organization"},"potentialAction":[{"@type":"SearchAction","target":{"@type":"EntryPoint","urlTemplate":"https:\/\/fuentesfidedignas.com.mx\/?s={search_term_string}"},"query-input":{"@type":"PropertyValueSpecification","valueRequired":true,"valueName":"search_term_string"}}],"inLanguage":"es"},{"@type":"Organization","@id":"https:\/\/fuentesfidedignas.com.mx\/#organization","name":"Fuentes Fidedignas","url":"https:\/\/fuentesfidedignas.com.mx\/","logo":{"@type":"ImageObject","inLanguage":"es","@id":"https:\/\/fuentesfidedignas.com.mx\/#\/schema\/logo\/image\/","url":"https:\/\/fuentesfidedignas.com.mx\/wp-content\/uploads\/2021\/04\/logo-retina.png","contentUrl":"https:\/\/fuentesfidedignas.com.mx\/wp-content\/uploads\/2021\/04\/logo-retina.png","width":280,"height":51,"caption":"Fuentes Fidedignas"},"image":{"@id":"https:\/\/fuentesfidedignas.com.mx\/#\/schema\/logo\/image\/"},"sameAs":["https:\/\/www.facebook.com\/Fuentes-Fidedignas-368234489921644","https:\/\/x.com\/fidedignas"]},{"@type":"Person","@id":"https:\/\/fuentesfidedignas.com.mx\/#\/schema\/person\/494f7e0dce8dfaaec5b64f16615b78e9","name":"El Financiero","image":{"@type":"ImageObject","inLanguage":"es","@id":"https:\/\/secure.gravatar.com\/avatar\/88c0f3f2079389318ef8dd35c22cb997212aa89646e357ba59b318db26ed91a9?s=96&d=mm&r=g","url":"https:\/\/secure.gravatar.com\/avatar\/88c0f3f2079389318ef8dd35c22cb997212aa89646e357ba59b318db26ed91a9?s=96&d=mm&r=g","contentUrl":"https:\/\/secure.gravatar.com\/avatar\/88c0f3f2079389318ef8dd35c22cb997212aa89646e357ba59b318db26ed91a9?s=96&d=mm&r=g","caption":"El Financiero"},"url":"https:\/\/fuentesfidedignas.com.mx\/index.php\/author\/financiero\/"}]}},"_links":{"self":[{"href":"https:\/\/fuentesfidedignas.com.mx\/index.php\/wp-json\/wp\/v2\/posts\/51520","targetHints":{"allow":["GET"]}}],"collection":[{"href":"https:\/\/fuentesfidedignas.com.mx\/index.php\/wp-json\/wp\/v2\/posts"}],"about":[{"href":"https:\/\/fuentesfidedignas.com.mx\/index.php\/wp-json\/wp\/v2\/types\/post"}],"author":[{"embeddable":true,"href":"https:\/\/fuentesfidedignas.com.mx\/index.php\/wp-json\/wp\/v2\/users\/21"}],"replies":[{"embeddable":true,"href":"https:\/\/fuentesfidedignas.com.mx\/index.php\/wp-json\/wp\/v2\/comments?post=51520"}],"version-history":[{"count":1,"href":"https:\/\/fuentesfidedignas.com.mx\/index.php\/wp-json\/wp\/v2\/posts\/51520\/revisions"}],"predecessor-version":[{"id":51521,"href":"https:\/\/fuentesfidedignas.com.mx\/index.php\/wp-json\/wp\/v2\/posts\/51520\/revisions\/51521"}],"wp:featuredmedia":[{"embeddable":true,"href":"https:\/\/fuentesfidedignas.com.mx\/index.php\/wp-json\/wp\/v2\/media\/51522"}],"wp:attachment":[{"href":"https:\/\/fuentesfidedignas.com.mx\/index.php\/wp-json\/wp\/v2\/media?parent=51520"}],"wp:term":[{"taxonomy":"category","embeddable":true,"href":"https:\/\/fuentesfidedignas.com.mx\/index.php\/wp-json\/wp\/v2\/categories?post=51520"},{"taxonomy":"post_tag","embeddable":true,"href":"https:\/\/fuentesfidedignas.com.mx\/index.php\/wp-json\/wp\/v2\/tags?post=51520"}],"curies":[{"name":"wp","href":"https:\/\/api.w.org\/{rel}","templated":true}]}}