{"id":51516,"date":"2023-06-30T10:19:11","date_gmt":"2023-06-30T17:19:11","guid":{"rendered":"https:\/\/fuentesfidedignas.com.mx\/?p=51516"},"modified":"2023-06-30T17:09:38","modified_gmt":"2023-07-01T00:09:38","slug":"mexico-esta-listo-para-gobierno-de-coalicion-miguel-angel-mancera","status":"publish","type":"post","link":"https:\/\/fuentesfidedignas.com.mx\/index.php\/2023\/06\/30\/mexico-esta-listo-para-gobierno-de-coalicion-miguel-angel-mancera\/","title":{"rendered":"M\u00e9xico est\u00e1 listo para un gobierno de coalici\u00f3n: Miguel \u00c1ngel Mancera"},"content":{"rendered":"\n<p><strong><em>El senador asegur\u00f3 que es posible ganar bajo esta v\u00eda la Presidencia de la Rep\u00fablica<\/em><\/strong><\/p>\n\n\n\n<p>Culiac\u00e1n, Sin.-La sociedad civil y la militancia de las fuerzas que conforman la alianza Va por M\u00e9xico ser\u00e1n fundamentales en el pr\u00f3ximo proceso electoral, indic\u00f3 el senador Miguel \u00c1ngel Mancera Espinosa en Culiac\u00e1n, Sinaloa, como parte de su visita a esta entidad para impartir la conferencia magistral \u201cGobiernos de Coalici\u00f3n\u201d.<\/p>\n\n\n\n<p>\u201cSe puede llevar a cabo este ejercicio de Gobierno de Coalici\u00f3n, es decir, es un planteamiento que parte desde la esencia acad\u00e9mica, jur\u00eddica y pol\u00edtica pero que queremos llevar a la pr\u00e1ctica ya en el estado mexicano\u201d.<\/p>\n\n\n\n<p>Asimismo, extendi\u00f3 la invitaci\u00f3n para que otras fuerzas pol\u00edticas sumen esfuerzos para participar activamente en la construcci\u00f3n de un gobierno con causa.<\/p>\n\n\n\n<p>\u201cSe requiere un ejercicio de unidad y considero que se puede lograr si despierta el \u00e1nimo, hemos visto que las personas se vuelcan cuando tienen una causa y dar esa causa es lo que permite el Gobierno de Coalici\u00f3n\u201d.<\/p>\n\n\n\n<p>Finalmente, Mancera Espinosa mencion\u00f3 que ya esta permeando en la conversaci\u00f3n p\u00fablica esta forma de gobernanza en el pa\u00eds y es un impulso para continuar con la tarea de construir una alternancia pol\u00edtica que garantice que todas las voces ciudadanas sean escuchadas.<\/p>\n\n\n\n<p><\/p>\n\n\n\n<p> <\/p>\n","protected":false},"excerpt":{"rendered":"<p>El senador asegur\u00f3 que es posible ganar bajo esta v\u00eda la Presidencia de la Rep\u00fablica Culiac\u00e1n, Sin.-La sociedad civil y la militancia de las fuerzas que conforman la alianza Va por M\u00e9xico ser\u00e1n fundamentales en el pr\u00f3ximo proceso electoral, indic\u00f3 el senador Miguel \u00c1ngel Mancera Espinosa en Culiac\u00e1n, Sinaloa, como parte de su visita a [&hellip;]<\/p>\n","protected":false},"author":4,"featured_media":51519,"comment_status":"open","ping_status":"open","sticky":false,"template":"","format":"standard","meta":{"tdm_status":"","tdm_grid_status":"","footnotes":""},"categories":[37,1],"tags":[],"class_list":{"0":"post-51516","1":"post","2":"type-post","3":"status-publish","4":"format-standard","5":"has-post-thumbnail","7":"category-nota-principal","8":"category-sin-categoria"},"yoast_head":"<!-- This site is optimized with the Yoast SEO plugin v27.4 - https:\/\/yoast.com\/product\/yoast-seo-wordpress\/ -->\n<title>M\u00e9xico est\u00e1 listo para un gobierno de coalici\u00f3n: Miguel \u00c1ngel Mancera - Fuentes Fidedignas<\/title>\n<meta name=\"robots\" content=\"index, follow, max-snippet:-1, max-image-preview:large, max-video-preview:-1\" \/>\n<link rel=\"canonical\" href=\"https:\/\/fuentesfidedignas.com.mx\/index.php\/2023\/06\/30\/mexico-esta-listo-para-gobierno-de-coalicion-miguel-angel-mancera\/\" \/>\n<meta property=\"og:locale\" content=\"es_MX\" \/>\n<meta property=\"og:type\" content=\"article\" \/>\n<meta property=\"og:title\" content=\"M\u00e9xico est\u00e1 listo para un gobierno de coalici\u00f3n: Miguel \u00c1ngel Mancera - Fuentes Fidedignas\" \/>\n<meta property=\"og:description\" content=\"El senador asegur\u00f3 que es posible ganar bajo esta v\u00eda la Presidencia de la Rep\u00fablica Culiac\u00e1n, Sin.-La sociedad civil y la militancia de las fuerzas que conforman la alianza Va por M\u00e9xico ser\u00e1n fundamentales en el pr\u00f3ximo proceso electoral, indic\u00f3 el senador Miguel \u00c1ngel Mancera Espinosa en Culiac\u00e1n, Sinaloa, como parte de su visita a [&hellip;]\" \/>\n<meta property=\"og:url\" content=\"https:\/\/fuentesfidedignas.com.mx\/index.php\/2023\/06\/30\/mexico-esta-listo-para-gobierno-de-coalicion-miguel-angel-mancera\/\" \/>\n<meta property=\"og:site_name\" content=\"Fuentes Fidedignas\" \/>\n<meta property=\"article:publisher\" content=\"https:\/\/www.facebook.com\/Fuentes-Fidedignas-368234489921644\" \/>\n<meta property=\"article:published_time\" content=\"2023-06-30T17:19:11+00:00\" \/>\n<meta property=\"article:modified_time\" content=\"2023-07-01T00:09:38+00:00\" \/>\n<meta property=\"og:image\" content=\"https:\/\/fuentesfidedignas.com.mx\/wp-content\/uploads\/2023\/06\/IMG-20230630-WA0005.jpg\" \/>\n\t<meta property=\"og:image:width\" content=\"640\" \/>\n\t<meta property=\"og:image:height\" content=\"482\" \/>\n\t<meta property=\"og:image:type\" content=\"image\/jpeg\" \/>\n<meta name=\"author\" content=\"Redacci\u00f3n\" \/>\n<meta name=\"twitter:card\" content=\"summary_large_image\" \/>\n<meta name=\"twitter:creator\" content=\"@fidedignas\" \/>\n<meta name=\"twitter:site\" content=\"@fidedignas\" \/>\n<meta name=\"twitter:label1\" content=\"Escrito por\" \/>\n\t<meta name=\"twitter:data1\" content=\"Redacci\u00f3n\" \/>\n\t<meta name=\"twitter:label2\" content=\"Tiempo de lectura\" \/>\n\t<meta name=\"twitter:data2\" content=\"1 minuto\" \/>\n<script type=\"application\/ld+json\" class=\"yoast-schema-graph\">{\"@context\":\"https:\\\/\\\/schema.org\",\"@graph\":[{\"@type\":\"Article\",\"@id\":\"https:\\\/\\\/fuentesfidedignas.com.mx\\\/index.php\\\/2023\\\/06\\\/30\\\/mexico-esta-listo-para-gobierno-de-coalicion-miguel-angel-mancera\\\/#article\",\"isPartOf\":{\"@id\":\"https:\\\/\\\/fuentesfidedignas.com.mx\\\/index.php\\\/2023\\\/06\\\/30\\\/mexico-esta-listo-para-gobierno-de-coalicion-miguel-angel-mancera\\\/\"},\"author\":{\"name\":\"Redacci\u00f3n\",\"@id\":\"https:\\\/\\\/fuentesfidedignas.com.mx\\\/#\\\/schema\\\/person\\\/331be9283d37198e2acd5750279085b0\"},\"headline\":\"M\u00e9xico est\u00e1 listo para un gobierno de coalici\u00f3n: Miguel \u00c1ngel Mancera\",\"datePublished\":\"2023-06-30T17:19:11+00:00\",\"dateModified\":\"2023-07-01T00:09:38+00:00\",\"mainEntityOfPage\":{\"@id\":\"https:\\\/\\\/fuentesfidedignas.com.mx\\\/index.php\\\/2023\\\/06\\\/30\\\/mexico-esta-listo-para-gobierno-de-coalicion-miguel-angel-mancera\\\/\"},\"wordCount\":240,\"commentCount\":0,\"publisher\":{\"@id\":\"https:\\\/\\\/fuentesfidedignas.com.mx\\\/#organization\"},\"image\":{\"@id\":\"https:\\\/\\\/fuentesfidedignas.com.mx\\\/index.php\\\/2023\\\/06\\\/30\\\/mexico-esta-listo-para-gobierno-de-coalicion-miguel-angel-mancera\\\/#primaryimage\"},\"thumbnailUrl\":\"https:\\\/\\\/fuentesfidedignas.com.mx\\\/wp-content\\\/uploads\\\/2023\\\/06\\\/IMG-20230630-WA0005.jpg\",\"articleSection\":[\"NOTA PRINCIPAL\"],\"inLanguage\":\"es\",\"potentialAction\":[{\"@type\":\"CommentAction\",\"name\":\"Comment\",\"target\":[\"https:\\\/\\\/fuentesfidedignas.com.mx\\\/index.php\\\/2023\\\/06\\\/30\\\/mexico-esta-listo-para-gobierno-de-coalicion-miguel-angel-mancera\\\/#respond\"]}]},{\"@type\":\"WebPage\",\"@id\":\"https:\\\/\\\/fuentesfidedignas.com.mx\\\/index.php\\\/2023\\\/06\\\/30\\\/mexico-esta-listo-para-gobierno-de-coalicion-miguel-angel-mancera\\\/\",\"url\":\"https:\\\/\\\/fuentesfidedignas.com.mx\\\/index.php\\\/2023\\\/06\\\/30\\\/mexico-esta-listo-para-gobierno-de-coalicion-miguel-angel-mancera\\\/\",\"name\":\"M\u00e9xico est\u00e1 listo para un gobierno de coalici\u00f3n: Miguel \u00c1ngel Mancera - Fuentes Fidedignas\",\"isPartOf\":{\"@id\":\"https:\\\/\\\/fuentesfidedignas.com.mx\\\/#website\"},\"primaryImageOfPage\":{\"@id\":\"https:\\\/\\\/fuentesfidedignas.com.mx\\\/index.php\\\/2023\\\/06\\\/30\\\/mexico-esta-listo-para-gobierno-de-coalicion-miguel-angel-mancera\\\/#primaryimage\"},\"image\":{\"@id\":\"https:\\\/\\\/fuentesfidedignas.com.mx\\\/index.php\\\/2023\\\/06\\\/30\\\/mexico-esta-listo-para-gobierno-de-coalicion-miguel-angel-mancera\\\/#primaryimage\"},\"thumbnailUrl\":\"https:\\\/\\\/fuentesfidedignas.com.mx\\\/wp-content\\\/uploads\\\/2023\\\/06\\\/IMG-20230630-WA0005.jpg\",\"datePublished\":\"2023-06-30T17:19:11+00:00\",\"dateModified\":\"2023-07-01T00:09:38+00:00\",\"breadcrumb\":{\"@id\":\"https:\\\/\\\/fuentesfidedignas.com.mx\\\/index.php\\\/2023\\\/06\\\/30\\\/mexico-esta-listo-para-gobierno-de-coalicion-miguel-angel-mancera\\\/#breadcrumb\"},\"inLanguage\":\"es\",\"potentialAction\":[{\"@type\":\"ReadAction\",\"target\":[\"https:\\\/\\\/fuentesfidedignas.com.mx\\\/index.php\\\/2023\\\/06\\\/30\\\/mexico-esta-listo-para-gobierno-de-coalicion-miguel-angel-mancera\\\/\"]}]},{\"@type\":\"ImageObject\",\"inLanguage\":\"es\",\"@id\":\"https:\\\/\\\/fuentesfidedignas.com.mx\\\/index.php\\\/2023\\\/06\\\/30\\\/mexico-esta-listo-para-gobierno-de-coalicion-miguel-angel-mancera\\\/#primaryimage\",\"url\":\"https:\\\/\\\/fuentesfidedignas.com.mx\\\/wp-content\\\/uploads\\\/2023\\\/06\\\/IMG-20230630-WA0005.jpg\",\"contentUrl\":\"https:\\\/\\\/fuentesfidedignas.com.mx\\\/wp-content\\\/uploads\\\/2023\\\/06\\\/IMG-20230630-WA0005.jpg\",\"width\":640,\"height\":482},{\"@type\":\"BreadcrumbList\",\"@id\":\"https:\\\/\\\/fuentesfidedignas.com.mx\\\/index.php\\\/2023\\\/06\\\/30\\\/mexico-esta-listo-para-gobierno-de-coalicion-miguel-angel-mancera\\\/#breadcrumb\",\"itemListElement\":[{\"@type\":\"ListItem\",\"position\":1,\"name\":\"Inicio\",\"item\":\"https:\\\/\\\/fuentesfidedignas.com.mx\\\/\"},{\"@type\":\"ListItem\",\"position\":2,\"name\":\"M\u00e9xico est\u00e1 listo para un gobierno de coalici\u00f3n: Miguel \u00c1ngel Mancera\"}]},{\"@type\":\"WebSite\",\"@id\":\"https:\\\/\\\/fuentesfidedignas.com.mx\\\/#website\",\"url\":\"https:\\\/\\\/fuentesfidedignas.com.mx\\\/\",\"name\":\"Fuentes Fidedignas\",\"description\":\"Otro sitio realizado con WordPress\",\"publisher\":{\"@id\":\"https:\\\/\\\/fuentesfidedignas.com.mx\\\/#organization\"},\"potentialAction\":[{\"@type\":\"SearchAction\",\"target\":{\"@type\":\"EntryPoint\",\"urlTemplate\":\"https:\\\/\\\/fuentesfidedignas.com.mx\\\/?s={search_term_string}\"},\"query-input\":{\"@type\":\"PropertyValueSpecification\",\"valueRequired\":true,\"valueName\":\"search_term_string\"}}],\"inLanguage\":\"es\"},{\"@type\":\"Organization\",\"@id\":\"https:\\\/\\\/fuentesfidedignas.com.mx\\\/#organization\",\"name\":\"Fuentes Fidedignas\",\"url\":\"https:\\\/\\\/fuentesfidedignas.com.mx\\\/\",\"logo\":{\"@type\":\"ImageObject\",\"inLanguage\":\"es\",\"@id\":\"https:\\\/\\\/fuentesfidedignas.com.mx\\\/#\\\/schema\\\/logo\\\/image\\\/\",\"url\":\"https:\\\/\\\/fuentesfidedignas.com.mx\\\/wp-content\\\/uploads\\\/2021\\\/04\\\/logo-retina.png\",\"contentUrl\":\"https:\\\/\\\/fuentesfidedignas.com.mx\\\/wp-content\\\/uploads\\\/2021\\\/04\\\/logo-retina.png\",\"width\":280,\"height\":51,\"caption\":\"Fuentes Fidedignas\"},\"image\":{\"@id\":\"https:\\\/\\\/fuentesfidedignas.com.mx\\\/#\\\/schema\\\/logo\\\/image\\\/\"},\"sameAs\":[\"https:\\\/\\\/www.facebook.com\\\/Fuentes-Fidedignas-368234489921644\",\"https:\\\/\\\/x.com\\\/fidedignas\"]},{\"@type\":\"Person\",\"@id\":\"https:\\\/\\\/fuentesfidedignas.com.mx\\\/#\\\/schema\\\/person\\\/331be9283d37198e2acd5750279085b0\",\"name\":\"Redacci\u00f3n\",\"image\":{\"@type\":\"ImageObject\",\"inLanguage\":\"es\",\"@id\":\"https:\\\/\\\/secure.gravatar.com\\\/avatar\\\/f6d8782c11d12b2d4ad3fbb6931aeab5309937a4d6cd2fc9cfaa28a6396a5aec?s=96&d=mm&r=g\",\"url\":\"https:\\\/\\\/secure.gravatar.com\\\/avatar\\\/f6d8782c11d12b2d4ad3fbb6931aeab5309937a4d6cd2fc9cfaa28a6396a5aec?s=96&d=mm&r=g\",\"contentUrl\":\"https:\\\/\\\/secure.gravatar.com\\\/avatar\\\/f6d8782c11d12b2d4ad3fbb6931aeab5309937a4d6cd2fc9cfaa28a6396a5aec?s=96&d=mm&r=g\",\"caption\":\"Redacci\u00f3n\"},\"url\":\"https:\\\/\\\/fuentesfidedignas.com.mx\\\/index.php\\\/author\\\/redaccion\\\/\"}]}<\/script>\n<!-- \/ Yoast SEO plugin. -->","yoast_head_json":{"title":"M\u00e9xico est\u00e1 listo para un gobierno de coalici\u00f3n: Miguel \u00c1ngel Mancera - Fuentes Fidedignas","robots":{"index":"index","follow":"follow","max-snippet":"max-snippet:-1","max-image-preview":"max-image-preview:large","max-video-preview":"max-video-preview:-1"},"canonical":"https:\/\/fuentesfidedignas.com.mx\/index.php\/2023\/06\/30\/mexico-esta-listo-para-gobierno-de-coalicion-miguel-angel-mancera\/","og_locale":"es_MX","og_type":"article","og_title":"M\u00e9xico est\u00e1 listo para un gobierno de coalici\u00f3n: Miguel \u00c1ngel Mancera - Fuentes Fidedignas","og_description":"El senador asegur\u00f3 que es posible ganar bajo esta v\u00eda la Presidencia de la Rep\u00fablica Culiac\u00e1n, Sin.-La sociedad civil y la militancia de las fuerzas que conforman la alianza Va por M\u00e9xico ser\u00e1n fundamentales en el pr\u00f3ximo proceso electoral, indic\u00f3 el senador Miguel \u00c1ngel Mancera Espinosa en Culiac\u00e1n, Sinaloa, como parte de su visita a [&hellip;]","og_url":"https:\/\/fuentesfidedignas.com.mx\/index.php\/2023\/06\/30\/mexico-esta-listo-para-gobierno-de-coalicion-miguel-angel-mancera\/","og_site_name":"Fuentes Fidedignas","article_publisher":"https:\/\/www.facebook.com\/Fuentes-Fidedignas-368234489921644","article_published_time":"2023-06-30T17:19:11+00:00","article_modified_time":"2023-07-01T00:09:38+00:00","og_image":[{"width":640,"height":482,"url":"https:\/\/fuentesfidedignas.com.mx\/wp-content\/uploads\/2023\/06\/IMG-20230630-WA0005.jpg","type":"image\/jpeg"}],"author":"Redacci\u00f3n","twitter_card":"summary_large_image","twitter_creator":"@fidedignas","twitter_site":"@fidedignas","twitter_misc":{"Escrito por":"Redacci\u00f3n","Tiempo de lectura":"1 minuto"},"schema":{"@context":"https:\/\/schema.org","@graph":[{"@type":"Article","@id":"https:\/\/fuentesfidedignas.com.mx\/index.php\/2023\/06\/30\/mexico-esta-listo-para-gobierno-de-coalicion-miguel-angel-mancera\/#article","isPartOf":{"@id":"https:\/\/fuentesfidedignas.com.mx\/index.php\/2023\/06\/30\/mexico-esta-listo-para-gobierno-de-coalicion-miguel-angel-mancera\/"},"author":{"name":"Redacci\u00f3n","@id":"https:\/\/fuentesfidedignas.com.mx\/#\/schema\/person\/331be9283d37198e2acd5750279085b0"},"headline":"M\u00e9xico est\u00e1 listo para un gobierno de coalici\u00f3n: Miguel \u00c1ngel Mancera","datePublished":"2023-06-30T17:19:11+00:00","dateModified":"2023-07-01T00:09:38+00:00","mainEntityOfPage":{"@id":"https:\/\/fuentesfidedignas.com.mx\/index.php\/2023\/06\/30\/mexico-esta-listo-para-gobierno-de-coalicion-miguel-angel-mancera\/"},"wordCount":240,"commentCount":0,"publisher":{"@id":"https:\/\/fuentesfidedignas.com.mx\/#organization"},"image":{"@id":"https:\/\/fuentesfidedignas.com.mx\/index.php\/2023\/06\/30\/mexico-esta-listo-para-gobierno-de-coalicion-miguel-angel-mancera\/#primaryimage"},"thumbnailUrl":"https:\/\/fuentesfidedignas.com.mx\/wp-content\/uploads\/2023\/06\/IMG-20230630-WA0005.jpg","articleSection":["NOTA PRINCIPAL"],"inLanguage":"es","potentialAction":[{"@type":"CommentAction","name":"Comment","target":["https:\/\/fuentesfidedignas.com.mx\/index.php\/2023\/06\/30\/mexico-esta-listo-para-gobierno-de-coalicion-miguel-angel-mancera\/#respond"]}]},{"@type":"WebPage","@id":"https:\/\/fuentesfidedignas.com.mx\/index.php\/2023\/06\/30\/mexico-esta-listo-para-gobierno-de-coalicion-miguel-angel-mancera\/","url":"https:\/\/fuentesfidedignas.com.mx\/index.php\/2023\/06\/30\/mexico-esta-listo-para-gobierno-de-coalicion-miguel-angel-mancera\/","name":"M\u00e9xico est\u00e1 listo para un gobierno de coalici\u00f3n: Miguel \u00c1ngel Mancera - Fuentes Fidedignas","isPartOf":{"@id":"https:\/\/fuentesfidedignas.com.mx\/#website"},"primaryImageOfPage":{"@id":"https:\/\/fuentesfidedignas.com.mx\/index.php\/2023\/06\/30\/mexico-esta-listo-para-gobierno-de-coalicion-miguel-angel-mancera\/#primaryimage"},"image":{"@id":"https:\/\/fuentesfidedignas.com.mx\/index.php\/2023\/06\/30\/mexico-esta-listo-para-gobierno-de-coalicion-miguel-angel-mancera\/#primaryimage"},"thumbnailUrl":"https:\/\/fuentesfidedignas.com.mx\/wp-content\/uploads\/2023\/06\/IMG-20230630-WA0005.jpg","datePublished":"2023-06-30T17:19:11+00:00","dateModified":"2023-07-01T00:09:38+00:00","breadcrumb":{"@id":"https:\/\/fuentesfidedignas.com.mx\/index.php\/2023\/06\/30\/mexico-esta-listo-para-gobierno-de-coalicion-miguel-angel-mancera\/#breadcrumb"},"inLanguage":"es","potentialAction":[{"@type":"ReadAction","target":["https:\/\/fuentesfidedignas.com.mx\/index.php\/2023\/06\/30\/mexico-esta-listo-para-gobierno-de-coalicion-miguel-angel-mancera\/"]}]},{"@type":"ImageObject","inLanguage":"es","@id":"https:\/\/fuentesfidedignas.com.mx\/index.php\/2023\/06\/30\/mexico-esta-listo-para-gobierno-de-coalicion-miguel-angel-mancera\/#primaryimage","url":"https:\/\/fuentesfidedignas.com.mx\/wp-content\/uploads\/2023\/06\/IMG-20230630-WA0005.jpg","contentUrl":"https:\/\/fuentesfidedignas.com.mx\/wp-content\/uploads\/2023\/06\/IMG-20230630-WA0005.jpg","width":640,"height":482},{"@type":"BreadcrumbList","@id":"https:\/\/fuentesfidedignas.com.mx\/index.php\/2023\/06\/30\/mexico-esta-listo-para-gobierno-de-coalicion-miguel-angel-mancera\/#breadcrumb","itemListElement":[{"@type":"ListItem","position":1,"name":"Inicio","item":"https:\/\/fuentesfidedignas.com.mx\/"},{"@type":"ListItem","position":2,"name":"M\u00e9xico est\u00e1 listo para un gobierno de coalici\u00f3n: Miguel \u00c1ngel Mancera"}]},{"@type":"WebSite","@id":"https:\/\/fuentesfidedignas.com.mx\/#website","url":"https:\/\/fuentesfidedignas.com.mx\/","name":"Fuentes Fidedignas","description":"Otro sitio realizado con WordPress","publisher":{"@id":"https:\/\/fuentesfidedignas.com.mx\/#organization"},"potentialAction":[{"@type":"SearchAction","target":{"@type":"EntryPoint","urlTemplate":"https:\/\/fuentesfidedignas.com.mx\/?s={search_term_string}"},"query-input":{"@type":"PropertyValueSpecification","valueRequired":true,"valueName":"search_term_string"}}],"inLanguage":"es"},{"@type":"Organization","@id":"https:\/\/fuentesfidedignas.com.mx\/#organization","name":"Fuentes Fidedignas","url":"https:\/\/fuentesfidedignas.com.mx\/","logo":{"@type":"ImageObject","inLanguage":"es","@id":"https:\/\/fuentesfidedignas.com.mx\/#\/schema\/logo\/image\/","url":"https:\/\/fuentesfidedignas.com.mx\/wp-content\/uploads\/2021\/04\/logo-retina.png","contentUrl":"https:\/\/fuentesfidedignas.com.mx\/wp-content\/uploads\/2021\/04\/logo-retina.png","width":280,"height":51,"caption":"Fuentes Fidedignas"},"image":{"@id":"https:\/\/fuentesfidedignas.com.mx\/#\/schema\/logo\/image\/"},"sameAs":["https:\/\/www.facebook.com\/Fuentes-Fidedignas-368234489921644","https:\/\/x.com\/fidedignas"]},{"@type":"Person","@id":"https:\/\/fuentesfidedignas.com.mx\/#\/schema\/person\/331be9283d37198e2acd5750279085b0","name":"Redacci\u00f3n","image":{"@type":"ImageObject","inLanguage":"es","@id":"https:\/\/secure.gravatar.com\/avatar\/f6d8782c11d12b2d4ad3fbb6931aeab5309937a4d6cd2fc9cfaa28a6396a5aec?s=96&d=mm&r=g","url":"https:\/\/secure.gravatar.com\/avatar\/f6d8782c11d12b2d4ad3fbb6931aeab5309937a4d6cd2fc9cfaa28a6396a5aec?s=96&d=mm&r=g","contentUrl":"https:\/\/secure.gravatar.com\/avatar\/f6d8782c11d12b2d4ad3fbb6931aeab5309937a4d6cd2fc9cfaa28a6396a5aec?s=96&d=mm&r=g","caption":"Redacci\u00f3n"},"url":"https:\/\/fuentesfidedignas.com.mx\/index.php\/author\/redaccion\/"}]}},"_links":{"self":[{"href":"https:\/\/fuentesfidedignas.com.mx\/index.php\/wp-json\/wp\/v2\/posts\/51516","targetHints":{"allow":["GET"]}}],"collection":[{"href":"https:\/\/fuentesfidedignas.com.mx\/index.php\/wp-json\/wp\/v2\/posts"}],"about":[{"href":"https:\/\/fuentesfidedignas.com.mx\/index.php\/wp-json\/wp\/v2\/types\/post"}],"author":[{"embeddable":true,"href":"https:\/\/fuentesfidedignas.com.mx\/index.php\/wp-json\/wp\/v2\/users\/4"}],"replies":[{"embeddable":true,"href":"https:\/\/fuentesfidedignas.com.mx\/index.php\/wp-json\/wp\/v2\/comments?post=51516"}],"version-history":[{"count":4,"href":"https:\/\/fuentesfidedignas.com.mx\/index.php\/wp-json\/wp\/v2\/posts\/51516\/revisions"}],"predecessor-version":[{"id":51565,"href":"https:\/\/fuentesfidedignas.com.mx\/index.php\/wp-json\/wp\/v2\/posts\/51516\/revisions\/51565"}],"wp:featuredmedia":[{"embeddable":true,"href":"https:\/\/fuentesfidedignas.com.mx\/index.php\/wp-json\/wp\/v2\/media\/51519"}],"wp:attachment":[{"href":"https:\/\/fuentesfidedignas.com.mx\/index.php\/wp-json\/wp\/v2\/media?parent=51516"}],"wp:term":[{"taxonomy":"category","embeddable":true,"href":"https:\/\/fuentesfidedignas.com.mx\/index.php\/wp-json\/wp\/v2\/categories?post=51516"},{"taxonomy":"post_tag","embeddable":true,"href":"https:\/\/fuentesfidedignas.com.mx\/index.php\/wp-json\/wp\/v2\/tags?post=51516"}],"curies":[{"name":"wp","href":"https:\/\/api.w.org\/{rel}","templated":true}]}}