{"id":51508,"date":"2023-06-30T09:27:11","date_gmt":"2023-06-30T16:27:11","guid":{"rendered":"https:\/\/fuentesfidedignas.com.mx\/?p=51508"},"modified":"2023-07-01T07:54:49","modified_gmt":"2023-07-01T14:54:49","slug":"trayectoria-en-vivo-beatriz-se-convierte-en-huracan-frente-al-pacifico","status":"publish","type":"post","link":"https:\/\/fuentesfidedignas.com.mx\/index.php\/2023\/06\/30\/trayectoria-en-vivo-beatriz-se-convierte-en-huracan-frente-al-pacifico\/","title":{"rendered":"Trayectoria EN VIVO: &#8216;Beatriz&#8217; se convierte en hurac\u00e1n frente al Pac\u00edfico"},"content":{"rendered":"\n<p><br>&#8216;Beatriz&#8217; se intensific\u00f3 a hurac\u00e1n categor\u00eda 1 hoy 30 de junio de 2023 en aguas del Oc\u00e9ano Pac\u00edfico; sigue aqu\u00ed su trayectoria en vivo<\/p>\n\n\n\n<p>Culiac\u00e1n, Sin. La tormenta tropical\u00a0<strong><em>Beatriz<\/em>\u00a0se intensific\u00f3 a hurac\u00e1n categor\u00eda 1<\/strong>\u00a0a 80 kil\u00f3metros al sur de L\u00e1zaro C\u00e1rdenas, Michoac\u00e1n, mientras avanza paralelo a la costa, inform\u00f3\u00a0la Comisi\u00f3n Nacional del Agua (Conagua) en su \u00faltimo reporte hoy 30 de junio de 2023; sigue aqu\u00ed su\u00a0<strong>trayectoria en vivo<\/strong>.<\/p>\n\n\n\n<p>El centro del hurac\u00e1n se encuentra m\u00e1s cercano a Michoac\u00e1n y a 90 kil\u00f3metros al oeste-suroeste\u00a0de Zihuatanejo, Guerrero.\u00a0Presenta\u00a0<strong>vientos m\u00e1ximos sostenidos de 120 km\/h y rachas de 150 km\/h<\/strong>\u00a0y se desplaza hacia el noroeste a 20 kil\u00f3metros por hora.<\/p>\n\n\n\n<h2 class=\"wp-block-heading\"><strong>\u00bfQu\u00e9 estados afectar\u00e1&nbsp;<em>Beatriz?<\/em><\/strong><\/h2>\n\n\n\n<p>El hurac\u00e1n&nbsp;<em>Beatriz&nbsp;<\/em>provocar\u00e1&nbsp;<strong>lluvias de diversas intensidades en 11 estados del pa\u00eds<\/strong>, incluyendo la Ciudad de M\u00e9xico.&nbsp; Las precipitaciones&nbsp;ir\u00e1n de los 150 a los 250 mm; 75 a 150 mm; 50 a 75 mm; y 25 a 50 mm, y las entidades afectadas ser\u00e1n:<\/p>\n\n\n\n<ul class=\"wp-block-list\">\n<li>Jalisco<\/li>\n\n\n\n<li>Colima<\/li>\n\n\n\n<li>Michoac\u00e1n<\/li>\n\n\n\n<li>Guerrero<\/li>\n\n\n\n<li>Oaxaca<\/li>\n\n\n\n<li>Chiapas<\/li>\n\n\n\n<li>Guanajuato<\/li>\n\n\n\n<li>Edomex<\/li>\n\n\n\n<li>Morelos<\/li>\n\n\n\n<li>Puebla<\/li>\n\n\n\n<li>CDMX<\/li>\n<\/ul>\n\n\n\n<p>La Conagua advirti\u00f3 que habr\u00e1\u00a0<strong>viento con rachas de 100 a 120 kil\u00f3metros por hora y oleaje de 4 a 6 metros de altura\u00a0<\/strong>en costas de Jalisco, Colima, Michoac\u00e1n y Guerrero.<\/p>\n\n\n\n<p>Por&nbsp;<em>Beatriz<\/em>&nbsp;hay zona de vigilancia por efectos de hurac\u00e1n desde Cabo Corrientes, en Jalisco, hasta Punta Mita, Nayarit; y hay zona de prevenci\u00f3n desde Zihuatanejo, Guerrero, hasta Cabo Corrientes, Jalisco.<\/p>\n\n\n\n<p>La Coordinaci\u00f3n Nacional de Protecci\u00f3n Civil revel\u00f3 que se encuentran disponibles dos mil 680 refugios temporales, 762 en Guerrero, 260 en Michoac\u00e1n, 236 en Colima, mil 243 en Jalisco y 169 en Baja California Sur.&nbsp;<\/p>\n","protected":false},"excerpt":{"rendered":"<p>&#8216;Beatriz&#8217; se intensific\u00f3 a hurac\u00e1n categor\u00eda 1 hoy 30 de junio de 2023 en aguas del Oc\u00e9ano Pac\u00edfico; sigue aqu\u00ed su trayectoria en vivo Culiac\u00e1n, Sin. La tormenta tropical\u00a0Beatriz\u00a0se intensific\u00f3 a hurac\u00e1n categor\u00eda 1\u00a0a 80 kil\u00f3metros al sur de L\u00e1zaro C\u00e1rdenas, Michoac\u00e1n, mientras avanza paralelo a la costa, inform\u00f3\u00a0la Comisi\u00f3n Nacional del Agua (Conagua) en [&hellip;]<\/p>\n","protected":false},"author":7,"featured_media":51510,"comment_status":"open","ping_status":"open","sticky":false,"template":"","format":"standard","meta":{"tdm_status":"","tdm_grid_status":"","footnotes":""},"categories":[1],"tags":[],"class_list":{"0":"post-51508","1":"post","2":"type-post","3":"status-publish","4":"format-standard","5":"has-post-thumbnail","7":"category-sin-categoria"},"yoast_head":"<!-- This site is optimized with the Yoast SEO plugin v27.4 - https:\/\/yoast.com\/product\/yoast-seo-wordpress\/ -->\n<title>Trayectoria EN VIVO: &#039;Beatriz&#039; se convierte en hurac\u00e1n frente al Pac\u00edfico - Fuentes Fidedignas<\/title>\n<meta name=\"robots\" content=\"index, follow, max-snippet:-1, max-image-preview:large, max-video-preview:-1\" \/>\n<link rel=\"canonical\" href=\"https:\/\/fuentesfidedignas.com.mx\/index.php\/2023\/06\/30\/trayectoria-en-vivo-beatriz-se-convierte-en-huracan-frente-al-pacifico\/\" \/>\n<meta property=\"og:locale\" content=\"es_MX\" \/>\n<meta property=\"og:type\" content=\"article\" \/>\n<meta property=\"og:title\" content=\"Trayectoria EN VIVO: &#039;Beatriz&#039; se convierte en hurac\u00e1n frente al Pac\u00edfico - Fuentes Fidedignas\" \/>\n<meta property=\"og:description\" content=\"&#8216;Beatriz&#8217; se intensific\u00f3 a hurac\u00e1n categor\u00eda 1 hoy 30 de junio de 2023 en aguas del Oc\u00e9ano Pac\u00edfico; sigue aqu\u00ed su trayectoria en vivo Culiac\u00e1n, Sin. La tormenta tropical\u00a0Beatriz\u00a0se intensific\u00f3 a hurac\u00e1n categor\u00eda 1\u00a0a 80 kil\u00f3metros al sur de L\u00e1zaro C\u00e1rdenas, Michoac\u00e1n, mientras avanza paralelo a la costa, inform\u00f3\u00a0la Comisi\u00f3n Nacional del Agua (Conagua) en [&hellip;]\" \/>\n<meta property=\"og:url\" content=\"https:\/\/fuentesfidedignas.com.mx\/index.php\/2023\/06\/30\/trayectoria-en-vivo-beatriz-se-convierte-en-huracan-frente-al-pacifico\/\" \/>\n<meta property=\"og:site_name\" content=\"Fuentes Fidedignas\" \/>\n<meta property=\"article:publisher\" content=\"https:\/\/www.facebook.com\/Fuentes-Fidedignas-368234489921644\" \/>\n<meta property=\"article:published_time\" content=\"2023-06-30T16:27:11+00:00\" \/>\n<meta property=\"article:modified_time\" content=\"2023-07-01T14:54:49+00:00\" \/>\n<meta property=\"og:image\" content=\"https:\/\/fuentesfidedignas.com.mx\/wp-content\/uploads\/2023\/06\/2971436.jpg\" \/>\n\t<meta property=\"og:image:width\" content=\"800\" \/>\n\t<meta property=\"og:image:height\" content=\"600\" \/>\n\t<meta property=\"og:image:type\" content=\"image\/jpeg\" \/>\n<meta name=\"author\" content=\"Exc\u00e9lsior\" \/>\n<meta name=\"twitter:card\" content=\"summary_large_image\" \/>\n<meta name=\"twitter:creator\" content=\"@fidedignas\" \/>\n<meta name=\"twitter:site\" content=\"@fidedignas\" \/>\n<meta name=\"twitter:label1\" content=\"Escrito por\" \/>\n\t<meta name=\"twitter:data1\" content=\"Exc\u00e9lsior\" \/>\n\t<meta name=\"twitter:label2\" content=\"Tiempo de lectura\" \/>\n\t<meta name=\"twitter:data2\" content=\"2 minutos\" \/>\n<script type=\"application\/ld+json\" class=\"yoast-schema-graph\">{\"@context\":\"https:\\\/\\\/schema.org\",\"@graph\":[{\"@type\":\"Article\",\"@id\":\"https:\\\/\\\/fuentesfidedignas.com.mx\\\/index.php\\\/2023\\\/06\\\/30\\\/trayectoria-en-vivo-beatriz-se-convierte-en-huracan-frente-al-pacifico\\\/#article\",\"isPartOf\":{\"@id\":\"https:\\\/\\\/fuentesfidedignas.com.mx\\\/index.php\\\/2023\\\/06\\\/30\\\/trayectoria-en-vivo-beatriz-se-convierte-en-huracan-frente-al-pacifico\\\/\"},\"author\":{\"name\":\"Exc\u00e9lsior\",\"@id\":\"https:\\\/\\\/fuentesfidedignas.com.mx\\\/#\\\/schema\\\/person\\\/ec4edd1fbf5efa3e44fce34fe2787780\"},\"headline\":\"Trayectoria EN VIVO: &#8216;Beatriz&#8217; se convierte en hurac\u00e1n frente al Pac\u00edfico\",\"datePublished\":\"2023-06-30T16:27:11+00:00\",\"dateModified\":\"2023-07-01T14:54:49+00:00\",\"mainEntityOfPage\":{\"@id\":\"https:\\\/\\\/fuentesfidedignas.com.mx\\\/index.php\\\/2023\\\/06\\\/30\\\/trayectoria-en-vivo-beatriz-se-convierte-en-huracan-frente-al-pacifico\\\/\"},\"wordCount\":300,\"commentCount\":0,\"publisher\":{\"@id\":\"https:\\\/\\\/fuentesfidedignas.com.mx\\\/#organization\"},\"image\":{\"@id\":\"https:\\\/\\\/fuentesfidedignas.com.mx\\\/index.php\\\/2023\\\/06\\\/30\\\/trayectoria-en-vivo-beatriz-se-convierte-en-huracan-frente-al-pacifico\\\/#primaryimage\"},\"thumbnailUrl\":\"https:\\\/\\\/fuentesfidedignas.com.mx\\\/wp-content\\\/uploads\\\/2023\\\/06\\\/2971436.jpg\",\"inLanguage\":\"es\",\"potentialAction\":[{\"@type\":\"CommentAction\",\"name\":\"Comment\",\"target\":[\"https:\\\/\\\/fuentesfidedignas.com.mx\\\/index.php\\\/2023\\\/06\\\/30\\\/trayectoria-en-vivo-beatriz-se-convierte-en-huracan-frente-al-pacifico\\\/#respond\"]}]},{\"@type\":\"WebPage\",\"@id\":\"https:\\\/\\\/fuentesfidedignas.com.mx\\\/index.php\\\/2023\\\/06\\\/30\\\/trayectoria-en-vivo-beatriz-se-convierte-en-huracan-frente-al-pacifico\\\/\",\"url\":\"https:\\\/\\\/fuentesfidedignas.com.mx\\\/index.php\\\/2023\\\/06\\\/30\\\/trayectoria-en-vivo-beatriz-se-convierte-en-huracan-frente-al-pacifico\\\/\",\"name\":\"Trayectoria EN VIVO: 'Beatriz' se convierte en hurac\u00e1n frente al Pac\u00edfico - Fuentes Fidedignas\",\"isPartOf\":{\"@id\":\"https:\\\/\\\/fuentesfidedignas.com.mx\\\/#website\"},\"primaryImageOfPage\":{\"@id\":\"https:\\\/\\\/fuentesfidedignas.com.mx\\\/index.php\\\/2023\\\/06\\\/30\\\/trayectoria-en-vivo-beatriz-se-convierte-en-huracan-frente-al-pacifico\\\/#primaryimage\"},\"image\":{\"@id\":\"https:\\\/\\\/fuentesfidedignas.com.mx\\\/index.php\\\/2023\\\/06\\\/30\\\/trayectoria-en-vivo-beatriz-se-convierte-en-huracan-frente-al-pacifico\\\/#primaryimage\"},\"thumbnailUrl\":\"https:\\\/\\\/fuentesfidedignas.com.mx\\\/wp-content\\\/uploads\\\/2023\\\/06\\\/2971436.jpg\",\"datePublished\":\"2023-06-30T16:27:11+00:00\",\"dateModified\":\"2023-07-01T14:54:49+00:00\",\"breadcrumb\":{\"@id\":\"https:\\\/\\\/fuentesfidedignas.com.mx\\\/index.php\\\/2023\\\/06\\\/30\\\/trayectoria-en-vivo-beatriz-se-convierte-en-huracan-frente-al-pacifico\\\/#breadcrumb\"},\"inLanguage\":\"es\",\"potentialAction\":[{\"@type\":\"ReadAction\",\"target\":[\"https:\\\/\\\/fuentesfidedignas.com.mx\\\/index.php\\\/2023\\\/06\\\/30\\\/trayectoria-en-vivo-beatriz-se-convierte-en-huracan-frente-al-pacifico\\\/\"]}]},{\"@type\":\"ImageObject\",\"inLanguage\":\"es\",\"@id\":\"https:\\\/\\\/fuentesfidedignas.com.mx\\\/index.php\\\/2023\\\/06\\\/30\\\/trayectoria-en-vivo-beatriz-se-convierte-en-huracan-frente-al-pacifico\\\/#primaryimage\",\"url\":\"https:\\\/\\\/fuentesfidedignas.com.mx\\\/wp-content\\\/uploads\\\/2023\\\/06\\\/2971436.jpg\",\"contentUrl\":\"https:\\\/\\\/fuentesfidedignas.com.mx\\\/wp-content\\\/uploads\\\/2023\\\/06\\\/2971436.jpg\",\"width\":800,\"height\":600},{\"@type\":\"BreadcrumbList\",\"@id\":\"https:\\\/\\\/fuentesfidedignas.com.mx\\\/index.php\\\/2023\\\/06\\\/30\\\/trayectoria-en-vivo-beatriz-se-convierte-en-huracan-frente-al-pacifico\\\/#breadcrumb\",\"itemListElement\":[{\"@type\":\"ListItem\",\"position\":1,\"name\":\"Inicio\",\"item\":\"https:\\\/\\\/fuentesfidedignas.com.mx\\\/\"},{\"@type\":\"ListItem\",\"position\":2,\"name\":\"Trayectoria EN VIVO: &#8216;Beatriz&#8217; se convierte en hurac\u00e1n frente al Pac\u00edfico\"}]},{\"@type\":\"WebSite\",\"@id\":\"https:\\\/\\\/fuentesfidedignas.com.mx\\\/#website\",\"url\":\"https:\\\/\\\/fuentesfidedignas.com.mx\\\/\",\"name\":\"Fuentes Fidedignas\",\"description\":\"Otro sitio realizado con WordPress\",\"publisher\":{\"@id\":\"https:\\\/\\\/fuentesfidedignas.com.mx\\\/#organization\"},\"potentialAction\":[{\"@type\":\"SearchAction\",\"target\":{\"@type\":\"EntryPoint\",\"urlTemplate\":\"https:\\\/\\\/fuentesfidedignas.com.mx\\\/?s={search_term_string}\"},\"query-input\":{\"@type\":\"PropertyValueSpecification\",\"valueRequired\":true,\"valueName\":\"search_term_string\"}}],\"inLanguage\":\"es\"},{\"@type\":\"Organization\",\"@id\":\"https:\\\/\\\/fuentesfidedignas.com.mx\\\/#organization\",\"name\":\"Fuentes Fidedignas\",\"url\":\"https:\\\/\\\/fuentesfidedignas.com.mx\\\/\",\"logo\":{\"@type\":\"ImageObject\",\"inLanguage\":\"es\",\"@id\":\"https:\\\/\\\/fuentesfidedignas.com.mx\\\/#\\\/schema\\\/logo\\\/image\\\/\",\"url\":\"https:\\\/\\\/fuentesfidedignas.com.mx\\\/wp-content\\\/uploads\\\/2021\\\/04\\\/logo-retina.png\",\"contentUrl\":\"https:\\\/\\\/fuentesfidedignas.com.mx\\\/wp-content\\\/uploads\\\/2021\\\/04\\\/logo-retina.png\",\"width\":280,\"height\":51,\"caption\":\"Fuentes Fidedignas\"},\"image\":{\"@id\":\"https:\\\/\\\/fuentesfidedignas.com.mx\\\/#\\\/schema\\\/logo\\\/image\\\/\"},\"sameAs\":[\"https:\\\/\\\/www.facebook.com\\\/Fuentes-Fidedignas-368234489921644\",\"https:\\\/\\\/x.com\\\/fidedignas\"]},{\"@type\":\"Person\",\"@id\":\"https:\\\/\\\/fuentesfidedignas.com.mx\\\/#\\\/schema\\\/person\\\/ec4edd1fbf5efa3e44fce34fe2787780\",\"name\":\"Exc\u00e9lsior\",\"image\":{\"@type\":\"ImageObject\",\"inLanguage\":\"es\",\"@id\":\"https:\\\/\\\/secure.gravatar.com\\\/avatar\\\/4b7ee9206b48be08447852b3f0814dbc7c0f3b51541b164f1464a2725614020b?s=96&d=mm&r=g\",\"url\":\"https:\\\/\\\/secure.gravatar.com\\\/avatar\\\/4b7ee9206b48be08447852b3f0814dbc7c0f3b51541b164f1464a2725614020b?s=96&d=mm&r=g\",\"contentUrl\":\"https:\\\/\\\/secure.gravatar.com\\\/avatar\\\/4b7ee9206b48be08447852b3f0814dbc7c0f3b51541b164f1464a2725614020b?s=96&d=mm&r=g\",\"caption\":\"Exc\u00e9lsior\"},\"url\":\"https:\\\/\\\/fuentesfidedignas.com.mx\\\/index.php\\\/author\\\/excelsior\\\/\"}]}<\/script>\n<!-- \/ Yoast SEO plugin. -->","yoast_head_json":{"title":"Trayectoria EN VIVO: 'Beatriz' se convierte en hurac\u00e1n frente al Pac\u00edfico - Fuentes Fidedignas","robots":{"index":"index","follow":"follow","max-snippet":"max-snippet:-1","max-image-preview":"max-image-preview:large","max-video-preview":"max-video-preview:-1"},"canonical":"https:\/\/fuentesfidedignas.com.mx\/index.php\/2023\/06\/30\/trayectoria-en-vivo-beatriz-se-convierte-en-huracan-frente-al-pacifico\/","og_locale":"es_MX","og_type":"article","og_title":"Trayectoria EN VIVO: 'Beatriz' se convierte en hurac\u00e1n frente al Pac\u00edfico - Fuentes Fidedignas","og_description":"&#8216;Beatriz&#8217; se intensific\u00f3 a hurac\u00e1n categor\u00eda 1 hoy 30 de junio de 2023 en aguas del Oc\u00e9ano Pac\u00edfico; sigue aqu\u00ed su trayectoria en vivo Culiac\u00e1n, Sin. La tormenta tropical\u00a0Beatriz\u00a0se intensific\u00f3 a hurac\u00e1n categor\u00eda 1\u00a0a 80 kil\u00f3metros al sur de L\u00e1zaro C\u00e1rdenas, Michoac\u00e1n, mientras avanza paralelo a la costa, inform\u00f3\u00a0la Comisi\u00f3n Nacional del Agua (Conagua) en [&hellip;]","og_url":"https:\/\/fuentesfidedignas.com.mx\/index.php\/2023\/06\/30\/trayectoria-en-vivo-beatriz-se-convierte-en-huracan-frente-al-pacifico\/","og_site_name":"Fuentes Fidedignas","article_publisher":"https:\/\/www.facebook.com\/Fuentes-Fidedignas-368234489921644","article_published_time":"2023-06-30T16:27:11+00:00","article_modified_time":"2023-07-01T14:54:49+00:00","og_image":[{"width":800,"height":600,"url":"https:\/\/fuentesfidedignas.com.mx\/wp-content\/uploads\/2023\/06\/2971436.jpg","type":"image\/jpeg"}],"author":"Exc\u00e9lsior","twitter_card":"summary_large_image","twitter_creator":"@fidedignas","twitter_site":"@fidedignas","twitter_misc":{"Escrito por":"Exc\u00e9lsior","Tiempo de lectura":"2 minutos"},"schema":{"@context":"https:\/\/schema.org","@graph":[{"@type":"Article","@id":"https:\/\/fuentesfidedignas.com.mx\/index.php\/2023\/06\/30\/trayectoria-en-vivo-beatriz-se-convierte-en-huracan-frente-al-pacifico\/#article","isPartOf":{"@id":"https:\/\/fuentesfidedignas.com.mx\/index.php\/2023\/06\/30\/trayectoria-en-vivo-beatriz-se-convierte-en-huracan-frente-al-pacifico\/"},"author":{"name":"Exc\u00e9lsior","@id":"https:\/\/fuentesfidedignas.com.mx\/#\/schema\/person\/ec4edd1fbf5efa3e44fce34fe2787780"},"headline":"Trayectoria EN VIVO: &#8216;Beatriz&#8217; se convierte en hurac\u00e1n frente al Pac\u00edfico","datePublished":"2023-06-30T16:27:11+00:00","dateModified":"2023-07-01T14:54:49+00:00","mainEntityOfPage":{"@id":"https:\/\/fuentesfidedignas.com.mx\/index.php\/2023\/06\/30\/trayectoria-en-vivo-beatriz-se-convierte-en-huracan-frente-al-pacifico\/"},"wordCount":300,"commentCount":0,"publisher":{"@id":"https:\/\/fuentesfidedignas.com.mx\/#organization"},"image":{"@id":"https:\/\/fuentesfidedignas.com.mx\/index.php\/2023\/06\/30\/trayectoria-en-vivo-beatriz-se-convierte-en-huracan-frente-al-pacifico\/#primaryimage"},"thumbnailUrl":"https:\/\/fuentesfidedignas.com.mx\/wp-content\/uploads\/2023\/06\/2971436.jpg","inLanguage":"es","potentialAction":[{"@type":"CommentAction","name":"Comment","target":["https:\/\/fuentesfidedignas.com.mx\/index.php\/2023\/06\/30\/trayectoria-en-vivo-beatriz-se-convierte-en-huracan-frente-al-pacifico\/#respond"]}]},{"@type":"WebPage","@id":"https:\/\/fuentesfidedignas.com.mx\/index.php\/2023\/06\/30\/trayectoria-en-vivo-beatriz-se-convierte-en-huracan-frente-al-pacifico\/","url":"https:\/\/fuentesfidedignas.com.mx\/index.php\/2023\/06\/30\/trayectoria-en-vivo-beatriz-se-convierte-en-huracan-frente-al-pacifico\/","name":"Trayectoria EN VIVO: 'Beatriz' se convierte en hurac\u00e1n frente al Pac\u00edfico - Fuentes Fidedignas","isPartOf":{"@id":"https:\/\/fuentesfidedignas.com.mx\/#website"},"primaryImageOfPage":{"@id":"https:\/\/fuentesfidedignas.com.mx\/index.php\/2023\/06\/30\/trayectoria-en-vivo-beatriz-se-convierte-en-huracan-frente-al-pacifico\/#primaryimage"},"image":{"@id":"https:\/\/fuentesfidedignas.com.mx\/index.php\/2023\/06\/30\/trayectoria-en-vivo-beatriz-se-convierte-en-huracan-frente-al-pacifico\/#primaryimage"},"thumbnailUrl":"https:\/\/fuentesfidedignas.com.mx\/wp-content\/uploads\/2023\/06\/2971436.jpg","datePublished":"2023-06-30T16:27:11+00:00","dateModified":"2023-07-01T14:54:49+00:00","breadcrumb":{"@id":"https:\/\/fuentesfidedignas.com.mx\/index.php\/2023\/06\/30\/trayectoria-en-vivo-beatriz-se-convierte-en-huracan-frente-al-pacifico\/#breadcrumb"},"inLanguage":"es","potentialAction":[{"@type":"ReadAction","target":["https:\/\/fuentesfidedignas.com.mx\/index.php\/2023\/06\/30\/trayectoria-en-vivo-beatriz-se-convierte-en-huracan-frente-al-pacifico\/"]}]},{"@type":"ImageObject","inLanguage":"es","@id":"https:\/\/fuentesfidedignas.com.mx\/index.php\/2023\/06\/30\/trayectoria-en-vivo-beatriz-se-convierte-en-huracan-frente-al-pacifico\/#primaryimage","url":"https:\/\/fuentesfidedignas.com.mx\/wp-content\/uploads\/2023\/06\/2971436.jpg","contentUrl":"https:\/\/fuentesfidedignas.com.mx\/wp-content\/uploads\/2023\/06\/2971436.jpg","width":800,"height":600},{"@type":"BreadcrumbList","@id":"https:\/\/fuentesfidedignas.com.mx\/index.php\/2023\/06\/30\/trayectoria-en-vivo-beatriz-se-convierte-en-huracan-frente-al-pacifico\/#breadcrumb","itemListElement":[{"@type":"ListItem","position":1,"name":"Inicio","item":"https:\/\/fuentesfidedignas.com.mx\/"},{"@type":"ListItem","position":2,"name":"Trayectoria EN VIVO: &#8216;Beatriz&#8217; se convierte en hurac\u00e1n frente al Pac\u00edfico"}]},{"@type":"WebSite","@id":"https:\/\/fuentesfidedignas.com.mx\/#website","url":"https:\/\/fuentesfidedignas.com.mx\/","name":"Fuentes Fidedignas","description":"Otro sitio realizado con WordPress","publisher":{"@id":"https:\/\/fuentesfidedignas.com.mx\/#organization"},"potentialAction":[{"@type":"SearchAction","target":{"@type":"EntryPoint","urlTemplate":"https:\/\/fuentesfidedignas.com.mx\/?s={search_term_string}"},"query-input":{"@type":"PropertyValueSpecification","valueRequired":true,"valueName":"search_term_string"}}],"inLanguage":"es"},{"@type":"Organization","@id":"https:\/\/fuentesfidedignas.com.mx\/#organization","name":"Fuentes Fidedignas","url":"https:\/\/fuentesfidedignas.com.mx\/","logo":{"@type":"ImageObject","inLanguage":"es","@id":"https:\/\/fuentesfidedignas.com.mx\/#\/schema\/logo\/image\/","url":"https:\/\/fuentesfidedignas.com.mx\/wp-content\/uploads\/2021\/04\/logo-retina.png","contentUrl":"https:\/\/fuentesfidedignas.com.mx\/wp-content\/uploads\/2021\/04\/logo-retina.png","width":280,"height":51,"caption":"Fuentes Fidedignas"},"image":{"@id":"https:\/\/fuentesfidedignas.com.mx\/#\/schema\/logo\/image\/"},"sameAs":["https:\/\/www.facebook.com\/Fuentes-Fidedignas-368234489921644","https:\/\/x.com\/fidedignas"]},{"@type":"Person","@id":"https:\/\/fuentesfidedignas.com.mx\/#\/schema\/person\/ec4edd1fbf5efa3e44fce34fe2787780","name":"Exc\u00e9lsior","image":{"@type":"ImageObject","inLanguage":"es","@id":"https:\/\/secure.gravatar.com\/avatar\/4b7ee9206b48be08447852b3f0814dbc7c0f3b51541b164f1464a2725614020b?s=96&d=mm&r=g","url":"https:\/\/secure.gravatar.com\/avatar\/4b7ee9206b48be08447852b3f0814dbc7c0f3b51541b164f1464a2725614020b?s=96&d=mm&r=g","contentUrl":"https:\/\/secure.gravatar.com\/avatar\/4b7ee9206b48be08447852b3f0814dbc7c0f3b51541b164f1464a2725614020b?s=96&d=mm&r=g","caption":"Exc\u00e9lsior"},"url":"https:\/\/fuentesfidedignas.com.mx\/index.php\/author\/excelsior\/"}]}},"_links":{"self":[{"href":"https:\/\/fuentesfidedignas.com.mx\/index.php\/wp-json\/wp\/v2\/posts\/51508","targetHints":{"allow":["GET"]}}],"collection":[{"href":"https:\/\/fuentesfidedignas.com.mx\/index.php\/wp-json\/wp\/v2\/posts"}],"about":[{"href":"https:\/\/fuentesfidedignas.com.mx\/index.php\/wp-json\/wp\/v2\/types\/post"}],"author":[{"embeddable":true,"href":"https:\/\/fuentesfidedignas.com.mx\/index.php\/wp-json\/wp\/v2\/users\/7"}],"replies":[{"embeddable":true,"href":"https:\/\/fuentesfidedignas.com.mx\/index.php\/wp-json\/wp\/v2\/comments?post=51508"}],"version-history":[{"count":3,"href":"https:\/\/fuentesfidedignas.com.mx\/index.php\/wp-json\/wp\/v2\/posts\/51508\/revisions"}],"predecessor-version":[{"id":51514,"href":"https:\/\/fuentesfidedignas.com.mx\/index.php\/wp-json\/wp\/v2\/posts\/51508\/revisions\/51514"}],"wp:featuredmedia":[{"embeddable":true,"href":"https:\/\/fuentesfidedignas.com.mx\/index.php\/wp-json\/wp\/v2\/media\/51510"}],"wp:attachment":[{"href":"https:\/\/fuentesfidedignas.com.mx\/index.php\/wp-json\/wp\/v2\/media?parent=51508"}],"wp:term":[{"taxonomy":"category","embeddable":true,"href":"https:\/\/fuentesfidedignas.com.mx\/index.php\/wp-json\/wp\/v2\/categories?post=51508"},{"taxonomy":"post_tag","embeddable":true,"href":"https:\/\/fuentesfidedignas.com.mx\/index.php\/wp-json\/wp\/v2\/tags?post=51508"}],"curies":[{"name":"wp","href":"https:\/\/api.w.org\/{rel}","templated":true}]}}