{"id":51413,"date":"2023-06-29T12:24:43","date_gmt":"2023-06-29T19:24:43","guid":{"rendered":"https:\/\/fuentesfidedignas.com.mx\/?p=51413"},"modified":"2023-06-29T12:30:50","modified_gmt":"2023-06-29T19:30:50","slug":"en-puerta-cursos-de-verano-en-el-zoologico-de-culiacan","status":"publish","type":"post","link":"https:\/\/fuentesfidedignas.com.mx\/index.php\/2023\/06\/29\/en-puerta-cursos-de-verano-en-el-zoologico-de-culiacan\/","title":{"rendered":"En puerta cursos de verano en el Zool\u00f3gico de Culiac\u00e1n"},"content":{"rendered":"\n<p><em><strong><br \/>A partir del 10 de julio se ofrecer\u00e1n experiencias educativas y campamento para ni\u00f1os de entre 4 a 12 a\u00f1os<\/strong><\/em><\/p>\n\n\n\n<p>Culiac\u00e1n, Sin. &#8211; Diego Garc\u00eda Heredia, director del Zool\u00f3gico de Culiac\u00e1n, se complace en anunciar la realizaci\u00f3n de cursos de verano dirigidos a ni\u00f1as y ni\u00f1os entre 4 y 12 a\u00f1os de edad. Estos cursos se llevar\u00e1n a cabo uno cada semana, durante las vacaciones escolares de verano, y brindar\u00e1n a los participantes la oportunidad de explorar y aprender m\u00e1s sobre la fauna silvestre, adem\u00e1s de disfrutar de un campamento con divertidas din\u00e1micas.<\/p>\n\n\n\n<p>Durante estos cursos de verano, los menores tendr\u00e1n la experiencia \u00fanica de acercarse a diversas especies de animales y conocer m\u00e1s sobre su h\u00e1bitat natural, alimentaci\u00f3n y caracter\u00edsticas especiales. A trav\u00e9s de actividades interactivas y educativas, se les brindar\u00e1 la oportunidad de desarrollar un mayor aprecio y respeto por la vida silvestre.<\/p>\n\n\n\n<p>Asimismo, Garc\u00eda Heredia destac\u00f3 que los participantes disfrutar\u00e1n de un campamento en las instalaciones del zool\u00f3gico, donde podr\u00e1n participar en emocionantes din\u00e1micas, juegos al aire libre, excursiones, b\u00fasqueda del tesoro y otras actividades que fomentar\u00e1n la convivencia, el trabajo en equipo y el aprendizaje en un entorno seguro y divertido.<\/p>\n\n\n\n<figure class=\"wp-block-image size-large\"><img decoding=\"async\" width=\"598\" height=\"396\" src=\"https:\/\/fuentesfidedignas.com.mx\/wp-content\/uploads\/2023\/06\/Screenshot_20230629_122638_WhatsApp.jpg\" alt=\"\" class=\"wp-image-51416\" srcset=\"https:\/\/fuentesfidedignas.com.mx\/wp-content\/uploads\/2023\/06\/Screenshot_20230629_122638_WhatsApp.jpg 598w, https:\/\/fuentesfidedignas.com.mx\/wp-content\/uploads\/2023\/06\/Screenshot_20230629_122638_WhatsApp-300x199.jpg 300w\" sizes=\"(max-width: 598px) 100vw, 598px\" \/><\/figure>\n\n\n\n<p>El director del centro recreativo subray\u00f3 que el objetivo principal de estos cursos de verano es ofrecer a los ni\u00f1os una experiencia enriquecedora que combine diversi\u00f3n y educaci\u00f3n, promoviendo el amor por la naturaleza y la importancia de la conservaci\u00f3n de las especies.<\/p>\n\n\n\n<p>El Zool\u00f3gico de Culiac\u00e1n invita a los padres de familia a inscribir a sus hijos en estos cursos de verano, que se llevar\u00e1n a cabo a partir del lunes 10 de julio con cupo limitado a 30 ni\u00f1os por grupo, con horario de 09:00 a las 13:00 horas, durante todas las semanas de las vacaciones de verano. Para obtener m\u00e1s informaci\u00f3n, se puede visitar la fan page en Facebook del zool\u00f3gico o comunicarse directamente con el departamento educativo al tel\u00e9fono 667 716 2686 y 667 713 2629.<\/p>\n","protected":false},"excerpt":{"rendered":"<p>A partir del 10 de julio se ofrecer\u00e1n experiencias educativas y campamento para ni\u00f1os de entre 4 a 12 a\u00f1os Culiac\u00e1n, Sin. &#8211; Diego Garc\u00eda Heredia, director del Zool\u00f3gico de Culiac\u00e1n, se complace en anunciar la realizaci\u00f3n de cursos de verano dirigidos a ni\u00f1as y ni\u00f1os entre 4 y 12 a\u00f1os de edad. Estos cursos [&hellip;]<\/p>\n","protected":false},"author":4,"featured_media":51415,"comment_status":"open","ping_status":"open","sticky":false,"template":"","format":"standard","meta":{"tdm_status":"","tdm_grid_status":"","footnotes":""},"categories":[38,1],"tags":[],"class_list":{"0":"post-51413","1":"post","2":"type-post","3":"status-publish","4":"format-standard","5":"has-post-thumbnail","7":"category-noticias-locales","8":"category-sin-categoria"},"yoast_head":"<!-- This site is optimized with the Yoast SEO plugin v27.4 - https:\/\/yoast.com\/product\/yoast-seo-wordpress\/ -->\n<title>En puerta cursos de verano en el Zool\u00f3gico de Culiac\u00e1n - Fuentes Fidedignas<\/title>\n<meta name=\"robots\" content=\"index, follow, max-snippet:-1, max-image-preview:large, max-video-preview:-1\" \/>\n<link rel=\"canonical\" href=\"https:\/\/fuentesfidedignas.com.mx\/index.php\/2023\/06\/29\/en-puerta-cursos-de-verano-en-el-zoologico-de-culiacan\/\" \/>\n<meta property=\"og:locale\" content=\"es_MX\" \/>\n<meta property=\"og:type\" content=\"article\" \/>\n<meta property=\"og:title\" content=\"En puerta cursos de verano en el Zool\u00f3gico de Culiac\u00e1n - Fuentes Fidedignas\" \/>\n<meta property=\"og:description\" content=\"A partir del 10 de julio se ofrecer\u00e1n experiencias educativas y campamento para ni\u00f1os de entre 4 a 12 a\u00f1os Culiac\u00e1n, Sin. &#8211; Diego Garc\u00eda Heredia, director del Zool\u00f3gico de Culiac\u00e1n, se complace en anunciar la realizaci\u00f3n de cursos de verano dirigidos a ni\u00f1as y ni\u00f1os entre 4 y 12 a\u00f1os de edad. Estos cursos [&hellip;]\" \/>\n<meta property=\"og:url\" content=\"https:\/\/fuentesfidedignas.com.mx\/index.php\/2023\/06\/29\/en-puerta-cursos-de-verano-en-el-zoologico-de-culiacan\/\" \/>\n<meta property=\"og:site_name\" content=\"Fuentes Fidedignas\" \/>\n<meta property=\"article:publisher\" content=\"https:\/\/www.facebook.com\/Fuentes-Fidedignas-368234489921644\" \/>\n<meta property=\"article:published_time\" content=\"2023-06-29T19:24:43+00:00\" \/>\n<meta property=\"article:modified_time\" content=\"2023-06-29T19:30:50+00:00\" \/>\n<meta property=\"og:image\" content=\"https:\/\/fuentesfidedignas.com.mx\/wp-content\/uploads\/2023\/06\/Screenshot_20230629_122627_WhatsApp.jpg\" \/>\n\t<meta property=\"og:image:width\" content=\"627\" \/>\n\t<meta property=\"og:image:height\" content=\"361\" \/>\n\t<meta property=\"og:image:type\" content=\"image\/jpeg\" \/>\n<meta name=\"author\" content=\"Redacci\u00f3n\" \/>\n<meta name=\"twitter:card\" content=\"summary_large_image\" \/>\n<meta name=\"twitter:creator\" content=\"@fidedignas\" \/>\n<meta name=\"twitter:site\" content=\"@fidedignas\" \/>\n<meta name=\"twitter:label1\" content=\"Escrito por\" \/>\n\t<meta name=\"twitter:data1\" content=\"Redacci\u00f3n\" \/>\n\t<meta name=\"twitter:label2\" content=\"Tiempo de lectura\" \/>\n\t<meta name=\"twitter:data2\" content=\"2 minutos\" \/>\n<script type=\"application\/ld+json\" class=\"yoast-schema-graph\">{\"@context\":\"https:\\\/\\\/schema.org\",\"@graph\":[{\"@type\":\"Article\",\"@id\":\"https:\\\/\\\/fuentesfidedignas.com.mx\\\/index.php\\\/2023\\\/06\\\/29\\\/en-puerta-cursos-de-verano-en-el-zoologico-de-culiacan\\\/#article\",\"isPartOf\":{\"@id\":\"https:\\\/\\\/fuentesfidedignas.com.mx\\\/index.php\\\/2023\\\/06\\\/29\\\/en-puerta-cursos-de-verano-en-el-zoologico-de-culiacan\\\/\"},\"author\":{\"name\":\"Redacci\u00f3n\",\"@id\":\"https:\\\/\\\/fuentesfidedignas.com.mx\\\/#\\\/schema\\\/person\\\/331be9283d37198e2acd5750279085b0\"},\"headline\":\"En puerta cursos de verano en el Zool\u00f3gico de Culiac\u00e1n\",\"datePublished\":\"2023-06-29T19:24:43+00:00\",\"dateModified\":\"2023-06-29T19:30:50+00:00\",\"mainEntityOfPage\":{\"@id\":\"https:\\\/\\\/fuentesfidedignas.com.mx\\\/index.php\\\/2023\\\/06\\\/29\\\/en-puerta-cursos-de-verano-en-el-zoologico-de-culiacan\\\/\"},\"wordCount\":363,\"commentCount\":0,\"publisher\":{\"@id\":\"https:\\\/\\\/fuentesfidedignas.com.mx\\\/#organization\"},\"image\":{\"@id\":\"https:\\\/\\\/fuentesfidedignas.com.mx\\\/index.php\\\/2023\\\/06\\\/29\\\/en-puerta-cursos-de-verano-en-el-zoologico-de-culiacan\\\/#primaryimage\"},\"thumbnailUrl\":\"https:\\\/\\\/fuentesfidedignas.com.mx\\\/wp-content\\\/uploads\\\/2023\\\/06\\\/Screenshot_20230629_122627_WhatsApp.jpg\",\"articleSection\":[\"NOTICIAS LOCALES\"],\"inLanguage\":\"es\",\"potentialAction\":[{\"@type\":\"CommentAction\",\"name\":\"Comment\",\"target\":[\"https:\\\/\\\/fuentesfidedignas.com.mx\\\/index.php\\\/2023\\\/06\\\/29\\\/en-puerta-cursos-de-verano-en-el-zoologico-de-culiacan\\\/#respond\"]}]},{\"@type\":\"WebPage\",\"@id\":\"https:\\\/\\\/fuentesfidedignas.com.mx\\\/index.php\\\/2023\\\/06\\\/29\\\/en-puerta-cursos-de-verano-en-el-zoologico-de-culiacan\\\/\",\"url\":\"https:\\\/\\\/fuentesfidedignas.com.mx\\\/index.php\\\/2023\\\/06\\\/29\\\/en-puerta-cursos-de-verano-en-el-zoologico-de-culiacan\\\/\",\"name\":\"En puerta cursos de verano en el Zool\u00f3gico de Culiac\u00e1n - Fuentes Fidedignas\",\"isPartOf\":{\"@id\":\"https:\\\/\\\/fuentesfidedignas.com.mx\\\/#website\"},\"primaryImageOfPage\":{\"@id\":\"https:\\\/\\\/fuentesfidedignas.com.mx\\\/index.php\\\/2023\\\/06\\\/29\\\/en-puerta-cursos-de-verano-en-el-zoologico-de-culiacan\\\/#primaryimage\"},\"image\":{\"@id\":\"https:\\\/\\\/fuentesfidedignas.com.mx\\\/index.php\\\/2023\\\/06\\\/29\\\/en-puerta-cursos-de-verano-en-el-zoologico-de-culiacan\\\/#primaryimage\"},\"thumbnailUrl\":\"https:\\\/\\\/fuentesfidedignas.com.mx\\\/wp-content\\\/uploads\\\/2023\\\/06\\\/Screenshot_20230629_122627_WhatsApp.jpg\",\"datePublished\":\"2023-06-29T19:24:43+00:00\",\"dateModified\":\"2023-06-29T19:30:50+00:00\",\"breadcrumb\":{\"@id\":\"https:\\\/\\\/fuentesfidedignas.com.mx\\\/index.php\\\/2023\\\/06\\\/29\\\/en-puerta-cursos-de-verano-en-el-zoologico-de-culiacan\\\/#breadcrumb\"},\"inLanguage\":\"es\",\"potentialAction\":[{\"@type\":\"ReadAction\",\"target\":[\"https:\\\/\\\/fuentesfidedignas.com.mx\\\/index.php\\\/2023\\\/06\\\/29\\\/en-puerta-cursos-de-verano-en-el-zoologico-de-culiacan\\\/\"]}]},{\"@type\":\"ImageObject\",\"inLanguage\":\"es\",\"@id\":\"https:\\\/\\\/fuentesfidedignas.com.mx\\\/index.php\\\/2023\\\/06\\\/29\\\/en-puerta-cursos-de-verano-en-el-zoologico-de-culiacan\\\/#primaryimage\",\"url\":\"https:\\\/\\\/fuentesfidedignas.com.mx\\\/wp-content\\\/uploads\\\/2023\\\/06\\\/Screenshot_20230629_122627_WhatsApp.jpg\",\"contentUrl\":\"https:\\\/\\\/fuentesfidedignas.com.mx\\\/wp-content\\\/uploads\\\/2023\\\/06\\\/Screenshot_20230629_122627_WhatsApp.jpg\",\"width\":627,\"height\":361},{\"@type\":\"BreadcrumbList\",\"@id\":\"https:\\\/\\\/fuentesfidedignas.com.mx\\\/index.php\\\/2023\\\/06\\\/29\\\/en-puerta-cursos-de-verano-en-el-zoologico-de-culiacan\\\/#breadcrumb\",\"itemListElement\":[{\"@type\":\"ListItem\",\"position\":1,\"name\":\"Inicio\",\"item\":\"https:\\\/\\\/fuentesfidedignas.com.mx\\\/\"},{\"@type\":\"ListItem\",\"position\":2,\"name\":\"En puerta cursos de verano en el Zool\u00f3gico de Culiac\u00e1n\"}]},{\"@type\":\"WebSite\",\"@id\":\"https:\\\/\\\/fuentesfidedignas.com.mx\\\/#website\",\"url\":\"https:\\\/\\\/fuentesfidedignas.com.mx\\\/\",\"name\":\"Fuentes Fidedignas\",\"description\":\"Otro sitio realizado con WordPress\",\"publisher\":{\"@id\":\"https:\\\/\\\/fuentesfidedignas.com.mx\\\/#organization\"},\"potentialAction\":[{\"@type\":\"SearchAction\",\"target\":{\"@type\":\"EntryPoint\",\"urlTemplate\":\"https:\\\/\\\/fuentesfidedignas.com.mx\\\/?s={search_term_string}\"},\"query-input\":{\"@type\":\"PropertyValueSpecification\",\"valueRequired\":true,\"valueName\":\"search_term_string\"}}],\"inLanguage\":\"es\"},{\"@type\":\"Organization\",\"@id\":\"https:\\\/\\\/fuentesfidedignas.com.mx\\\/#organization\",\"name\":\"Fuentes Fidedignas\",\"url\":\"https:\\\/\\\/fuentesfidedignas.com.mx\\\/\",\"logo\":{\"@type\":\"ImageObject\",\"inLanguage\":\"es\",\"@id\":\"https:\\\/\\\/fuentesfidedignas.com.mx\\\/#\\\/schema\\\/logo\\\/image\\\/\",\"url\":\"https:\\\/\\\/fuentesfidedignas.com.mx\\\/wp-content\\\/uploads\\\/2021\\\/04\\\/logo-retina.png\",\"contentUrl\":\"https:\\\/\\\/fuentesfidedignas.com.mx\\\/wp-content\\\/uploads\\\/2021\\\/04\\\/logo-retina.png\",\"width\":280,\"height\":51,\"caption\":\"Fuentes Fidedignas\"},\"image\":{\"@id\":\"https:\\\/\\\/fuentesfidedignas.com.mx\\\/#\\\/schema\\\/logo\\\/image\\\/\"},\"sameAs\":[\"https:\\\/\\\/www.facebook.com\\\/Fuentes-Fidedignas-368234489921644\",\"https:\\\/\\\/x.com\\\/fidedignas\"]},{\"@type\":\"Person\",\"@id\":\"https:\\\/\\\/fuentesfidedignas.com.mx\\\/#\\\/schema\\\/person\\\/331be9283d37198e2acd5750279085b0\",\"name\":\"Redacci\u00f3n\",\"image\":{\"@type\":\"ImageObject\",\"inLanguage\":\"es\",\"@id\":\"https:\\\/\\\/secure.gravatar.com\\\/avatar\\\/f6d8782c11d12b2d4ad3fbb6931aeab5309937a4d6cd2fc9cfaa28a6396a5aec?s=96&d=mm&r=g\",\"url\":\"https:\\\/\\\/secure.gravatar.com\\\/avatar\\\/f6d8782c11d12b2d4ad3fbb6931aeab5309937a4d6cd2fc9cfaa28a6396a5aec?s=96&d=mm&r=g\",\"contentUrl\":\"https:\\\/\\\/secure.gravatar.com\\\/avatar\\\/f6d8782c11d12b2d4ad3fbb6931aeab5309937a4d6cd2fc9cfaa28a6396a5aec?s=96&d=mm&r=g\",\"caption\":\"Redacci\u00f3n\"},\"url\":\"https:\\\/\\\/fuentesfidedignas.com.mx\\\/index.php\\\/author\\\/redaccion\\\/\"}]}<\/script>\n<!-- \/ Yoast SEO plugin. -->","yoast_head_json":{"title":"En puerta cursos de verano en el Zool\u00f3gico de Culiac\u00e1n - Fuentes Fidedignas","robots":{"index":"index","follow":"follow","max-snippet":"max-snippet:-1","max-image-preview":"max-image-preview:large","max-video-preview":"max-video-preview:-1"},"canonical":"https:\/\/fuentesfidedignas.com.mx\/index.php\/2023\/06\/29\/en-puerta-cursos-de-verano-en-el-zoologico-de-culiacan\/","og_locale":"es_MX","og_type":"article","og_title":"En puerta cursos de verano en el Zool\u00f3gico de Culiac\u00e1n - Fuentes Fidedignas","og_description":"A partir del 10 de julio se ofrecer\u00e1n experiencias educativas y campamento para ni\u00f1os de entre 4 a 12 a\u00f1os Culiac\u00e1n, Sin. &#8211; Diego Garc\u00eda Heredia, director del Zool\u00f3gico de Culiac\u00e1n, se complace en anunciar la realizaci\u00f3n de cursos de verano dirigidos a ni\u00f1as y ni\u00f1os entre 4 y 12 a\u00f1os de edad. Estos cursos [&hellip;]","og_url":"https:\/\/fuentesfidedignas.com.mx\/index.php\/2023\/06\/29\/en-puerta-cursos-de-verano-en-el-zoologico-de-culiacan\/","og_site_name":"Fuentes Fidedignas","article_publisher":"https:\/\/www.facebook.com\/Fuentes-Fidedignas-368234489921644","article_published_time":"2023-06-29T19:24:43+00:00","article_modified_time":"2023-06-29T19:30:50+00:00","og_image":[{"width":627,"height":361,"url":"https:\/\/fuentesfidedignas.com.mx\/wp-content\/uploads\/2023\/06\/Screenshot_20230629_122627_WhatsApp.jpg","type":"image\/jpeg"}],"author":"Redacci\u00f3n","twitter_card":"summary_large_image","twitter_creator":"@fidedignas","twitter_site":"@fidedignas","twitter_misc":{"Escrito por":"Redacci\u00f3n","Tiempo de lectura":"2 minutos"},"schema":{"@context":"https:\/\/schema.org","@graph":[{"@type":"Article","@id":"https:\/\/fuentesfidedignas.com.mx\/index.php\/2023\/06\/29\/en-puerta-cursos-de-verano-en-el-zoologico-de-culiacan\/#article","isPartOf":{"@id":"https:\/\/fuentesfidedignas.com.mx\/index.php\/2023\/06\/29\/en-puerta-cursos-de-verano-en-el-zoologico-de-culiacan\/"},"author":{"name":"Redacci\u00f3n","@id":"https:\/\/fuentesfidedignas.com.mx\/#\/schema\/person\/331be9283d37198e2acd5750279085b0"},"headline":"En puerta cursos de verano en el Zool\u00f3gico de Culiac\u00e1n","datePublished":"2023-06-29T19:24:43+00:00","dateModified":"2023-06-29T19:30:50+00:00","mainEntityOfPage":{"@id":"https:\/\/fuentesfidedignas.com.mx\/index.php\/2023\/06\/29\/en-puerta-cursos-de-verano-en-el-zoologico-de-culiacan\/"},"wordCount":363,"commentCount":0,"publisher":{"@id":"https:\/\/fuentesfidedignas.com.mx\/#organization"},"image":{"@id":"https:\/\/fuentesfidedignas.com.mx\/index.php\/2023\/06\/29\/en-puerta-cursos-de-verano-en-el-zoologico-de-culiacan\/#primaryimage"},"thumbnailUrl":"https:\/\/fuentesfidedignas.com.mx\/wp-content\/uploads\/2023\/06\/Screenshot_20230629_122627_WhatsApp.jpg","articleSection":["NOTICIAS LOCALES"],"inLanguage":"es","potentialAction":[{"@type":"CommentAction","name":"Comment","target":["https:\/\/fuentesfidedignas.com.mx\/index.php\/2023\/06\/29\/en-puerta-cursos-de-verano-en-el-zoologico-de-culiacan\/#respond"]}]},{"@type":"WebPage","@id":"https:\/\/fuentesfidedignas.com.mx\/index.php\/2023\/06\/29\/en-puerta-cursos-de-verano-en-el-zoologico-de-culiacan\/","url":"https:\/\/fuentesfidedignas.com.mx\/index.php\/2023\/06\/29\/en-puerta-cursos-de-verano-en-el-zoologico-de-culiacan\/","name":"En puerta cursos de verano en el Zool\u00f3gico de Culiac\u00e1n - Fuentes Fidedignas","isPartOf":{"@id":"https:\/\/fuentesfidedignas.com.mx\/#website"},"primaryImageOfPage":{"@id":"https:\/\/fuentesfidedignas.com.mx\/index.php\/2023\/06\/29\/en-puerta-cursos-de-verano-en-el-zoologico-de-culiacan\/#primaryimage"},"image":{"@id":"https:\/\/fuentesfidedignas.com.mx\/index.php\/2023\/06\/29\/en-puerta-cursos-de-verano-en-el-zoologico-de-culiacan\/#primaryimage"},"thumbnailUrl":"https:\/\/fuentesfidedignas.com.mx\/wp-content\/uploads\/2023\/06\/Screenshot_20230629_122627_WhatsApp.jpg","datePublished":"2023-06-29T19:24:43+00:00","dateModified":"2023-06-29T19:30:50+00:00","breadcrumb":{"@id":"https:\/\/fuentesfidedignas.com.mx\/index.php\/2023\/06\/29\/en-puerta-cursos-de-verano-en-el-zoologico-de-culiacan\/#breadcrumb"},"inLanguage":"es","potentialAction":[{"@type":"ReadAction","target":["https:\/\/fuentesfidedignas.com.mx\/index.php\/2023\/06\/29\/en-puerta-cursos-de-verano-en-el-zoologico-de-culiacan\/"]}]},{"@type":"ImageObject","inLanguage":"es","@id":"https:\/\/fuentesfidedignas.com.mx\/index.php\/2023\/06\/29\/en-puerta-cursos-de-verano-en-el-zoologico-de-culiacan\/#primaryimage","url":"https:\/\/fuentesfidedignas.com.mx\/wp-content\/uploads\/2023\/06\/Screenshot_20230629_122627_WhatsApp.jpg","contentUrl":"https:\/\/fuentesfidedignas.com.mx\/wp-content\/uploads\/2023\/06\/Screenshot_20230629_122627_WhatsApp.jpg","width":627,"height":361},{"@type":"BreadcrumbList","@id":"https:\/\/fuentesfidedignas.com.mx\/index.php\/2023\/06\/29\/en-puerta-cursos-de-verano-en-el-zoologico-de-culiacan\/#breadcrumb","itemListElement":[{"@type":"ListItem","position":1,"name":"Inicio","item":"https:\/\/fuentesfidedignas.com.mx\/"},{"@type":"ListItem","position":2,"name":"En puerta cursos de verano en el Zool\u00f3gico de Culiac\u00e1n"}]},{"@type":"WebSite","@id":"https:\/\/fuentesfidedignas.com.mx\/#website","url":"https:\/\/fuentesfidedignas.com.mx\/","name":"Fuentes Fidedignas","description":"Otro sitio realizado con WordPress","publisher":{"@id":"https:\/\/fuentesfidedignas.com.mx\/#organization"},"potentialAction":[{"@type":"SearchAction","target":{"@type":"EntryPoint","urlTemplate":"https:\/\/fuentesfidedignas.com.mx\/?s={search_term_string}"},"query-input":{"@type":"PropertyValueSpecification","valueRequired":true,"valueName":"search_term_string"}}],"inLanguage":"es"},{"@type":"Organization","@id":"https:\/\/fuentesfidedignas.com.mx\/#organization","name":"Fuentes Fidedignas","url":"https:\/\/fuentesfidedignas.com.mx\/","logo":{"@type":"ImageObject","inLanguage":"es","@id":"https:\/\/fuentesfidedignas.com.mx\/#\/schema\/logo\/image\/","url":"https:\/\/fuentesfidedignas.com.mx\/wp-content\/uploads\/2021\/04\/logo-retina.png","contentUrl":"https:\/\/fuentesfidedignas.com.mx\/wp-content\/uploads\/2021\/04\/logo-retina.png","width":280,"height":51,"caption":"Fuentes Fidedignas"},"image":{"@id":"https:\/\/fuentesfidedignas.com.mx\/#\/schema\/logo\/image\/"},"sameAs":["https:\/\/www.facebook.com\/Fuentes-Fidedignas-368234489921644","https:\/\/x.com\/fidedignas"]},{"@type":"Person","@id":"https:\/\/fuentesfidedignas.com.mx\/#\/schema\/person\/331be9283d37198e2acd5750279085b0","name":"Redacci\u00f3n","image":{"@type":"ImageObject","inLanguage":"es","@id":"https:\/\/secure.gravatar.com\/avatar\/f6d8782c11d12b2d4ad3fbb6931aeab5309937a4d6cd2fc9cfaa28a6396a5aec?s=96&d=mm&r=g","url":"https:\/\/secure.gravatar.com\/avatar\/f6d8782c11d12b2d4ad3fbb6931aeab5309937a4d6cd2fc9cfaa28a6396a5aec?s=96&d=mm&r=g","contentUrl":"https:\/\/secure.gravatar.com\/avatar\/f6d8782c11d12b2d4ad3fbb6931aeab5309937a4d6cd2fc9cfaa28a6396a5aec?s=96&d=mm&r=g","caption":"Redacci\u00f3n"},"url":"https:\/\/fuentesfidedignas.com.mx\/index.php\/author\/redaccion\/"}]}},"_links":{"self":[{"href":"https:\/\/fuentesfidedignas.com.mx\/index.php\/wp-json\/wp\/v2\/posts\/51413","targetHints":{"allow":["GET"]}}],"collection":[{"href":"https:\/\/fuentesfidedignas.com.mx\/index.php\/wp-json\/wp\/v2\/posts"}],"about":[{"href":"https:\/\/fuentesfidedignas.com.mx\/index.php\/wp-json\/wp\/v2\/types\/post"}],"author":[{"embeddable":true,"href":"https:\/\/fuentesfidedignas.com.mx\/index.php\/wp-json\/wp\/v2\/users\/4"}],"replies":[{"embeddable":true,"href":"https:\/\/fuentesfidedignas.com.mx\/index.php\/wp-json\/wp\/v2\/comments?post=51413"}],"version-history":[{"count":2,"href":"https:\/\/fuentesfidedignas.com.mx\/index.php\/wp-json\/wp\/v2\/posts\/51413\/revisions"}],"predecessor-version":[{"id":51417,"href":"https:\/\/fuentesfidedignas.com.mx\/index.php\/wp-json\/wp\/v2\/posts\/51413\/revisions\/51417"}],"wp:featuredmedia":[{"embeddable":true,"href":"https:\/\/fuentesfidedignas.com.mx\/index.php\/wp-json\/wp\/v2\/media\/51415"}],"wp:attachment":[{"href":"https:\/\/fuentesfidedignas.com.mx\/index.php\/wp-json\/wp\/v2\/media?parent=51413"}],"wp:term":[{"taxonomy":"category","embeddable":true,"href":"https:\/\/fuentesfidedignas.com.mx\/index.php\/wp-json\/wp\/v2\/categories?post=51413"},{"taxonomy":"post_tag","embeddable":true,"href":"https:\/\/fuentesfidedignas.com.mx\/index.php\/wp-json\/wp\/v2\/tags?post=51413"}],"curies":[{"name":"wp","href":"https:\/\/api.w.org\/{rel}","templated":true}]}}