{"id":51403,"date":"2023-06-29T10:20:30","date_gmt":"2023-06-29T17:20:30","guid":{"rendered":"https:\/\/fuentesfidedignas.com.mx\/?p=51403"},"modified":"2023-06-29T10:20:42","modified_gmt":"2023-06-29T17:20:42","slug":"de-priistas-y-priyistas","status":"publish","type":"post","link":"https:\/\/fuentesfidedignas.com.mx\/index.php\/2023\/06\/29\/de-priistas-y-priyistas\/","title":{"rendered":"De Pri\u00edstas y Pr\u00edyistas"},"content":{"rendered":"\n<p><strong>Por: Juan B. Ordorica (@juanordorica)<\/strong><\/p>\n\n\n\n<p>Sirva el siguiente glosario para explicar los conceptos de la columna de hoy:<\/p>\n\n\n\n<p><strong>PRIYISTA: <\/strong><em>Persona que dice militar en el Partido Revolucionario Institucional, pero sin la convicci\u00f3n necesaria. D\u00edcese que aquellos individuos que eligieron su militancia para vivir cercanos al poder.<\/em><\/p>\n\n\n\n<p><strong>PRI\u00cdSTAS:<\/strong> <em>Militantes del Revolucionario Institucional que buscan cambiar las circunstancias adversas desde sus principios partidarios.<\/em><\/p>\n\n\n\n<p>Para los priyistas, la vida alejada de poder es una agon\u00eda. La enorme mayor\u00eda de militantes, dirigentes y pol\u00edticos pertenecientes al revolucionario institucional no nacieron con esp\u00edritu revolucionario. En su nombre cargan la cruz de la iron\u00eda. La revoluci\u00f3n no es el estado ideal del priyismo. La gen\u00e9tica del tricolor es vivir en, por y para el r\u00e9gimen. Ser sumisos ante los poderosos y mendigar espacios en las administraciones p\u00fablicas es su verdadera doctrina. Desde luego que otros partidos tambi\u00e9n viven esas pr\u00e1cticas; sin embargo, quienes patentaron esa forma de vida y la exportaron a otras fuerzas pol\u00edticas es el priyismo.<\/p>\n\n\n\n<p><strong>En Sinaloa hubo una fiebre de renuncias al PRI. <\/strong>Est\u00e1n en su derecho de hacerlo y as\u00ed debe de ser en una democracia; sin embargo, las motivaciones de los renunciantes parecen llantos de estudiantes de k\u00ednder. Los pr\u00f3fugos del tricolor utilizan la excusa para huir que no hay democracia en el PRI. Admiro su caradura. No cualquiera tiene el estomago de quejarse por algo que antes celebraban. El 100% de los priyistas en fuga fueron beneficiarios de la \u201cl\u00ednea y unidad\u201d en alg\u00fan momento de su carrera. Sin esas perversiones de la democracia muy pocos de ellos hubieran podido tener un cheque del erario.<\/p>\n\n\n\n<p>Los priyistas se est\u00e1n portado como n\u00e1ufragos de un barco que ellos ayudaron a hundir.&nbsp; Durante a\u00f1os fueron destruyendo las paredes de su embarcaci\u00f3n y rob\u00e1ndose las tablas para sus propios botes salvavidas. Ellos estuvieron a cargo del cuarto de m\u00e1quinas, del mantenimiento del buque y muchos de ellos llevaron el tim\u00f3n rumbo a los arrecifes. Hundieron el barco y hoy se quejan que se est\u00e1n mojando; por eso prefieren brincar a la primera chalupa que se les atraviesa.&nbsp;<\/p>\n\n\n\n<p>Es preciso se\u00f1alar que algunas renuncias se dieron con priyistas ubicados c\u00f3modamente en la n\u00f3mina del gobierno estatal; si bien, el gobernador declar\u00f3 que no se les exigi\u00f3 renuncias partidistas; si embargo, los acomedidos miembros del gabinete prefirieron dejar atr\u00e1s sus<em> \u201cconvicciones partidistas\u201d <\/em>para ser los nuevos conversos que persigan a los blasfemos contrarios al nuevo r\u00e9gimen, aunque, para este tipo de pol\u00edticos no hay nuevo o viejo r\u00e9gimen: el r\u00e9gimen es UNICO y ellos siempre ser\u00e1n parte de \u00e9l. Nacieron para vivir en simbiosis con el erario.<\/p>\n\n\n\n<p>Por otro lado, <strong>al pri\u00edsmo se le abre una oportunidad de oro.<\/strong> En un abrir y cerrar de ojos se fueron por la salida f\u00e1cil cientos de priyistas amantes de los huesos que se hab\u00edan convertido en una nata que bloqueaba cualquier oxigeno a la militancia.<\/p>\n\n\n\n<p><strong>Tambi\u00e9n hay priyistas que se quedan en el PRI. <\/strong>Alito Moreno es uno de ellos. El se\u00f1or Moreno est\u00e1 dinamitando lo poco que queda del partido. Es una lucha entre priyistas que tiene de rehenes a muchos priistas y ciudadanos (escasos ya) que todav\u00eda creen en el otrora partidazo.<\/p>\n\n\n\n<p><strong>El PRI est\u00e1 muy cerca de desaparecer; por eso, la desbandada de los busca hueso y pla\u00f1ideros de la l\u00edne<\/strong>a. Tendr\u00edan que comenzar por un cambio de nombre y de dirigentes. Es poco probable que alguna de las dos cosas suceda. Mientras exista una regidur\u00eda por repartir, los zopilotes seguir\u00e1n al frente de ese ata\u00fad revolucionario.<\/p>\n\n\n\n<p><strong>Por desgracia para los priistas, parece ser que el PRI nunca fue una ideolog\u00eda. <\/strong>Se trataba de un pretexto para acceder al Poder envuelto en la bandera de los principios revolucionarios. El priyismo siempre fue la verdadera doctrina y el priismo era una utop\u00eda de seres m\u00e1gicos que nunca existieron.<\/p>\n\n\n\n<p>&nbsp;\u00bfO usted qu\u00e9 opina, amable lector? \u00bfTodav\u00eda quedan priistas o el priyismo se llev\u00f3 lo que quedaba?<\/p>\n","protected":false},"excerpt":{"rendered":"<p>Por: Juan B. Ordorica (@juanordorica) Sirva el siguiente glosario para explicar los conceptos de la columna de hoy: PRIYISTA: Persona que dice militar en el Partido Revolucionario Institucional, pero sin la convicci\u00f3n necesaria. D\u00edcese que aquellos individuos que eligieron su militancia para vivir cercanos al poder. PRI\u00cdSTAS: Militantes del Revolucionario Institucional que buscan cambiar las [&hellip;]<\/p>\n","protected":false},"author":90,"featured_media":45741,"comment_status":"open","ping_status":"open","sticky":false,"template":"","format":"standard","meta":{"tdm_status":"","tdm_grid_status":"","footnotes":""},"categories":[3064,2729],"tags":[],"class_list":{"0":"post-51403","1":"post","2":"type-post","3":"status-publish","4":"format-standard","5":"has-post-thumbnail","7":"category-columnas","8":"category-sofismas-de-ocasion"},"yoast_head":"<!-- This site is optimized with the Yoast SEO plugin v27.5 - https:\/\/yoast.com\/product\/yoast-seo-wordpress\/ -->\n<title>De Pri\u00edstas y Pr\u00edyistas - Fuentes Fidedignas<\/title>\n<meta name=\"robots\" content=\"index, follow, max-snippet:-1, max-image-preview:large, max-video-preview:-1\" \/>\n<link rel=\"canonical\" href=\"https:\/\/fuentesfidedignas.com.mx\/index.php\/2023\/06\/29\/de-priistas-y-priyistas\/\" \/>\n<meta property=\"og:locale\" content=\"es_MX\" \/>\n<meta property=\"og:type\" content=\"article\" \/>\n<meta property=\"og:title\" content=\"De Pri\u00edstas y Pr\u00edyistas - Fuentes Fidedignas\" \/>\n<meta property=\"og:description\" content=\"Por: Juan B. Ordorica (@juanordorica) Sirva el siguiente glosario para explicar los conceptos de la columna de hoy: PRIYISTA: Persona que dice militar en el Partido Revolucionario Institucional, pero sin la convicci\u00f3n necesaria. D\u00edcese que aquellos individuos que eligieron su militancia para vivir cercanos al poder. PRI\u00cdSTAS: Militantes del Revolucionario Institucional que buscan cambiar las [&hellip;]\" \/>\n<meta property=\"og:url\" content=\"https:\/\/fuentesfidedignas.com.mx\/index.php\/2023\/06\/29\/de-priistas-y-priyistas\/\" \/>\n<meta property=\"og:site_name\" content=\"Fuentes Fidedignas\" \/>\n<meta property=\"article:publisher\" content=\"https:\/\/www.facebook.com\/Fuentes-Fidedignas-368234489921644\" \/>\n<meta property=\"article:published_time\" content=\"2023-06-29T17:20:30+00:00\" \/>\n<meta property=\"article:modified_time\" content=\"2023-06-29T17:20:42+00:00\" \/>\n<meta property=\"og:image\" content=\"https:\/\/fuentesfidedignas.com.mx\/wp-content\/uploads\/2023\/04\/ordorica.jpg\" \/>\n\t<meta property=\"og:image:width\" content=\"625\" \/>\n\t<meta property=\"og:image:height\" content=\"936\" \/>\n\t<meta property=\"og:image:type\" content=\"image\/jpeg\" \/>\n<meta name=\"author\" content=\"Juan B. Ordorica\" \/>\n<meta name=\"twitter:card\" content=\"summary_large_image\" \/>\n<meta name=\"twitter:creator\" content=\"@fidedignas\" \/>\n<meta name=\"twitter:site\" content=\"@fidedignas\" \/>\n<meta name=\"twitter:label1\" content=\"Escrito por\" \/>\n\t<meta name=\"twitter:data1\" content=\"Juan B. Ordorica\" \/>\n\t<meta name=\"twitter:label2\" content=\"Tiempo de lectura\" \/>\n\t<meta name=\"twitter:data2\" content=\"3 minutos\" \/>\n<script type=\"application\/ld+json\" class=\"yoast-schema-graph\">{\"@context\":\"https:\\\/\\\/schema.org\",\"@graph\":[{\"@type\":\"Article\",\"@id\":\"https:\\\/\\\/fuentesfidedignas.com.mx\\\/index.php\\\/2023\\\/06\\\/29\\\/de-priistas-y-priyistas\\\/#article\",\"isPartOf\":{\"@id\":\"https:\\\/\\\/fuentesfidedignas.com.mx\\\/index.php\\\/2023\\\/06\\\/29\\\/de-priistas-y-priyistas\\\/\"},\"author\":{\"name\":\"Juan B. Ordorica\",\"@id\":\"https:\\\/\\\/fuentesfidedignas.com.mx\\\/#\\\/schema\\\/person\\\/a24a4d1a5ecdf3b48c4333fa1c26269a\"},\"headline\":\"De Pri\u00edstas y Pr\u00edyistas\",\"datePublished\":\"2023-06-29T17:20:30+00:00\",\"dateModified\":\"2023-06-29T17:20:42+00:00\",\"mainEntityOfPage\":{\"@id\":\"https:\\\/\\\/fuentesfidedignas.com.mx\\\/index.php\\\/2023\\\/06\\\/29\\\/de-priistas-y-priyistas\\\/\"},\"wordCount\":712,\"commentCount\":0,\"publisher\":{\"@id\":\"https:\\\/\\\/fuentesfidedignas.com.mx\\\/#organization\"},\"image\":{\"@id\":\"https:\\\/\\\/fuentesfidedignas.com.mx\\\/index.php\\\/2023\\\/06\\\/29\\\/de-priistas-y-priyistas\\\/#primaryimage\"},\"thumbnailUrl\":\"https:\\\/\\\/fuentesfidedignas.com.mx\\\/wp-content\\\/uploads\\\/2023\\\/04\\\/ordorica.jpg\",\"articleSection\":[\"COLUMNAS\",\"SOFISMAS DE OCASI\u00d3N\"],\"inLanguage\":\"es\",\"potentialAction\":[{\"@type\":\"CommentAction\",\"name\":\"Comment\",\"target\":[\"https:\\\/\\\/fuentesfidedignas.com.mx\\\/index.php\\\/2023\\\/06\\\/29\\\/de-priistas-y-priyistas\\\/#respond\"]}]},{\"@type\":\"WebPage\",\"@id\":\"https:\\\/\\\/fuentesfidedignas.com.mx\\\/index.php\\\/2023\\\/06\\\/29\\\/de-priistas-y-priyistas\\\/\",\"url\":\"https:\\\/\\\/fuentesfidedignas.com.mx\\\/index.php\\\/2023\\\/06\\\/29\\\/de-priistas-y-priyistas\\\/\",\"name\":\"De Pri\u00edstas y Pr\u00edyistas - Fuentes Fidedignas\",\"isPartOf\":{\"@id\":\"https:\\\/\\\/fuentesfidedignas.com.mx\\\/#website\"},\"primaryImageOfPage\":{\"@id\":\"https:\\\/\\\/fuentesfidedignas.com.mx\\\/index.php\\\/2023\\\/06\\\/29\\\/de-priistas-y-priyistas\\\/#primaryimage\"},\"image\":{\"@id\":\"https:\\\/\\\/fuentesfidedignas.com.mx\\\/index.php\\\/2023\\\/06\\\/29\\\/de-priistas-y-priyistas\\\/#primaryimage\"},\"thumbnailUrl\":\"https:\\\/\\\/fuentesfidedignas.com.mx\\\/wp-content\\\/uploads\\\/2023\\\/04\\\/ordorica.jpg\",\"datePublished\":\"2023-06-29T17:20:30+00:00\",\"dateModified\":\"2023-06-29T17:20:42+00:00\",\"breadcrumb\":{\"@id\":\"https:\\\/\\\/fuentesfidedignas.com.mx\\\/index.php\\\/2023\\\/06\\\/29\\\/de-priistas-y-priyistas\\\/#breadcrumb\"},\"inLanguage\":\"es\",\"potentialAction\":[{\"@type\":\"ReadAction\",\"target\":[\"https:\\\/\\\/fuentesfidedignas.com.mx\\\/index.php\\\/2023\\\/06\\\/29\\\/de-priistas-y-priyistas\\\/\"]}]},{\"@type\":\"ImageObject\",\"inLanguage\":\"es\",\"@id\":\"https:\\\/\\\/fuentesfidedignas.com.mx\\\/index.php\\\/2023\\\/06\\\/29\\\/de-priistas-y-priyistas\\\/#primaryimage\",\"url\":\"https:\\\/\\\/fuentesfidedignas.com.mx\\\/wp-content\\\/uploads\\\/2023\\\/04\\\/ordorica.jpg\",\"contentUrl\":\"https:\\\/\\\/fuentesfidedignas.com.mx\\\/wp-content\\\/uploads\\\/2023\\\/04\\\/ordorica.jpg\",\"width\":625,\"height\":936},{\"@type\":\"BreadcrumbList\",\"@id\":\"https:\\\/\\\/fuentesfidedignas.com.mx\\\/index.php\\\/2023\\\/06\\\/29\\\/de-priistas-y-priyistas\\\/#breadcrumb\",\"itemListElement\":[{\"@type\":\"ListItem\",\"position\":1,\"name\":\"Inicio\",\"item\":\"https:\\\/\\\/fuentesfidedignas.com.mx\\\/\"},{\"@type\":\"ListItem\",\"position\":2,\"name\":\"De Pri\u00edstas y Pr\u00edyistas\"}]},{\"@type\":\"WebSite\",\"@id\":\"https:\\\/\\\/fuentesfidedignas.com.mx\\\/#website\",\"url\":\"https:\\\/\\\/fuentesfidedignas.com.mx\\\/\",\"name\":\"Fuentes Fidedignas\",\"description\":\"Otro sitio realizado con WordPress\",\"publisher\":{\"@id\":\"https:\\\/\\\/fuentesfidedignas.com.mx\\\/#organization\"},\"potentialAction\":[{\"@type\":\"SearchAction\",\"target\":{\"@type\":\"EntryPoint\",\"urlTemplate\":\"https:\\\/\\\/fuentesfidedignas.com.mx\\\/?s={search_term_string}\"},\"query-input\":{\"@type\":\"PropertyValueSpecification\",\"valueRequired\":true,\"valueName\":\"search_term_string\"}}],\"inLanguage\":\"es\"},{\"@type\":\"Organization\",\"@id\":\"https:\\\/\\\/fuentesfidedignas.com.mx\\\/#organization\",\"name\":\"Fuentes Fidedignas\",\"url\":\"https:\\\/\\\/fuentesfidedignas.com.mx\\\/\",\"logo\":{\"@type\":\"ImageObject\",\"inLanguage\":\"es\",\"@id\":\"https:\\\/\\\/fuentesfidedignas.com.mx\\\/#\\\/schema\\\/logo\\\/image\\\/\",\"url\":\"https:\\\/\\\/fuentesfidedignas.com.mx\\\/wp-content\\\/uploads\\\/2021\\\/04\\\/logo-retina.png\",\"contentUrl\":\"https:\\\/\\\/fuentesfidedignas.com.mx\\\/wp-content\\\/uploads\\\/2021\\\/04\\\/logo-retina.png\",\"width\":280,\"height\":51,\"caption\":\"Fuentes Fidedignas\"},\"image\":{\"@id\":\"https:\\\/\\\/fuentesfidedignas.com.mx\\\/#\\\/schema\\\/logo\\\/image\\\/\"},\"sameAs\":[\"https:\\\/\\\/www.facebook.com\\\/Fuentes-Fidedignas-368234489921644\",\"https:\\\/\\\/x.com\\\/fidedignas\"]},{\"@type\":\"Person\",\"@id\":\"https:\\\/\\\/fuentesfidedignas.com.mx\\\/#\\\/schema\\\/person\\\/a24a4d1a5ecdf3b48c4333fa1c26269a\",\"name\":\"Juan B. Ordorica\",\"image\":{\"@type\":\"ImageObject\",\"inLanguage\":\"es\",\"@id\":\"https:\\\/\\\/secure.gravatar.com\\\/avatar\\\/3b5a779222e476e3d0086a106b74aee8b3fa5e6a729f32702d7b70dded76eca3?s=96&d=mm&r=g\",\"url\":\"https:\\\/\\\/secure.gravatar.com\\\/avatar\\\/3b5a779222e476e3d0086a106b74aee8b3fa5e6a729f32702d7b70dded76eca3?s=96&d=mm&r=g\",\"contentUrl\":\"https:\\\/\\\/secure.gravatar.com\\\/avatar\\\/3b5a779222e476e3d0086a106b74aee8b3fa5e6a729f32702d7b70dded76eca3?s=96&d=mm&r=g\",\"caption\":\"Juan B. Ordorica\"},\"url\":\"https:\\\/\\\/fuentesfidedignas.com.mx\\\/index.php\\\/author\\\/juan-b-ordorica\\\/\"}]}<\/script>\n<!-- \/ Yoast SEO plugin. -->","yoast_head_json":{"title":"De Pri\u00edstas y Pr\u00edyistas - Fuentes Fidedignas","robots":{"index":"index","follow":"follow","max-snippet":"max-snippet:-1","max-image-preview":"max-image-preview:large","max-video-preview":"max-video-preview:-1"},"canonical":"https:\/\/fuentesfidedignas.com.mx\/index.php\/2023\/06\/29\/de-priistas-y-priyistas\/","og_locale":"es_MX","og_type":"article","og_title":"De Pri\u00edstas y Pr\u00edyistas - Fuentes Fidedignas","og_description":"Por: Juan B. Ordorica (@juanordorica) Sirva el siguiente glosario para explicar los conceptos de la columna de hoy: PRIYISTA: Persona que dice militar en el Partido Revolucionario Institucional, pero sin la convicci\u00f3n necesaria. D\u00edcese que aquellos individuos que eligieron su militancia para vivir cercanos al poder. PRI\u00cdSTAS: Militantes del Revolucionario Institucional que buscan cambiar las [&hellip;]","og_url":"https:\/\/fuentesfidedignas.com.mx\/index.php\/2023\/06\/29\/de-priistas-y-priyistas\/","og_site_name":"Fuentes Fidedignas","article_publisher":"https:\/\/www.facebook.com\/Fuentes-Fidedignas-368234489921644","article_published_time":"2023-06-29T17:20:30+00:00","article_modified_time":"2023-06-29T17:20:42+00:00","og_image":[{"width":625,"height":936,"url":"https:\/\/fuentesfidedignas.com.mx\/wp-content\/uploads\/2023\/04\/ordorica.jpg","type":"image\/jpeg"}],"author":"Juan B. Ordorica","twitter_card":"summary_large_image","twitter_creator":"@fidedignas","twitter_site":"@fidedignas","twitter_misc":{"Escrito por":"Juan B. Ordorica","Tiempo de lectura":"3 minutos"},"schema":{"@context":"https:\/\/schema.org","@graph":[{"@type":"Article","@id":"https:\/\/fuentesfidedignas.com.mx\/index.php\/2023\/06\/29\/de-priistas-y-priyistas\/#article","isPartOf":{"@id":"https:\/\/fuentesfidedignas.com.mx\/index.php\/2023\/06\/29\/de-priistas-y-priyistas\/"},"author":{"name":"Juan B. Ordorica","@id":"https:\/\/fuentesfidedignas.com.mx\/#\/schema\/person\/a24a4d1a5ecdf3b48c4333fa1c26269a"},"headline":"De Pri\u00edstas y Pr\u00edyistas","datePublished":"2023-06-29T17:20:30+00:00","dateModified":"2023-06-29T17:20:42+00:00","mainEntityOfPage":{"@id":"https:\/\/fuentesfidedignas.com.mx\/index.php\/2023\/06\/29\/de-priistas-y-priyistas\/"},"wordCount":712,"commentCount":0,"publisher":{"@id":"https:\/\/fuentesfidedignas.com.mx\/#organization"},"image":{"@id":"https:\/\/fuentesfidedignas.com.mx\/index.php\/2023\/06\/29\/de-priistas-y-priyistas\/#primaryimage"},"thumbnailUrl":"https:\/\/fuentesfidedignas.com.mx\/wp-content\/uploads\/2023\/04\/ordorica.jpg","articleSection":["COLUMNAS","SOFISMAS DE OCASI\u00d3N"],"inLanguage":"es","potentialAction":[{"@type":"CommentAction","name":"Comment","target":["https:\/\/fuentesfidedignas.com.mx\/index.php\/2023\/06\/29\/de-priistas-y-priyistas\/#respond"]}]},{"@type":"WebPage","@id":"https:\/\/fuentesfidedignas.com.mx\/index.php\/2023\/06\/29\/de-priistas-y-priyistas\/","url":"https:\/\/fuentesfidedignas.com.mx\/index.php\/2023\/06\/29\/de-priistas-y-priyistas\/","name":"De Pri\u00edstas y Pr\u00edyistas - Fuentes Fidedignas","isPartOf":{"@id":"https:\/\/fuentesfidedignas.com.mx\/#website"},"primaryImageOfPage":{"@id":"https:\/\/fuentesfidedignas.com.mx\/index.php\/2023\/06\/29\/de-priistas-y-priyistas\/#primaryimage"},"image":{"@id":"https:\/\/fuentesfidedignas.com.mx\/index.php\/2023\/06\/29\/de-priistas-y-priyistas\/#primaryimage"},"thumbnailUrl":"https:\/\/fuentesfidedignas.com.mx\/wp-content\/uploads\/2023\/04\/ordorica.jpg","datePublished":"2023-06-29T17:20:30+00:00","dateModified":"2023-06-29T17:20:42+00:00","breadcrumb":{"@id":"https:\/\/fuentesfidedignas.com.mx\/index.php\/2023\/06\/29\/de-priistas-y-priyistas\/#breadcrumb"},"inLanguage":"es","potentialAction":[{"@type":"ReadAction","target":["https:\/\/fuentesfidedignas.com.mx\/index.php\/2023\/06\/29\/de-priistas-y-priyistas\/"]}]},{"@type":"ImageObject","inLanguage":"es","@id":"https:\/\/fuentesfidedignas.com.mx\/index.php\/2023\/06\/29\/de-priistas-y-priyistas\/#primaryimage","url":"https:\/\/fuentesfidedignas.com.mx\/wp-content\/uploads\/2023\/04\/ordorica.jpg","contentUrl":"https:\/\/fuentesfidedignas.com.mx\/wp-content\/uploads\/2023\/04\/ordorica.jpg","width":625,"height":936},{"@type":"BreadcrumbList","@id":"https:\/\/fuentesfidedignas.com.mx\/index.php\/2023\/06\/29\/de-priistas-y-priyistas\/#breadcrumb","itemListElement":[{"@type":"ListItem","position":1,"name":"Inicio","item":"https:\/\/fuentesfidedignas.com.mx\/"},{"@type":"ListItem","position":2,"name":"De Pri\u00edstas y Pr\u00edyistas"}]},{"@type":"WebSite","@id":"https:\/\/fuentesfidedignas.com.mx\/#website","url":"https:\/\/fuentesfidedignas.com.mx\/","name":"Fuentes Fidedignas","description":"Otro sitio realizado con WordPress","publisher":{"@id":"https:\/\/fuentesfidedignas.com.mx\/#organization"},"potentialAction":[{"@type":"SearchAction","target":{"@type":"EntryPoint","urlTemplate":"https:\/\/fuentesfidedignas.com.mx\/?s={search_term_string}"},"query-input":{"@type":"PropertyValueSpecification","valueRequired":true,"valueName":"search_term_string"}}],"inLanguage":"es"},{"@type":"Organization","@id":"https:\/\/fuentesfidedignas.com.mx\/#organization","name":"Fuentes Fidedignas","url":"https:\/\/fuentesfidedignas.com.mx\/","logo":{"@type":"ImageObject","inLanguage":"es","@id":"https:\/\/fuentesfidedignas.com.mx\/#\/schema\/logo\/image\/","url":"https:\/\/fuentesfidedignas.com.mx\/wp-content\/uploads\/2021\/04\/logo-retina.png","contentUrl":"https:\/\/fuentesfidedignas.com.mx\/wp-content\/uploads\/2021\/04\/logo-retina.png","width":280,"height":51,"caption":"Fuentes Fidedignas"},"image":{"@id":"https:\/\/fuentesfidedignas.com.mx\/#\/schema\/logo\/image\/"},"sameAs":["https:\/\/www.facebook.com\/Fuentes-Fidedignas-368234489921644","https:\/\/x.com\/fidedignas"]},{"@type":"Person","@id":"https:\/\/fuentesfidedignas.com.mx\/#\/schema\/person\/a24a4d1a5ecdf3b48c4333fa1c26269a","name":"Juan B. Ordorica","image":{"@type":"ImageObject","inLanguage":"es","@id":"https:\/\/secure.gravatar.com\/avatar\/3b5a779222e476e3d0086a106b74aee8b3fa5e6a729f32702d7b70dded76eca3?s=96&d=mm&r=g","url":"https:\/\/secure.gravatar.com\/avatar\/3b5a779222e476e3d0086a106b74aee8b3fa5e6a729f32702d7b70dded76eca3?s=96&d=mm&r=g","contentUrl":"https:\/\/secure.gravatar.com\/avatar\/3b5a779222e476e3d0086a106b74aee8b3fa5e6a729f32702d7b70dded76eca3?s=96&d=mm&r=g","caption":"Juan B. Ordorica"},"url":"https:\/\/fuentesfidedignas.com.mx\/index.php\/author\/juan-b-ordorica\/"}]}},"_links":{"self":[{"href":"https:\/\/fuentesfidedignas.com.mx\/index.php\/wp-json\/wp\/v2\/posts\/51403","targetHints":{"allow":["GET"]}}],"collection":[{"href":"https:\/\/fuentesfidedignas.com.mx\/index.php\/wp-json\/wp\/v2\/posts"}],"about":[{"href":"https:\/\/fuentesfidedignas.com.mx\/index.php\/wp-json\/wp\/v2\/types\/post"}],"author":[{"embeddable":true,"href":"https:\/\/fuentesfidedignas.com.mx\/index.php\/wp-json\/wp\/v2\/users\/90"}],"replies":[{"embeddable":true,"href":"https:\/\/fuentesfidedignas.com.mx\/index.php\/wp-json\/wp\/v2\/comments?post=51403"}],"version-history":[{"count":1,"href":"https:\/\/fuentesfidedignas.com.mx\/index.php\/wp-json\/wp\/v2\/posts\/51403\/revisions"}],"predecessor-version":[{"id":51404,"href":"https:\/\/fuentesfidedignas.com.mx\/index.php\/wp-json\/wp\/v2\/posts\/51403\/revisions\/51404"}],"wp:featuredmedia":[{"embeddable":true,"href":"https:\/\/fuentesfidedignas.com.mx\/index.php\/wp-json\/wp\/v2\/media\/45741"}],"wp:attachment":[{"href":"https:\/\/fuentesfidedignas.com.mx\/index.php\/wp-json\/wp\/v2\/media?parent=51403"}],"wp:term":[{"taxonomy":"category","embeddable":true,"href":"https:\/\/fuentesfidedignas.com.mx\/index.php\/wp-json\/wp\/v2\/categories?post=51403"},{"taxonomy":"post_tag","embeddable":true,"href":"https:\/\/fuentesfidedignas.com.mx\/index.php\/wp-json\/wp\/v2\/tags?post=51403"}],"curies":[{"name":"wp","href":"https:\/\/api.w.org\/{rel}","templated":true}]}}