{"id":51400,"date":"2023-06-29T09:56:30","date_gmt":"2023-06-29T16:56:30","guid":{"rendered":"https:\/\/fuentesfidedignas.com.mx\/?p=51400"},"modified":"2023-06-29T12:25:34","modified_gmt":"2023-06-29T19:25:34","slug":"sheinbaum-y-ebrard-se-disputan-el-liderato-en-morena","status":"publish","type":"post","link":"https:\/\/fuentesfidedignas.com.mx\/index.php\/2023\/06\/29\/sheinbaum-y-ebrard-se-disputan-el-liderato-en-morena\/","title":{"rendered":"Sheinbaum y Ebrard se disputan el liderato en Morena"},"content":{"rendered":"\n<p><strong><em>La ex jefa de Gobierno tiene 28% de las preferencias, por 20% del excanciller; Ad\u00e1n Augusto L\u00f3pez y Gerardo Fern\u00e1ndez Noro\u00f1a avanzan<\/em><\/strong><\/p>\n\n\n\n<p>Ciudad de M\u00e9xico. <strong>Claudia Sheinbaum\u00a0<\/strong>y\u00a0<strong>Marcelo Ebrard<\/strong>\u00a0captan casi la mitad de las preferencias ciudadanas para abanderar a Morena y aliados en las\u00a0<strong>elecciones presidenciales de 2024<\/strong>, seg\u00fan revela la m\u00e1s reciente encuesta nacional\u00a0<a href=\"https:\/\/www.elfinanciero.com.mx\/\">de\u00a0<em>El Financiero<\/em>.<\/a><\/p>\n\n\n\n<figure class=\"wp-block-image\"><img decoding=\"async\" src=\"https:\/\/www.elfinanciero.com.mx\/resizer\/4o8cXZmbh6LcOMr3JsXQoQC4hMA=\/400x267\/filters:format(jpg):quality(70)\/cloudfront-us-east-1.images.arcpublishing.com\/elfinanciero\/FEVV3IZTWJAFDEEJMM4XWSUJEA.jpg\" alt=\"\"\/><figcaption class=\"wp-element-caption\"><strong>Rumbo a 2024: Aspirantes de la 4T<\/strong><\/figcaption><\/figure>\n\n\n\n<p>De acuerdo con el sondeo, realizado este fin de semana,\u00a0<a href=\"https:\/\/www.elfinanciero.com.mx\/nacional\/2023\/06\/28\/luchamos-por-el-pueblo-de-mexico-y-los-derechos-de-las-mujeres-mexicanas-claudia-sheinbaum\/\">Sheinbaum<\/a>\u00a0registra\u00a0<strong>28 por ciento de las preferencias<\/strong>\u00a0para ser la candidata presidencial de Morena-PVEM-PT, mientras que\u00a0<a href=\"https:\/\/www.elfinanciero.com.mx\/nacional\/2023\/06\/28\/marcelo-ebrard-informa-cuanto-dinero-ha-gastado-en-su-primera-semana-de-gira\/\">Ebrard<\/a>\u00a0obtiene\u00a0<strong>20 por ciento de apoyo<\/strong>, 48 por ciento entre ambos con una diferencia de apenas ocho puntos porcentuales en sus niveles de apoyo.<\/p>\n\n\n\n<p>Por otra parte, el exsecretario de Gobernaci\u00f3n&nbsp;<strong>Ad\u00e1n Augusto L\u00f3pez&nbsp;<\/strong>capta 12 por ciento de las preferencias, mientras que el petista&nbsp;<strong>Gerardo Fern\u00e1ndez Noro\u00f1a<\/strong>&nbsp;registra 7 por ciento;&nbsp;<a href=\"https:\/\/www.elfinanciero.com.mx\/nacional\/2023\/06\/28\/ricardo-monreal-pide-a-cfe-solucionar-apagones\/\">Ricardo Monreal<\/a>, 4 por ciento, y la corcholata del Partido Verde,<a href=\"https:\/\/www.elfinanciero.com.mx\/espectaculos\/2023\/06\/28\/habra-concierto-gratuito-de-rbd-esto-dijo-manuel-velasco-esposo-de-anahi\/\">&nbsp;Manuel Velasco,&nbsp;<\/a>3 por ciento.<\/p>\n\n\n\n<figure class=\"wp-block-image\"><img decoding=\"async\" src=\"https:\/\/www.elfinanciero.com.mx\/resizer\/NiJJll2ubRCy1Yw3MdRUpk7bNLE=\/400x267\/filters:format(jpg):quality(70)\/cloudfront-us-east-1.images.arcpublishing.com\/elfinanciero\/W5WZZLKCGNDQRDR57IKFJGXUYI.jpg\" alt=\"\"\/><figcaption class=\"wp-element-caption\"><strong>Opini\u00f3n favorable: Punteros de Morena<\/strong><\/figcaption><\/figure>\n\n\n\n<figure class=\"wp-block-image\"><img decoding=\"async\" src=\"https:\/\/www.elfinanciero.com.mx\/resizer\/A57IB22u5oiTytPvA83lEqt18UQ=\/400x267\/filters:format(jpg):quality(70)\/cloudfront-us-east-1.images.arcpublishing.com\/elfinanciero\/34OAXZQY2NGLTLMI3JEPWIIZ4E.jpg\" alt=\"\"\/><figcaption class=\"wp-element-caption\"><strong>Opini\u00f3n de personajes de la 4T<\/strong><\/figcaption><\/figure>\n\n\n\n<p>Al preguntar la opini\u00f3n acerca de las figuras presidenciales de la \u20184T\u2019, la encuesta ubica a<strong>Sheinbaum como la figura m\u00e1s popular<\/strong>de las seis, con 43 por ciento de opini\u00f3n positiva, pero\u00a0<strong>sin cambios notables de mayo a junio<\/strong>.<\/p>\n\n\n\n<p>El sondeo registra un avance en la popularidad de Ad\u00e1n Augusto L\u00f3pez, de Fern\u00e1ndez Noro\u00f1a y de Manuel Velasco, cuya opini\u00f3n favorable subi\u00f3 cinco, seis y cuatro puntos porcentuales entre mayo y junio, respectivamente. Por su parte, la popularidad de Ebrard avanz\u00f3 dos puntos y la de Monreal un punto.<\/p>\n\n\n\n<figure class=\"wp-block-image\"><img decoding=\"async\" src=\"https:\/\/www.elfinanciero.com.mx\/resizer\/C12EB_KxsCXfKSgX8GaLWzPhbpw=\/400x267\/filters:format(jpg):quality(70)\/cloudfront-us-east-1.images.arcpublishing.com\/elfinanciero\/NFRE5CU6INCVNAQHAVQXM4EJYI.jpg\" alt=\"\"\/><figcaption class=\"wp-element-caption\"><strong>Informados sobre las propuestas<\/strong><\/figcaption><\/figure>\n\n\n\n<h2 class=\"wp-block-heading\">Preferencias sobre \u2018corcholatas\u2019 se mueve poco<\/h2>\n\n\n\n<p>Este es el primer sondeo de&nbsp;<em><strong>El Financiero<\/strong><\/em>&nbsp;que se lleva a cabo despu\u00e9s del anuncio de las reglas de selecci\u00f3n y de las renuncias o separaciones de los cargos que ven\u00edan desempe\u00f1ando&nbsp;<a href=\"https:\/\/www.elfinanciero.com.mx\/nacional\/2023\/06\/12\/el-6-de-septiembre-habra-candidato-de-morena-a-presidencia\/\">las llamadas \u2018corcholatas\u2019<\/a>.<\/p>\n\n\n\n<p>Comparado con la medici\u00f3n de mayo pasado, previa a las renuncias pero ya con Velasco como sexto integrante de la lista,<strong>&nbsp;las preferencias se movieron muy poco<\/strong>, al registrarse variaciones en el apoyo de uno a dos puntos porcentuales,&nbsp;<strong>dentro del margen de error del sondeo<\/strong>.<\/p>\n\n\n\n<p>Las encuestas que llevar\u00e1 a cabo Morena para definir su candidatura presidencial se abrir\u00e1n a toda la ciudadan\u00eda. A ese respecto, el sondeo de&nbsp;<em><strong>El Financiero<\/strong><\/em>&nbsp;indica que&nbsp;<strong>entre simpatizantes de Morena<\/strong>,&nbsp;<a href=\"https:\/\/www.elfinanciero.com.mx\/food-and-drink\/2023\/06\/24\/restaurantes-donde-come-claudia-sheinbaum\/\">Sheinbaum<\/a>&nbsp;saca una mayor ventaja sobre sus competidores, mientras que&nbsp;<a href=\"https:\/\/www.elfinanciero.com.mx\/nacional\/2023\/06\/28\/marcelo-ebrard-informa-cuanto-dinero-ha-gastado-en-su-primera-semana-de-gira\/\">Ebrard&nbsp;<\/a>es el preferido de los simpatizantes de la oposici\u00f3n. Ambas corcholatas punteras pr\u00e1cticamente cuentan con el mismo nivel de apoyo entre la ciudadan\u00eda apartidista.<\/p>\n\n\n\n<p>El 52 por ciento de las personas entrevistadas manifest\u00f3 tener mucho o algo de&nbsp;<strong>inter\u00e9s en el proceso de definici\u00f3n&nbsp;<\/strong>de la candidatura presidencial de la \u20184T\u2019, porcentaje que aumenta a 77 por ciento entre simpatizantes de Morena, pero que es de 42 por ciento entre la mayor\u00eda apartidista.<\/p>\n\n\n\n<figure class=\"wp-block-image\"><img decoding=\"async\" src=\"https:\/\/www.elfinanciero.com.mx\/resizer\/mcxeSpKngWtNC0AYg0L6B8JRTKQ=\/400x267\/filters:format(jpg):quality(70)\/cloudfront-us-east-1.images.arcpublishing.com\/elfinanciero\/VOUSQZ5MLBDL5J6DCTCKWVL7CA.jpg\" alt=\"\"\/><figcaption class=\"wp-element-caption\"><strong>Inter\u00e9s en el proceso de la 4T<\/strong><\/figcaption><\/figure>\n\n\n\n<p>Seg\u00fan el sondeo, 59 por ciento de entrevistados dijo&nbsp;<strong>confiar mucho o algo<\/strong>&nbsp;en las encuestas como m\u00e9todo de definici\u00f3n de la candidatura presidencial morenista, porcentaje que se eleva a 77 por ciento entre seguidores de Sheinbaum, y que baja a 57 entre seguidores de Ebrard, que son los que menos conf\u00edan en las encuestas para definir la candidatura.<\/p>\n\n\n\n<figure class=\"wp-block-image\"><img decoding=\"async\" src=\"https:\/\/www.elfinanciero.com.mx\/resizer\/aBqcD7m84FwKyXdnp6X6tvyTZZY=\/400x267\/filters:format(jpg):quality(70)\/cloudfront-us-east-1.images.arcpublishing.com\/elfinanciero\/X3JTPNFEHVD43AD4JY77OAF53Q.jpg\" alt=\"\"\/><figcaption class=\"wp-element-caption\"><strong>Confianza en las encuestas de la 4T<\/strong><\/figcaption><\/figure>\n\n\n\n<p><em>Metodolog\u00eda: Encuesta nacional realizada v\u00eda telef\u00f3nica a 1,000 mexicanos adultos el 16-17 y 23-24 de junio de 2023. Se hizo un muestreo probabil\u00edstico de tel\u00e9fonos residenciales y celulares en las 32 entidades federativas. Con un nivel de confianza de 95%, el margen de error de las estimaciones es de +\/-3.1 por ciento.<\/em><\/p>\n\n\n\n<p><em>*Pregunta realizada el 16-17 de junio (n=600).<\/em><\/p>\n","protected":false},"excerpt":{"rendered":"<p>La ex jefa de Gobierno tiene 28% de las preferencias, por 20% del excanciller; Ad\u00e1n Augusto L\u00f3pez y Gerardo Fern\u00e1ndez Noro\u00f1a avanzan Ciudad de M\u00e9xico. Claudia Sheinbaum\u00a0y\u00a0Marcelo Ebrard\u00a0captan casi la mitad de las preferencias ciudadanas para abanderar a Morena y aliados en las\u00a0elecciones presidenciales de 2024, seg\u00fan revela la m\u00e1s reciente encuesta nacional\u00a0de\u00a0El Financiero. De [&hellip;]<\/p>\n","protected":false},"author":21,"featured_media":51402,"comment_status":"open","ping_status":"open","sticky":false,"template":"","format":"standard","meta":{"tdm_status":"","tdm_grid_status":"","footnotes":""},"categories":[39,1],"tags":[],"class_list":{"0":"post-51400","1":"post","2":"type-post","3":"status-publish","4":"format-standard","5":"has-post-thumbnail","7":"category-noticias-nacionales","8":"category-sin-categoria"},"yoast_head":"<!-- This site is optimized with the Yoast SEO plugin v27.4 - https:\/\/yoast.com\/product\/yoast-seo-wordpress\/ -->\n<title>Sheinbaum y Ebrard se disputan el liderato en Morena - Fuentes Fidedignas<\/title>\n<meta name=\"robots\" content=\"index, follow, max-snippet:-1, max-image-preview:large, max-video-preview:-1\" \/>\n<link rel=\"canonical\" href=\"https:\/\/fuentesfidedignas.com.mx\/index.php\/2023\/06\/29\/sheinbaum-y-ebrard-se-disputan-el-liderato-en-morena\/\" \/>\n<meta property=\"og:locale\" content=\"es_MX\" \/>\n<meta property=\"og:type\" content=\"article\" \/>\n<meta property=\"og:title\" content=\"Sheinbaum y Ebrard se disputan el liderato en Morena - Fuentes Fidedignas\" \/>\n<meta property=\"og:description\" content=\"La ex jefa de Gobierno tiene 28% de las preferencias, por 20% del excanciller; Ad\u00e1n Augusto L\u00f3pez y Gerardo Fern\u00e1ndez Noro\u00f1a avanzan Ciudad de M\u00e9xico. Claudia Sheinbaum\u00a0y\u00a0Marcelo Ebrard\u00a0captan casi la mitad de las preferencias ciudadanas para abanderar a Morena y aliados en las\u00a0elecciones presidenciales de 2024, seg\u00fan revela la m\u00e1s reciente encuesta nacional\u00a0de\u00a0El Financiero. De [&hellip;]\" \/>\n<meta property=\"og:url\" content=\"https:\/\/fuentesfidedignas.com.mx\/index.php\/2023\/06\/29\/sheinbaum-y-ebrard-se-disputan-el-liderato-en-morena\/\" \/>\n<meta property=\"og:site_name\" content=\"Fuentes Fidedignas\" \/>\n<meta property=\"article:publisher\" content=\"https:\/\/www.facebook.com\/Fuentes-Fidedignas-368234489921644\" \/>\n<meta property=\"article:published_time\" content=\"2023-06-29T16:56:30+00:00\" \/>\n<meta property=\"article:modified_time\" content=\"2023-06-29T19:25:34+00:00\" \/>\n<meta property=\"og:image\" content=\"https:\/\/www.elfinanciero.com.mx\/resizer\/4o8cXZmbh6LcOMr3JsXQoQC4hMA=\/400x267\/filters:format(jpg):quality(70)\/cloudfront-us-east-1.images.arcpublishing.com\/elfinanciero\/FEVV3IZTWJAFDEEJMM4XWSUJEA.jpg\" \/>\n<meta name=\"author\" content=\"El Financiero\" \/>\n<meta name=\"twitter:card\" content=\"summary_large_image\" \/>\n<meta name=\"twitter:creator\" content=\"@fidedignas\" \/>\n<meta name=\"twitter:site\" content=\"@fidedignas\" \/>\n<meta name=\"twitter:label1\" content=\"Escrito por\" \/>\n\t<meta name=\"twitter:data1\" content=\"El Financiero\" \/>\n\t<meta name=\"twitter:label2\" content=\"Tiempo de lectura\" \/>\n\t<meta name=\"twitter:data2\" content=\"4 minutos\" \/>\n<script type=\"application\/ld+json\" class=\"yoast-schema-graph\">{\"@context\":\"https:\\\/\\\/schema.org\",\"@graph\":[{\"@type\":\"Article\",\"@id\":\"https:\\\/\\\/fuentesfidedignas.com.mx\\\/index.php\\\/2023\\\/06\\\/29\\\/sheinbaum-y-ebrard-se-disputan-el-liderato-en-morena\\\/#article\",\"isPartOf\":{\"@id\":\"https:\\\/\\\/fuentesfidedignas.com.mx\\\/index.php\\\/2023\\\/06\\\/29\\\/sheinbaum-y-ebrard-se-disputan-el-liderato-en-morena\\\/\"},\"author\":{\"name\":\"El Financiero\",\"@id\":\"https:\\\/\\\/fuentesfidedignas.com.mx\\\/#\\\/schema\\\/person\\\/494f7e0dce8dfaaec5b64f16615b78e9\"},\"headline\":\"Sheinbaum y Ebrard se disputan el liderato en Morena\",\"datePublished\":\"2023-06-29T16:56:30+00:00\",\"dateModified\":\"2023-06-29T19:25:34+00:00\",\"mainEntityOfPage\":{\"@id\":\"https:\\\/\\\/fuentesfidedignas.com.mx\\\/index.php\\\/2023\\\/06\\\/29\\\/sheinbaum-y-ebrard-se-disputan-el-liderato-en-morena\\\/\"},\"wordCount\":657,\"commentCount\":0,\"publisher\":{\"@id\":\"https:\\\/\\\/fuentesfidedignas.com.mx\\\/#organization\"},\"image\":{\"@id\":\"https:\\\/\\\/fuentesfidedignas.com.mx\\\/index.php\\\/2023\\\/06\\\/29\\\/sheinbaum-y-ebrard-se-disputan-el-liderato-en-morena\\\/#primaryimage\"},\"thumbnailUrl\":\"https:\\\/\\\/fuentesfidedignas.com.mx\\\/wp-content\\\/uploads\\\/2023\\\/06\\\/5N47NZLUFVHMVAKWKR3TSXS44A.jpg\",\"articleSection\":[\"NOTICIAS NACIONALES\"],\"inLanguage\":\"es\",\"potentialAction\":[{\"@type\":\"CommentAction\",\"name\":\"Comment\",\"target\":[\"https:\\\/\\\/fuentesfidedignas.com.mx\\\/index.php\\\/2023\\\/06\\\/29\\\/sheinbaum-y-ebrard-se-disputan-el-liderato-en-morena\\\/#respond\"]}]},{\"@type\":\"WebPage\",\"@id\":\"https:\\\/\\\/fuentesfidedignas.com.mx\\\/index.php\\\/2023\\\/06\\\/29\\\/sheinbaum-y-ebrard-se-disputan-el-liderato-en-morena\\\/\",\"url\":\"https:\\\/\\\/fuentesfidedignas.com.mx\\\/index.php\\\/2023\\\/06\\\/29\\\/sheinbaum-y-ebrard-se-disputan-el-liderato-en-morena\\\/\",\"name\":\"Sheinbaum y Ebrard se disputan el liderato en Morena - Fuentes Fidedignas\",\"isPartOf\":{\"@id\":\"https:\\\/\\\/fuentesfidedignas.com.mx\\\/#website\"},\"primaryImageOfPage\":{\"@id\":\"https:\\\/\\\/fuentesfidedignas.com.mx\\\/index.php\\\/2023\\\/06\\\/29\\\/sheinbaum-y-ebrard-se-disputan-el-liderato-en-morena\\\/#primaryimage\"},\"image\":{\"@id\":\"https:\\\/\\\/fuentesfidedignas.com.mx\\\/index.php\\\/2023\\\/06\\\/29\\\/sheinbaum-y-ebrard-se-disputan-el-liderato-en-morena\\\/#primaryimage\"},\"thumbnailUrl\":\"https:\\\/\\\/fuentesfidedignas.com.mx\\\/wp-content\\\/uploads\\\/2023\\\/06\\\/5N47NZLUFVHMVAKWKR3TSXS44A.jpg\",\"datePublished\":\"2023-06-29T16:56:30+00:00\",\"dateModified\":\"2023-06-29T19:25:34+00:00\",\"breadcrumb\":{\"@id\":\"https:\\\/\\\/fuentesfidedignas.com.mx\\\/index.php\\\/2023\\\/06\\\/29\\\/sheinbaum-y-ebrard-se-disputan-el-liderato-en-morena\\\/#breadcrumb\"},\"inLanguage\":\"es\",\"potentialAction\":[{\"@type\":\"ReadAction\",\"target\":[\"https:\\\/\\\/fuentesfidedignas.com.mx\\\/index.php\\\/2023\\\/06\\\/29\\\/sheinbaum-y-ebrard-se-disputan-el-liderato-en-morena\\\/\"]}]},{\"@type\":\"ImageObject\",\"inLanguage\":\"es\",\"@id\":\"https:\\\/\\\/fuentesfidedignas.com.mx\\\/index.php\\\/2023\\\/06\\\/29\\\/sheinbaum-y-ebrard-se-disputan-el-liderato-en-morena\\\/#primaryimage\",\"url\":\"https:\\\/\\\/fuentesfidedignas.com.mx\\\/wp-content\\\/uploads\\\/2023\\\/06\\\/5N47NZLUFVHMVAKWKR3TSXS44A.jpg\",\"contentUrl\":\"https:\\\/\\\/fuentesfidedignas.com.mx\\\/wp-content\\\/uploads\\\/2023\\\/06\\\/5N47NZLUFVHMVAKWKR3TSXS44A.jpg\",\"width\":800,\"height\":450},{\"@type\":\"BreadcrumbList\",\"@id\":\"https:\\\/\\\/fuentesfidedignas.com.mx\\\/index.php\\\/2023\\\/06\\\/29\\\/sheinbaum-y-ebrard-se-disputan-el-liderato-en-morena\\\/#breadcrumb\",\"itemListElement\":[{\"@type\":\"ListItem\",\"position\":1,\"name\":\"Inicio\",\"item\":\"https:\\\/\\\/fuentesfidedignas.com.mx\\\/\"},{\"@type\":\"ListItem\",\"position\":2,\"name\":\"Sheinbaum y Ebrard se disputan el liderato en Morena\"}]},{\"@type\":\"WebSite\",\"@id\":\"https:\\\/\\\/fuentesfidedignas.com.mx\\\/#website\",\"url\":\"https:\\\/\\\/fuentesfidedignas.com.mx\\\/\",\"name\":\"Fuentes Fidedignas\",\"description\":\"Otro sitio realizado con WordPress\",\"publisher\":{\"@id\":\"https:\\\/\\\/fuentesfidedignas.com.mx\\\/#organization\"},\"potentialAction\":[{\"@type\":\"SearchAction\",\"target\":{\"@type\":\"EntryPoint\",\"urlTemplate\":\"https:\\\/\\\/fuentesfidedignas.com.mx\\\/?s={search_term_string}\"},\"query-input\":{\"@type\":\"PropertyValueSpecification\",\"valueRequired\":true,\"valueName\":\"search_term_string\"}}],\"inLanguage\":\"es\"},{\"@type\":\"Organization\",\"@id\":\"https:\\\/\\\/fuentesfidedignas.com.mx\\\/#organization\",\"name\":\"Fuentes Fidedignas\",\"url\":\"https:\\\/\\\/fuentesfidedignas.com.mx\\\/\",\"logo\":{\"@type\":\"ImageObject\",\"inLanguage\":\"es\",\"@id\":\"https:\\\/\\\/fuentesfidedignas.com.mx\\\/#\\\/schema\\\/logo\\\/image\\\/\",\"url\":\"https:\\\/\\\/fuentesfidedignas.com.mx\\\/wp-content\\\/uploads\\\/2021\\\/04\\\/logo-retina.png\",\"contentUrl\":\"https:\\\/\\\/fuentesfidedignas.com.mx\\\/wp-content\\\/uploads\\\/2021\\\/04\\\/logo-retina.png\",\"width\":280,\"height\":51,\"caption\":\"Fuentes Fidedignas\"},\"image\":{\"@id\":\"https:\\\/\\\/fuentesfidedignas.com.mx\\\/#\\\/schema\\\/logo\\\/image\\\/\"},\"sameAs\":[\"https:\\\/\\\/www.facebook.com\\\/Fuentes-Fidedignas-368234489921644\",\"https:\\\/\\\/x.com\\\/fidedignas\"]},{\"@type\":\"Person\",\"@id\":\"https:\\\/\\\/fuentesfidedignas.com.mx\\\/#\\\/schema\\\/person\\\/494f7e0dce8dfaaec5b64f16615b78e9\",\"name\":\"El Financiero\",\"image\":{\"@type\":\"ImageObject\",\"inLanguage\":\"es\",\"@id\":\"https:\\\/\\\/secure.gravatar.com\\\/avatar\\\/88c0f3f2079389318ef8dd35c22cb997212aa89646e357ba59b318db26ed91a9?s=96&d=mm&r=g\",\"url\":\"https:\\\/\\\/secure.gravatar.com\\\/avatar\\\/88c0f3f2079389318ef8dd35c22cb997212aa89646e357ba59b318db26ed91a9?s=96&d=mm&r=g\",\"contentUrl\":\"https:\\\/\\\/secure.gravatar.com\\\/avatar\\\/88c0f3f2079389318ef8dd35c22cb997212aa89646e357ba59b318db26ed91a9?s=96&d=mm&r=g\",\"caption\":\"El Financiero\"},\"url\":\"https:\\\/\\\/fuentesfidedignas.com.mx\\\/index.php\\\/author\\\/financiero\\\/\"}]}<\/script>\n<!-- \/ Yoast SEO plugin. -->","yoast_head_json":{"title":"Sheinbaum y Ebrard se disputan el liderato en Morena - Fuentes Fidedignas","robots":{"index":"index","follow":"follow","max-snippet":"max-snippet:-1","max-image-preview":"max-image-preview:large","max-video-preview":"max-video-preview:-1"},"canonical":"https:\/\/fuentesfidedignas.com.mx\/index.php\/2023\/06\/29\/sheinbaum-y-ebrard-se-disputan-el-liderato-en-morena\/","og_locale":"es_MX","og_type":"article","og_title":"Sheinbaum y Ebrard se disputan el liderato en Morena - Fuentes Fidedignas","og_description":"La ex jefa de Gobierno tiene 28% de las preferencias, por 20% del excanciller; Ad\u00e1n Augusto L\u00f3pez y Gerardo Fern\u00e1ndez Noro\u00f1a avanzan Ciudad de M\u00e9xico. Claudia Sheinbaum\u00a0y\u00a0Marcelo Ebrard\u00a0captan casi la mitad de las preferencias ciudadanas para abanderar a Morena y aliados en las\u00a0elecciones presidenciales de 2024, seg\u00fan revela la m\u00e1s reciente encuesta nacional\u00a0de\u00a0El Financiero. De [&hellip;]","og_url":"https:\/\/fuentesfidedignas.com.mx\/index.php\/2023\/06\/29\/sheinbaum-y-ebrard-se-disputan-el-liderato-en-morena\/","og_site_name":"Fuentes Fidedignas","article_publisher":"https:\/\/www.facebook.com\/Fuentes-Fidedignas-368234489921644","article_published_time":"2023-06-29T16:56:30+00:00","article_modified_time":"2023-06-29T19:25:34+00:00","og_image":[{"url":"https:\/\/www.elfinanciero.com.mx\/resizer\/4o8cXZmbh6LcOMr3JsXQoQC4hMA=\/400x267\/filters:format(jpg):quality(70)\/cloudfront-us-east-1.images.arcpublishing.com\/elfinanciero\/FEVV3IZTWJAFDEEJMM4XWSUJEA.jpg","type":"","width":"","height":""}],"author":"El Financiero","twitter_card":"summary_large_image","twitter_creator":"@fidedignas","twitter_site":"@fidedignas","twitter_misc":{"Escrito por":"El Financiero","Tiempo de lectura":"4 minutos"},"schema":{"@context":"https:\/\/schema.org","@graph":[{"@type":"Article","@id":"https:\/\/fuentesfidedignas.com.mx\/index.php\/2023\/06\/29\/sheinbaum-y-ebrard-se-disputan-el-liderato-en-morena\/#article","isPartOf":{"@id":"https:\/\/fuentesfidedignas.com.mx\/index.php\/2023\/06\/29\/sheinbaum-y-ebrard-se-disputan-el-liderato-en-morena\/"},"author":{"name":"El Financiero","@id":"https:\/\/fuentesfidedignas.com.mx\/#\/schema\/person\/494f7e0dce8dfaaec5b64f16615b78e9"},"headline":"Sheinbaum y Ebrard se disputan el liderato en Morena","datePublished":"2023-06-29T16:56:30+00:00","dateModified":"2023-06-29T19:25:34+00:00","mainEntityOfPage":{"@id":"https:\/\/fuentesfidedignas.com.mx\/index.php\/2023\/06\/29\/sheinbaum-y-ebrard-se-disputan-el-liderato-en-morena\/"},"wordCount":657,"commentCount":0,"publisher":{"@id":"https:\/\/fuentesfidedignas.com.mx\/#organization"},"image":{"@id":"https:\/\/fuentesfidedignas.com.mx\/index.php\/2023\/06\/29\/sheinbaum-y-ebrard-se-disputan-el-liderato-en-morena\/#primaryimage"},"thumbnailUrl":"https:\/\/fuentesfidedignas.com.mx\/wp-content\/uploads\/2023\/06\/5N47NZLUFVHMVAKWKR3TSXS44A.jpg","articleSection":["NOTICIAS NACIONALES"],"inLanguage":"es","potentialAction":[{"@type":"CommentAction","name":"Comment","target":["https:\/\/fuentesfidedignas.com.mx\/index.php\/2023\/06\/29\/sheinbaum-y-ebrard-se-disputan-el-liderato-en-morena\/#respond"]}]},{"@type":"WebPage","@id":"https:\/\/fuentesfidedignas.com.mx\/index.php\/2023\/06\/29\/sheinbaum-y-ebrard-se-disputan-el-liderato-en-morena\/","url":"https:\/\/fuentesfidedignas.com.mx\/index.php\/2023\/06\/29\/sheinbaum-y-ebrard-se-disputan-el-liderato-en-morena\/","name":"Sheinbaum y Ebrard se disputan el liderato en Morena - Fuentes Fidedignas","isPartOf":{"@id":"https:\/\/fuentesfidedignas.com.mx\/#website"},"primaryImageOfPage":{"@id":"https:\/\/fuentesfidedignas.com.mx\/index.php\/2023\/06\/29\/sheinbaum-y-ebrard-se-disputan-el-liderato-en-morena\/#primaryimage"},"image":{"@id":"https:\/\/fuentesfidedignas.com.mx\/index.php\/2023\/06\/29\/sheinbaum-y-ebrard-se-disputan-el-liderato-en-morena\/#primaryimage"},"thumbnailUrl":"https:\/\/fuentesfidedignas.com.mx\/wp-content\/uploads\/2023\/06\/5N47NZLUFVHMVAKWKR3TSXS44A.jpg","datePublished":"2023-06-29T16:56:30+00:00","dateModified":"2023-06-29T19:25:34+00:00","breadcrumb":{"@id":"https:\/\/fuentesfidedignas.com.mx\/index.php\/2023\/06\/29\/sheinbaum-y-ebrard-se-disputan-el-liderato-en-morena\/#breadcrumb"},"inLanguage":"es","potentialAction":[{"@type":"ReadAction","target":["https:\/\/fuentesfidedignas.com.mx\/index.php\/2023\/06\/29\/sheinbaum-y-ebrard-se-disputan-el-liderato-en-morena\/"]}]},{"@type":"ImageObject","inLanguage":"es","@id":"https:\/\/fuentesfidedignas.com.mx\/index.php\/2023\/06\/29\/sheinbaum-y-ebrard-se-disputan-el-liderato-en-morena\/#primaryimage","url":"https:\/\/fuentesfidedignas.com.mx\/wp-content\/uploads\/2023\/06\/5N47NZLUFVHMVAKWKR3TSXS44A.jpg","contentUrl":"https:\/\/fuentesfidedignas.com.mx\/wp-content\/uploads\/2023\/06\/5N47NZLUFVHMVAKWKR3TSXS44A.jpg","width":800,"height":450},{"@type":"BreadcrumbList","@id":"https:\/\/fuentesfidedignas.com.mx\/index.php\/2023\/06\/29\/sheinbaum-y-ebrard-se-disputan-el-liderato-en-morena\/#breadcrumb","itemListElement":[{"@type":"ListItem","position":1,"name":"Inicio","item":"https:\/\/fuentesfidedignas.com.mx\/"},{"@type":"ListItem","position":2,"name":"Sheinbaum y Ebrard se disputan el liderato en Morena"}]},{"@type":"WebSite","@id":"https:\/\/fuentesfidedignas.com.mx\/#website","url":"https:\/\/fuentesfidedignas.com.mx\/","name":"Fuentes Fidedignas","description":"Otro sitio realizado con WordPress","publisher":{"@id":"https:\/\/fuentesfidedignas.com.mx\/#organization"},"potentialAction":[{"@type":"SearchAction","target":{"@type":"EntryPoint","urlTemplate":"https:\/\/fuentesfidedignas.com.mx\/?s={search_term_string}"},"query-input":{"@type":"PropertyValueSpecification","valueRequired":true,"valueName":"search_term_string"}}],"inLanguage":"es"},{"@type":"Organization","@id":"https:\/\/fuentesfidedignas.com.mx\/#organization","name":"Fuentes Fidedignas","url":"https:\/\/fuentesfidedignas.com.mx\/","logo":{"@type":"ImageObject","inLanguage":"es","@id":"https:\/\/fuentesfidedignas.com.mx\/#\/schema\/logo\/image\/","url":"https:\/\/fuentesfidedignas.com.mx\/wp-content\/uploads\/2021\/04\/logo-retina.png","contentUrl":"https:\/\/fuentesfidedignas.com.mx\/wp-content\/uploads\/2021\/04\/logo-retina.png","width":280,"height":51,"caption":"Fuentes Fidedignas"},"image":{"@id":"https:\/\/fuentesfidedignas.com.mx\/#\/schema\/logo\/image\/"},"sameAs":["https:\/\/www.facebook.com\/Fuentes-Fidedignas-368234489921644","https:\/\/x.com\/fidedignas"]},{"@type":"Person","@id":"https:\/\/fuentesfidedignas.com.mx\/#\/schema\/person\/494f7e0dce8dfaaec5b64f16615b78e9","name":"El Financiero","image":{"@type":"ImageObject","inLanguage":"es","@id":"https:\/\/secure.gravatar.com\/avatar\/88c0f3f2079389318ef8dd35c22cb997212aa89646e357ba59b318db26ed91a9?s=96&d=mm&r=g","url":"https:\/\/secure.gravatar.com\/avatar\/88c0f3f2079389318ef8dd35c22cb997212aa89646e357ba59b318db26ed91a9?s=96&d=mm&r=g","contentUrl":"https:\/\/secure.gravatar.com\/avatar\/88c0f3f2079389318ef8dd35c22cb997212aa89646e357ba59b318db26ed91a9?s=96&d=mm&r=g","caption":"El Financiero"},"url":"https:\/\/fuentesfidedignas.com.mx\/index.php\/author\/financiero\/"}]}},"_links":{"self":[{"href":"https:\/\/fuentesfidedignas.com.mx\/index.php\/wp-json\/wp\/v2\/posts\/51400","targetHints":{"allow":["GET"]}}],"collection":[{"href":"https:\/\/fuentesfidedignas.com.mx\/index.php\/wp-json\/wp\/v2\/posts"}],"about":[{"href":"https:\/\/fuentesfidedignas.com.mx\/index.php\/wp-json\/wp\/v2\/types\/post"}],"author":[{"embeddable":true,"href":"https:\/\/fuentesfidedignas.com.mx\/index.php\/wp-json\/wp\/v2\/users\/21"}],"replies":[{"embeddable":true,"href":"https:\/\/fuentesfidedignas.com.mx\/index.php\/wp-json\/wp\/v2\/comments?post=51400"}],"version-history":[{"count":1,"href":"https:\/\/fuentesfidedignas.com.mx\/index.php\/wp-json\/wp\/v2\/posts\/51400\/revisions"}],"predecessor-version":[{"id":51401,"href":"https:\/\/fuentesfidedignas.com.mx\/index.php\/wp-json\/wp\/v2\/posts\/51400\/revisions\/51401"}],"wp:featuredmedia":[{"embeddable":true,"href":"https:\/\/fuentesfidedignas.com.mx\/index.php\/wp-json\/wp\/v2\/media\/51402"}],"wp:attachment":[{"href":"https:\/\/fuentesfidedignas.com.mx\/index.php\/wp-json\/wp\/v2\/media?parent=51400"}],"wp:term":[{"taxonomy":"category","embeddable":true,"href":"https:\/\/fuentesfidedignas.com.mx\/index.php\/wp-json\/wp\/v2\/categories?post=51400"},{"taxonomy":"post_tag","embeddable":true,"href":"https:\/\/fuentesfidedignas.com.mx\/index.php\/wp-json\/wp\/v2\/tags?post=51400"}],"curies":[{"name":"wp","href":"https:\/\/api.w.org\/{rel}","templated":true}]}}