{"id":51391,"date":"2023-06-29T07:38:25","date_gmt":"2023-06-29T14:38:25","guid":{"rendered":"https:\/\/fuentesfidedignas.com.mx\/?p=51391"},"modified":"2023-06-29T07:42:20","modified_gmt":"2023-06-29T14:42:20","slug":"amlo-admite-que-segalmex-es-el-caso-de-corrupcion-mas-escandaloso-de-su-sexenio","status":"publish","type":"post","link":"https:\/\/fuentesfidedignas.com.mx\/index.php\/2023\/06\/29\/amlo-admite-que-segalmex-es-el-caso-de-corrupcion-mas-escandaloso-de-su-sexenio\/","title":{"rendered":"AMLO admite que Segalmex es el \u201ccaso de corrupci\u00f3n m\u00e1s escandaloso\u201d de su sexenio"},"content":{"rendered":"\n<p><strong><em>Al informar sobre el fraude a Segalmex, el presidente L\u00f3pez Obrador detall\u00f3 que fue un caso que le \u201cdoli\u00f3 mucho\u201d<\/em><\/strong><\/p>\n\n\n\n<p>Ciudad de M\u00e9xico. El presidente Andr\u00e9s Manuel L\u00f3pez Obrador reconoci\u00f3 que el desfalco a Seguridad Alimentaria Mexicana (Segalmex) es el caso m\u00e1s escandaloso de corrupci\u00f3n que ha enfrentado su Administraci\u00f3n.<\/p>\n\n\n\n<figure class=\"wp-block-embed is-type-rich is-provider-twitter wp-block-embed-twitter\"><div class=\"wp-block-embed__wrapper\">\n<blockquote class=\"twitter-tweet\" data-width=\"550\" data-dnt=\"true\"><p lang=\"es\" dir=\"ltr\">El presidente L\u00f3pez Obrador reconoci\u00f3 que el desfalco a Seguridad Alimentaria Mexicana (Segalmex) es &quot;el caso m\u00e1s escandaloso&quot; de corrupci\u00f3n que ha enfrentado su Administraci\u00f3n.<br><br>&quot;El \u00fanico que hemos enfrentado durante nuestro Gobierno&quot;, destac\u00f3.<br><br>M\u00e1s, en: <a href=\"https:\/\/t.co\/FRNxMVEItf\">https:\/\/t.co\/FRNxMVEItf<\/a> <a href=\"https:\/\/t.co\/Ag5SmCxt1X\">pic.twitter.com\/Ag5SmCxt1X<\/a><\/p>&mdash; Joaqu\u00edn L\u00f3pez-D\u00f3riga (@lopezdoriga) <a href=\"https:\/\/twitter.com\/lopezdoriga\/status\/1674416618968072197?ref_src=twsrc%5Etfw\">June 29, 2023<\/a><\/blockquote><script async src=\"https:\/\/platform.twitter.com\/widgets.js\" charset=\"utf-8\"><\/script>\n<\/div><\/figure>\n\n\n\n<p>En la conferencia matutina de\u00a0<strong>Palacio Nacional<\/strong>,\u00a0<strong>L\u00f3pez Obrador<\/strong>\u00a0dio a conocer un informe sobre dicho desfalco, con la finalidad de que no quede \u201cninguna mancha porque este\u00a0<strong>Gobierno<\/strong>\u00a0no permite, no tolera la corrupci\u00f3n, ni la impunidad\u201d.<\/p>\n\n\n\n<blockquote class=\"wp-block-quote is-layout-flow wp-block-quote-is-layout-flow\">\n<p>&nbsp;Es un hecho muy lamentable, es el caso de corrupci\u00f3n m\u00e1s escandaloso y considero que el \u00fanico que hemos enfrentado durante nuestro Gobierno\u201d, dijo.<\/p>\n<\/blockquote>\n\n\n\n<p>\u201cNos doli\u00f3 mucho este fraude cuando me informaron di la instrucci\u00f3n de que se presentara la denuncia en la Fiscal\u00eda, desde el inicio. Y me doli\u00f3 porque se trata de un sistema que creamos para establecer los precios de garant\u00eda\u201d, puntualiz\u00f3.<\/p>\n\n\n\n<p>El mandatario mexicano resalt\u00f3 que el se\u00f1alado por dicho fraude,\u00a0<a href=\"https:\/\/lopezdoriga.com\/nacional\/amlo-lopez-obrador-ignacio-ovalle-responsabilidad-desfalco-a-segalme-tiene-asumirla\/\" target=\"_blank\" rel=\"noreferrer noopener\"><strong>Ignacio Ovalle<\/strong><\/a>, quien ahora es coordinador del\u00a0<strong>Instituto Nacional para el Federalismo y el Desarrollo Municipal<\/strong>, cometi\u00f3 el error y fue enga\u00f1ado por \u201cgente con malos antecedentes, corruptos\u201d.<\/p>\n\n\n\n<blockquote class=\"wp-block-quote is-layout-flow wp-block-quote-is-layout-flow\">\n<p>Es un programa muy bueno, mucho muy bueno. Quien es nombrado para ocuparse de este sistema, Ignacio Ovalle, se conf\u00eda, comete el error de llamar a participar a gente con malos antecedentes, a corruptos, y lo enga\u00f1an y empiezan a hacer compras con empresarios corruptos, pagando sobreprecios\u201d, subray\u00f3.<\/p>\n<\/blockquote>\n\n\n\n<p>\u201cPero tambi\u00e9n estos funcionarios, como era antes, empiezan a colocar dinero p\u00fablico en bonos, como casas de bolsas donde supuestamente les ofrec\u00edan m\u00e1s intereses por tener ah\u00ed el dinero cundo eran empresas creadas para robar, as\u00ed no solo en el caso de Segalmex sino en el caso de Gobiernos de estatales que colocaron dinero en este tipo de instrumentos y pues hubo un desfalco. Hay ya detenidos, gente pr\u00f3fuga, pero no vamos a dejar el tema, vamos a aclarar, que se conozca bien\u201d, enfatiz\u00f3.<\/p>\n\n\n\n<p>L\u00f3pez Obrador arremeti\u00f3 contra sus adversario s por este tema, debido a que \u201cya lo vuelan, cuando se tratan de esos asuntos, porque el le\u00f3n cree que todos son peludos, o cree el le\u00f3n que todos son de su condici\u00f3n\u201d.<\/p>\n\n\n\n<p>\u201cExageran sobre la cantidad de lo defraudado y no quiero que tengan ning\u00fan elemento, el Gobierno que representamos por mandato del pueblo es un Gobierno honesto, y repito que n vamos aa hacer reh\u00e9n de nadie. Es cero corrupci\u00f3n y cero impunidad\u201d, puntualiz\u00f3.<\/p>\n\n\n\n<p>En su informe, &nbsp;el secretario de la&nbsp;<strong>Funci\u00f3n P\u00fablica<\/strong>&nbsp;(<strong>SFP<\/strong>),&nbsp;<strong>Roberto Salcedo Aquino<\/strong>, detall\u00f3 que la cifra que se menciona en medios de comunicaci\u00f3n por el desfalco a Segalmex, en ls cuales se habla de 15 mil millones de pesos, \u201cno es precisa ni tiene fundamento.<\/p>\n\n\n\n<p>\u201cLa cifra de 15 mil millones de pesos que se ha manejado recientemente en la opini\u00f3n p\u00fablica como los presuntos montos de irregularidades no es precisa ni tiene fundamento\u201d, resalt\u00f3.<\/p>\n\n\n\n<blockquote class=\"wp-block-quote is-layout-flow wp-block-quote-is-layout-flow\">\n<p>Como se inform\u00f3 en agosto de 2022, los actos de fiscalizaci\u00f3n dieron lugar a observaciones relacionadas con 9 mil 5 millones de pesos, de los cuales 6 mil fueron se\u00f1aladas por la Funci\u00f3n P\u00fablica y 3 mil 500 por la Auditor\u00eda Superior de la Federaci\u00f3n\u201d, explic\u00f3.<\/p>\n<\/blockquote>\n\n\n\n<p>\u201cPuntualizar que las observaciones resultantes de un proceso de fiscalizaci\u00f3n son se\u00f1alamientos que el lente auditado debe aclarar por lo que esas observaciones no pueden ser consideradas da\u00f1os patrimoniales hasta en tanto no se hubiesen agotado las instancias previstas para su aclaraci\u00f3n, documentaci\u00f3n o resarcimiento de da\u00f1os\u201d, agreg\u00f3.<\/p>\n","protected":false},"excerpt":{"rendered":"<p>Al informar sobre el fraude a Segalmex, el presidente L\u00f3pez Obrador detall\u00f3 que fue un caso que le \u201cdoli\u00f3 mucho\u201d Ciudad de M\u00e9xico. El presidente Andr\u00e9s Manuel L\u00f3pez Obrador reconoci\u00f3 que el desfalco a Seguridad Alimentaria Mexicana (Segalmex) es el caso m\u00e1s escandaloso de corrupci\u00f3n que ha enfrentado su Administraci\u00f3n. En la conferencia matutina de\u00a0Palacio [&hellip;]<\/p>\n","protected":false},"author":47,"featured_media":51393,"comment_status":"open","ping_status":"open","sticky":false,"template":"","format":"standard","meta":{"tdm_status":"","tdm_grid_status":"","footnotes":""},"categories":[37,1],"tags":[],"class_list":{"0":"post-51391","1":"post","2":"type-post","3":"status-publish","4":"format-standard","5":"has-post-thumbnail","7":"category-nota-principal","8":"category-sin-categoria"},"yoast_head":"<!-- This site is optimized with the Yoast SEO plugin v27.4 - https:\/\/yoast.com\/product\/yoast-seo-wordpress\/ -->\n<title>AMLO admite que Segalmex es el \u201ccaso de corrupci\u00f3n m\u00e1s escandaloso\u201d de su sexenio - Fuentes Fidedignas<\/title>\n<meta name=\"robots\" content=\"index, follow, max-snippet:-1, max-image-preview:large, max-video-preview:-1\" \/>\n<link rel=\"canonical\" href=\"https:\/\/fuentesfidedignas.com.mx\/index.php\/2023\/06\/29\/amlo-admite-que-segalmex-es-el-caso-de-corrupcion-mas-escandaloso-de-su-sexenio\/\" \/>\n<meta property=\"og:locale\" content=\"es_MX\" \/>\n<meta property=\"og:type\" content=\"article\" \/>\n<meta property=\"og:title\" content=\"AMLO admite que Segalmex es el \u201ccaso de corrupci\u00f3n m\u00e1s escandaloso\u201d de su sexenio - Fuentes Fidedignas\" \/>\n<meta property=\"og:description\" content=\"Al informar sobre el fraude a Segalmex, el presidente L\u00f3pez Obrador detall\u00f3 que fue un caso que le \u201cdoli\u00f3 mucho\u201d Ciudad de M\u00e9xico. El presidente Andr\u00e9s Manuel L\u00f3pez Obrador reconoci\u00f3 que el desfalco a Seguridad Alimentaria Mexicana (Segalmex) es el caso m\u00e1s escandaloso de corrupci\u00f3n que ha enfrentado su Administraci\u00f3n. En la conferencia matutina de\u00a0Palacio [&hellip;]\" \/>\n<meta property=\"og:url\" content=\"https:\/\/fuentesfidedignas.com.mx\/index.php\/2023\/06\/29\/amlo-admite-que-segalmex-es-el-caso-de-corrupcion-mas-escandaloso-de-su-sexenio\/\" \/>\n<meta property=\"og:site_name\" content=\"Fuentes Fidedignas\" \/>\n<meta property=\"article:publisher\" content=\"https:\/\/www.facebook.com\/Fuentes-Fidedignas-368234489921644\" \/>\n<meta property=\"article:published_time\" content=\"2023-06-29T14:38:25+00:00\" \/>\n<meta property=\"article:modified_time\" content=\"2023-06-29T14:42:20+00:00\" \/>\n<meta property=\"og:image\" content=\"https:\/\/fuentesfidedignas.com.mx\/wp-content\/uploads\/2023\/06\/segalmex.jpg\" \/>\n\t<meta property=\"og:image:width\" content=\"1000\" \/>\n\t<meta property=\"og:image:height\" content=\"563\" \/>\n\t<meta property=\"og:image:type\" content=\"image\/jpeg\" \/>\n<meta name=\"author\" content=\"L\u00f3pez D\u00f3riga\" \/>\n<meta name=\"twitter:card\" content=\"summary_large_image\" \/>\n<meta name=\"twitter:creator\" content=\"@fidedignas\" \/>\n<meta name=\"twitter:site\" content=\"@fidedignas\" \/>\n<meta name=\"twitter:label1\" content=\"Escrito por\" \/>\n\t<meta name=\"twitter:data1\" content=\"L\u00f3pez D\u00f3riga\" \/>\n\t<meta name=\"twitter:label2\" content=\"Tiempo de lectura\" \/>\n\t<meta name=\"twitter:data2\" content=\"2 minutos\" \/>\n<script type=\"application\/ld+json\" class=\"yoast-schema-graph\">{\"@context\":\"https:\\\/\\\/schema.org\",\"@graph\":[{\"@type\":\"Article\",\"@id\":\"https:\\\/\\\/fuentesfidedignas.com.mx\\\/index.php\\\/2023\\\/06\\\/29\\\/amlo-admite-que-segalmex-es-el-caso-de-corrupcion-mas-escandaloso-de-su-sexenio\\\/#article\",\"isPartOf\":{\"@id\":\"https:\\\/\\\/fuentesfidedignas.com.mx\\\/index.php\\\/2023\\\/06\\\/29\\\/amlo-admite-que-segalmex-es-el-caso-de-corrupcion-mas-escandaloso-de-su-sexenio\\\/\"},\"author\":{\"name\":\"L\u00f3pez D\u00f3riga\",\"@id\":\"https:\\\/\\\/fuentesfidedignas.com.mx\\\/#\\\/schema\\\/person\\\/67d852f0557c8509146a4b9ddebd543a\"},\"headline\":\"AMLO admite que Segalmex es el \u201ccaso de corrupci\u00f3n m\u00e1s escandaloso\u201d de su sexenio\",\"datePublished\":\"2023-06-29T14:38:25+00:00\",\"dateModified\":\"2023-06-29T14:42:20+00:00\",\"mainEntityOfPage\":{\"@id\":\"https:\\\/\\\/fuentesfidedignas.com.mx\\\/index.php\\\/2023\\\/06\\\/29\\\/amlo-admite-que-segalmex-es-el-caso-de-corrupcion-mas-escandaloso-de-su-sexenio\\\/\"},\"wordCount\":650,\"commentCount\":0,\"publisher\":{\"@id\":\"https:\\\/\\\/fuentesfidedignas.com.mx\\\/#organization\"},\"image\":{\"@id\":\"https:\\\/\\\/fuentesfidedignas.com.mx\\\/index.php\\\/2023\\\/06\\\/29\\\/amlo-admite-que-segalmex-es-el-caso-de-corrupcion-mas-escandaloso-de-su-sexenio\\\/#primaryimage\"},\"thumbnailUrl\":\"https:\\\/\\\/fuentesfidedignas.com.mx\\\/wp-content\\\/uploads\\\/2023\\\/06\\\/segalmex.jpg\",\"articleSection\":[\"NOTA PRINCIPAL\"],\"inLanguage\":\"es\",\"potentialAction\":[{\"@type\":\"CommentAction\",\"name\":\"Comment\",\"target\":[\"https:\\\/\\\/fuentesfidedignas.com.mx\\\/index.php\\\/2023\\\/06\\\/29\\\/amlo-admite-que-segalmex-es-el-caso-de-corrupcion-mas-escandaloso-de-su-sexenio\\\/#respond\"]}]},{\"@type\":\"WebPage\",\"@id\":\"https:\\\/\\\/fuentesfidedignas.com.mx\\\/index.php\\\/2023\\\/06\\\/29\\\/amlo-admite-que-segalmex-es-el-caso-de-corrupcion-mas-escandaloso-de-su-sexenio\\\/\",\"url\":\"https:\\\/\\\/fuentesfidedignas.com.mx\\\/index.php\\\/2023\\\/06\\\/29\\\/amlo-admite-que-segalmex-es-el-caso-de-corrupcion-mas-escandaloso-de-su-sexenio\\\/\",\"name\":\"AMLO admite que Segalmex es el \u201ccaso de corrupci\u00f3n m\u00e1s escandaloso\u201d de su sexenio - Fuentes Fidedignas\",\"isPartOf\":{\"@id\":\"https:\\\/\\\/fuentesfidedignas.com.mx\\\/#website\"},\"primaryImageOfPage\":{\"@id\":\"https:\\\/\\\/fuentesfidedignas.com.mx\\\/index.php\\\/2023\\\/06\\\/29\\\/amlo-admite-que-segalmex-es-el-caso-de-corrupcion-mas-escandaloso-de-su-sexenio\\\/#primaryimage\"},\"image\":{\"@id\":\"https:\\\/\\\/fuentesfidedignas.com.mx\\\/index.php\\\/2023\\\/06\\\/29\\\/amlo-admite-que-segalmex-es-el-caso-de-corrupcion-mas-escandaloso-de-su-sexenio\\\/#primaryimage\"},\"thumbnailUrl\":\"https:\\\/\\\/fuentesfidedignas.com.mx\\\/wp-content\\\/uploads\\\/2023\\\/06\\\/segalmex.jpg\",\"datePublished\":\"2023-06-29T14:38:25+00:00\",\"dateModified\":\"2023-06-29T14:42:20+00:00\",\"breadcrumb\":{\"@id\":\"https:\\\/\\\/fuentesfidedignas.com.mx\\\/index.php\\\/2023\\\/06\\\/29\\\/amlo-admite-que-segalmex-es-el-caso-de-corrupcion-mas-escandaloso-de-su-sexenio\\\/#breadcrumb\"},\"inLanguage\":\"es\",\"potentialAction\":[{\"@type\":\"ReadAction\",\"target\":[\"https:\\\/\\\/fuentesfidedignas.com.mx\\\/index.php\\\/2023\\\/06\\\/29\\\/amlo-admite-que-segalmex-es-el-caso-de-corrupcion-mas-escandaloso-de-su-sexenio\\\/\"]}]},{\"@type\":\"ImageObject\",\"inLanguage\":\"es\",\"@id\":\"https:\\\/\\\/fuentesfidedignas.com.mx\\\/index.php\\\/2023\\\/06\\\/29\\\/amlo-admite-que-segalmex-es-el-caso-de-corrupcion-mas-escandaloso-de-su-sexenio\\\/#primaryimage\",\"url\":\"https:\\\/\\\/fuentesfidedignas.com.mx\\\/wp-content\\\/uploads\\\/2023\\\/06\\\/segalmex.jpg\",\"contentUrl\":\"https:\\\/\\\/fuentesfidedignas.com.mx\\\/wp-content\\\/uploads\\\/2023\\\/06\\\/segalmex.jpg\",\"width\":1000,\"height\":563},{\"@type\":\"BreadcrumbList\",\"@id\":\"https:\\\/\\\/fuentesfidedignas.com.mx\\\/index.php\\\/2023\\\/06\\\/29\\\/amlo-admite-que-segalmex-es-el-caso-de-corrupcion-mas-escandaloso-de-su-sexenio\\\/#breadcrumb\",\"itemListElement\":[{\"@type\":\"ListItem\",\"position\":1,\"name\":\"Inicio\",\"item\":\"https:\\\/\\\/fuentesfidedignas.com.mx\\\/\"},{\"@type\":\"ListItem\",\"position\":2,\"name\":\"AMLO admite que Segalmex es el \u201ccaso de corrupci\u00f3n m\u00e1s escandaloso\u201d de su sexenio\"}]},{\"@type\":\"WebSite\",\"@id\":\"https:\\\/\\\/fuentesfidedignas.com.mx\\\/#website\",\"url\":\"https:\\\/\\\/fuentesfidedignas.com.mx\\\/\",\"name\":\"Fuentes Fidedignas\",\"description\":\"Otro sitio realizado con WordPress\",\"publisher\":{\"@id\":\"https:\\\/\\\/fuentesfidedignas.com.mx\\\/#organization\"},\"potentialAction\":[{\"@type\":\"SearchAction\",\"target\":{\"@type\":\"EntryPoint\",\"urlTemplate\":\"https:\\\/\\\/fuentesfidedignas.com.mx\\\/?s={search_term_string}\"},\"query-input\":{\"@type\":\"PropertyValueSpecification\",\"valueRequired\":true,\"valueName\":\"search_term_string\"}}],\"inLanguage\":\"es\"},{\"@type\":\"Organization\",\"@id\":\"https:\\\/\\\/fuentesfidedignas.com.mx\\\/#organization\",\"name\":\"Fuentes Fidedignas\",\"url\":\"https:\\\/\\\/fuentesfidedignas.com.mx\\\/\",\"logo\":{\"@type\":\"ImageObject\",\"inLanguage\":\"es\",\"@id\":\"https:\\\/\\\/fuentesfidedignas.com.mx\\\/#\\\/schema\\\/logo\\\/image\\\/\",\"url\":\"https:\\\/\\\/fuentesfidedignas.com.mx\\\/wp-content\\\/uploads\\\/2021\\\/04\\\/logo-retina.png\",\"contentUrl\":\"https:\\\/\\\/fuentesfidedignas.com.mx\\\/wp-content\\\/uploads\\\/2021\\\/04\\\/logo-retina.png\",\"width\":280,\"height\":51,\"caption\":\"Fuentes Fidedignas\"},\"image\":{\"@id\":\"https:\\\/\\\/fuentesfidedignas.com.mx\\\/#\\\/schema\\\/logo\\\/image\\\/\"},\"sameAs\":[\"https:\\\/\\\/www.facebook.com\\\/Fuentes-Fidedignas-368234489921644\",\"https:\\\/\\\/x.com\\\/fidedignas\"]},{\"@type\":\"Person\",\"@id\":\"https:\\\/\\\/fuentesfidedignas.com.mx\\\/#\\\/schema\\\/person\\\/67d852f0557c8509146a4b9ddebd543a\",\"name\":\"L\u00f3pez D\u00f3riga\",\"image\":{\"@type\":\"ImageObject\",\"inLanguage\":\"es\",\"@id\":\"https:\\\/\\\/secure.gravatar.com\\\/avatar\\\/e525b06574ca18b33cded59dfe5778d6c823b9513154eff47da551b0551bdd1e?s=96&d=mm&r=g\",\"url\":\"https:\\\/\\\/secure.gravatar.com\\\/avatar\\\/e525b06574ca18b33cded59dfe5778d6c823b9513154eff47da551b0551bdd1e?s=96&d=mm&r=g\",\"contentUrl\":\"https:\\\/\\\/secure.gravatar.com\\\/avatar\\\/e525b06574ca18b33cded59dfe5778d6c823b9513154eff47da551b0551bdd1e?s=96&d=mm&r=g\",\"caption\":\"L\u00f3pez D\u00f3riga\"},\"url\":\"https:\\\/\\\/fuentesfidedignas.com.mx\\\/index.php\\\/author\\\/doriga\\\/\"}]}<\/script>\n<!-- \/ Yoast SEO plugin. -->","yoast_head_json":{"title":"AMLO admite que Segalmex es el \u201ccaso de corrupci\u00f3n m\u00e1s escandaloso\u201d de su sexenio - Fuentes Fidedignas","robots":{"index":"index","follow":"follow","max-snippet":"max-snippet:-1","max-image-preview":"max-image-preview:large","max-video-preview":"max-video-preview:-1"},"canonical":"https:\/\/fuentesfidedignas.com.mx\/index.php\/2023\/06\/29\/amlo-admite-que-segalmex-es-el-caso-de-corrupcion-mas-escandaloso-de-su-sexenio\/","og_locale":"es_MX","og_type":"article","og_title":"AMLO admite que Segalmex es el \u201ccaso de corrupci\u00f3n m\u00e1s escandaloso\u201d de su sexenio - Fuentes Fidedignas","og_description":"Al informar sobre el fraude a Segalmex, el presidente L\u00f3pez Obrador detall\u00f3 que fue un caso que le \u201cdoli\u00f3 mucho\u201d Ciudad de M\u00e9xico. El presidente Andr\u00e9s Manuel L\u00f3pez Obrador reconoci\u00f3 que el desfalco a Seguridad Alimentaria Mexicana (Segalmex) es el caso m\u00e1s escandaloso de corrupci\u00f3n que ha enfrentado su Administraci\u00f3n. En la conferencia matutina de\u00a0Palacio [&hellip;]","og_url":"https:\/\/fuentesfidedignas.com.mx\/index.php\/2023\/06\/29\/amlo-admite-que-segalmex-es-el-caso-de-corrupcion-mas-escandaloso-de-su-sexenio\/","og_site_name":"Fuentes Fidedignas","article_publisher":"https:\/\/www.facebook.com\/Fuentes-Fidedignas-368234489921644","article_published_time":"2023-06-29T14:38:25+00:00","article_modified_time":"2023-06-29T14:42:20+00:00","og_image":[{"width":1000,"height":563,"url":"https:\/\/fuentesfidedignas.com.mx\/wp-content\/uploads\/2023\/06\/segalmex.jpg","type":"image\/jpeg"}],"author":"L\u00f3pez D\u00f3riga","twitter_card":"summary_large_image","twitter_creator":"@fidedignas","twitter_site":"@fidedignas","twitter_misc":{"Escrito por":"L\u00f3pez D\u00f3riga","Tiempo de lectura":"2 minutos"},"schema":{"@context":"https:\/\/schema.org","@graph":[{"@type":"Article","@id":"https:\/\/fuentesfidedignas.com.mx\/index.php\/2023\/06\/29\/amlo-admite-que-segalmex-es-el-caso-de-corrupcion-mas-escandaloso-de-su-sexenio\/#article","isPartOf":{"@id":"https:\/\/fuentesfidedignas.com.mx\/index.php\/2023\/06\/29\/amlo-admite-que-segalmex-es-el-caso-de-corrupcion-mas-escandaloso-de-su-sexenio\/"},"author":{"name":"L\u00f3pez D\u00f3riga","@id":"https:\/\/fuentesfidedignas.com.mx\/#\/schema\/person\/67d852f0557c8509146a4b9ddebd543a"},"headline":"AMLO admite que Segalmex es el \u201ccaso de corrupci\u00f3n m\u00e1s escandaloso\u201d de su sexenio","datePublished":"2023-06-29T14:38:25+00:00","dateModified":"2023-06-29T14:42:20+00:00","mainEntityOfPage":{"@id":"https:\/\/fuentesfidedignas.com.mx\/index.php\/2023\/06\/29\/amlo-admite-que-segalmex-es-el-caso-de-corrupcion-mas-escandaloso-de-su-sexenio\/"},"wordCount":650,"commentCount":0,"publisher":{"@id":"https:\/\/fuentesfidedignas.com.mx\/#organization"},"image":{"@id":"https:\/\/fuentesfidedignas.com.mx\/index.php\/2023\/06\/29\/amlo-admite-que-segalmex-es-el-caso-de-corrupcion-mas-escandaloso-de-su-sexenio\/#primaryimage"},"thumbnailUrl":"https:\/\/fuentesfidedignas.com.mx\/wp-content\/uploads\/2023\/06\/segalmex.jpg","articleSection":["NOTA PRINCIPAL"],"inLanguage":"es","potentialAction":[{"@type":"CommentAction","name":"Comment","target":["https:\/\/fuentesfidedignas.com.mx\/index.php\/2023\/06\/29\/amlo-admite-que-segalmex-es-el-caso-de-corrupcion-mas-escandaloso-de-su-sexenio\/#respond"]}]},{"@type":"WebPage","@id":"https:\/\/fuentesfidedignas.com.mx\/index.php\/2023\/06\/29\/amlo-admite-que-segalmex-es-el-caso-de-corrupcion-mas-escandaloso-de-su-sexenio\/","url":"https:\/\/fuentesfidedignas.com.mx\/index.php\/2023\/06\/29\/amlo-admite-que-segalmex-es-el-caso-de-corrupcion-mas-escandaloso-de-su-sexenio\/","name":"AMLO admite que Segalmex es el \u201ccaso de corrupci\u00f3n m\u00e1s escandaloso\u201d de su sexenio - Fuentes Fidedignas","isPartOf":{"@id":"https:\/\/fuentesfidedignas.com.mx\/#website"},"primaryImageOfPage":{"@id":"https:\/\/fuentesfidedignas.com.mx\/index.php\/2023\/06\/29\/amlo-admite-que-segalmex-es-el-caso-de-corrupcion-mas-escandaloso-de-su-sexenio\/#primaryimage"},"image":{"@id":"https:\/\/fuentesfidedignas.com.mx\/index.php\/2023\/06\/29\/amlo-admite-que-segalmex-es-el-caso-de-corrupcion-mas-escandaloso-de-su-sexenio\/#primaryimage"},"thumbnailUrl":"https:\/\/fuentesfidedignas.com.mx\/wp-content\/uploads\/2023\/06\/segalmex.jpg","datePublished":"2023-06-29T14:38:25+00:00","dateModified":"2023-06-29T14:42:20+00:00","breadcrumb":{"@id":"https:\/\/fuentesfidedignas.com.mx\/index.php\/2023\/06\/29\/amlo-admite-que-segalmex-es-el-caso-de-corrupcion-mas-escandaloso-de-su-sexenio\/#breadcrumb"},"inLanguage":"es","potentialAction":[{"@type":"ReadAction","target":["https:\/\/fuentesfidedignas.com.mx\/index.php\/2023\/06\/29\/amlo-admite-que-segalmex-es-el-caso-de-corrupcion-mas-escandaloso-de-su-sexenio\/"]}]},{"@type":"ImageObject","inLanguage":"es","@id":"https:\/\/fuentesfidedignas.com.mx\/index.php\/2023\/06\/29\/amlo-admite-que-segalmex-es-el-caso-de-corrupcion-mas-escandaloso-de-su-sexenio\/#primaryimage","url":"https:\/\/fuentesfidedignas.com.mx\/wp-content\/uploads\/2023\/06\/segalmex.jpg","contentUrl":"https:\/\/fuentesfidedignas.com.mx\/wp-content\/uploads\/2023\/06\/segalmex.jpg","width":1000,"height":563},{"@type":"BreadcrumbList","@id":"https:\/\/fuentesfidedignas.com.mx\/index.php\/2023\/06\/29\/amlo-admite-que-segalmex-es-el-caso-de-corrupcion-mas-escandaloso-de-su-sexenio\/#breadcrumb","itemListElement":[{"@type":"ListItem","position":1,"name":"Inicio","item":"https:\/\/fuentesfidedignas.com.mx\/"},{"@type":"ListItem","position":2,"name":"AMLO admite que Segalmex es el \u201ccaso de corrupci\u00f3n m\u00e1s escandaloso\u201d de su sexenio"}]},{"@type":"WebSite","@id":"https:\/\/fuentesfidedignas.com.mx\/#website","url":"https:\/\/fuentesfidedignas.com.mx\/","name":"Fuentes Fidedignas","description":"Otro sitio realizado con WordPress","publisher":{"@id":"https:\/\/fuentesfidedignas.com.mx\/#organization"},"potentialAction":[{"@type":"SearchAction","target":{"@type":"EntryPoint","urlTemplate":"https:\/\/fuentesfidedignas.com.mx\/?s={search_term_string}"},"query-input":{"@type":"PropertyValueSpecification","valueRequired":true,"valueName":"search_term_string"}}],"inLanguage":"es"},{"@type":"Organization","@id":"https:\/\/fuentesfidedignas.com.mx\/#organization","name":"Fuentes Fidedignas","url":"https:\/\/fuentesfidedignas.com.mx\/","logo":{"@type":"ImageObject","inLanguage":"es","@id":"https:\/\/fuentesfidedignas.com.mx\/#\/schema\/logo\/image\/","url":"https:\/\/fuentesfidedignas.com.mx\/wp-content\/uploads\/2021\/04\/logo-retina.png","contentUrl":"https:\/\/fuentesfidedignas.com.mx\/wp-content\/uploads\/2021\/04\/logo-retina.png","width":280,"height":51,"caption":"Fuentes Fidedignas"},"image":{"@id":"https:\/\/fuentesfidedignas.com.mx\/#\/schema\/logo\/image\/"},"sameAs":["https:\/\/www.facebook.com\/Fuentes-Fidedignas-368234489921644","https:\/\/x.com\/fidedignas"]},{"@type":"Person","@id":"https:\/\/fuentesfidedignas.com.mx\/#\/schema\/person\/67d852f0557c8509146a4b9ddebd543a","name":"L\u00f3pez D\u00f3riga","image":{"@type":"ImageObject","inLanguage":"es","@id":"https:\/\/secure.gravatar.com\/avatar\/e525b06574ca18b33cded59dfe5778d6c823b9513154eff47da551b0551bdd1e?s=96&d=mm&r=g","url":"https:\/\/secure.gravatar.com\/avatar\/e525b06574ca18b33cded59dfe5778d6c823b9513154eff47da551b0551bdd1e?s=96&d=mm&r=g","contentUrl":"https:\/\/secure.gravatar.com\/avatar\/e525b06574ca18b33cded59dfe5778d6c823b9513154eff47da551b0551bdd1e?s=96&d=mm&r=g","caption":"L\u00f3pez D\u00f3riga"},"url":"https:\/\/fuentesfidedignas.com.mx\/index.php\/author\/doriga\/"}]}},"_links":{"self":[{"href":"https:\/\/fuentesfidedignas.com.mx\/index.php\/wp-json\/wp\/v2\/posts\/51391","targetHints":{"allow":["GET"]}}],"collection":[{"href":"https:\/\/fuentesfidedignas.com.mx\/index.php\/wp-json\/wp\/v2\/posts"}],"about":[{"href":"https:\/\/fuentesfidedignas.com.mx\/index.php\/wp-json\/wp\/v2\/types\/post"}],"author":[{"embeddable":true,"href":"https:\/\/fuentesfidedignas.com.mx\/index.php\/wp-json\/wp\/v2\/users\/47"}],"replies":[{"embeddable":true,"href":"https:\/\/fuentesfidedignas.com.mx\/index.php\/wp-json\/wp\/v2\/comments?post=51391"}],"version-history":[{"count":1,"href":"https:\/\/fuentesfidedignas.com.mx\/index.php\/wp-json\/wp\/v2\/posts\/51391\/revisions"}],"predecessor-version":[{"id":51392,"href":"https:\/\/fuentesfidedignas.com.mx\/index.php\/wp-json\/wp\/v2\/posts\/51391\/revisions\/51392"}],"wp:featuredmedia":[{"embeddable":true,"href":"https:\/\/fuentesfidedignas.com.mx\/index.php\/wp-json\/wp\/v2\/media\/51393"}],"wp:attachment":[{"href":"https:\/\/fuentesfidedignas.com.mx\/index.php\/wp-json\/wp\/v2\/media?parent=51391"}],"wp:term":[{"taxonomy":"category","embeddable":true,"href":"https:\/\/fuentesfidedignas.com.mx\/index.php\/wp-json\/wp\/v2\/categories?post=51391"},{"taxonomy":"post_tag","embeddable":true,"href":"https:\/\/fuentesfidedignas.com.mx\/index.php\/wp-json\/wp\/v2\/tags?post=51391"}],"curies":[{"name":"wp","href":"https:\/\/api.w.org\/{rel}","templated":true}]}}